{"id":15440,"date":"2022-02-01T20:18:13","date_gmt":"2022-02-01T23:18:13","guid":{"rendered":"https:\/\/dioceseteixeiradefreitas.com.br\/?p=15440"},"modified":"2022-02-06T19:59:02","modified_gmt":"2022-02-06T22:59:02","slug":"paroquia-nossa-senhora-da-purificacao-festeja-sua-excelsa-padroeira-aos-02-02","status":"publish","type":"post","link":"https:\/\/dioceseteixeiradefreitas.com.br\/?p=15440","title":{"rendered":"PAR\u00d3QUIA NOSSA SENHORA DA PURIFICA\u00c7\u00c3O FESTEJA SUA EXCELSA PADROEIRA AOS 02\/02"},"content":{"rendered":"\n<figure class=\"wp-block-image size-large is-resized\"><a href=\"https:\/\/dioceseteixeiradefreitas.com.br\/wp-content\/uploads\/2022\/02\/IMG-20220201-WA0025.jpg\"><img loading=\"lazy\" decoding=\"async\" src=\"https:\/\/dioceseteixeiradefreitas.com.br\/wp-content\/uploads\/2022\/02\/IMG-20220201-WA0025-607x1024.jpg\" alt=\"\" class=\"wp-image-15441\" width=\"552\" height=\"930\" srcset=\"https:\/\/dioceseteixeiradefreitas.com.br\/wp-content\/uploads\/2022\/02\/IMG-20220201-WA0025-607x1024.jpg 607w, https:\/\/dioceseteixeiradefreitas.com.br\/wp-content\/uploads\/2022\/02\/IMG-20220201-WA0025-178x300.jpg 178w, https:\/\/dioceseteixeiradefreitas.com.br\/wp-content\/uploads\/2022\/02\/IMG-20220201-WA0025-768x1295.jpg 768w, https:\/\/dioceseteixeiradefreitas.com.br\/wp-content\/uploads\/2022\/02\/IMG-20220201-WA0025-911x1536.jpg 911w, https:\/\/dioceseteixeiradefreitas.com.br\/wp-content\/uploads\/2022\/02\/IMG-20220201-WA0025.jpg 949w\" sizes=\"auto, (max-width: 552px) 100vw, 552px\" \/><\/a><figcaption>Nossa Senhora da Purifica\u00e7\u00e3o Excelsa Padroeira da Cidade de Prado Arquivo: PASCOM\/Divulga\u00e7\u00e3o<\/figcaption><\/figure>\n\n\n\n<p>Nossa Senhora da Purifica\u00e7\u00e3o, excelsa padroeira da cidade de Prado, celebra no pr\u00f3ximo dia 02\/02 o dia da Senhora da Purifica\u00e7\u00e3o com os cora\u00e7\u00f5es em festa em sua Par\u00f3quia!<\/p>\n\n\n\n<p class=\"has-black-color has-text-color\">A par\u00f3quia convida \u00e0 todos que possam se fazer presente neste dia vir celebrar e participar da festa de Nossa Senhora da Purifica\u00e7\u00e3o. A celebra\u00e7\u00e3o ocorrer\u00e1 nesta pr\u00f3xima quarta-feira, dia 02 \u00e0s 10:00h na Par\u00f3quia Nossa Senhora da Purifica\u00e7\u00e3o. A Senhora da Purifica\u00e7\u00e3o, \u00e9 o farol que ilumina os Pradenses na dire\u00e7\u00e3o do trono da gra\u00e7a de Deus. <\/p>\n\n\n\n<p>Constantemente, Ela ouve os nossos clamores e encaminha ao cora\u00e7\u00e3o do teu amado Jesus para que tenhamos dias de b\u00ean\u00e7\u00e3os e de paz. Maria \u00e9 aquela, que n\u00e3o nos deixa faltar o vinho do amor e da alegria, a caminheira de nossos tempos, a esperan\u00e7a de dias de gl\u00f3rias, pois do alto dos c\u00e9us, Ela derrama in\u00fameras b\u00ean\u00e7\u00e3os \u00e0 todos os cantos dessa cidade, levando as gra\u00e7as, levando o amor, levando o Teu Jesus.<\/p>\n\n\n\n<p>Pe\u00e7amos a M\u00e3e de Jesus e nossa m\u00e3e que continue a nos guardar, como crian\u00e7a em seu rega\u00e7o acolhedor de calor, amor e luz.Que Ela nos livre do mal, nos indique o caminho e que nos leve \u00e0 Deus.<\/p>\n\n\n\n<p>Venha participar e celebrar conosco! <\/p>\n\n\n\n<p>Nossa Senhora da Purifica\u00e7\u00e3o, rogai por n\u00f3s!<\/p>\n\n\n\n<p><\/p>\n\n\n\n<p><\/p>\n\n\n\n<p>Por: PASCOM Prado<\/p>\n\n\n\n<figure class=\"wp-block-image size-full\"><a href=\"https:\/\/dioceseteixeiradefreitas.com.br\/wp-content\/uploads\/2022\/02\/IMG-20220201-WA0027-1.jpg\"><img loading=\"lazy\" decoding=\"async\" width=\"986\" height=\"984\" src=\"https:\/\/dioceseteixeiradefreitas.com.br\/wp-content\/uploads\/2022\/02\/IMG-20220201-WA0027-1.jpg\" alt=\"\" class=\"wp-image-15443\" srcset=\"https:\/\/dioceseteixeiradefreitas.com.br\/wp-content\/uploads\/2022\/02\/IMG-20220201-WA0027-1.jpg 986w, https:\/\/dioceseteixeiradefreitas.com.br\/wp-content\/uploads\/2022\/02\/IMG-20220201-WA0027-1-300x300.jpg 300w, https:\/\/dioceseteixeiradefreitas.com.br\/wp-content\/uploads\/2022\/02\/IMG-20220201-WA0027-1-150x150.jpg 150w, https:\/\/dioceseteixeiradefreitas.com.br\/wp-content\/uploads\/2022\/02\/IMG-20220201-WA0027-1-768x766.jpg 768w\" sizes=\"auto, (max-width: 986px) 100vw, 986px\" \/><\/a><\/figure>\n\n\n\n<figure class=\"wp-block-image size-large\"><a href=\"https:\/\/dioceseteixeiradefreitas.com.br\/wp-content\/uploads\/2022\/02\/IMG-20220202-WA0005.jpg\"><img loading=\"lazy\" decoding=\"async\" width=\"1024\" height=\"1024\" src=\"https:\/\/dioceseteixeiradefreitas.com.br\/wp-content\/uploads\/2022\/02\/IMG-20220202-WA0005-1024x1024.jpg\" alt=\"\" class=\"wp-image-15446\" srcset=\"https:\/\/dioceseteixeiradefreitas.com.br\/wp-content\/uploads\/2022\/02\/IMG-20220202-WA0005-1024x1024.jpg 1024w, https:\/\/dioceseteixeiradefreitas.com.br\/wp-content\/uploads\/2022\/02\/IMG-20220202-WA0005-300x300.jpg 300w, https:\/\/dioceseteixeiradefreitas.com.br\/wp-content\/uploads\/2022\/02\/IMG-20220202-WA0005-150x150.jpg 150w, https:\/\/dioceseteixeiradefreitas.com.br\/wp-content\/uploads\/2022\/02\/IMG-20220202-WA0005-768x768.jpg 768w, https:\/\/dioceseteixeiradefreitas.com.br\/wp-content\/uploads\/2022\/02\/IMG-20220202-WA0005.jpg 1080w\" sizes=\"auto, (max-width: 1024px) 100vw, 1024px\" \/><\/a><\/figure>\n\n\n","protected":false},"excerpt":{"rendered":"<p>Nossa Senhora da Purifica\u00e7\u00e3o Excelsa Padroeira da Cidade de Prado Arquivo: PASCOM\/Divulga\u00e7\u00e3o Nossa Senhora da Purifica\u00e7\u00e3o, excelsa padroeira da cidade de Prado, celebra no pr\u00f3ximo dia 02\/02 o dia da Senhora da Purifica\u00e7\u00e3o com os cora\u00e7\u00f5es em festa em sua Par\u00f3quia! A par\u00f3quia convida \u00e0 todos que possam se fazer presente neste dia vir celebrar &hellip;<\/p>\n","protected":false},"author":1,"featured_media":15442,"comment_status":"closed","ping_status":"closed","sticky":false,"template":"","format":"standard","meta":{"footnotes":""},"categories":[310],"tags":[448,131],"class_list":["post-15440","post","type-post","status-publish","format-standard","has-post-thumbnail","hentry","category-noticias-paroquiais","tag-festa-de-nossa-senhora-da-purificacao","tag-paroquia-nossa-senhora-da-purificacao"],"_links":{"self":[{"href":"https:\/\/dioceseteixeiradefreitas.com.br\/index.php?rest_route=\/wp\/v2\/posts\/15440","targetHints":{"allow":["GET"]}}],"collection":[{"href":"https:\/\/dioceseteixeiradefreitas.com.br\/index.php?rest_route=\/wp\/v2\/posts"}],"about":[{"href":"https:\/\/dioceseteixeiradefreitas.com.br\/index.php?rest_route=\/wp\/v2\/types\/post"}],"author":[{"embeddable":true,"href":"https:\/\/dioceseteixeiradefreitas.com.br\/index.php?rest_route=\/wp\/v2\/users\/1"}],"replies":[{"embeddable":true,"href":"https:\/\/dioceseteixeiradefreitas.com.br\/index.php?rest_route=%2Fwp%2Fv2%2Fcomments&post=15440"}],"version-history":[{"count":2,"href":"https:\/\/dioceseteixeiradefreitas.com.br\/index.php?rest_route=\/wp\/v2\/posts\/15440\/revisions"}],"predecessor-version":[{"id":15447,"href":"https:\/\/dioceseteixeiradefreitas.com.br\/index.php?rest_route=\/wp\/v2\/posts\/15440\/revisions\/15447"}],"wp:featuredmedia":[{"embeddable":true,"href":"https:\/\/dioceseteixeiradefreitas.com.br\/index.php?rest_route=\/wp\/v2\/media\/15442"}],"wp:attachment":[{"href":"https:\/\/dioceseteixeiradefreitas.com.br\/index.php?rest_route=%2Fwp%2Fv2%2Fmedia&parent=15440"}],"wp:term":[{"taxonomy":"category","embeddable":true,"href":"https:\/\/dioceseteixeiradefreitas.com.br\/index.php?rest_route=%2Fwp%2Fv2%2Fcategories&post=15440"},{"taxonomy":"post_tag","embeddable":true,"href":"https:\/\/dioceseteixeiradefreitas.com.br\/index.php?rest_route=%2Fwp%2Fv2%2Ftags&post=15440"}],"curies":[{"name":"wp","href":"https:\/\/api.w.org\/{rel}","templated":true}]}}