{"id":15490,"date":"2022-03-01T23:41:29","date_gmt":"2022-03-02T02:41:29","guid":{"rendered":"https:\/\/dioceseteixeiradefreitas.com.br\/?p=15490"},"modified":"2022-03-01T23:41:31","modified_gmt":"2022-03-02T02:41:31","slug":"dom-jailton-fala-sobre-a-preparacao-dos-catolicos-para-o-periodo-da-quaresma","status":"publish","type":"post","link":"https:\/\/dioceseteixeiradefreitas.com.br\/?p=15490","title":{"rendered":"Dom Jailton fala sobre a prepara\u00e7\u00e3o dos cat\u00f3licos para o per\u00edodo da Quaresma"},"content":{"rendered":"\n<figure class=\"wp-block-image size-full\"><img loading=\"lazy\" decoding=\"async\" width=\"2560\" height=\"1707\" src=\"https:\/\/dioceseteixeiradefreitas.com.br\/wp-content\/uploads\/2019\/10\/DSC_0200-scaled.jpg\" alt=\"\" class=\"wp-image-8211\" srcset=\"https:\/\/dioceseteixeiradefreitas.com.br\/wp-content\/uploads\/2019\/10\/DSC_0200-scaled.jpg 2560w, https:\/\/dioceseteixeiradefreitas.com.br\/wp-content\/uploads\/2019\/10\/DSC_0200-600x400.jpg 600w, https:\/\/dioceseteixeiradefreitas.com.br\/wp-content\/uploads\/2019\/10\/DSC_0200-300x200.jpg 300w, https:\/\/dioceseteixeiradefreitas.com.br\/wp-content\/uploads\/2019\/10\/DSC_0200-768x512.jpg 768w, https:\/\/dioceseteixeiradefreitas.com.br\/wp-content\/uploads\/2019\/10\/DSC_0200-1024x683.jpg 1024w\" sizes=\"auto, (max-width: 2560px) 100vw, 2560px\" \/><figcaption>Dom Jailton fala sobre o per\u00edodo da Quaresma &#8211; Foto: PASCOM\/Divulga\u00e7\u00e3o<\/figcaption><\/figure>\n\n\n\n<p>Em um mensagem atrav\u00e9s de v\u00eddeo divulgado nesta ter\u00e7a-feira, que antecede \u00e0 quarta-feira de cinzas, dia importante para os cat\u00f3licos, o Bispo de Teixeira de Freitas\/Caravelas, Dom Jailton de Oliveira Lino, enfatizou que o momento \u00e9 prop\u00edcio para nos preparar para celebrar a P\u00e1scoa da Ressurrei\u00e7\u00e3o. \u00c9 tempo de ora\u00e7\u00e3o, tempo de penit\u00eancia e de renova\u00e7\u00e3o da vida espiritual.<\/p>\n\n\n\n<p>&#8220;No dia 02 de mar\u00e7o, quarta-feira de cinzas, iniciaremos a Quaresma. Esses quarenta dias que nos preparar\u00e3o para celebrar \u00e0 P\u00e1scoa da Ressurrei\u00e7\u00e3o do Senhor. Este tempo \u00e9 um tempo que a Igreja nos convida a ora\u00e7\u00e3o, jejum, caridade. Por sinal, a caridade \u00e9 o grande Pilar do nosso Plano Diocesano de Pastoral que n\u00f3s queremos, de modo todo particular, estar conversando e vendo este ano. Para iniciarmos a Quaresma, somos convidados a colocar as cinzas sobre nossas cabe\u00e7as, este s\u00edmbolo importante que nos lembra que somos P\u00f3 e que em P\u00f3 haveremos de nos tornar e nos convida a vivermos a convers\u00e3o, ao Evangelho de Jesus.&#8221;, disse Dom Jailton.<\/p>\n\n\n\n<p>O Papa Francisco divulgou no dia 24 de fevereiro uma Mensagem por ocasi\u00e3o da Quaresma 2022: A reflex\u00e3o sugerida pelo Santo Padre \u00e9 sobre a exorta\u00e7\u00e3o de S\u00e3o Paulo aos G\u00e1latas: \u201cN\u00e3o nos cansemos de fazer o bem; porque, a seu tempo colheremos, se n\u00e3o tivermos esmorecido. Portanto, enquanto temos tempo, pratiquemos o bem para com todos\u201d (Gal 6, 9-10a). Por isso, \u201cn\u00e3o nos cansemos de rezar. Precisamos de rezar, porque necessitamos de Deus. A ilus\u00e3o de nos bastar a n\u00f3s mesmos \u00e9 perigosa. Neste ponto Francisco recorda o nosso sofrimento com a pandemia: \u201cNo meio das tempestades da hist\u00f3ria, encontramo-nos todos no mesmo barco, pelo que ningu\u00e9m se salva sozinho; mas sobretudo ningu\u00e9m se salva sem Deus, porque s\u00f3 o mist\u00e9rio pascal de Jesus Cristo nos d\u00e1 a vit\u00f3ria sobre as vagas tenebrosas da morte\u201d.<\/p>\n\n\n\n<blockquote class=\"wp-block-quote is-layout-flow wp-block-quote-is-layout-flow\"><p>\u201cNingu\u00e9m se salva sem Deus\u201d<\/p><cite>Papa Francisco<\/cite><\/blockquote>\n\n\n\n<p>Dom Jailton faz o convite para que os fi\u00e9is participem desse momento que inicia em toda Igreja &#8211; o per\u00edodo quaresmal. &#8220;Eu lhe convido a participar da Missa de Cinzas em sua par\u00f3quia, na sua comunidade. Vamos receber a Cinzas para viver com muita intensidade esse per\u00edodo quaresmal&#8221; pediu o prelado.<\/p>\n\n\n\n<h2 class=\"wp-block-heading\">CAMPANHA DA FRATERNIDADE<\/h2>\n\n\n\n<p>A Campanha da Fraternidade de 2022 tem como o tema:\u00a0<strong>\u201cFraternidade e Educa\u00e7\u00e3o\u201d<\/strong>\u00a0e o lema b\u00edblico, extra\u00eddo de Prov\u00e9rbios 31, 26:\u00a0<strong>\u201cFala com sabedoria, ensina com amor\u201d<\/strong>. A Confer\u00eancia Nacional dos Bispos do Brasil (CNBB), realiza a abertura, nesta Quarta-feira de Cinzas, 02 de mar\u00e7o, \u00e0s 10h, com a divulga\u00e7\u00e3o de um v\u00eddeo reunindo pronunciamentos dos membros da presid\u00eancia da CNBB e convidados. Ser\u00e1 poss\u00edvel acompanhar o v\u00eddeo por meio das redes sociais da entidade (<a rel=\"noreferrer noopener\" href=\"http:\/\/youtube.com\/cnbbnacional\" target=\"_blank\">Youtube<\/a>\u00a0e\u00a0<a rel=\"noreferrer noopener\" href=\"http:\/\/facebook.com\/cnbbnacional\" target=\"_blank\">Facebook<\/a>) e emissoras de televis\u00e3o de inspira\u00e7\u00e3o cat\u00f3lica. A abertura virtual, assim como a do ano passado, deve-se \u00e0 escolha da CNBB, como forma de preven\u00e7\u00e3o \u00e0 Covid-19.<\/p>\n\n\n\n<blockquote class=\"wp-block-quote is-layout-flow wp-block-quote-is-layout-flow\"><p>&#8220;(A campanha) vai nos convidar a refletir sobre toda a realidade da Educa\u00e7\u00e3o no nosso pa\u00eds e a vivermos uma dimens\u00e3o muito mais educativa, inclusive na nossa vida como Igreja e nossa vida pastoral. Que a Quaresma e a Companha da Fraternidade nos ajudem a caminharmos com muita intensidade como disc\u00edpulos mission\u00e1rios do Senhor, explicou ainda Dom Jailton. <\/p><\/blockquote>\n\n\n\n<div class=\"wp-block-image\"><figure class=\"alignleft is-resized\"><img loading=\"lazy\" decoding=\"async\" src=\"https:\/\/campanhas.cnbb.org.br\/wp-content\/uploads\/2021\/06\/CartazCF2022V5-1.png\" alt=\"\" width=\"285\" height=\"399\"\/><figcaption>Cartaz da  Campanha da Fraternidade de 2022 &#8211; Imagem: CNBB\/Reprodu\u00e7\u00e3o<\/figcaption><\/figure><\/div>\n\n\n\n<p>Essa \u00e9 a terceira vez que a tem\u00e1tica da educa\u00e7\u00e3o ser\u00e1 abordada na Campanha da Fraternidade. O tema j\u00e1 foi objeto de reflex\u00e3o e a\u00e7\u00e3o eclesial em 1982 e 1998. De acordo com a introdu\u00e7\u00e3o do texto-base, foi \u201ca realidade de nossos dias que fez com que o tema educa\u00e7\u00e3o recebesse destaque, um tempo marcado pela pandemia da Covid-19 e por diversos conflitos, distanciamentos e polariza\u00e7\u00f5es\u201d.<\/p>\n\n\n\n<p>Nessa perspectiva, a educa\u00e7\u00e3o \u00e9 compreendida n\u00e3o apenas com um ato escolar, com transmiss\u00e3o de conte\u00fado ou prepara\u00e7\u00e3o t\u00e9cnica para o mundo do trabalho, mas de um processo que envolve uma \u201ccomunidade\u201d ampliada que inclui todos os atores (fam\u00edlia, Igreja, Estado e sociedade).<\/p>\n\n\n\n<p>A CF 2022 \u00e9 impulsionada pelo Pacto Educativo Global, convocado pelo Papa Francisco. Na carta convoca\u00e7\u00e3o ao Pacto, o Santo Padre apresenta elementos constitutivos de uma educa\u00e7\u00e3o humanizada que contribua na forma\u00e7\u00e3o de pessoas abertas, integradas e interligadas, que tamb\u00e9m sejam capazes de cuidar da casa comum j\u00e1 que a \u201ceduca\u00e7\u00e3o ser\u00e1 ineficaz e os seus esfor\u00e7os est\u00e9reis se n\u00e3o se preocupar tamb\u00e9m em difundir um novo modelo relativo ao ser humano, \u00e0 vida, \u00e0 sociedade e \u00e0 rela\u00e7\u00e3o com a natureza\u201d, conforme explicitado na Enc\u00edclica Laudato Si\u2019, 2016, n\u00ba 215.<\/p>\n\n\n\n<p><\/p>\n\n\n\n<p><\/p>\n\n\n\n<p>Por PASCOM Diocesana, com informa\u00e7\u00f5es e trechos de mat\u00e9rias do VaticanNews e CNBB.<\/p>\n","protected":false},"excerpt":{"rendered":"<p>O per\u00edodo quaresmal inicia na quarta-feira de cinzas e antecede a P\u00e1scoa em 40 dias.<\/p>\n","protected":false},"author":1,"featured_media":8211,"comment_status":"closed","ping_status":"closed","sticky":false,"template":"","format":"standard","meta":{"footnotes":""},"categories":[100],"tags":[1024,550,1023,483],"class_list":["post-15490","post","type-post","status-publish","format-standard","has-post-thumbnail","hentry","category-noticias-diocesanas","tag-campanha-da-fraternidade-2022","tag-dom-jailton-de-oliveira-lino","tag-periodo-quaresmal","tag-quaresma"],"_links":{"self":[{"href":"https:\/\/dioceseteixeiradefreitas.com.br\/index.php?rest_route=\/wp\/v2\/posts\/15490","targetHints":{"allow":["GET"]}}],"collection":[{"href":"https:\/\/dioceseteixeiradefreitas.com.br\/index.php?rest_route=\/wp\/v2\/posts"}],"about":[{"href":"https:\/\/dioceseteixeiradefreitas.com.br\/index.php?rest_route=\/wp\/v2\/types\/post"}],"author":[{"embeddable":true,"href":"https:\/\/dioceseteixeiradefreitas.com.br\/index.php?rest_route=\/wp\/v2\/users\/1"}],"replies":[{"embeddable":true,"href":"https:\/\/dioceseteixeiradefreitas.com.br\/index.php?rest_route=%2Fwp%2Fv2%2Fcomments&post=15490"}],"version-history":[{"count":2,"href":"https:\/\/dioceseteixeiradefreitas.com.br\/index.php?rest_route=\/wp\/v2\/posts\/15490\/revisions"}],"predecessor-version":[{"id":15493,"href":"https:\/\/dioceseteixeiradefreitas.com.br\/index.php?rest_route=\/wp\/v2\/posts\/15490\/revisions\/15493"}],"wp:featuredmedia":[{"embeddable":true,"href":"https:\/\/dioceseteixeiradefreitas.com.br\/index.php?rest_route=\/wp\/v2\/media\/8211"}],"wp:attachment":[{"href":"https:\/\/dioceseteixeiradefreitas.com.br\/index.php?rest_route=%2Fwp%2Fv2%2Fmedia&parent=15490"}],"wp:term":[{"taxonomy":"category","embeddable":true,"href":"https:\/\/dioceseteixeiradefreitas.com.br\/index.php?rest_route=%2Fwp%2Fv2%2Fcategories&post=15490"},{"taxonomy":"post_tag","embeddable":true,"href":"https:\/\/dioceseteixeiradefreitas.com.br\/index.php?rest_route=%2Fwp%2Fv2%2Ftags&post=15490"}],"curies":[{"name":"wp","href":"https:\/\/api.w.org\/{rel}","templated":true}]}}