{"id":15518,"date":"2022-03-19T16:38:36","date_gmt":"2022-03-19T19:38:36","guid":{"rendered":"https:\/\/dioceseteixeiradefreitas.com.br\/?p=15518"},"modified":"2022-03-19T16:56:30","modified_gmt":"2022-03-19T19:56:30","slug":"papa-convida-bispos-e-seus-sacerdotes-do-mundo-na-consagracao-da-russia-e-da-ucrania-a-nossa-senhora","status":"publish","type":"post","link":"https:\/\/dioceseteixeiradefreitas.com.br\/?p=15518","title":{"rendered":"PAPA CONVIDA BISPOS E SEUS SACERDOTES DO MUNDO NA CONSAGRA\u00c7\u00c3O DA R\u00daSSIA E DA UCR\u00c2NIA A NOSSA SENHORA"},"content":{"rendered":"\n<figure class=\"wp-block-image size-full\"><a href=\"https:\/\/dioceseteixeiradefreitas.com.br\/wp-content\/uploads\/2022\/03\/carolinabr-1644268994473-cathopic-min.jpg\"><img decoding=\"async\" src=\"https:\/\/dioceseteixeiradefreitas.com.br\/wp-content\/uploads\/2022\/03\/carolinabr-1644268994473-cathopic-min.jpg\" alt=\"\" class=\"wp-image-15519\"\/><\/a><figcaption> Imaculado Cora\u00e7\u00e3o de Maria &#8211; Imagem: Cathopic\/Reprodu\u00e7\u00e3o<\/figcaption><\/figure>\n\n\n\n<p>O Papa Francisco convidou os bispos de todo o mundo e seus sacerdotes a se unirem a ele na ora\u00e7\u00e3o pela paz e na consagra\u00e7\u00e3o e entrega da R\u00fassia e da Ucr\u00e2nia ao Imaculado Cora\u00e7\u00e3o de Maria, foi o que confirmou o diretor da sala de imprensa da Santa S\u00e9, Matteo Bruni.<\/p>\n\n\n\n<p>Neste s\u00e1bado (19), dia de S\u00e3o Jos\u00e9, o bispo Diocesano, Dom Jailton de Oliveira Lino, psdp, enviou uma carta com detalhes de como ser\u00e1 a organiza\u00e7\u00e3o deste momento aos reverend\u00edssimos padres e tamb\u00e9m a todos os fi\u00e9is diocesanos. Acompanhe na \u00edntegra:<\/p>\n\n\n\n<p class=\"has-text-align-right\"><em>Teixeira de Freitas, 19 de mar\u00e7o de 2022<\/em><\/p>\n\n\n\n<p class=\"has-text-align-right\"><em>Solenidade de S\u00e3o Jos\u00e9<\/em><\/p>\n\n\n\n<p>Reverend\u00edssimos padres e diocesanos,<\/p>\n\n\n\n<p>Prezados irm\u00e3os, Como j\u00e1 \u00e9 do conhecimento p\u00fablico, o Santo Padre realizar\u00e1 a Consagra\u00e7\u00e3o da R\u00fassia e da Ucr\u00e2nia a Nossa Senhora no pr\u00f3ximo dia 25 de mar\u00e7o, Solenidade da Anuncia\u00e7\u00e3o do Senhor. Trata-se de convite do pr\u00f3prio Santo Padre a que todos os cat\u00f3licos e demais pessoas e institui\u00e7\u00f5es desejosas de paz no mundo se unam nesta iniciativa.<\/p>\n\n\n\n<p>Para isso, dever\u00e1 nos chegar nos pr\u00f3ximos dias carta com o convite oficial, contendo o texto da Consagra\u00e7\u00e3o em portugu\u00eas e outras orienta\u00e7\u00f5es. No entanto, j\u00e1 agora, em comunh\u00e3o com a Nunciatura Apost\u00f3lica e com a CNBB, entro em contato para transmitir alguns detalhes a fim de podermos nos organizar o quanto antes:<\/p>\n\n\n\n<ol class=\"wp-block-list\" type=\"1\"><li>A ora\u00e7\u00e3o do Santo Padre acontecer\u00e1 \u00e0s 17h, hor\u00e1rio de Roma, correspondendo \u00e0s <strong>13h<\/strong>, hor\u00e1rio de Bras\u00edlia.<\/li><li>Haver\u00e1 <strong>transmiss\u00e3o<\/strong> pelas redes sociais da Santa S\u00e9.<\/li><li>Para unirmo-nos nesta iniciativa, \u00e9 pedido que os bispos realizem em suas catedrais, nos santu\u00e1rios marianos, nas matrizes paroquiais, capelas e demais locais onde a popula\u00e7\u00e3o esteja, momentos de ora\u00e7\u00e3o, a crit\u00e9rio de cada um, conforme o costume e a disponibilidade. Pode ser feito atrav\u00e9s da celebra\u00e7\u00e3o da eucaristia, reza do ter\u00e7o&#8230;<\/li><li>N\u00e3o \u00e9 recomend\u00e1vel que as iniciativas locais aconte\u00e7am entre 13h e 14h. Neste hor\u00e1rio, recomenda-se a participa\u00e7\u00e3o atrav\u00e9s da transmiss\u00e3o acima mencionada.<\/li><li>Eu celebrarei a Santa Missa \u00e0s 06h30, na capela do Semin\u00e1rio S\u00e3o Jo\u00e3o Paulo II, com transmiss\u00e3o pela PASCOM do Semin\u00e1rio. Desejo que esta seja uma das in\u00fameras iniciativas a ocorrem em 25 de mar\u00e7o na nossa Diocese. Desejo que em todas as sedes e capelas das nossas par\u00f3quias sejam organizados momentos de ora\u00e7\u00e3o em sintonia com Santo Padre, ainda que o prazo seja curto para planejar e motivar a participa\u00e7\u00e3o. Por certo, os tristes motivos que levaram o Santo Padre a nos convocar justificam por si a exiguidade do tempo.<\/li><\/ol>\n\n\n\n<p>Em comunh\u00e3o a todos aben\u00e7oo.<\/p>\n\n\n\n<p class=\"has-text-align-center\"><strong>Dom Jailton de Oliveira Lino, psdp<\/strong><\/p>\n\n\n\n<p class=\"has-text-align-center\">Bispo Diocesano<\/p>\n\n\n\n<h2 class=\"wp-block-heading\">Confira a mensagem: <a href=\"https:\/\/dioceseteixeiradefreitas.com.br\/wp-content\/uploads\/2022\/03\/Convocacao.pdf\" target=\"_blank\" rel=\"noreferrer noopener\">AQUI<\/a><\/h2>\n\n\n\n<p><\/p>\n","protected":false},"excerpt":{"rendered":"<p>Imaculado Cora\u00e7\u00e3o de Maria &#8211; Imagem: Cathopic\/Reprodu\u00e7\u00e3o O Papa Francisco convidou os bispos de todo o mundo e seus sacerdotes a se unirem a ele na ora\u00e7\u00e3o pela paz e na consagra\u00e7\u00e3o e entrega da R\u00fassia e da Ucr\u00e2nia ao Imaculado Cora\u00e7\u00e3o de Maria, foi o que confirmou o diretor da sala de imprensa da &hellip;<\/p>\n","protected":false},"author":1,"featured_media":15519,"comment_status":"closed","ping_status":"closed","sticky":false,"template":"","format":"standard","meta":{"footnotes":""},"categories":[100],"tags":[1026,1029,500,71,1027,1028],"class_list":["post-15518","post","type-post","status-publish","format-standard","has-post-thumbnail","hentry","category-noticias-diocesanas","tag-consagracao-da-russia-e-ucrania","tag-dom-jailton-de-oliveira","tag-nossa-senhora","tag-papa-francisco","tag-paz-na-ucrania","tag-paz-no-mundo"],"_links":{"self":[{"href":"https:\/\/dioceseteixeiradefreitas.com.br\/index.php?rest_route=\/wp\/v2\/posts\/15518","targetHints":{"allow":["GET"]}}],"collection":[{"href":"https:\/\/dioceseteixeiradefreitas.com.br\/index.php?rest_route=\/wp\/v2\/posts"}],"about":[{"href":"https:\/\/dioceseteixeiradefreitas.com.br\/index.php?rest_route=\/wp\/v2\/types\/post"}],"author":[{"embeddable":true,"href":"https:\/\/dioceseteixeiradefreitas.com.br\/index.php?rest_route=\/wp\/v2\/users\/1"}],"replies":[{"embeddable":true,"href":"https:\/\/dioceseteixeiradefreitas.com.br\/index.php?rest_route=%2Fwp%2Fv2%2Fcomments&post=15518"}],"version-history":[{"count":2,"href":"https:\/\/dioceseteixeiradefreitas.com.br\/index.php?rest_route=\/wp\/v2\/posts\/15518\/revisions"}],"predecessor-version":[{"id":15523,"href":"https:\/\/dioceseteixeiradefreitas.com.br\/index.php?rest_route=\/wp\/v2\/posts\/15518\/revisions\/15523"}],"wp:featuredmedia":[{"embeddable":true,"href":"https:\/\/dioceseteixeiradefreitas.com.br\/index.php?rest_route=\/wp\/v2\/media\/15519"}],"wp:attachment":[{"href":"https:\/\/dioceseteixeiradefreitas.com.br\/index.php?rest_route=%2Fwp%2Fv2%2Fmedia&parent=15518"}],"wp:term":[{"taxonomy":"category","embeddable":true,"href":"https:\/\/dioceseteixeiradefreitas.com.br\/index.php?rest_route=%2Fwp%2Fv2%2Fcategories&post=15518"},{"taxonomy":"post_tag","embeddable":true,"href":"https:\/\/dioceseteixeiradefreitas.com.br\/index.php?rest_route=%2Fwp%2Fv2%2Ftags&post=15518"}],"curies":[{"name":"wp","href":"https:\/\/api.w.org\/{rel}","templated":true}]}}