{"id":15548,"date":"2022-03-20T08:13:00","date_gmt":"2022-03-20T11:13:00","guid":{"rendered":"https:\/\/dioceseteixeiradefreitas.com.br\/?p=15548"},"modified":"2022-03-23T00:24:22","modified_gmt":"2022-03-23T03:24:22","slug":"coordenadores-paroquiais-dos-mesces-participam-de-retiro-diocesano","status":"publish","type":"post","link":"https:\/\/dioceseteixeiradefreitas.com.br\/?p=15548","title":{"rendered":"Coordenadores paroquiais dos MESCE&#8217;s participam de Retiro Diocesano"},"content":{"rendered":"\n<figure class=\"wp-block-image size-full\"><a href=\"https:\/\/dioceseteixeiradefreitas.com.br\/wp-content\/uploads\/2022\/03\/IMG_6603.jpg\"><img loading=\"lazy\" decoding=\"async\" width=\"1024\" height=\"683\" src=\"https:\/\/dioceseteixeiradefreitas.com.br\/wp-content\/uploads\/2022\/03\/IMG_6603.jpg\" alt=\"\" class=\"wp-image-15549\" srcset=\"https:\/\/dioceseteixeiradefreitas.com.br\/wp-content\/uploads\/2022\/03\/IMG_6603.jpg 1024w, https:\/\/dioceseteixeiradefreitas.com.br\/wp-content\/uploads\/2022\/03\/IMG_6603-300x200.jpg 300w, https:\/\/dioceseteixeiradefreitas.com.br\/wp-content\/uploads\/2022\/03\/IMG_6603-768x512.jpg 768w\" sizes=\"auto, (max-width: 1024px) 100vw, 1024px\" \/><\/a><figcaption>Coordenadores paroquiais participando do Retiro Diocesano &#8211; Foto: PASCOM\/Divulga\u00e7\u00e3o<\/figcaption><\/figure>\n\n\n\n<p>No dia 13 de mar\u00e7o, coordenadores paroquiais dos Ministros Extraordin\u00e1rios da Sagrada Comunh\u00e3o Eucar\u00edstica (MESCES), participaram do 1\u00ba Retiro Diocesano, realizado das 08h \u00e0s 16h30, no Centro Diocesano de Forma\u00e7\u00e3o, ao lado do Semin\u00e1rio Proped\u00eautico Bom Pastor.<\/p>\n\n\n\n<p>O retiro foi conduzido pelo Assessor Diocesano dos MESCES, Pe. Aldomiro Aciole do Nascimento Ara\u00fajo, juntamente com a equipe diocesana. O encontro teve por objetivo a prepara\u00e7\u00e3o e viv\u00eancia espiritual de todos os Coordenadores Paroquiais das quatro foranias da Diocese, os Coordenadores for\u00e2neos, bem como a pr\u00f3pria Coordena\u00e7\u00e3o Diocesana do MESCES.<\/p>\n\n\n\n<figure class=\"wp-block-image size-full\"><a href=\"https:\/\/dioceseteixeiradefreitas.com.br\/wp-content\/uploads\/2022\/03\/IMG_6559.jpg\"><img loading=\"lazy\" decoding=\"async\" width=\"1024\" height=\"683\" src=\"https:\/\/dioceseteixeiradefreitas.com.br\/wp-content\/uploads\/2022\/03\/IMG_6559.jpg\" alt=\"\" class=\"wp-image-15555\" srcset=\"https:\/\/dioceseteixeiradefreitas.com.br\/wp-content\/uploads\/2022\/03\/IMG_6559.jpg 1024w, https:\/\/dioceseteixeiradefreitas.com.br\/wp-content\/uploads\/2022\/03\/IMG_6559-300x200.jpg 300w, https:\/\/dioceseteixeiradefreitas.com.br\/wp-content\/uploads\/2022\/03\/IMG_6559-768x512.jpg 768w\" sizes=\"auto, (max-width: 1024px) 100vw, 1024px\" \/><\/a><figcaption>Pe. Aldomiro Aciole &#8211; Assessor Diocesano dos MESCES &#8211; Foto: PASCOM\/Divulga\u00e7\u00e3o<\/figcaption><\/figure>\n\n\n\n<p>O in\u00edcio se deu com a acolhida dos participantes neste momento \u00edmpar, para troca de experi\u00eancias com outras par\u00f3quias, podendo conhecer um pouco mais da realidade das paroquias, e principalmente o t\u00e3o esperado momento espiritual, conduzido pela palavra de Deus. No per\u00edodo da manh\u00e3, o Pe. Aldomido conduziu a <em>Lexis Divina<\/em>, por meio de algumas passagens do Evangelho de S\u00e3o Mateus (Mt. 26, 36-36; Mt. 27, 11-26 e Mt. 27, 27-31).<\/p>\n\n\n\n<p>Para a Adriana Cangu\u00e7u &#8211; Coordenadora Diocesana, &#8220;foco desse retiro foi ouvir o que Deus tem a nos dizer no sil\u00eancio, ter na medita\u00e7\u00e3o do sil\u00eancio o encontro com Jesus, precisamos silenciar muitas vezes, sen\u00e3o n\u00e3o conseguimos escutar. Dessa forma, ao fim de cada leitura e explana\u00e7\u00e3o realizada pelo padre, todos eram convidados a continuar no sil\u00eancio, em nosso deserto para acolhemos o que Jesus tinha a falar.<\/p>\n\n\n\n<p>O bispo Dom Jailton marcou presen\u00e7a no Retiro para o momento de partilha, al\u00e9m do Reitor do Semin\u00e1rio Proped\u00eautico, Pe. Roberto Pereira da Silva.<\/p>\n\n\n\n<p>No per\u00edodo da tarde, houve um momento de compartilhamento de d\u00favidas que cada par\u00f3quia trazia sobre a atua\u00e7\u00e3o dos ministros em sua realidade; tamb\u00e9m foi pontuado pelo  assessor que o Diret\u00f3rio do MESCES est\u00e1 em fase final de revis\u00e3o para, em breve, ser implantado na Diocese. Por fim, o Retiro foi encerrado&nbsp;com a celebra\u00e7\u00e3o da Santa Missa. <\/p>\n\n\n\n<p>Por PASCOM Diocesana<\/p>\n\n\n\n<p>Fotos: PASCOM Diocesana<\/p>\n\n\n\n<p>Confira a galeria:<\/p>\n\n\n\n<figure class=\"wp-block-gallery columns-3 is-cropped wp-block-gallery-1 is-layout-flex wp-block-gallery-is-layout-flex\"><ul class=\"blocks-gallery-grid\"><li class=\"blocks-gallery-item\"><figure><a href=\"https:\/\/dioceseteixeiradefreitas.com.br\/wp-content\/uploads\/2022\/03\/IMG_6550.jpg\"><img loading=\"lazy\" decoding=\"async\" width=\"1024\" height=\"683\" src=\"https:\/\/dioceseteixeiradefreitas.com.br\/wp-content\/uploads\/2022\/03\/IMG_6550.jpg\" alt=\"\" data-id=\"15550\" data-full-url=\"https:\/\/dioceseteixeiradefreitas.com.br\/wp-content\/uploads\/2022\/03\/IMG_6550.jpg\" data-link=\"https:\/\/dioceseteixeiradefreitas.com.br\/?attachment_id=15550\" class=\"wp-image-15550\" srcset=\"https:\/\/dioceseteixeiradefreitas.com.br\/wp-content\/uploads\/2022\/03\/IMG_6550.jpg 1024w, https:\/\/dioceseteixeiradefreitas.com.br\/wp-content\/uploads\/2022\/03\/IMG_6550-300x200.jpg 300w, https:\/\/dioceseteixeiradefreitas.com.br\/wp-content\/uploads\/2022\/03\/IMG_6550-768x512.jpg 768w\" sizes=\"auto, (max-width: 1024px) 100vw, 1024px\" \/><\/a><\/figure><\/li><li class=\"blocks-gallery-item\"><figure><a href=\"https:\/\/dioceseteixeiradefreitas.com.br\/wp-content\/uploads\/2022\/03\/IMG_6551.jpg\"><img loading=\"lazy\" decoding=\"async\" width=\"1024\" height=\"683\" src=\"https:\/\/dioceseteixeiradefreitas.com.br\/wp-content\/uploads\/2022\/03\/IMG_6551.jpg\" alt=\"\" data-id=\"15551\" data-full-url=\"https:\/\/dioceseteixeiradefreitas.com.br\/wp-content\/uploads\/2022\/03\/IMG_6551.jpg\" data-link=\"https:\/\/dioceseteixeiradefreitas.com.br\/?attachment_id=15551\" class=\"wp-image-15551\" srcset=\"https:\/\/dioceseteixeiradefreitas.com.br\/wp-content\/uploads\/2022\/03\/IMG_6551.jpg 1024w, https:\/\/dioceseteixeiradefreitas.com.br\/wp-content\/uploads\/2022\/03\/IMG_6551-300x200.jpg 300w, https:\/\/dioceseteixeiradefreitas.com.br\/wp-content\/uploads\/2022\/03\/IMG_6551-768x512.jpg 768w\" sizes=\"auto, (max-width: 1024px) 100vw, 1024px\" \/><\/a><\/figure><\/li><li class=\"blocks-gallery-item\"><figure><a href=\"https:\/\/dioceseteixeiradefreitas.com.br\/wp-content\/uploads\/2022\/03\/IMG_6554.jpg\"><img loading=\"lazy\" decoding=\"async\" width=\"1024\" height=\"683\" src=\"https:\/\/dioceseteixeiradefreitas.com.br\/wp-content\/uploads\/2022\/03\/IMG_6554.jpg\" alt=\"\" data-id=\"15552\" data-full-url=\"https:\/\/dioceseteixeiradefreitas.com.br\/wp-content\/uploads\/2022\/03\/IMG_6554.jpg\" data-link=\"https:\/\/dioceseteixeiradefreitas.com.br\/?attachment_id=15552\" class=\"wp-image-15552\" srcset=\"https:\/\/dioceseteixeiradefreitas.com.br\/wp-content\/uploads\/2022\/03\/IMG_6554.jpg 1024w, https:\/\/dioceseteixeiradefreitas.com.br\/wp-content\/uploads\/2022\/03\/IMG_6554-300x200.jpg 300w, https:\/\/dioceseteixeiradefreitas.com.br\/wp-content\/uploads\/2022\/03\/IMG_6554-768x512.jpg 768w\" sizes=\"auto, (max-width: 1024px) 100vw, 1024px\" \/><\/a><\/figure><\/li><li class=\"blocks-gallery-item\"><figure><a href=\"https:\/\/dioceseteixeiradefreitas.com.br\/wp-content\/uploads\/2022\/03\/IMG_6556.jpg\"><img loading=\"lazy\" decoding=\"async\" width=\"1024\" height=\"683\" src=\"https:\/\/dioceseteixeiradefreitas.com.br\/wp-content\/uploads\/2022\/03\/IMG_6556.jpg\" alt=\"\" data-id=\"15553\" data-full-url=\"https:\/\/dioceseteixeiradefreitas.com.br\/wp-content\/uploads\/2022\/03\/IMG_6556.jpg\" data-link=\"https:\/\/dioceseteixeiradefreitas.com.br\/?attachment_id=15553\" class=\"wp-image-15553\" srcset=\"https:\/\/dioceseteixeiradefreitas.com.br\/wp-content\/uploads\/2022\/03\/IMG_6556.jpg 1024w, https:\/\/dioceseteixeiradefreitas.com.br\/wp-content\/uploads\/2022\/03\/IMG_6556-300x200.jpg 300w, https:\/\/dioceseteixeiradefreitas.com.br\/wp-content\/uploads\/2022\/03\/IMG_6556-768x512.jpg 768w\" sizes=\"auto, (max-width: 1024px) 100vw, 1024px\" \/><\/a><\/figure><\/li><li class=\"blocks-gallery-item\"><figure><a href=\"https:\/\/dioceseteixeiradefreitas.com.br\/wp-content\/uploads\/2022\/03\/IMG_6558.jpg\"><img loading=\"lazy\" decoding=\"async\" width=\"1024\" height=\"699\" src=\"https:\/\/dioceseteixeiradefreitas.com.br\/wp-content\/uploads\/2022\/03\/IMG_6558.jpg\" alt=\"\" data-id=\"15554\" data-full-url=\"https:\/\/dioceseteixeiradefreitas.com.br\/wp-content\/uploads\/2022\/03\/IMG_6558.jpg\" data-link=\"https:\/\/dioceseteixeiradefreitas.com.br\/?attachment_id=15554\" class=\"wp-image-15554\" srcset=\"https:\/\/dioceseteixeiradefreitas.com.br\/wp-content\/uploads\/2022\/03\/IMG_6558.jpg 1024w, https:\/\/dioceseteixeiradefreitas.com.br\/wp-content\/uploads\/2022\/03\/IMG_6558-300x205.jpg 300w, https:\/\/dioceseteixeiradefreitas.com.br\/wp-content\/uploads\/2022\/03\/IMG_6558-768x524.jpg 768w, https:\/\/dioceseteixeiradefreitas.com.br\/wp-content\/uploads\/2022\/03\/IMG_6558-220x150.jpg 220w\" sizes=\"auto, (max-width: 1024px) 100vw, 1024px\" \/><\/a><\/figure><\/li><li class=\"blocks-gallery-item\"><figure><a href=\"https:\/\/dioceseteixeiradefreitas.com.br\/wp-content\/uploads\/2022\/03\/IMG_6559.jpg\"><img loading=\"lazy\" decoding=\"async\" width=\"1024\" height=\"683\" src=\"https:\/\/dioceseteixeiradefreitas.com.br\/wp-content\/uploads\/2022\/03\/IMG_6559.jpg\" alt=\"\" data-id=\"15555\" data-full-url=\"https:\/\/dioceseteixeiradefreitas.com.br\/wp-content\/uploads\/2022\/03\/IMG_6559.jpg\" data-link=\"https:\/\/dioceseteixeiradefreitas.com.br\/?attachment_id=15555\" class=\"wp-image-15555\" srcset=\"https:\/\/dioceseteixeiradefreitas.com.br\/wp-content\/uploads\/2022\/03\/IMG_6559.jpg 1024w, https:\/\/dioceseteixeiradefreitas.com.br\/wp-content\/uploads\/2022\/03\/IMG_6559-300x200.jpg 300w, https:\/\/dioceseteixeiradefreitas.com.br\/wp-content\/uploads\/2022\/03\/IMG_6559-768x512.jpg 768w\" sizes=\"auto, (max-width: 1024px) 100vw, 1024px\" \/><\/a><\/figure><\/li><li class=\"blocks-gallery-item\"><figure><a href=\"https:\/\/dioceseteixeiradefreitas.com.br\/wp-content\/uploads\/2022\/03\/IMG_6568.jpg\"><img loading=\"lazy\" decoding=\"async\" width=\"1024\" height=\"683\" src=\"https:\/\/dioceseteixeiradefreitas.com.br\/wp-content\/uploads\/2022\/03\/IMG_6568.jpg\" alt=\"\" data-id=\"15556\" data-full-url=\"https:\/\/dioceseteixeiradefreitas.com.br\/wp-content\/uploads\/2022\/03\/IMG_6568.jpg\" data-link=\"https:\/\/dioceseteixeiradefreitas.com.br\/?attachment_id=15556\" class=\"wp-image-15556\" srcset=\"https:\/\/dioceseteixeiradefreitas.com.br\/wp-content\/uploads\/2022\/03\/IMG_6568.jpg 1024w, https:\/\/dioceseteixeiradefreitas.com.br\/wp-content\/uploads\/2022\/03\/IMG_6568-300x200.jpg 300w, https:\/\/dioceseteixeiradefreitas.com.br\/wp-content\/uploads\/2022\/03\/IMG_6568-768x512.jpg 768w\" sizes=\"auto, (max-width: 1024px) 100vw, 1024px\" \/><\/a><\/figure><\/li><li class=\"blocks-gallery-item\"><figure><a href=\"https:\/\/dioceseteixeiradefreitas.com.br\/wp-content\/uploads\/2022\/03\/IMG_6569.jpg\"><img loading=\"lazy\" decoding=\"async\" width=\"1024\" height=\"683\" src=\"https:\/\/dioceseteixeiradefreitas.com.br\/wp-content\/uploads\/2022\/03\/IMG_6569.jpg\" alt=\"\" data-id=\"15557\" data-full-url=\"https:\/\/dioceseteixeiradefreitas.com.br\/wp-content\/uploads\/2022\/03\/IMG_6569.jpg\" data-link=\"https:\/\/dioceseteixeiradefreitas.com.br\/?attachment_id=15557\" class=\"wp-image-15557\" srcset=\"https:\/\/dioceseteixeiradefreitas.com.br\/wp-content\/uploads\/2022\/03\/IMG_6569.jpg 1024w, https:\/\/dioceseteixeiradefreitas.com.br\/wp-content\/uploads\/2022\/03\/IMG_6569-300x200.jpg 300w, https:\/\/dioceseteixeiradefreitas.com.br\/wp-content\/uploads\/2022\/03\/IMG_6569-768x512.jpg 768w\" sizes=\"auto, (max-width: 1024px) 100vw, 1024px\" \/><\/a><\/figure><\/li><li class=\"blocks-gallery-item\"><figure><a href=\"https:\/\/dioceseteixeiradefreitas.com.br\/wp-content\/uploads\/2022\/03\/IMG_6571.jpg\"><img loading=\"lazy\" decoding=\"async\" width=\"1024\" height=\"683\" src=\"https:\/\/dioceseteixeiradefreitas.com.br\/wp-content\/uploads\/2022\/03\/IMG_6571.jpg\" alt=\"\" data-id=\"15558\" data-full-url=\"https:\/\/dioceseteixeiradefreitas.com.br\/wp-content\/uploads\/2022\/03\/IMG_6571.jpg\" data-link=\"https:\/\/dioceseteixeiradefreitas.com.br\/?attachment_id=15558\" class=\"wp-image-15558\" srcset=\"https:\/\/dioceseteixeiradefreitas.com.br\/wp-content\/uploads\/2022\/03\/IMG_6571.jpg 1024w, https:\/\/dioceseteixeiradefreitas.com.br\/wp-content\/uploads\/2022\/03\/IMG_6571-300x200.jpg 300w, https:\/\/dioceseteixeiradefreitas.com.br\/wp-content\/uploads\/2022\/03\/IMG_6571-768x512.jpg 768w\" sizes=\"auto, (max-width: 1024px) 100vw, 1024px\" \/><\/a><\/figure><\/li><li class=\"blocks-gallery-item\"><figure><a href=\"https:\/\/dioceseteixeiradefreitas.com.br\/wp-content\/uploads\/2022\/03\/IMG_6572.jpg\"><img loading=\"lazy\" decoding=\"async\" width=\"1024\" height=\"683\" src=\"https:\/\/dioceseteixeiradefreitas.com.br\/wp-content\/uploads\/2022\/03\/IMG_6572.jpg\" alt=\"\" data-id=\"15559\" data-full-url=\"https:\/\/dioceseteixeiradefreitas.com.br\/wp-content\/uploads\/2022\/03\/IMG_6572.jpg\" data-link=\"https:\/\/dioceseteixeiradefreitas.com.br\/?attachment_id=15559\" class=\"wp-image-15559\" srcset=\"https:\/\/dioceseteixeiradefreitas.com.br\/wp-content\/uploads\/2022\/03\/IMG_6572.jpg 1024w, https:\/\/dioceseteixeiradefreitas.com.br\/wp-content\/uploads\/2022\/03\/IMG_6572-300x200.jpg 300w, https:\/\/dioceseteixeiradefreitas.com.br\/wp-content\/uploads\/2022\/03\/IMG_6572-768x512.jpg 768w\" sizes=\"auto, (max-width: 1024px) 100vw, 1024px\" \/><\/a><\/figure><\/li><li class=\"blocks-gallery-item\"><figure><a href=\"https:\/\/dioceseteixeiradefreitas.com.br\/wp-content\/uploads\/2022\/03\/IMG_6576.jpg\"><img loading=\"lazy\" decoding=\"async\" width=\"1024\" height=\"720\" src=\"https:\/\/dioceseteixeiradefreitas.com.br\/wp-content\/uploads\/2022\/03\/IMG_6576.jpg\" alt=\"\" data-id=\"15560\" data-full-url=\"https:\/\/dioceseteixeiradefreitas.com.br\/wp-content\/uploads\/2022\/03\/IMG_6576.jpg\" data-link=\"https:\/\/dioceseteixeiradefreitas.com.br\/?attachment_id=15560\" class=\"wp-image-15560\" srcset=\"https:\/\/dioceseteixeiradefreitas.com.br\/wp-content\/uploads\/2022\/03\/IMG_6576.jpg 1024w, https:\/\/dioceseteixeiradefreitas.com.br\/wp-content\/uploads\/2022\/03\/IMG_6576-300x211.jpg 300w, https:\/\/dioceseteixeiradefreitas.com.br\/wp-content\/uploads\/2022\/03\/IMG_6576-768x540.jpg 768w\" sizes=\"auto, (max-width: 1024px) 100vw, 1024px\" \/><\/a><\/figure><\/li><li class=\"blocks-gallery-item\"><figure><a href=\"https:\/\/dioceseteixeiradefreitas.com.br\/wp-content\/uploads\/2022\/03\/IMG_6578.jpg\"><img loading=\"lazy\" decoding=\"async\" width=\"1024\" height=\"683\" src=\"https:\/\/dioceseteixeiradefreitas.com.br\/wp-content\/uploads\/2022\/03\/IMG_6578.jpg\" alt=\"\" data-id=\"15561\" data-full-url=\"https:\/\/dioceseteixeiradefreitas.com.br\/wp-content\/uploads\/2022\/03\/IMG_6578.jpg\" data-link=\"https:\/\/dioceseteixeiradefreitas.com.br\/?attachment_id=15561\" class=\"wp-image-15561\" srcset=\"https:\/\/dioceseteixeiradefreitas.com.br\/wp-content\/uploads\/2022\/03\/IMG_6578.jpg 1024w, https:\/\/dioceseteixeiradefreitas.com.br\/wp-content\/uploads\/2022\/03\/IMG_6578-300x200.jpg 300w, https:\/\/dioceseteixeiradefreitas.com.br\/wp-content\/uploads\/2022\/03\/IMG_6578-768x512.jpg 768w\" sizes=\"auto, (max-width: 1024px) 100vw, 1024px\" \/><\/a><\/figure><\/li><li class=\"blocks-gallery-item\"><figure><a href=\"https:\/\/dioceseteixeiradefreitas.com.br\/wp-content\/uploads\/2022\/03\/IMG_6581.jpg\"><img loading=\"lazy\" decoding=\"async\" width=\"1024\" height=\"683\" src=\"https:\/\/dioceseteixeiradefreitas.com.br\/wp-content\/uploads\/2022\/03\/IMG_6581.jpg\" alt=\"\" data-id=\"15562\" data-full-url=\"https:\/\/dioceseteixeiradefreitas.com.br\/wp-content\/uploads\/2022\/03\/IMG_6581.jpg\" data-link=\"https:\/\/dioceseteixeiradefreitas.com.br\/?attachment_id=15562\" class=\"wp-image-15562\" srcset=\"https:\/\/dioceseteixeiradefreitas.com.br\/wp-content\/uploads\/2022\/03\/IMG_6581.jpg 1024w, https:\/\/dioceseteixeiradefreitas.com.br\/wp-content\/uploads\/2022\/03\/IMG_6581-300x200.jpg 300w, https:\/\/dioceseteixeiradefreitas.com.br\/wp-content\/uploads\/2022\/03\/IMG_6581-768x512.jpg 768w\" sizes=\"auto, (max-width: 1024px) 100vw, 1024px\" \/><\/a><\/figure><\/li><li class=\"blocks-gallery-item\"><figure><a href=\"https:\/\/dioceseteixeiradefreitas.com.br\/wp-content\/uploads\/2022\/03\/IMG_6586.jpg\"><img loading=\"lazy\" decoding=\"async\" width=\"1024\" height=\"683\" src=\"https:\/\/dioceseteixeiradefreitas.com.br\/wp-content\/uploads\/2022\/03\/IMG_6586.jpg\" alt=\"\" data-id=\"15563\" data-full-url=\"https:\/\/dioceseteixeiradefreitas.com.br\/wp-content\/uploads\/2022\/03\/IMG_6586.jpg\" data-link=\"https:\/\/dioceseteixeiradefreitas.com.br\/?attachment_id=15563\" class=\"wp-image-15563\" srcset=\"https:\/\/dioceseteixeiradefreitas.com.br\/wp-content\/uploads\/2022\/03\/IMG_6586.jpg 1024w, https:\/\/dioceseteixeiradefreitas.com.br\/wp-content\/uploads\/2022\/03\/IMG_6586-300x200.jpg 300w, https:\/\/dioceseteixeiradefreitas.com.br\/wp-content\/uploads\/2022\/03\/IMG_6586-768x512.jpg 768w\" sizes=\"auto, (max-width: 1024px) 100vw, 1024px\" \/><\/a><\/figure><\/li><li class=\"blocks-gallery-item\"><figure><a href=\"https:\/\/dioceseteixeiradefreitas.com.br\/wp-content\/uploads\/2022\/03\/IMG_6599.jpg\"><img loading=\"lazy\" decoding=\"async\" width=\"1024\" height=\"683\" src=\"https:\/\/dioceseteixeiradefreitas.com.br\/wp-content\/uploads\/2022\/03\/IMG_6599.jpg\" alt=\"\" data-id=\"15564\" data-full-url=\"https:\/\/dioceseteixeiradefreitas.com.br\/wp-content\/uploads\/2022\/03\/IMG_6599.jpg\" data-link=\"https:\/\/dioceseteixeiradefreitas.com.br\/?attachment_id=15564\" class=\"wp-image-15564\" srcset=\"https:\/\/dioceseteixeiradefreitas.com.br\/wp-content\/uploads\/2022\/03\/IMG_6599.jpg 1024w, https:\/\/dioceseteixeiradefreitas.com.br\/wp-content\/uploads\/2022\/03\/IMG_6599-300x200.jpg 300w, https:\/\/dioceseteixeiradefreitas.com.br\/wp-content\/uploads\/2022\/03\/IMG_6599-768x512.jpg 768w\" sizes=\"auto, (max-width: 1024px) 100vw, 1024px\" \/><\/a><\/figure><\/li><li class=\"blocks-gallery-item\"><figure><a href=\"https:\/\/dioceseteixeiradefreitas.com.br\/wp-content\/uploads\/2022\/03\/IMG_6612.jpg\"><img loading=\"lazy\" decoding=\"async\" width=\"1024\" height=\"683\" src=\"https:\/\/dioceseteixeiradefreitas.com.br\/wp-content\/uploads\/2022\/03\/IMG_6612.jpg\" alt=\"\" data-id=\"15565\" data-full-url=\"https:\/\/dioceseteixeiradefreitas.com.br\/wp-content\/uploads\/2022\/03\/IMG_6612.jpg\" data-link=\"https:\/\/dioceseteixeiradefreitas.com.br\/?attachment_id=15565\" class=\"wp-image-15565\" srcset=\"https:\/\/dioceseteixeiradefreitas.com.br\/wp-content\/uploads\/2022\/03\/IMG_6612.jpg 1024w, https:\/\/dioceseteixeiradefreitas.com.br\/wp-content\/uploads\/2022\/03\/IMG_6612-300x200.jpg 300w, https:\/\/dioceseteixeiradefreitas.com.br\/wp-content\/uploads\/2022\/03\/IMG_6612-768x512.jpg 768w\" sizes=\"auto, (max-width: 1024px) 100vw, 1024px\" \/><\/a><\/figure><\/li><li class=\"blocks-gallery-item\"><figure><a href=\"https:\/\/dioceseteixeiradefreitas.com.br\/wp-content\/uploads\/2022\/03\/IMG_6615.jpg\"><img loading=\"lazy\" decoding=\"async\" width=\"1024\" height=\"683\" src=\"https:\/\/dioceseteixeiradefreitas.com.br\/wp-content\/uploads\/2022\/03\/IMG_6615.jpg\" alt=\"\" data-id=\"15566\" data-full-url=\"https:\/\/dioceseteixeiradefreitas.com.br\/wp-content\/uploads\/2022\/03\/IMG_6615.jpg\" data-link=\"https:\/\/dioceseteixeiradefreitas.com.br\/?attachment_id=15566\" class=\"wp-image-15566\" srcset=\"https:\/\/dioceseteixeiradefreitas.com.br\/wp-content\/uploads\/2022\/03\/IMG_6615.jpg 1024w, https:\/\/dioceseteixeiradefreitas.com.br\/wp-content\/uploads\/2022\/03\/IMG_6615-300x200.jpg 300w, https:\/\/dioceseteixeiradefreitas.com.br\/wp-content\/uploads\/2022\/03\/IMG_6615-768x512.jpg 768w\" sizes=\"auto, (max-width: 1024px) 100vw, 1024px\" \/><\/a><\/figure><\/li><li class=\"blocks-gallery-item\"><figure><a href=\"https:\/\/dioceseteixeiradefreitas.com.br\/wp-content\/uploads\/2022\/03\/IMG_6617.jpg\"><img loading=\"lazy\" decoding=\"async\" width=\"1024\" height=\"580\" src=\"https:\/\/dioceseteixeiradefreitas.com.br\/wp-content\/uploads\/2022\/03\/IMG_6617.jpg\" alt=\"\" data-id=\"15567\" data-full-url=\"https:\/\/dioceseteixeiradefreitas.com.br\/wp-content\/uploads\/2022\/03\/IMG_6617.jpg\" data-link=\"https:\/\/dioceseteixeiradefreitas.com.br\/?attachment_id=15567\" class=\"wp-image-15567\" srcset=\"https:\/\/dioceseteixeiradefreitas.com.br\/wp-content\/uploads\/2022\/03\/IMG_6617.jpg 1024w, https:\/\/dioceseteixeiradefreitas.com.br\/wp-content\/uploads\/2022\/03\/IMG_6617-300x170.jpg 300w, https:\/\/dioceseteixeiradefreitas.com.br\/wp-content\/uploads\/2022\/03\/IMG_6617-768x435.jpg 768w, https:\/\/dioceseteixeiradefreitas.com.br\/wp-content\/uploads\/2022\/03\/IMG_6617-390x220.jpg 390w\" sizes=\"auto, (max-width: 1024px) 100vw, 1024px\" \/><\/a><\/figure><\/li><li class=\"blocks-gallery-item\"><figure><a href=\"https:\/\/dioceseteixeiradefreitas.com.br\/wp-content\/uploads\/2022\/03\/IMG_6622.jpg\"><img loading=\"lazy\" decoding=\"async\" width=\"1024\" height=\"647\" src=\"https:\/\/dioceseteixeiradefreitas.com.br\/wp-content\/uploads\/2022\/03\/IMG_6622.jpg\" alt=\"\" data-id=\"15568\" data-full-url=\"https:\/\/dioceseteixeiradefreitas.com.br\/wp-content\/uploads\/2022\/03\/IMG_6622.jpg\" data-link=\"https:\/\/dioceseteixeiradefreitas.com.br\/?attachment_id=15568\" class=\"wp-image-15568\" srcset=\"https:\/\/dioceseteixeiradefreitas.com.br\/wp-content\/uploads\/2022\/03\/IMG_6622.jpg 1024w, https:\/\/dioceseteixeiradefreitas.com.br\/wp-content\/uploads\/2022\/03\/IMG_6622-300x190.jpg 300w, https:\/\/dioceseteixeiradefreitas.com.br\/wp-content\/uploads\/2022\/03\/IMG_6622-768x485.jpg 768w\" sizes=\"auto, (max-width: 1024px) 100vw, 1024px\" \/><\/a><\/figure><\/li><li class=\"blocks-gallery-item\"><figure><a href=\"https:\/\/dioceseteixeiradefreitas.com.br\/wp-content\/uploads\/2022\/03\/IMG_6631.jpg\"><img loading=\"lazy\" decoding=\"async\" width=\"1024\" height=\"683\" src=\"https:\/\/dioceseteixeiradefreitas.com.br\/wp-content\/uploads\/2022\/03\/IMG_6631.jpg\" alt=\"\" data-id=\"15569\" data-full-url=\"https:\/\/dioceseteixeiradefreitas.com.br\/wp-content\/uploads\/2022\/03\/IMG_6631.jpg\" data-link=\"https:\/\/dioceseteixeiradefreitas.com.br\/?attachment_id=15569\" class=\"wp-image-15569\" srcset=\"https:\/\/dioceseteixeiradefreitas.com.br\/wp-content\/uploads\/2022\/03\/IMG_6631.jpg 1024w, https:\/\/dioceseteixeiradefreitas.com.br\/wp-content\/uploads\/2022\/03\/IMG_6631-300x200.jpg 300w, https:\/\/dioceseteixeiradefreitas.com.br\/wp-content\/uploads\/2022\/03\/IMG_6631-768x512.jpg 768w\" sizes=\"auto, (max-width: 1024px) 100vw, 1024px\" \/><\/a><\/figure><\/li><li class=\"blocks-gallery-item\"><figure><a href=\"https:\/\/dioceseteixeiradefreitas.com.br\/wp-content\/uploads\/2022\/03\/IMG_6635.jpg\"><img loading=\"lazy\" decoding=\"async\" width=\"1024\" height=\"683\" src=\"https:\/\/dioceseteixeiradefreitas.com.br\/wp-content\/uploads\/2022\/03\/IMG_6635.jpg\" alt=\"\" data-id=\"15570\" data-full-url=\"https:\/\/dioceseteixeiradefreitas.com.br\/wp-content\/uploads\/2022\/03\/IMG_6635.jpg\" data-link=\"https:\/\/dioceseteixeiradefreitas.com.br\/?attachment_id=15570\" class=\"wp-image-15570\" srcset=\"https:\/\/dioceseteixeiradefreitas.com.br\/wp-content\/uploads\/2022\/03\/IMG_6635.jpg 1024w, https:\/\/dioceseteixeiradefreitas.com.br\/wp-content\/uploads\/2022\/03\/IMG_6635-300x200.jpg 300w, https:\/\/dioceseteixeiradefreitas.com.br\/wp-content\/uploads\/2022\/03\/IMG_6635-768x512.jpg 768w\" sizes=\"auto, (max-width: 1024px) 100vw, 1024px\" \/><\/a><\/figure><\/li><li class=\"blocks-gallery-item\"><figure><a href=\"https:\/\/dioceseteixeiradefreitas.com.br\/wp-content\/uploads\/2022\/03\/IMG_6638.jpg\"><img loading=\"lazy\" decoding=\"async\" width=\"1024\" height=\"683\" src=\"https:\/\/dioceseteixeiradefreitas.com.br\/wp-content\/uploads\/2022\/03\/IMG_6638.jpg\" alt=\"\" data-id=\"15571\" data-full-url=\"https:\/\/dioceseteixeiradefreitas.com.br\/wp-content\/uploads\/2022\/03\/IMG_6638.jpg\" data-link=\"https:\/\/dioceseteixeiradefreitas.com.br\/?attachment_id=15571\" class=\"wp-image-15571\" srcset=\"https:\/\/dioceseteixeiradefreitas.com.br\/wp-content\/uploads\/2022\/03\/IMG_6638.jpg 1024w, https:\/\/dioceseteixeiradefreitas.com.br\/wp-content\/uploads\/2022\/03\/IMG_6638-300x200.jpg 300w, https:\/\/dioceseteixeiradefreitas.com.br\/wp-content\/uploads\/2022\/03\/IMG_6638-768x512.jpg 768w\" sizes=\"auto, (max-width: 1024px) 100vw, 1024px\" \/><\/a><\/figure><\/li><\/ul><\/figure>\n","protected":false},"excerpt":{"rendered":"<p>Coordenadores paroquiais participando do Retiro Diocesano &#8211; Foto: PASCOM\/Divulga\u00e7\u00e3o No dia 13 de mar\u00e7o, coordenadores paroquiais dos Ministros Extraordin\u00e1rios da Sagrada Comunh\u00e3o Eucar\u00edstica (MESCES), participaram do 1\u00ba Retiro Diocesano, realizado das 08h \u00e0s 16h30, no Centro Diocesano de Forma\u00e7\u00e3o, ao lado do Semin\u00e1rio Proped\u00eautico Bom Pastor. O retiro foi conduzido pelo Assessor Diocesano dos MESCES, &hellip;<\/p>\n","protected":false},"author":1,"featured_media":15549,"comment_status":"closed","ping_status":"closed","sticky":false,"template":"","format":"standard","meta":{"footnotes":""},"categories":[100],"tags":[1031,1032,179,1033,588,1030],"class_list":["post-15548","post","type-post","status-publish","format-standard","has-post-thumbnail","hentry","category-noticias-diocesanas","tag-coordenadores-paroquiais","tag-diocese-teixeira-de-freitas-caravelas-2","tag-mesces","tag-pe-aldomiro-aciole","tag-retiro","tag-retiro-diocesano"],"_links":{"self":[{"href":"https:\/\/dioceseteixeiradefreitas.com.br\/index.php?rest_route=\/wp\/v2\/posts\/15548","targetHints":{"allow":["GET"]}}],"collection":[{"href":"https:\/\/dioceseteixeiradefreitas.com.br\/index.php?rest_route=\/wp\/v2\/posts"}],"about":[{"href":"https:\/\/dioceseteixeiradefreitas.com.br\/index.php?rest_route=\/wp\/v2\/types\/post"}],"author":[{"embeddable":true,"href":"https:\/\/dioceseteixeiradefreitas.com.br\/index.php?rest_route=\/wp\/v2\/users\/1"}],"replies":[{"embeddable":true,"href":"https:\/\/dioceseteixeiradefreitas.com.br\/index.php?rest_route=%2Fwp%2Fv2%2Fcomments&post=15548"}],"version-history":[{"count":2,"href":"https:\/\/dioceseteixeiradefreitas.com.br\/index.php?rest_route=\/wp\/v2\/posts\/15548\/revisions"}],"predecessor-version":[{"id":15575,"href":"https:\/\/dioceseteixeiradefreitas.com.br\/index.php?rest_route=\/wp\/v2\/posts\/15548\/revisions\/15575"}],"wp:featuredmedia":[{"embeddable":true,"href":"https:\/\/dioceseteixeiradefreitas.com.br\/index.php?rest_route=\/wp\/v2\/media\/15549"}],"wp:attachment":[{"href":"https:\/\/dioceseteixeiradefreitas.com.br\/index.php?rest_route=%2Fwp%2Fv2%2Fmedia&parent=15548"}],"wp:term":[{"taxonomy":"category","embeddable":true,"href":"https:\/\/dioceseteixeiradefreitas.com.br\/index.php?rest_route=%2Fwp%2Fv2%2Fcategories&post=15548"},{"taxonomy":"post_tag","embeddable":true,"href":"https:\/\/dioceseteixeiradefreitas.com.br\/index.php?rest_route=%2Fwp%2Fv2%2Ftags&post=15548"}],"curies":[{"name":"wp","href":"https:\/\/api.w.org\/{rel}","templated":true}]}}