{"id":15687,"date":"2022-04-13T20:47:04","date_gmt":"2022-04-13T23:47:04","guid":{"rendered":"https:\/\/dioceseteixeiradefreitas.com.br\/?p=15687"},"modified":"2022-04-13T20:57:55","modified_gmt":"2022-04-13T23:57:55","slug":"15687","status":"publish","type":"post","link":"https:\/\/dioceseteixeiradefreitas.com.br\/?p=15687","title":{"rendered":"Diocese se re\u00fane para celebrar a Missa da Unidade"},"content":{"rendered":"\n<p>Na \u00faltima segunda-feira, dia 11 de Abril, foi celebrada na Catedral S\u00e3o Pedro em Teixeira de Freitas\/Ba, a Missa da Unidade. Ap\u00f3s dois anos sem ter essa celebra\u00e7\u00e3o em fun\u00e7\u00e3o da Pandemia do Covid19, com grande alegria, sacerdotes, religiosos(as) e fi\u00e9is se reuniram para participar desse momento t\u00e3o rico para nossa Igreja.<\/p>\n\n\n\n<p>A Missa da Unidade faz parte das celebra\u00e7\u00f5es realizadas na Semana Santa. Liturgicamente, esta Celebra\u00e7\u00e3o acontece na Quinta-feira Santa pela manh\u00e3. Por\u00e9m, na nossa Diocese, por quest\u00e3o pastoral, celebra-se na segunda-feira Santa.&nbsp;<\/p>\n\n\n\n<figure class=\"wp-block-image size-full\"><a href=\"https:\/\/dioceseteixeiradefreitas.com.br\/wp-content\/uploads\/2022\/04\/editadas-3-49.jpg\"><img loading=\"lazy\" decoding=\"async\" width=\"1000\" height=\"552\" src=\"https:\/\/dioceseteixeiradefreitas.com.br\/wp-content\/uploads\/2022\/04\/editadas-3-49.jpg\" alt=\"\" class=\"wp-image-15781\" srcset=\"https:\/\/dioceseteixeiradefreitas.com.br\/wp-content\/uploads\/2022\/04\/editadas-3-49.jpg 1000w, https:\/\/dioceseteixeiradefreitas.com.br\/wp-content\/uploads\/2022\/04\/editadas-3-49-300x166.jpg 300w, https:\/\/dioceseteixeiradefreitas.com.br\/wp-content\/uploads\/2022\/04\/editadas-3-49-768x424.jpg 768w\" sizes=\"auto, (max-width: 1000px) 100vw, 1000px\" \/><\/a><\/figure>\n\n\n\n<p>Nesta Celebra\u00e7\u00e3o Eucar\u00edstica, os sacerdotes de toda diocese se reuniram junto ao bispo, em sinal de unidade, para renovarem suas promessas sacerdotais. Outro momento marcante desta Celebra\u00e7\u00e3o \u00e9 a consagra\u00e7\u00e3o dos Santos \u00d3leos, utilizados nos Catec\u00famenos, nos Enfermos e no Sacramento do Crisma.<\/p>\n\n\n\n<p>Em sua homilia, Dom Jailton de Oliveira Lino, psdp, bispo diocesano, falou sobre o significado da Missa da Unidade, assim como, explicou o sentido dos \u00d3leos usados nos sacramentos. Falou da Miss\u00e3o dos Sacerdotes junto ao povo de Deus e ressaltou a import\u00e2ncia da unidade do Clero para com o bispo. Ao final, Dom Jailton rendeu gra\u00e7as a Deus pelos 60 anos da nossa Diocese<\/p>\n\n\n\n<p>Louvamos ao nosso bom Deus, pelo nosso Clero, pelo nosso bispo e por todos os leigos e leigas que doam sua vida para o an\u00fancio do Evangelho de Cristo.<\/p>\n\n\n\n<figure class=\"wp-block-image size-full\"><a href=\"https:\/\/dioceseteixeiradefreitas.com.br\/wp-content\/uploads\/2022\/04\/editadas-3-23.jpg\"><img loading=\"lazy\" decoding=\"async\" width=\"1000\" height=\"743\" src=\"https:\/\/dioceseteixeiradefreitas.com.br\/wp-content\/uploads\/2022\/04\/editadas-3-23.jpg\" alt=\"\" class=\"wp-image-15755\" srcset=\"https:\/\/dioceseteixeiradefreitas.com.br\/wp-content\/uploads\/2022\/04\/editadas-3-23.jpg 1000w, https:\/\/dioceseteixeiradefreitas.com.br\/wp-content\/uploads\/2022\/04\/editadas-3-23-300x223.jpg 300w, https:\/\/dioceseteixeiradefreitas.com.br\/wp-content\/uploads\/2022\/04\/editadas-3-23-768x571.jpg 768w\" sizes=\"auto, (max-width: 1000px) 100vw, 1000px\" \/><\/a><\/figure>\n\n\n\n<p>Pe\u00e7amos ao Esp\u00edrito Santo a gra\u00e7a de viver intensamente o Tr\u00edduo Pascal, para que possamos celebrar com grande j\u00fabilo a Ressurrei\u00e7\u00e3o do Senhor.<\/p>\n\n\n\n<p>Fotos: Jo\u00e3o Victor e Maiane.<\/p>\n\n\n\n<p>Texto: Sara Lima.<\/p>\n\n\n\n\n\n<figure class=\"wp-block-gallery has-nested-images columns-default is-cropped wp-block-gallery-1 is-layout-flex wp-block-gallery-is-layout-flex\">\n<figure class=\"wp-block-image size-large\"><a href=\"https:\/\/dioceseteixeiradefreitas.com.br\/wp-content\/uploads\/2022\/04\/editadas-3.jpg\"><img loading=\"lazy\" decoding=\"async\" width=\"1000\" height=\"667\" data-id=\"15738\" src=\"https:\/\/dioceseteixeiradefreitas.com.br\/wp-content\/uploads\/2022\/04\/editadas-3.jpg\" alt=\"\" class=\"wp-image-15738\" srcset=\"https:\/\/dioceseteixeiradefreitas.com.br\/wp-content\/uploads\/2022\/04\/editadas-3.jpg 1000w, https:\/\/dioceseteixeiradefreitas.com.br\/wp-content\/uploads\/2022\/04\/editadas-3-300x200.jpg 300w, https:\/\/dioceseteixeiradefreitas.com.br\/wp-content\/uploads\/2022\/04\/editadas-3-768x512.jpg 768w\" sizes=\"auto, (max-width: 1000px) 100vw, 1000px\" \/><\/a><\/figure>\n\n\n\n<figure class=\"wp-block-image size-large\"><a href=\"https:\/\/dioceseteixeiradefreitas.com.br\/wp-content\/uploads\/2022\/04\/editadas-3-2.jpg\"><img loading=\"lazy\" decoding=\"async\" width=\"1000\" height=\"676\" data-id=\"15739\" src=\"https:\/\/dioceseteixeiradefreitas.com.br\/wp-content\/uploads\/2022\/04\/editadas-3-2.jpg\" alt=\"\" class=\"wp-image-15739\" srcset=\"https:\/\/dioceseteixeiradefreitas.com.br\/wp-content\/uploads\/2022\/04\/editadas-3-2.jpg 1000w, https:\/\/dioceseteixeiradefreitas.com.br\/wp-content\/uploads\/2022\/04\/editadas-3-2-300x203.jpg 300w, https:\/\/dioceseteixeiradefreitas.com.br\/wp-content\/uploads\/2022\/04\/editadas-3-2-768x519.jpg 768w, https:\/\/dioceseteixeiradefreitas.com.br\/wp-content\/uploads\/2022\/04\/editadas-3-2-220x150.jpg 220w\" sizes=\"auto, (max-width: 1000px) 100vw, 1000px\" \/><\/a><\/figure>\n\n\n\n<figure class=\"wp-block-image size-large\"><a href=\"https:\/\/dioceseteixeiradefreitas.com.br\/wp-content\/uploads\/2022\/04\/editadas-3-3.jpg\"><img loading=\"lazy\" decoding=\"async\" width=\"1000\" height=\"702\" data-id=\"15740\" src=\"https:\/\/dioceseteixeiradefreitas.com.br\/wp-content\/uploads\/2022\/04\/editadas-3-3.jpg\" alt=\"\" class=\"wp-image-15740\" srcset=\"https:\/\/dioceseteixeiradefreitas.com.br\/wp-content\/uploads\/2022\/04\/editadas-3-3.jpg 1000w, https:\/\/dioceseteixeiradefreitas.com.br\/wp-content\/uploads\/2022\/04\/editadas-3-3-300x211.jpg 300w, https:\/\/dioceseteixeiradefreitas.com.br\/wp-content\/uploads\/2022\/04\/editadas-3-3-768x539.jpg 768w\" sizes=\"auto, (max-width: 1000px) 100vw, 1000px\" \/><\/a><\/figure>\n\n\n\n<figure class=\"wp-block-image size-large\"><a href=\"https:\/\/dioceseteixeiradefreitas.com.br\/wp-content\/uploads\/2022\/04\/editadas-3-4.jpg\"><img loading=\"lazy\" decoding=\"async\" width=\"1000\" height=\"677\" data-id=\"15741\" src=\"https:\/\/dioceseteixeiradefreitas.com.br\/wp-content\/uploads\/2022\/04\/editadas-3-4.jpg\" alt=\"\" class=\"wp-image-15741\" srcset=\"https:\/\/dioceseteixeiradefreitas.com.br\/wp-content\/uploads\/2022\/04\/editadas-3-4.jpg 1000w, https:\/\/dioceseteixeiradefreitas.com.br\/wp-content\/uploads\/2022\/04\/editadas-3-4-300x203.jpg 300w, https:\/\/dioceseteixeiradefreitas.com.br\/wp-content\/uploads\/2022\/04\/editadas-3-4-768x520.jpg 768w, https:\/\/dioceseteixeiradefreitas.com.br\/wp-content\/uploads\/2022\/04\/editadas-3-4-220x150.jpg 220w\" sizes=\"auto, (max-width: 1000px) 100vw, 1000px\" \/><\/a><\/figure>\n\n\n\n<figure class=\"wp-block-image size-large\"><a href=\"https:\/\/dioceseteixeiradefreitas.com.br\/wp-content\/uploads\/2022\/04\/editadas-3-5.jpg\"><img loading=\"lazy\" decoding=\"async\" width=\"1000\" height=\"667\" data-id=\"15742\" src=\"https:\/\/dioceseteixeiradefreitas.com.br\/wp-content\/uploads\/2022\/04\/editadas-3-5.jpg\" alt=\"\" class=\"wp-image-15742\" srcset=\"https:\/\/dioceseteixeiradefreitas.com.br\/wp-content\/uploads\/2022\/04\/editadas-3-5.jpg 1000w, https:\/\/dioceseteixeiradefreitas.com.br\/wp-content\/uploads\/2022\/04\/editadas-3-5-300x200.jpg 300w, https:\/\/dioceseteixeiradefreitas.com.br\/wp-content\/uploads\/2022\/04\/editadas-3-5-768x512.jpg 768w\" sizes=\"auto, (max-width: 1000px) 100vw, 1000px\" \/><\/a><\/figure>\n\n\n\n<figure class=\"wp-block-image size-large\"><a href=\"https:\/\/dioceseteixeiradefreitas.com.br\/wp-content\/uploads\/2022\/04\/editadas-3-6.jpg\"><img loading=\"lazy\" decoding=\"async\" width=\"1000\" height=\"682\" data-id=\"15743\" src=\"https:\/\/dioceseteixeiradefreitas.com.br\/wp-content\/uploads\/2022\/04\/editadas-3-6.jpg\" alt=\"\" class=\"wp-image-15743\" srcset=\"https:\/\/dioceseteixeiradefreitas.com.br\/wp-content\/uploads\/2022\/04\/editadas-3-6.jpg 1000w, https:\/\/dioceseteixeiradefreitas.com.br\/wp-content\/uploads\/2022\/04\/editadas-3-6-300x205.jpg 300w, https:\/\/dioceseteixeiradefreitas.com.br\/wp-content\/uploads\/2022\/04\/editadas-3-6-768x524.jpg 768w, https:\/\/dioceseteixeiradefreitas.com.br\/wp-content\/uploads\/2022\/04\/editadas-3-6-220x150.jpg 220w\" sizes=\"auto, (max-width: 1000px) 100vw, 1000px\" \/><\/a><\/figure>\n\n\n\n<figure class=\"wp-block-image size-large\"><a href=\"https:\/\/dioceseteixeiradefreitas.com.br\/wp-content\/uploads\/2022\/04\/editadas-3-7.jpg\"><img loading=\"lazy\" decoding=\"async\" width=\"1000\" height=\"659\" data-id=\"15744\" src=\"https:\/\/dioceseteixeiradefreitas.com.br\/wp-content\/uploads\/2022\/04\/editadas-3-7.jpg\" alt=\"\" class=\"wp-image-15744\" srcset=\"https:\/\/dioceseteixeiradefreitas.com.br\/wp-content\/uploads\/2022\/04\/editadas-3-7.jpg 1000w, https:\/\/dioceseteixeiradefreitas.com.br\/wp-content\/uploads\/2022\/04\/editadas-3-7-300x198.jpg 300w, https:\/\/dioceseteixeiradefreitas.com.br\/wp-content\/uploads\/2022\/04\/editadas-3-7-768x506.jpg 768w\" sizes=\"auto, (max-width: 1000px) 100vw, 1000px\" \/><\/a><\/figure>\n\n\n\n<figure class=\"wp-block-image size-large\"><a href=\"https:\/\/dioceseteixeiradefreitas.com.br\/wp-content\/uploads\/2022\/04\/editadas-3-8.jpg\"><img loading=\"lazy\" decoding=\"async\" width=\"1000\" height=\"672\" data-id=\"15745\" src=\"https:\/\/dioceseteixeiradefreitas.com.br\/wp-content\/uploads\/2022\/04\/editadas-3-8.jpg\" alt=\"\" class=\"wp-image-15745\" srcset=\"https:\/\/dioceseteixeiradefreitas.com.br\/wp-content\/uploads\/2022\/04\/editadas-3-8.jpg 1000w, https:\/\/dioceseteixeiradefreitas.com.br\/wp-content\/uploads\/2022\/04\/editadas-3-8-300x202.jpg 300w, https:\/\/dioceseteixeiradefreitas.com.br\/wp-content\/uploads\/2022\/04\/editadas-3-8-768x516.jpg 768w\" sizes=\"auto, (max-width: 1000px) 100vw, 1000px\" \/><\/a><\/figure>\n\n\n\n<figure class=\"wp-block-image size-large\"><a href=\"https:\/\/dioceseteixeiradefreitas.com.br\/wp-content\/uploads\/2022\/04\/editadas-3-9.jpg\"><img loading=\"lazy\" decoding=\"async\" width=\"1000\" height=\"667\" data-id=\"15746\" src=\"https:\/\/dioceseteixeiradefreitas.com.br\/wp-content\/uploads\/2022\/04\/editadas-3-9.jpg\" alt=\"\" class=\"wp-image-15746\" srcset=\"https:\/\/dioceseteixeiradefreitas.com.br\/wp-content\/uploads\/2022\/04\/editadas-3-9.jpg 1000w, https:\/\/dioceseteixeiradefreitas.com.br\/wp-content\/uploads\/2022\/04\/editadas-3-9-300x200.jpg 300w, https:\/\/dioceseteixeiradefreitas.com.br\/wp-content\/uploads\/2022\/04\/editadas-3-9-768x512.jpg 768w\" sizes=\"auto, (max-width: 1000px) 100vw, 1000px\" \/><\/a><\/figure>\n\n\n\n<figure class=\"wp-block-image size-large\"><a href=\"https:\/\/dioceseteixeiradefreitas.com.br\/wp-content\/uploads\/2022\/04\/editadas-3-10.jpg\"><img loading=\"lazy\" decoding=\"async\" width=\"1000\" height=\"680\" data-id=\"15747\" src=\"https:\/\/dioceseteixeiradefreitas.com.br\/wp-content\/uploads\/2022\/04\/editadas-3-10.jpg\" alt=\"\" class=\"wp-image-15747\" srcset=\"https:\/\/dioceseteixeiradefreitas.com.br\/wp-content\/uploads\/2022\/04\/editadas-3-10.jpg 1000w, https:\/\/dioceseteixeiradefreitas.com.br\/wp-content\/uploads\/2022\/04\/editadas-3-10-300x204.jpg 300w, https:\/\/dioceseteixeiradefreitas.com.br\/wp-content\/uploads\/2022\/04\/editadas-3-10-768x522.jpg 768w, https:\/\/dioceseteixeiradefreitas.com.br\/wp-content\/uploads\/2022\/04\/editadas-3-10-220x150.jpg 220w\" sizes=\"auto, (max-width: 1000px) 100vw, 1000px\" \/><\/a><\/figure>\n\n\n\n<figure class=\"wp-block-image size-large\"><a href=\"https:\/\/dioceseteixeiradefreitas.com.br\/wp-content\/uploads\/2022\/04\/editadas-3-12.jpg\"><img loading=\"lazy\" decoding=\"async\" width=\"1000\" height=\"562\" data-id=\"15749\" src=\"https:\/\/dioceseteixeiradefreitas.com.br\/wp-content\/uploads\/2022\/04\/editadas-3-12.jpg\" alt=\"\" class=\"wp-image-15749\" srcset=\"https:\/\/dioceseteixeiradefreitas.com.br\/wp-content\/uploads\/2022\/04\/editadas-3-12.jpg 1000w, https:\/\/dioceseteixeiradefreitas.com.br\/wp-content\/uploads\/2022\/04\/editadas-3-12-300x169.jpg 300w, https:\/\/dioceseteixeiradefreitas.com.br\/wp-content\/uploads\/2022\/04\/editadas-3-12-768x432.jpg 768w, https:\/\/dioceseteixeiradefreitas.com.br\/wp-content\/uploads\/2022\/04\/editadas-3-12-390x220.jpg 390w\" sizes=\"auto, (max-width: 1000px) 100vw, 1000px\" \/><\/a><\/figure>\n\n\n\n<figure class=\"wp-block-image size-large\"><a href=\"https:\/\/dioceseteixeiradefreitas.com.br\/wp-content\/uploads\/2022\/04\/editadas-3-13.jpg\"><img loading=\"lazy\" decoding=\"async\" width=\"1000\" height=\"678\" data-id=\"15750\" src=\"https:\/\/dioceseteixeiradefreitas.com.br\/wp-content\/uploads\/2022\/04\/editadas-3-13.jpg\" alt=\"\" class=\"wp-image-15750\" srcset=\"https:\/\/dioceseteixeiradefreitas.com.br\/wp-content\/uploads\/2022\/04\/editadas-3-13.jpg 1000w, https:\/\/dioceseteixeiradefreitas.com.br\/wp-content\/uploads\/2022\/04\/editadas-3-13-300x203.jpg 300w, https:\/\/dioceseteixeiradefreitas.com.br\/wp-content\/uploads\/2022\/04\/editadas-3-13-768x521.jpg 768w, https:\/\/dioceseteixeiradefreitas.com.br\/wp-content\/uploads\/2022\/04\/editadas-3-13-220x150.jpg 220w\" sizes=\"auto, (max-width: 1000px) 100vw, 1000px\" \/><\/a><\/figure>\n\n\n\n<figure class=\"wp-block-image size-large\"><a href=\"https:\/\/dioceseteixeiradefreitas.com.br\/wp-content\/uploads\/2022\/04\/editadas-3-14.jpg\"><img loading=\"lazy\" decoding=\"async\" width=\"1000\" height=\"675\" data-id=\"15751\" src=\"https:\/\/dioceseteixeiradefreitas.com.br\/wp-content\/uploads\/2022\/04\/editadas-3-14.jpg\" alt=\"\" class=\"wp-image-15751\" srcset=\"https:\/\/dioceseteixeiradefreitas.com.br\/wp-content\/uploads\/2022\/04\/editadas-3-14.jpg 1000w, https:\/\/dioceseteixeiradefreitas.com.br\/wp-content\/uploads\/2022\/04\/editadas-3-14-300x203.jpg 300w, https:\/\/dioceseteixeiradefreitas.com.br\/wp-content\/uploads\/2022\/04\/editadas-3-14-768x518.jpg 768w, https:\/\/dioceseteixeiradefreitas.com.br\/wp-content\/uploads\/2022\/04\/editadas-3-14-220x150.jpg 220w\" sizes=\"auto, (max-width: 1000px) 100vw, 1000px\" \/><\/a><\/figure>\n\n\n\n<figure class=\"wp-block-image size-large\"><a href=\"https:\/\/dioceseteixeiradefreitas.com.br\/wp-content\/uploads\/2022\/04\/editadas-3-15.jpg\"><img loading=\"lazy\" decoding=\"async\" width=\"1000\" height=\"658\" data-id=\"15752\" src=\"https:\/\/dioceseteixeiradefreitas.com.br\/wp-content\/uploads\/2022\/04\/editadas-3-15.jpg\" alt=\"\" class=\"wp-image-15752\" srcset=\"https:\/\/dioceseteixeiradefreitas.com.br\/wp-content\/uploads\/2022\/04\/editadas-3-15.jpg 1000w, https:\/\/dioceseteixeiradefreitas.com.br\/wp-content\/uploads\/2022\/04\/editadas-3-15-300x197.jpg 300w, https:\/\/dioceseteixeiradefreitas.com.br\/wp-content\/uploads\/2022\/04\/editadas-3-15-768x505.jpg 768w\" sizes=\"auto, (max-width: 1000px) 100vw, 1000px\" \/><\/a><\/figure>\n\n\n\n<figure class=\"wp-block-image size-large\"><a href=\"https:\/\/dioceseteixeiradefreitas.com.br\/wp-content\/uploads\/2022\/04\/editadas-3-19.jpg\"><img loading=\"lazy\" decoding=\"async\" width=\"1000\" height=\"874\" data-id=\"15753\" src=\"https:\/\/dioceseteixeiradefreitas.com.br\/wp-content\/uploads\/2022\/04\/editadas-3-19.jpg\" alt=\"\" class=\"wp-image-15753\" srcset=\"https:\/\/dioceseteixeiradefreitas.com.br\/wp-content\/uploads\/2022\/04\/editadas-3-19.jpg 1000w, https:\/\/dioceseteixeiradefreitas.com.br\/wp-content\/uploads\/2022\/04\/editadas-3-19-300x262.jpg 300w, https:\/\/dioceseteixeiradefreitas.com.br\/wp-content\/uploads\/2022\/04\/editadas-3-19-768x671.jpg 768w\" sizes=\"auto, (max-width: 1000px) 100vw, 1000px\" \/><\/a><\/figure>\n\n\n\n<figure class=\"wp-block-image size-large\"><a href=\"https:\/\/dioceseteixeiradefreitas.com.br\/wp-content\/uploads\/2022\/04\/editadas-3-22.jpg\"><img loading=\"lazy\" decoding=\"async\" width=\"1000\" height=\"584\" data-id=\"15754\" src=\"https:\/\/dioceseteixeiradefreitas.com.br\/wp-content\/uploads\/2022\/04\/editadas-3-22.jpg\" alt=\"\" class=\"wp-image-15754\" srcset=\"https:\/\/dioceseteixeiradefreitas.com.br\/wp-content\/uploads\/2022\/04\/editadas-3-22.jpg 1000w, https:\/\/dioceseteixeiradefreitas.com.br\/wp-content\/uploads\/2022\/04\/editadas-3-22-300x175.jpg 300w, https:\/\/dioceseteixeiradefreitas.com.br\/wp-content\/uploads\/2022\/04\/editadas-3-22-768x449.jpg 768w\" sizes=\"auto, (max-width: 1000px) 100vw, 1000px\" \/><\/a><\/figure>\n\n\n\n<figure class=\"wp-block-image size-large\"><a href=\"https:\/\/dioceseteixeiradefreitas.com.br\/wp-content\/uploads\/2022\/04\/editadas-3-23.jpg\"><img loading=\"lazy\" decoding=\"async\" width=\"1000\" height=\"743\" data-id=\"15755\" src=\"https:\/\/dioceseteixeiradefreitas.com.br\/wp-content\/uploads\/2022\/04\/editadas-3-23.jpg\" alt=\"\" class=\"wp-image-15755\" srcset=\"https:\/\/dioceseteixeiradefreitas.com.br\/wp-content\/uploads\/2022\/04\/editadas-3-23.jpg 1000w, https:\/\/dioceseteixeiradefreitas.com.br\/wp-content\/uploads\/2022\/04\/editadas-3-23-300x223.jpg 300w, https:\/\/dioceseteixeiradefreitas.com.br\/wp-content\/uploads\/2022\/04\/editadas-3-23-768x571.jpg 768w\" sizes=\"auto, (max-width: 1000px) 100vw, 1000px\" \/><\/a><\/figure>\n\n\n\n<figure class=\"wp-block-image size-large\"><a href=\"https:\/\/dioceseteixeiradefreitas.com.br\/wp-content\/uploads\/2022\/04\/editadas-3-24.jpg\"><img loading=\"lazy\" decoding=\"async\" width=\"1000\" height=\"796\" data-id=\"15756\" src=\"https:\/\/dioceseteixeiradefreitas.com.br\/wp-content\/uploads\/2022\/04\/editadas-3-24.jpg\" alt=\"\" class=\"wp-image-15756\" srcset=\"https:\/\/dioceseteixeiradefreitas.com.br\/wp-content\/uploads\/2022\/04\/editadas-3-24.jpg 1000w, https:\/\/dioceseteixeiradefreitas.com.br\/wp-content\/uploads\/2022\/04\/editadas-3-24-300x239.jpg 300w, https:\/\/dioceseteixeiradefreitas.com.br\/wp-content\/uploads\/2022\/04\/editadas-3-24-768x611.jpg 768w\" sizes=\"auto, (max-width: 1000px) 100vw, 1000px\" \/><\/a><\/figure>\n\n\n\n<figure class=\"wp-block-image size-large\"><a href=\"https:\/\/dioceseteixeiradefreitas.com.br\/wp-content\/uploads\/2022\/04\/editadas-3-25.jpg\"><img loading=\"lazy\" decoding=\"async\" width=\"1000\" height=\"647\" data-id=\"15757\" src=\"https:\/\/dioceseteixeiradefreitas.com.br\/wp-content\/uploads\/2022\/04\/editadas-3-25.jpg\" alt=\"\" class=\"wp-image-15757\" srcset=\"https:\/\/dioceseteixeiradefreitas.com.br\/wp-content\/uploads\/2022\/04\/editadas-3-25.jpg 1000w, https:\/\/dioceseteixeiradefreitas.com.br\/wp-content\/uploads\/2022\/04\/editadas-3-25-300x194.jpg 300w, https:\/\/dioceseteixeiradefreitas.com.br\/wp-content\/uploads\/2022\/04\/editadas-3-25-768x497.jpg 768w\" sizes=\"auto, (max-width: 1000px) 100vw, 1000px\" \/><\/a><\/figure>\n\n\n\n<figure class=\"wp-block-image size-large\"><a href=\"https:\/\/dioceseteixeiradefreitas.com.br\/wp-content\/uploads\/2022\/04\/editadas-3-26.jpg\"><img loading=\"lazy\" decoding=\"async\" width=\"1000\" height=\"712\" data-id=\"15758\" src=\"https:\/\/dioceseteixeiradefreitas.com.br\/wp-content\/uploads\/2022\/04\/editadas-3-26.jpg\" alt=\"\" class=\"wp-image-15758\" srcset=\"https:\/\/dioceseteixeiradefreitas.com.br\/wp-content\/uploads\/2022\/04\/editadas-3-26.jpg 1000w, https:\/\/dioceseteixeiradefreitas.com.br\/wp-content\/uploads\/2022\/04\/editadas-3-26-300x214.jpg 300w, https:\/\/dioceseteixeiradefreitas.com.br\/wp-content\/uploads\/2022\/04\/editadas-3-26-768x547.jpg 768w\" sizes=\"auto, (max-width: 1000px) 100vw, 1000px\" \/><\/a><\/figure>\n\n\n\n<figure class=\"wp-block-image size-large\"><a href=\"https:\/\/dioceseteixeiradefreitas.com.br\/wp-content\/uploads\/2022\/04\/editadas-3-27.jpg\"><img loading=\"lazy\" decoding=\"async\" width=\"1000\" height=\"684\" data-id=\"15759\" src=\"https:\/\/dioceseteixeiradefreitas.com.br\/wp-content\/uploads\/2022\/04\/editadas-3-27.jpg\" alt=\"\" class=\"wp-image-15759\" srcset=\"https:\/\/dioceseteixeiradefreitas.com.br\/wp-content\/uploads\/2022\/04\/editadas-3-27.jpg 1000w, https:\/\/dioceseteixeiradefreitas.com.br\/wp-content\/uploads\/2022\/04\/editadas-3-27-300x205.jpg 300w, https:\/\/dioceseteixeiradefreitas.com.br\/wp-content\/uploads\/2022\/04\/editadas-3-27-768x525.jpg 768w, https:\/\/dioceseteixeiradefreitas.com.br\/wp-content\/uploads\/2022\/04\/editadas-3-27-220x150.jpg 220w\" sizes=\"auto, (max-width: 1000px) 100vw, 1000px\" \/><\/a><\/figure>\n\n\n\n<figure class=\"wp-block-image size-large\"><a href=\"https:\/\/dioceseteixeiradefreitas.com.br\/wp-content\/uploads\/2022\/04\/editadas-3-28.jpg\"><img loading=\"lazy\" decoding=\"async\" width=\"1000\" height=\"617\" data-id=\"15760\" src=\"https:\/\/dioceseteixeiradefreitas.com.br\/wp-content\/uploads\/2022\/04\/editadas-3-28.jpg\" alt=\"\" class=\"wp-image-15760\" srcset=\"https:\/\/dioceseteixeiradefreitas.com.br\/wp-content\/uploads\/2022\/04\/editadas-3-28.jpg 1000w, https:\/\/dioceseteixeiradefreitas.com.br\/wp-content\/uploads\/2022\/04\/editadas-3-28-300x185.jpg 300w, https:\/\/dioceseteixeiradefreitas.com.br\/wp-content\/uploads\/2022\/04\/editadas-3-28-768x474.jpg 768w\" sizes=\"auto, (max-width: 1000px) 100vw, 1000px\" \/><\/a><\/figure>\n\n\n\n<figure class=\"wp-block-image size-large\"><a href=\"https:\/\/dioceseteixeiradefreitas.com.br\/wp-content\/uploads\/2022\/04\/editadas-3-29.jpg\"><img loading=\"lazy\" decoding=\"async\" width=\"1000\" height=\"672\" data-id=\"15761\" src=\"https:\/\/dioceseteixeiradefreitas.com.br\/wp-content\/uploads\/2022\/04\/editadas-3-29.jpg\" alt=\"\" class=\"wp-image-15761\" srcset=\"https:\/\/dioceseteixeiradefreitas.com.br\/wp-content\/uploads\/2022\/04\/editadas-3-29.jpg 1000w, https:\/\/dioceseteixeiradefreitas.com.br\/wp-content\/uploads\/2022\/04\/editadas-3-29-300x202.jpg 300w, https:\/\/dioceseteixeiradefreitas.com.br\/wp-content\/uploads\/2022\/04\/editadas-3-29-768x516.jpg 768w\" sizes=\"auto, (max-width: 1000px) 100vw, 1000px\" \/><\/a><\/figure>\n\n\n\n<figure class=\"wp-block-image size-large\"><a href=\"https:\/\/dioceseteixeiradefreitas.com.br\/wp-content\/uploads\/2022\/04\/editadas-3-30.jpg\"><img loading=\"lazy\" decoding=\"async\" width=\"1000\" height=\"667\" data-id=\"15762\" src=\"https:\/\/dioceseteixeiradefreitas.com.br\/wp-content\/uploads\/2022\/04\/editadas-3-30.jpg\" alt=\"\" class=\"wp-image-15762\" srcset=\"https:\/\/dioceseteixeiradefreitas.com.br\/wp-content\/uploads\/2022\/04\/editadas-3-30.jpg 1000w, https:\/\/dioceseteixeiradefreitas.com.br\/wp-content\/uploads\/2022\/04\/editadas-3-30-300x200.jpg 300w, https:\/\/dioceseteixeiradefreitas.com.br\/wp-content\/uploads\/2022\/04\/editadas-3-30-768x512.jpg 768w\" sizes=\"auto, (max-width: 1000px) 100vw, 1000px\" \/><\/a><\/figure>\n\n\n\n<figure class=\"wp-block-image size-large\"><a href=\"https:\/\/dioceseteixeiradefreitas.com.br\/wp-content\/uploads\/2022\/04\/editadas-3-31.jpg\"><img loading=\"lazy\" decoding=\"async\" width=\"1000\" height=\"694\" data-id=\"15763\" src=\"https:\/\/dioceseteixeiradefreitas.com.br\/wp-content\/uploads\/2022\/04\/editadas-3-31.jpg\" alt=\"\" class=\"wp-image-15763\" srcset=\"https:\/\/dioceseteixeiradefreitas.com.br\/wp-content\/uploads\/2022\/04\/editadas-3-31.jpg 1000w, https:\/\/dioceseteixeiradefreitas.com.br\/wp-content\/uploads\/2022\/04\/editadas-3-31-300x208.jpg 300w, https:\/\/dioceseteixeiradefreitas.com.br\/wp-content\/uploads\/2022\/04\/editadas-3-31-768x533.jpg 768w\" sizes=\"auto, (max-width: 1000px) 100vw, 1000px\" \/><\/a><\/figure>\n\n\n\n<figure class=\"wp-block-image size-large\"><a href=\"https:\/\/dioceseteixeiradefreitas.com.br\/wp-content\/uploads\/2022\/04\/editadas-3-32.jpg\"><img loading=\"lazy\" decoding=\"async\" width=\"1000\" height=\"750\" data-id=\"15764\" src=\"https:\/\/dioceseteixeiradefreitas.com.br\/wp-content\/uploads\/2022\/04\/editadas-3-32.jpg\" alt=\"\" class=\"wp-image-15764\" srcset=\"https:\/\/dioceseteixeiradefreitas.com.br\/wp-content\/uploads\/2022\/04\/editadas-3-32.jpg 1000w, https:\/\/dioceseteixeiradefreitas.com.br\/wp-content\/uploads\/2022\/04\/editadas-3-32-300x225.jpg 300w, https:\/\/dioceseteixeiradefreitas.com.br\/wp-content\/uploads\/2022\/04\/editadas-3-32-768x576.jpg 768w\" sizes=\"auto, (max-width: 1000px) 100vw, 1000px\" \/><\/a><\/figure>\n\n\n\n<figure class=\"wp-block-image size-large\"><a href=\"https:\/\/dioceseteixeiradefreitas.com.br\/wp-content\/uploads\/2022\/04\/editadas-3-33.jpg\"><img loading=\"lazy\" decoding=\"async\" width=\"1000\" height=\"613\" data-id=\"15765\" src=\"https:\/\/dioceseteixeiradefreitas.com.br\/wp-content\/uploads\/2022\/04\/editadas-3-33.jpg\" alt=\"\" class=\"wp-image-15765\" srcset=\"https:\/\/dioceseteixeiradefreitas.com.br\/wp-content\/uploads\/2022\/04\/editadas-3-33.jpg 1000w, https:\/\/dioceseteixeiradefreitas.com.br\/wp-content\/uploads\/2022\/04\/editadas-3-33-300x184.jpg 300w, https:\/\/dioceseteixeiradefreitas.com.br\/wp-content\/uploads\/2022\/04\/editadas-3-33-768x471.jpg 768w\" sizes=\"auto, (max-width: 1000px) 100vw, 1000px\" \/><\/a><\/figure>\n\n\n\n<figure class=\"wp-block-image size-large\"><a href=\"https:\/\/dioceseteixeiradefreitas.com.br\/wp-content\/uploads\/2022\/04\/editadas-3-34.jpg\"><img loading=\"lazy\" decoding=\"async\" width=\"1000\" height=\"667\" data-id=\"15766\" src=\"https:\/\/dioceseteixeiradefreitas.com.br\/wp-content\/uploads\/2022\/04\/editadas-3-34.jpg\" alt=\"\" class=\"wp-image-15766\" srcset=\"https:\/\/dioceseteixeiradefreitas.com.br\/wp-content\/uploads\/2022\/04\/editadas-3-34.jpg 1000w, https:\/\/dioceseteixeiradefreitas.com.br\/wp-content\/uploads\/2022\/04\/editadas-3-34-300x200.jpg 300w, https:\/\/dioceseteixeiradefreitas.com.br\/wp-content\/uploads\/2022\/04\/editadas-3-34-768x512.jpg 768w\" sizes=\"auto, (max-width: 1000px) 100vw, 1000px\" \/><\/a><\/figure>\n\n\n\n<figure class=\"wp-block-image size-large\"><a href=\"https:\/\/dioceseteixeiradefreitas.com.br\/wp-content\/uploads\/2022\/04\/editadas-3-35.jpg\"><img loading=\"lazy\" decoding=\"async\" width=\"1000\" height=\"643\" data-id=\"15767\" src=\"https:\/\/dioceseteixeiradefreitas.com.br\/wp-content\/uploads\/2022\/04\/editadas-3-35.jpg\" alt=\"\" class=\"wp-image-15767\" srcset=\"https:\/\/dioceseteixeiradefreitas.com.br\/wp-content\/uploads\/2022\/04\/editadas-3-35.jpg 1000w, https:\/\/dioceseteixeiradefreitas.com.br\/wp-content\/uploads\/2022\/04\/editadas-3-35-300x193.jpg 300w, https:\/\/dioceseteixeiradefreitas.com.br\/wp-content\/uploads\/2022\/04\/editadas-3-35-768x494.jpg 768w\" sizes=\"auto, (max-width: 1000px) 100vw, 1000px\" \/><\/a><\/figure>\n\n\n\n<figure class=\"wp-block-image size-large\"><a href=\"https:\/\/dioceseteixeiradefreitas.com.br\/wp-content\/uploads\/2022\/04\/editadas-3-36.jpg\"><img loading=\"lazy\" decoding=\"async\" width=\"1000\" height=\"699\" data-id=\"15768\" src=\"https:\/\/dioceseteixeiradefreitas.com.br\/wp-content\/uploads\/2022\/04\/editadas-3-36.jpg\" alt=\"\" class=\"wp-image-15768\" srcset=\"https:\/\/dioceseteixeiradefreitas.com.br\/wp-content\/uploads\/2022\/04\/editadas-3-36.jpg 1000w, https:\/\/dioceseteixeiradefreitas.com.br\/wp-content\/uploads\/2022\/04\/editadas-3-36-300x210.jpg 300w, https:\/\/dioceseteixeiradefreitas.com.br\/wp-content\/uploads\/2022\/04\/editadas-3-36-768x537.jpg 768w\" sizes=\"auto, (max-width: 1000px) 100vw, 1000px\" \/><\/a><\/figure>\n\n\n\n<figure class=\"wp-block-image size-large\"><a href=\"https:\/\/dioceseteixeiradefreitas.com.br\/wp-content\/uploads\/2022\/04\/editadas-3-38.jpg\"><img loading=\"lazy\" decoding=\"async\" width=\"1000\" height=\"667\" data-id=\"15770\" src=\"https:\/\/dioceseteixeiradefreitas.com.br\/wp-content\/uploads\/2022\/04\/editadas-3-38.jpg\" alt=\"\" class=\"wp-image-15770\" srcset=\"https:\/\/dioceseteixeiradefreitas.com.br\/wp-content\/uploads\/2022\/04\/editadas-3-38.jpg 1000w, https:\/\/dioceseteixeiradefreitas.com.br\/wp-content\/uploads\/2022\/04\/editadas-3-38-300x200.jpg 300w, https:\/\/dioceseteixeiradefreitas.com.br\/wp-content\/uploads\/2022\/04\/editadas-3-38-768x512.jpg 768w\" sizes=\"auto, (max-width: 1000px) 100vw, 1000px\" \/><\/a><\/figure>\n\n\n\n<figure class=\"wp-block-image size-large\"><a href=\"https:\/\/dioceseteixeiradefreitas.com.br\/wp-content\/uploads\/2022\/04\/editadas-3-39.jpg\"><img loading=\"lazy\" decoding=\"async\" width=\"1000\" height=\"667\" data-id=\"15771\" src=\"https:\/\/dioceseteixeiradefreitas.com.br\/wp-content\/uploads\/2022\/04\/editadas-3-39.jpg\" alt=\"\" class=\"wp-image-15771\" srcset=\"https:\/\/dioceseteixeiradefreitas.com.br\/wp-content\/uploads\/2022\/04\/editadas-3-39.jpg 1000w, https:\/\/dioceseteixeiradefreitas.com.br\/wp-content\/uploads\/2022\/04\/editadas-3-39-300x200.jpg 300w, https:\/\/dioceseteixeiradefreitas.com.br\/wp-content\/uploads\/2022\/04\/editadas-3-39-768x512.jpg 768w\" sizes=\"auto, (max-width: 1000px) 100vw, 1000px\" \/><\/a><\/figure>\n\n\n\n<figure class=\"wp-block-image size-large\"><a href=\"https:\/\/dioceseteixeiradefreitas.com.br\/wp-content\/uploads\/2022\/04\/editadas-3-40.jpg\"><img loading=\"lazy\" decoding=\"async\" width=\"1000\" height=\"679\" data-id=\"15772\" src=\"https:\/\/dioceseteixeiradefreitas.com.br\/wp-content\/uploads\/2022\/04\/editadas-3-40.jpg\" alt=\"\" class=\"wp-image-15772\" srcset=\"https:\/\/dioceseteixeiradefreitas.com.br\/wp-content\/uploads\/2022\/04\/editadas-3-40.jpg 1000w, https:\/\/dioceseteixeiradefreitas.com.br\/wp-content\/uploads\/2022\/04\/editadas-3-40-300x204.jpg 300w, https:\/\/dioceseteixeiradefreitas.com.br\/wp-content\/uploads\/2022\/04\/editadas-3-40-768x521.jpg 768w, https:\/\/dioceseteixeiradefreitas.com.br\/wp-content\/uploads\/2022\/04\/editadas-3-40-220x150.jpg 220w\" sizes=\"auto, (max-width: 1000px) 100vw, 1000px\" \/><\/a><\/figure>\n\n\n\n<figure class=\"wp-block-image size-large\"><a href=\"https:\/\/dioceseteixeiradefreitas.com.br\/wp-content\/uploads\/2022\/04\/editadas-3-41.jpg\"><img loading=\"lazy\" decoding=\"async\" width=\"1000\" height=\"667\" data-id=\"15773\" src=\"https:\/\/dioceseteixeiradefreitas.com.br\/wp-content\/uploads\/2022\/04\/editadas-3-41.jpg\" alt=\"\" class=\"wp-image-15773\" srcset=\"https:\/\/dioceseteixeiradefreitas.com.br\/wp-content\/uploads\/2022\/04\/editadas-3-41.jpg 1000w, https:\/\/dioceseteixeiradefreitas.com.br\/wp-content\/uploads\/2022\/04\/editadas-3-41-300x200.jpg 300w, https:\/\/dioceseteixeiradefreitas.com.br\/wp-content\/uploads\/2022\/04\/editadas-3-41-768x512.jpg 768w\" sizes=\"auto, (max-width: 1000px) 100vw, 1000px\" \/><\/a><\/figure>\n\n\n\n<figure class=\"wp-block-image size-large\"><a href=\"https:\/\/dioceseteixeiradefreitas.com.br\/wp-content\/uploads\/2022\/04\/editadas-3-42.jpg\"><img loading=\"lazy\" decoding=\"async\" width=\"1000\" height=\"667\" data-id=\"15774\" src=\"https:\/\/dioceseteixeiradefreitas.com.br\/wp-content\/uploads\/2022\/04\/editadas-3-42.jpg\" alt=\"\" class=\"wp-image-15774\" srcset=\"https:\/\/dioceseteixeiradefreitas.com.br\/wp-content\/uploads\/2022\/04\/editadas-3-42.jpg 1000w, https:\/\/dioceseteixeiradefreitas.com.br\/wp-content\/uploads\/2022\/04\/editadas-3-42-300x200.jpg 300w, https:\/\/dioceseteixeiradefreitas.com.br\/wp-content\/uploads\/2022\/04\/editadas-3-42-768x512.jpg 768w\" sizes=\"auto, (max-width: 1000px) 100vw, 1000px\" \/><\/a><\/figure>\n\n\n\n<figure class=\"wp-block-image size-large\"><a href=\"https:\/\/dioceseteixeiradefreitas.com.br\/wp-content\/uploads\/2022\/04\/editadas-3-43.jpg\"><img loading=\"lazy\" decoding=\"async\" width=\"1000\" height=\"667\" data-id=\"15775\" src=\"https:\/\/dioceseteixeiradefreitas.com.br\/wp-content\/uploads\/2022\/04\/editadas-3-43.jpg\" alt=\"\" class=\"wp-image-15775\" srcset=\"https:\/\/dioceseteixeiradefreitas.com.br\/wp-content\/uploads\/2022\/04\/editadas-3-43.jpg 1000w, https:\/\/dioceseteixeiradefreitas.com.br\/wp-content\/uploads\/2022\/04\/editadas-3-43-300x200.jpg 300w, https:\/\/dioceseteixeiradefreitas.com.br\/wp-content\/uploads\/2022\/04\/editadas-3-43-768x512.jpg 768w\" sizes=\"auto, (max-width: 1000px) 100vw, 1000px\" \/><\/a><\/figure>\n\n\n\n<figure class=\"wp-block-image size-large\"><a href=\"https:\/\/dioceseteixeiradefreitas.com.br\/wp-content\/uploads\/2022\/04\/editadas-3-44.jpg\"><img loading=\"lazy\" decoding=\"async\" width=\"1000\" height=\"667\" data-id=\"15776\" src=\"https:\/\/dioceseteixeiradefreitas.com.br\/wp-content\/uploads\/2022\/04\/editadas-3-44.jpg\" alt=\"\" class=\"wp-image-15776\" srcset=\"https:\/\/dioceseteixeiradefreitas.com.br\/wp-content\/uploads\/2022\/04\/editadas-3-44.jpg 1000w, https:\/\/dioceseteixeiradefreitas.com.br\/wp-content\/uploads\/2022\/04\/editadas-3-44-300x200.jpg 300w, https:\/\/dioceseteixeiradefreitas.com.br\/wp-content\/uploads\/2022\/04\/editadas-3-44-768x512.jpg 768w\" sizes=\"auto, (max-width: 1000px) 100vw, 1000px\" \/><\/a><\/figure>\n\n\n\n<figure class=\"wp-block-image size-large\"><a href=\"https:\/\/dioceseteixeiradefreitas.com.br\/wp-content\/uploads\/2022\/04\/editadas-3-45.jpg\"><img loading=\"lazy\" decoding=\"async\" width=\"1000\" height=\"667\" data-id=\"15777\" src=\"https:\/\/dioceseteixeiradefreitas.com.br\/wp-content\/uploads\/2022\/04\/editadas-3-45.jpg\" alt=\"\" class=\"wp-image-15777\" srcset=\"https:\/\/dioceseteixeiradefreitas.com.br\/wp-content\/uploads\/2022\/04\/editadas-3-45.jpg 1000w, https:\/\/dioceseteixeiradefreitas.com.br\/wp-content\/uploads\/2022\/04\/editadas-3-45-300x200.jpg 300w, https:\/\/dioceseteixeiradefreitas.com.br\/wp-content\/uploads\/2022\/04\/editadas-3-45-768x512.jpg 768w\" sizes=\"auto, (max-width: 1000px) 100vw, 1000px\" \/><\/a><\/figure>\n\n\n\n<figure class=\"wp-block-image size-large\"><a href=\"https:\/\/dioceseteixeiradefreitas.com.br\/wp-content\/uploads\/2022\/04\/editadas-3-46.jpg\"><img loading=\"lazy\" decoding=\"async\" width=\"1000\" height=\"667\" data-id=\"15778\" src=\"https:\/\/dioceseteixeiradefreitas.com.br\/wp-content\/uploads\/2022\/04\/editadas-3-46.jpg\" alt=\"\" class=\"wp-image-15778\" srcset=\"https:\/\/dioceseteixeiradefreitas.com.br\/wp-content\/uploads\/2022\/04\/editadas-3-46.jpg 1000w, https:\/\/dioceseteixeiradefreitas.com.br\/wp-content\/uploads\/2022\/04\/editadas-3-46-300x200.jpg 300w, https:\/\/dioceseteixeiradefreitas.com.br\/wp-content\/uploads\/2022\/04\/editadas-3-46-768x512.jpg 768w\" sizes=\"auto, (max-width: 1000px) 100vw, 1000px\" \/><\/a><\/figure>\n\n\n\n<figure class=\"wp-block-image size-large\"><a href=\"https:\/\/dioceseteixeiradefreitas.com.br\/wp-content\/uploads\/2022\/04\/editadas-3-47.jpg\"><img loading=\"lazy\" decoding=\"async\" width=\"1000\" height=\"667\" data-id=\"15779\" src=\"https:\/\/dioceseteixeiradefreitas.com.br\/wp-content\/uploads\/2022\/04\/editadas-3-47.jpg\" alt=\"\" class=\"wp-image-15779\" srcset=\"https:\/\/dioceseteixeiradefreitas.com.br\/wp-content\/uploads\/2022\/04\/editadas-3-47.jpg 1000w, https:\/\/dioceseteixeiradefreitas.com.br\/wp-content\/uploads\/2022\/04\/editadas-3-47-300x200.jpg 300w, https:\/\/dioceseteixeiradefreitas.com.br\/wp-content\/uploads\/2022\/04\/editadas-3-47-768x512.jpg 768w\" sizes=\"auto, (max-width: 1000px) 100vw, 1000px\" \/><\/a><\/figure>\n\n\n\n<figure class=\"wp-block-image size-large\"><a href=\"https:\/\/dioceseteixeiradefreitas.com.br\/wp-content\/uploads\/2022\/04\/editadas-3-48.jpg\"><img loading=\"lazy\" decoding=\"async\" width=\"1000\" height=\"662\" data-id=\"15780\" src=\"https:\/\/dioceseteixeiradefreitas.com.br\/wp-content\/uploads\/2022\/04\/editadas-3-48.jpg\" alt=\"\" class=\"wp-image-15780\" srcset=\"https:\/\/dioceseteixeiradefreitas.com.br\/wp-content\/uploads\/2022\/04\/editadas-3-48.jpg 1000w, https:\/\/dioceseteixeiradefreitas.com.br\/wp-content\/uploads\/2022\/04\/editadas-3-48-300x199.jpg 300w, https:\/\/dioceseteixeiradefreitas.com.br\/wp-content\/uploads\/2022\/04\/editadas-3-48-768x508.jpg 768w\" sizes=\"auto, (max-width: 1000px) 100vw, 1000px\" \/><\/a><\/figure>\n\n\n\n<figure class=\"wp-block-image size-large\"><a href=\"https:\/\/dioceseteixeiradefreitas.com.br\/wp-content\/uploads\/2022\/04\/editadas-3-17.jpg\"><img loading=\"lazy\" decoding=\"async\" width=\"1000\" height=\"667\" data-id=\"15782\" src=\"https:\/\/dioceseteixeiradefreitas.com.br\/wp-content\/uploads\/2022\/04\/editadas-3-17.jpg\" alt=\"\" class=\"wp-image-15782\" srcset=\"https:\/\/dioceseteixeiradefreitas.com.br\/wp-content\/uploads\/2022\/04\/editadas-3-17.jpg 1000w, https:\/\/dioceseteixeiradefreitas.com.br\/wp-content\/uploads\/2022\/04\/editadas-3-17-300x200.jpg 300w, https:\/\/dioceseteixeiradefreitas.com.br\/wp-content\/uploads\/2022\/04\/editadas-3-17-768x512.jpg 768w\" sizes=\"auto, (max-width: 1000px) 100vw, 1000px\" \/><\/a><\/figure>\n\n\n\n<figure class=\"wp-block-image size-large\"><a href=\"https:\/\/dioceseteixeiradefreitas.com.br\/wp-content\/uploads\/2022\/04\/editadas-3-21.jpg\"><img loading=\"lazy\" decoding=\"async\" width=\"1000\" height=\"667\" data-id=\"15783\" src=\"https:\/\/dioceseteixeiradefreitas.com.br\/wp-content\/uploads\/2022\/04\/editadas-3-21.jpg\" alt=\"\" class=\"wp-image-15783\" srcset=\"https:\/\/dioceseteixeiradefreitas.com.br\/wp-content\/uploads\/2022\/04\/editadas-3-21.jpg 1000w, https:\/\/dioceseteixeiradefreitas.com.br\/wp-content\/uploads\/2022\/04\/editadas-3-21-300x200.jpg 300w, https:\/\/dioceseteixeiradefreitas.com.br\/wp-content\/uploads\/2022\/04\/editadas-3-21-768x512.jpg 768w\" sizes=\"auto, (max-width: 1000px) 100vw, 1000px\" \/><\/a><\/figure>\n\n\n\n<figure class=\"wp-block-image size-large\"><a href=\"https:\/\/dioceseteixeiradefreitas.com.br\/wp-content\/uploads\/2022\/04\/editadas-3-49.jpg\"><img loading=\"lazy\" decoding=\"async\" width=\"1000\" height=\"552\" data-id=\"15781\" src=\"https:\/\/dioceseteixeiradefreitas.com.br\/wp-content\/uploads\/2022\/04\/editadas-3-49.jpg\" alt=\"\" class=\"wp-image-15781\" srcset=\"https:\/\/dioceseteixeiradefreitas.com.br\/wp-content\/uploads\/2022\/04\/editadas-3-49.jpg 1000w, https:\/\/dioceseteixeiradefreitas.com.br\/wp-content\/uploads\/2022\/04\/editadas-3-49-300x166.jpg 300w, https:\/\/dioceseteixeiradefreitas.com.br\/wp-content\/uploads\/2022\/04\/editadas-3-49-768x424.jpg 768w\" sizes=\"auto, (max-width: 1000px) 100vw, 1000px\" \/><\/a><\/figure>\n<\/figure>\n","protected":false},"excerpt":{"rendered":"<p>Na \u00faltima segunda-feira, dia 11 de Abril, foi celebrada na Catedral S\u00e3o Pedro em Teixeira de Freitas\/Ba, a Missa da Unidade. Ap\u00f3s dois anos sem ter essa celebra\u00e7\u00e3o em fun\u00e7\u00e3o da Pandemia do Covid19, com grande alegria, sacerdotes, religiosos(as) e fi\u00e9is se reuniram para participar desse momento t\u00e3o rico para nossa Igreja. A Missa da &hellip;<\/p>\n","protected":false},"author":1,"featured_media":15765,"comment_status":"closed","ping_status":"closed","sticky":false,"template":"","format":"standard","meta":{"footnotes":""},"categories":[100],"tags":[],"class_list":["post-15687","post","type-post","status-publish","format-standard","has-post-thumbnail","hentry","category-noticias-diocesanas"],"_links":{"self":[{"href":"https:\/\/dioceseteixeiradefreitas.com.br\/index.php?rest_route=\/wp\/v2\/posts\/15687","targetHints":{"allow":["GET"]}}],"collection":[{"href":"https:\/\/dioceseteixeiradefreitas.com.br\/index.php?rest_route=\/wp\/v2\/posts"}],"about":[{"href":"https:\/\/dioceseteixeiradefreitas.com.br\/index.php?rest_route=\/wp\/v2\/types\/post"}],"author":[{"embeddable":true,"href":"https:\/\/dioceseteixeiradefreitas.com.br\/index.php?rest_route=\/wp\/v2\/users\/1"}],"replies":[{"embeddable":true,"href":"https:\/\/dioceseteixeiradefreitas.com.br\/index.php?rest_route=%2Fwp%2Fv2%2Fcomments&post=15687"}],"version-history":[{"count":3,"href":"https:\/\/dioceseteixeiradefreitas.com.br\/index.php?rest_route=\/wp\/v2\/posts\/15687\/revisions"}],"predecessor-version":[{"id":15794,"href":"https:\/\/dioceseteixeiradefreitas.com.br\/index.php?rest_route=\/wp\/v2\/posts\/15687\/revisions\/15794"}],"wp:featuredmedia":[{"embeddable":true,"href":"https:\/\/dioceseteixeiradefreitas.com.br\/index.php?rest_route=\/wp\/v2\/media\/15765"}],"wp:attachment":[{"href":"https:\/\/dioceseteixeiradefreitas.com.br\/index.php?rest_route=%2Fwp%2Fv2%2Fmedia&parent=15687"}],"wp:term":[{"taxonomy":"category","embeddable":true,"href":"https:\/\/dioceseteixeiradefreitas.com.br\/index.php?rest_route=%2Fwp%2Fv2%2Fcategories&post=15687"},{"taxonomy":"post_tag","embeddable":true,"href":"https:\/\/dioceseteixeiradefreitas.com.br\/index.php?rest_route=%2Fwp%2Fv2%2Ftags&post=15687"}],"curies":[{"name":"wp","href":"https:\/\/api.w.org\/{rel}","templated":true}]}}