{"id":15862,"date":"2022-05-05T20:15:02","date_gmt":"2022-05-05T23:15:02","guid":{"rendered":"https:\/\/dioceseteixeiradefreitas.com.br\/?p=15862"},"modified":"2022-05-06T11:19:40","modified_gmt":"2022-05-06T14:19:40","slug":"nota-de-informacao-sobre-a-acao-emergencial-na-diocese-para-as-vitimas-das-enchentes","status":"publish","type":"post","link":"https:\/\/dioceseteixeiradefreitas.com.br\/?p=15862","title":{"rendered":"Nota de informa\u00e7\u00e3o sobre a a\u00e7\u00e3o emergencial na Diocese para \u00e0s v\u00edtimas das enchentes"},"content":{"rendered":"\n<p>Em dezembro de 2021, o povo da nossa Diocese vivenciou momentos de muita tristeza, com as enchentes que devastaram diversas cidades e povoados da nossa regi\u00e3o. A Igreja, vivenciando sua ess\u00eancia humana e mission\u00e1ria, n\u00e3o mediu esfor\u00e7os para socorrer o seu povo.<\/p>\n\n\n\n<p>Iniciando em dezembro de 2021, tivemos ao longo de 3 meses, campanhas envolvendo toda Diocese, na arrecada\u00e7\u00e3o de alimentos, kits de higiene e limpeza, \u00e1gua mineral, filtros, colch\u00f5es, roupas. Foi um trabalho muito intenso, que contou tamb\u00e9m com a ajuda de pessoas de outros estados e pa\u00edses, al\u00e9m da ajuda de diversas empresas da regi\u00e3o, como a Bahia Etanol em Ibirapu\u00e3 e a Usina Santa Maria em Medeiros Neto, al\u00e9m de parcerias com a C\u00e1ritas Regional, C\u00e1ritas Nacional, C\u00e1ritas Internacional, Uni\u00e3o Europeia, Adveniat e Vis\u00e3o Mundial.<\/p>\n\n\n\n<p>&#8220;Foi um trabalho muito intenso de promo\u00e7\u00e3o da vida, que mobilizou diversas pessoas em nossa Diocese e at\u00e9 mesmo em outros estados e pa\u00edses. Agrade\u00e7o aos padres que assumiram a campanha diocesana, de modo particular o Frei Vandeir, Pe. Ronaldo, Pe. Gilson, Pe. Vagner e Pe. Le\u00f4nidas que se dedicaram a esse trabalho ajudando o povo sofrido nos munic\u00edpios de Medeiros Neto, Jucuru\u00e7u, Itamaraju, Prado, Teixeira de Freitas e v\u00e1rios outros locais, atendidos com cestas b\u00e1sicas, \u00e1gua mineral, colch\u00f5es, roupas, filtros de \u00e1gua, kits de higiene e limpeza. Todo esse trabalho s\u00f3 foi poss\u00edvel porque trabalhamos em equipe, com a presen\u00e7a do nosso Bispo Diocesano, que nos motivou e nos lembrou o tempo todo que o \u201cevangelho \u00e9 a\u00e7\u00e3o\u201d, disse o Padre Ricardo Menezes, que esteve coordenando essas a\u00e7\u00f5es.<\/p>\n\n\n\n<p>A C\u00e1ritas Nacional divulgou uma nota sobre essa a\u00e7\u00e3o em conjunta com a nossa Diocese. Clique <a rel=\"noreferrer noopener\" href=\"https:\/\/dioceseteixeiradefreitas.com.br\/wp-content\/uploads\/2022\/05\/Prestacao-de-informacao.pdf\" target=\"_blank\">aqui<\/a> e leia na \u00cdntegra.<\/p>\n\n\n\n<p><\/p>\n\n\n\n<p>Dom Jailton fez uma prece de agradecimento para todas as pessoas que contribu\u00edram com essas campanhas, confira:<\/p>\n\n\n\n<p><\/p>\n\n\n\n<p><\/p>\n\n\n\n<p>Louvemos a Deus por todas as pessoas de bom cora\u00e7\u00e3o que contribu\u00edram de diversas formas para amenizar a dor e o sofrimento de tantas fam\u00edlias atingidas pelas enchentes no Extremo Sul da Bahia.<\/p>\n\n\n\n<p>Fotos: Jo\u00e3o vitor.<\/p>\n\n\n\n<p>V\u00eddeo: Caritas Brasileira.<\/p>\n\n\n\n<p>Mat\u00e9ria: Sara Lima e Caritas (Emerson Mendes).<\/p>\n\n\n\n<figure class=\"wp-block-gallery has-nested-images columns-default is-cropped wp-block-gallery-1 is-layout-flex wp-block-gallery-is-layout-flex\">\n<figure class=\"wp-block-image size-large\"><a href=\"https:\/\/dioceseteixeiradefreitas.com.br\/wp-content\/uploads\/2022\/05\/editadas1-38.jpg\"><img loading=\"lazy\" decoding=\"async\" width=\"1000\" height=\"520\" data-id=\"16005\" src=\"https:\/\/dioceseteixeiradefreitas.com.br\/wp-content\/uploads\/2022\/05\/editadas1-38.jpg\" alt=\"\" class=\"wp-image-16005\" srcset=\"https:\/\/dioceseteixeiradefreitas.com.br\/wp-content\/uploads\/2022\/05\/editadas1-38.jpg 1000w, https:\/\/dioceseteixeiradefreitas.com.br\/wp-content\/uploads\/2022\/05\/editadas1-38-300x156.jpg 300w, https:\/\/dioceseteixeiradefreitas.com.br\/wp-content\/uploads\/2022\/05\/editadas1-38-768x399.jpg 768w\" sizes=\"auto, (max-width: 1000px) 100vw, 1000px\" \/><\/a><\/figure>\n\n\n\n<figure class=\"wp-block-image size-large\"><a href=\"https:\/\/dioceseteixeiradefreitas.com.br\/wp-content\/uploads\/2022\/05\/editadas1-2-2.jpg\"><img loading=\"lazy\" decoding=\"async\" width=\"1000\" height=\"563\" data-id=\"16007\" src=\"https:\/\/dioceseteixeiradefreitas.com.br\/wp-content\/uploads\/2022\/05\/editadas1-2-2.jpg\" alt=\"\" class=\"wp-image-16007\" srcset=\"https:\/\/dioceseteixeiradefreitas.com.br\/wp-content\/uploads\/2022\/05\/editadas1-2-2.jpg 1000w, https:\/\/dioceseteixeiradefreitas.com.br\/wp-content\/uploads\/2022\/05\/editadas1-2-2-300x169.jpg 300w, https:\/\/dioceseteixeiradefreitas.com.br\/wp-content\/uploads\/2022\/05\/editadas1-2-2-768x432.jpg 768w, https:\/\/dioceseteixeiradefreitas.com.br\/wp-content\/uploads\/2022\/05\/editadas1-2-2-390x220.jpg 390w\" sizes=\"auto, (max-width: 1000px) 100vw, 1000px\" \/><\/a><\/figure>\n\n\n\n<figure class=\"wp-block-image size-large\"><a href=\"https:\/\/dioceseteixeiradefreitas.com.br\/wp-content\/uploads\/2022\/05\/editadas1-3-2.jpg\"><img loading=\"lazy\" decoding=\"async\" width=\"1000\" height=\"563\" data-id=\"16008\" src=\"https:\/\/dioceseteixeiradefreitas.com.br\/wp-content\/uploads\/2022\/05\/editadas1-3-2.jpg\" alt=\"\" class=\"wp-image-16008\" srcset=\"https:\/\/dioceseteixeiradefreitas.com.br\/wp-content\/uploads\/2022\/05\/editadas1-3-2.jpg 1000w, https:\/\/dioceseteixeiradefreitas.com.br\/wp-content\/uploads\/2022\/05\/editadas1-3-2-300x169.jpg 300w, https:\/\/dioceseteixeiradefreitas.com.br\/wp-content\/uploads\/2022\/05\/editadas1-3-2-768x432.jpg 768w, https:\/\/dioceseteixeiradefreitas.com.br\/wp-content\/uploads\/2022\/05\/editadas1-3-2-390x220.jpg 390w\" sizes=\"auto, (max-width: 1000px) 100vw, 1000px\" \/><\/a><\/figure>\n\n\n\n<figure class=\"wp-block-image size-large\"><a href=\"https:\/\/dioceseteixeiradefreitas.com.br\/wp-content\/uploads\/2022\/05\/editadas1-4-2.jpg\"><img loading=\"lazy\" decoding=\"async\" width=\"1000\" height=\"667\" data-id=\"16009\" src=\"https:\/\/dioceseteixeiradefreitas.com.br\/wp-content\/uploads\/2022\/05\/editadas1-4-2.jpg\" alt=\"\" class=\"wp-image-16009\" srcset=\"https:\/\/dioceseteixeiradefreitas.com.br\/wp-content\/uploads\/2022\/05\/editadas1-4-2.jpg 1000w, https:\/\/dioceseteixeiradefreitas.com.br\/wp-content\/uploads\/2022\/05\/editadas1-4-2-300x200.jpg 300w, https:\/\/dioceseteixeiradefreitas.com.br\/wp-content\/uploads\/2022\/05\/editadas1-4-2-768x512.jpg 768w\" sizes=\"auto, (max-width: 1000px) 100vw, 1000px\" \/><\/a><\/figure>\n\n\n\n<figure class=\"wp-block-image size-large\"><a href=\"https:\/\/dioceseteixeiradefreitas.com.br\/wp-content\/uploads\/2022\/05\/editadas1-5-2.jpg\"><img loading=\"lazy\" decoding=\"async\" width=\"1000\" height=\"667\" data-id=\"16010\" src=\"https:\/\/dioceseteixeiradefreitas.com.br\/wp-content\/uploads\/2022\/05\/editadas1-5-2.jpg\" alt=\"\" class=\"wp-image-16010\" srcset=\"https:\/\/dioceseteixeiradefreitas.com.br\/wp-content\/uploads\/2022\/05\/editadas1-5-2.jpg 1000w, https:\/\/dioceseteixeiradefreitas.com.br\/wp-content\/uploads\/2022\/05\/editadas1-5-2-300x200.jpg 300w, https:\/\/dioceseteixeiradefreitas.com.br\/wp-content\/uploads\/2022\/05\/editadas1-5-2-768x512.jpg 768w\" sizes=\"auto, (max-width: 1000px) 100vw, 1000px\" \/><\/a><\/figure>\n\n\n\n<figure class=\"wp-block-image size-large\"><a href=\"https:\/\/dioceseteixeiradefreitas.com.br\/wp-content\/uploads\/2022\/05\/editadas-2-1-scaled.jpg\"><img loading=\"lazy\" decoding=\"async\" width=\"2560\" height=\"1440\" data-id=\"16011\" src=\"https:\/\/dioceseteixeiradefreitas.com.br\/wp-content\/uploads\/2022\/05\/editadas-2-1-scaled.jpg\" alt=\"\" class=\"wp-image-16011\" srcset=\"https:\/\/dioceseteixeiradefreitas.com.br\/wp-content\/uploads\/2022\/05\/editadas-2-1-scaled.jpg 2560w, https:\/\/dioceseteixeiradefreitas.com.br\/wp-content\/uploads\/2022\/05\/editadas-2-1-300x169.jpg 300w, https:\/\/dioceseteixeiradefreitas.com.br\/wp-content\/uploads\/2022\/05\/editadas-2-1-1024x576.jpg 1024w, https:\/\/dioceseteixeiradefreitas.com.br\/wp-content\/uploads\/2022\/05\/editadas-2-1-768x432.jpg 768w, https:\/\/dioceseteixeiradefreitas.com.br\/wp-content\/uploads\/2022\/05\/editadas-2-1-1536x864.jpg 1536w, https:\/\/dioceseteixeiradefreitas.com.br\/wp-content\/uploads\/2022\/05\/editadas-2-1-2048x1152.jpg 2048w, https:\/\/dioceseteixeiradefreitas.com.br\/wp-content\/uploads\/2022\/05\/editadas-2-1-390x220.jpg 390w\" sizes=\"auto, (max-width: 2560px) 100vw, 2560px\" \/><\/a><\/figure>\n\n\n\n<figure class=\"wp-block-image size-large\"><a href=\"https:\/\/dioceseteixeiradefreitas.com.br\/wp-content\/uploads\/2022\/05\/editadas-2-3-1-scaled.jpg\"><img loading=\"lazy\" decoding=\"async\" width=\"2560\" height=\"1328\" data-id=\"16014\" src=\"https:\/\/dioceseteixeiradefreitas.com.br\/wp-content\/uploads\/2022\/05\/editadas-2-3-1-scaled.jpg\" alt=\"\" class=\"wp-image-16014\" srcset=\"https:\/\/dioceseteixeiradefreitas.com.br\/wp-content\/uploads\/2022\/05\/editadas-2-3-1-scaled.jpg 2560w, https:\/\/dioceseteixeiradefreitas.com.br\/wp-content\/uploads\/2022\/05\/editadas-2-3-1-300x156.jpg 300w, https:\/\/dioceseteixeiradefreitas.com.br\/wp-content\/uploads\/2022\/05\/editadas-2-3-1-1024x531.jpg 1024w, https:\/\/dioceseteixeiradefreitas.com.br\/wp-content\/uploads\/2022\/05\/editadas-2-3-1-768x399.jpg 768w, https:\/\/dioceseteixeiradefreitas.com.br\/wp-content\/uploads\/2022\/05\/editadas-2-3-1-1536x797.jpg 1536w, https:\/\/dioceseteixeiradefreitas.com.br\/wp-content\/uploads\/2022\/05\/editadas-2-3-1-2048x1063.jpg 2048w\" sizes=\"auto, (max-width: 2560px) 100vw, 2560px\" \/><\/a><\/figure>\n<\/figure>\n\n\n\n<figure class=\"wp-block-embed is-type-video is-provider-youtube wp-block-embed-youtube wp-embed-aspect-16-9 wp-has-aspect-ratio\"><div class=\"wp-block-embed__wrapper\">\n<iframe loading=\"lazy\" title=\"Solidariedade que transborda e atravessa fronteiras.\" width=\"500\" height=\"281\" src=\"https:\/\/www.youtube.com\/embed\/8KxjxWbEaaM?feature=oembed\" frameborder=\"0\" allow=\"accelerometer; autoplay; clipboard-write; encrypted-media; gyroscope; picture-in-picture; web-share\" referrerpolicy=\"strict-origin-when-cross-origin\" allowfullscreen><\/iframe>\n<\/div><\/figure>\n","protected":false},"excerpt":{"rendered":"<p>Em dezembro de 2021, o povo da nossa Diocese vivenciou momentos de muita tristeza, com as enchentes que devastaram diversas cidades e povoados da nossa regi\u00e3o. A Igreja, vivenciando sua ess\u00eancia humana e mission\u00e1ria, n\u00e3o mediu esfor\u00e7os para socorrer o seu povo. Iniciando em dezembro de 2021, tivemos ao longo de 3 meses, campanhas envolvendo &hellip;<\/p>\n","protected":false},"author":24,"featured_media":16014,"comment_status":"closed","ping_status":"closed","sticky":true,"template":"","format":"standard","meta":{"footnotes":""},"categories":[42,100],"tags":[],"class_list":["post-15862","post","type-post","status-publish","format-standard","has-post-thumbnail","hentry","category-ano_da_misericordia","category-noticias-diocesanas"],"_links":{"self":[{"href":"https:\/\/dioceseteixeiradefreitas.com.br\/index.php?rest_route=\/wp\/v2\/posts\/15862","targetHints":{"allow":["GET"]}}],"collection":[{"href":"https:\/\/dioceseteixeiradefreitas.com.br\/index.php?rest_route=\/wp\/v2\/posts"}],"about":[{"href":"https:\/\/dioceseteixeiradefreitas.com.br\/index.php?rest_route=\/wp\/v2\/types\/post"}],"author":[{"embeddable":true,"href":"https:\/\/dioceseteixeiradefreitas.com.br\/index.php?rest_route=\/wp\/v2\/users\/24"}],"replies":[{"embeddable":true,"href":"https:\/\/dioceseteixeiradefreitas.com.br\/index.php?rest_route=%2Fwp%2Fv2%2Fcomments&post=15862"}],"version-history":[{"count":7,"href":"https:\/\/dioceseteixeiradefreitas.com.br\/index.php?rest_route=\/wp\/v2\/posts\/15862\/revisions"}],"predecessor-version":[{"id":16018,"href":"https:\/\/dioceseteixeiradefreitas.com.br\/index.php?rest_route=\/wp\/v2\/posts\/15862\/revisions\/16018"}],"wp:featuredmedia":[{"embeddable":true,"href":"https:\/\/dioceseteixeiradefreitas.com.br\/index.php?rest_route=\/wp\/v2\/media\/16014"}],"wp:attachment":[{"href":"https:\/\/dioceseteixeiradefreitas.com.br\/index.php?rest_route=%2Fwp%2Fv2%2Fmedia&parent=15862"}],"wp:term":[{"taxonomy":"category","embeddable":true,"href":"https:\/\/dioceseteixeiradefreitas.com.br\/index.php?rest_route=%2Fwp%2Fv2%2Fcategories&post=15862"},{"taxonomy":"post_tag","embeddable":true,"href":"https:\/\/dioceseteixeiradefreitas.com.br\/index.php?rest_route=%2Fwp%2Fv2%2Ftags&post=15862"}],"curies":[{"name":"wp","href":"https:\/\/api.w.org\/{rel}","templated":true}]}}