{"id":15923,"date":"2022-05-03T18:26:56","date_gmt":"2022-05-03T21:26:56","guid":{"rendered":"https:\/\/dioceseteixeiradefreitas.com.br\/?p=15923"},"modified":"2022-05-03T19:24:39","modified_gmt":"2022-05-03T22:24:39","slug":"nota-de-falecimento-irma-wilma-veronica-trojan","status":"publish","type":"post","link":"https:\/\/dioceseteixeiradefreitas.com.br\/?p=15923","title":{"rendered":"Nota de falecimento- Irm\u00e3 Wilma Ver\u00f4nica Trojan"},"content":{"rendered":"\n<p>Com muita f\u00e9 na Ressurrei\u00e7\u00e3o comunicamos o falecimento da Irm\u00e3 Wilma Ver\u00f4nica Trojan.<\/p>\n\n\n\n<p>A Irm\u00e3 Wilma participava de forma ativa em nossa Diocese.<\/p>\n\n\n\n<p>Que o Bom Deus a recompense por todo bem realizado e acolha junto de si. <\/p>\n\n\n\n<p>Ir. Wilma. Somos gratos pelo seu testemunho. <\/p>\n\n\n\n<p>Fique na paz de Deus.<\/p>\n\n\n\n<p>Dom Jailton de Oliveira Lino.<\/p>\n\n\n\n<p>Diocese de Teixeira de Freitas \/ Caravelas.<\/p>\n\n\n\n<figure class=\"wp-block-image size-large\"><a href=\"https:\/\/dioceseteixeiradefreitas.com.br\/wp-content\/uploads\/2022\/05\/WhatsApp-Image-2022-05-03-at-14.40.20.jpeg\"><img loading=\"lazy\" decoding=\"async\" width=\"1024\" height=\"1024\" src=\"https:\/\/dioceseteixeiradefreitas.com.br\/wp-content\/uploads\/2022\/05\/WhatsApp-Image-2022-05-03-at-14.40.20-1024x1024.jpeg\" alt=\"\" class=\"wp-image-15924\" srcset=\"https:\/\/dioceseteixeiradefreitas.com.br\/wp-content\/uploads\/2022\/05\/WhatsApp-Image-2022-05-03-at-14.40.20-1024x1024.jpeg 1024w, https:\/\/dioceseteixeiradefreitas.com.br\/wp-content\/uploads\/2022\/05\/WhatsApp-Image-2022-05-03-at-14.40.20-300x300.jpeg 300w, https:\/\/dioceseteixeiradefreitas.com.br\/wp-content\/uploads\/2022\/05\/WhatsApp-Image-2022-05-03-at-14.40.20-150x150.jpeg 150w, https:\/\/dioceseteixeiradefreitas.com.br\/wp-content\/uploads\/2022\/05\/WhatsApp-Image-2022-05-03-at-14.40.20-768x768.jpeg 768w, https:\/\/dioceseteixeiradefreitas.com.br\/wp-content\/uploads\/2022\/05\/WhatsApp-Image-2022-05-03-at-14.40.20.jpeg 1080w\" sizes=\"auto, (max-width: 1024px) 100vw, 1024px\" \/><\/a><\/figure>\n","protected":false},"excerpt":{"rendered":"<p>Com muita f\u00e9 na Ressurrei\u00e7\u00e3o comunicamos o falecimento da Irm\u00e3 Wilma Ver\u00f4nica Trojan. A Irm\u00e3 Wilma participava de forma ativa em nossa Diocese. Que o Bom Deus a recompense por todo bem realizado e acolha junto de si. Ir. Wilma. Somos gratos pelo seu testemunho. Fique na paz de Deus. Dom Jailton de Oliveira Lino. &hellip;<\/p>\n","protected":false},"author":1,"featured_media":7491,"comment_status":"closed","ping_status":"closed","sticky":false,"template":"","format":"standard","meta":{"footnotes":""},"categories":[51,1],"tags":[],"class_list":["post-15923","post","type-post","status-publish","format-standard","has-post-thumbnail","hentry","category-notas","category-uncategorized"],"_links":{"self":[{"href":"https:\/\/dioceseteixeiradefreitas.com.br\/index.php?rest_route=\/wp\/v2\/posts\/15923","targetHints":{"allow":["GET"]}}],"collection":[{"href":"https:\/\/dioceseteixeiradefreitas.com.br\/index.php?rest_route=\/wp\/v2\/posts"}],"about":[{"href":"https:\/\/dioceseteixeiradefreitas.com.br\/index.php?rest_route=\/wp\/v2\/types\/post"}],"author":[{"embeddable":true,"href":"https:\/\/dioceseteixeiradefreitas.com.br\/index.php?rest_route=\/wp\/v2\/users\/1"}],"replies":[{"embeddable":true,"href":"https:\/\/dioceseteixeiradefreitas.com.br\/index.php?rest_route=%2Fwp%2Fv2%2Fcomments&post=15923"}],"version-history":[{"count":1,"href":"https:\/\/dioceseteixeiradefreitas.com.br\/index.php?rest_route=\/wp\/v2\/posts\/15923\/revisions"}],"predecessor-version":[{"id":15925,"href":"https:\/\/dioceseteixeiradefreitas.com.br\/index.php?rest_route=\/wp\/v2\/posts\/15923\/revisions\/15925"}],"wp:featuredmedia":[{"embeddable":true,"href":"https:\/\/dioceseteixeiradefreitas.com.br\/index.php?rest_route=\/wp\/v2\/media\/7491"}],"wp:attachment":[{"href":"https:\/\/dioceseteixeiradefreitas.com.br\/index.php?rest_route=%2Fwp%2Fv2%2Fmedia&parent=15923"}],"wp:term":[{"taxonomy":"category","embeddable":true,"href":"https:\/\/dioceseteixeiradefreitas.com.br\/index.php?rest_route=%2Fwp%2Fv2%2Fcategories&post=15923"},{"taxonomy":"post_tag","embeddable":true,"href":"https:\/\/dioceseteixeiradefreitas.com.br\/index.php?rest_route=%2Fwp%2Fv2%2Ftags&post=15923"}],"curies":[{"name":"wp","href":"https:\/\/api.w.org\/{rel}","templated":true}]}}