{"id":16020,"date":"2022-05-12T09:46:13","date_gmt":"2022-05-12T12:46:13","guid":{"rendered":"https:\/\/dioceseteixeiradefreitas.com.br\/?p=16020"},"modified":"2022-05-12T09:46:14","modified_gmt":"2022-05-12T12:46:14","slug":"diocese-anuncia-novo-bilhete-premiado-do-sorteio-da-acao-entre-amigos-2","status":"publish","type":"post","link":"https:\/\/dioceseteixeiradefreitas.com.br\/?p=16020","title":{"rendered":"Diocese anuncia novo bilhete premiado do sorteio da A\u00e7\u00e3o entre Amigos"},"content":{"rendered":"\n<p>A Diocese de Teixeira de Freitas\/Caravelas, informa que o 2\u00ba bilhete premiado, sorteado e divulgado no dia 23 de fevereiro de 2022, o de n\u00famero: 57300, n\u00e3o foi comercializado e, portanto, n\u00e3o teve ganhador(a). A apura\u00e7\u00e3o aconteceu pela C\u00faria Diocesana e Comiss\u00e3o Organizadora do sorteio.<\/p>\n\n\n\n<p>Deste modo, conforme prev\u00ea o regulamento \u2013 contido no verso do bilhete: \u201cCaso o 2\u00ba n\u00famero n\u00e3o seja sorteado ou comercializado, ser\u00e1 contemplado o n\u00famero do 3\u00ba Pr\u00eamio e assim sucessivamente at\u00e9 o 5\u00ba Pr\u00eamio\u201d.<\/p>\n\n\n\n<p>Assim, em raz\u00e3o de n\u00e3o ter havido a comercializa\u00e7\u00e3o do 2\u00ba Bilhete,<strong>\u00a0anunciamos que o 3\u00ba bilhete premiado \u00e9 o de n\u00famero: 01879.<\/strong> Todos poder\u00e3o acompanhar a autenticidade do sorteio no site oficial da Loterias Caixa:\u00a0<a href=\"https:\/\/www.loteriasonline.caixa.gov.br\/silce-web\/#\/home\"><strong>AQUI<\/strong><\/a>\u00a0ou em V\u00eddeo, atrav\u00e9s da transmiss\u00e3o ao vivo feito pela Caixa:\u00a0<a href=\"https:\/\/www.youtube.com\/watch?v=U6phP-hAj80\"><strong>AQUI<\/strong><\/a>.<\/p>\n\n\n\n<p>Ressaltamos que o ganhador(a), dever\u00e1 retirar o pr\u00eamio na C\u00faria Diocesana, no prazo de 60 (sessenta) dias corridos, a partir da data do sorteio.<\/p>\n\n\n\n<p>O sorteio foi realizado \u00e0s 19h pela Loterias Caixa \u2013 Federal, em S\u00e3o Paulo-SP. Concurso 5641 (FEDERAL), de 10\/05\/2022.<\/p>\n\n\n\n<p>A diocese ainda agradece a todos que colaboraram para que essa A\u00e7\u00e3o entre Amigos ocorresse. Aos compradores, aos agentes de pastorais e movimentos, padres, funcion\u00e1rios, o nossos agradecimentos. E, em especial, aos nossos patrocinadores: Laborat\u00f3rio Carvalho; FERTSUL, adubos e ferramentas; Supermercados Fa\u00e9, Latic\u00ednios Davaca; Z\u00e9 Carlos Material de Constru\u00e7\u00e3o; Gr\u00e1fica Modelo; e Apoio: R\u00e1dio Sucesso FM (104,9).<\/p>\n\n\n\n<figure class=\"wp-block-image size-large\"><a href=\"https:\/\/dioceseteixeiradefreitas.com.br\/wp-content\/uploads\/2022\/05\/WhatsApp-Image-2022-05-11-at-17.04.37.jpeg\"><img loading=\"lazy\" decoding=\"async\" width=\"1024\" height=\"1024\" src=\"https:\/\/dioceseteixeiradefreitas.com.br\/wp-content\/uploads\/2022\/05\/WhatsApp-Image-2022-05-11-at-17.04.37-1024x1024.jpeg\" alt=\"\" class=\"wp-image-16021\" srcset=\"https:\/\/dioceseteixeiradefreitas.com.br\/wp-content\/uploads\/2022\/05\/WhatsApp-Image-2022-05-11-at-17.04.37-1024x1024.jpeg 1024w, https:\/\/dioceseteixeiradefreitas.com.br\/wp-content\/uploads\/2022\/05\/WhatsApp-Image-2022-05-11-at-17.04.37-300x300.jpeg 300w, https:\/\/dioceseteixeiradefreitas.com.br\/wp-content\/uploads\/2022\/05\/WhatsApp-Image-2022-05-11-at-17.04.37-150x150.jpeg 150w, https:\/\/dioceseteixeiradefreitas.com.br\/wp-content\/uploads\/2022\/05\/WhatsApp-Image-2022-05-11-at-17.04.37-768x768.jpeg 768w, https:\/\/dioceseteixeiradefreitas.com.br\/wp-content\/uploads\/2022\/05\/WhatsApp-Image-2022-05-11-at-17.04.37.jpeg 1080w\" sizes=\"auto, (max-width: 1024px) 100vw, 1024px\" \/><\/a><figcaption>Card de divulga\u00e7\u00e3o do bilhete premiado da A\u00e7\u00e3o entre amigos em prol das comemora\u00e7\u00f5es do Jubileu \u2013 Imagem: PASCOM\/Divulga\u00e7\u00e3o<\/figcaption><\/figure>\n","protected":false},"excerpt":{"rendered":"<p>A Diocese de Teixeira de Freitas\/Caravelas, informa que o 2\u00ba bilhete premiado, sorteado e divulgado no dia 23 de fevereiro de 2022, o de n\u00famero: 57300, n\u00e3o foi comercializado e, portanto, n\u00e3o teve ganhador(a). A apura\u00e7\u00e3o aconteceu pela C\u00faria Diocesana e Comiss\u00e3o Organizadora do sorteio. Deste modo, conforme prev\u00ea o regulamento \u2013 contido no verso &hellip;<\/p>\n","protected":false},"author":1,"featured_media":16021,"comment_status":"closed","ping_status":"closed","sticky":false,"template":"","format":"standard","meta":{"footnotes":""},"categories":[100],"tags":[],"class_list":["post-16020","post","type-post","status-publish","format-standard","has-post-thumbnail","hentry","category-noticias-diocesanas"],"_links":{"self":[{"href":"https:\/\/dioceseteixeiradefreitas.com.br\/index.php?rest_route=\/wp\/v2\/posts\/16020","targetHints":{"allow":["GET"]}}],"collection":[{"href":"https:\/\/dioceseteixeiradefreitas.com.br\/index.php?rest_route=\/wp\/v2\/posts"}],"about":[{"href":"https:\/\/dioceseteixeiradefreitas.com.br\/index.php?rest_route=\/wp\/v2\/types\/post"}],"author":[{"embeddable":true,"href":"https:\/\/dioceseteixeiradefreitas.com.br\/index.php?rest_route=\/wp\/v2\/users\/1"}],"replies":[{"embeddable":true,"href":"https:\/\/dioceseteixeiradefreitas.com.br\/index.php?rest_route=%2Fwp%2Fv2%2Fcomments&post=16020"}],"version-history":[{"count":2,"href":"https:\/\/dioceseteixeiradefreitas.com.br\/index.php?rest_route=\/wp\/v2\/posts\/16020\/revisions"}],"predecessor-version":[{"id":16034,"href":"https:\/\/dioceseteixeiradefreitas.com.br\/index.php?rest_route=\/wp\/v2\/posts\/16020\/revisions\/16034"}],"wp:featuredmedia":[{"embeddable":true,"href":"https:\/\/dioceseteixeiradefreitas.com.br\/index.php?rest_route=\/wp\/v2\/media\/16021"}],"wp:attachment":[{"href":"https:\/\/dioceseteixeiradefreitas.com.br\/index.php?rest_route=%2Fwp%2Fv2%2Fmedia&parent=16020"}],"wp:term":[{"taxonomy":"category","embeddable":true,"href":"https:\/\/dioceseteixeiradefreitas.com.br\/index.php?rest_route=%2Fwp%2Fv2%2Fcategories&post=16020"},{"taxonomy":"post_tag","embeddable":true,"href":"https:\/\/dioceseteixeiradefreitas.com.br\/index.php?rest_route=%2Fwp%2Fv2%2Ftags&post=16020"}],"curies":[{"name":"wp","href":"https:\/\/api.w.org\/{rel}","templated":true}]}}