{"id":16097,"date":"2022-05-14T19:52:25","date_gmt":"2022-05-14T22:52:25","guid":{"rendered":"https:\/\/dioceseteixeiradefreitas.com.br\/?p=16097"},"modified":"2022-05-14T20:04:49","modified_gmt":"2022-05-14T23:04:49","slug":"dom-jailton-de-oliveira-lino-psdp-em-visita-ad-limina-apostolorum","status":"publish","type":"post","link":"https:\/\/dioceseteixeiradefreitas.com.br\/?p=16097","title":{"rendered":"Dom Jailton de Oliveira Lino, PSDP em visita     AD LIMINA APOSTOLORUM"},"content":{"rendered":"\n<figure class=\"wp-block-image size-large\"><a href=\"https:\/\/dioceseteixeiradefreitas.com.br\/wp-content\/uploads\/2022\/05\/C8FA63F3-CF7B-46B3-A37C-407A360CF73C.png\"><img loading=\"lazy\" decoding=\"async\" width=\"1024\" height=\"1024\" src=\"https:\/\/dioceseteixeiradefreitas.com.br\/wp-content\/uploads\/2022\/05\/C8FA63F3-CF7B-46B3-A37C-407A360CF73C-1024x1024.png\" alt=\"\" class=\"wp-image-16098\" srcset=\"https:\/\/dioceseteixeiradefreitas.com.br\/wp-content\/uploads\/2022\/05\/C8FA63F3-CF7B-46B3-A37C-407A360CF73C-1024x1024.png 1024w, https:\/\/dioceseteixeiradefreitas.com.br\/wp-content\/uploads\/2022\/05\/C8FA63F3-CF7B-46B3-A37C-407A360CF73C-300x300.png 300w, https:\/\/dioceseteixeiradefreitas.com.br\/wp-content\/uploads\/2022\/05\/C8FA63F3-CF7B-46B3-A37C-407A360CF73C-150x150.png 150w, https:\/\/dioceseteixeiradefreitas.com.br\/wp-content\/uploads\/2022\/05\/C8FA63F3-CF7B-46B3-A37C-407A360CF73C-768x768.png 768w, https:\/\/dioceseteixeiradefreitas.com.br\/wp-content\/uploads\/2022\/05\/C8FA63F3-CF7B-46B3-A37C-407A360CF73C.png 1080w\" sizes=\"auto, (max-width: 1024px) 100vw, 1024px\" \/><\/a><\/figure>\n\n\n\n<p><\/p>\n\n\n\n<p>Entre os dias 23 e 28 de maio, os bispos do Regional Nordeste 3 da Confer\u00eancia Nacional dos Bispos do Brasil, CNBB &#8211; Bahia e Sergipe, estar\u00e3o fazendo uma visita Ad Limina Apostorum. <\/p>\n\n\n\n<p>O Reverend\u00edssimo Bispo Dom Jailton de Oliveira Lino, PSDP estar\u00e1 representando a diocese. Essa peregrina\u00e7\u00e3o em Roma acontece a cada 5 anos, e \u00e9 titulada de  <em><strong>\u201cvisita Ad Limina Apostolorum\u201d<\/strong><\/em>, que significa no liminar, na soleira, nos limites ou estradas das Bas\u00edlicas dos Ap\u00f3stolos Pedro e Paulo. Segundo a tradi\u00e7\u00e3o os bispos diocesanos visitam os sepulcros dos Ap\u00f3stolos conservados na Cidade de Roma.<\/p>\n\n\n\n<p>Esse momento de vivencia \u00e9 de extrema import\u00e2ncia para a Diocese de Teixeira de Freitas\/Caravelas. Portanto, o ponto \u00e1pice dessa visita \u00e9 o encontro com o Santo Padre. No encontro com o Pont\u00edfice, os bispos apresentam um relat\u00f3rio sobre o estado pastoral das dioceses e ouvem seus conselhos. <\/p>\n\n\n\n<p>Dessa maneira, a visita&nbsp;Ad Limina, para as Igrejas diocesanas \u00e9 ocasi\u00e3o para consolidar os v\u00ednculos de f\u00e9, de comunh\u00e3o e de disciplina com a Igreja de Roma.<\/p>\n\n\n\n<p>\u00c8 de suma import\u00e2ncia, que a diocese entre em ora\u00e7\u00e3o e unidade, para que esse momento traga &#8220;frutos&#8221;, para todo o Regional Nordeste 3.<\/p>\n\n\n\n<p>Card: Hanna Lima.<\/p>\n\n\n\n<p>Mat\u00e9ria: Hanna lima e CNBB. <\/p>\n\n\n\n<p><\/p>\n","protected":false},"excerpt":{"rendered":"<p>Entre os dias 23 e 28 de maio, os bispos do Regional Nordeste 3 da Confer\u00eancia Nacional dos Bispos do Brasil, CNBB &#8211; Bahia e Sergipe, estar\u00e3o fazendo uma visita Ad Limina Apostorum. O Reverend\u00edssimo Bispo Dom Jailton de Oliveira Lino, PSDP estar\u00e1 representando a diocese. Essa peregrina\u00e7\u00e3o em Roma acontece a cada 5 anos, &hellip;<\/p>\n","protected":false},"author":1,"featured_media":16098,"comment_status":"closed","ping_status":"closed","sticky":false,"template":"","format":"standard","meta":{"footnotes":""},"categories":[100],"tags":[],"class_list":["post-16097","post","type-post","status-publish","format-standard","has-post-thumbnail","hentry","category-noticias-diocesanas"],"_links":{"self":[{"href":"https:\/\/dioceseteixeiradefreitas.com.br\/index.php?rest_route=\/wp\/v2\/posts\/16097","targetHints":{"allow":["GET"]}}],"collection":[{"href":"https:\/\/dioceseteixeiradefreitas.com.br\/index.php?rest_route=\/wp\/v2\/posts"}],"about":[{"href":"https:\/\/dioceseteixeiradefreitas.com.br\/index.php?rest_route=\/wp\/v2\/types\/post"}],"author":[{"embeddable":true,"href":"https:\/\/dioceseteixeiradefreitas.com.br\/index.php?rest_route=\/wp\/v2\/users\/1"}],"replies":[{"embeddable":true,"href":"https:\/\/dioceseteixeiradefreitas.com.br\/index.php?rest_route=%2Fwp%2Fv2%2Fcomments&post=16097"}],"version-history":[{"count":5,"href":"https:\/\/dioceseteixeiradefreitas.com.br\/index.php?rest_route=\/wp\/v2\/posts\/16097\/revisions"}],"predecessor-version":[{"id":16105,"href":"https:\/\/dioceseteixeiradefreitas.com.br\/index.php?rest_route=\/wp\/v2\/posts\/16097\/revisions\/16105"}],"wp:featuredmedia":[{"embeddable":true,"href":"https:\/\/dioceseteixeiradefreitas.com.br\/index.php?rest_route=\/wp\/v2\/media\/16098"}],"wp:attachment":[{"href":"https:\/\/dioceseteixeiradefreitas.com.br\/index.php?rest_route=%2Fwp%2Fv2%2Fmedia&parent=16097"}],"wp:term":[{"taxonomy":"category","embeddable":true,"href":"https:\/\/dioceseteixeiradefreitas.com.br\/index.php?rest_route=%2Fwp%2Fv2%2Fcategories&post=16097"},{"taxonomy":"post_tag","embeddable":true,"href":"https:\/\/dioceseteixeiradefreitas.com.br\/index.php?rest_route=%2Fwp%2Fv2%2Ftags&post=16097"}],"curies":[{"name":"wp","href":"https:\/\/api.w.org\/{rel}","templated":true}]}}