{"id":16126,"date":"2022-05-17T17:03:50","date_gmt":"2022-05-17T20:03:50","guid":{"rendered":"https:\/\/dioceseteixeiradefreitas.com.br\/?p=16126"},"modified":"2022-05-17T18:44:22","modified_gmt":"2022-05-17T21:44:22","slug":"dom-jailton-de-oliveira-lino-visitou-o-santuario-de-santa-rita-de-cassia-na-italia","status":"publish","type":"post","link":"https:\/\/dioceseteixeiradefreitas.com.br\/?p=16126","title":{"rendered":"Dom Jailton de Oliveira Lino visitou o Santu\u00e1rio de Santa Rita de Cassia na It\u00e1lia"},"content":{"rendered":"\n<p>Como parte do itiner\u00e1rio proposto, hoje dia 17\/05\/2022, pela manh\u00e3, no Santu\u00e1rio de Santa Rita de Cassia na It\u00e1lia, o Reverend\u00edssimo Bispo Dom Jailton de Oliveira Lino, PSDP, juntamente com os Bispos do Regional Nordeste3, estiveram em visita a esse local santo. <\/p>\n\n\n\n<p>Desse modo, Dom Jailton mandou uma mensagem, para a Paroquia Santa Rita de Cassia em Teixeira de Freitas-Bahia, pois a mesma esta em festa pela padroeira. <\/p>\n\n\n\n<figure class=\"wp-block-video\"><video height=\"480\" style=\"aspect-ratio: 848 \/ 480;\" width=\"848\" controls src=\"https:\/\/dioceseteixeiradefreitas.com.br\/wp-content\/uploads\/2022\/05\/WhatsApp-Video-2022-05-17-at-08.07.57.mp4\"><\/video><\/figure>\n\n\n\n<p>Portanto, Santa Rita de Cassia foi, uma freira agostiniana da diocese de Espoleto, It\u00e1lia.&nbsp;Foi&nbsp;beatificada em 1627 e canonizada em 1900 pela Igreja Cat\u00f3lica, das causas imposs\u00edveis, dos doentes, das vi\u00favas e das m\u00e3es. Ela nos deixou muitos aprendizados, um deles \u00e9 sempre confiar e ter f\u00e9 em Deus. <\/p>\n\n\n\n<p>Umas de suas frases foi : O que \u00e9 imposs\u00edvel aos homens \u00e9 poss\u00edvel a Deus. -Santa Rita de C\u00e1ssia.<\/p>\n\n\n\n<p>O Padre Douglas Antunes administrador Paroquial da Paroquial Santa Rita de Cassia, deixa em forma de \u00e1udio uma mensagem, falando um pouco, o sentimento dele em receber a mensagem de Dom Jailton. Confira:<\/p>\n\n\n\n<figure class=\"wp-block-audio\"><audio controls src=\"https:\/\/dioceseteixeiradefreitas.com.br\/wp-content\/uploads\/2022\/05\/AUDIO-2022-05-17-13-37-21.m4a\"><\/audio><\/figure>\n\n\n\n<p>Mat\u00e9ria: Hanna Lima. <\/p>\n\n\n\n<p>Fotos e V\u00eddeo: Dom Jailton Lino.<\/p>\n\n\n\n<figure class=\"wp-block-gallery has-nested-images columns-default is-cropped wp-block-gallery-1 is-layout-flex wp-block-gallery-is-layout-flex\">\n<figure class=\"wp-block-image size-large\"><a href=\"https:\/\/dioceseteixeiradefreitas.com.br\/wp-content\/uploads\/2022\/05\/IMG_1291.jpg\"><img loading=\"lazy\" decoding=\"async\" width=\"1024\" height=\"680\" data-id=\"16137\" src=\"https:\/\/dioceseteixeiradefreitas.com.br\/wp-content\/uploads\/2022\/05\/IMG_1291-1024x680.jpg\" alt=\"\" class=\"wp-image-16137\" srcset=\"https:\/\/dioceseteixeiradefreitas.com.br\/wp-content\/uploads\/2022\/05\/IMG_1291-1024x680.jpg 1024w, https:\/\/dioceseteixeiradefreitas.com.br\/wp-content\/uploads\/2022\/05\/IMG_1291-300x199.jpg 300w, https:\/\/dioceseteixeiradefreitas.com.br\/wp-content\/uploads\/2022\/05\/IMG_1291-768x510.jpg 768w, https:\/\/dioceseteixeiradefreitas.com.br\/wp-content\/uploads\/2022\/05\/IMG_1291-1536x1020.jpg 1536w, https:\/\/dioceseteixeiradefreitas.com.br\/wp-content\/uploads\/2022\/05\/IMG_1291.jpg 1600w\" sizes=\"auto, (max-width: 1024px) 100vw, 1024px\" \/><\/a><\/figure>\n\n\n\n<figure class=\"wp-block-image size-large\"><a href=\"https:\/\/dioceseteixeiradefreitas.com.br\/wp-content\/uploads\/2022\/05\/IMG_1290.jpg\"><img loading=\"lazy\" decoding=\"async\" width=\"1024\" height=\"461\" data-id=\"16138\" src=\"https:\/\/dioceseteixeiradefreitas.com.br\/wp-content\/uploads\/2022\/05\/IMG_1290-1024x461.jpg\" alt=\"\" class=\"wp-image-16138\" srcset=\"https:\/\/dioceseteixeiradefreitas.com.br\/wp-content\/uploads\/2022\/05\/IMG_1290-1024x461.jpg 1024w, https:\/\/dioceseteixeiradefreitas.com.br\/wp-content\/uploads\/2022\/05\/IMG_1290-300x135.jpg 300w, https:\/\/dioceseteixeiradefreitas.com.br\/wp-content\/uploads\/2022\/05\/IMG_1290-768x346.jpg 768w, https:\/\/dioceseteixeiradefreitas.com.br\/wp-content\/uploads\/2022\/05\/IMG_1290-1536x691.jpg 1536w, https:\/\/dioceseteixeiradefreitas.com.br\/wp-content\/uploads\/2022\/05\/IMG_1290.jpg 1600w\" sizes=\"auto, (max-width: 1024px) 100vw, 1024px\" \/><\/a><\/figure>\n\n\n\n<figure class=\"wp-block-image size-large\"><a href=\"https:\/\/dioceseteixeiradefreitas.com.br\/wp-content\/uploads\/2022\/05\/IMG_1292.jpg\"><img loading=\"lazy\" decoding=\"async\" width=\"1280\" height=\"576\" data-id=\"16136\" src=\"https:\/\/dioceseteixeiradefreitas.com.br\/wp-content\/uploads\/2022\/05\/IMG_1292.jpg\" alt=\"\" class=\"wp-image-16136\" srcset=\"https:\/\/dioceseteixeiradefreitas.com.br\/wp-content\/uploads\/2022\/05\/IMG_1292.jpg 1280w, https:\/\/dioceseteixeiradefreitas.com.br\/wp-content\/uploads\/2022\/05\/IMG_1292-300x135.jpg 300w, https:\/\/dioceseteixeiradefreitas.com.br\/wp-content\/uploads\/2022\/05\/IMG_1292-1024x461.jpg 1024w, https:\/\/dioceseteixeiradefreitas.com.br\/wp-content\/uploads\/2022\/05\/IMG_1292-768x346.jpg 768w\" sizes=\"auto, (max-width: 1280px) 100vw, 1280px\" \/><\/a><\/figure>\n<\/figure>\n","protected":false},"excerpt":{"rendered":"<p>Como parte do itiner\u00e1rio proposto, hoje dia 17\/05\/2022, pela manh\u00e3, no Santu\u00e1rio de Santa Rita de Cassia na It\u00e1lia, o Reverend\u00edssimo Bispo Dom Jailton de Oliveira Lino, PSDP, juntamente com os Bispos do Regional Nordeste3, estiveram em visita a esse local santo. Desse modo, Dom Jailton mandou uma mensagem, para a Paroquia Santa Rita de &hellip;<\/p>\n","protected":false},"author":1,"featured_media":16137,"comment_status":"closed","ping_status":"closed","sticky":false,"template":"","format":"standard","meta":{"footnotes":""},"categories":[51,100],"tags":[],"class_list":["post-16126","post","type-post","status-publish","format-standard","has-post-thumbnail","hentry","category-notas","category-noticias-diocesanas"],"_links":{"self":[{"href":"https:\/\/dioceseteixeiradefreitas.com.br\/index.php?rest_route=\/wp\/v2\/posts\/16126","targetHints":{"allow":["GET"]}}],"collection":[{"href":"https:\/\/dioceseteixeiradefreitas.com.br\/index.php?rest_route=\/wp\/v2\/posts"}],"about":[{"href":"https:\/\/dioceseteixeiradefreitas.com.br\/index.php?rest_route=\/wp\/v2\/types\/post"}],"author":[{"embeddable":true,"href":"https:\/\/dioceseteixeiradefreitas.com.br\/index.php?rest_route=\/wp\/v2\/users\/1"}],"replies":[{"embeddable":true,"href":"https:\/\/dioceseteixeiradefreitas.com.br\/index.php?rest_route=%2Fwp%2Fv2%2Fcomments&post=16126"}],"version-history":[{"count":4,"href":"https:\/\/dioceseteixeiradefreitas.com.br\/index.php?rest_route=\/wp\/v2\/posts\/16126\/revisions"}],"predecessor-version":[{"id":16144,"href":"https:\/\/dioceseteixeiradefreitas.com.br\/index.php?rest_route=\/wp\/v2\/posts\/16126\/revisions\/16144"}],"wp:featuredmedia":[{"embeddable":true,"href":"https:\/\/dioceseteixeiradefreitas.com.br\/index.php?rest_route=\/wp\/v2\/media\/16137"}],"wp:attachment":[{"href":"https:\/\/dioceseteixeiradefreitas.com.br\/index.php?rest_route=%2Fwp%2Fv2%2Fmedia&parent=16126"}],"wp:term":[{"taxonomy":"category","embeddable":true,"href":"https:\/\/dioceseteixeiradefreitas.com.br\/index.php?rest_route=%2Fwp%2Fv2%2Fcategories&post=16126"},{"taxonomy":"post_tag","embeddable":true,"href":"https:\/\/dioceseteixeiradefreitas.com.br\/index.php?rest_route=%2Fwp%2Fv2%2Ftags&post=16126"}],"curies":[{"name":"wp","href":"https:\/\/api.w.org\/{rel}","templated":true}]}}