{"id":16594,"date":"2022-06-28T09:45:06","date_gmt":"2022-06-28T12:45:06","guid":{"rendered":"https:\/\/dioceseteixeiradefreitas.com.br\/?p=16594"},"modified":"2022-06-28T09:45:08","modified_gmt":"2022-06-28T12:45:08","slug":"diacono-marcos-viana-fala-sobre-sua-trajetoria-vocacional-e-sobre-sua-ordenacao-presbiteral","status":"publish","type":"post","link":"https:\/\/dioceseteixeiradefreitas.com.br\/?p=16594","title":{"rendered":"Di\u00e1cono Marcos Viana fala sobre sua trajet\u00f3ria vocacional e sobre sua Ordena\u00e7\u00e3o Presbiteral"},"content":{"rendered":"\n<p>A Diocese de Teixeira de Freitas &#8211; Caravelas \/ BA, neste Ano Jubilar, prepara-se acolher dois neo-sacerdotes, o di\u00e1cono Emanuel e o di\u00e1cono Marcos.<\/p>\n\n\n\n<figure class=\"wp-block-image size-large\"><a href=\"https:\/\/dioceseteixeiradefreitas.com.br\/wp-content\/uploads\/2022\/06\/WhatsApp-Image-2022-06-18-at-09.08.02.jpeg\"><img loading=\"lazy\" decoding=\"async\" width=\"1024\" height=\"1024\" src=\"https:\/\/dioceseteixeiradefreitas.com.br\/wp-content\/uploads\/2022\/06\/WhatsApp-Image-2022-06-18-at-09.08.02-1024x1024.jpeg\" alt=\"\" class=\"wp-image-16645\" srcset=\"https:\/\/dioceseteixeiradefreitas.com.br\/wp-content\/uploads\/2022\/06\/WhatsApp-Image-2022-06-18-at-09.08.02-1024x1024.jpeg 1024w, https:\/\/dioceseteixeiradefreitas.com.br\/wp-content\/uploads\/2022\/06\/WhatsApp-Image-2022-06-18-at-09.08.02-300x300.jpeg 300w, https:\/\/dioceseteixeiradefreitas.com.br\/wp-content\/uploads\/2022\/06\/WhatsApp-Image-2022-06-18-at-09.08.02-150x150.jpeg 150w, https:\/\/dioceseteixeiradefreitas.com.br\/wp-content\/uploads\/2022\/06\/WhatsApp-Image-2022-06-18-at-09.08.02-768x768.jpeg 768w, https:\/\/dioceseteixeiradefreitas.com.br\/wp-content\/uploads\/2022\/06\/WhatsApp-Image-2022-06-18-at-09.08.02.jpeg 1280w\" sizes=\"auto, (max-width: 1024px) 100vw, 1024px\" \/><\/a><\/figure>\n\n\n\n<p>A Ordena\u00e7\u00e3o Presbiteral do Di\u00e1cono Marcos Viana ser\u00e1 \u00e0s 17h na Catedral S\u00e3o Pedro, na cidade de Teixeira de Freitas &#8211; BA. Vivendo esses momentos que antecedem sua ordena\u00e7\u00e3o, o Di\u00e1cono Marcos escreveu uma carta narrando sua trajet\u00f3ria de vida e de voca\u00e7\u00e3o, e compartilha neste momento com a comunidade.<\/p>\n\n\n\n<p><\/p>\n\n\n\n<p><strong>Carta do Di\u00e1cono Marcos Viana Silva para a Comunidade na ocasi\u00e3o da sua Ordena\u00e7\u00e3o Presbiteral:<\/strong><\/p>\n\n\n\n<p>Com o cora\u00e7\u00e3o exultante, partilho com todo o povo de Deus, a alegria do minist\u00e9rio ordenado, no qual hoje sou di\u00e1cono e logo sacerdote para Igreja de Cristo.<\/p>\n\n\n\n<p>Eu me chamo Marcos, tenho 26 anos, sou natural de Teixeira de Freitas\/Bahia.<\/p>\n\n\n\n<p>Meus pais, Jos\u00e9 e Neuza, cat\u00f3licos ass\u00edduos na vida da comunidade, me educaram na f\u00e9 e incentivaram desde sempre minha voca\u00e7\u00e3o.<\/p>\n\n\n\n<p>No dia 08 de fevereiro de 2014 entrei no Semin\u00e1rio proped\u00eautico Bom Pastor para iniciar meu itiner\u00e1rio formativo. Hoje, oito anos depois, vejo a a\u00e7\u00e3o de Deus concretizar na minha vida. Desde pequeno, sempre tive o ardente desejo de ser padre, configurar-me inteiramente a Ele. N\u00e3o entendia muitas coisas, mas, sabia que gostaria de ser totalmente de Cristo, fazendo-me semelhante a Ele.<\/p>\n\n\n\n<p>Essa voca\u00e7\u00e3o, que nasce do \u00edntimo do meu cora\u00e7\u00e3o, confirma a vontade de se doar pela Igreja, pelo povo e anunciar a Cristo a todos que necessitam.<\/p>\n\n\n\n<p>Escolhi como lema da ordena\u00e7\u00e3o, \u201cIn te, Domine, speravi; non confundar in aeternum\u201d (Sl 70,1) \u2013 \u201cEm Ti, Senhor esperei, n\u00e3o serei confundido eternamente\u201d.<\/p>\n\n\n\n<p> Tal lema, me faz recordar sempre a necessidade do \u201chumilde abandono nas m\u00e3os da Provid\u00eancia de Deus\u201d e \u201ctotal e confiante ades\u00e3o a Cristo\u201d.&nbsp;<strong>O Senhor \u00e9 nossa esperan\u00e7a e quero levar essa esperan\u00e7a para todos<\/strong>.<\/p>\n\n\n\n<p>Confira a entrevista com o Di\u00e1cono Marcos Viana:<\/p>\n\n\n\n<figure class=\"wp-block-embed is-type-video is-provider-youtube wp-block-embed-youtube wp-embed-aspect-16-9 wp-has-aspect-ratio\"><div class=\"wp-block-embed__wrapper\">\n<iframe loading=\"lazy\" title=\"CONVITE PARA ORDENA\u00c7\u00c3O PRESBITERAL- Di\u00e1co. Marcos Viana\" width=\"500\" height=\"281\" src=\"https:\/\/www.youtube.com\/embed\/jgmCBt3v824?feature=oembed\" frameborder=\"0\" allow=\"accelerometer; autoplay; clipboard-write; encrypted-media; gyroscope; picture-in-picture; web-share\" referrerpolicy=\"strict-origin-when-cross-origin\" allowfullscreen><\/iframe>\n<\/div><\/figure>\n\n\n\n<p><\/p>\n\n\n\n<p>Mat\u00e9ria: Di\u00e1cono Marcos Viana e Sara Lima<\/p>\n\n\n\n<p>V\u00eddeo: Hanna lima<\/p>\n","protected":false},"excerpt":{"rendered":"<p>A Diocese de Teixeira de Freitas &#8211; Caravelas \/ BA, neste Ano Jubilar, prepara-se acolher dois neo-sacerdotes, o di\u00e1cono Emanuel e o di\u00e1cono Marcos. A Ordena\u00e7\u00e3o Presbiteral do Di\u00e1cono Marcos Viana ser\u00e1 \u00e0s 17h na Catedral S\u00e3o Pedro, na cidade de Teixeira de Freitas &#8211; BA. Vivendo esses momentos que antecedem sua ordena\u00e7\u00e3o, o Di\u00e1cono &hellip;<\/p>\n","protected":false},"author":24,"featured_media":16645,"comment_status":"closed","ping_status":"closed","sticky":false,"template":"","format":"standard","meta":{"footnotes":""},"categories":[100],"tags":[1072,1071,1074,1052],"class_list":["post-16594","post","type-post","status-publish","format-standard","has-post-thumbnail","hentry","category-noticias-diocesanas","tag-diaconomarcosviana","tag-ordenacaopresbiteral","tag-sacerdote","tag-vocacao-2"],"_links":{"self":[{"href":"https:\/\/dioceseteixeiradefreitas.com.br\/index.php?rest_route=\/wp\/v2\/posts\/16594","targetHints":{"allow":["GET"]}}],"collection":[{"href":"https:\/\/dioceseteixeiradefreitas.com.br\/index.php?rest_route=\/wp\/v2\/posts"}],"about":[{"href":"https:\/\/dioceseteixeiradefreitas.com.br\/index.php?rest_route=\/wp\/v2\/types\/post"}],"author":[{"embeddable":true,"href":"https:\/\/dioceseteixeiradefreitas.com.br\/index.php?rest_route=\/wp\/v2\/users\/24"}],"replies":[{"embeddable":true,"href":"https:\/\/dioceseteixeiradefreitas.com.br\/index.php?rest_route=%2Fwp%2Fv2%2Fcomments&post=16594"}],"version-history":[{"count":5,"href":"https:\/\/dioceseteixeiradefreitas.com.br\/index.php?rest_route=\/wp\/v2\/posts\/16594\/revisions"}],"predecessor-version":[{"id":16648,"href":"https:\/\/dioceseteixeiradefreitas.com.br\/index.php?rest_route=\/wp\/v2\/posts\/16594\/revisions\/16648"}],"wp:featuredmedia":[{"embeddable":true,"href":"https:\/\/dioceseteixeiradefreitas.com.br\/index.php?rest_route=\/wp\/v2\/media\/16645"}],"wp:attachment":[{"href":"https:\/\/dioceseteixeiradefreitas.com.br\/index.php?rest_route=%2Fwp%2Fv2%2Fmedia&parent=16594"}],"wp:term":[{"taxonomy":"category","embeddable":true,"href":"https:\/\/dioceseteixeiradefreitas.com.br\/index.php?rest_route=%2Fwp%2Fv2%2Fcategories&post=16594"},{"taxonomy":"post_tag","embeddable":true,"href":"https:\/\/dioceseteixeiradefreitas.com.br\/index.php?rest_route=%2Fwp%2Fv2%2Ftags&post=16594"}],"curies":[{"name":"wp","href":"https:\/\/api.w.org\/{rel}","templated":true}]}}