{"id":16597,"date":"2022-06-26T15:00:00","date_gmt":"2022-06-26T18:00:00","guid":{"rendered":"https:\/\/dioceseteixeiradefreitas.com.br\/?p=16597"},"modified":"2022-06-26T11:35:32","modified_gmt":"2022-06-26T14:35:32","slug":"diacono-emanoel-silva-fala-sobre-sua-trajetoria-vocacional-e-convida-a-comunidade-para-participar-da-sua-ordenacao-presbiteral","status":"publish","type":"post","link":"https:\/\/dioceseteixeiradefreitas.com.br\/?p=16597","title":{"rendered":"Di\u00e1cono Emanoel Silva fala sobre sua trajet\u00f3ria vocacional e convida a comunidade para participar da sua Ordena\u00e7\u00e3o Presbiteral"},"content":{"rendered":"\n<p>A Diocese de Teixeira de Freitas &#8211; Caravelas \/ BA, neste Ano Jubilar, prepara-se acolher dois neo-sacerdotes, o di\u00e1cono Emanuel e o di\u00e1cono Marcos.<\/p>\n\n\n\n<p>A Ordena\u00e7\u00e3o Presbiteral do Di\u00e1cono Emanoel Silva ser\u00e1 no dia 16 de Julho, \u00e0s 17h, na Par\u00f3quia Nossa Senhora de F\u00e1tima, na cidade de Itamaraju &#8211; BA, com o lema &#8220;Omnia Omnibus&#8221;. Vivendo esses momentos que antecedem sua ordena\u00e7\u00e3o, o Di\u00e1cono Emanoel Silva narra sua trajet\u00f3ria vocacional e convida a comunidade para participar da sua Ordena\u00e7\u00e3o Presbiteral.<\/p>\n\n\n\n<figure class=\"wp-block-image size-large\"><a href=\"https:\/\/dioceseteixeiradefreitas.com.br\/wp-content\/uploads\/2022\/06\/Convite_ordenacao.jpeg\"><img loading=\"lazy\" decoding=\"async\" width=\"1024\" height=\"1024\" src=\"https:\/\/dioceseteixeiradefreitas.com.br\/wp-content\/uploads\/2022\/06\/Convite_ordenacao-1024x1024.jpeg\" alt=\"\" class=\"wp-image-16601\" srcset=\"https:\/\/dioceseteixeiradefreitas.com.br\/wp-content\/uploads\/2022\/06\/Convite_ordenacao-1024x1024.jpeg 1024w, https:\/\/dioceseteixeiradefreitas.com.br\/wp-content\/uploads\/2022\/06\/Convite_ordenacao-300x300.jpeg 300w, https:\/\/dioceseteixeiradefreitas.com.br\/wp-content\/uploads\/2022\/06\/Convite_ordenacao-150x150.jpeg 150w, https:\/\/dioceseteixeiradefreitas.com.br\/wp-content\/uploads\/2022\/06\/Convite_ordenacao-768x768.jpeg 768w, https:\/\/dioceseteixeiradefreitas.com.br\/wp-content\/uploads\/2022\/06\/Convite_ordenacao.jpeg 1223w\" sizes=\"auto, (max-width: 1024px) 100vw, 1024px\" \/><\/a><\/figure>\n\n\n\n<p><\/p>\n\n\n\n<p>Em prepara\u00e7\u00e3o para a Ordena\u00e7\u00e3o Presbiteral ser\u00e1 realizado um Tr\u00edduo. Confira a programa\u00e7\u00e3o abaixo:<\/p>\n\n\n\n<figure class=\"wp-block-image size-large\"><a href=\"https:\/\/dioceseteixeiradefreitas.com.br\/wp-content\/uploads\/2022\/06\/Programacao_triduo.jpeg\"><img loading=\"lazy\" decoding=\"async\" width=\"761\" height=\"1024\" src=\"https:\/\/dioceseteixeiradefreitas.com.br\/wp-content\/uploads\/2022\/06\/Programacao_triduo-761x1024.jpeg\" alt=\"\" class=\"wp-image-16602\" srcset=\"https:\/\/dioceseteixeiradefreitas.com.br\/wp-content\/uploads\/2022\/06\/Programacao_triduo-761x1024.jpeg 761w, https:\/\/dioceseteixeiradefreitas.com.br\/wp-content\/uploads\/2022\/06\/Programacao_triduo-223x300.jpeg 223w, https:\/\/dioceseteixeiradefreitas.com.br\/wp-content\/uploads\/2022\/06\/Programacao_triduo-768x1034.jpeg 768w, https:\/\/dioceseteixeiradefreitas.com.br\/wp-content\/uploads\/2022\/06\/Programacao_triduo.jpeg 951w\" sizes=\"auto, (max-width: 761px) 100vw, 761px\" \/><\/a><\/figure>\n\n\n\n<p>Confira a Biografia do Di\u00e1cono Emanoel Silva:<\/p>\n\n\n\n<figure class=\"wp-block-image size-large\"><a href=\"https:\/\/dioceseteixeiradefreitas.com.br\/wp-content\/uploads\/2022\/06\/biografia.jpeg\"><img loading=\"lazy\" decoding=\"async\" width=\"789\" height=\"1024\" src=\"https:\/\/dioceseteixeiradefreitas.com.br\/wp-content\/uploads\/2022\/06\/biografia-789x1024.jpeg\" alt=\"\" class=\"wp-image-16603\" srcset=\"https:\/\/dioceseteixeiradefreitas.com.br\/wp-content\/uploads\/2022\/06\/biografia-789x1024.jpeg 789w, https:\/\/dioceseteixeiradefreitas.com.br\/wp-content\/uploads\/2022\/06\/biografia-231x300.jpeg 231w, https:\/\/dioceseteixeiradefreitas.com.br\/wp-content\/uploads\/2022\/06\/biografia-768x997.jpeg 768w, https:\/\/dioceseteixeiradefreitas.com.br\/wp-content\/uploads\/2022\/06\/biografia.jpeg 986w\" sizes=\"auto, (max-width: 789px) 100vw, 789px\" \/><\/a><\/figure>\n\n\n\n<p>O Di\u00e1cono Emanoel Silva tem um convite especial para voc\u00ea:<\/p>\n\n\n\n<iframe loading=\"lazy\" width=\"560\" height=\"315\" src=\"https:\/\/www.youtube.com\/embed\/Hwlm4pmnEgs\" title=\"YouTube video player\" frameborder=\"0\" allow=\"accelerometer; autoplay; clipboard-write; encrypted-media; gyroscope; picture-in-picture\" allowfullscreen><\/iframe>\n\n\n\n<p><\/p>\n\n\n\n<p><\/p>\n\n\n\n<p>Mat\u00e9ria: Di\u00e1cono Emanoel Silva e Sara Lima.<\/p>\n\n\n\n<p>Cards: Di\u00e1cono Emanoel Silva.<\/p>\n\n\n\n<p>V\u00eddeo: Di\u00e1cono Emanoel Silva.<\/p>\n\n\n\n<p>Legenda do V\u00eddeo: Sara Lima.<\/p>\n","protected":false},"excerpt":{"rendered":"<p>A Diocese de Teixeira de Freitas &#8211; Caravelas \/ BA, neste Ano Jubilar, prepara-se acolher dois neo-sacerdotes, o di\u00e1cono Emanuel e o di\u00e1cono Marcos. A Ordena\u00e7\u00e3o Presbiteral do Di\u00e1cono Emanoel Silva ser\u00e1 no dia 16 de Julho, \u00e0s 17h, na Par\u00f3quia Nossa Senhora de F\u00e1tima, na cidade de Itamaraju &#8211; BA, com o lema &#8220;Omnia &hellip;<\/p>\n","protected":false},"author":24,"featured_media":16610,"comment_status":"closed","ping_status":"closed","sticky":false,"template":"","format":"standard","meta":{"footnotes":""},"categories":[100],"tags":[1075,1071,1052],"class_list":["post-16597","post","type-post","status-publish","format-standard","has-post-thumbnail","hentry","category-noticias-diocesanas","tag-diaconoemanoelsilva","tag-ordenacaopresbiteral","tag-vocacao-2"],"_links":{"self":[{"href":"https:\/\/dioceseteixeiradefreitas.com.br\/index.php?rest_route=\/wp\/v2\/posts\/16597","targetHints":{"allow":["GET"]}}],"collection":[{"href":"https:\/\/dioceseteixeiradefreitas.com.br\/index.php?rest_route=\/wp\/v2\/posts"}],"about":[{"href":"https:\/\/dioceseteixeiradefreitas.com.br\/index.php?rest_route=\/wp\/v2\/types\/post"}],"author":[{"embeddable":true,"href":"https:\/\/dioceseteixeiradefreitas.com.br\/index.php?rest_route=\/wp\/v2\/users\/24"}],"replies":[{"embeddable":true,"href":"https:\/\/dioceseteixeiradefreitas.com.br\/index.php?rest_route=%2Fwp%2Fv2%2Fcomments&post=16597"}],"version-history":[{"count":8,"href":"https:\/\/dioceseteixeiradefreitas.com.br\/index.php?rest_route=\/wp\/v2\/posts\/16597\/revisions"}],"predecessor-version":[{"id":16609,"href":"https:\/\/dioceseteixeiradefreitas.com.br\/index.php?rest_route=\/wp\/v2\/posts\/16597\/revisions\/16609"}],"wp:featuredmedia":[{"embeddable":true,"href":"https:\/\/dioceseteixeiradefreitas.com.br\/index.php?rest_route=\/wp\/v2\/media\/16610"}],"wp:attachment":[{"href":"https:\/\/dioceseteixeiradefreitas.com.br\/index.php?rest_route=%2Fwp%2Fv2%2Fmedia&parent=16597"}],"wp:term":[{"taxonomy":"category","embeddable":true,"href":"https:\/\/dioceseteixeiradefreitas.com.br\/index.php?rest_route=%2Fwp%2Fv2%2Fcategories&post=16597"},{"taxonomy":"post_tag","embeddable":true,"href":"https:\/\/dioceseteixeiradefreitas.com.br\/index.php?rest_route=%2Fwp%2Fv2%2Ftags&post=16597"}],"curies":[{"name":"wp","href":"https:\/\/api.w.org\/{rel}","templated":true}]}}