{"id":16653,"date":"2022-06-29T17:42:47","date_gmt":"2022-06-29T20:42:47","guid":{"rendered":"https:\/\/dioceseteixeiradefreitas.com.br\/?p=16653"},"modified":"2022-06-29T22:48:45","modified_gmt":"2022-06-30T01:48:45","slug":"fieis-reunem-se-para-participar-da-carreata-em-honra-a-sao-pedro","status":"publish","type":"post","link":"https:\/\/dioceseteixeiradefreitas.com.br\/?p=16653","title":{"rendered":"Fi\u00e9is re\u00fanem-se para participar da carreata em Honra a S\u00e3o Pedro"},"content":{"rendered":"\n<p>A Igreja celebra hoje, 29 de junho, a Solenidade de S\u00e3o Pedro e S\u00e3o Paulo, ap\u00f3stolos que s\u00e3o pilares da nossa Igreja, e exemplos de f\u00e9 e coragem para os crist\u00e3os cat\u00f3licos. Na cidade de Teixeira de Freitas &#8211; BA, que tem como padroeiro S\u00e3o Pedro, os fi\u00e9is reuniram-se pela manh\u00e3 para participar da tradicional carreata em honra a S\u00e3o Pedro. A carreata teve in\u00edcio \u00e0s 09h, saindo do trevo da cidade, percorrendo a Avenida Presidente Get\u00falio Vargas em dire\u00e7\u00e3o a Catedral Diocesana. <\/p>\n\n\n\n<p>V\u00e1rias pessoas de bicicleta, moto, carro e caminh\u00e3o uniram-se para homenagear o Glorioso S\u00e3o Pedro. Ao longo do trajeto, as pessoas tamb\u00e9m prestigiaram a homenagem nas resid\u00eancias e nas cal\u00e7adas. O andor com S\u00e3o Pedro foi em cima do carro da Pol\u00edcia Rodovi\u00e1ria Federal.<\/p>\n\n\n\n<p>A agente Hanna Lima da PASCOM Diocesana entrevistou algumas pessoas que participavam da carreata.<\/p>\n\n\n\n<p>&#8220;Falar de S\u00e3o Pedro \u00e9 muito bom, a gente falar de um Santo poderoso como S\u00e3o Pedro, e essa carreata para mim significa muita coisa. Um bem que a gente faz para S\u00e3o Pedro e para Deus porque j\u00e1 \u00e9 uma tradi\u00e7\u00e3o em Teixeira de Freitas, \u00e9 nosso padroeiro e principalmente para mim que j\u00e1 acompanho essa carreata desde a \u00e9poca do Padre Aparecido, que foi quando eu cheguei aqui em 1999, e eu n\u00e3o perco essa tradi\u00e7\u00e3o, e a f\u00e9 que eu tenho por S\u00e3o Pedro, e eu sei que S\u00e3o Pedro tem por Jesus, \u00e9 muito bom isso. Eu convido meus amigos todos para participar desta carreata, principalmente porque n\u00f3s aqui estamos em fam\u00edlia, e isso \u00e9 muito bom&#8221;, disse Sr. Ademar Silva.<\/p>\n\n\n\n<p>Gouveia, Guarda Municipal h\u00e1 19 anos, que trabalhou fazendo a seguran\u00e7a durante a carreata, tamb\u00e9m deu seu testemunho. &#8220;\u00c9 uma satisfa\u00e7\u00e3o imensa estar novamente participando dessa carreata importante, em um dia importante para Teixeira, que \u00e9 o padroeiro da cidade, S\u00e3o Pedro, ent\u00e3o \u00e9 uma satisfa\u00e7\u00e3o muito grande. J\u00e1 participei outras vezes e \u00e9 uma propor\u00e7\u00e3o muito grande de pessoas, cat\u00f3licos, que tiram seu tempo para estar homenageando S\u00e3o Pedro. E n\u00f3s estamos aqui para dar apoio, como batedores, para gente \u00e9 uma satisfa\u00e7\u00e3o muito grande.&#8221;, disse Gouveia.<\/p>\n\n\n\n<p>O inspetor Sobral da PRF tamb\u00e9m concedeu seu depoimento. &#8220;Para a PRF participar de toda solenidade, seja ela religiosa ou n\u00e3o, \u00e9 bom porque se integra a sociedade, e para a pol\u00edcia rodovi\u00e1ria federal, s\u00f3 se integra a sociedade, e mostra que a pol\u00edcia \u00e9 uma pol\u00edcia companheira. E eu como cat\u00f3lico \u00e9 um prazer participar e levar, a minha pessoa como policial, como integrante da PRF, participar de uma solenidade desta, dentro do meu munic\u00edpio, representando a pol\u00edcia rodovi\u00e1ria federal. \u00c9 um orgulho para qualquer um que participa. Eu fui felizardo e escolhido por Deus, e tenho que agradecer e se ter a honra&#8221;, disse Sobral.<\/p>\n\n\n\n<p><\/p>\n\n\n\n<p><\/p>\n\n\n\n<p>Confira as fotos:<\/p>\n\n\n\n<figure class=\"wp-block-gallery has-nested-images columns-default is-cropped wp-block-gallery-1 is-layout-flex wp-block-gallery-is-layout-flex\">\n<figure class=\"wp-block-image size-large\"><a href=\"https:\/\/dioceseteixeiradefreitas.com.br\/wp-content\/uploads\/2022\/06\/editadas-1-14-5.jpg\"><img loading=\"lazy\" decoding=\"async\" width=\"1000\" height=\"667\" data-id=\"16717\" src=\"https:\/\/dioceseteixeiradefreitas.com.br\/wp-content\/uploads\/2022\/06\/editadas-1-14-5.jpg\" alt=\"\" class=\"wp-image-16717\" srcset=\"https:\/\/dioceseteixeiradefreitas.com.br\/wp-content\/uploads\/2022\/06\/editadas-1-14-5.jpg 1000w, https:\/\/dioceseteixeiradefreitas.com.br\/wp-content\/uploads\/2022\/06\/editadas-1-14-5-300x200.jpg 300w, https:\/\/dioceseteixeiradefreitas.com.br\/wp-content\/uploads\/2022\/06\/editadas-1-14-5-768x512.jpg 768w\" sizes=\"auto, (max-width: 1000px) 100vw, 1000px\" \/><\/a><\/figure>\n\n\n\n<figure class=\"wp-block-image size-large\"><a href=\"https:\/\/dioceseteixeiradefreitas.com.br\/wp-content\/uploads\/2022\/06\/editadas-1-13-6.jpg\"><img loading=\"lazy\" decoding=\"async\" width=\"1000\" height=\"667\" data-id=\"16716\" src=\"https:\/\/dioceseteixeiradefreitas.com.br\/wp-content\/uploads\/2022\/06\/editadas-1-13-6.jpg\" alt=\"\" class=\"wp-image-16716\" srcset=\"https:\/\/dioceseteixeiradefreitas.com.br\/wp-content\/uploads\/2022\/06\/editadas-1-13-6.jpg 1000w, https:\/\/dioceseteixeiradefreitas.com.br\/wp-content\/uploads\/2022\/06\/editadas-1-13-6-300x200.jpg 300w, https:\/\/dioceseteixeiradefreitas.com.br\/wp-content\/uploads\/2022\/06\/editadas-1-13-6-768x512.jpg 768w\" sizes=\"auto, (max-width: 1000px) 100vw, 1000px\" \/><\/a><\/figure>\n\n\n\n<figure class=\"wp-block-image size-large\"><a href=\"https:\/\/dioceseteixeiradefreitas.com.br\/wp-content\/uploads\/2022\/06\/editadas-1-12-5.jpg\"><img loading=\"lazy\" decoding=\"async\" width=\"1000\" height=\"667\" data-id=\"16715\" src=\"https:\/\/dioceseteixeiradefreitas.com.br\/wp-content\/uploads\/2022\/06\/editadas-1-12-5.jpg\" alt=\"\" class=\"wp-image-16715\" srcset=\"https:\/\/dioceseteixeiradefreitas.com.br\/wp-content\/uploads\/2022\/06\/editadas-1-12-5.jpg 1000w, https:\/\/dioceseteixeiradefreitas.com.br\/wp-content\/uploads\/2022\/06\/editadas-1-12-5-300x200.jpg 300w, https:\/\/dioceseteixeiradefreitas.com.br\/wp-content\/uploads\/2022\/06\/editadas-1-12-5-768x512.jpg 768w\" sizes=\"auto, (max-width: 1000px) 100vw, 1000px\" \/><\/a><\/figure>\n\n\n\n<figure class=\"wp-block-image size-large\"><a href=\"https:\/\/dioceseteixeiradefreitas.com.br\/wp-content\/uploads\/2022\/06\/editadas-1-11-4.jpg\"><img loading=\"lazy\" decoding=\"async\" width=\"1000\" height=\"667\" data-id=\"16714\" src=\"https:\/\/dioceseteixeiradefreitas.com.br\/wp-content\/uploads\/2022\/06\/editadas-1-11-4.jpg\" alt=\"\" class=\"wp-image-16714\" srcset=\"https:\/\/dioceseteixeiradefreitas.com.br\/wp-content\/uploads\/2022\/06\/editadas-1-11-4.jpg 1000w, https:\/\/dioceseteixeiradefreitas.com.br\/wp-content\/uploads\/2022\/06\/editadas-1-11-4-300x200.jpg 300w, https:\/\/dioceseteixeiradefreitas.com.br\/wp-content\/uploads\/2022\/06\/editadas-1-11-4-768x512.jpg 768w\" sizes=\"auto, (max-width: 1000px) 100vw, 1000px\" \/><\/a><\/figure>\n\n\n\n<figure class=\"wp-block-image size-large\"><a href=\"https:\/\/dioceseteixeiradefreitas.com.br\/wp-content\/uploads\/2022\/06\/editadas-1-10-7.jpg\"><img loading=\"lazy\" decoding=\"async\" width=\"1000\" height=\"667\" data-id=\"16713\" src=\"https:\/\/dioceseteixeiradefreitas.com.br\/wp-content\/uploads\/2022\/06\/editadas-1-10-7.jpg\" alt=\"\" class=\"wp-image-16713\" srcset=\"https:\/\/dioceseteixeiradefreitas.com.br\/wp-content\/uploads\/2022\/06\/editadas-1-10-7.jpg 1000w, https:\/\/dioceseteixeiradefreitas.com.br\/wp-content\/uploads\/2022\/06\/editadas-1-10-7-300x200.jpg 300w, https:\/\/dioceseteixeiradefreitas.com.br\/wp-content\/uploads\/2022\/06\/editadas-1-10-7-768x512.jpg 768w\" sizes=\"auto, (max-width: 1000px) 100vw, 1000px\" \/><\/a><\/figure>\n\n\n\n<figure class=\"wp-block-image size-large\"><a href=\"https:\/\/dioceseteixeiradefreitas.com.br\/wp-content\/uploads\/2022\/06\/editadas-1-5-7.jpg\"><img loading=\"lazy\" decoding=\"async\" width=\"1000\" height=\"667\" data-id=\"16708\" src=\"https:\/\/dioceseteixeiradefreitas.com.br\/wp-content\/uploads\/2022\/06\/editadas-1-5-7.jpg\" alt=\"\" class=\"wp-image-16708\" srcset=\"https:\/\/dioceseteixeiradefreitas.com.br\/wp-content\/uploads\/2022\/06\/editadas-1-5-7.jpg 1000w, https:\/\/dioceseteixeiradefreitas.com.br\/wp-content\/uploads\/2022\/06\/editadas-1-5-7-300x200.jpg 300w, https:\/\/dioceseteixeiradefreitas.com.br\/wp-content\/uploads\/2022\/06\/editadas-1-5-7-768x512.jpg 768w\" sizes=\"auto, (max-width: 1000px) 100vw, 1000px\" \/><\/a><\/figure>\n\n\n\n<figure class=\"wp-block-image size-large\"><a href=\"https:\/\/dioceseteixeiradefreitas.com.br\/wp-content\/uploads\/2022\/06\/editadas-1-6-6.jpg\"><img loading=\"lazy\" decoding=\"async\" width=\"1000\" height=\"667\" data-id=\"16709\" src=\"https:\/\/dioceseteixeiradefreitas.com.br\/wp-content\/uploads\/2022\/06\/editadas-1-6-6.jpg\" alt=\"\" class=\"wp-image-16709\" srcset=\"https:\/\/dioceseteixeiradefreitas.com.br\/wp-content\/uploads\/2022\/06\/editadas-1-6-6.jpg 1000w, https:\/\/dioceseteixeiradefreitas.com.br\/wp-content\/uploads\/2022\/06\/editadas-1-6-6-300x200.jpg 300w, https:\/\/dioceseteixeiradefreitas.com.br\/wp-content\/uploads\/2022\/06\/editadas-1-6-6-768x512.jpg 768w\" sizes=\"auto, (max-width: 1000px) 100vw, 1000px\" \/><\/a><\/figure>\n\n\n\n<figure class=\"wp-block-image size-large\"><a href=\"https:\/\/dioceseteixeiradefreitas.com.br\/wp-content\/uploads\/2022\/06\/editadas-1-7-6.jpg\"><img loading=\"lazy\" decoding=\"async\" width=\"1000\" height=\"667\" data-id=\"16710\" src=\"https:\/\/dioceseteixeiradefreitas.com.br\/wp-content\/uploads\/2022\/06\/editadas-1-7-6.jpg\" alt=\"\" class=\"wp-image-16710\" srcset=\"https:\/\/dioceseteixeiradefreitas.com.br\/wp-content\/uploads\/2022\/06\/editadas-1-7-6.jpg 1000w, https:\/\/dioceseteixeiradefreitas.com.br\/wp-content\/uploads\/2022\/06\/editadas-1-7-6-300x200.jpg 300w, https:\/\/dioceseteixeiradefreitas.com.br\/wp-content\/uploads\/2022\/06\/editadas-1-7-6-768x512.jpg 768w\" sizes=\"auto, (max-width: 1000px) 100vw, 1000px\" \/><\/a><\/figure>\n\n\n\n<figure class=\"wp-block-image size-large\"><a href=\"https:\/\/dioceseteixeiradefreitas.com.br\/wp-content\/uploads\/2022\/06\/editadas-1-8-5.jpg\"><img loading=\"lazy\" decoding=\"async\" width=\"1000\" height=\"667\" data-id=\"16711\" src=\"https:\/\/dioceseteixeiradefreitas.com.br\/wp-content\/uploads\/2022\/06\/editadas-1-8-5.jpg\" alt=\"\" class=\"wp-image-16711\" srcset=\"https:\/\/dioceseteixeiradefreitas.com.br\/wp-content\/uploads\/2022\/06\/editadas-1-8-5.jpg 1000w, https:\/\/dioceseteixeiradefreitas.com.br\/wp-content\/uploads\/2022\/06\/editadas-1-8-5-300x200.jpg 300w, https:\/\/dioceseteixeiradefreitas.com.br\/wp-content\/uploads\/2022\/06\/editadas-1-8-5-768x512.jpg 768w\" sizes=\"auto, (max-width: 1000px) 100vw, 1000px\" \/><\/a><\/figure>\n\n\n\n<figure class=\"wp-block-image size-large\"><a href=\"https:\/\/dioceseteixeiradefreitas.com.br\/wp-content\/uploads\/2022\/06\/editadas-1-9-6.jpg\"><img loading=\"lazy\" decoding=\"async\" width=\"1000\" height=\"667\" data-id=\"16712\" src=\"https:\/\/dioceseteixeiradefreitas.com.br\/wp-content\/uploads\/2022\/06\/editadas-1-9-6.jpg\" alt=\"\" class=\"wp-image-16712\" srcset=\"https:\/\/dioceseteixeiradefreitas.com.br\/wp-content\/uploads\/2022\/06\/editadas-1-9-6.jpg 1000w, https:\/\/dioceseteixeiradefreitas.com.br\/wp-content\/uploads\/2022\/06\/editadas-1-9-6-300x200.jpg 300w, https:\/\/dioceseteixeiradefreitas.com.br\/wp-content\/uploads\/2022\/06\/editadas-1-9-6-768x512.jpg 768w\" sizes=\"auto, (max-width: 1000px) 100vw, 1000px\" \/><\/a><\/figure>\n\n\n\n<figure class=\"wp-block-image size-large\"><a href=\"https:\/\/dioceseteixeiradefreitas.com.br\/wp-content\/uploads\/2022\/06\/editadas-1-4-7.jpg\"><img loading=\"lazy\" decoding=\"async\" width=\"1000\" height=\"667\" data-id=\"16707\" src=\"https:\/\/dioceseteixeiradefreitas.com.br\/wp-content\/uploads\/2022\/06\/editadas-1-4-7.jpg\" alt=\"\" class=\"wp-image-16707\" srcset=\"https:\/\/dioceseteixeiradefreitas.com.br\/wp-content\/uploads\/2022\/06\/editadas-1-4-7.jpg 1000w, https:\/\/dioceseteixeiradefreitas.com.br\/wp-content\/uploads\/2022\/06\/editadas-1-4-7-300x200.jpg 300w, https:\/\/dioceseteixeiradefreitas.com.br\/wp-content\/uploads\/2022\/06\/editadas-1-4-7-768x512.jpg 768w\" sizes=\"auto, (max-width: 1000px) 100vw, 1000px\" \/><\/a><\/figure>\n\n\n\n<figure class=\"wp-block-image size-large\"><a href=\"https:\/\/dioceseteixeiradefreitas.com.br\/wp-content\/uploads\/2022\/06\/editadas-1-43-2.jpg\"><img loading=\"lazy\" decoding=\"async\" width=\"1000\" height=\"767\" data-id=\"16701\" src=\"https:\/\/dioceseteixeiradefreitas.com.br\/wp-content\/uploads\/2022\/06\/editadas-1-43-2.jpg\" alt=\"\" class=\"wp-image-16701\" srcset=\"https:\/\/dioceseteixeiradefreitas.com.br\/wp-content\/uploads\/2022\/06\/editadas-1-43-2.jpg 1000w, https:\/\/dioceseteixeiradefreitas.com.br\/wp-content\/uploads\/2022\/06\/editadas-1-43-2-300x230.jpg 300w, https:\/\/dioceseteixeiradefreitas.com.br\/wp-content\/uploads\/2022\/06\/editadas-1-43-2-768x589.jpg 768w\" sizes=\"auto, (max-width: 1000px) 100vw, 1000px\" \/><\/a><\/figure>\n\n\n\n<figure class=\"wp-block-image size-large\"><a href=\"https:\/\/dioceseteixeiradefreitas.com.br\/wp-content\/uploads\/2022\/06\/editadas-1-3-6.jpg\"><img loading=\"lazy\" decoding=\"async\" width=\"1000\" height=\"667\" data-id=\"16706\" src=\"https:\/\/dioceseteixeiradefreitas.com.br\/wp-content\/uploads\/2022\/06\/editadas-1-3-6.jpg\" alt=\"\" class=\"wp-image-16706\" srcset=\"https:\/\/dioceseteixeiradefreitas.com.br\/wp-content\/uploads\/2022\/06\/editadas-1-3-6.jpg 1000w, https:\/\/dioceseteixeiradefreitas.com.br\/wp-content\/uploads\/2022\/06\/editadas-1-3-6-300x200.jpg 300w, https:\/\/dioceseteixeiradefreitas.com.br\/wp-content\/uploads\/2022\/06\/editadas-1-3-6-768x512.jpg 768w\" sizes=\"auto, (max-width: 1000px) 100vw, 1000px\" \/><\/a><\/figure>\n\n\n\n<figure class=\"wp-block-image size-large\"><a href=\"https:\/\/dioceseteixeiradefreitas.com.br\/wp-content\/uploads\/2022\/06\/editadas-1-2-7.jpg\"><img loading=\"lazy\" decoding=\"async\" width=\"1000\" height=\"667\" data-id=\"16705\" src=\"https:\/\/dioceseteixeiradefreitas.com.br\/wp-content\/uploads\/2022\/06\/editadas-1-2-7.jpg\" alt=\"\" class=\"wp-image-16705\" srcset=\"https:\/\/dioceseteixeiradefreitas.com.br\/wp-content\/uploads\/2022\/06\/editadas-1-2-7.jpg 1000w, https:\/\/dioceseteixeiradefreitas.com.br\/wp-content\/uploads\/2022\/06\/editadas-1-2-7-300x200.jpg 300w, https:\/\/dioceseteixeiradefreitas.com.br\/wp-content\/uploads\/2022\/06\/editadas-1-2-7-768x512.jpg 768w\" sizes=\"auto, (max-width: 1000px) 100vw, 1000px\" \/><\/a><\/figure>\n\n\n\n<figure class=\"wp-block-image size-large\"><a href=\"https:\/\/dioceseteixeiradefreitas.com.br\/wp-content\/uploads\/2022\/06\/editadas-1-82.jpg\"><img loading=\"lazy\" decoding=\"async\" width=\"1000\" height=\"667\" data-id=\"16704\" src=\"https:\/\/dioceseteixeiradefreitas.com.br\/wp-content\/uploads\/2022\/06\/editadas-1-82.jpg\" alt=\"\" class=\"wp-image-16704\" srcset=\"https:\/\/dioceseteixeiradefreitas.com.br\/wp-content\/uploads\/2022\/06\/editadas-1-82.jpg 1000w, https:\/\/dioceseteixeiradefreitas.com.br\/wp-content\/uploads\/2022\/06\/editadas-1-82-300x200.jpg 300w, https:\/\/dioceseteixeiradefreitas.com.br\/wp-content\/uploads\/2022\/06\/editadas-1-82-768x512.jpg 768w\" sizes=\"auto, (max-width: 1000px) 100vw, 1000px\" \/><\/a><\/figure>\n\n\n\n<figure class=\"wp-block-image size-large\"><a href=\"https:\/\/dioceseteixeiradefreitas.com.br\/wp-content\/uploads\/2022\/06\/editadas-1-45-2.jpg\"><img loading=\"lazy\" decoding=\"async\" width=\"1000\" height=\"667\" data-id=\"16703\" src=\"https:\/\/dioceseteixeiradefreitas.com.br\/wp-content\/uploads\/2022\/06\/editadas-1-45-2.jpg\" alt=\"\" class=\"wp-image-16703\" srcset=\"https:\/\/dioceseteixeiradefreitas.com.br\/wp-content\/uploads\/2022\/06\/editadas-1-45-2.jpg 1000w, https:\/\/dioceseteixeiradefreitas.com.br\/wp-content\/uploads\/2022\/06\/editadas-1-45-2-300x200.jpg 300w, https:\/\/dioceseteixeiradefreitas.com.br\/wp-content\/uploads\/2022\/06\/editadas-1-45-2-768x512.jpg 768w\" sizes=\"auto, (max-width: 1000px) 100vw, 1000px\" \/><\/a><\/figure>\n\n\n\n<figure class=\"wp-block-image size-large\"><a href=\"https:\/\/dioceseteixeiradefreitas.com.br\/wp-content\/uploads\/2022\/06\/editadas-1-44-2.jpg\"><img loading=\"lazy\" decoding=\"async\" width=\"1000\" height=\"905\" data-id=\"16702\" src=\"https:\/\/dioceseteixeiradefreitas.com.br\/wp-content\/uploads\/2022\/06\/editadas-1-44-2.jpg\" alt=\"\" class=\"wp-image-16702\" srcset=\"https:\/\/dioceseteixeiradefreitas.com.br\/wp-content\/uploads\/2022\/06\/editadas-1-44-2.jpg 1000w, https:\/\/dioceseteixeiradefreitas.com.br\/wp-content\/uploads\/2022\/06\/editadas-1-44-2-300x272.jpg 300w, https:\/\/dioceseteixeiradefreitas.com.br\/wp-content\/uploads\/2022\/06\/editadas-1-44-2-768x695.jpg 768w\" sizes=\"auto, (max-width: 1000px) 100vw, 1000px\" \/><\/a><\/figure>\n\n\n\n<figure class=\"wp-block-image size-large\"><a href=\"https:\/\/dioceseteixeiradefreitas.com.br\/wp-content\/uploads\/2022\/06\/editadas-1-42-2.jpg\"><img loading=\"lazy\" decoding=\"async\" width=\"1000\" height=\"735\" data-id=\"16700\" src=\"https:\/\/dioceseteixeiradefreitas.com.br\/wp-content\/uploads\/2022\/06\/editadas-1-42-2.jpg\" alt=\"\" class=\"wp-image-16700\" srcset=\"https:\/\/dioceseteixeiradefreitas.com.br\/wp-content\/uploads\/2022\/06\/editadas-1-42-2.jpg 1000w, https:\/\/dioceseteixeiradefreitas.com.br\/wp-content\/uploads\/2022\/06\/editadas-1-42-2-300x221.jpg 300w, https:\/\/dioceseteixeiradefreitas.com.br\/wp-content\/uploads\/2022\/06\/editadas-1-42-2-768x564.jpg 768w\" sizes=\"auto, (max-width: 1000px) 100vw, 1000px\" \/><\/a><\/figure>\n\n\n\n<figure class=\"wp-block-image size-large\"><a href=\"https:\/\/dioceseteixeiradefreitas.com.br\/wp-content\/uploads\/2022\/06\/editadas-1-41-2.jpg\"><img loading=\"lazy\" decoding=\"async\" width=\"1000\" height=\"667\" data-id=\"16699\" src=\"https:\/\/dioceseteixeiradefreitas.com.br\/wp-content\/uploads\/2022\/06\/editadas-1-41-2.jpg\" alt=\"\" class=\"wp-image-16699\" srcset=\"https:\/\/dioceseteixeiradefreitas.com.br\/wp-content\/uploads\/2022\/06\/editadas-1-41-2.jpg 1000w, https:\/\/dioceseteixeiradefreitas.com.br\/wp-content\/uploads\/2022\/06\/editadas-1-41-2-300x200.jpg 300w, https:\/\/dioceseteixeiradefreitas.com.br\/wp-content\/uploads\/2022\/06\/editadas-1-41-2-768x512.jpg 768w\" sizes=\"auto, (max-width: 1000px) 100vw, 1000px\" \/><\/a><\/figure>\n\n\n\n<figure class=\"wp-block-image size-large\"><a href=\"https:\/\/dioceseteixeiradefreitas.com.br\/wp-content\/uploads\/2022\/06\/editadas-1-40-2.jpg\"><img loading=\"lazy\" decoding=\"async\" width=\"1000\" height=\"667\" data-id=\"16698\" src=\"https:\/\/dioceseteixeiradefreitas.com.br\/wp-content\/uploads\/2022\/06\/editadas-1-40-2.jpg\" alt=\"\" class=\"wp-image-16698\" srcset=\"https:\/\/dioceseteixeiradefreitas.com.br\/wp-content\/uploads\/2022\/06\/editadas-1-40-2.jpg 1000w, https:\/\/dioceseteixeiradefreitas.com.br\/wp-content\/uploads\/2022\/06\/editadas-1-40-2-300x200.jpg 300w, https:\/\/dioceseteixeiradefreitas.com.br\/wp-content\/uploads\/2022\/06\/editadas-1-40-2-768x512.jpg 768w\" sizes=\"auto, (max-width: 1000px) 100vw, 1000px\" \/><\/a><\/figure>\n\n\n\n<figure class=\"wp-block-image size-large\"><a href=\"https:\/\/dioceseteixeiradefreitas.com.br\/wp-content\/uploads\/2022\/06\/editadas-1-39-2.jpg\"><img loading=\"lazy\" decoding=\"async\" width=\"1000\" height=\"678\" data-id=\"16697\" src=\"https:\/\/dioceseteixeiradefreitas.com.br\/wp-content\/uploads\/2022\/06\/editadas-1-39-2.jpg\" alt=\"\" class=\"wp-image-16697\" srcset=\"https:\/\/dioceseteixeiradefreitas.com.br\/wp-content\/uploads\/2022\/06\/editadas-1-39-2.jpg 1000w, https:\/\/dioceseteixeiradefreitas.com.br\/wp-content\/uploads\/2022\/06\/editadas-1-39-2-300x203.jpg 300w, https:\/\/dioceseteixeiradefreitas.com.br\/wp-content\/uploads\/2022\/06\/editadas-1-39-2-768x521.jpg 768w, https:\/\/dioceseteixeiradefreitas.com.br\/wp-content\/uploads\/2022\/06\/editadas-1-39-2-220x150.jpg 220w\" sizes=\"auto, (max-width: 1000px) 100vw, 1000px\" \/><\/a><\/figure>\n\n\n\n<figure class=\"wp-block-image size-large\"><a href=\"https:\/\/dioceseteixeiradefreitas.com.br\/wp-content\/uploads\/2022\/06\/editadas-1-38-2.jpg\"><img loading=\"lazy\" decoding=\"async\" width=\"1000\" height=\"680\" data-id=\"16696\" src=\"https:\/\/dioceseteixeiradefreitas.com.br\/wp-content\/uploads\/2022\/06\/editadas-1-38-2.jpg\" alt=\"\" class=\"wp-image-16696\" srcset=\"https:\/\/dioceseteixeiradefreitas.com.br\/wp-content\/uploads\/2022\/06\/editadas-1-38-2.jpg 1000w, https:\/\/dioceseteixeiradefreitas.com.br\/wp-content\/uploads\/2022\/06\/editadas-1-38-2-300x204.jpg 300w, https:\/\/dioceseteixeiradefreitas.com.br\/wp-content\/uploads\/2022\/06\/editadas-1-38-2-768x522.jpg 768w, https:\/\/dioceseteixeiradefreitas.com.br\/wp-content\/uploads\/2022\/06\/editadas-1-38-2-220x150.jpg 220w\" sizes=\"auto, (max-width: 1000px) 100vw, 1000px\" \/><\/a><\/figure>\n\n\n\n<figure class=\"wp-block-image size-large\"><a href=\"https:\/\/dioceseteixeiradefreitas.com.br\/wp-content\/uploads\/2022\/06\/editadas-1-37-2.jpg\"><img loading=\"lazy\" decoding=\"async\" width=\"1000\" height=\"687\" data-id=\"16695\" src=\"https:\/\/dioceseteixeiradefreitas.com.br\/wp-content\/uploads\/2022\/06\/editadas-1-37-2.jpg\" alt=\"\" class=\"wp-image-16695\" srcset=\"https:\/\/dioceseteixeiradefreitas.com.br\/wp-content\/uploads\/2022\/06\/editadas-1-37-2.jpg 1000w, https:\/\/dioceseteixeiradefreitas.com.br\/wp-content\/uploads\/2022\/06\/editadas-1-37-2-300x206.jpg 300w, https:\/\/dioceseteixeiradefreitas.com.br\/wp-content\/uploads\/2022\/06\/editadas-1-37-2-768x528.jpg 768w, https:\/\/dioceseteixeiradefreitas.com.br\/wp-content\/uploads\/2022\/06\/editadas-1-37-2-220x150.jpg 220w\" sizes=\"auto, (max-width: 1000px) 100vw, 1000px\" \/><\/a><\/figure>\n\n\n\n<figure class=\"wp-block-image size-large\"><a href=\"https:\/\/dioceseteixeiradefreitas.com.br\/wp-content\/uploads\/2022\/06\/editadas-1-36-2.jpg\"><img loading=\"lazy\" decoding=\"async\" width=\"1000\" height=\"673\" data-id=\"16694\" src=\"https:\/\/dioceseteixeiradefreitas.com.br\/wp-content\/uploads\/2022\/06\/editadas-1-36-2.jpg\" alt=\"\" class=\"wp-image-16694\" srcset=\"https:\/\/dioceseteixeiradefreitas.com.br\/wp-content\/uploads\/2022\/06\/editadas-1-36-2.jpg 1000w, https:\/\/dioceseteixeiradefreitas.com.br\/wp-content\/uploads\/2022\/06\/editadas-1-36-2-300x202.jpg 300w, https:\/\/dioceseteixeiradefreitas.com.br\/wp-content\/uploads\/2022\/06\/editadas-1-36-2-768x517.jpg 768w\" sizes=\"auto, (max-width: 1000px) 100vw, 1000px\" \/><\/a><\/figure>\n\n\n\n<figure class=\"wp-block-image size-large\"><a href=\"https:\/\/dioceseteixeiradefreitas.com.br\/wp-content\/uploads\/2022\/06\/editadas-1-35-2.jpg\"><img loading=\"lazy\" decoding=\"async\" width=\"1000\" height=\"667\" data-id=\"16693\" src=\"https:\/\/dioceseteixeiradefreitas.com.br\/wp-content\/uploads\/2022\/06\/editadas-1-35-2.jpg\" alt=\"\" class=\"wp-image-16693\" srcset=\"https:\/\/dioceseteixeiradefreitas.com.br\/wp-content\/uploads\/2022\/06\/editadas-1-35-2.jpg 1000w, https:\/\/dioceseteixeiradefreitas.com.br\/wp-content\/uploads\/2022\/06\/editadas-1-35-2-300x200.jpg 300w, https:\/\/dioceseteixeiradefreitas.com.br\/wp-content\/uploads\/2022\/06\/editadas-1-35-2-768x512.jpg 768w\" sizes=\"auto, (max-width: 1000px) 100vw, 1000px\" \/><\/a><\/figure>\n\n\n\n<figure class=\"wp-block-image size-large\"><a href=\"https:\/\/dioceseteixeiradefreitas.com.br\/wp-content\/uploads\/2022\/06\/editadas-1-34-2.jpg\"><img loading=\"lazy\" decoding=\"async\" width=\"1000\" height=\"685\" data-id=\"16692\" src=\"https:\/\/dioceseteixeiradefreitas.com.br\/wp-content\/uploads\/2022\/06\/editadas-1-34-2.jpg\" alt=\"\" class=\"wp-image-16692\" srcset=\"https:\/\/dioceseteixeiradefreitas.com.br\/wp-content\/uploads\/2022\/06\/editadas-1-34-2.jpg 1000w, https:\/\/dioceseteixeiradefreitas.com.br\/wp-content\/uploads\/2022\/06\/editadas-1-34-2-300x206.jpg 300w, https:\/\/dioceseteixeiradefreitas.com.br\/wp-content\/uploads\/2022\/06\/editadas-1-34-2-768x526.jpg 768w, https:\/\/dioceseteixeiradefreitas.com.br\/wp-content\/uploads\/2022\/06\/editadas-1-34-2-220x150.jpg 220w\" sizes=\"auto, (max-width: 1000px) 100vw, 1000px\" \/><\/a><\/figure>\n\n\n\n<figure class=\"wp-block-image size-large\"><a href=\"https:\/\/dioceseteixeiradefreitas.com.br\/wp-content\/uploads\/2022\/06\/editadas-1-33-2.jpg\"><img loading=\"lazy\" decoding=\"async\" width=\"1000\" height=\"667\" data-id=\"16691\" src=\"https:\/\/dioceseteixeiradefreitas.com.br\/wp-content\/uploads\/2022\/06\/editadas-1-33-2.jpg\" alt=\"\" class=\"wp-image-16691\" srcset=\"https:\/\/dioceseteixeiradefreitas.com.br\/wp-content\/uploads\/2022\/06\/editadas-1-33-2.jpg 1000w, https:\/\/dioceseteixeiradefreitas.com.br\/wp-content\/uploads\/2022\/06\/editadas-1-33-2-300x200.jpg 300w, https:\/\/dioceseteixeiradefreitas.com.br\/wp-content\/uploads\/2022\/06\/editadas-1-33-2-768x512.jpg 768w\" sizes=\"auto, (max-width: 1000px) 100vw, 1000px\" \/><\/a><\/figure>\n\n\n\n<figure class=\"wp-block-image size-large\"><a href=\"https:\/\/dioceseteixeiradefreitas.com.br\/wp-content\/uploads\/2022\/06\/editadas-1-32-2.jpg\"><img loading=\"lazy\" decoding=\"async\" width=\"1000\" height=\"687\" data-id=\"16690\" src=\"https:\/\/dioceseteixeiradefreitas.com.br\/wp-content\/uploads\/2022\/06\/editadas-1-32-2.jpg\" alt=\"\" class=\"wp-image-16690\" srcset=\"https:\/\/dioceseteixeiradefreitas.com.br\/wp-content\/uploads\/2022\/06\/editadas-1-32-2.jpg 1000w, https:\/\/dioceseteixeiradefreitas.com.br\/wp-content\/uploads\/2022\/06\/editadas-1-32-2-300x206.jpg 300w, https:\/\/dioceseteixeiradefreitas.com.br\/wp-content\/uploads\/2022\/06\/editadas-1-32-2-768x528.jpg 768w, https:\/\/dioceseteixeiradefreitas.com.br\/wp-content\/uploads\/2022\/06\/editadas-1-32-2-220x150.jpg 220w\" sizes=\"auto, (max-width: 1000px) 100vw, 1000px\" \/><\/a><\/figure>\n\n\n\n<figure class=\"wp-block-image size-large\"><a href=\"https:\/\/dioceseteixeiradefreitas.com.br\/wp-content\/uploads\/2022\/06\/editadas-1-31-2.jpg\"><img loading=\"lazy\" decoding=\"async\" width=\"1000\" height=\"678\" data-id=\"16689\" src=\"https:\/\/dioceseteixeiradefreitas.com.br\/wp-content\/uploads\/2022\/06\/editadas-1-31-2.jpg\" alt=\"\" class=\"wp-image-16689\" srcset=\"https:\/\/dioceseteixeiradefreitas.com.br\/wp-content\/uploads\/2022\/06\/editadas-1-31-2.jpg 1000w, https:\/\/dioceseteixeiradefreitas.com.br\/wp-content\/uploads\/2022\/06\/editadas-1-31-2-300x203.jpg 300w, https:\/\/dioceseteixeiradefreitas.com.br\/wp-content\/uploads\/2022\/06\/editadas-1-31-2-768x521.jpg 768w, https:\/\/dioceseteixeiradefreitas.com.br\/wp-content\/uploads\/2022\/06\/editadas-1-31-2-220x150.jpg 220w\" sizes=\"auto, (max-width: 1000px) 100vw, 1000px\" \/><\/a><\/figure>\n\n\n\n<figure class=\"wp-block-image size-large\"><a href=\"https:\/\/dioceseteixeiradefreitas.com.br\/wp-content\/uploads\/2022\/06\/editadas-1-30-2.jpg\"><img loading=\"lazy\" decoding=\"async\" width=\"1000\" height=\"676\" data-id=\"16688\" src=\"https:\/\/dioceseteixeiradefreitas.com.br\/wp-content\/uploads\/2022\/06\/editadas-1-30-2.jpg\" alt=\"\" class=\"wp-image-16688\" srcset=\"https:\/\/dioceseteixeiradefreitas.com.br\/wp-content\/uploads\/2022\/06\/editadas-1-30-2.jpg 1000w, https:\/\/dioceseteixeiradefreitas.com.br\/wp-content\/uploads\/2022\/06\/editadas-1-30-2-300x203.jpg 300w, https:\/\/dioceseteixeiradefreitas.com.br\/wp-content\/uploads\/2022\/06\/editadas-1-30-2-768x519.jpg 768w, https:\/\/dioceseteixeiradefreitas.com.br\/wp-content\/uploads\/2022\/06\/editadas-1-30-2-220x150.jpg 220w\" sizes=\"auto, (max-width: 1000px) 100vw, 1000px\" \/><\/a><\/figure>\n\n\n\n<figure class=\"wp-block-image size-large\"><a href=\"https:\/\/dioceseteixeiradefreitas.com.br\/wp-content\/uploads\/2022\/06\/editadas-1-29-2.jpg\"><img loading=\"lazy\" decoding=\"async\" width=\"1000\" height=\"667\" data-id=\"16687\" src=\"https:\/\/dioceseteixeiradefreitas.com.br\/wp-content\/uploads\/2022\/06\/editadas-1-29-2.jpg\" alt=\"\" class=\"wp-image-16687\" srcset=\"https:\/\/dioceseteixeiradefreitas.com.br\/wp-content\/uploads\/2022\/06\/editadas-1-29-2.jpg 1000w, https:\/\/dioceseteixeiradefreitas.com.br\/wp-content\/uploads\/2022\/06\/editadas-1-29-2-300x200.jpg 300w, https:\/\/dioceseteixeiradefreitas.com.br\/wp-content\/uploads\/2022\/06\/editadas-1-29-2-768x512.jpg 768w\" sizes=\"auto, (max-width: 1000px) 100vw, 1000px\" \/><\/a><\/figure>\n\n\n\n<figure class=\"wp-block-image size-large\"><a href=\"https:\/\/dioceseteixeiradefreitas.com.br\/wp-content\/uploads\/2022\/06\/editadas-1-28-2.jpg\"><img loading=\"lazy\" decoding=\"async\" width=\"1000\" height=\"590\" data-id=\"16686\" src=\"https:\/\/dioceseteixeiradefreitas.com.br\/wp-content\/uploads\/2022\/06\/editadas-1-28-2.jpg\" alt=\"\" class=\"wp-image-16686\" srcset=\"https:\/\/dioceseteixeiradefreitas.com.br\/wp-content\/uploads\/2022\/06\/editadas-1-28-2.jpg 1000w, https:\/\/dioceseteixeiradefreitas.com.br\/wp-content\/uploads\/2022\/06\/editadas-1-28-2-300x177.jpg 300w, https:\/\/dioceseteixeiradefreitas.com.br\/wp-content\/uploads\/2022\/06\/editadas-1-28-2-768x453.jpg 768w\" sizes=\"auto, (max-width: 1000px) 100vw, 1000px\" \/><\/a><\/figure>\n\n\n\n<figure class=\"wp-block-image size-large\"><a href=\"https:\/\/dioceseteixeiradefreitas.com.br\/wp-content\/uploads\/2022\/06\/editadas-1-27-2.jpg\"><img loading=\"lazy\" decoding=\"async\" width=\"1000\" height=\"667\" data-id=\"16685\" src=\"https:\/\/dioceseteixeiradefreitas.com.br\/wp-content\/uploads\/2022\/06\/editadas-1-27-2.jpg\" alt=\"\" class=\"wp-image-16685\" srcset=\"https:\/\/dioceseteixeiradefreitas.com.br\/wp-content\/uploads\/2022\/06\/editadas-1-27-2.jpg 1000w, https:\/\/dioceseteixeiradefreitas.com.br\/wp-content\/uploads\/2022\/06\/editadas-1-27-2-300x200.jpg 300w, https:\/\/dioceseteixeiradefreitas.com.br\/wp-content\/uploads\/2022\/06\/editadas-1-27-2-768x512.jpg 768w\" sizes=\"auto, (max-width: 1000px) 100vw, 1000px\" \/><\/a><\/figure>\n\n\n\n<figure class=\"wp-block-image size-large\"><a href=\"https:\/\/dioceseteixeiradefreitas.com.br\/wp-content\/uploads\/2022\/06\/editadas-1-26-2.jpg\"><img loading=\"lazy\" decoding=\"async\" width=\"1000\" height=\"667\" data-id=\"16684\" src=\"https:\/\/dioceseteixeiradefreitas.com.br\/wp-content\/uploads\/2022\/06\/editadas-1-26-2.jpg\" alt=\"\" class=\"wp-image-16684\" srcset=\"https:\/\/dioceseteixeiradefreitas.com.br\/wp-content\/uploads\/2022\/06\/editadas-1-26-2.jpg 1000w, https:\/\/dioceseteixeiradefreitas.com.br\/wp-content\/uploads\/2022\/06\/editadas-1-26-2-300x200.jpg 300w, https:\/\/dioceseteixeiradefreitas.com.br\/wp-content\/uploads\/2022\/06\/editadas-1-26-2-768x512.jpg 768w\" sizes=\"auto, (max-width: 1000px) 100vw, 1000px\" \/><\/a><\/figure>\n\n\n\n<figure class=\"wp-block-image size-large\"><a href=\"https:\/\/dioceseteixeiradefreitas.com.br\/wp-content\/uploads\/2022\/06\/editadas-1-25-2.jpg\"><img loading=\"lazy\" decoding=\"async\" width=\"1000\" height=\"743\" data-id=\"16683\" src=\"https:\/\/dioceseteixeiradefreitas.com.br\/wp-content\/uploads\/2022\/06\/editadas-1-25-2.jpg\" alt=\"\" class=\"wp-image-16683\" srcset=\"https:\/\/dioceseteixeiradefreitas.com.br\/wp-content\/uploads\/2022\/06\/editadas-1-25-2.jpg 1000w, https:\/\/dioceseteixeiradefreitas.com.br\/wp-content\/uploads\/2022\/06\/editadas-1-25-2-300x223.jpg 300w, https:\/\/dioceseteixeiradefreitas.com.br\/wp-content\/uploads\/2022\/06\/editadas-1-25-2-768x571.jpg 768w\" sizes=\"auto, (max-width: 1000px) 100vw, 1000px\" \/><\/a><\/figure>\n\n\n\n<figure class=\"wp-block-image size-large\"><a href=\"https:\/\/dioceseteixeiradefreitas.com.br\/wp-content\/uploads\/2022\/06\/editadas-1-24-2.jpg\"><img loading=\"lazy\" decoding=\"async\" width=\"1000\" height=\"617\" data-id=\"16682\" src=\"https:\/\/dioceseteixeiradefreitas.com.br\/wp-content\/uploads\/2022\/06\/editadas-1-24-2.jpg\" alt=\"\" class=\"wp-image-16682\" srcset=\"https:\/\/dioceseteixeiradefreitas.com.br\/wp-content\/uploads\/2022\/06\/editadas-1-24-2.jpg 1000w, https:\/\/dioceseteixeiradefreitas.com.br\/wp-content\/uploads\/2022\/06\/editadas-1-24-2-300x185.jpg 300w, https:\/\/dioceseteixeiradefreitas.com.br\/wp-content\/uploads\/2022\/06\/editadas-1-24-2-768x474.jpg 768w\" sizes=\"auto, (max-width: 1000px) 100vw, 1000px\" \/><\/a><\/figure>\n\n\n\n<figure class=\"wp-block-image size-large\"><a href=\"https:\/\/dioceseteixeiradefreitas.com.br\/wp-content\/uploads\/2022\/06\/editadas-1-23-2.jpg\"><img loading=\"lazy\" decoding=\"async\" width=\"1000\" height=\"667\" data-id=\"16681\" src=\"https:\/\/dioceseteixeiradefreitas.com.br\/wp-content\/uploads\/2022\/06\/editadas-1-23-2.jpg\" alt=\"\" class=\"wp-image-16681\" srcset=\"https:\/\/dioceseteixeiradefreitas.com.br\/wp-content\/uploads\/2022\/06\/editadas-1-23-2.jpg 1000w, https:\/\/dioceseteixeiradefreitas.com.br\/wp-content\/uploads\/2022\/06\/editadas-1-23-2-300x200.jpg 300w, https:\/\/dioceseteixeiradefreitas.com.br\/wp-content\/uploads\/2022\/06\/editadas-1-23-2-768x512.jpg 768w\" sizes=\"auto, (max-width: 1000px) 100vw, 1000px\" \/><\/a><\/figure>\n\n\n\n<figure class=\"wp-block-image size-large\"><a href=\"https:\/\/dioceseteixeiradefreitas.com.br\/wp-content\/uploads\/2022\/06\/editadas-1-22-3.jpg\"><img loading=\"lazy\" decoding=\"async\" width=\"1000\" height=\"525\" data-id=\"16680\" src=\"https:\/\/dioceseteixeiradefreitas.com.br\/wp-content\/uploads\/2022\/06\/editadas-1-22-3.jpg\" alt=\"\" class=\"wp-image-16680\" srcset=\"https:\/\/dioceseteixeiradefreitas.com.br\/wp-content\/uploads\/2022\/06\/editadas-1-22-3.jpg 1000w, https:\/\/dioceseteixeiradefreitas.com.br\/wp-content\/uploads\/2022\/06\/editadas-1-22-3-300x158.jpg 300w, https:\/\/dioceseteixeiradefreitas.com.br\/wp-content\/uploads\/2022\/06\/editadas-1-22-3-768x403.jpg 768w\" sizes=\"auto, (max-width: 1000px) 100vw, 1000px\" \/><\/a><\/figure>\n\n\n\n<figure class=\"wp-block-image size-large\"><a href=\"https:\/\/dioceseteixeiradefreitas.com.br\/wp-content\/uploads\/2022\/06\/editadas-1-21-3.jpg\"><img loading=\"lazy\" decoding=\"async\" width=\"1000\" height=\"667\" data-id=\"16679\" src=\"https:\/\/dioceseteixeiradefreitas.com.br\/wp-content\/uploads\/2022\/06\/editadas-1-21-3.jpg\" alt=\"\" class=\"wp-image-16679\" srcset=\"https:\/\/dioceseteixeiradefreitas.com.br\/wp-content\/uploads\/2022\/06\/editadas-1-21-3.jpg 1000w, https:\/\/dioceseteixeiradefreitas.com.br\/wp-content\/uploads\/2022\/06\/editadas-1-21-3-300x200.jpg 300w, https:\/\/dioceseteixeiradefreitas.com.br\/wp-content\/uploads\/2022\/06\/editadas-1-21-3-768x512.jpg 768w\" sizes=\"auto, (max-width: 1000px) 100vw, 1000px\" \/><\/a><\/figure>\n\n\n\n<figure class=\"wp-block-image size-large\"><a href=\"https:\/\/dioceseteixeiradefreitas.com.br\/wp-content\/uploads\/2022\/06\/editadas-1-20-3.jpg\"><img loading=\"lazy\" decoding=\"async\" width=\"1000\" height=\"683\" data-id=\"16678\" src=\"https:\/\/dioceseteixeiradefreitas.com.br\/wp-content\/uploads\/2022\/06\/editadas-1-20-3.jpg\" alt=\"\" class=\"wp-image-16678\" srcset=\"https:\/\/dioceseteixeiradefreitas.com.br\/wp-content\/uploads\/2022\/06\/editadas-1-20-3.jpg 1000w, https:\/\/dioceseteixeiradefreitas.com.br\/wp-content\/uploads\/2022\/06\/editadas-1-20-3-300x205.jpg 300w, https:\/\/dioceseteixeiradefreitas.com.br\/wp-content\/uploads\/2022\/06\/editadas-1-20-3-768x525.jpg 768w, https:\/\/dioceseteixeiradefreitas.com.br\/wp-content\/uploads\/2022\/06\/editadas-1-20-3-220x150.jpg 220w\" sizes=\"auto, (max-width: 1000px) 100vw, 1000px\" \/><\/a><\/figure>\n\n\n\n<figure class=\"wp-block-image size-large\"><a href=\"https:\/\/dioceseteixeiradefreitas.com.br\/wp-content\/uploads\/2022\/06\/editadas-1-19-3.jpg\"><img loading=\"lazy\" decoding=\"async\" width=\"1000\" height=\"667\" data-id=\"16677\" src=\"https:\/\/dioceseteixeiradefreitas.com.br\/wp-content\/uploads\/2022\/06\/editadas-1-19-3.jpg\" alt=\"\" class=\"wp-image-16677\" srcset=\"https:\/\/dioceseteixeiradefreitas.com.br\/wp-content\/uploads\/2022\/06\/editadas-1-19-3.jpg 1000w, https:\/\/dioceseteixeiradefreitas.com.br\/wp-content\/uploads\/2022\/06\/editadas-1-19-3-300x200.jpg 300w, https:\/\/dioceseteixeiradefreitas.com.br\/wp-content\/uploads\/2022\/06\/editadas-1-19-3-768x512.jpg 768w\" sizes=\"auto, (max-width: 1000px) 100vw, 1000px\" \/><\/a><\/figure>\n\n\n\n<figure class=\"wp-block-image size-large\"><a href=\"https:\/\/dioceseteixeiradefreitas.com.br\/wp-content\/uploads\/2022\/06\/editadas-1-18-3.jpg\"><img loading=\"lazy\" decoding=\"async\" width=\"1000\" height=\"690\" data-id=\"16676\" src=\"https:\/\/dioceseteixeiradefreitas.com.br\/wp-content\/uploads\/2022\/06\/editadas-1-18-3.jpg\" alt=\"\" class=\"wp-image-16676\" srcset=\"https:\/\/dioceseteixeiradefreitas.com.br\/wp-content\/uploads\/2022\/06\/editadas-1-18-3.jpg 1000w, https:\/\/dioceseteixeiradefreitas.com.br\/wp-content\/uploads\/2022\/06\/editadas-1-18-3-300x207.jpg 300w, https:\/\/dioceseteixeiradefreitas.com.br\/wp-content\/uploads\/2022\/06\/editadas-1-18-3-768x530.jpg 768w\" sizes=\"auto, (max-width: 1000px) 100vw, 1000px\" \/><\/a><\/figure>\n\n\n\n<figure class=\"wp-block-image size-large\"><a href=\"https:\/\/dioceseteixeiradefreitas.com.br\/wp-content\/uploads\/2022\/06\/editadas-1-17-3.jpg\"><img loading=\"lazy\" decoding=\"async\" width=\"1000\" height=\"654\" data-id=\"16675\" src=\"https:\/\/dioceseteixeiradefreitas.com.br\/wp-content\/uploads\/2022\/06\/editadas-1-17-3.jpg\" alt=\"\" class=\"wp-image-16675\" srcset=\"https:\/\/dioceseteixeiradefreitas.com.br\/wp-content\/uploads\/2022\/06\/editadas-1-17-3.jpg 1000w, https:\/\/dioceseteixeiradefreitas.com.br\/wp-content\/uploads\/2022\/06\/editadas-1-17-3-300x196.jpg 300w, https:\/\/dioceseteixeiradefreitas.com.br\/wp-content\/uploads\/2022\/06\/editadas-1-17-3-768x502.jpg 768w\" sizes=\"auto, (max-width: 1000px) 100vw, 1000px\" \/><\/a><\/figure>\n\n\n\n<figure class=\"wp-block-image size-large\"><a href=\"https:\/\/dioceseteixeiradefreitas.com.br\/wp-content\/uploads\/2022\/06\/editadas-1-16-3.jpg\"><img loading=\"lazy\" decoding=\"async\" width=\"1000\" height=\"616\" data-id=\"16674\" src=\"https:\/\/dioceseteixeiradefreitas.com.br\/wp-content\/uploads\/2022\/06\/editadas-1-16-3.jpg\" alt=\"\" class=\"wp-image-16674\" srcset=\"https:\/\/dioceseteixeiradefreitas.com.br\/wp-content\/uploads\/2022\/06\/editadas-1-16-3.jpg 1000w, https:\/\/dioceseteixeiradefreitas.com.br\/wp-content\/uploads\/2022\/06\/editadas-1-16-3-300x185.jpg 300w, https:\/\/dioceseteixeiradefreitas.com.br\/wp-content\/uploads\/2022\/06\/editadas-1-16-3-768x473.jpg 768w\" sizes=\"auto, (max-width: 1000px) 100vw, 1000px\" \/><\/a><\/figure>\n\n\n\n<figure class=\"wp-block-image size-large\"><a href=\"https:\/\/dioceseteixeiradefreitas.com.br\/wp-content\/uploads\/2022\/06\/editadas-1-15-3.jpg\"><img loading=\"lazy\" decoding=\"async\" width=\"1000\" height=\"667\" data-id=\"16673\" src=\"https:\/\/dioceseteixeiradefreitas.com.br\/wp-content\/uploads\/2022\/06\/editadas-1-15-3.jpg\" alt=\"\" class=\"wp-image-16673\" srcset=\"https:\/\/dioceseteixeiradefreitas.com.br\/wp-content\/uploads\/2022\/06\/editadas-1-15-3.jpg 1000w, https:\/\/dioceseteixeiradefreitas.com.br\/wp-content\/uploads\/2022\/06\/editadas-1-15-3-300x200.jpg 300w, https:\/\/dioceseteixeiradefreitas.com.br\/wp-content\/uploads\/2022\/06\/editadas-1-15-3-768x512.jpg 768w\" sizes=\"auto, (max-width: 1000px) 100vw, 1000px\" \/><\/a><\/figure>\n\n\n\n<figure class=\"wp-block-image size-large\"><a href=\"https:\/\/dioceseteixeiradefreitas.com.br\/wp-content\/uploads\/2022\/06\/editadas-1-14-4.jpg\"><img loading=\"lazy\" decoding=\"async\" width=\"1000\" height=\"922\" data-id=\"16672\" src=\"https:\/\/dioceseteixeiradefreitas.com.br\/wp-content\/uploads\/2022\/06\/editadas-1-14-4.jpg\" alt=\"\" class=\"wp-image-16672\" srcset=\"https:\/\/dioceseteixeiradefreitas.com.br\/wp-content\/uploads\/2022\/06\/editadas-1-14-4.jpg 1000w, https:\/\/dioceseteixeiradefreitas.com.br\/wp-content\/uploads\/2022\/06\/editadas-1-14-4-300x277.jpg 300w, https:\/\/dioceseteixeiradefreitas.com.br\/wp-content\/uploads\/2022\/06\/editadas-1-14-4-768x708.jpg 768w\" sizes=\"auto, (max-width: 1000px) 100vw, 1000px\" \/><\/a><\/figure>\n\n\n\n<figure class=\"wp-block-image size-large\"><a href=\"https:\/\/dioceseteixeiradefreitas.com.br\/wp-content\/uploads\/2022\/06\/editadas-1-13-5.jpg\"><img loading=\"lazy\" decoding=\"async\" width=\"1000\" height=\"726\" data-id=\"16671\" src=\"https:\/\/dioceseteixeiradefreitas.com.br\/wp-content\/uploads\/2022\/06\/editadas-1-13-5.jpg\" alt=\"\" class=\"wp-image-16671\" srcset=\"https:\/\/dioceseteixeiradefreitas.com.br\/wp-content\/uploads\/2022\/06\/editadas-1-13-5.jpg 1000w, https:\/\/dioceseteixeiradefreitas.com.br\/wp-content\/uploads\/2022\/06\/editadas-1-13-5-300x218.jpg 300w, https:\/\/dioceseteixeiradefreitas.com.br\/wp-content\/uploads\/2022\/06\/editadas-1-13-5-768x558.jpg 768w\" sizes=\"auto, (max-width: 1000px) 100vw, 1000px\" \/><\/a><\/figure>\n\n\n\n<figure class=\"wp-block-image size-large\"><a href=\"https:\/\/dioceseteixeiradefreitas.com.br\/wp-content\/uploads\/2022\/06\/editadas-1-12-4.jpg\"><img loading=\"lazy\" decoding=\"async\" width=\"1000\" height=\"656\" data-id=\"16670\" src=\"https:\/\/dioceseteixeiradefreitas.com.br\/wp-content\/uploads\/2022\/06\/editadas-1-12-4.jpg\" alt=\"\" class=\"wp-image-16670\" srcset=\"https:\/\/dioceseteixeiradefreitas.com.br\/wp-content\/uploads\/2022\/06\/editadas-1-12-4.jpg 1000w, https:\/\/dioceseteixeiradefreitas.com.br\/wp-content\/uploads\/2022\/06\/editadas-1-12-4-300x197.jpg 300w, https:\/\/dioceseteixeiradefreitas.com.br\/wp-content\/uploads\/2022\/06\/editadas-1-12-4-768x504.jpg 768w\" sizes=\"auto, (max-width: 1000px) 100vw, 1000px\" \/><\/a><\/figure>\n\n\n\n<figure class=\"wp-block-image size-large\"><a href=\"https:\/\/dioceseteixeiradefreitas.com.br\/wp-content\/uploads\/2022\/06\/editadas-1-11-3.jpg\"><img loading=\"lazy\" decoding=\"async\" width=\"1000\" height=\"630\" data-id=\"16669\" src=\"https:\/\/dioceseteixeiradefreitas.com.br\/wp-content\/uploads\/2022\/06\/editadas-1-11-3.jpg\" alt=\"\" class=\"wp-image-16669\" srcset=\"https:\/\/dioceseteixeiradefreitas.com.br\/wp-content\/uploads\/2022\/06\/editadas-1-11-3.jpg 1000w, https:\/\/dioceseteixeiradefreitas.com.br\/wp-content\/uploads\/2022\/06\/editadas-1-11-3-300x189.jpg 300w, https:\/\/dioceseteixeiradefreitas.com.br\/wp-content\/uploads\/2022\/06\/editadas-1-11-3-768x484.jpg 768w\" sizes=\"auto, (max-width: 1000px) 100vw, 1000px\" \/><\/a><\/figure>\n\n\n\n<figure class=\"wp-block-image size-large\"><a href=\"https:\/\/dioceseteixeiradefreitas.com.br\/wp-content\/uploads\/2022\/06\/editadas-1-10-6.jpg\"><img loading=\"lazy\" decoding=\"async\" width=\"1000\" height=\"615\" data-id=\"16668\" src=\"https:\/\/dioceseteixeiradefreitas.com.br\/wp-content\/uploads\/2022\/06\/editadas-1-10-6.jpg\" alt=\"\" class=\"wp-image-16668\" srcset=\"https:\/\/dioceseteixeiradefreitas.com.br\/wp-content\/uploads\/2022\/06\/editadas-1-10-6.jpg 1000w, https:\/\/dioceseteixeiradefreitas.com.br\/wp-content\/uploads\/2022\/06\/editadas-1-10-6-300x185.jpg 300w, https:\/\/dioceseteixeiradefreitas.com.br\/wp-content\/uploads\/2022\/06\/editadas-1-10-6-768x472.jpg 768w\" sizes=\"auto, (max-width: 1000px) 100vw, 1000px\" \/><\/a><\/figure>\n\n\n\n<figure class=\"wp-block-image size-large\"><a href=\"https:\/\/dioceseteixeiradefreitas.com.br\/wp-content\/uploads\/2022\/06\/editadas-1-9-5.jpg\"><img loading=\"lazy\" decoding=\"async\" width=\"1000\" height=\"667\" data-id=\"16667\" src=\"https:\/\/dioceseteixeiradefreitas.com.br\/wp-content\/uploads\/2022\/06\/editadas-1-9-5.jpg\" alt=\"\" class=\"wp-image-16667\" srcset=\"https:\/\/dioceseteixeiradefreitas.com.br\/wp-content\/uploads\/2022\/06\/editadas-1-9-5.jpg 1000w, https:\/\/dioceseteixeiradefreitas.com.br\/wp-content\/uploads\/2022\/06\/editadas-1-9-5-300x200.jpg 300w, https:\/\/dioceseteixeiradefreitas.com.br\/wp-content\/uploads\/2022\/06\/editadas-1-9-5-768x512.jpg 768w\" sizes=\"auto, (max-width: 1000px) 100vw, 1000px\" \/><\/a><\/figure>\n\n\n\n<figure class=\"wp-block-image size-large\"><a href=\"https:\/\/dioceseteixeiradefreitas.com.br\/wp-content\/uploads\/2022\/06\/editadas-1-8-4.jpg\"><img loading=\"lazy\" decoding=\"async\" width=\"1000\" height=\"652\" data-id=\"16666\" src=\"https:\/\/dioceseteixeiradefreitas.com.br\/wp-content\/uploads\/2022\/06\/editadas-1-8-4.jpg\" alt=\"\" class=\"wp-image-16666\" srcset=\"https:\/\/dioceseteixeiradefreitas.com.br\/wp-content\/uploads\/2022\/06\/editadas-1-8-4.jpg 1000w, https:\/\/dioceseteixeiradefreitas.com.br\/wp-content\/uploads\/2022\/06\/editadas-1-8-4-300x196.jpg 300w, https:\/\/dioceseteixeiradefreitas.com.br\/wp-content\/uploads\/2022\/06\/editadas-1-8-4-768x501.jpg 768w\" sizes=\"auto, (max-width: 1000px) 100vw, 1000px\" \/><\/a><\/figure>\n\n\n\n<figure class=\"wp-block-image size-large\"><a href=\"https:\/\/dioceseteixeiradefreitas.com.br\/wp-content\/uploads\/2022\/06\/editadas-1-7-5.jpg\"><img loading=\"lazy\" decoding=\"async\" width=\"1000\" height=\"680\" data-id=\"16665\" src=\"https:\/\/dioceseteixeiradefreitas.com.br\/wp-content\/uploads\/2022\/06\/editadas-1-7-5.jpg\" alt=\"\" class=\"wp-image-16665\" srcset=\"https:\/\/dioceseteixeiradefreitas.com.br\/wp-content\/uploads\/2022\/06\/editadas-1-7-5.jpg 1000w, https:\/\/dioceseteixeiradefreitas.com.br\/wp-content\/uploads\/2022\/06\/editadas-1-7-5-300x204.jpg 300w, https:\/\/dioceseteixeiradefreitas.com.br\/wp-content\/uploads\/2022\/06\/editadas-1-7-5-768x522.jpg 768w, https:\/\/dioceseteixeiradefreitas.com.br\/wp-content\/uploads\/2022\/06\/editadas-1-7-5-220x150.jpg 220w\" sizes=\"auto, (max-width: 1000px) 100vw, 1000px\" \/><\/a><\/figure>\n\n\n\n<figure class=\"wp-block-image size-large\"><a href=\"https:\/\/dioceseteixeiradefreitas.com.br\/wp-content\/uploads\/2022\/06\/editadas-1-6-5.jpg\"><img loading=\"lazy\" decoding=\"async\" width=\"1000\" height=\"748\" data-id=\"16664\" src=\"https:\/\/dioceseteixeiradefreitas.com.br\/wp-content\/uploads\/2022\/06\/editadas-1-6-5.jpg\" alt=\"\" class=\"wp-image-16664\" srcset=\"https:\/\/dioceseteixeiradefreitas.com.br\/wp-content\/uploads\/2022\/06\/editadas-1-6-5.jpg 1000w, https:\/\/dioceseteixeiradefreitas.com.br\/wp-content\/uploads\/2022\/06\/editadas-1-6-5-300x224.jpg 300w, https:\/\/dioceseteixeiradefreitas.com.br\/wp-content\/uploads\/2022\/06\/editadas-1-6-5-768x574.jpg 768w\" sizes=\"auto, (max-width: 1000px) 100vw, 1000px\" \/><\/a><\/figure>\n\n\n\n<figure class=\"wp-block-image size-large\"><a href=\"https:\/\/dioceseteixeiradefreitas.com.br\/wp-content\/uploads\/2022\/06\/editadas-1-5-6.jpg\"><img loading=\"lazy\" decoding=\"async\" width=\"1000\" height=\"719\" data-id=\"16663\" src=\"https:\/\/dioceseteixeiradefreitas.com.br\/wp-content\/uploads\/2022\/06\/editadas-1-5-6.jpg\" alt=\"\" class=\"wp-image-16663\" srcset=\"https:\/\/dioceseteixeiradefreitas.com.br\/wp-content\/uploads\/2022\/06\/editadas-1-5-6.jpg 1000w, https:\/\/dioceseteixeiradefreitas.com.br\/wp-content\/uploads\/2022\/06\/editadas-1-5-6-300x216.jpg 300w, https:\/\/dioceseteixeiradefreitas.com.br\/wp-content\/uploads\/2022\/06\/editadas-1-5-6-768x552.jpg 768w\" sizes=\"auto, (max-width: 1000px) 100vw, 1000px\" \/><\/a><\/figure>\n\n\n\n<figure class=\"wp-block-image size-large\"><a href=\"https:\/\/dioceseteixeiradefreitas.com.br\/wp-content\/uploads\/2022\/06\/editadas-1-4-6.jpg\"><img loading=\"lazy\" decoding=\"async\" width=\"1000\" height=\"667\" data-id=\"16662\" src=\"https:\/\/dioceseteixeiradefreitas.com.br\/wp-content\/uploads\/2022\/06\/editadas-1-4-6.jpg\" alt=\"\" class=\"wp-image-16662\" srcset=\"https:\/\/dioceseteixeiradefreitas.com.br\/wp-content\/uploads\/2022\/06\/editadas-1-4-6.jpg 1000w, https:\/\/dioceseteixeiradefreitas.com.br\/wp-content\/uploads\/2022\/06\/editadas-1-4-6-300x200.jpg 300w, https:\/\/dioceseteixeiradefreitas.com.br\/wp-content\/uploads\/2022\/06\/editadas-1-4-6-768x512.jpg 768w\" sizes=\"auto, (max-width: 1000px) 100vw, 1000px\" \/><\/a><\/figure>\n\n\n\n<figure class=\"wp-block-image size-large\"><a href=\"https:\/\/dioceseteixeiradefreitas.com.br\/wp-content\/uploads\/2022\/06\/editadas-1-3-5.jpg\"><img loading=\"lazy\" decoding=\"async\" width=\"1000\" height=\"667\" data-id=\"16661\" src=\"https:\/\/dioceseteixeiradefreitas.com.br\/wp-content\/uploads\/2022\/06\/editadas-1-3-5.jpg\" alt=\"\" class=\"wp-image-16661\" srcset=\"https:\/\/dioceseteixeiradefreitas.com.br\/wp-content\/uploads\/2022\/06\/editadas-1-3-5.jpg 1000w, https:\/\/dioceseteixeiradefreitas.com.br\/wp-content\/uploads\/2022\/06\/editadas-1-3-5-300x200.jpg 300w, https:\/\/dioceseteixeiradefreitas.com.br\/wp-content\/uploads\/2022\/06\/editadas-1-3-5-768x512.jpg 768w\" sizes=\"auto, (max-width: 1000px) 100vw, 1000px\" \/><\/a><\/figure>\n\n\n\n<figure class=\"wp-block-image size-large\"><a href=\"https:\/\/dioceseteixeiradefreitas.com.br\/wp-content\/uploads\/2022\/06\/editadas-1-2-6.jpg\"><img loading=\"lazy\" decoding=\"async\" width=\"1000\" height=\"671\" data-id=\"16660\" src=\"https:\/\/dioceseteixeiradefreitas.com.br\/wp-content\/uploads\/2022\/06\/editadas-1-2-6.jpg\" alt=\"\" class=\"wp-image-16660\" srcset=\"https:\/\/dioceseteixeiradefreitas.com.br\/wp-content\/uploads\/2022\/06\/editadas-1-2-6.jpg 1000w, https:\/\/dioceseteixeiradefreitas.com.br\/wp-content\/uploads\/2022\/06\/editadas-1-2-6-300x201.jpg 300w, https:\/\/dioceseteixeiradefreitas.com.br\/wp-content\/uploads\/2022\/06\/editadas-1-2-6-768x515.jpg 768w\" sizes=\"auto, (max-width: 1000px) 100vw, 1000px\" \/><\/a><\/figure>\n\n\n\n<figure class=\"wp-block-image size-large\"><a href=\"https:\/\/dioceseteixeiradefreitas.com.br\/wp-content\/uploads\/2022\/06\/editadas-1-81.jpg\"><img loading=\"lazy\" decoding=\"async\" width=\"1000\" height=\"656\" data-id=\"16659\" src=\"https:\/\/dioceseteixeiradefreitas.com.br\/wp-content\/uploads\/2022\/06\/editadas-1-81.jpg\" alt=\"\" class=\"wp-image-16659\" srcset=\"https:\/\/dioceseteixeiradefreitas.com.br\/wp-content\/uploads\/2022\/06\/editadas-1-81.jpg 1000w, https:\/\/dioceseteixeiradefreitas.com.br\/wp-content\/uploads\/2022\/06\/editadas-1-81-300x197.jpg 300w, https:\/\/dioceseteixeiradefreitas.com.br\/wp-content\/uploads\/2022\/06\/editadas-1-81-768x504.jpg 768w\" sizes=\"auto, (max-width: 1000px) 100vw, 1000px\" \/><\/a><\/figure>\n<\/figure>\n\n\n\n<p><\/p>\n\n\n\n<iframe loading=\"lazy\" width=\"560\" height=\"315\" src=\"https:\/\/www.youtube.com\/embed\/jHg3S5qf1DA\" title=\"YouTube video player\" frameborder=\"0\" allow=\"accelerometer; autoplay; clipboard-write; encrypted-media; gyroscope; picture-in-picture\" allowfullscreen=\"\"><\/iframe>\n\n\n\n<p><\/p>\n\n\n\n<p>Mat\u00e9ria: Sara Lima.<\/p>\n\n\n\n<p>Entrevista &#8211; \u00c1udio: Hanna Lima.<\/p>\n\n\n\n<p>Fotos e v\u00eddeos: Hanna Lima e Jo\u00e3o Vitor Gomes.<\/p>\n\n\n\n<p>Edi\u00e7\u00e3o de fotos e v\u00eddeos: Hanna Lima e Jo\u00e3o Vitor Gomes.<\/p>\n","protected":false},"excerpt":{"rendered":"<p>A Igreja celebra hoje, 29 de junho, a Solenidade de S\u00e3o Pedro e S\u00e3o Paulo, ap\u00f3stolos que s\u00e3o pilares da nossa Igreja, e exemplos de f\u00e9 e coragem para os crist\u00e3os cat\u00f3licos. Na cidade de Teixeira de Freitas &#8211; BA, que tem como padroeiro S\u00e3o Pedro, os fi\u00e9is reuniram-se pela manh\u00e3 para participar da tradicional &hellip;<\/p>\n","protected":false},"author":24,"featured_media":16707,"comment_status":"closed","ping_status":"closed","sticky":false,"template":"","format":"standard","meta":{"footnotes":""},"categories":[100],"tags":[983,1078,1081,1080,1079],"class_list":["post-16653","post","type-post","status-publish","format-standard","has-post-thumbnail","hentry","category-noticias-diocesanas","tag-anojubilar","tag-carreata","tag-dioceseteixeiradefreitascaravelas","tag-festadesaopedro","tag-saopedro"],"_links":{"self":[{"href":"https:\/\/dioceseteixeiradefreitas.com.br\/index.php?rest_route=\/wp\/v2\/posts\/16653","targetHints":{"allow":["GET"]}}],"collection":[{"href":"https:\/\/dioceseteixeiradefreitas.com.br\/index.php?rest_route=\/wp\/v2\/posts"}],"about":[{"href":"https:\/\/dioceseteixeiradefreitas.com.br\/index.php?rest_route=\/wp\/v2\/types\/post"}],"author":[{"embeddable":true,"href":"https:\/\/dioceseteixeiradefreitas.com.br\/index.php?rest_route=\/wp\/v2\/users\/24"}],"replies":[{"embeddable":true,"href":"https:\/\/dioceseteixeiradefreitas.com.br\/index.php?rest_route=%2Fwp%2Fv2%2Fcomments&post=16653"}],"version-history":[{"count":10,"href":"https:\/\/dioceseteixeiradefreitas.com.br\/index.php?rest_route=\/wp\/v2\/posts\/16653\/revisions"}],"predecessor-version":[{"id":16728,"href":"https:\/\/dioceseteixeiradefreitas.com.br\/index.php?rest_route=\/wp\/v2\/posts\/16653\/revisions\/16728"}],"wp:featuredmedia":[{"embeddable":true,"href":"https:\/\/dioceseteixeiradefreitas.com.br\/index.php?rest_route=\/wp\/v2\/media\/16707"}],"wp:attachment":[{"href":"https:\/\/dioceseteixeiradefreitas.com.br\/index.php?rest_route=%2Fwp%2Fv2%2Fmedia&parent=16653"}],"wp:term":[{"taxonomy":"category","embeddable":true,"href":"https:\/\/dioceseteixeiradefreitas.com.br\/index.php?rest_route=%2Fwp%2Fv2%2Fcategories&post=16653"},{"taxonomy":"post_tag","embeddable":true,"href":"https:\/\/dioceseteixeiradefreitas.com.br\/index.php?rest_route=%2Fwp%2Fv2%2Ftags&post=16653"}],"curies":[{"name":"wp","href":"https:\/\/api.w.org\/{rel}","templated":true}]}}