{"id":16725,"date":"2022-07-01T14:04:22","date_gmt":"2022-07-01T17:04:22","guid":{"rendered":"https:\/\/dioceseteixeiradefreitas.com.br\/?p=16725"},"modified":"2022-07-07T09:34:31","modified_gmt":"2022-07-07T12:34:31","slug":"jubilosos-fieis-participam-da-festa-em-honra-ao-glorioso-sao-pedro","status":"publish","type":"post","link":"https:\/\/dioceseteixeiradefreitas.com.br\/?p=16725","title":{"rendered":"Jubilosos, fi\u00e9is participam da Festa em Honra ao Glorioso S\u00e3o Pedro"},"content":{"rendered":"\n<p>Com grande j\u00fabilo, fi\u00e9is de toda a Diocese reuniram-se nesta quarta-feira, 29 de Junho de 2022, para celebrar a Solenidade de S\u00e3o Pedro e S\u00e3o Paulo. Na cidade de Teixeira de Freitas &#8211; BA, que tem S\u00e3o Pedro como padroeiro, esta data \u00e9 marcada por ser feriado municipal, e \u00e9 celebrada com muita alegria.<\/p>\n\n\n\n<figure class=\"wp-block-image size-full\"><a href=\"https:\/\/dioceseteixeiradefreitas.com.br\/wp-content\/uploads\/2022\/06\/editadas-1-40-3.jpg\"><img loading=\"lazy\" decoding=\"async\" width=\"1000\" height=\"587\" src=\"https:\/\/dioceseteixeiradefreitas.com.br\/wp-content\/uploads\/2022\/06\/editadas-1-40-3.jpg\" alt=\"\" class=\"wp-image-16767\" srcset=\"https:\/\/dioceseteixeiradefreitas.com.br\/wp-content\/uploads\/2022\/06\/editadas-1-40-3.jpg 1000w, https:\/\/dioceseteixeiradefreitas.com.br\/wp-content\/uploads\/2022\/06\/editadas-1-40-3-300x176.jpg 300w, https:\/\/dioceseteixeiradefreitas.com.br\/wp-content\/uploads\/2022\/06\/editadas-1-40-3-768x451.jpg 768w\" sizes=\"auto, (max-width: 1000px) 100vw, 1000px\" \/><\/a><\/figure>\n\n\n\n<p>A programa\u00e7\u00e3o da Festa em honra a S\u00e3o Pedro, padroeiro da cidade e da Diocese, teve in\u00edcio com a carreata \u00e0s 09h, saindo do trevo em dire\u00e7\u00e3o a Catedral Diocesana. Na parte da tarde, a programa\u00e7\u00e3o teve continuidade com a tradicional Prociss\u00e3o, \u00e0s 17h, saindo da Capela de Adora\u00e7\u00e3o em dire\u00e7\u00e3o a Catedral Diocesana, que contou com a participa\u00e7\u00e3o de muitos fi\u00e9is, que acompanharam o andor com a imagem de S\u00e3o Pedro pelas ruas da cidade. Durante a prociss\u00e3o, al\u00e9m de S\u00e3o Pedro, todos os santos padroeiros das par\u00f3quias da Diocese estiveram representados por suas imagens.<\/p>\n\n\n\n<p>Ap\u00f3s a Prociss\u00e3o, foi celebrada a Santa Missa Solene, presidida pelo Excelent\u00edssimo Reverend\u00edssimo Dom Jailton de Oliveira Lino, psdp, bispo diocesano, e concelebrada pelos sacerdotes da Diocese, contando com a participa\u00e7\u00e3o do Di\u00e1cono Emanoel, Di\u00e1cono Marcos, Seminaristas da Diocese, Religiosos(as) e muitos fi\u00e9is leigos de toda Diocese. <\/p>\n\n\n\n<p>Um momento marcante, foi a entrada das bandeiras do Brasil, de Teixeira de Freitas, da Bahia e da Diocese, conduzidas por quatro jovens. Em seguida uma prociss\u00e3o com os seminaristas, di\u00e1conos, sacerdotes e pelo bispo diocesano, acompanhou a entrada do andor com S\u00e3o Pedro, que foi colocado ao lado do presbit\u00e9rio. Ap\u00f3s essa prociss\u00e3o inicial, Padre Edvaldo, p\u00e1roco da Catedral aclamou: &#8220;Viva S\u00e3o Pedro! Viva os santos da nossa Diocese! Viva Jesus Cristo! Viva a Virgem Maria!&#8221;, e convidou o povo de Deus para se preparar para a Celebra\u00e7\u00e3o Eucar\u00edstica.<\/p>\n\n\n\n<p>O Evangelho foi proclamado pelo Di\u00e1cono Emanoel. Dom Jailton iniciou sua homilia saudando os sacerdotes que estavam presentes, os sacerdotes que est\u00e3o de quarentena, os sacerdotes que n\u00e3o puderam estar presentes, pois, estavam celebrando em outras Par\u00f3quias da Diocese. Saudou os di\u00e1conos, os (as) religiosos (as) e os seminaristas. Saudou o senhor prefeito e sua esposa, assim como demais autoridades presentes. Por fim saudou o povo de Deus que estava na Catedral e os que acompanhavam pelas redes sociais da Diocese.<\/p>\n\n\n\n<p>Dom Jailton ressaltou que estamos vivendo o Ano Jubilar, nos preparando para celebrar o Jubileu em comemora\u00e7\u00e3o aos 60 Anos da Diocese, no dia 23 de Julho de 2022, \u00e0s 18:00, na Catedral Diocesana, quando na ocasi\u00e3o receberemos o cardeal Dom S\u00e9rgio da Rocha. Durante toda sua homilia refletiu sobre a Solenidade celebrada. <\/p>\n\n\n\n<p><strong>Confira alguns trechos da Homilia de Dom Jailton:<\/strong><\/p>\n\n\n\n<p>&#8220;Estamos celebrando a festa das duas grandes colunas angulares da Igreja. Pedro e Paulo. Pedro era um homem muito simples. Paulo bem mais estudado. No centro da hist\u00f3ria deles est\u00e1 o encontro com Jesus, encontro esse que mudou a vida deles por sinal. O que caracteriza a nossa f\u00e9, o que n\u00f3s faz crist\u00e3os, n\u00e3o \u00e9 conhecermos a B\u00edblia, n\u00e3o \u00e9 temos uma cabe\u00e7a cheia de teologia. Tudo isso \u00e9 importante e at\u00e9 necess\u00e1rio para uma boa evangeliza\u00e7\u00e3o. Mas o que nos torna verdadeiramente crist\u00e3os \u00e9 um encontro pessoal com Jesus. Neste encontro nossa vida muda e ganha um sentido, assim como aconteceu com Pedro e com Paulo. Fizeram a experi\u00eancia de um amor que os curou e os libertou. Tornaram-se ap\u00f3stolos e m\u00e1rtires.&#8221;<\/p>\n\n\n\n<p>&#8220;Pedro foi libertado por Jesus da sensa\u00e7\u00e3o de ser inadequado e de ter falido. Chegou inclusive a trair o seu mestre. Por\u00e9m, ele foi libertado pelo Senhor dessa sensa\u00e7\u00e3o. Pedro muda significativamente. Essa experi\u00eancia de ter sido amado por Jesus marcou indelevelmente a vida desse irm\u00e3o Pedro. Pedro sentiu muitas vezes a tenta\u00e7\u00e3o do des\u00e2nimo. Embora fosse apaixonado por Jesus, continuou a pensar a maneira do mundo. Pedro se encontra com Cristo, e Cristo pergunta ele para onde ele vai.&#8221;<\/p>\n\n\n\n<p>Dom Jailton relatou que na visita a Roma celebrou no t\u00famulo do ap\u00f3stolo Pedro. Ressaltou que o Santo Padre o Papa tem um carinho pela diocese e que nos acompanha. Falou tamb\u00e9m, que Jesus amou Pedro desinteressadamente. <\/p>\n\n\n\n<p>&#8220;Jesus apostou em Pedro. Encorajou a n\u00e3o desistir. A lan\u00e7ar novamente as redes. A andar sobre as \u00e1guas. A seguir o caminho da Cruz. A dar a vida pelos irm\u00e3os. A apascentar suas ovelhas.\u00a0Jesus libertou Pedro do medo. Das preocupa\u00e7\u00f5es mundanas. A coragem de arriscar tudo e de sentir pescador n\u00e3o mais de peixes, mas de homens. Deu a chaves para abrir a porta para encontrar o Senhor. Desatar os n\u00f3s e as correntes de suas vidas. Pedro fez um encontro profundo com o senhor Jesus. \u00c9 uma nova hist\u00f3ria de abertura que acontece na vida desse nosso irm\u00e3o. Uma nova hist\u00f3ria de correntes quebradas. Pedro faz a verdadeira experi\u00eancia da p\u00e1scoa. Pedro, ele se encontrou com Jesus.&#8221;<\/p>\n\n\n\n<p>&#8220;Tamb\u00e9m o ap\u00f3stolo Paulo experimentou essa libera\u00e7\u00e3o por conta de Cristo. Foi libertado da escravid\u00e3o de si mesmo. Do zelo religioso que o tornava fan\u00e1tico pelas tradi\u00e7\u00f5es recebidas. Paulo, por causa da tradi\u00e7\u00e3o, foi violento na persegui\u00e7\u00e3o aos crist\u00e3os. Paulo, na linguagem de hoje, era um fundamentalista. Quantas pessoas vivem no mais profundo fundamentalismo e ainda colocam Deus no meio dos seus fundamentalismos. Ser fundamentalista \u00e9 eu dizer que a minha verdade \u00e9 a verdade \u00fanica. Eu me colocar no p\u00f3dio. Eu dizer que as minhas ideias s\u00e3o as \u00fanicas ideias, e que as outras n\u00e3o valem nada.&#8221;<\/p>\n\n\n\n<p>&#8220;Hoje o Senhor toca em n\u00f3s. Ele nos liberta. E sempre temos a necessidade de sermos libertados por Ele.&#8221;<\/p>\n\n\n\n<p>&#8220;Ontem Jesus confiou a Igreja a Pedro, hoje confia a Francisco, aos bispos, e a cada um de n\u00f3s. Quem conduz a Igreja \u00e9 Jesus. Jesus veio para aquele que \u00e9 pobre, que \u00e9 desgra\u00e7ado na vida. E n\u00f3s, como Igreja Cat\u00f3lica, devemos continuar essa hist\u00f3ria.&#8221;<\/p>\n\n\n\n<p>&#8220;Perguntemos na festa de hoje: quanta necessidade tem de liberta\u00e7\u00e3o, as nossas&nbsp;cidades. Quantas correntes precisam ser quebrada. Quantas portas fechadas precisam ser abertas?&#8221;<\/p>\n\n\n\n<p>&#8220;Roguemos a S\u00e3o Pedro pela nossa Igreja diocesana. Que s\u00e3o Pedro nosso padroeiro continue aben\u00e7oando essa igreja que completa 60 anos. E que hoje Deus confia a n\u00f3s. Sessenta anos \u00e9 tempo de maturidade.&#8221;<\/p>\n\n\n\n<p>Depois da Comunh\u00e3o, a coordenadora da Catedral S\u00e3o Pedro fez a Ora\u00e7\u00e3o do Jubileu.&nbsp;Em seguida falou da culmin\u00e2ncia da festa de S\u00e3o Pedro, nesta data, festa essa que teve in\u00edcio com a motociata, seguida do passeio cicl\u00edstico, depois com o Churrasco da Catedral, o noven\u00e1rio e a festa. Agradeceu as autoridades,  todos que participaram e que trabalharam no noven\u00e1rio.&nbsp;<\/p>\n\n\n\n<p>Em seguida, Padre Edvaldo falou sobre as gra\u00e7as e ben\u00e7\u00e3os durante os dias da novena e da Festa. Agradeceu os padres, os fi\u00e9is, e a todos que participaram e que ajudaram. Agradeceu tamb\u00e9m a presen\u00e7a e participa\u00e7\u00e3o de Dom Jailton.<\/p>\n\n\n\n<p>Antes da b\u00ean\u00e7\u00e3o final, Dom Jailton convidou as pessoas para participarem do Jubileu, no dia 23 de Julho, \u00e0s 18:00 na Catedral. Falou tamb\u00e9m das Ordena\u00e7\u00f5es Diaconais que est\u00e3o previstas para acontecer ainda este ano, assim como a cria\u00e7\u00e3o de novas par\u00f3quias.<\/p>\n\n\n\n<p>Depois da Santa Missa, os fi\u00e9is puderam adquirir comidas t\u00edpicas nas barracas e curtir o show da Banda Savana.<\/p>\n\n\n\n<p>Acompanhe os v\u00eddeos: <\/p>\n\n\n\n<figure class=\"wp-block-embed is-type-video is-provider-youtube wp-block-embed-youtube wp-embed-aspect-16-9 wp-has-aspect-ratio\"><div class=\"wp-block-embed__wrapper\">\n<iframe loading=\"lazy\" title=\"REPORTAGEM- JUBILOSOS, FI\u00c9IS PARTICIPAM DA FESTA EM HONRA AO GLORIOSO S\u00c3O PEDRO\" width=\"500\" height=\"281\" src=\"https:\/\/www.youtube.com\/embed\/-4BLM0-Q_1s?feature=oembed\" frameborder=\"0\" allow=\"accelerometer; autoplay; clipboard-write; encrypted-media; gyroscope; picture-in-picture; web-share\" referrerpolicy=\"strict-origin-when-cross-origin\" allowfullscreen><\/iframe>\n<\/div><\/figure>\n\n\n\n<p>S\u00e3o Pedro e S\u00e3o Paulo, rogai por n\u00f3s.<\/p>\n\n\n\n<figure class=\"wp-block-embed is-type-video is-provider-youtube wp-block-embed-youtube wp-embed-aspect-16-9 wp-has-aspect-ratio\"><div class=\"wp-block-embed__wrapper\">\n<iframe loading=\"lazy\" title=\"Entrevistas- Dia de S\u00e3o Pedro Padroeiro da Diocese de Teixeira de Freitas Caravelas\" width=\"500\" height=\"281\" src=\"https:\/\/www.youtube.com\/embed\/hEzYdD0aGkI?feature=oembed\" frameborder=\"0\" allow=\"accelerometer; autoplay; clipboard-write; encrypted-media; gyroscope; picture-in-picture; web-share\" referrerpolicy=\"strict-origin-when-cross-origin\" allowfullscreen><\/iframe>\n<\/div><\/figure>\n\n\n\n<p>Acompanhe as Fotos:<\/p>\n\n\n\n<figure class=\"wp-block-gallery has-nested-images columns-default is-cropped wp-block-gallery-1 is-layout-flex wp-block-gallery-is-layout-flex\">\n<figure class=\"wp-block-image size-large\"><a href=\"https:\/\/dioceseteixeiradefreitas.com.br\/wp-content\/uploads\/2022\/06\/editadas-1-83.jpg\"><img loading=\"lazy\" decoding=\"async\" width=\"1000\" height=\"638\" data-id=\"16730\" src=\"https:\/\/dioceseteixeiradefreitas.com.br\/wp-content\/uploads\/2022\/06\/editadas-1-83.jpg\" alt=\"\" class=\"wp-image-16730\" srcset=\"https:\/\/dioceseteixeiradefreitas.com.br\/wp-content\/uploads\/2022\/06\/editadas-1-83.jpg 1000w, https:\/\/dioceseteixeiradefreitas.com.br\/wp-content\/uploads\/2022\/06\/editadas-1-83-300x191.jpg 300w, https:\/\/dioceseteixeiradefreitas.com.br\/wp-content\/uploads\/2022\/06\/editadas-1-83-768x490.jpg 768w\" sizes=\"auto, (max-width: 1000px) 100vw, 1000px\" \/><\/a><\/figure>\n\n\n\n<figure class=\"wp-block-image size-large\"><a href=\"https:\/\/dioceseteixeiradefreitas.com.br\/wp-content\/uploads\/2022\/06\/editadas-1-2-8.jpg\"><img loading=\"lazy\" decoding=\"async\" width=\"1000\" height=\"638\" data-id=\"16731\" src=\"https:\/\/dioceseteixeiradefreitas.com.br\/wp-content\/uploads\/2022\/06\/editadas-1-2-8.jpg\" alt=\"\" class=\"wp-image-16731\" srcset=\"https:\/\/dioceseteixeiradefreitas.com.br\/wp-content\/uploads\/2022\/06\/editadas-1-2-8.jpg 1000w, https:\/\/dioceseteixeiradefreitas.com.br\/wp-content\/uploads\/2022\/06\/editadas-1-2-8-300x191.jpg 300w, https:\/\/dioceseteixeiradefreitas.com.br\/wp-content\/uploads\/2022\/06\/editadas-1-2-8-768x490.jpg 768w\" sizes=\"auto, (max-width: 1000px) 100vw, 1000px\" \/><\/a><\/figure>\n\n\n\n<figure class=\"wp-block-image size-large\"><a href=\"https:\/\/dioceseteixeiradefreitas.com.br\/wp-content\/uploads\/2022\/06\/editadas-1-3-7.jpg\"><img loading=\"lazy\" decoding=\"async\" width=\"1000\" height=\"638\" data-id=\"16732\" src=\"https:\/\/dioceseteixeiradefreitas.com.br\/wp-content\/uploads\/2022\/06\/editadas-1-3-7.jpg\" alt=\"\" class=\"wp-image-16732\" srcset=\"https:\/\/dioceseteixeiradefreitas.com.br\/wp-content\/uploads\/2022\/06\/editadas-1-3-7.jpg 1000w, https:\/\/dioceseteixeiradefreitas.com.br\/wp-content\/uploads\/2022\/06\/editadas-1-3-7-300x191.jpg 300w, https:\/\/dioceseteixeiradefreitas.com.br\/wp-content\/uploads\/2022\/06\/editadas-1-3-7-768x490.jpg 768w\" sizes=\"auto, (max-width: 1000px) 100vw, 1000px\" \/><\/a><\/figure>\n\n\n\n<figure class=\"wp-block-image size-large\"><a href=\"https:\/\/dioceseteixeiradefreitas.com.br\/wp-content\/uploads\/2022\/06\/editadas-1-4-8.jpg\"><img loading=\"lazy\" decoding=\"async\" width=\"1000\" height=\"638\" data-id=\"16733\" src=\"https:\/\/dioceseteixeiradefreitas.com.br\/wp-content\/uploads\/2022\/06\/editadas-1-4-8.jpg\" alt=\"\" class=\"wp-image-16733\" srcset=\"https:\/\/dioceseteixeiradefreitas.com.br\/wp-content\/uploads\/2022\/06\/editadas-1-4-8.jpg 1000w, https:\/\/dioceseteixeiradefreitas.com.br\/wp-content\/uploads\/2022\/06\/editadas-1-4-8-300x191.jpg 300w, https:\/\/dioceseteixeiradefreitas.com.br\/wp-content\/uploads\/2022\/06\/editadas-1-4-8-768x490.jpg 768w\" sizes=\"auto, (max-width: 1000px) 100vw, 1000px\" \/><\/a><\/figure>\n\n\n\n<figure class=\"wp-block-image size-large\"><a href=\"https:\/\/dioceseteixeiradefreitas.com.br\/wp-content\/uploads\/2022\/06\/editadas-1-5-8.jpg\"><img loading=\"lazy\" decoding=\"async\" width=\"1000\" height=\"667\" data-id=\"16734\" src=\"https:\/\/dioceseteixeiradefreitas.com.br\/wp-content\/uploads\/2022\/06\/editadas-1-5-8.jpg\" alt=\"\" class=\"wp-image-16734\" srcset=\"https:\/\/dioceseteixeiradefreitas.com.br\/wp-content\/uploads\/2022\/06\/editadas-1-5-8.jpg 1000w, https:\/\/dioceseteixeiradefreitas.com.br\/wp-content\/uploads\/2022\/06\/editadas-1-5-8-300x200.jpg 300w, https:\/\/dioceseteixeiradefreitas.com.br\/wp-content\/uploads\/2022\/06\/editadas-1-5-8-768x512.jpg 768w\" sizes=\"auto, (max-width: 1000px) 100vw, 1000px\" \/><\/a><\/figure>\n\n\n\n<figure class=\"wp-block-image size-large\"><a href=\"https:\/\/dioceseteixeiradefreitas.com.br\/wp-content\/uploads\/2022\/06\/editadas-1-6-7.jpg\"><img loading=\"lazy\" decoding=\"async\" width=\"1000\" height=\"667\" data-id=\"16735\" src=\"https:\/\/dioceseteixeiradefreitas.com.br\/wp-content\/uploads\/2022\/06\/editadas-1-6-7.jpg\" alt=\"\" class=\"wp-image-16735\" srcset=\"https:\/\/dioceseteixeiradefreitas.com.br\/wp-content\/uploads\/2022\/06\/editadas-1-6-7.jpg 1000w, https:\/\/dioceseteixeiradefreitas.com.br\/wp-content\/uploads\/2022\/06\/editadas-1-6-7-300x200.jpg 300w, https:\/\/dioceseteixeiradefreitas.com.br\/wp-content\/uploads\/2022\/06\/editadas-1-6-7-768x512.jpg 768w\" sizes=\"auto, (max-width: 1000px) 100vw, 1000px\" \/><\/a><\/figure>\n\n\n\n<figure class=\"wp-block-image size-large\"><a href=\"https:\/\/dioceseteixeiradefreitas.com.br\/wp-content\/uploads\/2022\/06\/editadas-1-7-7.jpg\"><img loading=\"lazy\" decoding=\"async\" width=\"1000\" height=\"667\" data-id=\"16736\" src=\"https:\/\/dioceseteixeiradefreitas.com.br\/wp-content\/uploads\/2022\/06\/editadas-1-7-7.jpg\" alt=\"\" class=\"wp-image-16736\" srcset=\"https:\/\/dioceseteixeiradefreitas.com.br\/wp-content\/uploads\/2022\/06\/editadas-1-7-7.jpg 1000w, https:\/\/dioceseteixeiradefreitas.com.br\/wp-content\/uploads\/2022\/06\/editadas-1-7-7-300x200.jpg 300w, https:\/\/dioceseteixeiradefreitas.com.br\/wp-content\/uploads\/2022\/06\/editadas-1-7-7-768x512.jpg 768w\" sizes=\"auto, (max-width: 1000px) 100vw, 1000px\" \/><\/a><\/figure>\n\n\n\n<figure class=\"wp-block-image size-large\"><a href=\"https:\/\/dioceseteixeiradefreitas.com.br\/wp-content\/uploads\/2022\/06\/editadas-1-8-6.jpg\"><img loading=\"lazy\" decoding=\"async\" width=\"1000\" height=\"694\" data-id=\"16737\" src=\"https:\/\/dioceseteixeiradefreitas.com.br\/wp-content\/uploads\/2022\/06\/editadas-1-8-6.jpg\" alt=\"\" class=\"wp-image-16737\" srcset=\"https:\/\/dioceseteixeiradefreitas.com.br\/wp-content\/uploads\/2022\/06\/editadas-1-8-6.jpg 1000w, https:\/\/dioceseteixeiradefreitas.com.br\/wp-content\/uploads\/2022\/06\/editadas-1-8-6-300x208.jpg 300w, https:\/\/dioceseteixeiradefreitas.com.br\/wp-content\/uploads\/2022\/06\/editadas-1-8-6-768x533.jpg 768w\" sizes=\"auto, (max-width: 1000px) 100vw, 1000px\" \/><\/a><\/figure>\n\n\n\n<figure class=\"wp-block-image size-large\"><a href=\"https:\/\/dioceseteixeiradefreitas.com.br\/wp-content\/uploads\/2022\/06\/editadas-1-9-7.jpg\"><img loading=\"lazy\" decoding=\"async\" width=\"720\" height=\"1000\" data-id=\"16738\" src=\"https:\/\/dioceseteixeiradefreitas.com.br\/wp-content\/uploads\/2022\/06\/editadas-1-9-7.jpg\" alt=\"\" class=\"wp-image-16738\" srcset=\"https:\/\/dioceseteixeiradefreitas.com.br\/wp-content\/uploads\/2022\/06\/editadas-1-9-7.jpg 720w, https:\/\/dioceseteixeiradefreitas.com.br\/wp-content\/uploads\/2022\/06\/editadas-1-9-7-216x300.jpg 216w\" sizes=\"auto, (max-width: 720px) 100vw, 720px\" \/><\/a><\/figure>\n\n\n\n<figure class=\"wp-block-image size-large\"><a href=\"https:\/\/dioceseteixeiradefreitas.com.br\/wp-content\/uploads\/2022\/06\/editadas-1-10-8.jpg\"><img loading=\"lazy\" decoding=\"async\" width=\"1000\" height=\"704\" data-id=\"16739\" src=\"https:\/\/dioceseteixeiradefreitas.com.br\/wp-content\/uploads\/2022\/06\/editadas-1-10-8.jpg\" alt=\"\" class=\"wp-image-16739\" srcset=\"https:\/\/dioceseteixeiradefreitas.com.br\/wp-content\/uploads\/2022\/06\/editadas-1-10-8.jpg 1000w, https:\/\/dioceseteixeiradefreitas.com.br\/wp-content\/uploads\/2022\/06\/editadas-1-10-8-300x211.jpg 300w, https:\/\/dioceseteixeiradefreitas.com.br\/wp-content\/uploads\/2022\/06\/editadas-1-10-8-768x541.jpg 768w\" sizes=\"auto, (max-width: 1000px) 100vw, 1000px\" \/><\/a><\/figure>\n\n\n\n<figure class=\"wp-block-image size-large\"><a href=\"https:\/\/dioceseteixeiradefreitas.com.br\/wp-content\/uploads\/2022\/06\/editadas-1-11-5.jpg\"><img loading=\"lazy\" decoding=\"async\" width=\"1000\" height=\"667\" data-id=\"16740\" src=\"https:\/\/dioceseteixeiradefreitas.com.br\/wp-content\/uploads\/2022\/06\/editadas-1-11-5.jpg\" alt=\"\" class=\"wp-image-16740\" srcset=\"https:\/\/dioceseteixeiradefreitas.com.br\/wp-content\/uploads\/2022\/06\/editadas-1-11-5.jpg 1000w, https:\/\/dioceseteixeiradefreitas.com.br\/wp-content\/uploads\/2022\/06\/editadas-1-11-5-300x200.jpg 300w, https:\/\/dioceseteixeiradefreitas.com.br\/wp-content\/uploads\/2022\/06\/editadas-1-11-5-768x512.jpg 768w\" sizes=\"auto, (max-width: 1000px) 100vw, 1000px\" \/><\/a><\/figure>\n\n\n\n<figure class=\"wp-block-image size-large\"><a href=\"https:\/\/dioceseteixeiradefreitas.com.br\/wp-content\/uploads\/2022\/06\/editadas-1-12-6.jpg\"><img loading=\"lazy\" decoding=\"async\" width=\"1000\" height=\"667\" data-id=\"16741\" src=\"https:\/\/dioceseteixeiradefreitas.com.br\/wp-content\/uploads\/2022\/06\/editadas-1-12-6.jpg\" alt=\"\" class=\"wp-image-16741\" srcset=\"https:\/\/dioceseteixeiradefreitas.com.br\/wp-content\/uploads\/2022\/06\/editadas-1-12-6.jpg 1000w, https:\/\/dioceseteixeiradefreitas.com.br\/wp-content\/uploads\/2022\/06\/editadas-1-12-6-300x200.jpg 300w, https:\/\/dioceseteixeiradefreitas.com.br\/wp-content\/uploads\/2022\/06\/editadas-1-12-6-768x512.jpg 768w\" sizes=\"auto, (max-width: 1000px) 100vw, 1000px\" \/><\/a><\/figure>\n\n\n\n<figure class=\"wp-block-image size-large\"><a href=\"https:\/\/dioceseteixeiradefreitas.com.br\/wp-content\/uploads\/2022\/06\/editadas-1-13-7.jpg\"><img loading=\"lazy\" decoding=\"async\" width=\"1000\" height=\"667\" data-id=\"16742\" src=\"https:\/\/dioceseteixeiradefreitas.com.br\/wp-content\/uploads\/2022\/06\/editadas-1-13-7.jpg\" alt=\"\" class=\"wp-image-16742\" srcset=\"https:\/\/dioceseteixeiradefreitas.com.br\/wp-content\/uploads\/2022\/06\/editadas-1-13-7.jpg 1000w, https:\/\/dioceseteixeiradefreitas.com.br\/wp-content\/uploads\/2022\/06\/editadas-1-13-7-300x200.jpg 300w, https:\/\/dioceseteixeiradefreitas.com.br\/wp-content\/uploads\/2022\/06\/editadas-1-13-7-768x512.jpg 768w\" sizes=\"auto, (max-width: 1000px) 100vw, 1000px\" \/><\/a><\/figure>\n\n\n\n<figure class=\"wp-block-image size-large\"><a href=\"https:\/\/dioceseteixeiradefreitas.com.br\/wp-content\/uploads\/2022\/06\/editadas-1-14-6.jpg\"><img loading=\"lazy\" decoding=\"async\" width=\"1000\" height=\"678\" data-id=\"16743\" src=\"https:\/\/dioceseteixeiradefreitas.com.br\/wp-content\/uploads\/2022\/06\/editadas-1-14-6.jpg\" alt=\"\" class=\"wp-image-16743\" srcset=\"https:\/\/dioceseteixeiradefreitas.com.br\/wp-content\/uploads\/2022\/06\/editadas-1-14-6.jpg 1000w, https:\/\/dioceseteixeiradefreitas.com.br\/wp-content\/uploads\/2022\/06\/editadas-1-14-6-300x203.jpg 300w, https:\/\/dioceseteixeiradefreitas.com.br\/wp-content\/uploads\/2022\/06\/editadas-1-14-6-768x521.jpg 768w, https:\/\/dioceseteixeiradefreitas.com.br\/wp-content\/uploads\/2022\/06\/editadas-1-14-6-220x150.jpg 220w\" sizes=\"auto, (max-width: 1000px) 100vw, 1000px\" \/><\/a><\/figure>\n\n\n\n<figure class=\"wp-block-image size-large\"><a href=\"https:\/\/dioceseteixeiradefreitas.com.br\/wp-content\/uploads\/2022\/06\/editadas-1-15-4.jpg\"><img loading=\"lazy\" decoding=\"async\" width=\"1000\" height=\"678\" data-id=\"16744\" src=\"https:\/\/dioceseteixeiradefreitas.com.br\/wp-content\/uploads\/2022\/06\/editadas-1-15-4.jpg\" alt=\"\" class=\"wp-image-16744\" srcset=\"https:\/\/dioceseteixeiradefreitas.com.br\/wp-content\/uploads\/2022\/06\/editadas-1-15-4.jpg 1000w, https:\/\/dioceseteixeiradefreitas.com.br\/wp-content\/uploads\/2022\/06\/editadas-1-15-4-300x203.jpg 300w, https:\/\/dioceseteixeiradefreitas.com.br\/wp-content\/uploads\/2022\/06\/editadas-1-15-4-768x521.jpg 768w, https:\/\/dioceseteixeiradefreitas.com.br\/wp-content\/uploads\/2022\/06\/editadas-1-15-4-220x150.jpg 220w\" sizes=\"auto, (max-width: 1000px) 100vw, 1000px\" \/><\/a><\/figure>\n\n\n\n<figure class=\"wp-block-image size-large\"><a href=\"https:\/\/dioceseteixeiradefreitas.com.br\/wp-content\/uploads\/2022\/06\/editadas-1-16-4.jpg\"><img loading=\"lazy\" decoding=\"async\" width=\"1000\" height=\"678\" data-id=\"16745\" src=\"https:\/\/dioceseteixeiradefreitas.com.br\/wp-content\/uploads\/2022\/06\/editadas-1-16-4.jpg\" alt=\"\" class=\"wp-image-16745\" srcset=\"https:\/\/dioceseteixeiradefreitas.com.br\/wp-content\/uploads\/2022\/06\/editadas-1-16-4.jpg 1000w, https:\/\/dioceseteixeiradefreitas.com.br\/wp-content\/uploads\/2022\/06\/editadas-1-16-4-300x203.jpg 300w, https:\/\/dioceseteixeiradefreitas.com.br\/wp-content\/uploads\/2022\/06\/editadas-1-16-4-768x521.jpg 768w, https:\/\/dioceseteixeiradefreitas.com.br\/wp-content\/uploads\/2022\/06\/editadas-1-16-4-220x150.jpg 220w\" sizes=\"auto, (max-width: 1000px) 100vw, 1000px\" \/><\/a><\/figure>\n\n\n\n<figure class=\"wp-block-image size-large\"><a href=\"https:\/\/dioceseteixeiradefreitas.com.br\/wp-content\/uploads\/2022\/06\/editadas-1-17-4.jpg\"><img loading=\"lazy\" decoding=\"async\" width=\"1000\" height=\"656\" data-id=\"16746\" src=\"https:\/\/dioceseteixeiradefreitas.com.br\/wp-content\/uploads\/2022\/06\/editadas-1-17-4.jpg\" alt=\"\" class=\"wp-image-16746\" srcset=\"https:\/\/dioceseteixeiradefreitas.com.br\/wp-content\/uploads\/2022\/06\/editadas-1-17-4.jpg 1000w, https:\/\/dioceseteixeiradefreitas.com.br\/wp-content\/uploads\/2022\/06\/editadas-1-17-4-300x197.jpg 300w, https:\/\/dioceseteixeiradefreitas.com.br\/wp-content\/uploads\/2022\/06\/editadas-1-17-4-768x504.jpg 768w\" sizes=\"auto, (max-width: 1000px) 100vw, 1000px\" \/><\/a><\/figure>\n\n\n\n<figure class=\"wp-block-image size-large\"><a href=\"https:\/\/dioceseteixeiradefreitas.com.br\/wp-content\/uploads\/2022\/06\/editadas-1-18-4.jpg\"><img loading=\"lazy\" decoding=\"async\" width=\"1000\" height=\"706\" data-id=\"16852\" src=\"https:\/\/dioceseteixeiradefreitas.com.br\/wp-content\/uploads\/2022\/06\/editadas-1-18-4.jpg\" alt=\"\" class=\"wp-image-16852\" srcset=\"https:\/\/dioceseteixeiradefreitas.com.br\/wp-content\/uploads\/2022\/06\/editadas-1-18-4.jpg 1000w, https:\/\/dioceseteixeiradefreitas.com.br\/wp-content\/uploads\/2022\/06\/editadas-1-18-4-300x212.jpg 300w, https:\/\/dioceseteixeiradefreitas.com.br\/wp-content\/uploads\/2022\/06\/editadas-1-18-4-768x542.jpg 768w\" sizes=\"auto, (max-width: 1000px) 100vw, 1000px\" \/><\/a><\/figure>\n\n\n\n<figure class=\"wp-block-image size-large\"><a href=\"https:\/\/dioceseteixeiradefreitas.com.br\/wp-content\/uploads\/2022\/06\/editadas-1-19-4.jpg\"><img loading=\"lazy\" decoding=\"async\" width=\"1000\" height=\"706\" data-id=\"16747\" src=\"https:\/\/dioceseteixeiradefreitas.com.br\/wp-content\/uploads\/2022\/06\/editadas-1-19-4.jpg\" alt=\"\" class=\"wp-image-16747\" srcset=\"https:\/\/dioceseteixeiradefreitas.com.br\/wp-content\/uploads\/2022\/06\/editadas-1-19-4.jpg 1000w, https:\/\/dioceseteixeiradefreitas.com.br\/wp-content\/uploads\/2022\/06\/editadas-1-19-4-300x212.jpg 300w, https:\/\/dioceseteixeiradefreitas.com.br\/wp-content\/uploads\/2022\/06\/editadas-1-19-4-768x542.jpg 768w\" sizes=\"auto, (max-width: 1000px) 100vw, 1000px\" \/><\/a><\/figure>\n\n\n\n<figure class=\"wp-block-image size-large\"><a href=\"https:\/\/dioceseteixeiradefreitas.com.br\/wp-content\/uploads\/2022\/06\/editadas-1-20-4.jpg\"><img loading=\"lazy\" decoding=\"async\" width=\"1000\" height=\"716\" data-id=\"16748\" src=\"https:\/\/dioceseteixeiradefreitas.com.br\/wp-content\/uploads\/2022\/06\/editadas-1-20-4.jpg\" alt=\"\" class=\"wp-image-16748\" srcset=\"https:\/\/dioceseteixeiradefreitas.com.br\/wp-content\/uploads\/2022\/06\/editadas-1-20-4.jpg 1000w, https:\/\/dioceseteixeiradefreitas.com.br\/wp-content\/uploads\/2022\/06\/editadas-1-20-4-300x215.jpg 300w, https:\/\/dioceseteixeiradefreitas.com.br\/wp-content\/uploads\/2022\/06\/editadas-1-20-4-768x550.jpg 768w\" sizes=\"auto, (max-width: 1000px) 100vw, 1000px\" \/><\/a><\/figure>\n\n\n\n<figure class=\"wp-block-image size-large\"><a href=\"https:\/\/dioceseteixeiradefreitas.com.br\/wp-content\/uploads\/2022\/06\/editadas-1-21-4.jpg\"><img loading=\"lazy\" decoding=\"async\" width=\"1000\" height=\"706\" data-id=\"16749\" src=\"https:\/\/dioceseteixeiradefreitas.com.br\/wp-content\/uploads\/2022\/06\/editadas-1-21-4.jpg\" alt=\"\" class=\"wp-image-16749\" srcset=\"https:\/\/dioceseteixeiradefreitas.com.br\/wp-content\/uploads\/2022\/06\/editadas-1-21-4.jpg 1000w, https:\/\/dioceseteixeiradefreitas.com.br\/wp-content\/uploads\/2022\/06\/editadas-1-21-4-300x212.jpg 300w, https:\/\/dioceseteixeiradefreitas.com.br\/wp-content\/uploads\/2022\/06\/editadas-1-21-4-768x542.jpg 768w\" sizes=\"auto, (max-width: 1000px) 100vw, 1000px\" \/><\/a><\/figure>\n\n\n\n<figure class=\"wp-block-image size-large\"><a href=\"https:\/\/dioceseteixeiradefreitas.com.br\/wp-content\/uploads\/2022\/06\/editadas-1-22-4.jpg\"><img loading=\"lazy\" decoding=\"async\" width=\"1000\" height=\"706\" data-id=\"16750\" src=\"https:\/\/dioceseteixeiradefreitas.com.br\/wp-content\/uploads\/2022\/06\/editadas-1-22-4.jpg\" alt=\"\" class=\"wp-image-16750\" srcset=\"https:\/\/dioceseteixeiradefreitas.com.br\/wp-content\/uploads\/2022\/06\/editadas-1-22-4.jpg 1000w, https:\/\/dioceseteixeiradefreitas.com.br\/wp-content\/uploads\/2022\/06\/editadas-1-22-4-300x212.jpg 300w, https:\/\/dioceseteixeiradefreitas.com.br\/wp-content\/uploads\/2022\/06\/editadas-1-22-4-768x542.jpg 768w\" sizes=\"auto, (max-width: 1000px) 100vw, 1000px\" \/><\/a><\/figure>\n\n\n\n<figure class=\"wp-block-image size-large\"><a href=\"https:\/\/dioceseteixeiradefreitas.com.br\/wp-content\/uploads\/2022\/06\/editadas-1-116.jpg\"><img loading=\"lazy\" decoding=\"async\" width=\"1000\" height=\"477\" data-id=\"16843\" src=\"https:\/\/dioceseteixeiradefreitas.com.br\/wp-content\/uploads\/2022\/06\/editadas-1-116.jpg\" alt=\"\" class=\"wp-image-16843\" srcset=\"https:\/\/dioceseteixeiradefreitas.com.br\/wp-content\/uploads\/2022\/06\/editadas-1-116.jpg 1000w, https:\/\/dioceseteixeiradefreitas.com.br\/wp-content\/uploads\/2022\/06\/editadas-1-116-300x143.jpg 300w, https:\/\/dioceseteixeiradefreitas.com.br\/wp-content\/uploads\/2022\/06\/editadas-1-116-768x366.jpg 768w\" sizes=\"auto, (max-width: 1000px) 100vw, 1000px\" \/><\/a><\/figure>\n\n\n\n<figure class=\"wp-block-image size-large\"><a href=\"https:\/\/dioceseteixeiradefreitas.com.br\/wp-content\/uploads\/2022\/06\/editadas-1-23-3.jpg\"><img loading=\"lazy\" decoding=\"async\" width=\"1000\" height=\"706\" data-id=\"16751\" src=\"https:\/\/dioceseteixeiradefreitas.com.br\/wp-content\/uploads\/2022\/06\/editadas-1-23-3.jpg\" alt=\"\" class=\"wp-image-16751\" srcset=\"https:\/\/dioceseteixeiradefreitas.com.br\/wp-content\/uploads\/2022\/06\/editadas-1-23-3.jpg 1000w, https:\/\/dioceseteixeiradefreitas.com.br\/wp-content\/uploads\/2022\/06\/editadas-1-23-3-300x212.jpg 300w, https:\/\/dioceseteixeiradefreitas.com.br\/wp-content\/uploads\/2022\/06\/editadas-1-23-3-768x542.jpg 768w\" sizes=\"auto, (max-width: 1000px) 100vw, 1000px\" \/><\/a><\/figure>\n\n\n\n<figure class=\"wp-block-image size-large\"><a href=\"https:\/\/dioceseteixeiradefreitas.com.br\/wp-content\/uploads\/2022\/06\/editadas-1-25-3.jpg\"><img loading=\"lazy\" decoding=\"async\" width=\"1000\" height=\"667\" data-id=\"16753\" src=\"https:\/\/dioceseteixeiradefreitas.com.br\/wp-content\/uploads\/2022\/06\/editadas-1-25-3.jpg\" alt=\"\" class=\"wp-image-16753\" srcset=\"https:\/\/dioceseteixeiradefreitas.com.br\/wp-content\/uploads\/2022\/06\/editadas-1-25-3.jpg 1000w, https:\/\/dioceseteixeiradefreitas.com.br\/wp-content\/uploads\/2022\/06\/editadas-1-25-3-300x200.jpg 300w, https:\/\/dioceseteixeiradefreitas.com.br\/wp-content\/uploads\/2022\/06\/editadas-1-25-3-768x512.jpg 768w\" sizes=\"auto, (max-width: 1000px) 100vw, 1000px\" \/><\/a><\/figure>\n\n\n\n<figure class=\"wp-block-image size-large\"><a href=\"https:\/\/dioceseteixeiradefreitas.com.br\/wp-content\/uploads\/2022\/06\/editadas-1-26-3.jpg\"><img loading=\"lazy\" decoding=\"async\" width=\"1000\" height=\"667\" data-id=\"16754\" src=\"https:\/\/dioceseteixeiradefreitas.com.br\/wp-content\/uploads\/2022\/06\/editadas-1-26-3.jpg\" alt=\"\" class=\"wp-image-16754\" srcset=\"https:\/\/dioceseteixeiradefreitas.com.br\/wp-content\/uploads\/2022\/06\/editadas-1-26-3.jpg 1000w, https:\/\/dioceseteixeiradefreitas.com.br\/wp-content\/uploads\/2022\/06\/editadas-1-26-3-300x200.jpg 300w, https:\/\/dioceseteixeiradefreitas.com.br\/wp-content\/uploads\/2022\/06\/editadas-1-26-3-768x512.jpg 768w\" sizes=\"auto, (max-width: 1000px) 100vw, 1000px\" \/><\/a><\/figure>\n\n\n\n<figure class=\"wp-block-image size-large\"><a href=\"https:\/\/dioceseteixeiradefreitas.com.br\/wp-content\/uploads\/2022\/06\/editadas-1-27-3.jpg\"><img loading=\"lazy\" decoding=\"async\" width=\"1000\" height=\"667\" data-id=\"16755\" src=\"https:\/\/dioceseteixeiradefreitas.com.br\/wp-content\/uploads\/2022\/06\/editadas-1-27-3.jpg\" alt=\"\" class=\"wp-image-16755\" srcset=\"https:\/\/dioceseteixeiradefreitas.com.br\/wp-content\/uploads\/2022\/06\/editadas-1-27-3.jpg 1000w, https:\/\/dioceseteixeiradefreitas.com.br\/wp-content\/uploads\/2022\/06\/editadas-1-27-3-300x200.jpg 300w, https:\/\/dioceseteixeiradefreitas.com.br\/wp-content\/uploads\/2022\/06\/editadas-1-27-3-768x512.jpg 768w\" sizes=\"auto, (max-width: 1000px) 100vw, 1000px\" \/><\/a><\/figure>\n\n\n\n<figure class=\"wp-block-image size-large\"><a href=\"https:\/\/dioceseteixeiradefreitas.com.br\/wp-content\/uploads\/2022\/06\/editadas-1-37-3.jpg\"><img loading=\"lazy\" decoding=\"async\" width=\"1000\" height=\"634\" data-id=\"16851\" src=\"https:\/\/dioceseteixeiradefreitas.com.br\/wp-content\/uploads\/2022\/06\/editadas-1-37-3.jpg\" alt=\"\" class=\"wp-image-16851\" srcset=\"https:\/\/dioceseteixeiradefreitas.com.br\/wp-content\/uploads\/2022\/06\/editadas-1-37-3.jpg 1000w, https:\/\/dioceseteixeiradefreitas.com.br\/wp-content\/uploads\/2022\/06\/editadas-1-37-3-300x190.jpg 300w, https:\/\/dioceseteixeiradefreitas.com.br\/wp-content\/uploads\/2022\/06\/editadas-1-37-3-768x487.jpg 768w\" sizes=\"auto, (max-width: 1000px) 100vw, 1000px\" \/><\/a><\/figure>\n\n\n\n<figure class=\"wp-block-image size-large\"><a href=\"https:\/\/dioceseteixeiradefreitas.com.br\/wp-content\/uploads\/2022\/06\/editadas-1-28-3.jpg\"><img loading=\"lazy\" decoding=\"async\" width=\"1000\" height=\"667\" data-id=\"16756\" src=\"https:\/\/dioceseteixeiradefreitas.com.br\/wp-content\/uploads\/2022\/06\/editadas-1-28-3.jpg\" alt=\"\" class=\"wp-image-16756\" srcset=\"https:\/\/dioceseteixeiradefreitas.com.br\/wp-content\/uploads\/2022\/06\/editadas-1-28-3.jpg 1000w, https:\/\/dioceseteixeiradefreitas.com.br\/wp-content\/uploads\/2022\/06\/editadas-1-28-3-300x200.jpg 300w, https:\/\/dioceseteixeiradefreitas.com.br\/wp-content\/uploads\/2022\/06\/editadas-1-28-3-768x512.jpg 768w\" sizes=\"auto, (max-width: 1000px) 100vw, 1000px\" \/><\/a><\/figure>\n\n\n\n<figure class=\"wp-block-image size-large\"><a href=\"https:\/\/dioceseteixeiradefreitas.com.br\/wp-content\/uploads\/2022\/06\/editadas-1-29-3.jpg\"><img loading=\"lazy\" decoding=\"async\" width=\"1000\" height=\"667\" data-id=\"16757\" src=\"https:\/\/dioceseteixeiradefreitas.com.br\/wp-content\/uploads\/2022\/06\/editadas-1-29-3.jpg\" alt=\"\" class=\"wp-image-16757\" srcset=\"https:\/\/dioceseteixeiradefreitas.com.br\/wp-content\/uploads\/2022\/06\/editadas-1-29-3.jpg 1000w, https:\/\/dioceseteixeiradefreitas.com.br\/wp-content\/uploads\/2022\/06\/editadas-1-29-3-300x200.jpg 300w, https:\/\/dioceseteixeiradefreitas.com.br\/wp-content\/uploads\/2022\/06\/editadas-1-29-3-768x512.jpg 768w\" sizes=\"auto, (max-width: 1000px) 100vw, 1000px\" \/><\/a><\/figure>\n\n\n\n<figure class=\"wp-block-image size-large\"><a href=\"https:\/\/dioceseteixeiradefreitas.com.br\/wp-content\/uploads\/2022\/06\/editadas-1-30-3.jpg\"><img loading=\"lazy\" decoding=\"async\" width=\"1000\" height=\"667\" data-id=\"16758\" src=\"https:\/\/dioceseteixeiradefreitas.com.br\/wp-content\/uploads\/2022\/06\/editadas-1-30-3.jpg\" alt=\"\" class=\"wp-image-16758\" srcset=\"https:\/\/dioceseteixeiradefreitas.com.br\/wp-content\/uploads\/2022\/06\/editadas-1-30-3.jpg 1000w, https:\/\/dioceseteixeiradefreitas.com.br\/wp-content\/uploads\/2022\/06\/editadas-1-30-3-300x200.jpg 300w, https:\/\/dioceseteixeiradefreitas.com.br\/wp-content\/uploads\/2022\/06\/editadas-1-30-3-768x512.jpg 768w\" sizes=\"auto, (max-width: 1000px) 100vw, 1000px\" \/><\/a><\/figure>\n\n\n\n<figure class=\"wp-block-image size-large\"><a href=\"https:\/\/dioceseteixeiradefreitas.com.br\/wp-content\/uploads\/2022\/06\/editadas-1-31-3.jpg\"><img loading=\"lazy\" decoding=\"async\" width=\"1000\" height=\"667\" data-id=\"16759\" src=\"https:\/\/dioceseteixeiradefreitas.com.br\/wp-content\/uploads\/2022\/06\/editadas-1-31-3.jpg\" alt=\"\" class=\"wp-image-16759\" srcset=\"https:\/\/dioceseteixeiradefreitas.com.br\/wp-content\/uploads\/2022\/06\/editadas-1-31-3.jpg 1000w, https:\/\/dioceseteixeiradefreitas.com.br\/wp-content\/uploads\/2022\/06\/editadas-1-31-3-300x200.jpg 300w, https:\/\/dioceseteixeiradefreitas.com.br\/wp-content\/uploads\/2022\/06\/editadas-1-31-3-768x512.jpg 768w\" sizes=\"auto, (max-width: 1000px) 100vw, 1000px\" \/><\/a><\/figure>\n\n\n\n<figure class=\"wp-block-image size-large\"><a href=\"https:\/\/dioceseteixeiradefreitas.com.br\/wp-content\/uploads\/2022\/06\/editadas-1-33-3.jpg\"><img loading=\"lazy\" decoding=\"async\" width=\"1000\" height=\"653\" data-id=\"16761\" src=\"https:\/\/dioceseteixeiradefreitas.com.br\/wp-content\/uploads\/2022\/06\/editadas-1-33-3.jpg\" alt=\"\" class=\"wp-image-16761\" srcset=\"https:\/\/dioceseteixeiradefreitas.com.br\/wp-content\/uploads\/2022\/06\/editadas-1-33-3.jpg 1000w, https:\/\/dioceseteixeiradefreitas.com.br\/wp-content\/uploads\/2022\/06\/editadas-1-33-3-300x196.jpg 300w, https:\/\/dioceseteixeiradefreitas.com.br\/wp-content\/uploads\/2022\/06\/editadas-1-33-3-768x502.jpg 768w\" sizes=\"auto, (max-width: 1000px) 100vw, 1000px\" \/><\/a><\/figure>\n\n\n\n<figure class=\"wp-block-image size-large\"><a href=\"https:\/\/dioceseteixeiradefreitas.com.br\/wp-content\/uploads\/2022\/06\/editadas-1-34-3.jpg\"><img loading=\"lazy\" decoding=\"async\" width=\"1000\" height=\"609\" data-id=\"16762\" src=\"https:\/\/dioceseteixeiradefreitas.com.br\/wp-content\/uploads\/2022\/06\/editadas-1-34-3.jpg\" alt=\"\" class=\"wp-image-16762\" srcset=\"https:\/\/dioceseteixeiradefreitas.com.br\/wp-content\/uploads\/2022\/06\/editadas-1-34-3.jpg 1000w, https:\/\/dioceseteixeiradefreitas.com.br\/wp-content\/uploads\/2022\/06\/editadas-1-34-3-300x183.jpg 300w, https:\/\/dioceseteixeiradefreitas.com.br\/wp-content\/uploads\/2022\/06\/editadas-1-34-3-768x468.jpg 768w\" sizes=\"auto, (max-width: 1000px) 100vw, 1000px\" \/><\/a><\/figure>\n\n\n\n<figure class=\"wp-block-image size-large\"><a href=\"https:\/\/dioceseteixeiradefreitas.com.br\/wp-content\/uploads\/2022\/06\/editadas-1-123.jpg\"><img loading=\"lazy\" decoding=\"async\" width=\"1000\" height=\"610\" data-id=\"16850\" src=\"https:\/\/dioceseteixeiradefreitas.com.br\/wp-content\/uploads\/2022\/06\/editadas-1-123.jpg\" alt=\"\" class=\"wp-image-16850\" srcset=\"https:\/\/dioceseteixeiradefreitas.com.br\/wp-content\/uploads\/2022\/06\/editadas-1-123.jpg 1000w, https:\/\/dioceseteixeiradefreitas.com.br\/wp-content\/uploads\/2022\/06\/editadas-1-123-300x183.jpg 300w, https:\/\/dioceseteixeiradefreitas.com.br\/wp-content\/uploads\/2022\/06\/editadas-1-123-768x468.jpg 768w\" sizes=\"auto, (max-width: 1000px) 100vw, 1000px\" \/><\/a><\/figure>\n\n\n\n<figure class=\"wp-block-image size-large\"><a href=\"https:\/\/dioceseteixeiradefreitas.com.br\/wp-content\/uploads\/2022\/06\/editadas-1-35-3.jpg\"><img loading=\"lazy\" decoding=\"async\" width=\"1000\" height=\"609\" data-id=\"16763\" src=\"https:\/\/dioceseteixeiradefreitas.com.br\/wp-content\/uploads\/2022\/06\/editadas-1-35-3.jpg\" alt=\"\" class=\"wp-image-16763\" srcset=\"https:\/\/dioceseteixeiradefreitas.com.br\/wp-content\/uploads\/2022\/06\/editadas-1-35-3.jpg 1000w, https:\/\/dioceseteixeiradefreitas.com.br\/wp-content\/uploads\/2022\/06\/editadas-1-35-3-300x183.jpg 300w, https:\/\/dioceseteixeiradefreitas.com.br\/wp-content\/uploads\/2022\/06\/editadas-1-35-3-768x468.jpg 768w\" sizes=\"auto, (max-width: 1000px) 100vw, 1000px\" \/><\/a><\/figure>\n\n\n\n<figure class=\"wp-block-image size-large\"><a href=\"https:\/\/dioceseteixeiradefreitas.com.br\/wp-content\/uploads\/2022\/06\/editadas-1-36-3.jpg\"><img loading=\"lazy\" decoding=\"async\" width=\"1000\" height=\"634\" data-id=\"16764\" src=\"https:\/\/dioceseteixeiradefreitas.com.br\/wp-content\/uploads\/2022\/06\/editadas-1-36-3.jpg\" alt=\"\" class=\"wp-image-16764\"\/><\/a><\/figure>\n\n\n\n<figure class=\"wp-block-image size-large\"><a href=\"https:\/\/dioceseteixeiradefreitas.com.br\/wp-content\/uploads\/2022\/06\/editadas-1-120.jpg\"><img loading=\"lazy\" decoding=\"async\" width=\"1000\" height=\"635\" data-id=\"16847\" src=\"https:\/\/dioceseteixeiradefreitas.com.br\/wp-content\/uploads\/2022\/06\/editadas-1-120.jpg\" alt=\"\" class=\"wp-image-16847\" srcset=\"https:\/\/dioceseteixeiradefreitas.com.br\/wp-content\/uploads\/2022\/06\/editadas-1-120.jpg 1000w, https:\/\/dioceseteixeiradefreitas.com.br\/wp-content\/uploads\/2022\/06\/editadas-1-120-300x191.jpg 300w, https:\/\/dioceseteixeiradefreitas.com.br\/wp-content\/uploads\/2022\/06\/editadas-1-120-768x488.jpg 768w\" sizes=\"auto, (max-width: 1000px) 100vw, 1000px\" \/><\/a><\/figure>\n\n\n\n<figure class=\"wp-block-image size-large\"><a href=\"https:\/\/dioceseteixeiradefreitas.com.br\/wp-content\/uploads\/2022\/06\/editadas-1-2-9.jpg\"><img loading=\"lazy\" decoding=\"async\" width=\"1000\" height=\"450\" data-id=\"16854\" src=\"https:\/\/dioceseteixeiradefreitas.com.br\/wp-content\/uploads\/2022\/06\/editadas-1-2-9.jpg\" alt=\"\" class=\"wp-image-16854\" srcset=\"https:\/\/dioceseteixeiradefreitas.com.br\/wp-content\/uploads\/2022\/06\/editadas-1-2-9.jpg 1000w, https:\/\/dioceseteixeiradefreitas.com.br\/wp-content\/uploads\/2022\/06\/editadas-1-2-9-300x135.jpg 300w, https:\/\/dioceseteixeiradefreitas.com.br\/wp-content\/uploads\/2022\/06\/editadas-1-2-9-768x346.jpg 768w\" sizes=\"auto, (max-width: 1000px) 100vw, 1000px\" \/><\/a><\/figure>\n\n\n\n<figure class=\"wp-block-image size-large\"><a href=\"https:\/\/dioceseteixeiradefreitas.com.br\/wp-content\/uploads\/2022\/06\/editadas-1-38-3.jpg\"><img loading=\"lazy\" decoding=\"async\" width=\"1000\" height=\"587\" data-id=\"16765\" src=\"https:\/\/dioceseteixeiradefreitas.com.br\/wp-content\/uploads\/2022\/06\/editadas-1-38-3.jpg\" alt=\"\" class=\"wp-image-16765\" srcset=\"https:\/\/dioceseteixeiradefreitas.com.br\/wp-content\/uploads\/2022\/06\/editadas-1-38-3.jpg 1000w, https:\/\/dioceseteixeiradefreitas.com.br\/wp-content\/uploads\/2022\/06\/editadas-1-38-3-300x176.jpg 300w, https:\/\/dioceseteixeiradefreitas.com.br\/wp-content\/uploads\/2022\/06\/editadas-1-38-3-768x451.jpg 768w\" sizes=\"auto, (max-width: 1000px) 100vw, 1000px\" \/><\/a><\/figure>\n\n\n\n<figure class=\"wp-block-image size-large\"><a href=\"https:\/\/dioceseteixeiradefreitas.com.br\/wp-content\/uploads\/2022\/06\/editadas-1-118.jpg\"><img loading=\"lazy\" decoding=\"async\" width=\"1000\" height=\"477\" data-id=\"16845\" src=\"https:\/\/dioceseteixeiradefreitas.com.br\/wp-content\/uploads\/2022\/06\/editadas-1-118.jpg\" alt=\"\" class=\"wp-image-16845\" srcset=\"https:\/\/dioceseteixeiradefreitas.com.br\/wp-content\/uploads\/2022\/06\/editadas-1-118.jpg 1000w, https:\/\/dioceseteixeiradefreitas.com.br\/wp-content\/uploads\/2022\/06\/editadas-1-118-300x143.jpg 300w, https:\/\/dioceseteixeiradefreitas.com.br\/wp-content\/uploads\/2022\/06\/editadas-1-118-768x366.jpg 768w\" sizes=\"auto, (max-width: 1000px) 100vw, 1000px\" \/><\/a><\/figure>\n\n\n\n<figure class=\"wp-block-image size-large\"><a href=\"https:\/\/dioceseteixeiradefreitas.com.br\/wp-content\/uploads\/2022\/06\/editadas-1-117.jpg\"><img loading=\"lazy\" decoding=\"async\" width=\"1000\" height=\"477\" data-id=\"16844\" src=\"https:\/\/dioceseteixeiradefreitas.com.br\/wp-content\/uploads\/2022\/06\/editadas-1-117.jpg\" alt=\"\" class=\"wp-image-16844\" srcset=\"https:\/\/dioceseteixeiradefreitas.com.br\/wp-content\/uploads\/2022\/06\/editadas-1-117.jpg 1000w, https:\/\/dioceseteixeiradefreitas.com.br\/wp-content\/uploads\/2022\/06\/editadas-1-117-300x143.jpg 300w, https:\/\/dioceseteixeiradefreitas.com.br\/wp-content\/uploads\/2022\/06\/editadas-1-117-768x366.jpg 768w\" sizes=\"auto, (max-width: 1000px) 100vw, 1000px\" \/><\/a><\/figure>\n\n\n\n<figure class=\"wp-block-image size-large\"><a href=\"https:\/\/dioceseteixeiradefreitas.com.br\/wp-content\/uploads\/2022\/06\/editadas-1-121.jpg\"><img loading=\"lazy\" decoding=\"async\" width=\"1000\" height=\"710\" data-id=\"16848\" src=\"https:\/\/dioceseteixeiradefreitas.com.br\/wp-content\/uploads\/2022\/06\/editadas-1-121.jpg\" alt=\"\" class=\"wp-image-16848\" srcset=\"https:\/\/dioceseteixeiradefreitas.com.br\/wp-content\/uploads\/2022\/06\/editadas-1-121.jpg 1000w, https:\/\/dioceseteixeiradefreitas.com.br\/wp-content\/uploads\/2022\/06\/editadas-1-121-300x213.jpg 300w, https:\/\/dioceseteixeiradefreitas.com.br\/wp-content\/uploads\/2022\/06\/editadas-1-121-768x545.jpg 768w\" sizes=\"auto, (max-width: 1000px) 100vw, 1000px\" \/><\/a><\/figure>\n\n\n\n<figure class=\"wp-block-image size-large\"><a href=\"https:\/\/dioceseteixeiradefreitas.com.br\/wp-content\/uploads\/2022\/06\/editadas-1-119.jpg\"><img loading=\"lazy\" decoding=\"async\" width=\"1000\" height=\"635\" data-id=\"16846\" src=\"https:\/\/dioceseteixeiradefreitas.com.br\/wp-content\/uploads\/2022\/06\/editadas-1-119.jpg\" alt=\"\" class=\"wp-image-16846\" srcset=\"https:\/\/dioceseteixeiradefreitas.com.br\/wp-content\/uploads\/2022\/06\/editadas-1-119.jpg 1000w, https:\/\/dioceseteixeiradefreitas.com.br\/wp-content\/uploads\/2022\/06\/editadas-1-119-300x191.jpg 300w, https:\/\/dioceseteixeiradefreitas.com.br\/wp-content\/uploads\/2022\/06\/editadas-1-119-768x488.jpg 768w\" sizes=\"auto, (max-width: 1000px) 100vw, 1000px\" \/><\/a><\/figure>\n\n\n\n<figure class=\"wp-block-image size-large\"><a href=\"https:\/\/dioceseteixeiradefreitas.com.br\/wp-content\/uploads\/2022\/06\/editadas-1-122.jpg\"><img loading=\"lazy\" decoding=\"async\" width=\"1000\" height=\"710\" data-id=\"16849\" src=\"https:\/\/dioceseteixeiradefreitas.com.br\/wp-content\/uploads\/2022\/06\/editadas-1-122.jpg\" alt=\"\" class=\"wp-image-16849\" srcset=\"https:\/\/dioceseteixeiradefreitas.com.br\/wp-content\/uploads\/2022\/06\/editadas-1-122.jpg 1000w, https:\/\/dioceseteixeiradefreitas.com.br\/wp-content\/uploads\/2022\/06\/editadas-1-122-300x213.jpg 300w, https:\/\/dioceseteixeiradefreitas.com.br\/wp-content\/uploads\/2022\/06\/editadas-1-122-768x545.jpg 768w\" sizes=\"auto, (max-width: 1000px) 100vw, 1000px\" \/><\/a><\/figure>\n\n\n\n<figure class=\"wp-block-image size-large\"><a href=\"https:\/\/dioceseteixeiradefreitas.com.br\/wp-content\/uploads\/2022\/06\/editadas-1-39-3.jpg\"><img loading=\"lazy\" decoding=\"async\" width=\"1000\" height=\"587\" data-id=\"16766\" src=\"https:\/\/dioceseteixeiradefreitas.com.br\/wp-content\/uploads\/2022\/06\/editadas-1-39-3.jpg\" alt=\"\" class=\"wp-image-16766\" srcset=\"https:\/\/dioceseteixeiradefreitas.com.br\/wp-content\/uploads\/2022\/06\/editadas-1-39-3.jpg 1000w, https:\/\/dioceseteixeiradefreitas.com.br\/wp-content\/uploads\/2022\/06\/editadas-1-39-3-300x176.jpg 300w, https:\/\/dioceseteixeiradefreitas.com.br\/wp-content\/uploads\/2022\/06\/editadas-1-39-3-768x451.jpg 768w\" sizes=\"auto, (max-width: 1000px) 100vw, 1000px\" \/><\/a><\/figure>\n\n\n\n<figure class=\"wp-block-image size-large\"><a href=\"https:\/\/dioceseteixeiradefreitas.com.br\/wp-content\/uploads\/2022\/06\/editadas-1-40-3.jpg\"><img loading=\"lazy\" decoding=\"async\" width=\"1000\" height=\"587\" data-id=\"16767\" src=\"https:\/\/dioceseteixeiradefreitas.com.br\/wp-content\/uploads\/2022\/06\/editadas-1-40-3.jpg\" alt=\"\" class=\"wp-image-16767\" srcset=\"https:\/\/dioceseteixeiradefreitas.com.br\/wp-content\/uploads\/2022\/06\/editadas-1-40-3.jpg 1000w, https:\/\/dioceseteixeiradefreitas.com.br\/wp-content\/uploads\/2022\/06\/editadas-1-40-3-300x176.jpg 300w, https:\/\/dioceseteixeiradefreitas.com.br\/wp-content\/uploads\/2022\/06\/editadas-1-40-3-768x451.jpg 768w\" sizes=\"auto, (max-width: 1000px) 100vw, 1000px\" \/><\/a><\/figure>\n\n\n\n<figure class=\"wp-block-image size-large\"><a href=\"https:\/\/dioceseteixeiradefreitas.com.br\/wp-content\/uploads\/2022\/06\/editadas-1-41-3.jpg\"><img loading=\"lazy\" decoding=\"async\" width=\"1000\" height=\"678\" data-id=\"16768\" src=\"https:\/\/dioceseteixeiradefreitas.com.br\/wp-content\/uploads\/2022\/06\/editadas-1-41-3.jpg\" alt=\"\" class=\"wp-image-16768\" srcset=\"https:\/\/dioceseteixeiradefreitas.com.br\/wp-content\/uploads\/2022\/06\/editadas-1-41-3.jpg 1000w, https:\/\/dioceseteixeiradefreitas.com.br\/wp-content\/uploads\/2022\/06\/editadas-1-41-3-300x203.jpg 300w, https:\/\/dioceseteixeiradefreitas.com.br\/wp-content\/uploads\/2022\/06\/editadas-1-41-3-768x521.jpg 768w, https:\/\/dioceseteixeiradefreitas.com.br\/wp-content\/uploads\/2022\/06\/editadas-1-41-3-220x150.jpg 220w\" sizes=\"auto, (max-width: 1000px) 100vw, 1000px\" \/><\/a><\/figure>\n\n\n\n<figure class=\"wp-block-image size-large\"><a href=\"https:\/\/dioceseteixeiradefreitas.com.br\/wp-content\/uploads\/2022\/06\/editadas-1-42-3.jpg\"><img loading=\"lazy\" decoding=\"async\" width=\"1000\" height=\"678\" data-id=\"16769\" src=\"https:\/\/dioceseteixeiradefreitas.com.br\/wp-content\/uploads\/2022\/06\/editadas-1-42-3.jpg\" alt=\"\" class=\"wp-image-16769\" srcset=\"https:\/\/dioceseteixeiradefreitas.com.br\/wp-content\/uploads\/2022\/06\/editadas-1-42-3.jpg 1000w, https:\/\/dioceseteixeiradefreitas.com.br\/wp-content\/uploads\/2022\/06\/editadas-1-42-3-300x203.jpg 300w, https:\/\/dioceseteixeiradefreitas.com.br\/wp-content\/uploads\/2022\/06\/editadas-1-42-3-768x521.jpg 768w, https:\/\/dioceseteixeiradefreitas.com.br\/wp-content\/uploads\/2022\/06\/editadas-1-42-3-220x150.jpg 220w\" sizes=\"auto, (max-width: 1000px) 100vw, 1000px\" \/><\/a><\/figure>\n\n\n\n<figure class=\"wp-block-image size-large\"><a href=\"https:\/\/dioceseteixeiradefreitas.com.br\/wp-content\/uploads\/2022\/06\/editadas-1-43-3.jpg\"><img loading=\"lazy\" decoding=\"async\" width=\"1000\" height=\"634\" data-id=\"16770\" src=\"https:\/\/dioceseteixeiradefreitas.com.br\/wp-content\/uploads\/2022\/06\/editadas-1-43-3.jpg\" alt=\"\" class=\"wp-image-16770\" srcset=\"https:\/\/dioceseteixeiradefreitas.com.br\/wp-content\/uploads\/2022\/06\/editadas-1-43-3.jpg 1000w, https:\/\/dioceseteixeiradefreitas.com.br\/wp-content\/uploads\/2022\/06\/editadas-1-43-3-300x190.jpg 300w, https:\/\/dioceseteixeiradefreitas.com.br\/wp-content\/uploads\/2022\/06\/editadas-1-43-3-768x487.jpg 768w\" sizes=\"auto, (max-width: 1000px) 100vw, 1000px\" \/><\/a><\/figure>\n\n\n\n<figure class=\"wp-block-image size-large\"><a href=\"https:\/\/dioceseteixeiradefreitas.com.br\/wp-content\/uploads\/2022\/06\/editadas-1-44-3.jpg\"><img loading=\"lazy\" decoding=\"async\" width=\"1000\" height=\"700\" data-id=\"16771\" src=\"https:\/\/dioceseteixeiradefreitas.com.br\/wp-content\/uploads\/2022\/06\/editadas-1-44-3.jpg\" alt=\"\" class=\"wp-image-16771\" srcset=\"https:\/\/dioceseteixeiradefreitas.com.br\/wp-content\/uploads\/2022\/06\/editadas-1-44-3.jpg 1000w, https:\/\/dioceseteixeiradefreitas.com.br\/wp-content\/uploads\/2022\/06\/editadas-1-44-3-300x210.jpg 300w, https:\/\/dioceseteixeiradefreitas.com.br\/wp-content\/uploads\/2022\/06\/editadas-1-44-3-768x538.jpg 768w\" sizes=\"auto, (max-width: 1000px) 100vw, 1000px\" \/><\/a><\/figure>\n\n\n\n<figure class=\"wp-block-image size-large\"><a href=\"https:\/\/dioceseteixeiradefreitas.com.br\/wp-content\/uploads\/2022\/06\/editadas-1-45-3.jpg\"><img loading=\"lazy\" decoding=\"async\" width=\"1000\" height=\"738\" data-id=\"16772\" src=\"https:\/\/dioceseteixeiradefreitas.com.br\/wp-content\/uploads\/2022\/06\/editadas-1-45-3.jpg\" alt=\"\" class=\"wp-image-16772\" srcset=\"https:\/\/dioceseteixeiradefreitas.com.br\/wp-content\/uploads\/2022\/06\/editadas-1-45-3.jpg 1000w, https:\/\/dioceseteixeiradefreitas.com.br\/wp-content\/uploads\/2022\/06\/editadas-1-45-3-300x221.jpg 300w, https:\/\/dioceseteixeiradefreitas.com.br\/wp-content\/uploads\/2022\/06\/editadas-1-45-3-768x567.jpg 768w\" sizes=\"auto, (max-width: 1000px) 100vw, 1000px\" \/><\/a><\/figure>\n\n\n\n<figure class=\"wp-block-image size-large\"><a href=\"https:\/\/dioceseteixeiradefreitas.com.br\/wp-content\/uploads\/2022\/06\/editadas-1-46-2.jpg\"><img loading=\"lazy\" decoding=\"async\" width=\"1000\" height=\"738\" data-id=\"16773\" src=\"https:\/\/dioceseteixeiradefreitas.com.br\/wp-content\/uploads\/2022\/06\/editadas-1-46-2.jpg\" alt=\"\" class=\"wp-image-16773\" srcset=\"https:\/\/dioceseteixeiradefreitas.com.br\/wp-content\/uploads\/2022\/06\/editadas-1-46-2.jpg 1000w, https:\/\/dioceseteixeiradefreitas.com.br\/wp-content\/uploads\/2022\/06\/editadas-1-46-2-300x221.jpg 300w, https:\/\/dioceseteixeiradefreitas.com.br\/wp-content\/uploads\/2022\/06\/editadas-1-46-2-768x567.jpg 768w\" sizes=\"auto, (max-width: 1000px) 100vw, 1000px\" \/><\/a><\/figure>\n\n\n\n<figure class=\"wp-block-image size-large\"><a href=\"https:\/\/dioceseteixeiradefreitas.com.br\/wp-content\/uploads\/2022\/06\/editadas-1-47-2.jpg\"><img loading=\"lazy\" decoding=\"async\" width=\"1000\" height=\"738\" data-id=\"16774\" src=\"https:\/\/dioceseteixeiradefreitas.com.br\/wp-content\/uploads\/2022\/06\/editadas-1-47-2.jpg\" alt=\"\" class=\"wp-image-16774\" srcset=\"https:\/\/dioceseteixeiradefreitas.com.br\/wp-content\/uploads\/2022\/06\/editadas-1-47-2.jpg 1000w, https:\/\/dioceseteixeiradefreitas.com.br\/wp-content\/uploads\/2022\/06\/editadas-1-47-2-300x221.jpg 300w, https:\/\/dioceseteixeiradefreitas.com.br\/wp-content\/uploads\/2022\/06\/editadas-1-47-2-768x567.jpg 768w\" sizes=\"auto, (max-width: 1000px) 100vw, 1000px\" \/><\/a><\/figure>\n\n\n\n<figure class=\"wp-block-image size-large\"><a href=\"https:\/\/dioceseteixeiradefreitas.com.br\/wp-content\/uploads\/2022\/06\/editadas-1-48-2.jpg\"><img loading=\"lazy\" decoding=\"async\" width=\"1000\" height=\"738\" data-id=\"16775\" src=\"https:\/\/dioceseteixeiradefreitas.com.br\/wp-content\/uploads\/2022\/06\/editadas-1-48-2.jpg\" alt=\"\" class=\"wp-image-16775\" srcset=\"https:\/\/dioceseteixeiradefreitas.com.br\/wp-content\/uploads\/2022\/06\/editadas-1-48-2.jpg 1000w, https:\/\/dioceseteixeiradefreitas.com.br\/wp-content\/uploads\/2022\/06\/editadas-1-48-2-300x221.jpg 300w, https:\/\/dioceseteixeiradefreitas.com.br\/wp-content\/uploads\/2022\/06\/editadas-1-48-2-768x567.jpg 768w\" sizes=\"auto, (max-width: 1000px) 100vw, 1000px\" \/><\/a><\/figure>\n\n\n\n<figure class=\"wp-block-image size-large\"><a href=\"https:\/\/dioceseteixeiradefreitas.com.br\/wp-content\/uploads\/2022\/06\/editadas-1-49-2.jpg\"><img loading=\"lazy\" decoding=\"async\" width=\"1000\" height=\"738\" data-id=\"16776\" src=\"https:\/\/dioceseteixeiradefreitas.com.br\/wp-content\/uploads\/2022\/06\/editadas-1-49-2.jpg\" alt=\"\" class=\"wp-image-16776\" srcset=\"https:\/\/dioceseteixeiradefreitas.com.br\/wp-content\/uploads\/2022\/06\/editadas-1-49-2.jpg 1000w, https:\/\/dioceseteixeiradefreitas.com.br\/wp-content\/uploads\/2022\/06\/editadas-1-49-2-300x221.jpg 300w, https:\/\/dioceseteixeiradefreitas.com.br\/wp-content\/uploads\/2022\/06\/editadas-1-49-2-768x567.jpg 768w\" sizes=\"auto, (max-width: 1000px) 100vw, 1000px\" \/><\/a><\/figure>\n\n\n\n<figure class=\"wp-block-image size-large\"><a href=\"https:\/\/dioceseteixeiradefreitas.com.br\/wp-content\/uploads\/2022\/06\/editadas-1-50-2.jpg\"><img loading=\"lazy\" decoding=\"async\" width=\"1000\" height=\"738\" data-id=\"16777\" src=\"https:\/\/dioceseteixeiradefreitas.com.br\/wp-content\/uploads\/2022\/06\/editadas-1-50-2.jpg\" alt=\"\" class=\"wp-image-16777\" srcset=\"https:\/\/dioceseteixeiradefreitas.com.br\/wp-content\/uploads\/2022\/06\/editadas-1-50-2.jpg 1000w, https:\/\/dioceseteixeiradefreitas.com.br\/wp-content\/uploads\/2022\/06\/editadas-1-50-2-300x221.jpg 300w, https:\/\/dioceseteixeiradefreitas.com.br\/wp-content\/uploads\/2022\/06\/editadas-1-50-2-768x567.jpg 768w\" sizes=\"auto, (max-width: 1000px) 100vw, 1000px\" \/><\/a><\/figure>\n\n\n\n<figure class=\"wp-block-image size-large\"><a href=\"https:\/\/dioceseteixeiradefreitas.com.br\/wp-content\/uploads\/2022\/06\/editadas-1-51-2.jpg\"><img loading=\"lazy\" decoding=\"async\" width=\"1000\" height=\"738\" data-id=\"16778\" src=\"https:\/\/dioceseteixeiradefreitas.com.br\/wp-content\/uploads\/2022\/06\/editadas-1-51-2.jpg\" alt=\"\" class=\"wp-image-16778\" srcset=\"https:\/\/dioceseteixeiradefreitas.com.br\/wp-content\/uploads\/2022\/06\/editadas-1-51-2.jpg 1000w, https:\/\/dioceseteixeiradefreitas.com.br\/wp-content\/uploads\/2022\/06\/editadas-1-51-2-300x221.jpg 300w, https:\/\/dioceseteixeiradefreitas.com.br\/wp-content\/uploads\/2022\/06\/editadas-1-51-2-768x567.jpg 768w\" sizes=\"auto, (max-width: 1000px) 100vw, 1000px\" \/><\/a><\/figure>\n\n\n\n<figure class=\"wp-block-image size-large\"><a href=\"https:\/\/dioceseteixeiradefreitas.com.br\/wp-content\/uploads\/2022\/06\/editadas-1-52-2.jpg\"><img loading=\"lazy\" decoding=\"async\" width=\"1000\" height=\"738\" data-id=\"16779\" src=\"https:\/\/dioceseteixeiradefreitas.com.br\/wp-content\/uploads\/2022\/06\/editadas-1-52-2.jpg\" alt=\"\" class=\"wp-image-16779\" srcset=\"https:\/\/dioceseteixeiradefreitas.com.br\/wp-content\/uploads\/2022\/06\/editadas-1-52-2.jpg 1000w, https:\/\/dioceseteixeiradefreitas.com.br\/wp-content\/uploads\/2022\/06\/editadas-1-52-2-300x221.jpg 300w, https:\/\/dioceseteixeiradefreitas.com.br\/wp-content\/uploads\/2022\/06\/editadas-1-52-2-768x567.jpg 768w\" sizes=\"auto, (max-width: 1000px) 100vw, 1000px\" \/><\/a><\/figure>\n\n\n\n<figure class=\"wp-block-image size-large\"><a href=\"https:\/\/dioceseteixeiradefreitas.com.br\/wp-content\/uploads\/2022\/06\/editadas-1-53-2.jpg\"><img loading=\"lazy\" decoding=\"async\" width=\"1000\" height=\"682\" data-id=\"16780\" src=\"https:\/\/dioceseteixeiradefreitas.com.br\/wp-content\/uploads\/2022\/06\/editadas-1-53-2.jpg\" alt=\"\" class=\"wp-image-16780\" srcset=\"https:\/\/dioceseteixeiradefreitas.com.br\/wp-content\/uploads\/2022\/06\/editadas-1-53-2.jpg 1000w, https:\/\/dioceseteixeiradefreitas.com.br\/wp-content\/uploads\/2022\/06\/editadas-1-53-2-300x205.jpg 300w, https:\/\/dioceseteixeiradefreitas.com.br\/wp-content\/uploads\/2022\/06\/editadas-1-53-2-768x524.jpg 768w, https:\/\/dioceseteixeiradefreitas.com.br\/wp-content\/uploads\/2022\/06\/editadas-1-53-2-220x150.jpg 220w\" sizes=\"auto, (max-width: 1000px) 100vw, 1000px\" \/><\/a><\/figure>\n\n\n\n<figure class=\"wp-block-image size-large\"><a href=\"https:\/\/dioceseteixeiradefreitas.com.br\/wp-content\/uploads\/2022\/06\/editadas-1-58-1.jpg\"><img loading=\"lazy\" decoding=\"async\" width=\"1000\" height=\"692\" data-id=\"16785\" src=\"https:\/\/dioceseteixeiradefreitas.com.br\/wp-content\/uploads\/2022\/06\/editadas-1-58-1.jpg\" alt=\"\" class=\"wp-image-16785\" srcset=\"https:\/\/dioceseteixeiradefreitas.com.br\/wp-content\/uploads\/2022\/06\/editadas-1-58-1.jpg 1000w, https:\/\/dioceseteixeiradefreitas.com.br\/wp-content\/uploads\/2022\/06\/editadas-1-58-1-300x208.jpg 300w, https:\/\/dioceseteixeiradefreitas.com.br\/wp-content\/uploads\/2022\/06\/editadas-1-58-1-768x531.jpg 768w\" sizes=\"auto, (max-width: 1000px) 100vw, 1000px\" \/><\/a><\/figure>\n\n\n\n<figure class=\"wp-block-image size-large\"><a href=\"https:\/\/dioceseteixeiradefreitas.com.br\/wp-content\/uploads\/2022\/06\/editadas-1-57-1.jpg\"><img loading=\"lazy\" decoding=\"async\" width=\"1000\" height=\"692\" data-id=\"16784\" src=\"https:\/\/dioceseteixeiradefreitas.com.br\/wp-content\/uploads\/2022\/06\/editadas-1-57-1.jpg\" alt=\"\" class=\"wp-image-16784\" srcset=\"https:\/\/dioceseteixeiradefreitas.com.br\/wp-content\/uploads\/2022\/06\/editadas-1-57-1.jpg 1000w, https:\/\/dioceseteixeiradefreitas.com.br\/wp-content\/uploads\/2022\/06\/editadas-1-57-1-300x208.jpg 300w, https:\/\/dioceseteixeiradefreitas.com.br\/wp-content\/uploads\/2022\/06\/editadas-1-57-1-768x531.jpg 768w\" sizes=\"auto, (max-width: 1000px) 100vw, 1000px\" \/><\/a><\/figure>\n\n\n\n<figure class=\"wp-block-image size-large\"><a href=\"https:\/\/dioceseteixeiradefreitas.com.br\/wp-content\/uploads\/2022\/06\/editadas-1-56-2.jpg\"><img loading=\"lazy\" decoding=\"async\" width=\"1000\" height=\"692\" data-id=\"16783\" src=\"https:\/\/dioceseteixeiradefreitas.com.br\/wp-content\/uploads\/2022\/06\/editadas-1-56-2.jpg\" alt=\"\" class=\"wp-image-16783\" srcset=\"https:\/\/dioceseteixeiradefreitas.com.br\/wp-content\/uploads\/2022\/06\/editadas-1-56-2.jpg 1000w, https:\/\/dioceseteixeiradefreitas.com.br\/wp-content\/uploads\/2022\/06\/editadas-1-56-2-300x208.jpg 300w, https:\/\/dioceseteixeiradefreitas.com.br\/wp-content\/uploads\/2022\/06\/editadas-1-56-2-768x531.jpg 768w\" sizes=\"auto, (max-width: 1000px) 100vw, 1000px\" \/><\/a><\/figure>\n\n\n\n<figure class=\"wp-block-image size-large\"><a href=\"https:\/\/dioceseteixeiradefreitas.com.br\/wp-content\/uploads\/2022\/06\/editadas-1-55-2.jpg\"><img loading=\"lazy\" decoding=\"async\" width=\"1000\" height=\"682\" data-id=\"16782\" src=\"https:\/\/dioceseteixeiradefreitas.com.br\/wp-content\/uploads\/2022\/06\/editadas-1-55-2.jpg\" alt=\"\" class=\"wp-image-16782\" srcset=\"https:\/\/dioceseteixeiradefreitas.com.br\/wp-content\/uploads\/2022\/06\/editadas-1-55-2.jpg 1000w, https:\/\/dioceseteixeiradefreitas.com.br\/wp-content\/uploads\/2022\/06\/editadas-1-55-2-300x205.jpg 300w, https:\/\/dioceseteixeiradefreitas.com.br\/wp-content\/uploads\/2022\/06\/editadas-1-55-2-768x524.jpg 768w, https:\/\/dioceseteixeiradefreitas.com.br\/wp-content\/uploads\/2022\/06\/editadas-1-55-2-220x150.jpg 220w\" sizes=\"auto, (max-width: 1000px) 100vw, 1000px\" \/><\/a><\/figure>\n\n\n\n<figure class=\"wp-block-image size-large\"><a href=\"https:\/\/dioceseteixeiradefreitas.com.br\/wp-content\/uploads\/2022\/06\/editadas-1-54-2.jpg\"><img loading=\"lazy\" decoding=\"async\" width=\"1000\" height=\"682\" data-id=\"16781\" src=\"https:\/\/dioceseteixeiradefreitas.com.br\/wp-content\/uploads\/2022\/06\/editadas-1-54-2.jpg\" alt=\"\" class=\"wp-image-16781\" srcset=\"https:\/\/dioceseteixeiradefreitas.com.br\/wp-content\/uploads\/2022\/06\/editadas-1-54-2.jpg 1000w, https:\/\/dioceseteixeiradefreitas.com.br\/wp-content\/uploads\/2022\/06\/editadas-1-54-2-300x205.jpg 300w, https:\/\/dioceseteixeiradefreitas.com.br\/wp-content\/uploads\/2022\/06\/editadas-1-54-2-768x524.jpg 768w, https:\/\/dioceseteixeiradefreitas.com.br\/wp-content\/uploads\/2022\/06\/editadas-1-54-2-220x150.jpg 220w\" sizes=\"auto, (max-width: 1000px) 100vw, 1000px\" \/><\/a><\/figure>\n\n\n\n<figure class=\"wp-block-image size-large\"><a href=\"https:\/\/dioceseteixeiradefreitas.com.br\/wp-content\/uploads\/2022\/06\/editadas-1-63-1.jpg\"><img loading=\"lazy\" decoding=\"async\" width=\"1000\" height=\"675\" data-id=\"16790\" src=\"https:\/\/dioceseteixeiradefreitas.com.br\/wp-content\/uploads\/2022\/06\/editadas-1-63-1.jpg\" alt=\"\" class=\"wp-image-16790\" srcset=\"https:\/\/dioceseteixeiradefreitas.com.br\/wp-content\/uploads\/2022\/06\/editadas-1-63-1.jpg 1000w, https:\/\/dioceseteixeiradefreitas.com.br\/wp-content\/uploads\/2022\/06\/editadas-1-63-1-300x203.jpg 300w, https:\/\/dioceseteixeiradefreitas.com.br\/wp-content\/uploads\/2022\/06\/editadas-1-63-1-768x518.jpg 768w, https:\/\/dioceseteixeiradefreitas.com.br\/wp-content\/uploads\/2022\/06\/editadas-1-63-1-220x150.jpg 220w\" sizes=\"auto, (max-width: 1000px) 100vw, 1000px\" \/><\/a><\/figure>\n\n\n\n<figure class=\"wp-block-image size-large\"><a href=\"https:\/\/dioceseteixeiradefreitas.com.br\/wp-content\/uploads\/2022\/06\/editadas-1-62-1.jpg\"><img loading=\"lazy\" decoding=\"async\" width=\"1000\" height=\"675\" data-id=\"16789\" src=\"https:\/\/dioceseteixeiradefreitas.com.br\/wp-content\/uploads\/2022\/06\/editadas-1-62-1.jpg\" alt=\"\" class=\"wp-image-16789\" srcset=\"https:\/\/dioceseteixeiradefreitas.com.br\/wp-content\/uploads\/2022\/06\/editadas-1-62-1.jpg 1000w, https:\/\/dioceseteixeiradefreitas.com.br\/wp-content\/uploads\/2022\/06\/editadas-1-62-1-300x203.jpg 300w, https:\/\/dioceseteixeiradefreitas.com.br\/wp-content\/uploads\/2022\/06\/editadas-1-62-1-768x518.jpg 768w, https:\/\/dioceseteixeiradefreitas.com.br\/wp-content\/uploads\/2022\/06\/editadas-1-62-1-220x150.jpg 220w\" sizes=\"auto, (max-width: 1000px) 100vw, 1000px\" \/><\/a><\/figure>\n\n\n\n<figure class=\"wp-block-image size-large\"><a href=\"https:\/\/dioceseteixeiradefreitas.com.br\/wp-content\/uploads\/2022\/06\/editadas-1-61-1.jpg\"><img loading=\"lazy\" decoding=\"async\" width=\"1000\" height=\"675\" data-id=\"16788\" src=\"https:\/\/dioceseteixeiradefreitas.com.br\/wp-content\/uploads\/2022\/06\/editadas-1-61-1.jpg\" alt=\"\" class=\"wp-image-16788\" srcset=\"https:\/\/dioceseteixeiradefreitas.com.br\/wp-content\/uploads\/2022\/06\/editadas-1-61-1.jpg 1000w, https:\/\/dioceseteixeiradefreitas.com.br\/wp-content\/uploads\/2022\/06\/editadas-1-61-1-300x203.jpg 300w, https:\/\/dioceseteixeiradefreitas.com.br\/wp-content\/uploads\/2022\/06\/editadas-1-61-1-768x518.jpg 768w, https:\/\/dioceseteixeiradefreitas.com.br\/wp-content\/uploads\/2022\/06\/editadas-1-61-1-220x150.jpg 220w\" sizes=\"auto, (max-width: 1000px) 100vw, 1000px\" \/><\/a><\/figure>\n\n\n\n<figure class=\"wp-block-image size-large\"><a href=\"https:\/\/dioceseteixeiradefreitas.com.br\/wp-content\/uploads\/2022\/06\/editadas-1-60-1.jpg\"><img loading=\"lazy\" decoding=\"async\" width=\"1000\" height=\"675\" data-id=\"16787\" src=\"https:\/\/dioceseteixeiradefreitas.com.br\/wp-content\/uploads\/2022\/06\/editadas-1-60-1.jpg\" alt=\"\" class=\"wp-image-16787\" srcset=\"https:\/\/dioceseteixeiradefreitas.com.br\/wp-content\/uploads\/2022\/06\/editadas-1-60-1.jpg 1000w, https:\/\/dioceseteixeiradefreitas.com.br\/wp-content\/uploads\/2022\/06\/editadas-1-60-1-300x203.jpg 300w, https:\/\/dioceseteixeiradefreitas.com.br\/wp-content\/uploads\/2022\/06\/editadas-1-60-1-768x518.jpg 768w, https:\/\/dioceseteixeiradefreitas.com.br\/wp-content\/uploads\/2022\/06\/editadas-1-60-1-220x150.jpg 220w\" sizes=\"auto, (max-width: 1000px) 100vw, 1000px\" \/><\/a><\/figure>\n\n\n\n<figure class=\"wp-block-image size-large\"><a href=\"https:\/\/dioceseteixeiradefreitas.com.br\/wp-content\/uploads\/2022\/06\/editadas-1-59-1.jpg\"><img loading=\"lazy\" decoding=\"async\" width=\"1000\" height=\"692\" data-id=\"16786\" src=\"https:\/\/dioceseteixeiradefreitas.com.br\/wp-content\/uploads\/2022\/06\/editadas-1-59-1.jpg\" alt=\"\" class=\"wp-image-16786\" srcset=\"https:\/\/dioceseteixeiradefreitas.com.br\/wp-content\/uploads\/2022\/06\/editadas-1-59-1.jpg 1000w, https:\/\/dioceseteixeiradefreitas.com.br\/wp-content\/uploads\/2022\/06\/editadas-1-59-1-300x208.jpg 300w, https:\/\/dioceseteixeiradefreitas.com.br\/wp-content\/uploads\/2022\/06\/editadas-1-59-1-768x531.jpg 768w\" sizes=\"auto, (max-width: 1000px) 100vw, 1000px\" \/><\/a><\/figure>\n\n\n\n<figure class=\"wp-block-image size-large\"><a href=\"https:\/\/dioceseteixeiradefreitas.com.br\/wp-content\/uploads\/2022\/06\/editadas-1-64-1.jpg\"><img loading=\"lazy\" decoding=\"async\" width=\"1000\" height=\"675\" data-id=\"16791\" src=\"https:\/\/dioceseteixeiradefreitas.com.br\/wp-content\/uploads\/2022\/06\/editadas-1-64-1.jpg\" alt=\"\" class=\"wp-image-16791\" srcset=\"https:\/\/dioceseteixeiradefreitas.com.br\/wp-content\/uploads\/2022\/06\/editadas-1-64-1.jpg 1000w, https:\/\/dioceseteixeiradefreitas.com.br\/wp-content\/uploads\/2022\/06\/editadas-1-64-1-300x203.jpg 300w, https:\/\/dioceseteixeiradefreitas.com.br\/wp-content\/uploads\/2022\/06\/editadas-1-64-1-768x518.jpg 768w, https:\/\/dioceseteixeiradefreitas.com.br\/wp-content\/uploads\/2022\/06\/editadas-1-64-1-220x150.jpg 220w\" sizes=\"auto, (max-width: 1000px) 100vw, 1000px\" \/><\/a><\/figure>\n\n\n\n<figure class=\"wp-block-image size-large\"><a href=\"https:\/\/dioceseteixeiradefreitas.com.br\/wp-content\/uploads\/2022\/06\/editadas-1-65-1.jpg\"><img loading=\"lazy\" decoding=\"async\" width=\"1000\" height=\"641\" data-id=\"16792\" src=\"https:\/\/dioceseteixeiradefreitas.com.br\/wp-content\/uploads\/2022\/06\/editadas-1-65-1.jpg\" alt=\"\" class=\"wp-image-16792\" srcset=\"https:\/\/dioceseteixeiradefreitas.com.br\/wp-content\/uploads\/2022\/06\/editadas-1-65-1.jpg 1000w, https:\/\/dioceseteixeiradefreitas.com.br\/wp-content\/uploads\/2022\/06\/editadas-1-65-1-300x192.jpg 300w, https:\/\/dioceseteixeiradefreitas.com.br\/wp-content\/uploads\/2022\/06\/editadas-1-65-1-768x492.jpg 768w\" sizes=\"auto, (max-width: 1000px) 100vw, 1000px\" \/><\/a><\/figure>\n\n\n\n<figure class=\"wp-block-image size-large\"><a href=\"https:\/\/dioceseteixeiradefreitas.com.br\/wp-content\/uploads\/2022\/06\/editadas-1-66-1.jpg\"><img loading=\"lazy\" decoding=\"async\" width=\"1000\" height=\"641\" data-id=\"16793\" src=\"https:\/\/dioceseteixeiradefreitas.com.br\/wp-content\/uploads\/2022\/06\/editadas-1-66-1.jpg\" alt=\"\" class=\"wp-image-16793\" srcset=\"https:\/\/dioceseteixeiradefreitas.com.br\/wp-content\/uploads\/2022\/06\/editadas-1-66-1.jpg 1000w, https:\/\/dioceseteixeiradefreitas.com.br\/wp-content\/uploads\/2022\/06\/editadas-1-66-1-300x192.jpg 300w, https:\/\/dioceseteixeiradefreitas.com.br\/wp-content\/uploads\/2022\/06\/editadas-1-66-1-768x492.jpg 768w\" sizes=\"auto, (max-width: 1000px) 100vw, 1000px\" \/><\/a><\/figure>\n\n\n\n<figure class=\"wp-block-image size-large\"><a href=\"https:\/\/dioceseteixeiradefreitas.com.br\/wp-content\/uploads\/2022\/06\/editadas-1-67-1.jpg\"><img loading=\"lazy\" decoding=\"async\" width=\"1000\" height=\"599\" data-id=\"16794\" src=\"https:\/\/dioceseteixeiradefreitas.com.br\/wp-content\/uploads\/2022\/06\/editadas-1-67-1.jpg\" alt=\"\" class=\"wp-image-16794\" srcset=\"https:\/\/dioceseteixeiradefreitas.com.br\/wp-content\/uploads\/2022\/06\/editadas-1-67-1.jpg 1000w, https:\/\/dioceseteixeiradefreitas.com.br\/wp-content\/uploads\/2022\/06\/editadas-1-67-1-300x180.jpg 300w, https:\/\/dioceseteixeiradefreitas.com.br\/wp-content\/uploads\/2022\/06\/editadas-1-67-1-768x460.jpg 768w\" sizes=\"auto, (max-width: 1000px) 100vw, 1000px\" \/><\/a><\/figure>\n\n\n\n<figure class=\"wp-block-image size-large\"><a href=\"https:\/\/dioceseteixeiradefreitas.com.br\/wp-content\/uploads\/2022\/06\/editadas-1-68-1.jpg\"><img loading=\"lazy\" decoding=\"async\" width=\"1000\" height=\"632\" data-id=\"16795\" src=\"https:\/\/dioceseteixeiradefreitas.com.br\/wp-content\/uploads\/2022\/06\/editadas-1-68-1.jpg\" alt=\"\" class=\"wp-image-16795\" srcset=\"https:\/\/dioceseteixeiradefreitas.com.br\/wp-content\/uploads\/2022\/06\/editadas-1-68-1.jpg 1000w, https:\/\/dioceseteixeiradefreitas.com.br\/wp-content\/uploads\/2022\/06\/editadas-1-68-1-300x190.jpg 300w, https:\/\/dioceseteixeiradefreitas.com.br\/wp-content\/uploads\/2022\/06\/editadas-1-68-1-768x485.jpg 768w\" sizes=\"auto, (max-width: 1000px) 100vw, 1000px\" \/><\/a><\/figure>\n\n\n\n<figure class=\"wp-block-image size-large\"><a href=\"https:\/\/dioceseteixeiradefreitas.com.br\/wp-content\/uploads\/2022\/06\/editadas-1-73-1.jpg\"><img loading=\"lazy\" decoding=\"async\" width=\"1000\" height=\"645\" data-id=\"16800\" src=\"https:\/\/dioceseteixeiradefreitas.com.br\/wp-content\/uploads\/2022\/06\/editadas-1-73-1.jpg\" alt=\"\" class=\"wp-image-16800\" srcset=\"https:\/\/dioceseteixeiradefreitas.com.br\/wp-content\/uploads\/2022\/06\/editadas-1-73-1.jpg 1000w, https:\/\/dioceseteixeiradefreitas.com.br\/wp-content\/uploads\/2022\/06\/editadas-1-73-1-300x194.jpg 300w, https:\/\/dioceseteixeiradefreitas.com.br\/wp-content\/uploads\/2022\/06\/editadas-1-73-1-768x495.jpg 768w\" sizes=\"auto, (max-width: 1000px) 100vw, 1000px\" \/><\/a><\/figure>\n\n\n\n<figure class=\"wp-block-image size-large\"><a href=\"https:\/\/dioceseteixeiradefreitas.com.br\/wp-content\/uploads\/2022\/06\/editadas-1-72-1.jpg\"><img loading=\"lazy\" decoding=\"async\" width=\"1000\" height=\"645\" data-id=\"16799\" src=\"https:\/\/dioceseteixeiradefreitas.com.br\/wp-content\/uploads\/2022\/06\/editadas-1-72-1.jpg\" alt=\"\" class=\"wp-image-16799\" srcset=\"https:\/\/dioceseteixeiradefreitas.com.br\/wp-content\/uploads\/2022\/06\/editadas-1-72-1.jpg 1000w, https:\/\/dioceseteixeiradefreitas.com.br\/wp-content\/uploads\/2022\/06\/editadas-1-72-1-300x194.jpg 300w, https:\/\/dioceseteixeiradefreitas.com.br\/wp-content\/uploads\/2022\/06\/editadas-1-72-1-768x495.jpg 768w\" sizes=\"auto, (max-width: 1000px) 100vw, 1000px\" \/><\/a><\/figure>\n\n\n\n<figure class=\"wp-block-image size-large\"><a href=\"https:\/\/dioceseteixeiradefreitas.com.br\/wp-content\/uploads\/2022\/06\/editadas-1-71-1.jpg\"><img loading=\"lazy\" decoding=\"async\" width=\"1000\" height=\"645\" data-id=\"16798\" src=\"https:\/\/dioceseteixeiradefreitas.com.br\/wp-content\/uploads\/2022\/06\/editadas-1-71-1.jpg\" alt=\"\" class=\"wp-image-16798\" srcset=\"https:\/\/dioceseteixeiradefreitas.com.br\/wp-content\/uploads\/2022\/06\/editadas-1-71-1.jpg 1000w, https:\/\/dioceseteixeiradefreitas.com.br\/wp-content\/uploads\/2022\/06\/editadas-1-71-1-300x194.jpg 300w, https:\/\/dioceseteixeiradefreitas.com.br\/wp-content\/uploads\/2022\/06\/editadas-1-71-1-768x495.jpg 768w\" sizes=\"auto, (max-width: 1000px) 100vw, 1000px\" \/><\/a><\/figure>\n\n\n\n<figure class=\"wp-block-image size-large\"><a href=\"https:\/\/dioceseteixeiradefreitas.com.br\/wp-content\/uploads\/2022\/06\/editadas-1-70-1.jpg\"><img loading=\"lazy\" decoding=\"async\" width=\"1000\" height=\"667\" data-id=\"16797\" src=\"https:\/\/dioceseteixeiradefreitas.com.br\/wp-content\/uploads\/2022\/06\/editadas-1-70-1.jpg\" alt=\"\" class=\"wp-image-16797\" srcset=\"https:\/\/dioceseteixeiradefreitas.com.br\/wp-content\/uploads\/2022\/06\/editadas-1-70-1.jpg 1000w, https:\/\/dioceseteixeiradefreitas.com.br\/wp-content\/uploads\/2022\/06\/editadas-1-70-1-300x200.jpg 300w, https:\/\/dioceseteixeiradefreitas.com.br\/wp-content\/uploads\/2022\/06\/editadas-1-70-1-768x512.jpg 768w\" sizes=\"auto, (max-width: 1000px) 100vw, 1000px\" \/><\/a><\/figure>\n\n\n\n<figure class=\"wp-block-image size-large\"><a href=\"https:\/\/dioceseteixeiradefreitas.com.br\/wp-content\/uploads\/2022\/06\/editadas-1-69-1.jpg\"><img loading=\"lazy\" decoding=\"async\" width=\"1000\" height=\"667\" data-id=\"16796\" src=\"https:\/\/dioceseteixeiradefreitas.com.br\/wp-content\/uploads\/2022\/06\/editadas-1-69-1.jpg\" alt=\"\" class=\"wp-image-16796\" srcset=\"https:\/\/dioceseteixeiradefreitas.com.br\/wp-content\/uploads\/2022\/06\/editadas-1-69-1.jpg 1000w, https:\/\/dioceseteixeiradefreitas.com.br\/wp-content\/uploads\/2022\/06\/editadas-1-69-1-300x200.jpg 300w, https:\/\/dioceseteixeiradefreitas.com.br\/wp-content\/uploads\/2022\/06\/editadas-1-69-1-768x512.jpg 768w\" sizes=\"auto, (max-width: 1000px) 100vw, 1000px\" \/><\/a><\/figure>\n\n\n\n<figure class=\"wp-block-image size-large\"><a href=\"https:\/\/dioceseteixeiradefreitas.com.br\/wp-content\/uploads\/2022\/06\/editadas-1-74-1.jpg\"><img loading=\"lazy\" decoding=\"async\" width=\"1000\" height=\"645\" data-id=\"16801\" src=\"https:\/\/dioceseteixeiradefreitas.com.br\/wp-content\/uploads\/2022\/06\/editadas-1-74-1.jpg\" alt=\"\" class=\"wp-image-16801\" srcset=\"https:\/\/dioceseteixeiradefreitas.com.br\/wp-content\/uploads\/2022\/06\/editadas-1-74-1.jpg 1000w, https:\/\/dioceseteixeiradefreitas.com.br\/wp-content\/uploads\/2022\/06\/editadas-1-74-1-300x194.jpg 300w, https:\/\/dioceseteixeiradefreitas.com.br\/wp-content\/uploads\/2022\/06\/editadas-1-74-1-768x495.jpg 768w\" sizes=\"auto, (max-width: 1000px) 100vw, 1000px\" \/><\/a><\/figure>\n\n\n\n<figure class=\"wp-block-image size-large\"><a href=\"https:\/\/dioceseteixeiradefreitas.com.br\/wp-content\/uploads\/2022\/06\/editadas-1-75-1.jpg\"><img loading=\"lazy\" decoding=\"async\" width=\"1000\" height=\"645\" data-id=\"16802\" src=\"https:\/\/dioceseteixeiradefreitas.com.br\/wp-content\/uploads\/2022\/06\/editadas-1-75-1.jpg\" alt=\"\" class=\"wp-image-16802\" srcset=\"https:\/\/dioceseteixeiradefreitas.com.br\/wp-content\/uploads\/2022\/06\/editadas-1-75-1.jpg 1000w, https:\/\/dioceseteixeiradefreitas.com.br\/wp-content\/uploads\/2022\/06\/editadas-1-75-1-300x194.jpg 300w, https:\/\/dioceseteixeiradefreitas.com.br\/wp-content\/uploads\/2022\/06\/editadas-1-75-1-768x495.jpg 768w\" sizes=\"auto, (max-width: 1000px) 100vw, 1000px\" \/><\/a><\/figure>\n\n\n\n<figure class=\"wp-block-image size-large\"><a href=\"https:\/\/dioceseteixeiradefreitas.com.br\/wp-content\/uploads\/2022\/06\/editadas-1-76-1.jpg\"><img loading=\"lazy\" decoding=\"async\" width=\"1000\" height=\"645\" data-id=\"16803\" src=\"https:\/\/dioceseteixeiradefreitas.com.br\/wp-content\/uploads\/2022\/06\/editadas-1-76-1.jpg\" alt=\"\" class=\"wp-image-16803\" srcset=\"https:\/\/dioceseteixeiradefreitas.com.br\/wp-content\/uploads\/2022\/06\/editadas-1-76-1.jpg 1000w, https:\/\/dioceseteixeiradefreitas.com.br\/wp-content\/uploads\/2022\/06\/editadas-1-76-1-300x194.jpg 300w, https:\/\/dioceseteixeiradefreitas.com.br\/wp-content\/uploads\/2022\/06\/editadas-1-76-1-768x495.jpg 768w\" sizes=\"auto, (max-width: 1000px) 100vw, 1000px\" \/><\/a><\/figure>\n\n\n\n<figure class=\"wp-block-image size-large\"><a href=\"https:\/\/dioceseteixeiradefreitas.com.br\/wp-content\/uploads\/2022\/06\/editadas-1-77-1.jpg\"><img loading=\"lazy\" decoding=\"async\" width=\"1000\" height=\"669\" data-id=\"16804\" src=\"https:\/\/dioceseteixeiradefreitas.com.br\/wp-content\/uploads\/2022\/06\/editadas-1-77-1.jpg\" alt=\"\" class=\"wp-image-16804\" srcset=\"https:\/\/dioceseteixeiradefreitas.com.br\/wp-content\/uploads\/2022\/06\/editadas-1-77-1.jpg 1000w, https:\/\/dioceseteixeiradefreitas.com.br\/wp-content\/uploads\/2022\/06\/editadas-1-77-1-300x201.jpg 300w, https:\/\/dioceseteixeiradefreitas.com.br\/wp-content\/uploads\/2022\/06\/editadas-1-77-1-768x514.jpg 768w\" sizes=\"auto, (max-width: 1000px) 100vw, 1000px\" \/><\/a><\/figure>\n\n\n\n<figure class=\"wp-block-image size-large\"><a href=\"https:\/\/dioceseteixeiradefreitas.com.br\/wp-content\/uploads\/2022\/06\/editadas-1-78-1.jpg\"><img loading=\"lazy\" decoding=\"async\" width=\"1000\" height=\"669\" data-id=\"16805\" src=\"https:\/\/dioceseteixeiradefreitas.com.br\/wp-content\/uploads\/2022\/06\/editadas-1-78-1.jpg\" alt=\"\" class=\"wp-image-16805\" srcset=\"https:\/\/dioceseteixeiradefreitas.com.br\/wp-content\/uploads\/2022\/06\/editadas-1-78-1.jpg 1000w, https:\/\/dioceseteixeiradefreitas.com.br\/wp-content\/uploads\/2022\/06\/editadas-1-78-1-300x201.jpg 300w, https:\/\/dioceseteixeiradefreitas.com.br\/wp-content\/uploads\/2022\/06\/editadas-1-78-1-768x514.jpg 768w\" sizes=\"auto, (max-width: 1000px) 100vw, 1000px\" \/><\/a><\/figure>\n\n\n\n<figure class=\"wp-block-image size-large\"><a href=\"https:\/\/dioceseteixeiradefreitas.com.br\/wp-content\/uploads\/2022\/06\/editadas-1-83-1.jpg\"><img loading=\"lazy\" decoding=\"async\" width=\"1000\" height=\"669\" data-id=\"16810\" src=\"https:\/\/dioceseteixeiradefreitas.com.br\/wp-content\/uploads\/2022\/06\/editadas-1-83-1.jpg\" alt=\"\" class=\"wp-image-16810\" srcset=\"https:\/\/dioceseteixeiradefreitas.com.br\/wp-content\/uploads\/2022\/06\/editadas-1-83-1.jpg 1000w, https:\/\/dioceseteixeiradefreitas.com.br\/wp-content\/uploads\/2022\/06\/editadas-1-83-1-300x201.jpg 300w, https:\/\/dioceseteixeiradefreitas.com.br\/wp-content\/uploads\/2022\/06\/editadas-1-83-1-768x514.jpg 768w\" sizes=\"auto, (max-width: 1000px) 100vw, 1000px\" \/><\/a><\/figure>\n\n\n\n<figure class=\"wp-block-image size-large\"><a href=\"https:\/\/dioceseteixeiradefreitas.com.br\/wp-content\/uploads\/2022\/06\/editadas-1-82-1.jpg\"><img loading=\"lazy\" decoding=\"async\" width=\"1000\" height=\"669\" data-id=\"16809\" src=\"https:\/\/dioceseteixeiradefreitas.com.br\/wp-content\/uploads\/2022\/06\/editadas-1-82-1.jpg\" alt=\"\" class=\"wp-image-16809\" srcset=\"https:\/\/dioceseteixeiradefreitas.com.br\/wp-content\/uploads\/2022\/06\/editadas-1-82-1.jpg 1000w, https:\/\/dioceseteixeiradefreitas.com.br\/wp-content\/uploads\/2022\/06\/editadas-1-82-1-300x201.jpg 300w, https:\/\/dioceseteixeiradefreitas.com.br\/wp-content\/uploads\/2022\/06\/editadas-1-82-1-768x514.jpg 768w\" sizes=\"auto, (max-width: 1000px) 100vw, 1000px\" \/><\/a><\/figure>\n\n\n\n<figure class=\"wp-block-image size-large\"><a href=\"https:\/\/dioceseteixeiradefreitas.com.br\/wp-content\/uploads\/2022\/06\/editadas-1-81-1.jpg\"><img loading=\"lazy\" decoding=\"async\" width=\"1000\" height=\"669\" data-id=\"16808\" src=\"https:\/\/dioceseteixeiradefreitas.com.br\/wp-content\/uploads\/2022\/06\/editadas-1-81-1.jpg\" alt=\"\" class=\"wp-image-16808\" srcset=\"https:\/\/dioceseteixeiradefreitas.com.br\/wp-content\/uploads\/2022\/06\/editadas-1-81-1.jpg 1000w, https:\/\/dioceseteixeiradefreitas.com.br\/wp-content\/uploads\/2022\/06\/editadas-1-81-1-300x201.jpg 300w, https:\/\/dioceseteixeiradefreitas.com.br\/wp-content\/uploads\/2022\/06\/editadas-1-81-1-768x514.jpg 768w\" sizes=\"auto, (max-width: 1000px) 100vw, 1000px\" \/><\/a><\/figure>\n\n\n\n<figure class=\"wp-block-image size-large\"><a href=\"https:\/\/dioceseteixeiradefreitas.com.br\/wp-content\/uploads\/2022\/06\/editadas-1-80-1.jpg\"><img loading=\"lazy\" decoding=\"async\" width=\"1000\" height=\"669\" data-id=\"16807\" src=\"https:\/\/dioceseteixeiradefreitas.com.br\/wp-content\/uploads\/2022\/06\/editadas-1-80-1.jpg\" alt=\"\" class=\"wp-image-16807\" srcset=\"https:\/\/dioceseteixeiradefreitas.com.br\/wp-content\/uploads\/2022\/06\/editadas-1-80-1.jpg 1000w, https:\/\/dioceseteixeiradefreitas.com.br\/wp-content\/uploads\/2022\/06\/editadas-1-80-1-300x201.jpg 300w, https:\/\/dioceseteixeiradefreitas.com.br\/wp-content\/uploads\/2022\/06\/editadas-1-80-1-768x514.jpg 768w\" sizes=\"auto, (max-width: 1000px) 100vw, 1000px\" \/><\/a><\/figure>\n\n\n\n<figure class=\"wp-block-image size-large\"><a href=\"https:\/\/dioceseteixeiradefreitas.com.br\/wp-content\/uploads\/2022\/06\/editadas-1-79-1.jpg\"><img loading=\"lazy\" decoding=\"async\" width=\"1000\" height=\"669\" data-id=\"16806\" src=\"https:\/\/dioceseteixeiradefreitas.com.br\/wp-content\/uploads\/2022\/06\/editadas-1-79-1.jpg\" alt=\"\" class=\"wp-image-16806\" srcset=\"https:\/\/dioceseteixeiradefreitas.com.br\/wp-content\/uploads\/2022\/06\/editadas-1-79-1.jpg 1000w, https:\/\/dioceseteixeiradefreitas.com.br\/wp-content\/uploads\/2022\/06\/editadas-1-79-1-300x201.jpg 300w, https:\/\/dioceseteixeiradefreitas.com.br\/wp-content\/uploads\/2022\/06\/editadas-1-79-1-768x514.jpg 768w\" sizes=\"auto, (max-width: 1000px) 100vw, 1000px\" \/><\/a><\/figure>\n\n\n\n<figure class=\"wp-block-image size-large\"><a href=\"https:\/\/dioceseteixeiradefreitas.com.br\/wp-content\/uploads\/2022\/06\/editadas-1-84.jpg\"><img loading=\"lazy\" decoding=\"async\" width=\"1000\" height=\"669\" data-id=\"16811\" src=\"https:\/\/dioceseteixeiradefreitas.com.br\/wp-content\/uploads\/2022\/06\/editadas-1-84.jpg\" alt=\"\" class=\"wp-image-16811\" srcset=\"https:\/\/dioceseteixeiradefreitas.com.br\/wp-content\/uploads\/2022\/06\/editadas-1-84.jpg 1000w, https:\/\/dioceseteixeiradefreitas.com.br\/wp-content\/uploads\/2022\/06\/editadas-1-84-300x201.jpg 300w, https:\/\/dioceseteixeiradefreitas.com.br\/wp-content\/uploads\/2022\/06\/editadas-1-84-768x514.jpg 768w\" sizes=\"auto, (max-width: 1000px) 100vw, 1000px\" \/><\/a><\/figure>\n\n\n\n<figure class=\"wp-block-image size-large\"><a href=\"https:\/\/dioceseteixeiradefreitas.com.br\/wp-content\/uploads\/2022\/06\/editadas-1-85.jpg\"><img loading=\"lazy\" decoding=\"async\" width=\"1000\" height=\"669\" data-id=\"16812\" src=\"https:\/\/dioceseteixeiradefreitas.com.br\/wp-content\/uploads\/2022\/06\/editadas-1-85.jpg\" alt=\"\" class=\"wp-image-16812\" srcset=\"https:\/\/dioceseteixeiradefreitas.com.br\/wp-content\/uploads\/2022\/06\/editadas-1-85.jpg 1000w, https:\/\/dioceseteixeiradefreitas.com.br\/wp-content\/uploads\/2022\/06\/editadas-1-85-300x201.jpg 300w, https:\/\/dioceseteixeiradefreitas.com.br\/wp-content\/uploads\/2022\/06\/editadas-1-85-768x514.jpg 768w\" sizes=\"auto, (max-width: 1000px) 100vw, 1000px\" \/><\/a><\/figure>\n\n\n\n<figure class=\"wp-block-image size-large\"><a href=\"https:\/\/dioceseteixeiradefreitas.com.br\/wp-content\/uploads\/2022\/06\/editadas-1-86.jpg\"><img loading=\"lazy\" decoding=\"async\" width=\"1000\" height=\"669\" data-id=\"16813\" src=\"https:\/\/dioceseteixeiradefreitas.com.br\/wp-content\/uploads\/2022\/06\/editadas-1-86.jpg\" alt=\"\" class=\"wp-image-16813\" srcset=\"https:\/\/dioceseteixeiradefreitas.com.br\/wp-content\/uploads\/2022\/06\/editadas-1-86.jpg 1000w, https:\/\/dioceseteixeiradefreitas.com.br\/wp-content\/uploads\/2022\/06\/editadas-1-86-300x201.jpg 300w, https:\/\/dioceseteixeiradefreitas.com.br\/wp-content\/uploads\/2022\/06\/editadas-1-86-768x514.jpg 768w\" sizes=\"auto, (max-width: 1000px) 100vw, 1000px\" \/><\/a><\/figure>\n\n\n\n<figure class=\"wp-block-image size-large\"><a href=\"https:\/\/dioceseteixeiradefreitas.com.br\/wp-content\/uploads\/2022\/06\/editadas-1-87.jpg\"><img loading=\"lazy\" decoding=\"async\" width=\"1000\" height=\"678\" data-id=\"16814\" src=\"https:\/\/dioceseteixeiradefreitas.com.br\/wp-content\/uploads\/2022\/06\/editadas-1-87.jpg\" alt=\"\" class=\"wp-image-16814\" srcset=\"https:\/\/dioceseteixeiradefreitas.com.br\/wp-content\/uploads\/2022\/06\/editadas-1-87.jpg 1000w, https:\/\/dioceseteixeiradefreitas.com.br\/wp-content\/uploads\/2022\/06\/editadas-1-87-300x203.jpg 300w, https:\/\/dioceseteixeiradefreitas.com.br\/wp-content\/uploads\/2022\/06\/editadas-1-87-768x521.jpg 768w, https:\/\/dioceseteixeiradefreitas.com.br\/wp-content\/uploads\/2022\/06\/editadas-1-87-220x150.jpg 220w\" sizes=\"auto, (max-width: 1000px) 100vw, 1000px\" \/><\/a><\/figure>\n\n\n\n<figure class=\"wp-block-image size-large\"><a href=\"https:\/\/dioceseteixeiradefreitas.com.br\/wp-content\/uploads\/2022\/06\/editadas-1-88.jpg\"><img loading=\"lazy\" decoding=\"async\" width=\"1000\" height=\"678\" data-id=\"16815\" src=\"https:\/\/dioceseteixeiradefreitas.com.br\/wp-content\/uploads\/2022\/06\/editadas-1-88.jpg\" alt=\"\" class=\"wp-image-16815\" srcset=\"https:\/\/dioceseteixeiradefreitas.com.br\/wp-content\/uploads\/2022\/06\/editadas-1-88.jpg 1000w, https:\/\/dioceseteixeiradefreitas.com.br\/wp-content\/uploads\/2022\/06\/editadas-1-88-300x203.jpg 300w, https:\/\/dioceseteixeiradefreitas.com.br\/wp-content\/uploads\/2022\/06\/editadas-1-88-768x521.jpg 768w, https:\/\/dioceseteixeiradefreitas.com.br\/wp-content\/uploads\/2022\/06\/editadas-1-88-220x150.jpg 220w\" sizes=\"auto, (max-width: 1000px) 100vw, 1000px\" \/><\/a><\/figure>\n\n\n\n<figure class=\"wp-block-image size-large\"><a href=\"https:\/\/dioceseteixeiradefreitas.com.br\/wp-content\/uploads\/2022\/06\/editadas-1-93.jpg\"><img loading=\"lazy\" decoding=\"async\" width=\"1000\" height=\"678\" data-id=\"16820\" src=\"https:\/\/dioceseteixeiradefreitas.com.br\/wp-content\/uploads\/2022\/06\/editadas-1-93.jpg\" alt=\"\" class=\"wp-image-16820\" srcset=\"https:\/\/dioceseteixeiradefreitas.com.br\/wp-content\/uploads\/2022\/06\/editadas-1-93.jpg 1000w, https:\/\/dioceseteixeiradefreitas.com.br\/wp-content\/uploads\/2022\/06\/editadas-1-93-300x203.jpg 300w, https:\/\/dioceseteixeiradefreitas.com.br\/wp-content\/uploads\/2022\/06\/editadas-1-93-768x521.jpg 768w, https:\/\/dioceseteixeiradefreitas.com.br\/wp-content\/uploads\/2022\/06\/editadas-1-93-220x150.jpg 220w\" sizes=\"auto, (max-width: 1000px) 100vw, 1000px\" \/><\/a><\/figure>\n\n\n\n<figure class=\"wp-block-image size-large\"><a href=\"https:\/\/dioceseteixeiradefreitas.com.br\/wp-content\/uploads\/2022\/06\/editadas-1-92.jpg\"><img loading=\"lazy\" decoding=\"async\" width=\"1000\" height=\"678\" data-id=\"16819\" src=\"https:\/\/dioceseteixeiradefreitas.com.br\/wp-content\/uploads\/2022\/06\/editadas-1-92.jpg\" alt=\"\" class=\"wp-image-16819\" srcset=\"https:\/\/dioceseteixeiradefreitas.com.br\/wp-content\/uploads\/2022\/06\/editadas-1-92.jpg 1000w, https:\/\/dioceseteixeiradefreitas.com.br\/wp-content\/uploads\/2022\/06\/editadas-1-92-300x203.jpg 300w, https:\/\/dioceseteixeiradefreitas.com.br\/wp-content\/uploads\/2022\/06\/editadas-1-92-768x521.jpg 768w, https:\/\/dioceseteixeiradefreitas.com.br\/wp-content\/uploads\/2022\/06\/editadas-1-92-220x150.jpg 220w\" sizes=\"auto, (max-width: 1000px) 100vw, 1000px\" \/><\/a><\/figure>\n\n\n\n<figure class=\"wp-block-image size-large\"><a href=\"https:\/\/dioceseteixeiradefreitas.com.br\/wp-content\/uploads\/2022\/06\/editadas-1-91.jpg\"><img loading=\"lazy\" decoding=\"async\" width=\"1000\" height=\"678\" data-id=\"16818\" src=\"https:\/\/dioceseteixeiradefreitas.com.br\/wp-content\/uploads\/2022\/06\/editadas-1-91.jpg\" alt=\"\" class=\"wp-image-16818\" srcset=\"https:\/\/dioceseteixeiradefreitas.com.br\/wp-content\/uploads\/2022\/06\/editadas-1-91.jpg 1000w, https:\/\/dioceseteixeiradefreitas.com.br\/wp-content\/uploads\/2022\/06\/editadas-1-91-300x203.jpg 300w, https:\/\/dioceseteixeiradefreitas.com.br\/wp-content\/uploads\/2022\/06\/editadas-1-91-768x521.jpg 768w, https:\/\/dioceseteixeiradefreitas.com.br\/wp-content\/uploads\/2022\/06\/editadas-1-91-220x150.jpg 220w\" sizes=\"auto, (max-width: 1000px) 100vw, 1000px\" \/><\/a><\/figure>\n\n\n\n<figure class=\"wp-block-image size-large\"><a href=\"https:\/\/dioceseteixeiradefreitas.com.br\/wp-content\/uploads\/2022\/06\/editadas-1-90.jpg\"><img loading=\"lazy\" decoding=\"async\" width=\"1000\" height=\"678\" data-id=\"16817\" src=\"https:\/\/dioceseteixeiradefreitas.com.br\/wp-content\/uploads\/2022\/06\/editadas-1-90.jpg\" alt=\"\" class=\"wp-image-16817\" srcset=\"https:\/\/dioceseteixeiradefreitas.com.br\/wp-content\/uploads\/2022\/06\/editadas-1-90.jpg 1000w, https:\/\/dioceseteixeiradefreitas.com.br\/wp-content\/uploads\/2022\/06\/editadas-1-90-300x203.jpg 300w, https:\/\/dioceseteixeiradefreitas.com.br\/wp-content\/uploads\/2022\/06\/editadas-1-90-768x521.jpg 768w, https:\/\/dioceseteixeiradefreitas.com.br\/wp-content\/uploads\/2022\/06\/editadas-1-90-220x150.jpg 220w\" sizes=\"auto, (max-width: 1000px) 100vw, 1000px\" \/><\/a><\/figure>\n\n\n\n<figure class=\"wp-block-image size-large\"><a href=\"https:\/\/dioceseteixeiradefreitas.com.br\/wp-content\/uploads\/2022\/06\/editadas-1-89.jpg\"><img loading=\"lazy\" decoding=\"async\" width=\"1000\" height=\"678\" data-id=\"16816\" src=\"https:\/\/dioceseteixeiradefreitas.com.br\/wp-content\/uploads\/2022\/06\/editadas-1-89.jpg\" alt=\"\" class=\"wp-image-16816\" srcset=\"https:\/\/dioceseteixeiradefreitas.com.br\/wp-content\/uploads\/2022\/06\/editadas-1-89.jpg 1000w, https:\/\/dioceseteixeiradefreitas.com.br\/wp-content\/uploads\/2022\/06\/editadas-1-89-300x203.jpg 300w, https:\/\/dioceseteixeiradefreitas.com.br\/wp-content\/uploads\/2022\/06\/editadas-1-89-768x521.jpg 768w, https:\/\/dioceseteixeiradefreitas.com.br\/wp-content\/uploads\/2022\/06\/editadas-1-89-220x150.jpg 220w\" sizes=\"auto, (max-width: 1000px) 100vw, 1000px\" \/><\/a><\/figure>\n\n\n\n<figure class=\"wp-block-image size-large\"><a href=\"https:\/\/dioceseteixeiradefreitas.com.br\/wp-content\/uploads\/2022\/06\/editadas-1-94.jpg\"><img loading=\"lazy\" decoding=\"async\" width=\"1000\" height=\"678\" data-id=\"16821\" src=\"https:\/\/dioceseteixeiradefreitas.com.br\/wp-content\/uploads\/2022\/06\/editadas-1-94.jpg\" alt=\"\" class=\"wp-image-16821\" srcset=\"https:\/\/dioceseteixeiradefreitas.com.br\/wp-content\/uploads\/2022\/06\/editadas-1-94.jpg 1000w, https:\/\/dioceseteixeiradefreitas.com.br\/wp-content\/uploads\/2022\/06\/editadas-1-94-300x203.jpg 300w, https:\/\/dioceseteixeiradefreitas.com.br\/wp-content\/uploads\/2022\/06\/editadas-1-94-768x521.jpg 768w, https:\/\/dioceseteixeiradefreitas.com.br\/wp-content\/uploads\/2022\/06\/editadas-1-94-220x150.jpg 220w\" sizes=\"auto, (max-width: 1000px) 100vw, 1000px\" \/><\/a><\/figure>\n\n\n\n<figure class=\"wp-block-image size-large\"><a href=\"https:\/\/dioceseteixeiradefreitas.com.br\/wp-content\/uploads\/2022\/06\/editadas-1-95.jpg\"><img loading=\"lazy\" decoding=\"async\" width=\"1000\" height=\"599\" data-id=\"16822\" src=\"https:\/\/dioceseteixeiradefreitas.com.br\/wp-content\/uploads\/2022\/06\/editadas-1-95.jpg\" alt=\"\" class=\"wp-image-16822\" srcset=\"https:\/\/dioceseteixeiradefreitas.com.br\/wp-content\/uploads\/2022\/06\/editadas-1-95.jpg 1000w, https:\/\/dioceseteixeiradefreitas.com.br\/wp-content\/uploads\/2022\/06\/editadas-1-95-300x180.jpg 300w, https:\/\/dioceseteixeiradefreitas.com.br\/wp-content\/uploads\/2022\/06\/editadas-1-95-768x460.jpg 768w\" sizes=\"auto, (max-width: 1000px) 100vw, 1000px\" \/><\/a><\/figure>\n\n\n\n<figure class=\"wp-block-image size-large\"><a href=\"https:\/\/dioceseteixeiradefreitas.com.br\/wp-content\/uploads\/2022\/06\/editadas-1-96.jpg\"><img loading=\"lazy\" decoding=\"async\" width=\"1000\" height=\"719\" data-id=\"16823\" src=\"https:\/\/dioceseteixeiradefreitas.com.br\/wp-content\/uploads\/2022\/06\/editadas-1-96.jpg\" alt=\"\" class=\"wp-image-16823\" srcset=\"https:\/\/dioceseteixeiradefreitas.com.br\/wp-content\/uploads\/2022\/06\/editadas-1-96.jpg 1000w, https:\/\/dioceseteixeiradefreitas.com.br\/wp-content\/uploads\/2022\/06\/editadas-1-96-300x216.jpg 300w, https:\/\/dioceseteixeiradefreitas.com.br\/wp-content\/uploads\/2022\/06\/editadas-1-96-768x552.jpg 768w\" sizes=\"auto, (max-width: 1000px) 100vw, 1000px\" \/><\/a><\/figure>\n\n\n\n<figure class=\"wp-block-image size-large\"><a href=\"https:\/\/dioceseteixeiradefreitas.com.br\/wp-content\/uploads\/2022\/06\/editadas-1-97.jpg\"><img loading=\"lazy\" decoding=\"async\" width=\"1000\" height=\"719\" data-id=\"16824\" src=\"https:\/\/dioceseteixeiradefreitas.com.br\/wp-content\/uploads\/2022\/06\/editadas-1-97.jpg\" alt=\"\" class=\"wp-image-16824\" srcset=\"https:\/\/dioceseteixeiradefreitas.com.br\/wp-content\/uploads\/2022\/06\/editadas-1-97.jpg 1000w, https:\/\/dioceseteixeiradefreitas.com.br\/wp-content\/uploads\/2022\/06\/editadas-1-97-300x216.jpg 300w, https:\/\/dioceseteixeiradefreitas.com.br\/wp-content\/uploads\/2022\/06\/editadas-1-97-768x552.jpg 768w\" sizes=\"auto, (max-width: 1000px) 100vw, 1000px\" \/><\/a><\/figure>\n\n\n\n<figure class=\"wp-block-image size-large\"><a href=\"https:\/\/dioceseteixeiradefreitas.com.br\/wp-content\/uploads\/2022\/06\/editadas-1-98.jpg\"><img loading=\"lazy\" decoding=\"async\" width=\"1000\" height=\"719\" data-id=\"16825\" src=\"https:\/\/dioceseteixeiradefreitas.com.br\/wp-content\/uploads\/2022\/06\/editadas-1-98.jpg\" alt=\"\" class=\"wp-image-16825\" srcset=\"https:\/\/dioceseteixeiradefreitas.com.br\/wp-content\/uploads\/2022\/06\/editadas-1-98.jpg 1000w, https:\/\/dioceseteixeiradefreitas.com.br\/wp-content\/uploads\/2022\/06\/editadas-1-98-300x216.jpg 300w, https:\/\/dioceseteixeiradefreitas.com.br\/wp-content\/uploads\/2022\/06\/editadas-1-98-768x552.jpg 768w\" sizes=\"auto, (max-width: 1000px) 100vw, 1000px\" \/><\/a><\/figure>\n\n\n\n<figure class=\"wp-block-image size-large\"><a href=\"https:\/\/dioceseteixeiradefreitas.com.br\/wp-content\/uploads\/2022\/06\/editadas-1-103.jpg\"><img loading=\"lazy\" decoding=\"async\" width=\"1000\" height=\"614\" data-id=\"16830\" src=\"https:\/\/dioceseteixeiradefreitas.com.br\/wp-content\/uploads\/2022\/06\/editadas-1-103.jpg\" alt=\"\" class=\"wp-image-16830\" srcset=\"https:\/\/dioceseteixeiradefreitas.com.br\/wp-content\/uploads\/2022\/06\/editadas-1-103.jpg 1000w, https:\/\/dioceseteixeiradefreitas.com.br\/wp-content\/uploads\/2022\/06\/editadas-1-103-300x184.jpg 300w, https:\/\/dioceseteixeiradefreitas.com.br\/wp-content\/uploads\/2022\/06\/editadas-1-103-768x472.jpg 768w\" sizes=\"auto, (max-width: 1000px) 100vw, 1000px\" \/><\/a><\/figure>\n\n\n\n<figure class=\"wp-block-image size-large\"><a href=\"https:\/\/dioceseteixeiradefreitas.com.br\/wp-content\/uploads\/2022\/06\/editadas-1-102.jpg\"><img loading=\"lazy\" decoding=\"async\" width=\"1000\" height=\"614\" data-id=\"16829\" src=\"https:\/\/dioceseteixeiradefreitas.com.br\/wp-content\/uploads\/2022\/06\/editadas-1-102.jpg\" alt=\"\" class=\"wp-image-16829\" srcset=\"https:\/\/dioceseteixeiradefreitas.com.br\/wp-content\/uploads\/2022\/06\/editadas-1-102.jpg 1000w, https:\/\/dioceseteixeiradefreitas.com.br\/wp-content\/uploads\/2022\/06\/editadas-1-102-300x184.jpg 300w, https:\/\/dioceseteixeiradefreitas.com.br\/wp-content\/uploads\/2022\/06\/editadas-1-102-768x472.jpg 768w\" sizes=\"auto, (max-width: 1000px) 100vw, 1000px\" \/><\/a><\/figure>\n\n\n\n<figure class=\"wp-block-image size-large\"><a href=\"https:\/\/dioceseteixeiradefreitas.com.br\/wp-content\/uploads\/2022\/06\/editadas-1-101.jpg\"><img loading=\"lazy\" decoding=\"async\" width=\"1000\" height=\"614\" data-id=\"16828\" src=\"https:\/\/dioceseteixeiradefreitas.com.br\/wp-content\/uploads\/2022\/06\/editadas-1-101.jpg\" alt=\"\" class=\"wp-image-16828\" srcset=\"https:\/\/dioceseteixeiradefreitas.com.br\/wp-content\/uploads\/2022\/06\/editadas-1-101.jpg 1000w, https:\/\/dioceseteixeiradefreitas.com.br\/wp-content\/uploads\/2022\/06\/editadas-1-101-300x184.jpg 300w, https:\/\/dioceseteixeiradefreitas.com.br\/wp-content\/uploads\/2022\/06\/editadas-1-101-768x472.jpg 768w\" sizes=\"auto, (max-width: 1000px) 100vw, 1000px\" \/><\/a><\/figure>\n\n\n\n<figure class=\"wp-block-image size-large\"><a href=\"https:\/\/dioceseteixeiradefreitas.com.br\/wp-content\/uploads\/2022\/06\/editadas-1-100.jpg\"><img loading=\"lazy\" decoding=\"async\" width=\"1000\" height=\"614\" data-id=\"16827\" src=\"https:\/\/dioceseteixeiradefreitas.com.br\/wp-content\/uploads\/2022\/06\/editadas-1-100.jpg\" alt=\"\" class=\"wp-image-16827\" srcset=\"https:\/\/dioceseteixeiradefreitas.com.br\/wp-content\/uploads\/2022\/06\/editadas-1-100.jpg 1000w, https:\/\/dioceseteixeiradefreitas.com.br\/wp-content\/uploads\/2022\/06\/editadas-1-100-300x184.jpg 300w, https:\/\/dioceseteixeiradefreitas.com.br\/wp-content\/uploads\/2022\/06\/editadas-1-100-768x472.jpg 768w\" sizes=\"auto, (max-width: 1000px) 100vw, 1000px\" \/><\/a><\/figure>\n\n\n\n<figure class=\"wp-block-image size-large\"><a href=\"https:\/\/dioceseteixeiradefreitas.com.br\/wp-content\/uploads\/2022\/06\/editadas-1-99.jpg\"><img loading=\"lazy\" decoding=\"async\" width=\"1000\" height=\"719\" data-id=\"16826\" src=\"https:\/\/dioceseteixeiradefreitas.com.br\/wp-content\/uploads\/2022\/06\/editadas-1-99.jpg\" alt=\"\" class=\"wp-image-16826\" srcset=\"https:\/\/dioceseteixeiradefreitas.com.br\/wp-content\/uploads\/2022\/06\/editadas-1-99.jpg 1000w, https:\/\/dioceseteixeiradefreitas.com.br\/wp-content\/uploads\/2022\/06\/editadas-1-99-300x216.jpg 300w, https:\/\/dioceseteixeiradefreitas.com.br\/wp-content\/uploads\/2022\/06\/editadas-1-99-768x552.jpg 768w\" sizes=\"auto, (max-width: 1000px) 100vw, 1000px\" \/><\/a><\/figure>\n\n\n\n<figure class=\"wp-block-image size-large\"><a href=\"https:\/\/dioceseteixeiradefreitas.com.br\/wp-content\/uploads\/2022\/06\/editadas-1-104.jpg\"><img loading=\"lazy\" decoding=\"async\" width=\"1000\" height=\"614\" data-id=\"16831\" src=\"https:\/\/dioceseteixeiradefreitas.com.br\/wp-content\/uploads\/2022\/06\/editadas-1-104.jpg\" alt=\"\" class=\"wp-image-16831\" srcset=\"https:\/\/dioceseteixeiradefreitas.com.br\/wp-content\/uploads\/2022\/06\/editadas-1-104.jpg 1000w, https:\/\/dioceseteixeiradefreitas.com.br\/wp-content\/uploads\/2022\/06\/editadas-1-104-300x184.jpg 300w, https:\/\/dioceseteixeiradefreitas.com.br\/wp-content\/uploads\/2022\/06\/editadas-1-104-768x472.jpg 768w\" sizes=\"auto, (max-width: 1000px) 100vw, 1000px\" \/><\/a><\/figure>\n\n\n\n<figure class=\"wp-block-image size-large\"><a href=\"https:\/\/dioceseteixeiradefreitas.com.br\/wp-content\/uploads\/2022\/06\/editadas-1-105.jpg\"><img loading=\"lazy\" decoding=\"async\" width=\"1000\" height=\"664\" data-id=\"16832\" src=\"https:\/\/dioceseteixeiradefreitas.com.br\/wp-content\/uploads\/2022\/06\/editadas-1-105.jpg\" alt=\"\" class=\"wp-image-16832\" srcset=\"https:\/\/dioceseteixeiradefreitas.com.br\/wp-content\/uploads\/2022\/06\/editadas-1-105.jpg 1000w, https:\/\/dioceseteixeiradefreitas.com.br\/wp-content\/uploads\/2022\/06\/editadas-1-105-300x199.jpg 300w, https:\/\/dioceseteixeiradefreitas.com.br\/wp-content\/uploads\/2022\/06\/editadas-1-105-768x510.jpg 768w\" sizes=\"auto, (max-width: 1000px) 100vw, 1000px\" \/><\/a><\/figure>\n\n\n\n<figure class=\"wp-block-image size-large\"><a href=\"https:\/\/dioceseteixeiradefreitas.com.br\/wp-content\/uploads\/2022\/06\/editadas-1-106.jpg\"><img loading=\"lazy\" decoding=\"async\" width=\"1000\" height=\"664\" data-id=\"16833\" src=\"https:\/\/dioceseteixeiradefreitas.com.br\/wp-content\/uploads\/2022\/06\/editadas-1-106.jpg\" alt=\"\" class=\"wp-image-16833\" srcset=\"https:\/\/dioceseteixeiradefreitas.com.br\/wp-content\/uploads\/2022\/06\/editadas-1-106.jpg 1000w, https:\/\/dioceseteixeiradefreitas.com.br\/wp-content\/uploads\/2022\/06\/editadas-1-106-300x199.jpg 300w, https:\/\/dioceseteixeiradefreitas.com.br\/wp-content\/uploads\/2022\/06\/editadas-1-106-768x510.jpg 768w\" sizes=\"auto, (max-width: 1000px) 100vw, 1000px\" \/><\/a><\/figure>\n\n\n\n<figure class=\"wp-block-image size-large\"><a href=\"https:\/\/dioceseteixeiradefreitas.com.br\/wp-content\/uploads\/2022\/06\/editadas-1-107.jpg\"><img loading=\"lazy\" decoding=\"async\" width=\"1000\" height=\"664\" data-id=\"16834\" src=\"https:\/\/dioceseteixeiradefreitas.com.br\/wp-content\/uploads\/2022\/06\/editadas-1-107.jpg\" alt=\"\" class=\"wp-image-16834\" srcset=\"https:\/\/dioceseteixeiradefreitas.com.br\/wp-content\/uploads\/2022\/06\/editadas-1-107.jpg 1000w, https:\/\/dioceseteixeiradefreitas.com.br\/wp-content\/uploads\/2022\/06\/editadas-1-107-300x199.jpg 300w, https:\/\/dioceseteixeiradefreitas.com.br\/wp-content\/uploads\/2022\/06\/editadas-1-107-768x510.jpg 768w\" sizes=\"auto, (max-width: 1000px) 100vw, 1000px\" \/><\/a><\/figure>\n\n\n\n<figure class=\"wp-block-image size-large\"><a href=\"https:\/\/dioceseteixeiradefreitas.com.br\/wp-content\/uploads\/2022\/06\/editadas-1-108.jpg\"><img loading=\"lazy\" decoding=\"async\" width=\"1000\" height=\"664\" data-id=\"16835\" src=\"https:\/\/dioceseteixeiradefreitas.com.br\/wp-content\/uploads\/2022\/06\/editadas-1-108.jpg\" alt=\"\" class=\"wp-image-16835\" srcset=\"https:\/\/dioceseteixeiradefreitas.com.br\/wp-content\/uploads\/2022\/06\/editadas-1-108.jpg 1000w, https:\/\/dioceseteixeiradefreitas.com.br\/wp-content\/uploads\/2022\/06\/editadas-1-108-300x199.jpg 300w, https:\/\/dioceseteixeiradefreitas.com.br\/wp-content\/uploads\/2022\/06\/editadas-1-108-768x510.jpg 768w\" sizes=\"auto, (max-width: 1000px) 100vw, 1000px\" \/><\/a><\/figure>\n\n\n\n<figure class=\"wp-block-image size-large\"><a href=\"https:\/\/dioceseteixeiradefreitas.com.br\/wp-content\/uploads\/2022\/06\/editadas-1-113.jpg\"><img loading=\"lazy\" decoding=\"async\" width=\"1000\" height=\"521\" data-id=\"16840\" src=\"https:\/\/dioceseteixeiradefreitas.com.br\/wp-content\/uploads\/2022\/06\/editadas-1-113.jpg\" alt=\"\" class=\"wp-image-16840\" srcset=\"https:\/\/dioceseteixeiradefreitas.com.br\/wp-content\/uploads\/2022\/06\/editadas-1-113.jpg 1000w, https:\/\/dioceseteixeiradefreitas.com.br\/wp-content\/uploads\/2022\/06\/editadas-1-113-300x156.jpg 300w, https:\/\/dioceseteixeiradefreitas.com.br\/wp-content\/uploads\/2022\/06\/editadas-1-113-768x400.jpg 768w\" sizes=\"auto, (max-width: 1000px) 100vw, 1000px\" \/><\/a><\/figure>\n\n\n\n<figure class=\"wp-block-image size-large\"><a href=\"https:\/\/dioceseteixeiradefreitas.com.br\/wp-content\/uploads\/2022\/06\/editadas-1-112.jpg\"><img loading=\"lazy\" decoding=\"async\" width=\"1000\" height=\"657\" data-id=\"16839\" src=\"https:\/\/dioceseteixeiradefreitas.com.br\/wp-content\/uploads\/2022\/06\/editadas-1-112.jpg\" alt=\"\" class=\"wp-image-16839\" srcset=\"https:\/\/dioceseteixeiradefreitas.com.br\/wp-content\/uploads\/2022\/06\/editadas-1-112.jpg 1000w, https:\/\/dioceseteixeiradefreitas.com.br\/wp-content\/uploads\/2022\/06\/editadas-1-112-300x197.jpg 300w, https:\/\/dioceseteixeiradefreitas.com.br\/wp-content\/uploads\/2022\/06\/editadas-1-112-768x505.jpg 768w\" sizes=\"auto, (max-width: 1000px) 100vw, 1000px\" \/><\/a><\/figure>\n\n\n\n<figure class=\"wp-block-image size-large\"><a href=\"https:\/\/dioceseteixeiradefreitas.com.br\/wp-content\/uploads\/2022\/06\/editadas-1-111.jpg\"><img loading=\"lazy\" decoding=\"async\" width=\"1000\" height=\"664\" data-id=\"16838\" src=\"https:\/\/dioceseteixeiradefreitas.com.br\/wp-content\/uploads\/2022\/06\/editadas-1-111.jpg\" alt=\"\" class=\"wp-image-16838\" srcset=\"https:\/\/dioceseteixeiradefreitas.com.br\/wp-content\/uploads\/2022\/06\/editadas-1-111.jpg 1000w, https:\/\/dioceseteixeiradefreitas.com.br\/wp-content\/uploads\/2022\/06\/editadas-1-111-300x199.jpg 300w, https:\/\/dioceseteixeiradefreitas.com.br\/wp-content\/uploads\/2022\/06\/editadas-1-111-768x510.jpg 768w\" sizes=\"auto, (max-width: 1000px) 100vw, 1000px\" \/><\/a><\/figure>\n\n\n\n<figure class=\"wp-block-image size-large\"><a href=\"https:\/\/dioceseteixeiradefreitas.com.br\/wp-content\/uploads\/2022\/06\/editadas-1-110.jpg\"><img loading=\"lazy\" decoding=\"async\" width=\"1000\" height=\"664\" data-id=\"16837\" src=\"https:\/\/dioceseteixeiradefreitas.com.br\/wp-content\/uploads\/2022\/06\/editadas-1-110.jpg\" alt=\"\" class=\"wp-image-16837\" srcset=\"https:\/\/dioceseteixeiradefreitas.com.br\/wp-content\/uploads\/2022\/06\/editadas-1-110.jpg 1000w, https:\/\/dioceseteixeiradefreitas.com.br\/wp-content\/uploads\/2022\/06\/editadas-1-110-300x199.jpg 300w, https:\/\/dioceseteixeiradefreitas.com.br\/wp-content\/uploads\/2022\/06\/editadas-1-110-768x510.jpg 768w\" sizes=\"auto, (max-width: 1000px) 100vw, 1000px\" \/><\/a><\/figure>\n\n\n\n<figure class=\"wp-block-image size-large\"><a href=\"https:\/\/dioceseteixeiradefreitas.com.br\/wp-content\/uploads\/2022\/06\/editadas-1-109.jpg\"><img loading=\"lazy\" decoding=\"async\" width=\"1000\" height=\"664\" data-id=\"16836\" src=\"https:\/\/dioceseteixeiradefreitas.com.br\/wp-content\/uploads\/2022\/06\/editadas-1-109.jpg\" alt=\"\" class=\"wp-image-16836\" srcset=\"https:\/\/dioceseteixeiradefreitas.com.br\/wp-content\/uploads\/2022\/06\/editadas-1-109.jpg 1000w, https:\/\/dioceseteixeiradefreitas.com.br\/wp-content\/uploads\/2022\/06\/editadas-1-109-300x199.jpg 300w, https:\/\/dioceseteixeiradefreitas.com.br\/wp-content\/uploads\/2022\/06\/editadas-1-109-768x510.jpg 768w\" sizes=\"auto, (max-width: 1000px) 100vw, 1000px\" \/><\/a><\/figure>\n\n\n\n<figure class=\"wp-block-image size-large\"><a href=\"https:\/\/dioceseteixeiradefreitas.com.br\/wp-content\/uploads\/2022\/06\/editadas-1-114.jpg\"><img loading=\"lazy\" decoding=\"async\" width=\"1000\" height=\"601\" data-id=\"16841\" src=\"https:\/\/dioceseteixeiradefreitas.com.br\/wp-content\/uploads\/2022\/06\/editadas-1-114.jpg\" alt=\"\" class=\"wp-image-16841\" srcset=\"https:\/\/dioceseteixeiradefreitas.com.br\/wp-content\/uploads\/2022\/06\/editadas-1-114.jpg 1000w, https:\/\/dioceseteixeiradefreitas.com.br\/wp-content\/uploads\/2022\/06\/editadas-1-114-300x180.jpg 300w, https:\/\/dioceseteixeiradefreitas.com.br\/wp-content\/uploads\/2022\/06\/editadas-1-114-768x462.jpg 768w, https:\/\/dioceseteixeiradefreitas.com.br\/wp-content\/uploads\/2022\/06\/editadas-1-114-780x470.jpg 780w\" sizes=\"auto, (max-width: 1000px) 100vw, 1000px\" \/><\/a><\/figure>\n\n\n\n<figure class=\"wp-block-image size-large\"><a href=\"https:\/\/dioceseteixeiradefreitas.com.br\/wp-content\/uploads\/2022\/06\/editadas-1-115.jpg\"><img loading=\"lazy\" decoding=\"async\" width=\"1000\" height=\"535\" data-id=\"16842\" src=\"https:\/\/dioceseteixeiradefreitas.com.br\/wp-content\/uploads\/2022\/06\/editadas-1-115.jpg\" alt=\"\" class=\"wp-image-16842\" srcset=\"https:\/\/dioceseteixeiradefreitas.com.br\/wp-content\/uploads\/2022\/06\/editadas-1-115.jpg 1000w, https:\/\/dioceseteixeiradefreitas.com.br\/wp-content\/uploads\/2022\/06\/editadas-1-115-300x161.jpg 300w, https:\/\/dioceseteixeiradefreitas.com.br\/wp-content\/uploads\/2022\/06\/editadas-1-115-768x411.jpg 768w\" sizes=\"auto, (max-width: 1000px) 100vw, 1000px\" \/><\/a><\/figure>\n\n\n\n<figure class=\"wp-block-image size-large\"><a href=\"https:\/\/dioceseteixeiradefreitas.com.br\/wp-content\/uploads\/2022\/06\/editadas-1-124.jpg\"><img loading=\"lazy\" decoding=\"async\" width=\"1000\" height=\"450\" data-id=\"16853\" src=\"https:\/\/dioceseteixeiradefreitas.com.br\/wp-content\/uploads\/2022\/06\/editadas-1-124.jpg\" alt=\"\" class=\"wp-image-16853\" srcset=\"https:\/\/dioceseteixeiradefreitas.com.br\/wp-content\/uploads\/2022\/06\/editadas-1-124.jpg 1000w, https:\/\/dioceseteixeiradefreitas.com.br\/wp-content\/uploads\/2022\/06\/editadas-1-124-300x135.jpg 300w, https:\/\/dioceseteixeiradefreitas.com.br\/wp-content\/uploads\/2022\/06\/editadas-1-124-768x346.jpg 768w\" sizes=\"auto, (max-width: 1000px) 100vw, 1000px\" \/><\/a><\/figure>\n<\/figure>\n\n\n\n<p>S\u00e3o Pedro e S\u00e3o Paulo, rogai por n\u00f3s.<\/p>\n\n\n\n<p>Mat\u00e9ria: Sara Lima.<\/p>\n\n\n\n<p>Fotos Prociss\u00e3o: Jorge Rafael, Jorge Fernandes e Dyego Saron.<\/p>\n\n\n\n<p>Fotos Missa : Maine, Jo\u00e3o Gomes e Jorge Fernandes.<\/p>\n\n\n\n<p>Entrevista: Gabrielle.<\/p>\n\n\n\n<p>Edi\u00e7\u00e3o de fotos e v\u00eddeos: Hanna Lima.<\/p>\n\n\n\n<p>V\u00eddeos: Hanna Lima<\/p>\n\n\n\n<p>Locu\u00e7\u00e3o: Sammy Chagas<\/p>\n\n\n\n<p><\/p>\n\n\n\n<p><\/p>\n","protected":false},"excerpt":{"rendered":"<p>Com grande j\u00fabilo, fi\u00e9is de toda a Diocese reuniram-se nesta quarta-feira, 29 de Junho de 2022, para celebrar a Solenidade de S\u00e3o Pedro e S\u00e3o Paulo. Na cidade de Teixeira de Freitas &#8211; BA, que tem S\u00e3o Pedro como padroeiro, esta data \u00e9 marcada por ser feriado municipal, e \u00e9 celebrada com muita alegria. A &hellip;<\/p>\n","protected":false},"author":24,"featured_media":16783,"comment_status":"closed","ping_status":"closed","sticky":false,"template":"","format":"standard","meta":{"footnotes":""},"categories":[100],"tags":[983,1082,1080,1079],"class_list":["post-16725","post","type-post","status-publish","format-standard","has-post-thumbnail","hentry","category-noticias-diocesanas","tag-anojubilar","tag-dioceseteixeiradefreitas","tag-festadesaopedro","tag-saopedro"],"_links":{"self":[{"href":"https:\/\/dioceseteixeiradefreitas.com.br\/index.php?rest_route=\/wp\/v2\/posts\/16725","targetHints":{"allow":["GET"]}}],"collection":[{"href":"https:\/\/dioceseteixeiradefreitas.com.br\/index.php?rest_route=\/wp\/v2\/posts"}],"about":[{"href":"https:\/\/dioceseteixeiradefreitas.com.br\/index.php?rest_route=\/wp\/v2\/types\/post"}],"author":[{"embeddable":true,"href":"https:\/\/dioceseteixeiradefreitas.com.br\/index.php?rest_route=\/wp\/v2\/users\/24"}],"replies":[{"embeddable":true,"href":"https:\/\/dioceseteixeiradefreitas.com.br\/index.php?rest_route=%2Fwp%2Fv2%2Fcomments&post=16725"}],"version-history":[{"count":9,"href":"https:\/\/dioceseteixeiradefreitas.com.br\/index.php?rest_route=\/wp\/v2\/posts\/16725\/revisions"}],"predecessor-version":[{"id":17018,"href":"https:\/\/dioceseteixeiradefreitas.com.br\/index.php?rest_route=\/wp\/v2\/posts\/16725\/revisions\/17018"}],"wp:featuredmedia":[{"embeddable":true,"href":"https:\/\/dioceseteixeiradefreitas.com.br\/index.php?rest_route=\/wp\/v2\/media\/16783"}],"wp:attachment":[{"href":"https:\/\/dioceseteixeiradefreitas.com.br\/index.php?rest_route=%2Fwp%2Fv2%2Fmedia&parent=16725"}],"wp:term":[{"taxonomy":"category","embeddable":true,"href":"https:\/\/dioceseteixeiradefreitas.com.br\/index.php?rest_route=%2Fwp%2Fv2%2Fcategories&post=16725"},{"taxonomy":"post_tag","embeddable":true,"href":"https:\/\/dioceseteixeiradefreitas.com.br\/index.php?rest_route=%2Fwp%2Fv2%2Ftags&post=16725"}],"curies":[{"name":"wp","href":"https:\/\/api.w.org\/{rel}","templated":true}]}}