{"id":17008,"date":"2022-07-06T22:00:41","date_gmt":"2022-07-07T01:00:41","guid":{"rendered":"https:\/\/dioceseteixeiradefreitas.com.br\/?p=17008"},"modified":"2022-07-07T09:17:51","modified_gmt":"2022-07-07T12:17:51","slug":"17008","status":"publish","type":"post","link":"https:\/\/dioceseteixeiradefreitas.com.br\/?p=17008","title":{"rendered":"Convite: Ordena\u00e7\u00e3o Diaconal dos Seminaristas Manoel Neto, Mathaus Sales, S\u00e1vio Fiorot e Vitor Aguilar"},"content":{"rendered":"\n<p>Neste ano de 2022, quando a Diocese de Teixeira de Freitas &#8211; Caravelas\/BA completa 60 anos de hist\u00f3ria, presen\u00e7a e evangeliza\u00e7\u00e3o no Extremo Sul da Bahia, a nossa igreja diocesana ganhar\u00e1 4 neo-di\u00e1conos. A Ordena\u00e7\u00e3o Diaconal dos seminaristas Manoel Neto, Mathaus Sales, S\u00e1vio Fiorot e Vitor Aguilar ser\u00e1 no dia 13 de Agosto de 2022, \u00e0s 18h, na Catedral Diocesana, situada em Teixeira de Freitas &#8211; BA. O lema escolhido pelos seminaristas \u00e9 &#8220;V\u00f3s sereis meus amigos se fizerdes o que Eu vos mando, diz o Senhor.&#8221; (Jo 5, 14).<\/p>\n\n\n\n<p>Pe\u00e7amos ao nosso bom Deus que continue enviando oper\u00e1rios para a Messe.<\/p>\n\n\n\n<p>Participe e traga a sua fam\u00edlia!<\/p>\n\n\n\n<figure class=\"wp-block-image size-large\"><a href=\"https:\/\/dioceseteixeiradefreitas.com.br\/wp-content\/uploads\/2022\/07\/card_ordenacao_diaconal.jpeg\"><img loading=\"lazy\" decoding=\"async\" width=\"1024\" height=\"1024\" src=\"https:\/\/dioceseteixeiradefreitas.com.br\/wp-content\/uploads\/2022\/07\/card_ordenacao_diaconal-1024x1024.jpeg\" alt=\"\" class=\"wp-image-17009\" srcset=\"https:\/\/dioceseteixeiradefreitas.com.br\/wp-content\/uploads\/2022\/07\/card_ordenacao_diaconal-1024x1024.jpeg 1024w, https:\/\/dioceseteixeiradefreitas.com.br\/wp-content\/uploads\/2022\/07\/card_ordenacao_diaconal-300x300.jpeg 300w, https:\/\/dioceseteixeiradefreitas.com.br\/wp-content\/uploads\/2022\/07\/card_ordenacao_diaconal-150x150.jpeg 150w, https:\/\/dioceseteixeiradefreitas.com.br\/wp-content\/uploads\/2022\/07\/card_ordenacao_diaconal-768x768.jpeg 768w, https:\/\/dioceseteixeiradefreitas.com.br\/wp-content\/uploads\/2022\/07\/card_ordenacao_diaconal.jpeg 1080w\" sizes=\"auto, (max-width: 1024px) 100vw, 1024px\" \/><\/a><\/figure>\n\n\n\n<p><\/p>\n\n\n\n<p>Mat\u00e9ria: Sara Lima.<\/p>\n\n\n\n<p>Card: Seminaristas.<\/p>\n","protected":false},"excerpt":{"rendered":"<p>Neste ano de 2022, quando a Diocese de Teixeira de Freitas &#8211; Caravelas\/BA completa 60 anos de hist\u00f3ria, presen\u00e7a e evangeliza\u00e7\u00e3o no Extremo Sul da Bahia, a nossa igreja diocesana ganhar\u00e1 4 neo-di\u00e1conos. A Ordena\u00e7\u00e3o Diaconal dos seminaristas Manoel Neto, Mathaus Sales, S\u00e1vio Fiorot e Vitor Aguilar ser\u00e1 no dia 13 de Agosto de 2022, &hellip;<\/p>\n","protected":false},"author":24,"featured_media":17009,"comment_status":"closed","ping_status":"closed","sticky":false,"template":"","format":"standard","meta":{"footnotes":""},"categories":[100],"tags":[983,1081,984,1084],"class_list":["post-17008","post","type-post","status-publish","format-standard","has-post-thumbnail","hentry","category-noticias-diocesanas","tag-anojubilar","tag-dioceseteixeiradefreitascaravelas","tag-jubileudediamante","tag-ordenacaodiaconal"],"_links":{"self":[{"href":"https:\/\/dioceseteixeiradefreitas.com.br\/index.php?rest_route=\/wp\/v2\/posts\/17008","targetHints":{"allow":["GET"]}}],"collection":[{"href":"https:\/\/dioceseteixeiradefreitas.com.br\/index.php?rest_route=\/wp\/v2\/posts"}],"about":[{"href":"https:\/\/dioceseteixeiradefreitas.com.br\/index.php?rest_route=\/wp\/v2\/types\/post"}],"author":[{"embeddable":true,"href":"https:\/\/dioceseteixeiradefreitas.com.br\/index.php?rest_route=\/wp\/v2\/users\/24"}],"replies":[{"embeddable":true,"href":"https:\/\/dioceseteixeiradefreitas.com.br\/index.php?rest_route=%2Fwp%2Fv2%2Fcomments&post=17008"}],"version-history":[{"count":5,"href":"https:\/\/dioceseteixeiradefreitas.com.br\/index.php?rest_route=\/wp\/v2\/posts\/17008\/revisions"}],"predecessor-version":[{"id":17014,"href":"https:\/\/dioceseteixeiradefreitas.com.br\/index.php?rest_route=\/wp\/v2\/posts\/17008\/revisions\/17014"}],"wp:featuredmedia":[{"embeddable":true,"href":"https:\/\/dioceseteixeiradefreitas.com.br\/index.php?rest_route=\/wp\/v2\/media\/17009"}],"wp:attachment":[{"href":"https:\/\/dioceseteixeiradefreitas.com.br\/index.php?rest_route=%2Fwp%2Fv2%2Fmedia&parent=17008"}],"wp:term":[{"taxonomy":"category","embeddable":true,"href":"https:\/\/dioceseteixeiradefreitas.com.br\/index.php?rest_route=%2Fwp%2Fv2%2Fcategories&post=17008"},{"taxonomy":"post_tag","embeddable":true,"href":"https:\/\/dioceseteixeiradefreitas.com.br\/index.php?rest_route=%2Fwp%2Fv2%2Ftags&post=17008"}],"curies":[{"name":"wp","href":"https:\/\/api.w.org\/{rel}","templated":true}]}}