{"id":17026,"date":"2022-07-14T19:58:21","date_gmt":"2022-07-14T22:58:21","guid":{"rendered":"https:\/\/dioceseteixeiradefreitas.com.br\/?p=17026"},"modified":"2022-07-16T00:07:23","modified_gmt":"2022-07-16T03:07:23","slug":"convite-diocese-teixeira-de-freitas-caravelas-ba-convida-comunidade-para-participar-da-missa-solene","status":"publish","type":"post","link":"https:\/\/dioceseteixeiradefreitas.com.br\/?p=17026","title":{"rendered":"Convite: Celebra\u00e7\u00e3o do Jubileu dos 60 Anos da Diocese de Teixeira de Freitas &#8211; Caravelas \/ BA"},"content":{"rendered":"\n<p>A Diocese de Teixeira de Freitas &#8211; Caravelas completa convida voc\u00ea e sua fam\u00edlia para celebrarmos juntos o Jubileu de Diamante da nossa diocese. A Celebra\u00e7\u00e3o Eucar\u00edstica ser\u00e1 no dia 23 de Julho de 2022, na Catedral Diocesana S\u00e3o Pedro na cidade de Teixeira de Freitas, \u00e0s 18:00, com a presen\u00e7a do Cardeal Dom S\u00e9rgio da Rocha, Arcebispo da Arquidiocese de S\u00e3o Salvador e Primaz do Brasil. <\/p>\n\n\n\n<p>Esperamos por voc\u00ea!<\/p>\n\n\n\n<figure class=\"wp-block-image size-large\"><a href=\"https:\/\/dioceseteixeiradefreitas.com.br\/wp-content\/uploads\/2022\/07\/A3666D76-52A5-486D-9DC3-155E1D1654B6.png\"><img loading=\"lazy\" decoding=\"async\" width=\"1024\" height=\"1024\" src=\"https:\/\/dioceseteixeiradefreitas.com.br\/wp-content\/uploads\/2022\/07\/A3666D76-52A5-486D-9DC3-155E1D1654B6-1024x1024.png\" alt=\"\" class=\"wp-image-17039\" srcset=\"https:\/\/dioceseteixeiradefreitas.com.br\/wp-content\/uploads\/2022\/07\/A3666D76-52A5-486D-9DC3-155E1D1654B6-1024x1024.png 1024w, https:\/\/dioceseteixeiradefreitas.com.br\/wp-content\/uploads\/2022\/07\/A3666D76-52A5-486D-9DC3-155E1D1654B6-300x300.png 300w, https:\/\/dioceseteixeiradefreitas.com.br\/wp-content\/uploads\/2022\/07\/A3666D76-52A5-486D-9DC3-155E1D1654B6-150x150.png 150w, https:\/\/dioceseteixeiradefreitas.com.br\/wp-content\/uploads\/2022\/07\/A3666D76-52A5-486D-9DC3-155E1D1654B6-768x768.png 768w, https:\/\/dioceseteixeiradefreitas.com.br\/wp-content\/uploads\/2022\/07\/A3666D76-52A5-486D-9DC3-155E1D1654B6.png 1080w\" sizes=\"auto, (max-width: 1024px) 100vw, 1024px\" \/><\/a><\/figure>\n\n\n\n<p><\/p>\n\n\n\n<p>Confira o convite feito pelo Excelent\u00edssimo Reverend\u00edssimo Dom Jailton de Oliveira Lino, psdp, bispo diocesano:<\/p>\n\n\n\n<iframe loading=\"lazy\" width=\"560\" height=\"315\" src=\"https:\/\/www.youtube.com\/embed\/G1I25-EiGxU\" title=\"YouTube video player\" frameborder=\"0\" allow=\"accelerometer; autoplay; clipboard-write; encrypted-media; gyroscope; picture-in-picture\" allowfullscreen=\"\"><\/iframe>\n\n\n\n<p>Saiba mais sobre o Jubileu de Diamante, acessando o site <a href=\"https:\/\/jubileu.dioceseteixeiradefreitas.com.br\/\" data-type=\"URL\" data-id=\"https:\/\/jubileu.dioceseteixeiradefreitas.com.br\/\">https:\/\/jubileu.dioceseteixeiradefreitas.com.br\/<\/a>.<\/p>\n\n\n\n<p><\/p>\n\n\n\n<p>Mat\u00e9ria: Sara Lima<\/p>\n\n\n\n<p>Card: Hanna Lima<\/p>\n\n\n\n<p>V\u00eddeo e edi\u00e7\u00e3o de v\u00eddeo: Hanna Lima<\/p>\n","protected":false},"excerpt":{"rendered":"<p>A Diocese de Teixeira de Freitas &#8211; Caravelas completa convida voc\u00ea e sua fam\u00edlia para celebrarmos juntos o Jubileu de Diamante da nossa diocese. A Celebra\u00e7\u00e3o Eucar\u00edstica ser\u00e1 no dia 23 de Julho de 2022, na Catedral Diocesana S\u00e3o Pedro na cidade de Teixeira de Freitas, \u00e0s 18:00, com a presen\u00e7a do Cardeal Dom S\u00e9rgio &hellip;<\/p>\n","protected":false},"author":1,"featured_media":17039,"comment_status":"closed","ping_status":"closed","sticky":false,"template":"","format":"standard","meta":{"footnotes":""},"categories":[100],"tags":[983,1082,984],"class_list":["post-17026","post","type-post","status-publish","format-standard","has-post-thumbnail","hentry","category-noticias-diocesanas","tag-anojubilar","tag-dioceseteixeiradefreitas","tag-jubileudediamante"],"_links":{"self":[{"href":"https:\/\/dioceseteixeiradefreitas.com.br\/index.php?rest_route=\/wp\/v2\/posts\/17026","targetHints":{"allow":["GET"]}}],"collection":[{"href":"https:\/\/dioceseteixeiradefreitas.com.br\/index.php?rest_route=\/wp\/v2\/posts"}],"about":[{"href":"https:\/\/dioceseteixeiradefreitas.com.br\/index.php?rest_route=\/wp\/v2\/types\/post"}],"author":[{"embeddable":true,"href":"https:\/\/dioceseteixeiradefreitas.com.br\/index.php?rest_route=\/wp\/v2\/users\/1"}],"replies":[{"embeddable":true,"href":"https:\/\/dioceseteixeiradefreitas.com.br\/index.php?rest_route=%2Fwp%2Fv2%2Fcomments&post=17026"}],"version-history":[{"count":5,"href":"https:\/\/dioceseteixeiradefreitas.com.br\/index.php?rest_route=\/wp\/v2\/posts\/17026\/revisions"}],"predecessor-version":[{"id":17040,"href":"https:\/\/dioceseteixeiradefreitas.com.br\/index.php?rest_route=\/wp\/v2\/posts\/17026\/revisions\/17040"}],"wp:featuredmedia":[{"embeddable":true,"href":"https:\/\/dioceseteixeiradefreitas.com.br\/index.php?rest_route=\/wp\/v2\/media\/17039"}],"wp:attachment":[{"href":"https:\/\/dioceseteixeiradefreitas.com.br\/index.php?rest_route=%2Fwp%2Fv2%2Fmedia&parent=17026"}],"wp:term":[{"taxonomy":"category","embeddable":true,"href":"https:\/\/dioceseteixeiradefreitas.com.br\/index.php?rest_route=%2Fwp%2Fv2%2Fcategories&post=17026"},{"taxonomy":"post_tag","embeddable":true,"href":"https:\/\/dioceseteixeiradefreitas.com.br\/index.php?rest_route=%2Fwp%2Fv2%2Ftags&post=17026"}],"curies":[{"name":"wp","href":"https:\/\/api.w.org\/{rel}","templated":true}]}}