{"id":17312,"date":"2022-08-02T22:16:51","date_gmt":"2022-08-03T01:16:51","guid":{"rendered":"https:\/\/dioceseteixeiradefreitas.com.br\/?p=17312"},"modified":"2022-08-02T22:18:32","modified_gmt":"2022-08-03T01:18:32","slug":"quase-paroquia-sao-cristovao-e-criada-em-medeiros-neto","status":"publish","type":"post","link":"https:\/\/dioceseteixeiradefreitas.com.br\/?p=17312","title":{"rendered":"Quase Par\u00f3quia S\u00e3o Crist\u00f3v\u00e3o \u00e9 criada em Medeiros Neto"},"content":{"rendered":"\n<p>No dia 25 de Julho de 2022, quando a Igreja celebra S\u00e3o Crist\u00f3v\u00e3o, a comunidade em festa se reuniu para celebrar a cria\u00e7\u00e3o da Quase Par\u00f3quia S\u00e3o Crist\u00f3v\u00e3o, na cidade de Medeiros Neto &#8211; BA. A Santa Missa que teve in\u00edcio \u00e0s 19h, foi presidida pelo Excelent\u00edssimo e Reverend\u00edssimo Dom Jailton de Oliveira Lino, psdp, bispo diocesano e concelebrada pelos sacerdotes Padre Le\u00f4nidas Cardoso &#8211; p\u00e1roco respons\u00e1vel pelo Par\u00f3quia Imaculada Concei\u00e7\u00e3o e Padre Emanoel Silva.<\/p>\n\n\n\n<p>Em sua homilia Dom Jailton ressaltou que a Igreja no papel de evangelizar \u00e9 anunciadora do Cristo, por tanto a igreja deve participar dessa evangeliza\u00e7\u00e3o. &#8220;Devemos ser construtores de uma comunidade nova, que \u00e9 poss\u00edvel gra\u00e7as a nossa comunh\u00e3o em unidade.&#8221;, disse Dom Jailton.<\/p>\n\n\n\n<p>No final da celebra\u00e7\u00e3o o Padre Le\u00f4nidas Cardoso recebeu uma homenagem da comunidade onde esteve \u00e0 servi\u00e7o por todos esses anos. O Padre Emanoel foi apresentado como sacerdote escolhido para guiar o povo de Deus nesta nova Quase Par\u00f3quia.<\/p>\n\n\n\n<p>Foi uma noite memor\u00e1vel que ficar\u00e1 marcada para todos fi\u00e9is cat\u00f3licos de Medeiros Neto.<\/p>\n\n\n\n<p>VIVA S\u00c3O CRIST\u00d3V\u00c3O \ud83d\ude4c\ud83c\udffb<\/p>\n\n\n\n<p><\/p>\n\n\n\n<p><strong>Confira as fotos:<\/strong><\/p>\n\n\n\n<figure class=\"wp-block-gallery has-nested-images columns-default is-cropped wp-block-gallery-1 is-layout-flex wp-block-gallery-is-layout-flex\">\n<figure class=\"wp-block-image size-large\"><a href=\"https:\/\/dioceseteixeiradefreitas.com.br\/wp-content\/uploads\/2022\/08\/WhatsApp-Image-2022-08-01-at-19.27.13-1-1.jpeg\"><img loading=\"lazy\" decoding=\"async\" width=\"1024\" height=\"1024\" data-id=\"17321\" src=\"https:\/\/dioceseteixeiradefreitas.com.br\/wp-content\/uploads\/2022\/08\/WhatsApp-Image-2022-08-01-at-19.27.13-1-1-1024x1024.jpeg\" alt=\"\" class=\"wp-image-17321\" srcset=\"https:\/\/dioceseteixeiradefreitas.com.br\/wp-content\/uploads\/2022\/08\/WhatsApp-Image-2022-08-01-at-19.27.13-1-1-1024x1024.jpeg 1024w, https:\/\/dioceseteixeiradefreitas.com.br\/wp-content\/uploads\/2022\/08\/WhatsApp-Image-2022-08-01-at-19.27.13-1-1-300x300.jpeg 300w, https:\/\/dioceseteixeiradefreitas.com.br\/wp-content\/uploads\/2022\/08\/WhatsApp-Image-2022-08-01-at-19.27.13-1-1-150x150.jpeg 150w, https:\/\/dioceseteixeiradefreitas.com.br\/wp-content\/uploads\/2022\/08\/WhatsApp-Image-2022-08-01-at-19.27.13-1-1-768x768.jpeg 768w, https:\/\/dioceseteixeiradefreitas.com.br\/wp-content\/uploads\/2022\/08\/WhatsApp-Image-2022-08-01-at-19.27.13-1-1.jpeg 1080w\" sizes=\"auto, (max-width: 1024px) 100vw, 1024px\" \/><\/a><\/figure>\n\n\n\n<figure class=\"wp-block-image size-large\"><a href=\"https:\/\/dioceseteixeiradefreitas.com.br\/wp-content\/uploads\/2022\/08\/WhatsApp-Image-2022-08-01-at-19.27.13.jpeg\"><img loading=\"lazy\" decoding=\"async\" width=\"1024\" height=\"1024\" data-id=\"17322\" src=\"https:\/\/dioceseteixeiradefreitas.com.br\/wp-content\/uploads\/2022\/08\/WhatsApp-Image-2022-08-01-at-19.27.13-1024x1024.jpeg\" alt=\"\" class=\"wp-image-17322\" srcset=\"https:\/\/dioceseteixeiradefreitas.com.br\/wp-content\/uploads\/2022\/08\/WhatsApp-Image-2022-08-01-at-19.27.13-1024x1024.jpeg 1024w, https:\/\/dioceseteixeiradefreitas.com.br\/wp-content\/uploads\/2022\/08\/WhatsApp-Image-2022-08-01-at-19.27.13-300x300.jpeg 300w, https:\/\/dioceseteixeiradefreitas.com.br\/wp-content\/uploads\/2022\/08\/WhatsApp-Image-2022-08-01-at-19.27.13-150x150.jpeg 150w, https:\/\/dioceseteixeiradefreitas.com.br\/wp-content\/uploads\/2022\/08\/WhatsApp-Image-2022-08-01-at-19.27.13-768x768.jpeg 768w, https:\/\/dioceseteixeiradefreitas.com.br\/wp-content\/uploads\/2022\/08\/WhatsApp-Image-2022-08-01-at-19.27.13.jpeg 1080w\" sizes=\"auto, (max-width: 1024px) 100vw, 1024px\" \/><\/a><\/figure>\n\n\n\n<figure class=\"wp-block-image size-large\"><a href=\"https:\/\/dioceseteixeiradefreitas.com.br\/wp-content\/uploads\/2022\/08\/WhatsApp-Image-2022-08-01-at-19.27.14.jpeg\"><img loading=\"lazy\" decoding=\"async\" width=\"1024\" height=\"1024\" data-id=\"17320\" src=\"https:\/\/dioceseteixeiradefreitas.com.br\/wp-content\/uploads\/2022\/08\/WhatsApp-Image-2022-08-01-at-19.27.14-1024x1024.jpeg\" alt=\"\" class=\"wp-image-17320\" srcset=\"https:\/\/dioceseteixeiradefreitas.com.br\/wp-content\/uploads\/2022\/08\/WhatsApp-Image-2022-08-01-at-19.27.14-1024x1024.jpeg 1024w, https:\/\/dioceseteixeiradefreitas.com.br\/wp-content\/uploads\/2022\/08\/WhatsApp-Image-2022-08-01-at-19.27.14-300x300.jpeg 300w, https:\/\/dioceseteixeiradefreitas.com.br\/wp-content\/uploads\/2022\/08\/WhatsApp-Image-2022-08-01-at-19.27.14-150x150.jpeg 150w, https:\/\/dioceseteixeiradefreitas.com.br\/wp-content\/uploads\/2022\/08\/WhatsApp-Image-2022-08-01-at-19.27.14-768x768.jpeg 768w, https:\/\/dioceseteixeiradefreitas.com.br\/wp-content\/uploads\/2022\/08\/WhatsApp-Image-2022-08-01-at-19.27.14.jpeg 1080w\" sizes=\"auto, (max-width: 1024px) 100vw, 1024px\" \/><\/a><\/figure>\n\n\n\n<figure class=\"wp-block-image size-large\"><a href=\"https:\/\/dioceseteixeiradefreitas.com.br\/wp-content\/uploads\/2022\/08\/WhatsApp-Image-2022-08-01-at-19.27.16.jpeg\"><img loading=\"lazy\" decoding=\"async\" width=\"1024\" height=\"1024\" data-id=\"17318\" src=\"https:\/\/dioceseteixeiradefreitas.com.br\/wp-content\/uploads\/2022\/08\/WhatsApp-Image-2022-08-01-at-19.27.16-1024x1024.jpeg\" alt=\"\" class=\"wp-image-17318\" srcset=\"https:\/\/dioceseteixeiradefreitas.com.br\/wp-content\/uploads\/2022\/08\/WhatsApp-Image-2022-08-01-at-19.27.16-1024x1024.jpeg 1024w, https:\/\/dioceseteixeiradefreitas.com.br\/wp-content\/uploads\/2022\/08\/WhatsApp-Image-2022-08-01-at-19.27.16-300x300.jpeg 300w, https:\/\/dioceseteixeiradefreitas.com.br\/wp-content\/uploads\/2022\/08\/WhatsApp-Image-2022-08-01-at-19.27.16-150x150.jpeg 150w, https:\/\/dioceseteixeiradefreitas.com.br\/wp-content\/uploads\/2022\/08\/WhatsApp-Image-2022-08-01-at-19.27.16-768x768.jpeg 768w, https:\/\/dioceseteixeiradefreitas.com.br\/wp-content\/uploads\/2022\/08\/WhatsApp-Image-2022-08-01-at-19.27.16.jpeg 1080w\" sizes=\"auto, (max-width: 1024px) 100vw, 1024px\" \/><\/a><\/figure>\n\n\n\n<figure class=\"wp-block-image size-large\"><a href=\"https:\/\/dioceseteixeiradefreitas.com.br\/wp-content\/uploads\/2022\/08\/WhatsApp-Image-2022-08-01-at-19.27.17-1.jpeg\"><img loading=\"lazy\" decoding=\"async\" width=\"1024\" height=\"1024\" data-id=\"17319\" src=\"https:\/\/dioceseteixeiradefreitas.com.br\/wp-content\/uploads\/2022\/08\/WhatsApp-Image-2022-08-01-at-19.27.17-1-1024x1024.jpeg\" alt=\"\" class=\"wp-image-17319\" srcset=\"https:\/\/dioceseteixeiradefreitas.com.br\/wp-content\/uploads\/2022\/08\/WhatsApp-Image-2022-08-01-at-19.27.17-1-1024x1024.jpeg 1024w, https:\/\/dioceseteixeiradefreitas.com.br\/wp-content\/uploads\/2022\/08\/WhatsApp-Image-2022-08-01-at-19.27.17-1-300x300.jpeg 300w, https:\/\/dioceseteixeiradefreitas.com.br\/wp-content\/uploads\/2022\/08\/WhatsApp-Image-2022-08-01-at-19.27.17-1-150x150.jpeg 150w, https:\/\/dioceseteixeiradefreitas.com.br\/wp-content\/uploads\/2022\/08\/WhatsApp-Image-2022-08-01-at-19.27.17-1-768x768.jpeg 768w, https:\/\/dioceseteixeiradefreitas.com.br\/wp-content\/uploads\/2022\/08\/WhatsApp-Image-2022-08-01-at-19.27.17-1.jpeg 1080w\" sizes=\"auto, (max-width: 1024px) 100vw, 1024px\" \/><\/a><\/figure>\n\n\n\n<figure class=\"wp-block-image size-large\"><a href=\"https:\/\/dioceseteixeiradefreitas.com.br\/wp-content\/uploads\/2022\/08\/WhatsApp-Image-2022-08-01-at-19.27.18.jpeg\"><img loading=\"lazy\" decoding=\"async\" width=\"1024\" height=\"1024\" data-id=\"17325\" src=\"https:\/\/dioceseteixeiradefreitas.com.br\/wp-content\/uploads\/2022\/08\/WhatsApp-Image-2022-08-01-at-19.27.18-1024x1024.jpeg\" alt=\"\" class=\"wp-image-17325\" srcset=\"https:\/\/dioceseteixeiradefreitas.com.br\/wp-content\/uploads\/2022\/08\/WhatsApp-Image-2022-08-01-at-19.27.18-1024x1024.jpeg 1024w, https:\/\/dioceseteixeiradefreitas.com.br\/wp-content\/uploads\/2022\/08\/WhatsApp-Image-2022-08-01-at-19.27.18-300x300.jpeg 300w, https:\/\/dioceseteixeiradefreitas.com.br\/wp-content\/uploads\/2022\/08\/WhatsApp-Image-2022-08-01-at-19.27.18-150x150.jpeg 150w, https:\/\/dioceseteixeiradefreitas.com.br\/wp-content\/uploads\/2022\/08\/WhatsApp-Image-2022-08-01-at-19.27.18-768x768.jpeg 768w, https:\/\/dioceseteixeiradefreitas.com.br\/wp-content\/uploads\/2022\/08\/WhatsApp-Image-2022-08-01-at-19.27.18.jpeg 1080w\" sizes=\"auto, (max-width: 1024px) 100vw, 1024px\" \/><\/a><\/figure>\n\n\n\n<figure class=\"wp-block-image size-large\"><a href=\"https:\/\/dioceseteixeiradefreitas.com.br\/wp-content\/uploads\/2022\/08\/WhatsApp-Image-2022-08-01-at-19.27.19-2.jpeg\"><img loading=\"lazy\" decoding=\"async\" width=\"1024\" height=\"1024\" data-id=\"17324\" src=\"https:\/\/dioceseteixeiradefreitas.com.br\/wp-content\/uploads\/2022\/08\/WhatsApp-Image-2022-08-01-at-19.27.19-2-1024x1024.jpeg\" alt=\"\" class=\"wp-image-17324\" srcset=\"https:\/\/dioceseteixeiradefreitas.com.br\/wp-content\/uploads\/2022\/08\/WhatsApp-Image-2022-08-01-at-19.27.19-2-1024x1024.jpeg 1024w, https:\/\/dioceseteixeiradefreitas.com.br\/wp-content\/uploads\/2022\/08\/WhatsApp-Image-2022-08-01-at-19.27.19-2-300x300.jpeg 300w, https:\/\/dioceseteixeiradefreitas.com.br\/wp-content\/uploads\/2022\/08\/WhatsApp-Image-2022-08-01-at-19.27.19-2-150x150.jpeg 150w, https:\/\/dioceseteixeiradefreitas.com.br\/wp-content\/uploads\/2022\/08\/WhatsApp-Image-2022-08-01-at-19.27.19-2-768x768.jpeg 768w, https:\/\/dioceseteixeiradefreitas.com.br\/wp-content\/uploads\/2022\/08\/WhatsApp-Image-2022-08-01-at-19.27.19-2.jpeg 1080w\" sizes=\"auto, (max-width: 1024px) 100vw, 1024px\" \/><\/a><\/figure>\n\n\n\n<figure class=\"wp-block-image size-large\"><a href=\"https:\/\/dioceseteixeiradefreitas.com.br\/wp-content\/uploads\/2022\/08\/WhatsApp-Image-2022-08-01-at-19.27.20.jpeg\"><img loading=\"lazy\" decoding=\"async\" width=\"1024\" height=\"1024\" data-id=\"17326\" src=\"https:\/\/dioceseteixeiradefreitas.com.br\/wp-content\/uploads\/2022\/08\/WhatsApp-Image-2022-08-01-at-19.27.20-1024x1024.jpeg\" alt=\"\" class=\"wp-image-17326\" srcset=\"https:\/\/dioceseteixeiradefreitas.com.br\/wp-content\/uploads\/2022\/08\/WhatsApp-Image-2022-08-01-at-19.27.20-1024x1024.jpeg 1024w, https:\/\/dioceseteixeiradefreitas.com.br\/wp-content\/uploads\/2022\/08\/WhatsApp-Image-2022-08-01-at-19.27.20-300x300.jpeg 300w, https:\/\/dioceseteixeiradefreitas.com.br\/wp-content\/uploads\/2022\/08\/WhatsApp-Image-2022-08-01-at-19.27.20-150x150.jpeg 150w, https:\/\/dioceseteixeiradefreitas.com.br\/wp-content\/uploads\/2022\/08\/WhatsApp-Image-2022-08-01-at-19.27.20-768x768.jpeg 768w, https:\/\/dioceseteixeiradefreitas.com.br\/wp-content\/uploads\/2022\/08\/WhatsApp-Image-2022-08-01-at-19.27.20.jpeg 1080w\" sizes=\"auto, (max-width: 1024px) 100vw, 1024px\" \/><\/a><\/figure>\n\n\n\n<figure class=\"wp-block-image size-large\"><a href=\"https:\/\/dioceseteixeiradefreitas.com.br\/wp-content\/uploads\/2022\/08\/WhatsApp-Image-2022-08-01-at-19.27.21.jpeg\"><img loading=\"lazy\" decoding=\"async\" width=\"1024\" height=\"1024\" data-id=\"17323\" src=\"https:\/\/dioceseteixeiradefreitas.com.br\/wp-content\/uploads\/2022\/08\/WhatsApp-Image-2022-08-01-at-19.27.21-1024x1024.jpeg\" alt=\"\" class=\"wp-image-17323\" srcset=\"https:\/\/dioceseteixeiradefreitas.com.br\/wp-content\/uploads\/2022\/08\/WhatsApp-Image-2022-08-01-at-19.27.21-1024x1024.jpeg 1024w, https:\/\/dioceseteixeiradefreitas.com.br\/wp-content\/uploads\/2022\/08\/WhatsApp-Image-2022-08-01-at-19.27.21-300x300.jpeg 300w, https:\/\/dioceseteixeiradefreitas.com.br\/wp-content\/uploads\/2022\/08\/WhatsApp-Image-2022-08-01-at-19.27.21-150x150.jpeg 150w, https:\/\/dioceseteixeiradefreitas.com.br\/wp-content\/uploads\/2022\/08\/WhatsApp-Image-2022-08-01-at-19.27.21-768x768.jpeg 768w, https:\/\/dioceseteixeiradefreitas.com.br\/wp-content\/uploads\/2022\/08\/WhatsApp-Image-2022-08-01-at-19.27.21.jpeg 1080w\" sizes=\"auto, (max-width: 1024px) 100vw, 1024px\" \/><\/a><\/figure>\n\n\n\n<figure class=\"wp-block-image size-large\"><a href=\"https:\/\/dioceseteixeiradefreitas.com.br\/wp-content\/uploads\/2022\/08\/WhatsApp-Image-2022-08-01-at-19.27.22.jpeg\"><img loading=\"lazy\" decoding=\"async\" width=\"1024\" height=\"1024\" data-id=\"17327\" src=\"https:\/\/dioceseteixeiradefreitas.com.br\/wp-content\/uploads\/2022\/08\/WhatsApp-Image-2022-08-01-at-19.27.22-1024x1024.jpeg\" alt=\"\" class=\"wp-image-17327\" srcset=\"https:\/\/dioceseteixeiradefreitas.com.br\/wp-content\/uploads\/2022\/08\/WhatsApp-Image-2022-08-01-at-19.27.22-1024x1024.jpeg 1024w, https:\/\/dioceseteixeiradefreitas.com.br\/wp-content\/uploads\/2022\/08\/WhatsApp-Image-2022-08-01-at-19.27.22-300x300.jpeg 300w, https:\/\/dioceseteixeiradefreitas.com.br\/wp-content\/uploads\/2022\/08\/WhatsApp-Image-2022-08-01-at-19.27.22-150x150.jpeg 150w, https:\/\/dioceseteixeiradefreitas.com.br\/wp-content\/uploads\/2022\/08\/WhatsApp-Image-2022-08-01-at-19.27.22-768x768.jpeg 768w, https:\/\/dioceseteixeiradefreitas.com.br\/wp-content\/uploads\/2022\/08\/WhatsApp-Image-2022-08-01-at-19.27.22.jpeg 1080w\" sizes=\"auto, (max-width: 1024px) 100vw, 1024px\" \/><\/a><\/figure>\n\n\n\n<figure class=\"wp-block-image size-large\"><a href=\"https:\/\/dioceseteixeiradefreitas.com.br\/wp-content\/uploads\/2022\/08\/WhatsApp-Image-2022-08-01-at-19.27.23-1.jpeg\"><img loading=\"lazy\" decoding=\"async\" width=\"1024\" height=\"1024\" data-id=\"17328\" src=\"https:\/\/dioceseteixeiradefreitas.com.br\/wp-content\/uploads\/2022\/08\/WhatsApp-Image-2022-08-01-at-19.27.23-1-1024x1024.jpeg\" alt=\"\" class=\"wp-image-17328\" srcset=\"https:\/\/dioceseteixeiradefreitas.com.br\/wp-content\/uploads\/2022\/08\/WhatsApp-Image-2022-08-01-at-19.27.23-1-1024x1024.jpeg 1024w, https:\/\/dioceseteixeiradefreitas.com.br\/wp-content\/uploads\/2022\/08\/WhatsApp-Image-2022-08-01-at-19.27.23-1-300x300.jpeg 300w, https:\/\/dioceseteixeiradefreitas.com.br\/wp-content\/uploads\/2022\/08\/WhatsApp-Image-2022-08-01-at-19.27.23-1-150x150.jpeg 150w, https:\/\/dioceseteixeiradefreitas.com.br\/wp-content\/uploads\/2022\/08\/WhatsApp-Image-2022-08-01-at-19.27.23-1-768x768.jpeg 768w, https:\/\/dioceseteixeiradefreitas.com.br\/wp-content\/uploads\/2022\/08\/WhatsApp-Image-2022-08-01-at-19.27.23-1.jpeg 1080w\" sizes=\"auto, (max-width: 1024px) 100vw, 1024px\" \/><\/a><\/figure>\n\n\n\n<figure class=\"wp-block-image size-large\"><a href=\"https:\/\/dioceseteixeiradefreitas.com.br\/wp-content\/uploads\/2022\/08\/WhatsApp-Image-2022-08-01-at-19.27.23.jpeg\"><img loading=\"lazy\" decoding=\"async\" width=\"1024\" height=\"1024\" data-id=\"17329\" src=\"https:\/\/dioceseteixeiradefreitas.com.br\/wp-content\/uploads\/2022\/08\/WhatsApp-Image-2022-08-01-at-19.27.23-1024x1024.jpeg\" alt=\"\" class=\"wp-image-17329\" srcset=\"https:\/\/dioceseteixeiradefreitas.com.br\/wp-content\/uploads\/2022\/08\/WhatsApp-Image-2022-08-01-at-19.27.23-1024x1024.jpeg 1024w, https:\/\/dioceseteixeiradefreitas.com.br\/wp-content\/uploads\/2022\/08\/WhatsApp-Image-2022-08-01-at-19.27.23-300x300.jpeg 300w, https:\/\/dioceseteixeiradefreitas.com.br\/wp-content\/uploads\/2022\/08\/WhatsApp-Image-2022-08-01-at-19.27.23-150x150.jpeg 150w, https:\/\/dioceseteixeiradefreitas.com.br\/wp-content\/uploads\/2022\/08\/WhatsApp-Image-2022-08-01-at-19.27.23-768x768.jpeg 768w, https:\/\/dioceseteixeiradefreitas.com.br\/wp-content\/uploads\/2022\/08\/WhatsApp-Image-2022-08-01-at-19.27.23.jpeg 1080w\" sizes=\"auto, (max-width: 1024px) 100vw, 1024px\" \/><\/a><\/figure>\n\n\n\n<figure class=\"wp-block-image size-large\"><a href=\"https:\/\/dioceseteixeiradefreitas.com.br\/wp-content\/uploads\/2022\/08\/WhatsApp-Image-2022-08-01-at-19.27.24.jpeg\"><img loading=\"lazy\" decoding=\"async\" width=\"1024\" height=\"1024\" data-id=\"17330\" src=\"https:\/\/dioceseteixeiradefreitas.com.br\/wp-content\/uploads\/2022\/08\/WhatsApp-Image-2022-08-01-at-19.27.24-1024x1024.jpeg\" alt=\"\" class=\"wp-image-17330\" srcset=\"https:\/\/dioceseteixeiradefreitas.com.br\/wp-content\/uploads\/2022\/08\/WhatsApp-Image-2022-08-01-at-19.27.24-1024x1024.jpeg 1024w, https:\/\/dioceseteixeiradefreitas.com.br\/wp-content\/uploads\/2022\/08\/WhatsApp-Image-2022-08-01-at-19.27.24-300x300.jpeg 300w, https:\/\/dioceseteixeiradefreitas.com.br\/wp-content\/uploads\/2022\/08\/WhatsApp-Image-2022-08-01-at-19.27.24-150x150.jpeg 150w, https:\/\/dioceseteixeiradefreitas.com.br\/wp-content\/uploads\/2022\/08\/WhatsApp-Image-2022-08-01-at-19.27.24-768x768.jpeg 768w, https:\/\/dioceseteixeiradefreitas.com.br\/wp-content\/uploads\/2022\/08\/WhatsApp-Image-2022-08-01-at-19.27.24.jpeg 1080w\" sizes=\"auto, (max-width: 1024px) 100vw, 1024px\" \/><\/a><\/figure>\n\n\n\n<figure class=\"wp-block-image size-large\"><a href=\"https:\/\/dioceseteixeiradefreitas.com.br\/wp-content\/uploads\/2022\/08\/WhatsApp-Image-2022-08-01-at-19.27.32.jpeg\"><img loading=\"lazy\" decoding=\"async\" width=\"1024\" height=\"1024\" data-id=\"17331\" src=\"https:\/\/dioceseteixeiradefreitas.com.br\/wp-content\/uploads\/2022\/08\/WhatsApp-Image-2022-08-01-at-19.27.32-1024x1024.jpeg\" alt=\"\" class=\"wp-image-17331\" srcset=\"https:\/\/dioceseteixeiradefreitas.com.br\/wp-content\/uploads\/2022\/08\/WhatsApp-Image-2022-08-01-at-19.27.32-1024x1024.jpeg 1024w, https:\/\/dioceseteixeiradefreitas.com.br\/wp-content\/uploads\/2022\/08\/WhatsApp-Image-2022-08-01-at-19.27.32-300x300.jpeg 300w, https:\/\/dioceseteixeiradefreitas.com.br\/wp-content\/uploads\/2022\/08\/WhatsApp-Image-2022-08-01-at-19.27.32-150x150.jpeg 150w, https:\/\/dioceseteixeiradefreitas.com.br\/wp-content\/uploads\/2022\/08\/WhatsApp-Image-2022-08-01-at-19.27.32-768x768.jpeg 768w, https:\/\/dioceseteixeiradefreitas.com.br\/wp-content\/uploads\/2022\/08\/WhatsApp-Image-2022-08-01-at-19.27.32.jpeg 1080w\" sizes=\"auto, (max-width: 1024px) 100vw, 1024px\" \/><\/a><\/figure>\n<\/figure>\n\n\n\n<p><\/p>\n\n\n\n<p><strong>Cr\u00e9ditos:<\/strong><\/p>\n\n\n\n<p>Fotos e Edi\u00e7\u00e3o de Fotos: PASCOM Par\u00f3quia Imaculada Concei\u00e7\u00e3o &#8211; Medeiros Neto<\/p>\n\n\n\n<p>Texto: PASCOM Par\u00f3quia Imaculada Concei\u00e7\u00e3o &#8211; Medeiros Neto e Sara Lima<\/p>\n","protected":false},"excerpt":{"rendered":"<p>No dia 25 de Julho de 2022, quando a Igreja celebra S\u00e3o Crist\u00f3v\u00e3o, a comunidade em festa se reuniu para celebrar a cria\u00e7\u00e3o da Quase Par\u00f3quia S\u00e3o Crist\u00f3v\u00e3o, na cidade de Medeiros Neto &#8211; BA. A Santa Missa que teve in\u00edcio \u00e0s 19h, foi presidida pelo Excelent\u00edssimo e Reverend\u00edssimo Dom Jailton de Oliveira Lino, psdp, &hellip;<\/p>\n","protected":false},"author":24,"featured_media":17325,"comment_status":"closed","ping_status":"closed","sticky":false,"template":"","format":"standard","meta":{"footnotes":""},"categories":[100],"tags":[1081,1093],"class_list":["post-17312","post","type-post","status-publish","format-standard","has-post-thumbnail","hentry","category-noticias-diocesanas","tag-dioceseteixeiradefreitascaravelas","tag-quaseparoquiasaocristovao"],"_links":{"self":[{"href":"https:\/\/dioceseteixeiradefreitas.com.br\/index.php?rest_route=\/wp\/v2\/posts\/17312","targetHints":{"allow":["GET"]}}],"collection":[{"href":"https:\/\/dioceseteixeiradefreitas.com.br\/index.php?rest_route=\/wp\/v2\/posts"}],"about":[{"href":"https:\/\/dioceseteixeiradefreitas.com.br\/index.php?rest_route=\/wp\/v2\/types\/post"}],"author":[{"embeddable":true,"href":"https:\/\/dioceseteixeiradefreitas.com.br\/index.php?rest_route=\/wp\/v2\/users\/24"}],"replies":[{"embeddable":true,"href":"https:\/\/dioceseteixeiradefreitas.com.br\/index.php?rest_route=%2Fwp%2Fv2%2Fcomments&post=17312"}],"version-history":[{"count":6,"href":"https:\/\/dioceseteixeiradefreitas.com.br\/index.php?rest_route=\/wp\/v2\/posts\/17312\/revisions"}],"predecessor-version":[{"id":17334,"href":"https:\/\/dioceseteixeiradefreitas.com.br\/index.php?rest_route=\/wp\/v2\/posts\/17312\/revisions\/17334"}],"wp:featuredmedia":[{"embeddable":true,"href":"https:\/\/dioceseteixeiradefreitas.com.br\/index.php?rest_route=\/wp\/v2\/media\/17325"}],"wp:attachment":[{"href":"https:\/\/dioceseteixeiradefreitas.com.br\/index.php?rest_route=%2Fwp%2Fv2%2Fmedia&parent=17312"}],"wp:term":[{"taxonomy":"category","embeddable":true,"href":"https:\/\/dioceseteixeiradefreitas.com.br\/index.php?rest_route=%2Fwp%2Fv2%2Fcategories&post=17312"},{"taxonomy":"post_tag","embeddable":true,"href":"https:\/\/dioceseteixeiradefreitas.com.br\/index.php?rest_route=%2Fwp%2Fv2%2Ftags&post=17312"}],"curies":[{"name":"wp","href":"https:\/\/api.w.org\/{rel}","templated":true}]}}