{"id":17341,"date":"2022-08-08T09:43:54","date_gmt":"2022-08-08T12:43:54","guid":{"rendered":"https:\/\/dioceseteixeiradefreitas.com.br\/?p=17341"},"modified":"2022-08-08T10:38:22","modified_gmt":"2022-08-08T13:38:22","slug":"diocese-ganha-novo-sacerdote-o-padre-marcos-viana","status":"publish","type":"post","link":"https:\/\/dioceseteixeiradefreitas.com.br\/?p=17341","title":{"rendered":"Diocese ganha novo sacerdote, o Padre Marcos Viana"},"content":{"rendered":"\n<p>No \u00faltimo s\u00e1bado, 06 de agosto de 2022, na Solenidade da Transfigura\u00e7\u00e3o do Senhor &#8211; Festa do Senhor Bom Jesus, a Diocese de Teixeira de Freitas &#8211; Caravelas\/BA ganhou um novo sacerdote, o Padre Marcos Viana Silva. A Ordena\u00e7\u00e3o Presbiteral foi na Catedral Diocesana S\u00e3o Pedro, em Teixeira de Freitas &#8211; BA, \u00e0s 17h. A Santa Missa foi presidida pelo Excelent\u00edssimo e Reverend\u00edssimo Dom Jailton de Oliveira Lino, psdp, bispo diocesano e concelebrada pelos sacerdotes da diocese, contando com a presen\u00e7a do Di\u00e1cono Alexandre &#8211; da Arquidiocese de S\u00e3o Salvador, dos seminaristas diocesanos, religiosos(as), fi\u00e9is leigos e familiares do Di\u00e1cono Marcos. A celebra\u00e7\u00e3o foi marcada de momentos de grande emo\u00e7\u00e3o e como\u00e7\u00e3o.<\/p>\n\n\n\n<figure class=\"wp-block-image size-large\"><a href=\"https:\/\/dioceseteixeiradefreitas.com.br\/wp-content\/uploads\/2022\/08\/IMG_4202-scaled.jpg\"><img loading=\"lazy\" decoding=\"async\" width=\"1024\" height=\"672\" src=\"https:\/\/dioceseteixeiradefreitas.com.br\/wp-content\/uploads\/2022\/08\/IMG_4202-1024x672.jpg\" alt=\"\" class=\"wp-image-17437\" srcset=\"https:\/\/dioceseteixeiradefreitas.com.br\/wp-content\/uploads\/2022\/08\/IMG_4202-1024x672.jpg 1024w, https:\/\/dioceseteixeiradefreitas.com.br\/wp-content\/uploads\/2022\/08\/IMG_4202-300x197.jpg 300w, https:\/\/dioceseteixeiradefreitas.com.br\/wp-content\/uploads\/2022\/08\/IMG_4202-768x504.jpg 768w, https:\/\/dioceseteixeiradefreitas.com.br\/wp-content\/uploads\/2022\/08\/IMG_4202-1536x1008.jpg 1536w, https:\/\/dioceseteixeiradefreitas.com.br\/wp-content\/uploads\/2022\/08\/IMG_4202-2048x1345.jpg 2048w\" sizes=\"auto, (max-width: 1024px) 100vw, 1024px\" \/><\/a><\/figure>\n\n\n\n<p>A celebra\u00e7\u00e3o teve in\u00edcio com a acolhida do bispo diocesano, que entrou pela nave da Igreja junto com o Di\u00e1cono Marcos Viana &#8211; ent\u00e3o candidato \u00e0 Ordem do Presbiterato, e com o Padre Edvaldo &#8211; p\u00e1roco da Catedral. Eles seguiram em dire\u00e7\u00e3o a Capela de Adora\u00e7\u00e3o para um momento de ora\u00e7\u00e3o. Em seguida, o seminarista Thales Brand\u00e3o falou sobre a miss\u00e3o do sacerdote e convidou a assembleia para o in\u00edcio da Santa Missa.<\/p>\n\n\n\n<p>Dom Jailton iniciou a celebra\u00e7\u00e3o bendizendo a Deus pela vida do Di\u00e1cono Marcos e ressaltando a alegria de celebrar a ordena\u00e7\u00e3o presbiteral no m\u00eas das voca\u00e7\u00f5es.<\/p>\n\n\n\n<p>O Evangelho foi proclamado pelo Di\u00e1cono Alexandre. Antes da homilia, iniciou-se o rito da Ordena\u00e7\u00e3o Presbiteral com a apresenta\u00e7\u00e3o do candidato.<\/p>\n\n\n\n<p>Dom Jailton iniciou sua homilia saudando os sacerdotes, di\u00e1conos, religiosos(as), seminaristas, fi\u00e9is presentes e aos que estavam acompanhados pelas redes sociais da PASCOM Diocesana. Saudou de forma especial o Di\u00e1cono Marcos e seus familiares, assim como, o povo da Par\u00f3quia S\u00e3o Louren\u00e7o, par\u00f3quia de origem do di\u00e1cono.<\/p>\n\n\n\n<p>O bispo falou que est\u00e1vamos vivendo um dia de j\u00fabilo, em virtude da ordena\u00e7\u00e3o do di\u00e1cono, e que cada ordena\u00e7\u00e3o \u00e9 um momento \u00fanico, um dia de gra\u00e7a, um dia que o Senhor fez para n\u00f3s.&nbsp;Ressaltou que a ordena\u00e7\u00e3o deste novo sacerdote \u00e9 um grande dom de Deus, citando que ainda estamos vivendo na ess\u00eancia do ano jubilar. Narrou a trajet\u00f3ria do Di\u00e1cono Marcos.<\/p>\n\n\n\n<p>\u201cPrezado filho Marcos, a ti quero manifestar a minha amizade, a minha proximidade e reiterar para contigo, total confian\u00e7a. Ser\u00e1s o mais novo membro de um presbit\u00e9rio que no \u00faltimo sex\u00eanio construiu um pilar fundamental na vida da Diocese. Hoje damos gra\u00e7as a Deus por ti, lembrando os que foram ordenados nesta Catedral e em toda diocese nos \u00faltimos 60 anos\u201d, disse Dom Jailton.<\/p>\n\n\n\n<p>Citando o Evangelho, Dom Jailton ressaltou que Jesus procurava essa proximidade com o Pai.&nbsp;<\/p>\n\n\n\n<p>\u201cJesus acentuava tra\u00e7os essenciais daquele que \u00e9 chamado e \u00e9 enviado. Jesus reconhecia que o sacerd\u00f3cio \u00e9 para glorificar a Deus que \u00e9 Pai. No minist\u00e9rio sacerdotal quem deve aparecer n\u00e3o \u00e9 o ministro, mas Deus em seu mist\u00e9rio de amor. \u00c9 preciso que Ele cres\u00e7a e que n\u00f3s diminuamos como falava o Batista. N\u00e3o tenhamos medo, porque a seara \u00e9 grande. E nem nos iludamos com a falta seguran\u00e7a de a reduzir com nosso quintal pequeno\u201d, disse Dom Jailton.<\/p>\n\n\n\n<p>O bispo falou da import\u00e2ncia do di\u00e1cono estar em comunh\u00e3o, com o bispo, com o presbit\u00e9rio e com o povo que Deus o confiar. E que nas palavras do Evangelho encontr\u00e1vamos o estilo de vida a ser seguido pelo sacerdote.<\/p>\n\n\n\n<p>\u201cA inspira\u00e7\u00e3o deve ser evang\u00e9lica e n\u00e3o mundana. O sacerdote \u00e9 acima de tudo um homem de Deus. Um dom de Deus. Um sinal de Deus. Foi chamado por Ele e \u00e9 enviado por Ele para servir a Igreja\u201d, disse Dom Jailton.<\/p>\n\n\n\n<p>Falou da import\u00e2ncia da espiritualidade pr\u00f3pria do sacerd\u00f3cio diocesano que se alimenta na ora\u00e7\u00e3o e na liturgia.<\/p>\n\n\n\n<p>\u201cO padre \u00e9 o homem da paz, \u00e9 chamado a ser instrumento da paz que Deus deseja para o mundo. \u00c9 fundamental que o ministro da Igreja sinta a urg\u00eancia de anunciar a paz, de propor o di\u00e1logo. \u00c9 preciso n\u00e3o desistir de acreditar na paz. Sabemos que o sacerdote apesar de ser um homem de Deus, n\u00e3o diminui a sua humanidade. A vida do padre n\u00e3o est\u00e1 isenta de momentos de cruz, de momentos de dor, de momentos de sofrimento, de momentos de incompreens\u00e3o. O segredo, meu caro, \u00e9 viver tudo isso no sil\u00eancio de Deus, em comunh\u00e3o com Cristo\u201d, disse Dom Jailton.<\/p>\n\n\n\n<p>Por fim, Dom Jailton expressou ser um momento de muita alegria e de muita esperan\u00e7a.&nbsp;<\/p>\n\n\n\n<p>\u201cMeu caro Marcos, que Deus te aben\u00e7oe. Que S\u00e3o Pedro, o grande ap\u00f3stolo do Senhor e padroeiro da nossa Diocese, te proteja hoje e sempre, e te torne um grande sacerdote, hoje e sempre. Am\u00e9m\u201d.<\/p>\n\n\n\n<p>Ap\u00f3s a homilia, seguiu-se com o rito da ordena\u00e7\u00e3o. O neo-sacerdote recebeu suas vestes lit\u00fargicas do Padre Raul.<\/p>\n\n\n\n<p>Depois da comunh\u00e3o, o Padre Marcos Viana saudou os presentes, falou sobre o papel do sacerdote e proferiu um agradecimento.<\/p>\n\n\n\n<p>Em seguida, o Padre Ariston &#8211; chanceler do bispado, fez a leitura da Ata de Ordena\u00e7\u00e3o Presbiteral.<\/p>\n\n\n\n<p>O Padre Isael Silva &#8211; Reitor do Semin\u00e1rio Jo\u00e3o Paulo II &#8211; acolheu o neo-sacerdote, Padre Marcos Viana como membro do Presbit\u00e9rio da Diocese.<\/p>\n\n\n\n<figure class=\"wp-block-image size-large\"><a href=\"https:\/\/dioceseteixeiradefreitas.com.br\/wp-content\/uploads\/2022\/08\/IMG_4138-scaled.jpg\"><img loading=\"lazy\" decoding=\"async\" width=\"1024\" height=\"686\" src=\"https:\/\/dioceseteixeiradefreitas.com.br\/wp-content\/uploads\/2022\/08\/IMG_4138-1024x686.jpg\" alt=\"\" class=\"wp-image-17409\" srcset=\"https:\/\/dioceseteixeiradefreitas.com.br\/wp-content\/uploads\/2022\/08\/IMG_4138-1024x686.jpg 1024w, https:\/\/dioceseteixeiradefreitas.com.br\/wp-content\/uploads\/2022\/08\/IMG_4138-300x201.jpg 300w, https:\/\/dioceseteixeiradefreitas.com.br\/wp-content\/uploads\/2022\/08\/IMG_4138-768x515.jpg 768w, https:\/\/dioceseteixeiradefreitas.com.br\/wp-content\/uploads\/2022\/08\/IMG_4138-1536x1030.jpg 1536w, https:\/\/dioceseteixeiradefreitas.com.br\/wp-content\/uploads\/2022\/08\/IMG_4138-2048x1373.jpg 2048w\" sizes=\"auto, (max-width: 1024px) 100vw, 1024px\" \/><\/a><\/figure>\n\n\n\n<p>Dom Jailton agradeceu a Deus pela vida do Padre Marcos. Agradeceu aos formadores dos seminaristas &nbsp;e a todos que rezam pelas voca\u00e7\u00f5es e ajudam os semin\u00e1rios.<\/p>\n\n\n\n<p>Ap\u00f3s a b\u00ean\u00e7\u00e3o final, Dom Jailton convidou a todos para dar uma salva de palmas para o novo padre. Apresentou os dois novos sacerdotes que a diocese ganhou no intervalo de um m\u00eas, Padre Emanoel Silva &#8211; ordenado em 16 de Julho de 2022, e Padre Marcos Viana &#8211; ordenado em 06 de Agosto de 2022. Anunciou que o padre Marcos ir\u00e1 exercer, no in\u00edcio do minist\u00e9rio, a coordena\u00e7\u00e3o de Projetos da Diocese na C\u00faria Diocesana.<\/p>\n\n\n\n<p>O Padre Marcos Viana Silva nasceu na cidade de Teixeira de Freitas \u2013 BA, e tem 26 anos. \u00c9 filho de Jos\u00e9 e Neuza, cat\u00f3licos ass\u00edduos na vida da comunidade, que o educaram na f\u00e9 e incentivaram-no desde sempre a sua voca\u00e7\u00e3o voca\u00e7\u00e3o. Seu lema de Ordena\u00e7\u00e3o Presbiteral \u00e9 \u201cIn te, Domine, speravi; non confundar in aeternum (Sl 70,1)\u201d.<\/p>\n\n\n\n<p>Louvemos a Deus pela vida e pelo sim do Padre Marcos Viana Silva.<\/p>\n\n\n\n<p><\/p>\n\n\n\n<p><strong>Confira as fotos:<\/strong><\/p>\n\n\n\n<figure class=\"wp-block-gallery has-nested-images columns-default is-cropped wp-block-gallery-1 is-layout-flex wp-block-gallery-is-layout-flex\">\n<figure class=\"wp-block-image size-large\"><a href=\"https:\/\/dioceseteixeiradefreitas.com.br\/wp-content\/uploads\/2022\/08\/IMG_4028-scaled.jpg\"><img loading=\"lazy\" decoding=\"async\" width=\"2560\" height=\"1463\" data-id=\"17373\" src=\"https:\/\/dioceseteixeiradefreitas.com.br\/wp-content\/uploads\/2022\/08\/IMG_4028-scaled.jpg\" alt=\"\" class=\"wp-image-17373\" srcset=\"https:\/\/dioceseteixeiradefreitas.com.br\/wp-content\/uploads\/2022\/08\/IMG_4028-scaled.jpg 2560w, https:\/\/dioceseteixeiradefreitas.com.br\/wp-content\/uploads\/2022\/08\/IMG_4028-300x171.jpg 300w, https:\/\/dioceseteixeiradefreitas.com.br\/wp-content\/uploads\/2022\/08\/IMG_4028-1024x585.jpg 1024w, https:\/\/dioceseteixeiradefreitas.com.br\/wp-content\/uploads\/2022\/08\/IMG_4028-768x439.jpg 768w, https:\/\/dioceseteixeiradefreitas.com.br\/wp-content\/uploads\/2022\/08\/IMG_4028-1536x878.jpg 1536w, https:\/\/dioceseteixeiradefreitas.com.br\/wp-content\/uploads\/2022\/08\/IMG_4028-2048x1170.jpg 2048w\" sizes=\"auto, (max-width: 2560px) 100vw, 2560px\" \/><\/a><\/figure>\n\n\n\n<figure class=\"wp-block-image size-large\"><a href=\"https:\/\/dioceseteixeiradefreitas.com.br\/wp-content\/uploads\/2022\/08\/IMG_4029-scaled.jpg\"><img loading=\"lazy\" decoding=\"async\" width=\"2560\" height=\"1640\" data-id=\"17374\" src=\"https:\/\/dioceseteixeiradefreitas.com.br\/wp-content\/uploads\/2022\/08\/IMG_4029-scaled.jpg\" alt=\"\" class=\"wp-image-17374\" srcset=\"https:\/\/dioceseteixeiradefreitas.com.br\/wp-content\/uploads\/2022\/08\/IMG_4029-scaled.jpg 2560w, https:\/\/dioceseteixeiradefreitas.com.br\/wp-content\/uploads\/2022\/08\/IMG_4029-300x192.jpg 300w, https:\/\/dioceseteixeiradefreitas.com.br\/wp-content\/uploads\/2022\/08\/IMG_4029-1024x656.jpg 1024w, https:\/\/dioceseteixeiradefreitas.com.br\/wp-content\/uploads\/2022\/08\/IMG_4029-768x492.jpg 768w, https:\/\/dioceseteixeiradefreitas.com.br\/wp-content\/uploads\/2022\/08\/IMG_4029-1536x984.jpg 1536w, https:\/\/dioceseteixeiradefreitas.com.br\/wp-content\/uploads\/2022\/08\/IMG_4029-2048x1312.jpg 2048w\" sizes=\"auto, (max-width: 2560px) 100vw, 2560px\" \/><\/a><\/figure>\n\n\n\n<figure class=\"wp-block-image size-large\"><a href=\"https:\/\/dioceseteixeiradefreitas.com.br\/wp-content\/uploads\/2022\/08\/IMG_4030-scaled.jpg\"><img loading=\"lazy\" decoding=\"async\" width=\"2560\" height=\"1784\" data-id=\"17375\" src=\"https:\/\/dioceseteixeiradefreitas.com.br\/wp-content\/uploads\/2022\/08\/IMG_4030-scaled.jpg\" alt=\"\" class=\"wp-image-17375\" srcset=\"https:\/\/dioceseteixeiradefreitas.com.br\/wp-content\/uploads\/2022\/08\/IMG_4030-scaled.jpg 2560w, https:\/\/dioceseteixeiradefreitas.com.br\/wp-content\/uploads\/2022\/08\/IMG_4030-300x209.jpg 300w, https:\/\/dioceseteixeiradefreitas.com.br\/wp-content\/uploads\/2022\/08\/IMG_4030-1024x713.jpg 1024w, https:\/\/dioceseteixeiradefreitas.com.br\/wp-content\/uploads\/2022\/08\/IMG_4030-768x535.jpg 768w, https:\/\/dioceseteixeiradefreitas.com.br\/wp-content\/uploads\/2022\/08\/IMG_4030-1536x1070.jpg 1536w, https:\/\/dioceseteixeiradefreitas.com.br\/wp-content\/uploads\/2022\/08\/IMG_4030-2048x1427.jpg 2048w\" sizes=\"auto, (max-width: 2560px) 100vw, 2560px\" \/><\/a><\/figure>\n\n\n\n<figure class=\"wp-block-image size-large\"><a href=\"https:\/\/dioceseteixeiradefreitas.com.br\/wp-content\/uploads\/2022\/08\/IMG_4032-scaled.jpg\"><img loading=\"lazy\" decoding=\"async\" width=\"2560\" height=\"1784\" data-id=\"17376\" src=\"https:\/\/dioceseteixeiradefreitas.com.br\/wp-content\/uploads\/2022\/08\/IMG_4032-scaled.jpg\" alt=\"\" class=\"wp-image-17376\" srcset=\"https:\/\/dioceseteixeiradefreitas.com.br\/wp-content\/uploads\/2022\/08\/IMG_4032-scaled.jpg 2560w, https:\/\/dioceseteixeiradefreitas.com.br\/wp-content\/uploads\/2022\/08\/IMG_4032-300x209.jpg 300w, https:\/\/dioceseteixeiradefreitas.com.br\/wp-content\/uploads\/2022\/08\/IMG_4032-1024x713.jpg 1024w, https:\/\/dioceseteixeiradefreitas.com.br\/wp-content\/uploads\/2022\/08\/IMG_4032-768x535.jpg 768w, https:\/\/dioceseteixeiradefreitas.com.br\/wp-content\/uploads\/2022\/08\/IMG_4032-1536x1070.jpg 1536w, https:\/\/dioceseteixeiradefreitas.com.br\/wp-content\/uploads\/2022\/08\/IMG_4032-2048x1427.jpg 2048w\" sizes=\"auto, (max-width: 2560px) 100vw, 2560px\" \/><\/a><\/figure>\n\n\n\n<figure class=\"wp-block-image size-large\"><a href=\"https:\/\/dioceseteixeiradefreitas.com.br\/wp-content\/uploads\/2022\/08\/IMG_4033-scaled.jpg\"><img loading=\"lazy\" decoding=\"async\" width=\"2560\" height=\"1784\" data-id=\"17377\" src=\"https:\/\/dioceseteixeiradefreitas.com.br\/wp-content\/uploads\/2022\/08\/IMG_4033-scaled.jpg\" alt=\"\" class=\"wp-image-17377\" srcset=\"https:\/\/dioceseteixeiradefreitas.com.br\/wp-content\/uploads\/2022\/08\/IMG_4033-scaled.jpg 2560w, https:\/\/dioceseteixeiradefreitas.com.br\/wp-content\/uploads\/2022\/08\/IMG_4033-300x209.jpg 300w, https:\/\/dioceseteixeiradefreitas.com.br\/wp-content\/uploads\/2022\/08\/IMG_4033-1024x713.jpg 1024w, https:\/\/dioceseteixeiradefreitas.com.br\/wp-content\/uploads\/2022\/08\/IMG_4033-768x535.jpg 768w, https:\/\/dioceseteixeiradefreitas.com.br\/wp-content\/uploads\/2022\/08\/IMG_4033-1536x1070.jpg 1536w, https:\/\/dioceseteixeiradefreitas.com.br\/wp-content\/uploads\/2022\/08\/IMG_4033-2048x1427.jpg 2048w\" sizes=\"auto, (max-width: 2560px) 100vw, 2560px\" \/><\/a><\/figure>\n\n\n\n<figure class=\"wp-block-image size-large\"><a href=\"https:\/\/dioceseteixeiradefreitas.com.br\/wp-content\/uploads\/2022\/08\/IMG_4035-scaled.jpg\"><img loading=\"lazy\" decoding=\"async\" width=\"2560\" height=\"1784\" data-id=\"17378\" src=\"https:\/\/dioceseteixeiradefreitas.com.br\/wp-content\/uploads\/2022\/08\/IMG_4035-scaled.jpg\" alt=\"\" class=\"wp-image-17378\" srcset=\"https:\/\/dioceseteixeiradefreitas.com.br\/wp-content\/uploads\/2022\/08\/IMG_4035-scaled.jpg 2560w, https:\/\/dioceseteixeiradefreitas.com.br\/wp-content\/uploads\/2022\/08\/IMG_4035-300x209.jpg 300w, https:\/\/dioceseteixeiradefreitas.com.br\/wp-content\/uploads\/2022\/08\/IMG_4035-1024x713.jpg 1024w, https:\/\/dioceseteixeiradefreitas.com.br\/wp-content\/uploads\/2022\/08\/IMG_4035-768x535.jpg 768w, https:\/\/dioceseteixeiradefreitas.com.br\/wp-content\/uploads\/2022\/08\/IMG_4035-1536x1070.jpg 1536w, https:\/\/dioceseteixeiradefreitas.com.br\/wp-content\/uploads\/2022\/08\/IMG_4035-2048x1427.jpg 2048w\" sizes=\"auto, (max-width: 2560px) 100vw, 2560px\" \/><\/a><\/figure>\n\n\n\n<figure class=\"wp-block-image size-large\"><a href=\"https:\/\/dioceseteixeiradefreitas.com.br\/wp-content\/uploads\/2022\/08\/IMG_4038-scaled.jpg\"><img loading=\"lazy\" decoding=\"async\" width=\"2560\" height=\"1887\" data-id=\"17379\" src=\"https:\/\/dioceseteixeiradefreitas.com.br\/wp-content\/uploads\/2022\/08\/IMG_4038-scaled.jpg\" alt=\"\" class=\"wp-image-17379\" srcset=\"https:\/\/dioceseteixeiradefreitas.com.br\/wp-content\/uploads\/2022\/08\/IMG_4038-scaled.jpg 2560w, https:\/\/dioceseteixeiradefreitas.com.br\/wp-content\/uploads\/2022\/08\/IMG_4038-300x221.jpg 300w, https:\/\/dioceseteixeiradefreitas.com.br\/wp-content\/uploads\/2022\/08\/IMG_4038-1024x755.jpg 1024w, https:\/\/dioceseteixeiradefreitas.com.br\/wp-content\/uploads\/2022\/08\/IMG_4038-768x566.jpg 768w, https:\/\/dioceseteixeiradefreitas.com.br\/wp-content\/uploads\/2022\/08\/IMG_4038-1536x1132.jpg 1536w, https:\/\/dioceseteixeiradefreitas.com.br\/wp-content\/uploads\/2022\/08\/IMG_4038-2048x1509.jpg 2048w\" sizes=\"auto, (max-width: 2560px) 100vw, 2560px\" \/><\/a><\/figure>\n\n\n\n<figure class=\"wp-block-image size-large\"><a href=\"https:\/\/dioceseteixeiradefreitas.com.br\/wp-content\/uploads\/2022\/08\/IMG_4040-scaled.jpg\"><img loading=\"lazy\" decoding=\"async\" width=\"2560\" height=\"1887\" data-id=\"17380\" src=\"https:\/\/dioceseteixeiradefreitas.com.br\/wp-content\/uploads\/2022\/08\/IMG_4040-scaled.jpg\" alt=\"\" class=\"wp-image-17380\" srcset=\"https:\/\/dioceseteixeiradefreitas.com.br\/wp-content\/uploads\/2022\/08\/IMG_4040-scaled.jpg 2560w, https:\/\/dioceseteixeiradefreitas.com.br\/wp-content\/uploads\/2022\/08\/IMG_4040-300x221.jpg 300w, https:\/\/dioceseteixeiradefreitas.com.br\/wp-content\/uploads\/2022\/08\/IMG_4040-1024x755.jpg 1024w, https:\/\/dioceseteixeiradefreitas.com.br\/wp-content\/uploads\/2022\/08\/IMG_4040-768x566.jpg 768w, https:\/\/dioceseteixeiradefreitas.com.br\/wp-content\/uploads\/2022\/08\/IMG_4040-1536x1132.jpg 1536w, https:\/\/dioceseteixeiradefreitas.com.br\/wp-content\/uploads\/2022\/08\/IMG_4040-2048x1509.jpg 2048w\" sizes=\"auto, (max-width: 2560px) 100vw, 2560px\" \/><\/a><\/figure>\n\n\n\n<figure class=\"wp-block-image size-large\"><a href=\"https:\/\/dioceseteixeiradefreitas.com.br\/wp-content\/uploads\/2022\/08\/IMG_4045-scaled.jpg\"><img loading=\"lazy\" decoding=\"async\" width=\"2560\" height=\"1887\" data-id=\"17381\" src=\"https:\/\/dioceseteixeiradefreitas.com.br\/wp-content\/uploads\/2022\/08\/IMG_4045-scaled.jpg\" alt=\"\" class=\"wp-image-17381\" srcset=\"https:\/\/dioceseteixeiradefreitas.com.br\/wp-content\/uploads\/2022\/08\/IMG_4045-scaled.jpg 2560w, https:\/\/dioceseteixeiradefreitas.com.br\/wp-content\/uploads\/2022\/08\/IMG_4045-300x221.jpg 300w, https:\/\/dioceseteixeiradefreitas.com.br\/wp-content\/uploads\/2022\/08\/IMG_4045-1024x755.jpg 1024w, https:\/\/dioceseteixeiradefreitas.com.br\/wp-content\/uploads\/2022\/08\/IMG_4045-768x566.jpg 768w, https:\/\/dioceseteixeiradefreitas.com.br\/wp-content\/uploads\/2022\/08\/IMG_4045-1536x1132.jpg 1536w, https:\/\/dioceseteixeiradefreitas.com.br\/wp-content\/uploads\/2022\/08\/IMG_4045-2048x1509.jpg 2048w\" sizes=\"auto, (max-width: 2560px) 100vw, 2560px\" \/><\/a><\/figure>\n\n\n\n<figure class=\"wp-block-image size-large\"><a href=\"https:\/\/dioceseteixeiradefreitas.com.br\/wp-content\/uploads\/2022\/08\/IMG_4046-scaled.jpg\"><img loading=\"lazy\" decoding=\"async\" width=\"2560\" height=\"1887\" data-id=\"17382\" src=\"https:\/\/dioceseteixeiradefreitas.com.br\/wp-content\/uploads\/2022\/08\/IMG_4046-scaled.jpg\" alt=\"\" class=\"wp-image-17382\" srcset=\"https:\/\/dioceseteixeiradefreitas.com.br\/wp-content\/uploads\/2022\/08\/IMG_4046-scaled.jpg 2560w, https:\/\/dioceseteixeiradefreitas.com.br\/wp-content\/uploads\/2022\/08\/IMG_4046-300x221.jpg 300w, https:\/\/dioceseteixeiradefreitas.com.br\/wp-content\/uploads\/2022\/08\/IMG_4046-1024x755.jpg 1024w, https:\/\/dioceseteixeiradefreitas.com.br\/wp-content\/uploads\/2022\/08\/IMG_4046-768x566.jpg 768w, https:\/\/dioceseteixeiradefreitas.com.br\/wp-content\/uploads\/2022\/08\/IMG_4046-1536x1132.jpg 1536w, https:\/\/dioceseteixeiradefreitas.com.br\/wp-content\/uploads\/2022\/08\/IMG_4046-2048x1509.jpg 2048w\" sizes=\"auto, (max-width: 2560px) 100vw, 2560px\" \/><\/a><\/figure>\n\n\n\n<figure class=\"wp-block-image size-large\"><a href=\"https:\/\/dioceseteixeiradefreitas.com.br\/wp-content\/uploads\/2022\/08\/IMG_4048-scaled.jpg\"><img loading=\"lazy\" decoding=\"async\" width=\"2560\" height=\"1745\" data-id=\"17383\" src=\"https:\/\/dioceseteixeiradefreitas.com.br\/wp-content\/uploads\/2022\/08\/IMG_4048-scaled.jpg\" alt=\"\" class=\"wp-image-17383\" srcset=\"https:\/\/dioceseteixeiradefreitas.com.br\/wp-content\/uploads\/2022\/08\/IMG_4048-scaled.jpg 2560w, https:\/\/dioceseteixeiradefreitas.com.br\/wp-content\/uploads\/2022\/08\/IMG_4048-300x204.jpg 300w, https:\/\/dioceseteixeiradefreitas.com.br\/wp-content\/uploads\/2022\/08\/IMG_4048-1024x698.jpg 1024w, https:\/\/dioceseteixeiradefreitas.com.br\/wp-content\/uploads\/2022\/08\/IMG_4048-768x523.jpg 768w, https:\/\/dioceseteixeiradefreitas.com.br\/wp-content\/uploads\/2022\/08\/IMG_4048-1536x1047.jpg 1536w, https:\/\/dioceseteixeiradefreitas.com.br\/wp-content\/uploads\/2022\/08\/IMG_4048-2048x1396.jpg 2048w, https:\/\/dioceseteixeiradefreitas.com.br\/wp-content\/uploads\/2022\/08\/IMG_4048-220x150.jpg 220w\" sizes=\"auto, (max-width: 2560px) 100vw, 2560px\" \/><\/a><\/figure>\n\n\n\n<figure class=\"wp-block-image size-large\"><a href=\"https:\/\/dioceseteixeiradefreitas.com.br\/wp-content\/uploads\/2022\/08\/IMG_4052-scaled.jpg\"><img loading=\"lazy\" decoding=\"async\" width=\"2560\" height=\"1860\" data-id=\"17384\" src=\"https:\/\/dioceseteixeiradefreitas.com.br\/wp-content\/uploads\/2022\/08\/IMG_4052-scaled.jpg\" alt=\"\" class=\"wp-image-17384\" srcset=\"https:\/\/dioceseteixeiradefreitas.com.br\/wp-content\/uploads\/2022\/08\/IMG_4052-scaled.jpg 2560w, https:\/\/dioceseteixeiradefreitas.com.br\/wp-content\/uploads\/2022\/08\/IMG_4052-300x218.jpg 300w, https:\/\/dioceseteixeiradefreitas.com.br\/wp-content\/uploads\/2022\/08\/IMG_4052-1024x744.jpg 1024w, https:\/\/dioceseteixeiradefreitas.com.br\/wp-content\/uploads\/2022\/08\/IMG_4052-768x558.jpg 768w, https:\/\/dioceseteixeiradefreitas.com.br\/wp-content\/uploads\/2022\/08\/IMG_4052-1536x1116.jpg 1536w, https:\/\/dioceseteixeiradefreitas.com.br\/wp-content\/uploads\/2022\/08\/IMG_4052-2048x1488.jpg 2048w\" sizes=\"auto, (max-width: 2560px) 100vw, 2560px\" \/><\/a><\/figure>\n\n\n\n<figure class=\"wp-block-image size-large\"><a href=\"https:\/\/dioceseteixeiradefreitas.com.br\/wp-content\/uploads\/2022\/08\/IMG_4054-scaled.jpg\"><img loading=\"lazy\" decoding=\"async\" width=\"2560\" height=\"1593\" data-id=\"17385\" src=\"https:\/\/dioceseteixeiradefreitas.com.br\/wp-content\/uploads\/2022\/08\/IMG_4054-scaled.jpg\" alt=\"\" class=\"wp-image-17385\" srcset=\"https:\/\/dioceseteixeiradefreitas.com.br\/wp-content\/uploads\/2022\/08\/IMG_4054-scaled.jpg 2560w, https:\/\/dioceseteixeiradefreitas.com.br\/wp-content\/uploads\/2022\/08\/IMG_4054-300x187.jpg 300w, https:\/\/dioceseteixeiradefreitas.com.br\/wp-content\/uploads\/2022\/08\/IMG_4054-1024x637.jpg 1024w, https:\/\/dioceseteixeiradefreitas.com.br\/wp-content\/uploads\/2022\/08\/IMG_4054-768x478.jpg 768w, https:\/\/dioceseteixeiradefreitas.com.br\/wp-content\/uploads\/2022\/08\/IMG_4054-1536x956.jpg 1536w, https:\/\/dioceseteixeiradefreitas.com.br\/wp-content\/uploads\/2022\/08\/IMG_4054-2048x1274.jpg 2048w\" sizes=\"auto, (max-width: 2560px) 100vw, 2560px\" \/><\/a><\/figure>\n\n\n\n<figure class=\"wp-block-image size-large\"><a href=\"https:\/\/dioceseteixeiradefreitas.com.br\/wp-content\/uploads\/2022\/08\/IMG_4024-scaled.jpg\"><img loading=\"lazy\" decoding=\"async\" width=\"2560\" height=\"1584\" data-id=\"17371\" src=\"https:\/\/dioceseteixeiradefreitas.com.br\/wp-content\/uploads\/2022\/08\/IMG_4024-scaled.jpg\" alt=\"\" class=\"wp-image-17371\" srcset=\"https:\/\/dioceseteixeiradefreitas.com.br\/wp-content\/uploads\/2022\/08\/IMG_4024-scaled.jpg 2560w, https:\/\/dioceseteixeiradefreitas.com.br\/wp-content\/uploads\/2022\/08\/IMG_4024-300x186.jpg 300w, https:\/\/dioceseteixeiradefreitas.com.br\/wp-content\/uploads\/2022\/08\/IMG_4024-1024x633.jpg 1024w, https:\/\/dioceseteixeiradefreitas.com.br\/wp-content\/uploads\/2022\/08\/IMG_4024-768x475.jpg 768w, https:\/\/dioceseteixeiradefreitas.com.br\/wp-content\/uploads\/2022\/08\/IMG_4024-1536x950.jpg 1536w, https:\/\/dioceseteixeiradefreitas.com.br\/wp-content\/uploads\/2022\/08\/IMG_4024-2048x1267.jpg 2048w\" sizes=\"auto, (max-width: 2560px) 100vw, 2560px\" \/><\/a><\/figure>\n\n\n\n<figure class=\"wp-block-image size-large\"><a href=\"https:\/\/dioceseteixeiradefreitas.com.br\/wp-content\/uploads\/2022\/08\/IMG_4025-scaled.jpg\"><img loading=\"lazy\" decoding=\"async\" width=\"2560\" height=\"1625\" data-id=\"17372\" src=\"https:\/\/dioceseteixeiradefreitas.com.br\/wp-content\/uploads\/2022\/08\/IMG_4025-scaled.jpg\" alt=\"\" class=\"wp-image-17372\" srcset=\"https:\/\/dioceseteixeiradefreitas.com.br\/wp-content\/uploads\/2022\/08\/IMG_4025-scaled.jpg 2560w, https:\/\/dioceseteixeiradefreitas.com.br\/wp-content\/uploads\/2022\/08\/IMG_4025-300x190.jpg 300w, https:\/\/dioceseteixeiradefreitas.com.br\/wp-content\/uploads\/2022\/08\/IMG_4025-1024x650.jpg 1024w, https:\/\/dioceseteixeiradefreitas.com.br\/wp-content\/uploads\/2022\/08\/IMG_4025-768x487.jpg 768w, https:\/\/dioceseteixeiradefreitas.com.br\/wp-content\/uploads\/2022\/08\/IMG_4025-1536x975.jpg 1536w, https:\/\/dioceseteixeiradefreitas.com.br\/wp-content\/uploads\/2022\/08\/IMG_4025-2048x1300.jpg 2048w\" sizes=\"auto, (max-width: 2560px) 100vw, 2560px\" \/><\/a><\/figure>\n\n\n\n<figure class=\"wp-block-image size-large\"><a href=\"https:\/\/dioceseteixeiradefreitas.com.br\/wp-content\/uploads\/2022\/08\/IMG_4057-scaled.jpg\"><img loading=\"lazy\" decoding=\"async\" width=\"2560\" height=\"1548\" data-id=\"17386\" src=\"https:\/\/dioceseteixeiradefreitas.com.br\/wp-content\/uploads\/2022\/08\/IMG_4057-scaled.jpg\" alt=\"\" class=\"wp-image-17386\" srcset=\"https:\/\/dioceseteixeiradefreitas.com.br\/wp-content\/uploads\/2022\/08\/IMG_4057-scaled.jpg 2560w, https:\/\/dioceseteixeiradefreitas.com.br\/wp-content\/uploads\/2022\/08\/IMG_4057-300x181.jpg 300w, https:\/\/dioceseteixeiradefreitas.com.br\/wp-content\/uploads\/2022\/08\/IMG_4057-1024x619.jpg 1024w, https:\/\/dioceseteixeiradefreitas.com.br\/wp-content\/uploads\/2022\/08\/IMG_4057-768x464.jpg 768w, https:\/\/dioceseteixeiradefreitas.com.br\/wp-content\/uploads\/2022\/08\/IMG_4057-1536x929.jpg 1536w, https:\/\/dioceseteixeiradefreitas.com.br\/wp-content\/uploads\/2022\/08\/IMG_4057-2048x1238.jpg 2048w\" sizes=\"auto, (max-width: 2560px) 100vw, 2560px\" \/><\/a><\/figure>\n\n\n\n<figure class=\"wp-block-image size-large\"><a href=\"https:\/\/dioceseteixeiradefreitas.com.br\/wp-content\/uploads\/2022\/08\/IMG_4059-scaled.jpg\"><img loading=\"lazy\" decoding=\"async\" width=\"2560\" height=\"1548\" data-id=\"17387\" src=\"https:\/\/dioceseteixeiradefreitas.com.br\/wp-content\/uploads\/2022\/08\/IMG_4059-scaled.jpg\" alt=\"\" class=\"wp-image-17387\" srcset=\"https:\/\/dioceseteixeiradefreitas.com.br\/wp-content\/uploads\/2022\/08\/IMG_4059-scaled.jpg 2560w, https:\/\/dioceseteixeiradefreitas.com.br\/wp-content\/uploads\/2022\/08\/IMG_4059-300x181.jpg 300w, https:\/\/dioceseteixeiradefreitas.com.br\/wp-content\/uploads\/2022\/08\/IMG_4059-1024x619.jpg 1024w, https:\/\/dioceseteixeiradefreitas.com.br\/wp-content\/uploads\/2022\/08\/IMG_4059-768x464.jpg 768w, https:\/\/dioceseteixeiradefreitas.com.br\/wp-content\/uploads\/2022\/08\/IMG_4059-1536x929.jpg 1536w, https:\/\/dioceseteixeiradefreitas.com.br\/wp-content\/uploads\/2022\/08\/IMG_4059-2048x1238.jpg 2048w\" sizes=\"auto, (max-width: 2560px) 100vw, 2560px\" \/><\/a><\/figure>\n\n\n\n<figure class=\"wp-block-image size-large\"><a href=\"https:\/\/dioceseteixeiradefreitas.com.br\/wp-content\/uploads\/2022\/08\/IMG_4062-scaled.jpg\"><img loading=\"lazy\" decoding=\"async\" width=\"2560\" height=\"1631\" data-id=\"17388\" src=\"https:\/\/dioceseteixeiradefreitas.com.br\/wp-content\/uploads\/2022\/08\/IMG_4062-scaled.jpg\" alt=\"\" class=\"wp-image-17388\" srcset=\"https:\/\/dioceseteixeiradefreitas.com.br\/wp-content\/uploads\/2022\/08\/IMG_4062-scaled.jpg 2560w, https:\/\/dioceseteixeiradefreitas.com.br\/wp-content\/uploads\/2022\/08\/IMG_4062-300x191.jpg 300w, https:\/\/dioceseteixeiradefreitas.com.br\/wp-content\/uploads\/2022\/08\/IMG_4062-1024x652.jpg 1024w, https:\/\/dioceseteixeiradefreitas.com.br\/wp-content\/uploads\/2022\/08\/IMG_4062-768x489.jpg 768w, https:\/\/dioceseteixeiradefreitas.com.br\/wp-content\/uploads\/2022\/08\/IMG_4062-1536x978.jpg 1536w, https:\/\/dioceseteixeiradefreitas.com.br\/wp-content\/uploads\/2022\/08\/IMG_4062-2048x1305.jpg 2048w\" sizes=\"auto, (max-width: 2560px) 100vw, 2560px\" \/><\/a><\/figure>\n\n\n\n<figure class=\"wp-block-image size-large\"><a href=\"https:\/\/dioceseteixeiradefreitas.com.br\/wp-content\/uploads\/2022\/08\/IMG_4067-scaled.jpg\"><img loading=\"lazy\" decoding=\"async\" width=\"2560\" height=\"1604\" data-id=\"17389\" src=\"https:\/\/dioceseteixeiradefreitas.com.br\/wp-content\/uploads\/2022\/08\/IMG_4067-scaled.jpg\" alt=\"\" class=\"wp-image-17389\" srcset=\"https:\/\/dioceseteixeiradefreitas.com.br\/wp-content\/uploads\/2022\/08\/IMG_4067-scaled.jpg 2560w, https:\/\/dioceseteixeiradefreitas.com.br\/wp-content\/uploads\/2022\/08\/IMG_4067-300x188.jpg 300w, https:\/\/dioceseteixeiradefreitas.com.br\/wp-content\/uploads\/2022\/08\/IMG_4067-1024x642.jpg 1024w, https:\/\/dioceseteixeiradefreitas.com.br\/wp-content\/uploads\/2022\/08\/IMG_4067-768x481.jpg 768w, https:\/\/dioceseteixeiradefreitas.com.br\/wp-content\/uploads\/2022\/08\/IMG_4067-1536x963.jpg 1536w, https:\/\/dioceseteixeiradefreitas.com.br\/wp-content\/uploads\/2022\/08\/IMG_4067-2048x1284.jpg 2048w\" sizes=\"auto, (max-width: 2560px) 100vw, 2560px\" \/><\/a><\/figure>\n\n\n\n<figure class=\"wp-block-image size-large\"><a href=\"https:\/\/dioceseteixeiradefreitas.com.br\/wp-content\/uploads\/2022\/08\/IMG_4070-scaled.jpg\"><img loading=\"lazy\" decoding=\"async\" width=\"2560\" height=\"1642\" data-id=\"17390\" src=\"https:\/\/dioceseteixeiradefreitas.com.br\/wp-content\/uploads\/2022\/08\/IMG_4070-scaled.jpg\" alt=\"\" class=\"wp-image-17390\" srcset=\"https:\/\/dioceseteixeiradefreitas.com.br\/wp-content\/uploads\/2022\/08\/IMG_4070-scaled.jpg 2560w, https:\/\/dioceseteixeiradefreitas.com.br\/wp-content\/uploads\/2022\/08\/IMG_4070-300x192.jpg 300w, https:\/\/dioceseteixeiradefreitas.com.br\/wp-content\/uploads\/2022\/08\/IMG_4070-1024x657.jpg 1024w, https:\/\/dioceseteixeiradefreitas.com.br\/wp-content\/uploads\/2022\/08\/IMG_4070-768x493.jpg 768w, https:\/\/dioceseteixeiradefreitas.com.br\/wp-content\/uploads\/2022\/08\/IMG_4070-1536x985.jpg 1536w, https:\/\/dioceseteixeiradefreitas.com.br\/wp-content\/uploads\/2022\/08\/IMG_4070-2048x1314.jpg 2048w\" sizes=\"auto, (max-width: 2560px) 100vw, 2560px\" \/><\/a><\/figure>\n\n\n\n<figure class=\"wp-block-image size-large\"><a href=\"https:\/\/dioceseteixeiradefreitas.com.br\/wp-content\/uploads\/2022\/08\/IMG_4072-scaled.jpg\"><img loading=\"lazy\" decoding=\"async\" width=\"2560\" height=\"1642\" data-id=\"17391\" src=\"https:\/\/dioceseteixeiradefreitas.com.br\/wp-content\/uploads\/2022\/08\/IMG_4072-scaled.jpg\" alt=\"\" class=\"wp-image-17391\" srcset=\"https:\/\/dioceseteixeiradefreitas.com.br\/wp-content\/uploads\/2022\/08\/IMG_4072-scaled.jpg 2560w, https:\/\/dioceseteixeiradefreitas.com.br\/wp-content\/uploads\/2022\/08\/IMG_4072-300x192.jpg 300w, https:\/\/dioceseteixeiradefreitas.com.br\/wp-content\/uploads\/2022\/08\/IMG_4072-1024x657.jpg 1024w, https:\/\/dioceseteixeiradefreitas.com.br\/wp-content\/uploads\/2022\/08\/IMG_4072-768x493.jpg 768w, https:\/\/dioceseteixeiradefreitas.com.br\/wp-content\/uploads\/2022\/08\/IMG_4072-1536x985.jpg 1536w, https:\/\/dioceseteixeiradefreitas.com.br\/wp-content\/uploads\/2022\/08\/IMG_4072-2048x1314.jpg 2048w\" sizes=\"auto, (max-width: 2560px) 100vw, 2560px\" \/><\/a><\/figure>\n\n\n\n<figure class=\"wp-block-image size-large\"><a href=\"https:\/\/dioceseteixeiradefreitas.com.br\/wp-content\/uploads\/2022\/08\/IMG_4074-scaled.jpg\"><img loading=\"lazy\" decoding=\"async\" width=\"2560\" height=\"1678\" data-id=\"17392\" src=\"https:\/\/dioceseteixeiradefreitas.com.br\/wp-content\/uploads\/2022\/08\/IMG_4074-scaled.jpg\" alt=\"\" class=\"wp-image-17392\" srcset=\"https:\/\/dioceseteixeiradefreitas.com.br\/wp-content\/uploads\/2022\/08\/IMG_4074-scaled.jpg 2560w, https:\/\/dioceseteixeiradefreitas.com.br\/wp-content\/uploads\/2022\/08\/IMG_4074-300x197.jpg 300w, https:\/\/dioceseteixeiradefreitas.com.br\/wp-content\/uploads\/2022\/08\/IMG_4074-1024x671.jpg 1024w, https:\/\/dioceseteixeiradefreitas.com.br\/wp-content\/uploads\/2022\/08\/IMG_4074-768x503.jpg 768w, https:\/\/dioceseteixeiradefreitas.com.br\/wp-content\/uploads\/2022\/08\/IMG_4074-1536x1007.jpg 1536w, https:\/\/dioceseteixeiradefreitas.com.br\/wp-content\/uploads\/2022\/08\/IMG_4074-2048x1342.jpg 2048w\" sizes=\"auto, (max-width: 2560px) 100vw, 2560px\" \/><\/a><\/figure>\n\n\n\n<figure class=\"wp-block-image size-large\"><a href=\"https:\/\/dioceseteixeiradefreitas.com.br\/wp-content\/uploads\/2022\/08\/IMG_4080-scaled.jpg\"><img loading=\"lazy\" decoding=\"async\" width=\"2560\" height=\"1678\" data-id=\"17393\" src=\"https:\/\/dioceseteixeiradefreitas.com.br\/wp-content\/uploads\/2022\/08\/IMG_4080-scaled.jpg\" alt=\"\" class=\"wp-image-17393\" srcset=\"https:\/\/dioceseteixeiradefreitas.com.br\/wp-content\/uploads\/2022\/08\/IMG_4080-scaled.jpg 2560w, https:\/\/dioceseteixeiradefreitas.com.br\/wp-content\/uploads\/2022\/08\/IMG_4080-300x197.jpg 300w, https:\/\/dioceseteixeiradefreitas.com.br\/wp-content\/uploads\/2022\/08\/IMG_4080-1024x671.jpg 1024w, https:\/\/dioceseteixeiradefreitas.com.br\/wp-content\/uploads\/2022\/08\/IMG_4080-768x503.jpg 768w, https:\/\/dioceseteixeiradefreitas.com.br\/wp-content\/uploads\/2022\/08\/IMG_4080-1536x1007.jpg 1536w, https:\/\/dioceseteixeiradefreitas.com.br\/wp-content\/uploads\/2022\/08\/IMG_4080-2048x1342.jpg 2048w\" sizes=\"auto, (max-width: 2560px) 100vw, 2560px\" \/><\/a><\/figure>\n\n\n\n<figure class=\"wp-block-image size-large\"><a href=\"https:\/\/dioceseteixeiradefreitas.com.br\/wp-content\/uploads\/2022\/08\/IMG_4085-scaled.jpg\"><img loading=\"lazy\" decoding=\"async\" width=\"2560\" height=\"1678\" data-id=\"17394\" src=\"https:\/\/dioceseteixeiradefreitas.com.br\/wp-content\/uploads\/2022\/08\/IMG_4085-scaled.jpg\" alt=\"\" class=\"wp-image-17394\" srcset=\"https:\/\/dioceseteixeiradefreitas.com.br\/wp-content\/uploads\/2022\/08\/IMG_4085-scaled.jpg 2560w, https:\/\/dioceseteixeiradefreitas.com.br\/wp-content\/uploads\/2022\/08\/IMG_4085-300x197.jpg 300w, https:\/\/dioceseteixeiradefreitas.com.br\/wp-content\/uploads\/2022\/08\/IMG_4085-1024x671.jpg 1024w, https:\/\/dioceseteixeiradefreitas.com.br\/wp-content\/uploads\/2022\/08\/IMG_4085-768x503.jpg 768w, https:\/\/dioceseteixeiradefreitas.com.br\/wp-content\/uploads\/2022\/08\/IMG_4085-1536x1007.jpg 1536w, https:\/\/dioceseteixeiradefreitas.com.br\/wp-content\/uploads\/2022\/08\/IMG_4085-2048x1342.jpg 2048w\" sizes=\"auto, (max-width: 2560px) 100vw, 2560px\" \/><\/a><\/figure>\n\n\n\n<figure class=\"wp-block-image size-large\"><a href=\"https:\/\/dioceseteixeiradefreitas.com.br\/wp-content\/uploads\/2022\/08\/IMG_4087-scaled.jpg\"><img loading=\"lazy\" decoding=\"async\" width=\"2560\" height=\"1607\" data-id=\"17395\" src=\"https:\/\/dioceseteixeiradefreitas.com.br\/wp-content\/uploads\/2022\/08\/IMG_4087-scaled.jpg\" alt=\"\" class=\"wp-image-17395\" srcset=\"https:\/\/dioceseteixeiradefreitas.com.br\/wp-content\/uploads\/2022\/08\/IMG_4087-scaled.jpg 2560w, https:\/\/dioceseteixeiradefreitas.com.br\/wp-content\/uploads\/2022\/08\/IMG_4087-300x188.jpg 300w, https:\/\/dioceseteixeiradefreitas.com.br\/wp-content\/uploads\/2022\/08\/IMG_4087-1024x643.jpg 1024w, https:\/\/dioceseteixeiradefreitas.com.br\/wp-content\/uploads\/2022\/08\/IMG_4087-768x482.jpg 768w, https:\/\/dioceseteixeiradefreitas.com.br\/wp-content\/uploads\/2022\/08\/IMG_4087-1536x964.jpg 1536w, https:\/\/dioceseteixeiradefreitas.com.br\/wp-content\/uploads\/2022\/08\/IMG_4087-2048x1286.jpg 2048w\" sizes=\"auto, (max-width: 2560px) 100vw, 2560px\" \/><\/a><\/figure>\n\n\n\n<figure class=\"wp-block-image size-large\"><a href=\"https:\/\/dioceseteixeiradefreitas.com.br\/wp-content\/uploads\/2022\/08\/IMG_4089-scaled.jpg\"><img loading=\"lazy\" decoding=\"async\" width=\"2560\" height=\"1643\" data-id=\"17396\" src=\"https:\/\/dioceseteixeiradefreitas.com.br\/wp-content\/uploads\/2022\/08\/IMG_4089-scaled.jpg\" alt=\"\" class=\"wp-image-17396\" srcset=\"https:\/\/dioceseteixeiradefreitas.com.br\/wp-content\/uploads\/2022\/08\/IMG_4089-scaled.jpg 2560w, https:\/\/dioceseteixeiradefreitas.com.br\/wp-content\/uploads\/2022\/08\/IMG_4089-300x192.jpg 300w, https:\/\/dioceseteixeiradefreitas.com.br\/wp-content\/uploads\/2022\/08\/IMG_4089-1024x657.jpg 1024w, https:\/\/dioceseteixeiradefreitas.com.br\/wp-content\/uploads\/2022\/08\/IMG_4089-768x493.jpg 768w, https:\/\/dioceseteixeiradefreitas.com.br\/wp-content\/uploads\/2022\/08\/IMG_4089-1536x986.jpg 1536w, https:\/\/dioceseteixeiradefreitas.com.br\/wp-content\/uploads\/2022\/08\/IMG_4089-2048x1314.jpg 2048w\" sizes=\"auto, (max-width: 2560px) 100vw, 2560px\" \/><\/a><\/figure>\n\n\n\n<figure class=\"wp-block-image size-large\"><a href=\"https:\/\/dioceseteixeiradefreitas.com.br\/wp-content\/uploads\/2022\/08\/IMG_4091-scaled.jpg\"><img loading=\"lazy\" decoding=\"async\" width=\"2560\" height=\"1679\" data-id=\"17397\" src=\"https:\/\/dioceseteixeiradefreitas.com.br\/wp-content\/uploads\/2022\/08\/IMG_4091-scaled.jpg\" alt=\"\" class=\"wp-image-17397\" srcset=\"https:\/\/dioceseteixeiradefreitas.com.br\/wp-content\/uploads\/2022\/08\/IMG_4091-scaled.jpg 2560w, https:\/\/dioceseteixeiradefreitas.com.br\/wp-content\/uploads\/2022\/08\/IMG_4091-300x197.jpg 300w, https:\/\/dioceseteixeiradefreitas.com.br\/wp-content\/uploads\/2022\/08\/IMG_4091-1024x672.jpg 1024w, https:\/\/dioceseteixeiradefreitas.com.br\/wp-content\/uploads\/2022\/08\/IMG_4091-768x504.jpg 768w, https:\/\/dioceseteixeiradefreitas.com.br\/wp-content\/uploads\/2022\/08\/IMG_4091-1536x1008.jpg 1536w, https:\/\/dioceseteixeiradefreitas.com.br\/wp-content\/uploads\/2022\/08\/IMG_4091-2048x1344.jpg 2048w\" sizes=\"auto, (max-width: 2560px) 100vw, 2560px\" \/><\/a><\/figure>\n\n\n\n<figure class=\"wp-block-image size-large\"><a href=\"https:\/\/dioceseteixeiradefreitas.com.br\/wp-content\/uploads\/2022\/08\/IMG_4099-scaled.jpg\"><img loading=\"lazy\" decoding=\"async\" width=\"2560\" height=\"1777\" data-id=\"17400\" src=\"https:\/\/dioceseteixeiradefreitas.com.br\/wp-content\/uploads\/2022\/08\/IMG_4099-scaled.jpg\" alt=\"\" class=\"wp-image-17400\" srcset=\"https:\/\/dioceseteixeiradefreitas.com.br\/wp-content\/uploads\/2022\/08\/IMG_4099-scaled.jpg 2560w, https:\/\/dioceseteixeiradefreitas.com.br\/wp-content\/uploads\/2022\/08\/IMG_4099-300x208.jpg 300w, https:\/\/dioceseteixeiradefreitas.com.br\/wp-content\/uploads\/2022\/08\/IMG_4099-1024x711.jpg 1024w, https:\/\/dioceseteixeiradefreitas.com.br\/wp-content\/uploads\/2022\/08\/IMG_4099-768x533.jpg 768w, https:\/\/dioceseteixeiradefreitas.com.br\/wp-content\/uploads\/2022\/08\/IMG_4099-1536x1066.jpg 1536w, https:\/\/dioceseteixeiradefreitas.com.br\/wp-content\/uploads\/2022\/08\/IMG_4099-2048x1422.jpg 2048w\" sizes=\"auto, (max-width: 2560px) 100vw, 2560px\" \/><\/a><\/figure>\n\n\n\n<figure class=\"wp-block-image size-large\"><a href=\"https:\/\/dioceseteixeiradefreitas.com.br\/wp-content\/uploads\/2022\/08\/IMG_4096-scaled.jpg\"><img loading=\"lazy\" decoding=\"async\" width=\"2560\" height=\"1643\" data-id=\"17399\" src=\"https:\/\/dioceseteixeiradefreitas.com.br\/wp-content\/uploads\/2022\/08\/IMG_4096-scaled.jpg\" alt=\"\" class=\"wp-image-17399\" srcset=\"https:\/\/dioceseteixeiradefreitas.com.br\/wp-content\/uploads\/2022\/08\/IMG_4096-scaled.jpg 2560w, https:\/\/dioceseteixeiradefreitas.com.br\/wp-content\/uploads\/2022\/08\/IMG_4096-300x192.jpg 300w, https:\/\/dioceseteixeiradefreitas.com.br\/wp-content\/uploads\/2022\/08\/IMG_4096-1024x657.jpg 1024w, https:\/\/dioceseteixeiradefreitas.com.br\/wp-content\/uploads\/2022\/08\/IMG_4096-768x493.jpg 768w, https:\/\/dioceseteixeiradefreitas.com.br\/wp-content\/uploads\/2022\/08\/IMG_4096-1536x986.jpg 1536w, https:\/\/dioceseteixeiradefreitas.com.br\/wp-content\/uploads\/2022\/08\/IMG_4096-2048x1314.jpg 2048w\" sizes=\"auto, (max-width: 2560px) 100vw, 2560px\" \/><\/a><\/figure>\n\n\n\n<figure class=\"wp-block-image size-large\"><a href=\"https:\/\/dioceseteixeiradefreitas.com.br\/wp-content\/uploads\/2022\/08\/IMG_4094-scaled.jpg\"><img loading=\"lazy\" decoding=\"async\" width=\"2560\" height=\"1679\" data-id=\"17398\" src=\"https:\/\/dioceseteixeiradefreitas.com.br\/wp-content\/uploads\/2022\/08\/IMG_4094-scaled.jpg\" alt=\"\" class=\"wp-image-17398\" srcset=\"https:\/\/dioceseteixeiradefreitas.com.br\/wp-content\/uploads\/2022\/08\/IMG_4094-scaled.jpg 2560w, https:\/\/dioceseteixeiradefreitas.com.br\/wp-content\/uploads\/2022\/08\/IMG_4094-300x197.jpg 300w, https:\/\/dioceseteixeiradefreitas.com.br\/wp-content\/uploads\/2022\/08\/IMG_4094-1024x672.jpg 1024w, https:\/\/dioceseteixeiradefreitas.com.br\/wp-content\/uploads\/2022\/08\/IMG_4094-768x504.jpg 768w, https:\/\/dioceseteixeiradefreitas.com.br\/wp-content\/uploads\/2022\/08\/IMG_4094-1536x1008.jpg 1536w, https:\/\/dioceseteixeiradefreitas.com.br\/wp-content\/uploads\/2022\/08\/IMG_4094-2048x1344.jpg 2048w\" sizes=\"auto, (max-width: 2560px) 100vw, 2560px\" \/><\/a><\/figure>\n\n\n\n<figure class=\"wp-block-image size-large\"><a href=\"https:\/\/dioceseteixeiradefreitas.com.br\/wp-content\/uploads\/2022\/08\/IMG_4105-scaled.jpg\"><img loading=\"lazy\" decoding=\"async\" width=\"2560\" height=\"1777\" data-id=\"17401\" src=\"https:\/\/dioceseteixeiradefreitas.com.br\/wp-content\/uploads\/2022\/08\/IMG_4105-scaled.jpg\" alt=\"\" class=\"wp-image-17401\" srcset=\"https:\/\/dioceseteixeiradefreitas.com.br\/wp-content\/uploads\/2022\/08\/IMG_4105-scaled.jpg 2560w, https:\/\/dioceseteixeiradefreitas.com.br\/wp-content\/uploads\/2022\/08\/IMG_4105-300x208.jpg 300w, https:\/\/dioceseteixeiradefreitas.com.br\/wp-content\/uploads\/2022\/08\/IMG_4105-1024x711.jpg 1024w, https:\/\/dioceseteixeiradefreitas.com.br\/wp-content\/uploads\/2022\/08\/IMG_4105-768x533.jpg 768w, https:\/\/dioceseteixeiradefreitas.com.br\/wp-content\/uploads\/2022\/08\/IMG_4105-1536x1066.jpg 1536w, https:\/\/dioceseteixeiradefreitas.com.br\/wp-content\/uploads\/2022\/08\/IMG_4105-2048x1422.jpg 2048w\" sizes=\"auto, (max-width: 2560px) 100vw, 2560px\" \/><\/a><\/figure>\n\n\n\n<figure class=\"wp-block-image size-large\"><a href=\"https:\/\/dioceseteixeiradefreitas.com.br\/wp-content\/uploads\/2022\/08\/IMG_4107-scaled.jpg\"><img loading=\"lazy\" decoding=\"async\" width=\"2560\" height=\"1774\" data-id=\"17402\" src=\"https:\/\/dioceseteixeiradefreitas.com.br\/wp-content\/uploads\/2022\/08\/IMG_4107-scaled.jpg\" alt=\"\" class=\"wp-image-17402\" srcset=\"https:\/\/dioceseteixeiradefreitas.com.br\/wp-content\/uploads\/2022\/08\/IMG_4107-scaled.jpg 2560w, https:\/\/dioceseteixeiradefreitas.com.br\/wp-content\/uploads\/2022\/08\/IMG_4107-300x208.jpg 300w, https:\/\/dioceseteixeiradefreitas.com.br\/wp-content\/uploads\/2022\/08\/IMG_4107-1024x710.jpg 1024w, https:\/\/dioceseteixeiradefreitas.com.br\/wp-content\/uploads\/2022\/08\/IMG_4107-768x532.jpg 768w, https:\/\/dioceseteixeiradefreitas.com.br\/wp-content\/uploads\/2022\/08\/IMG_4107-1536x1064.jpg 1536w, https:\/\/dioceseteixeiradefreitas.com.br\/wp-content\/uploads\/2022\/08\/IMG_4107-2048x1419.jpg 2048w\" sizes=\"auto, (max-width: 2560px) 100vw, 2560px\" \/><\/a><\/figure>\n\n\n\n<figure class=\"wp-block-image size-large\"><a href=\"https:\/\/dioceseteixeiradefreitas.com.br\/wp-content\/uploads\/2022\/08\/IMG_4111-scaled.jpg\"><img loading=\"lazy\" decoding=\"async\" width=\"2560\" height=\"1616\" data-id=\"17404\" src=\"https:\/\/dioceseteixeiradefreitas.com.br\/wp-content\/uploads\/2022\/08\/IMG_4111-scaled.jpg\" alt=\"\" class=\"wp-image-17404\" srcset=\"https:\/\/dioceseteixeiradefreitas.com.br\/wp-content\/uploads\/2022\/08\/IMG_4111-scaled.jpg 2560w, https:\/\/dioceseteixeiradefreitas.com.br\/wp-content\/uploads\/2022\/08\/IMG_4111-300x189.jpg 300w, https:\/\/dioceseteixeiradefreitas.com.br\/wp-content\/uploads\/2022\/08\/IMG_4111-1024x646.jpg 1024w, https:\/\/dioceseteixeiradefreitas.com.br\/wp-content\/uploads\/2022\/08\/IMG_4111-768x485.jpg 768w, https:\/\/dioceseteixeiradefreitas.com.br\/wp-content\/uploads\/2022\/08\/IMG_4111-1536x969.jpg 1536w, https:\/\/dioceseteixeiradefreitas.com.br\/wp-content\/uploads\/2022\/08\/IMG_4111-2048x1292.jpg 2048w\" sizes=\"auto, (max-width: 2560px) 100vw, 2560px\" \/><\/a><\/figure>\n\n\n\n<figure class=\"wp-block-image size-large\"><a href=\"https:\/\/dioceseteixeiradefreitas.com.br\/wp-content\/uploads\/2022\/08\/IMG_4108-scaled.jpg\"><img loading=\"lazy\" decoding=\"async\" width=\"2560\" height=\"1914\" data-id=\"17403\" src=\"https:\/\/dioceseteixeiradefreitas.com.br\/wp-content\/uploads\/2022\/08\/IMG_4108-scaled.jpg\" alt=\"\" class=\"wp-image-17403\" srcset=\"https:\/\/dioceseteixeiradefreitas.com.br\/wp-content\/uploads\/2022\/08\/IMG_4108-scaled.jpg 2560w, https:\/\/dioceseteixeiradefreitas.com.br\/wp-content\/uploads\/2022\/08\/IMG_4108-300x224.jpg 300w, https:\/\/dioceseteixeiradefreitas.com.br\/wp-content\/uploads\/2022\/08\/IMG_4108-1024x766.jpg 1024w, https:\/\/dioceseteixeiradefreitas.com.br\/wp-content\/uploads\/2022\/08\/IMG_4108-768x574.jpg 768w, https:\/\/dioceseteixeiradefreitas.com.br\/wp-content\/uploads\/2022\/08\/IMG_4108-1536x1149.jpg 1536w, https:\/\/dioceseteixeiradefreitas.com.br\/wp-content\/uploads\/2022\/08\/IMG_4108-2048x1532.jpg 2048w\" sizes=\"auto, (max-width: 2560px) 100vw, 2560px\" \/><\/a><\/figure>\n\n\n\n<figure class=\"wp-block-image size-large\"><a href=\"https:\/\/dioceseteixeiradefreitas.com.br\/wp-content\/uploads\/2022\/08\/IMG_4119-scaled.jpg\"><img loading=\"lazy\" decoding=\"async\" width=\"2560\" height=\"1634\" data-id=\"17407\" src=\"https:\/\/dioceseteixeiradefreitas.com.br\/wp-content\/uploads\/2022\/08\/IMG_4119-scaled.jpg\" alt=\"\" class=\"wp-image-17407\" srcset=\"https:\/\/dioceseteixeiradefreitas.com.br\/wp-content\/uploads\/2022\/08\/IMG_4119-scaled.jpg 2560w, https:\/\/dioceseteixeiradefreitas.com.br\/wp-content\/uploads\/2022\/08\/IMG_4119-300x191.jpg 300w, https:\/\/dioceseteixeiradefreitas.com.br\/wp-content\/uploads\/2022\/08\/IMG_4119-1024x654.jpg 1024w, https:\/\/dioceseteixeiradefreitas.com.br\/wp-content\/uploads\/2022\/08\/IMG_4119-768x490.jpg 768w, https:\/\/dioceseteixeiradefreitas.com.br\/wp-content\/uploads\/2022\/08\/IMG_4119-1536x980.jpg 1536w, https:\/\/dioceseteixeiradefreitas.com.br\/wp-content\/uploads\/2022\/08\/IMG_4119-2048x1307.jpg 2048w\" sizes=\"auto, (max-width: 2560px) 100vw, 2560px\" \/><\/a><\/figure>\n\n\n\n<figure class=\"wp-block-image size-large\"><a href=\"https:\/\/dioceseteixeiradefreitas.com.br\/wp-content\/uploads\/2022\/08\/IMG_4117-scaled.jpg\"><img loading=\"lazy\" decoding=\"async\" width=\"2560\" height=\"1704\" data-id=\"17406\" src=\"https:\/\/dioceseteixeiradefreitas.com.br\/wp-content\/uploads\/2022\/08\/IMG_4117-scaled.jpg\" alt=\"\" class=\"wp-image-17406\" srcset=\"https:\/\/dioceseteixeiradefreitas.com.br\/wp-content\/uploads\/2022\/08\/IMG_4117-scaled.jpg 2560w, https:\/\/dioceseteixeiradefreitas.com.br\/wp-content\/uploads\/2022\/08\/IMG_4117-300x200.jpg 300w, https:\/\/dioceseteixeiradefreitas.com.br\/wp-content\/uploads\/2022\/08\/IMG_4117-1024x682.jpg 1024w, https:\/\/dioceseteixeiradefreitas.com.br\/wp-content\/uploads\/2022\/08\/IMG_4117-768x511.jpg 768w, https:\/\/dioceseteixeiradefreitas.com.br\/wp-content\/uploads\/2022\/08\/IMG_4117-1536x1023.jpg 1536w, https:\/\/dioceseteixeiradefreitas.com.br\/wp-content\/uploads\/2022\/08\/IMG_4117-2048x1364.jpg 2048w\" sizes=\"auto, (max-width: 2560px) 100vw, 2560px\" \/><\/a><\/figure>\n\n\n\n<figure class=\"wp-block-image size-large\"><a href=\"https:\/\/dioceseteixeiradefreitas.com.br\/wp-content\/uploads\/2022\/08\/IMG_4120-scaled.jpg\"><img loading=\"lazy\" decoding=\"async\" width=\"2560\" height=\"1753\" data-id=\"17408\" src=\"https:\/\/dioceseteixeiradefreitas.com.br\/wp-content\/uploads\/2022\/08\/IMG_4120-scaled.jpg\" alt=\"\" class=\"wp-image-17408\" srcset=\"https:\/\/dioceseteixeiradefreitas.com.br\/wp-content\/uploads\/2022\/08\/IMG_4120-scaled.jpg 2560w, https:\/\/dioceseteixeiradefreitas.com.br\/wp-content\/uploads\/2022\/08\/IMG_4120-300x205.jpg 300w, https:\/\/dioceseteixeiradefreitas.com.br\/wp-content\/uploads\/2022\/08\/IMG_4120-1024x701.jpg 1024w, https:\/\/dioceseteixeiradefreitas.com.br\/wp-content\/uploads\/2022\/08\/IMG_4120-768x526.jpg 768w, https:\/\/dioceseteixeiradefreitas.com.br\/wp-content\/uploads\/2022\/08\/IMG_4120-1536x1052.jpg 1536w, https:\/\/dioceseteixeiradefreitas.com.br\/wp-content\/uploads\/2022\/08\/IMG_4120-2048x1402.jpg 2048w, https:\/\/dioceseteixeiradefreitas.com.br\/wp-content\/uploads\/2022\/08\/IMG_4120-220x150.jpg 220w\" sizes=\"auto, (max-width: 2560px) 100vw, 2560px\" \/><\/a><\/figure>\n\n\n\n<figure class=\"wp-block-image size-large\"><a href=\"https:\/\/dioceseteixeiradefreitas.com.br\/wp-content\/uploads\/2022\/08\/IMG_4138-scaled.jpg\"><img loading=\"lazy\" decoding=\"async\" width=\"2560\" height=\"1716\" data-id=\"17409\" src=\"https:\/\/dioceseteixeiradefreitas.com.br\/wp-content\/uploads\/2022\/08\/IMG_4138-scaled.jpg\" alt=\"\" class=\"wp-image-17409\" srcset=\"https:\/\/dioceseteixeiradefreitas.com.br\/wp-content\/uploads\/2022\/08\/IMG_4138-scaled.jpg 2560w, https:\/\/dioceseteixeiradefreitas.com.br\/wp-content\/uploads\/2022\/08\/IMG_4138-300x201.jpg 300w, https:\/\/dioceseteixeiradefreitas.com.br\/wp-content\/uploads\/2022\/08\/IMG_4138-1024x686.jpg 1024w, https:\/\/dioceseteixeiradefreitas.com.br\/wp-content\/uploads\/2022\/08\/IMG_4138-768x515.jpg 768w, https:\/\/dioceseteixeiradefreitas.com.br\/wp-content\/uploads\/2022\/08\/IMG_4138-1536x1030.jpg 1536w, https:\/\/dioceseteixeiradefreitas.com.br\/wp-content\/uploads\/2022\/08\/IMG_4138-2048x1373.jpg 2048w\" sizes=\"auto, (max-width: 2560px) 100vw, 2560px\" \/><\/a><\/figure>\n\n\n\n<figure class=\"wp-block-image size-large\"><a href=\"https:\/\/dioceseteixeiradefreitas.com.br\/wp-content\/uploads\/2022\/08\/IMG_4139-scaled.jpg\"><img loading=\"lazy\" decoding=\"async\" width=\"2560\" height=\"1657\" data-id=\"17410\" src=\"https:\/\/dioceseteixeiradefreitas.com.br\/wp-content\/uploads\/2022\/08\/IMG_4139-scaled.jpg\" alt=\"\" class=\"wp-image-17410\" srcset=\"https:\/\/dioceseteixeiradefreitas.com.br\/wp-content\/uploads\/2022\/08\/IMG_4139-scaled.jpg 2560w, https:\/\/dioceseteixeiradefreitas.com.br\/wp-content\/uploads\/2022\/08\/IMG_4139-300x194.jpg 300w, https:\/\/dioceseteixeiradefreitas.com.br\/wp-content\/uploads\/2022\/08\/IMG_4139-1024x663.jpg 1024w, https:\/\/dioceseteixeiradefreitas.com.br\/wp-content\/uploads\/2022\/08\/IMG_4139-768x497.jpg 768w, https:\/\/dioceseteixeiradefreitas.com.br\/wp-content\/uploads\/2022\/08\/IMG_4139-1536x994.jpg 1536w, https:\/\/dioceseteixeiradefreitas.com.br\/wp-content\/uploads\/2022\/08\/IMG_4139-2048x1326.jpg 2048w\" sizes=\"auto, (max-width: 2560px) 100vw, 2560px\" \/><\/a><\/figure>\n\n\n\n<figure class=\"wp-block-image size-large\"><a href=\"https:\/\/dioceseteixeiradefreitas.com.br\/wp-content\/uploads\/2022\/08\/IMG_4142-scaled.jpg\"><img loading=\"lazy\" decoding=\"async\" width=\"2560\" height=\"1705\" data-id=\"17411\" src=\"https:\/\/dioceseteixeiradefreitas.com.br\/wp-content\/uploads\/2022\/08\/IMG_4142-scaled.jpg\" alt=\"\" class=\"wp-image-17411\" srcset=\"https:\/\/dioceseteixeiradefreitas.com.br\/wp-content\/uploads\/2022\/08\/IMG_4142-scaled.jpg 2560w, https:\/\/dioceseteixeiradefreitas.com.br\/wp-content\/uploads\/2022\/08\/IMG_4142-300x200.jpg 300w, https:\/\/dioceseteixeiradefreitas.com.br\/wp-content\/uploads\/2022\/08\/IMG_4142-1024x682.jpg 1024w, https:\/\/dioceseteixeiradefreitas.com.br\/wp-content\/uploads\/2022\/08\/IMG_4142-768x512.jpg 768w, https:\/\/dioceseteixeiradefreitas.com.br\/wp-content\/uploads\/2022\/08\/IMG_4142-1536x1023.jpg 1536w, https:\/\/dioceseteixeiradefreitas.com.br\/wp-content\/uploads\/2022\/08\/IMG_4142-2048x1364.jpg 2048w\" sizes=\"auto, (max-width: 2560px) 100vw, 2560px\" \/><\/a><\/figure>\n\n\n\n<figure class=\"wp-block-image size-large\"><a href=\"https:\/\/dioceseteixeiradefreitas.com.br\/wp-content\/uploads\/2022\/08\/IMG_4143-scaled.jpg\"><img loading=\"lazy\" decoding=\"async\" width=\"2560\" height=\"1705\" data-id=\"17412\" src=\"https:\/\/dioceseteixeiradefreitas.com.br\/wp-content\/uploads\/2022\/08\/IMG_4143-scaled.jpg\" alt=\"\" class=\"wp-image-17412\" srcset=\"https:\/\/dioceseteixeiradefreitas.com.br\/wp-content\/uploads\/2022\/08\/IMG_4143-scaled.jpg 2560w, https:\/\/dioceseteixeiradefreitas.com.br\/wp-content\/uploads\/2022\/08\/IMG_4143-300x200.jpg 300w, https:\/\/dioceseteixeiradefreitas.com.br\/wp-content\/uploads\/2022\/08\/IMG_4143-1024x682.jpg 1024w, https:\/\/dioceseteixeiradefreitas.com.br\/wp-content\/uploads\/2022\/08\/IMG_4143-768x512.jpg 768w, https:\/\/dioceseteixeiradefreitas.com.br\/wp-content\/uploads\/2022\/08\/IMG_4143-1536x1023.jpg 1536w, https:\/\/dioceseteixeiradefreitas.com.br\/wp-content\/uploads\/2022\/08\/IMG_4143-2048x1364.jpg 2048w\" sizes=\"auto, (max-width: 2560px) 100vw, 2560px\" \/><\/a><\/figure>\n\n\n\n<figure class=\"wp-block-image size-large\"><a href=\"https:\/\/dioceseteixeiradefreitas.com.br\/wp-content\/uploads\/2022\/08\/IMG_4149-scaled.jpg\"><img loading=\"lazy\" decoding=\"async\" width=\"2560\" height=\"1705\" data-id=\"17413\" src=\"https:\/\/dioceseteixeiradefreitas.com.br\/wp-content\/uploads\/2022\/08\/IMG_4149-scaled.jpg\" alt=\"\" class=\"wp-image-17413\" srcset=\"https:\/\/dioceseteixeiradefreitas.com.br\/wp-content\/uploads\/2022\/08\/IMG_4149-scaled.jpg 2560w, https:\/\/dioceseteixeiradefreitas.com.br\/wp-content\/uploads\/2022\/08\/IMG_4149-300x200.jpg 300w, https:\/\/dioceseteixeiradefreitas.com.br\/wp-content\/uploads\/2022\/08\/IMG_4149-1024x682.jpg 1024w, https:\/\/dioceseteixeiradefreitas.com.br\/wp-content\/uploads\/2022\/08\/IMG_4149-768x512.jpg 768w, https:\/\/dioceseteixeiradefreitas.com.br\/wp-content\/uploads\/2022\/08\/IMG_4149-1536x1023.jpg 1536w, https:\/\/dioceseteixeiradefreitas.com.br\/wp-content\/uploads\/2022\/08\/IMG_4149-2048x1364.jpg 2048w\" sizes=\"auto, (max-width: 2560px) 100vw, 2560px\" \/><\/a><\/figure>\n\n\n\n<figure class=\"wp-block-image size-large\"><a href=\"https:\/\/dioceseteixeiradefreitas.com.br\/wp-content\/uploads\/2022\/08\/IMG_4150-scaled.jpg\"><img loading=\"lazy\" decoding=\"async\" width=\"2560\" height=\"1707\" data-id=\"17414\" src=\"https:\/\/dioceseteixeiradefreitas.com.br\/wp-content\/uploads\/2022\/08\/IMG_4150-scaled.jpg\" alt=\"\" class=\"wp-image-17414\" srcset=\"https:\/\/dioceseteixeiradefreitas.com.br\/wp-content\/uploads\/2022\/08\/IMG_4150-scaled.jpg 2560w, https:\/\/dioceseteixeiradefreitas.com.br\/wp-content\/uploads\/2022\/08\/IMG_4150-300x200.jpg 300w, https:\/\/dioceseteixeiradefreitas.com.br\/wp-content\/uploads\/2022\/08\/IMG_4150-1024x683.jpg 1024w, https:\/\/dioceseteixeiradefreitas.com.br\/wp-content\/uploads\/2022\/08\/IMG_4150-768x512.jpg 768w, https:\/\/dioceseteixeiradefreitas.com.br\/wp-content\/uploads\/2022\/08\/IMG_4150-1536x1024.jpg 1536w, https:\/\/dioceseteixeiradefreitas.com.br\/wp-content\/uploads\/2022\/08\/IMG_4150-2048x1365.jpg 2048w\" sizes=\"auto, (max-width: 2560px) 100vw, 2560px\" \/><\/a><\/figure>\n\n\n\n<figure class=\"wp-block-image size-large\"><a href=\"https:\/\/dioceseteixeiradefreitas.com.br\/wp-content\/uploads\/2022\/08\/IMG_4157-scaled.jpg\"><img loading=\"lazy\" decoding=\"async\" width=\"2560\" height=\"1793\" data-id=\"17415\" src=\"https:\/\/dioceseteixeiradefreitas.com.br\/wp-content\/uploads\/2022\/08\/IMG_4157-scaled.jpg\" alt=\"\" class=\"wp-image-17415\" srcset=\"https:\/\/dioceseteixeiradefreitas.com.br\/wp-content\/uploads\/2022\/08\/IMG_4157-scaled.jpg 2560w, https:\/\/dioceseteixeiradefreitas.com.br\/wp-content\/uploads\/2022\/08\/IMG_4157-300x210.jpg 300w, https:\/\/dioceseteixeiradefreitas.com.br\/wp-content\/uploads\/2022\/08\/IMG_4157-1024x717.jpg 1024w, https:\/\/dioceseteixeiradefreitas.com.br\/wp-content\/uploads\/2022\/08\/IMG_4157-768x538.jpg 768w, https:\/\/dioceseteixeiradefreitas.com.br\/wp-content\/uploads\/2022\/08\/IMG_4157-1536x1076.jpg 1536w, https:\/\/dioceseteixeiradefreitas.com.br\/wp-content\/uploads\/2022\/08\/IMG_4157-2048x1434.jpg 2048w\" sizes=\"auto, (max-width: 2560px) 100vw, 2560px\" \/><\/a><\/figure>\n\n\n\n<figure class=\"wp-block-image size-large\"><a href=\"https:\/\/dioceseteixeiradefreitas.com.br\/wp-content\/uploads\/2022\/08\/IMG_4161-scaled.jpg\"><img loading=\"lazy\" decoding=\"async\" width=\"2560\" height=\"1793\" data-id=\"17416\" src=\"https:\/\/dioceseteixeiradefreitas.com.br\/wp-content\/uploads\/2022\/08\/IMG_4161-scaled.jpg\" alt=\"\" class=\"wp-image-17416\" srcset=\"https:\/\/dioceseteixeiradefreitas.com.br\/wp-content\/uploads\/2022\/08\/IMG_4161-scaled.jpg 2560w, https:\/\/dioceseteixeiradefreitas.com.br\/wp-content\/uploads\/2022\/08\/IMG_4161-300x210.jpg 300w, https:\/\/dioceseteixeiradefreitas.com.br\/wp-content\/uploads\/2022\/08\/IMG_4161-1024x717.jpg 1024w, https:\/\/dioceseteixeiradefreitas.com.br\/wp-content\/uploads\/2022\/08\/IMG_4161-768x538.jpg 768w, https:\/\/dioceseteixeiradefreitas.com.br\/wp-content\/uploads\/2022\/08\/IMG_4161-1536x1076.jpg 1536w, https:\/\/dioceseteixeiradefreitas.com.br\/wp-content\/uploads\/2022\/08\/IMG_4161-2048x1434.jpg 2048w\" sizes=\"auto, (max-width: 2560px) 100vw, 2560px\" \/><\/a><\/figure>\n\n\n\n<figure class=\"wp-block-image size-large\"><a href=\"https:\/\/dioceseteixeiradefreitas.com.br\/wp-content\/uploads\/2022\/08\/IMG_4163-scaled.jpg\"><img loading=\"lazy\" decoding=\"async\" width=\"2560\" height=\"2050\" data-id=\"17417\" src=\"https:\/\/dioceseteixeiradefreitas.com.br\/wp-content\/uploads\/2022\/08\/IMG_4163-scaled.jpg\" alt=\"\" class=\"wp-image-17417\" srcset=\"https:\/\/dioceseteixeiradefreitas.com.br\/wp-content\/uploads\/2022\/08\/IMG_4163-scaled.jpg 2560w, https:\/\/dioceseteixeiradefreitas.com.br\/wp-content\/uploads\/2022\/08\/IMG_4163-300x240.jpg 300w, https:\/\/dioceseteixeiradefreitas.com.br\/wp-content\/uploads\/2022\/08\/IMG_4163-1024x820.jpg 1024w, https:\/\/dioceseteixeiradefreitas.com.br\/wp-content\/uploads\/2022\/08\/IMG_4163-768x615.jpg 768w, https:\/\/dioceseteixeiradefreitas.com.br\/wp-content\/uploads\/2022\/08\/IMG_4163-1536x1230.jpg 1536w, https:\/\/dioceseteixeiradefreitas.com.br\/wp-content\/uploads\/2022\/08\/IMG_4163-2048x1640.jpg 2048w\" sizes=\"auto, (max-width: 2560px) 100vw, 2560px\" \/><\/a><\/figure>\n\n\n\n<figure class=\"wp-block-image size-large\"><a href=\"https:\/\/dioceseteixeiradefreitas.com.br\/wp-content\/uploads\/2022\/08\/IMG_4164-scaled.jpg\"><img loading=\"lazy\" decoding=\"async\" width=\"2560\" height=\"1705\" data-id=\"17418\" src=\"https:\/\/dioceseteixeiradefreitas.com.br\/wp-content\/uploads\/2022\/08\/IMG_4164-scaled.jpg\" alt=\"\" class=\"wp-image-17418\" srcset=\"https:\/\/dioceseteixeiradefreitas.com.br\/wp-content\/uploads\/2022\/08\/IMG_4164-scaled.jpg 2560w, https:\/\/dioceseteixeiradefreitas.com.br\/wp-content\/uploads\/2022\/08\/IMG_4164-300x200.jpg 300w, https:\/\/dioceseteixeiradefreitas.com.br\/wp-content\/uploads\/2022\/08\/IMG_4164-1024x682.jpg 1024w, https:\/\/dioceseteixeiradefreitas.com.br\/wp-content\/uploads\/2022\/08\/IMG_4164-768x512.jpg 768w, https:\/\/dioceseteixeiradefreitas.com.br\/wp-content\/uploads\/2022\/08\/IMG_4164-1536x1023.jpg 1536w, https:\/\/dioceseteixeiradefreitas.com.br\/wp-content\/uploads\/2022\/08\/IMG_4164-2048x1364.jpg 2048w\" sizes=\"auto, (max-width: 2560px) 100vw, 2560px\" \/><\/a><\/figure>\n\n\n\n<figure class=\"wp-block-image size-large\"><a href=\"https:\/\/dioceseteixeiradefreitas.com.br\/wp-content\/uploads\/2022\/08\/WhatsApp-Image-2022-08-08-at-09.26.03.jpeg\"><img loading=\"lazy\" decoding=\"async\" width=\"828\" height=\"1472\" data-id=\"17482\" src=\"https:\/\/dioceseteixeiradefreitas.com.br\/wp-content\/uploads\/2022\/08\/WhatsApp-Image-2022-08-08-at-09.26.03.jpeg\" alt=\"\" class=\"wp-image-17482\" srcset=\"https:\/\/dioceseteixeiradefreitas.com.br\/wp-content\/uploads\/2022\/08\/WhatsApp-Image-2022-08-08-at-09.26.03.jpeg 828w, https:\/\/dioceseteixeiradefreitas.com.br\/wp-content\/uploads\/2022\/08\/WhatsApp-Image-2022-08-08-at-09.26.03-169x300.jpeg 169w, https:\/\/dioceseteixeiradefreitas.com.br\/wp-content\/uploads\/2022\/08\/WhatsApp-Image-2022-08-08-at-09.26.03-576x1024.jpeg 576w, https:\/\/dioceseteixeiradefreitas.com.br\/wp-content\/uploads\/2022\/08\/WhatsApp-Image-2022-08-08-at-09.26.03-768x1365.jpeg 768w\" sizes=\"auto, (max-width: 828px) 100vw, 828px\" \/><\/a><\/figure>\n\n\n\n<figure class=\"wp-block-image size-large\"><a href=\"https:\/\/dioceseteixeiradefreitas.com.br\/wp-content\/uploads\/2022\/08\/IMG_4168-scaled.jpg\"><img loading=\"lazy\" decoding=\"async\" width=\"2560\" height=\"1705\" data-id=\"17419\" src=\"https:\/\/dioceseteixeiradefreitas.com.br\/wp-content\/uploads\/2022\/08\/IMG_4168-scaled.jpg\" alt=\"\" class=\"wp-image-17419\" srcset=\"https:\/\/dioceseteixeiradefreitas.com.br\/wp-content\/uploads\/2022\/08\/IMG_4168-scaled.jpg 2560w, https:\/\/dioceseteixeiradefreitas.com.br\/wp-content\/uploads\/2022\/08\/IMG_4168-300x200.jpg 300w, https:\/\/dioceseteixeiradefreitas.com.br\/wp-content\/uploads\/2022\/08\/IMG_4168-1024x682.jpg 1024w, https:\/\/dioceseteixeiradefreitas.com.br\/wp-content\/uploads\/2022\/08\/IMG_4168-768x512.jpg 768w, https:\/\/dioceseteixeiradefreitas.com.br\/wp-content\/uploads\/2022\/08\/IMG_4168-1536x1023.jpg 1536w, https:\/\/dioceseteixeiradefreitas.com.br\/wp-content\/uploads\/2022\/08\/IMG_4168-2048x1364.jpg 2048w\" sizes=\"auto, (max-width: 2560px) 100vw, 2560px\" \/><\/a><\/figure>\n\n\n\n<figure class=\"wp-block-image size-large\"><a href=\"https:\/\/dioceseteixeiradefreitas.com.br\/wp-content\/uploads\/2022\/08\/IMG_4169-scaled.jpg\"><img loading=\"lazy\" decoding=\"async\" width=\"2560\" height=\"1705\" data-id=\"17420\" src=\"https:\/\/dioceseteixeiradefreitas.com.br\/wp-content\/uploads\/2022\/08\/IMG_4169-scaled.jpg\" alt=\"\" class=\"wp-image-17420\" srcset=\"https:\/\/dioceseteixeiradefreitas.com.br\/wp-content\/uploads\/2022\/08\/IMG_4169-scaled.jpg 2560w, https:\/\/dioceseteixeiradefreitas.com.br\/wp-content\/uploads\/2022\/08\/IMG_4169-300x200.jpg 300w, https:\/\/dioceseteixeiradefreitas.com.br\/wp-content\/uploads\/2022\/08\/IMG_4169-1024x682.jpg 1024w, https:\/\/dioceseteixeiradefreitas.com.br\/wp-content\/uploads\/2022\/08\/IMG_4169-768x512.jpg 768w, https:\/\/dioceseteixeiradefreitas.com.br\/wp-content\/uploads\/2022\/08\/IMG_4169-1536x1023.jpg 1536w, https:\/\/dioceseteixeiradefreitas.com.br\/wp-content\/uploads\/2022\/08\/IMG_4169-2048x1364.jpg 2048w\" sizes=\"auto, (max-width: 2560px) 100vw, 2560px\" \/><\/a><\/figure>\n\n\n\n<figure class=\"wp-block-image size-large\"><a href=\"https:\/\/dioceseteixeiradefreitas.com.br\/wp-content\/uploads\/2022\/08\/IMG_4170-scaled.jpg\"><img loading=\"lazy\" decoding=\"async\" width=\"2560\" height=\"1705\" data-id=\"17421\" src=\"https:\/\/dioceseteixeiradefreitas.com.br\/wp-content\/uploads\/2022\/08\/IMG_4170-scaled.jpg\" alt=\"\" class=\"wp-image-17421\" srcset=\"https:\/\/dioceseteixeiradefreitas.com.br\/wp-content\/uploads\/2022\/08\/IMG_4170-scaled.jpg 2560w, https:\/\/dioceseteixeiradefreitas.com.br\/wp-content\/uploads\/2022\/08\/IMG_4170-300x200.jpg 300w, https:\/\/dioceseteixeiradefreitas.com.br\/wp-content\/uploads\/2022\/08\/IMG_4170-1024x682.jpg 1024w, https:\/\/dioceseteixeiradefreitas.com.br\/wp-content\/uploads\/2022\/08\/IMG_4170-768x512.jpg 768w, https:\/\/dioceseteixeiradefreitas.com.br\/wp-content\/uploads\/2022\/08\/IMG_4170-1536x1023.jpg 1536w, https:\/\/dioceseteixeiradefreitas.com.br\/wp-content\/uploads\/2022\/08\/IMG_4170-2048x1364.jpg 2048w\" sizes=\"auto, (max-width: 2560px) 100vw, 2560px\" \/><\/a><\/figure>\n\n\n\n<figure class=\"wp-block-image size-large\"><a href=\"https:\/\/dioceseteixeiradefreitas.com.br\/wp-content\/uploads\/2022\/08\/IMG_4180-scaled.jpg\"><img loading=\"lazy\" decoding=\"async\" width=\"2560\" height=\"1705\" data-id=\"17427\" src=\"https:\/\/dioceseteixeiradefreitas.com.br\/wp-content\/uploads\/2022\/08\/IMG_4180-scaled.jpg\" alt=\"\" class=\"wp-image-17427\" srcset=\"https:\/\/dioceseteixeiradefreitas.com.br\/wp-content\/uploads\/2022\/08\/IMG_4180-scaled.jpg 2560w, https:\/\/dioceseteixeiradefreitas.com.br\/wp-content\/uploads\/2022\/08\/IMG_4180-300x200.jpg 300w, https:\/\/dioceseteixeiradefreitas.com.br\/wp-content\/uploads\/2022\/08\/IMG_4180-1024x682.jpg 1024w, https:\/\/dioceseteixeiradefreitas.com.br\/wp-content\/uploads\/2022\/08\/IMG_4180-768x512.jpg 768w, https:\/\/dioceseteixeiradefreitas.com.br\/wp-content\/uploads\/2022\/08\/IMG_4180-1536x1023.jpg 1536w, https:\/\/dioceseteixeiradefreitas.com.br\/wp-content\/uploads\/2022\/08\/IMG_4180-2048x1364.jpg 2048w\" sizes=\"auto, (max-width: 2560px) 100vw, 2560px\" \/><\/a><\/figure>\n\n\n\n<figure class=\"wp-block-image size-large\"><a href=\"https:\/\/dioceseteixeiradefreitas.com.br\/wp-content\/uploads\/2022\/08\/IMG_4178-scaled.jpg\"><img loading=\"lazy\" decoding=\"async\" width=\"2560\" height=\"1705\" data-id=\"17426\" src=\"https:\/\/dioceseteixeiradefreitas.com.br\/wp-content\/uploads\/2022\/08\/IMG_4178-scaled.jpg\" alt=\"\" class=\"wp-image-17426\" srcset=\"https:\/\/dioceseteixeiradefreitas.com.br\/wp-content\/uploads\/2022\/08\/IMG_4178-scaled.jpg 2560w, https:\/\/dioceseteixeiradefreitas.com.br\/wp-content\/uploads\/2022\/08\/IMG_4178-300x200.jpg 300w, https:\/\/dioceseteixeiradefreitas.com.br\/wp-content\/uploads\/2022\/08\/IMG_4178-1024x682.jpg 1024w, https:\/\/dioceseteixeiradefreitas.com.br\/wp-content\/uploads\/2022\/08\/IMG_4178-768x512.jpg 768w, https:\/\/dioceseteixeiradefreitas.com.br\/wp-content\/uploads\/2022\/08\/IMG_4178-1536x1023.jpg 1536w, https:\/\/dioceseteixeiradefreitas.com.br\/wp-content\/uploads\/2022\/08\/IMG_4178-2048x1364.jpg 2048w\" sizes=\"auto, (max-width: 2560px) 100vw, 2560px\" \/><\/a><\/figure>\n\n\n\n<figure class=\"wp-block-image size-large\"><a href=\"https:\/\/dioceseteixeiradefreitas.com.br\/wp-content\/uploads\/2022\/08\/IMG_4176-scaled.jpg\"><img loading=\"lazy\" decoding=\"async\" width=\"2560\" height=\"1705\" data-id=\"17425\" src=\"https:\/\/dioceseteixeiradefreitas.com.br\/wp-content\/uploads\/2022\/08\/IMG_4176-scaled.jpg\" alt=\"\" class=\"wp-image-17425\" srcset=\"https:\/\/dioceseteixeiradefreitas.com.br\/wp-content\/uploads\/2022\/08\/IMG_4176-scaled.jpg 2560w, https:\/\/dioceseteixeiradefreitas.com.br\/wp-content\/uploads\/2022\/08\/IMG_4176-300x200.jpg 300w, https:\/\/dioceseteixeiradefreitas.com.br\/wp-content\/uploads\/2022\/08\/IMG_4176-1024x682.jpg 1024w, https:\/\/dioceseteixeiradefreitas.com.br\/wp-content\/uploads\/2022\/08\/IMG_4176-768x512.jpg 768w, https:\/\/dioceseteixeiradefreitas.com.br\/wp-content\/uploads\/2022\/08\/IMG_4176-1536x1023.jpg 1536w, https:\/\/dioceseteixeiradefreitas.com.br\/wp-content\/uploads\/2022\/08\/IMG_4176-2048x1364.jpg 2048w\" sizes=\"auto, (max-width: 2560px) 100vw, 2560px\" \/><\/a><\/figure>\n\n\n\n<figure class=\"wp-block-image size-large\"><a href=\"https:\/\/dioceseteixeiradefreitas.com.br\/wp-content\/uploads\/2022\/08\/IMG_4175-scaled.jpg\"><img loading=\"lazy\" decoding=\"async\" width=\"2560\" height=\"1705\" data-id=\"17424\" src=\"https:\/\/dioceseteixeiradefreitas.com.br\/wp-content\/uploads\/2022\/08\/IMG_4175-scaled.jpg\" alt=\"\" class=\"wp-image-17424\" srcset=\"https:\/\/dioceseteixeiradefreitas.com.br\/wp-content\/uploads\/2022\/08\/IMG_4175-scaled.jpg 2560w, https:\/\/dioceseteixeiradefreitas.com.br\/wp-content\/uploads\/2022\/08\/IMG_4175-300x200.jpg 300w, https:\/\/dioceseteixeiradefreitas.com.br\/wp-content\/uploads\/2022\/08\/IMG_4175-1024x682.jpg 1024w, https:\/\/dioceseteixeiradefreitas.com.br\/wp-content\/uploads\/2022\/08\/IMG_4175-768x512.jpg 768w, https:\/\/dioceseteixeiradefreitas.com.br\/wp-content\/uploads\/2022\/08\/IMG_4175-1536x1023.jpg 1536w, https:\/\/dioceseteixeiradefreitas.com.br\/wp-content\/uploads\/2022\/08\/IMG_4175-2048x1364.jpg 2048w\" sizes=\"auto, (max-width: 2560px) 100vw, 2560px\" \/><\/a><\/figure>\n\n\n\n<figure class=\"wp-block-image size-large\"><a href=\"https:\/\/dioceseteixeiradefreitas.com.br\/wp-content\/uploads\/2022\/08\/IMG_4173-scaled.jpg\"><img loading=\"lazy\" decoding=\"async\" width=\"2560\" height=\"1705\" data-id=\"17423\" src=\"https:\/\/dioceseteixeiradefreitas.com.br\/wp-content\/uploads\/2022\/08\/IMG_4173-scaled.jpg\" alt=\"\" class=\"wp-image-17423\" srcset=\"https:\/\/dioceseteixeiradefreitas.com.br\/wp-content\/uploads\/2022\/08\/IMG_4173-scaled.jpg 2560w, https:\/\/dioceseteixeiradefreitas.com.br\/wp-content\/uploads\/2022\/08\/IMG_4173-300x200.jpg 300w, https:\/\/dioceseteixeiradefreitas.com.br\/wp-content\/uploads\/2022\/08\/IMG_4173-1024x682.jpg 1024w, https:\/\/dioceseteixeiradefreitas.com.br\/wp-content\/uploads\/2022\/08\/IMG_4173-768x512.jpg 768w, https:\/\/dioceseteixeiradefreitas.com.br\/wp-content\/uploads\/2022\/08\/IMG_4173-1536x1023.jpg 1536w, https:\/\/dioceseteixeiradefreitas.com.br\/wp-content\/uploads\/2022\/08\/IMG_4173-2048x1364.jpg 2048w\" sizes=\"auto, (max-width: 2560px) 100vw, 2560px\" \/><\/a><\/figure>\n\n\n\n<figure class=\"wp-block-image size-large\"><a href=\"https:\/\/dioceseteixeiradefreitas.com.br\/wp-content\/uploads\/2022\/08\/IMG_4171-scaled.jpg\"><img loading=\"lazy\" decoding=\"async\" width=\"2560\" height=\"1705\" data-id=\"17422\" src=\"https:\/\/dioceseteixeiradefreitas.com.br\/wp-content\/uploads\/2022\/08\/IMG_4171-scaled.jpg\" alt=\"\" class=\"wp-image-17422\" srcset=\"https:\/\/dioceseteixeiradefreitas.com.br\/wp-content\/uploads\/2022\/08\/IMG_4171-scaled.jpg 2560w, https:\/\/dioceseteixeiradefreitas.com.br\/wp-content\/uploads\/2022\/08\/IMG_4171-300x200.jpg 300w, https:\/\/dioceseteixeiradefreitas.com.br\/wp-content\/uploads\/2022\/08\/IMG_4171-1024x682.jpg 1024w, https:\/\/dioceseteixeiradefreitas.com.br\/wp-content\/uploads\/2022\/08\/IMG_4171-768x512.jpg 768w, https:\/\/dioceseteixeiradefreitas.com.br\/wp-content\/uploads\/2022\/08\/IMG_4171-1536x1023.jpg 1536w, https:\/\/dioceseteixeiradefreitas.com.br\/wp-content\/uploads\/2022\/08\/IMG_4171-2048x1364.jpg 2048w\" sizes=\"auto, (max-width: 2560px) 100vw, 2560px\" \/><\/a><\/figure>\n\n\n\n<figure class=\"wp-block-image size-large\"><a href=\"https:\/\/dioceseteixeiradefreitas.com.br\/wp-content\/uploads\/2022\/08\/IMG_4181-scaled.jpg\"><img loading=\"lazy\" decoding=\"async\" width=\"2560\" height=\"1721\" data-id=\"17428\" src=\"https:\/\/dioceseteixeiradefreitas.com.br\/wp-content\/uploads\/2022\/08\/IMG_4181-scaled.jpg\" alt=\"\" class=\"wp-image-17428\" srcset=\"https:\/\/dioceseteixeiradefreitas.com.br\/wp-content\/uploads\/2022\/08\/IMG_4181-scaled.jpg 2560w, https:\/\/dioceseteixeiradefreitas.com.br\/wp-content\/uploads\/2022\/08\/IMG_4181-300x202.jpg 300w, https:\/\/dioceseteixeiradefreitas.com.br\/wp-content\/uploads\/2022\/08\/IMG_4181-1024x688.jpg 1024w, https:\/\/dioceseteixeiradefreitas.com.br\/wp-content\/uploads\/2022\/08\/IMG_4181-768x516.jpg 768w, https:\/\/dioceseteixeiradefreitas.com.br\/wp-content\/uploads\/2022\/08\/IMG_4181-1536x1033.jpg 1536w, https:\/\/dioceseteixeiradefreitas.com.br\/wp-content\/uploads\/2022\/08\/IMG_4181-2048x1377.jpg 2048w\" sizes=\"auto, (max-width: 2560px) 100vw, 2560px\" \/><\/a><\/figure>\n\n\n\n<figure class=\"wp-block-image size-large\"><a href=\"https:\/\/dioceseteixeiradefreitas.com.br\/wp-content\/uploads\/2022\/08\/IMG_4183-scaled.jpg\"><img loading=\"lazy\" decoding=\"async\" width=\"2560\" height=\"1617\" data-id=\"17429\" src=\"https:\/\/dioceseteixeiradefreitas.com.br\/wp-content\/uploads\/2022\/08\/IMG_4183-scaled.jpg\" alt=\"\" class=\"wp-image-17429\" srcset=\"https:\/\/dioceseteixeiradefreitas.com.br\/wp-content\/uploads\/2022\/08\/IMG_4183-scaled.jpg 2560w, https:\/\/dioceseteixeiradefreitas.com.br\/wp-content\/uploads\/2022\/08\/IMG_4183-300x189.jpg 300w, https:\/\/dioceseteixeiradefreitas.com.br\/wp-content\/uploads\/2022\/08\/IMG_4183-1024x647.jpg 1024w, https:\/\/dioceseteixeiradefreitas.com.br\/wp-content\/uploads\/2022\/08\/IMG_4183-768x485.jpg 768w, https:\/\/dioceseteixeiradefreitas.com.br\/wp-content\/uploads\/2022\/08\/IMG_4183-1536x970.jpg 1536w, https:\/\/dioceseteixeiradefreitas.com.br\/wp-content\/uploads\/2022\/08\/IMG_4183-2048x1294.jpg 2048w\" sizes=\"auto, (max-width: 2560px) 100vw, 2560px\" \/><\/a><\/figure>\n\n\n\n<figure class=\"wp-block-image size-large\"><a href=\"https:\/\/dioceseteixeiradefreitas.com.br\/wp-content\/uploads\/2022\/08\/IMG_4188-scaled.jpg\"><img loading=\"lazy\" decoding=\"async\" width=\"2560\" height=\"1422\" data-id=\"17431\" src=\"https:\/\/dioceseteixeiradefreitas.com.br\/wp-content\/uploads\/2022\/08\/IMG_4188-scaled.jpg\" alt=\"\" class=\"wp-image-17431\" srcset=\"https:\/\/dioceseteixeiradefreitas.com.br\/wp-content\/uploads\/2022\/08\/IMG_4188-scaled.jpg 2560w, https:\/\/dioceseteixeiradefreitas.com.br\/wp-content\/uploads\/2022\/08\/IMG_4188-300x167.jpg 300w, https:\/\/dioceseteixeiradefreitas.com.br\/wp-content\/uploads\/2022\/08\/IMG_4188-1024x569.jpg 1024w, https:\/\/dioceseteixeiradefreitas.com.br\/wp-content\/uploads\/2022\/08\/IMG_4188-768x427.jpg 768w, https:\/\/dioceseteixeiradefreitas.com.br\/wp-content\/uploads\/2022\/08\/IMG_4188-1536x853.jpg 1536w, https:\/\/dioceseteixeiradefreitas.com.br\/wp-content\/uploads\/2022\/08\/IMG_4188-2048x1138.jpg 2048w\" sizes=\"auto, (max-width: 2560px) 100vw, 2560px\" \/><\/a><\/figure>\n\n\n\n<figure class=\"wp-block-image size-large\"><a href=\"https:\/\/dioceseteixeiradefreitas.com.br\/wp-content\/uploads\/2022\/08\/IMG_4186-scaled.jpg\"><img loading=\"lazy\" decoding=\"async\" width=\"2560\" height=\"1422\" data-id=\"17430\" src=\"https:\/\/dioceseteixeiradefreitas.com.br\/wp-content\/uploads\/2022\/08\/IMG_4186-scaled.jpg\" alt=\"\" class=\"wp-image-17430\" srcset=\"https:\/\/dioceseteixeiradefreitas.com.br\/wp-content\/uploads\/2022\/08\/IMG_4186-scaled.jpg 2560w, https:\/\/dioceseteixeiradefreitas.com.br\/wp-content\/uploads\/2022\/08\/IMG_4186-300x167.jpg 300w, https:\/\/dioceseteixeiradefreitas.com.br\/wp-content\/uploads\/2022\/08\/IMG_4186-1024x569.jpg 1024w, https:\/\/dioceseteixeiradefreitas.com.br\/wp-content\/uploads\/2022\/08\/IMG_4186-768x427.jpg 768w, https:\/\/dioceseteixeiradefreitas.com.br\/wp-content\/uploads\/2022\/08\/IMG_4186-1536x853.jpg 1536w, https:\/\/dioceseteixeiradefreitas.com.br\/wp-content\/uploads\/2022\/08\/IMG_4186-2048x1138.jpg 2048w\" sizes=\"auto, (max-width: 2560px) 100vw, 2560px\" \/><\/a><\/figure>\n\n\n\n<figure class=\"wp-block-image size-large\"><a href=\"https:\/\/dioceseteixeiradefreitas.com.br\/wp-content\/uploads\/2022\/08\/IMG_4189-scaled.jpg\"><img loading=\"lazy\" decoding=\"async\" width=\"2560\" height=\"1806\" data-id=\"17432\" src=\"https:\/\/dioceseteixeiradefreitas.com.br\/wp-content\/uploads\/2022\/08\/IMG_4189-scaled.jpg\" alt=\"\" class=\"wp-image-17432\" srcset=\"https:\/\/dioceseteixeiradefreitas.com.br\/wp-content\/uploads\/2022\/08\/IMG_4189-scaled.jpg 2560w, https:\/\/dioceseteixeiradefreitas.com.br\/wp-content\/uploads\/2022\/08\/IMG_4189-300x212.jpg 300w, https:\/\/dioceseteixeiradefreitas.com.br\/wp-content\/uploads\/2022\/08\/IMG_4189-1024x722.jpg 1024w, https:\/\/dioceseteixeiradefreitas.com.br\/wp-content\/uploads\/2022\/08\/IMG_4189-768x542.jpg 768w, https:\/\/dioceseteixeiradefreitas.com.br\/wp-content\/uploads\/2022\/08\/IMG_4189-1536x1084.jpg 1536w, https:\/\/dioceseteixeiradefreitas.com.br\/wp-content\/uploads\/2022\/08\/IMG_4189-2048x1445.jpg 2048w\" sizes=\"auto, (max-width: 2560px) 100vw, 2560px\" \/><\/a><\/figure>\n\n\n\n<figure class=\"wp-block-image size-large\"><a href=\"https:\/\/dioceseteixeiradefreitas.com.br\/wp-content\/uploads\/2022\/08\/IMG_4190-scaled.jpg\"><img loading=\"lazy\" decoding=\"async\" width=\"2560\" height=\"1587\" data-id=\"17433\" src=\"https:\/\/dioceseteixeiradefreitas.com.br\/wp-content\/uploads\/2022\/08\/IMG_4190-scaled.jpg\" alt=\"\" class=\"wp-image-17433\" srcset=\"https:\/\/dioceseteixeiradefreitas.com.br\/wp-content\/uploads\/2022\/08\/IMG_4190-scaled.jpg 2560w, https:\/\/dioceseteixeiradefreitas.com.br\/wp-content\/uploads\/2022\/08\/IMG_4190-300x186.jpg 300w, https:\/\/dioceseteixeiradefreitas.com.br\/wp-content\/uploads\/2022\/08\/IMG_4190-1024x635.jpg 1024w, https:\/\/dioceseteixeiradefreitas.com.br\/wp-content\/uploads\/2022\/08\/IMG_4190-768x476.jpg 768w, https:\/\/dioceseteixeiradefreitas.com.br\/wp-content\/uploads\/2022\/08\/IMG_4190-1536x952.jpg 1536w, https:\/\/dioceseteixeiradefreitas.com.br\/wp-content\/uploads\/2022\/08\/IMG_4190-2048x1270.jpg 2048w\" sizes=\"auto, (max-width: 2560px) 100vw, 2560px\" \/><\/a><\/figure>\n\n\n\n<figure class=\"wp-block-image size-large\"><a href=\"https:\/\/dioceseteixeiradefreitas.com.br\/wp-content\/uploads\/2022\/08\/IMG_4211-scaled.jpg\"><img loading=\"lazy\" decoding=\"async\" width=\"2560\" height=\"1703\" data-id=\"17439\" src=\"https:\/\/dioceseteixeiradefreitas.com.br\/wp-content\/uploads\/2022\/08\/IMG_4211-scaled.jpg\" alt=\"\" class=\"wp-image-17439\" srcset=\"https:\/\/dioceseteixeiradefreitas.com.br\/wp-content\/uploads\/2022\/08\/IMG_4211-scaled.jpg 2560w, https:\/\/dioceseteixeiradefreitas.com.br\/wp-content\/uploads\/2022\/08\/IMG_4211-300x200.jpg 300w, https:\/\/dioceseteixeiradefreitas.com.br\/wp-content\/uploads\/2022\/08\/IMG_4211-1024x681.jpg 1024w, https:\/\/dioceseteixeiradefreitas.com.br\/wp-content\/uploads\/2022\/08\/IMG_4211-768x511.jpg 768w, https:\/\/dioceseteixeiradefreitas.com.br\/wp-content\/uploads\/2022\/08\/IMG_4211-1536x1022.jpg 1536w, https:\/\/dioceseteixeiradefreitas.com.br\/wp-content\/uploads\/2022\/08\/IMG_4211-2048x1362.jpg 2048w\" sizes=\"auto, (max-width: 2560px) 100vw, 2560px\" \/><\/a><\/figure>\n\n\n\n<figure class=\"wp-block-image size-large\"><a href=\"https:\/\/dioceseteixeiradefreitas.com.br\/wp-content\/uploads\/2022\/08\/IMG_4207-scaled.jpg\"><img loading=\"lazy\" decoding=\"async\" width=\"2560\" height=\"1954\" data-id=\"17438\" src=\"https:\/\/dioceseteixeiradefreitas.com.br\/wp-content\/uploads\/2022\/08\/IMG_4207-scaled.jpg\" alt=\"\" class=\"wp-image-17438\" srcset=\"https:\/\/dioceseteixeiradefreitas.com.br\/wp-content\/uploads\/2022\/08\/IMG_4207-scaled.jpg 2560w, https:\/\/dioceseteixeiradefreitas.com.br\/wp-content\/uploads\/2022\/08\/IMG_4207-300x229.jpg 300w, https:\/\/dioceseteixeiradefreitas.com.br\/wp-content\/uploads\/2022\/08\/IMG_4207-1024x782.jpg 1024w, https:\/\/dioceseteixeiradefreitas.com.br\/wp-content\/uploads\/2022\/08\/IMG_4207-768x586.jpg 768w, https:\/\/dioceseteixeiradefreitas.com.br\/wp-content\/uploads\/2022\/08\/IMG_4207-1536x1172.jpg 1536w, https:\/\/dioceseteixeiradefreitas.com.br\/wp-content\/uploads\/2022\/08\/IMG_4207-2048x1563.jpg 2048w\" sizes=\"auto, (max-width: 2560px) 100vw, 2560px\" \/><\/a><\/figure>\n\n\n\n<figure class=\"wp-block-image size-large\"><a href=\"https:\/\/dioceseteixeiradefreitas.com.br\/wp-content\/uploads\/2022\/08\/IMG_4199-scaled.jpg\"><img loading=\"lazy\" decoding=\"async\" width=\"2560\" height=\"1806\" data-id=\"17436\" src=\"https:\/\/dioceseteixeiradefreitas.com.br\/wp-content\/uploads\/2022\/08\/IMG_4199-scaled.jpg\" alt=\"\" class=\"wp-image-17436\" srcset=\"https:\/\/dioceseteixeiradefreitas.com.br\/wp-content\/uploads\/2022\/08\/IMG_4199-scaled.jpg 2560w, https:\/\/dioceseteixeiradefreitas.com.br\/wp-content\/uploads\/2022\/08\/IMG_4199-300x212.jpg 300w, https:\/\/dioceseteixeiradefreitas.com.br\/wp-content\/uploads\/2022\/08\/IMG_4199-1024x722.jpg 1024w, https:\/\/dioceseteixeiradefreitas.com.br\/wp-content\/uploads\/2022\/08\/IMG_4199-768x542.jpg 768w, https:\/\/dioceseteixeiradefreitas.com.br\/wp-content\/uploads\/2022\/08\/IMG_4199-1536x1084.jpg 1536w, https:\/\/dioceseteixeiradefreitas.com.br\/wp-content\/uploads\/2022\/08\/IMG_4199-2048x1445.jpg 2048w\" sizes=\"auto, (max-width: 2560px) 100vw, 2560px\" \/><\/a><\/figure>\n\n\n\n<figure class=\"wp-block-image size-large\"><a href=\"https:\/\/dioceseteixeiradefreitas.com.br\/wp-content\/uploads\/2022\/08\/IMG_4197-scaled.jpg\"><img loading=\"lazy\" decoding=\"async\" width=\"2560\" height=\"1806\" data-id=\"17435\" src=\"https:\/\/dioceseteixeiradefreitas.com.br\/wp-content\/uploads\/2022\/08\/IMG_4197-scaled.jpg\" alt=\"\" class=\"wp-image-17435\" srcset=\"https:\/\/dioceseteixeiradefreitas.com.br\/wp-content\/uploads\/2022\/08\/IMG_4197-scaled.jpg 2560w, https:\/\/dioceseteixeiradefreitas.com.br\/wp-content\/uploads\/2022\/08\/IMG_4197-300x212.jpg 300w, https:\/\/dioceseteixeiradefreitas.com.br\/wp-content\/uploads\/2022\/08\/IMG_4197-1024x722.jpg 1024w, https:\/\/dioceseteixeiradefreitas.com.br\/wp-content\/uploads\/2022\/08\/IMG_4197-768x542.jpg 768w, https:\/\/dioceseteixeiradefreitas.com.br\/wp-content\/uploads\/2022\/08\/IMG_4197-1536x1084.jpg 1536w, https:\/\/dioceseteixeiradefreitas.com.br\/wp-content\/uploads\/2022\/08\/IMG_4197-2048x1445.jpg 2048w\" sizes=\"auto, (max-width: 2560px) 100vw, 2560px\" \/><\/a><\/figure>\n\n\n\n<figure class=\"wp-block-image size-large\"><a href=\"https:\/\/dioceseteixeiradefreitas.com.br\/wp-content\/uploads\/2022\/08\/IMG_4193-scaled.jpg\"><img loading=\"lazy\" decoding=\"async\" width=\"2560\" height=\"1867\" data-id=\"17434\" src=\"https:\/\/dioceseteixeiradefreitas.com.br\/wp-content\/uploads\/2022\/08\/IMG_4193-scaled.jpg\" alt=\"\" class=\"wp-image-17434\" srcset=\"https:\/\/dioceseteixeiradefreitas.com.br\/wp-content\/uploads\/2022\/08\/IMG_4193-scaled.jpg 2560w, https:\/\/dioceseteixeiradefreitas.com.br\/wp-content\/uploads\/2022\/08\/IMG_4193-300x219.jpg 300w, https:\/\/dioceseteixeiradefreitas.com.br\/wp-content\/uploads\/2022\/08\/IMG_4193-1024x747.jpg 1024w, https:\/\/dioceseteixeiradefreitas.com.br\/wp-content\/uploads\/2022\/08\/IMG_4193-768x560.jpg 768w, https:\/\/dioceseteixeiradefreitas.com.br\/wp-content\/uploads\/2022\/08\/IMG_4193-1536x1120.jpg 1536w, https:\/\/dioceseteixeiradefreitas.com.br\/wp-content\/uploads\/2022\/08\/IMG_4193-2048x1494.jpg 2048w\" sizes=\"auto, (max-width: 2560px) 100vw, 2560px\" \/><\/a><\/figure>\n\n\n\n<figure class=\"wp-block-image size-large\"><a href=\"https:\/\/dioceseteixeiradefreitas.com.br\/wp-content\/uploads\/2022\/08\/IMG_4212-scaled.jpg\"><img loading=\"lazy\" decoding=\"async\" width=\"2560\" height=\"1707\" data-id=\"17440\" src=\"https:\/\/dioceseteixeiradefreitas.com.br\/wp-content\/uploads\/2022\/08\/IMG_4212-scaled.jpg\" alt=\"\" class=\"wp-image-17440\" srcset=\"https:\/\/dioceseteixeiradefreitas.com.br\/wp-content\/uploads\/2022\/08\/IMG_4212-scaled.jpg 2560w, https:\/\/dioceseteixeiradefreitas.com.br\/wp-content\/uploads\/2022\/08\/IMG_4212-300x200.jpg 300w, https:\/\/dioceseteixeiradefreitas.com.br\/wp-content\/uploads\/2022\/08\/IMG_4212-1024x683.jpg 1024w, https:\/\/dioceseteixeiradefreitas.com.br\/wp-content\/uploads\/2022\/08\/IMG_4212-768x512.jpg 768w, https:\/\/dioceseteixeiradefreitas.com.br\/wp-content\/uploads\/2022\/08\/IMG_4212-1536x1024.jpg 1536w, https:\/\/dioceseteixeiradefreitas.com.br\/wp-content\/uploads\/2022\/08\/IMG_4212-2048x1365.jpg 2048w\" sizes=\"auto, (max-width: 2560px) 100vw, 2560px\" \/><\/a><\/figure>\n\n\n\n<figure class=\"wp-block-image size-large\"><a href=\"https:\/\/dioceseteixeiradefreitas.com.br\/wp-content\/uploads\/2022\/08\/IMG_4213-scaled.jpg\"><img loading=\"lazy\" decoding=\"async\" width=\"2560\" height=\"1642\" data-id=\"17441\" src=\"https:\/\/dioceseteixeiradefreitas.com.br\/wp-content\/uploads\/2022\/08\/IMG_4213-scaled.jpg\" alt=\"\" class=\"wp-image-17441\" srcset=\"https:\/\/dioceseteixeiradefreitas.com.br\/wp-content\/uploads\/2022\/08\/IMG_4213-scaled.jpg 2560w, https:\/\/dioceseteixeiradefreitas.com.br\/wp-content\/uploads\/2022\/08\/IMG_4213-300x192.jpg 300w, https:\/\/dioceseteixeiradefreitas.com.br\/wp-content\/uploads\/2022\/08\/IMG_4213-1024x657.jpg 1024w, https:\/\/dioceseteixeiradefreitas.com.br\/wp-content\/uploads\/2022\/08\/IMG_4213-768x493.jpg 768w, https:\/\/dioceseteixeiradefreitas.com.br\/wp-content\/uploads\/2022\/08\/IMG_4213-1536x985.jpg 1536w, https:\/\/dioceseteixeiradefreitas.com.br\/wp-content\/uploads\/2022\/08\/IMG_4213-2048x1313.jpg 2048w\" sizes=\"auto, (max-width: 2560px) 100vw, 2560px\" \/><\/a><\/figure>\n\n\n\n<figure class=\"wp-block-image size-large\"><a href=\"https:\/\/dioceseteixeiradefreitas.com.br\/wp-content\/uploads\/2022\/08\/IMG_4214-scaled.jpg\"><img loading=\"lazy\" decoding=\"async\" width=\"2560\" height=\"1758\" data-id=\"17442\" src=\"https:\/\/dioceseteixeiradefreitas.com.br\/wp-content\/uploads\/2022\/08\/IMG_4214-scaled.jpg\" alt=\"\" class=\"wp-image-17442\" srcset=\"https:\/\/dioceseteixeiradefreitas.com.br\/wp-content\/uploads\/2022\/08\/IMG_4214-scaled.jpg 2560w, https:\/\/dioceseteixeiradefreitas.com.br\/wp-content\/uploads\/2022\/08\/IMG_4214-300x206.jpg 300w, https:\/\/dioceseteixeiradefreitas.com.br\/wp-content\/uploads\/2022\/08\/IMG_4214-1024x703.jpg 1024w, https:\/\/dioceseteixeiradefreitas.com.br\/wp-content\/uploads\/2022\/08\/IMG_4214-768x527.jpg 768w, https:\/\/dioceseteixeiradefreitas.com.br\/wp-content\/uploads\/2022\/08\/IMG_4214-1536x1055.jpg 1536w, https:\/\/dioceseteixeiradefreitas.com.br\/wp-content\/uploads\/2022\/08\/IMG_4214-2048x1407.jpg 2048w, https:\/\/dioceseteixeiradefreitas.com.br\/wp-content\/uploads\/2022\/08\/IMG_4214-220x150.jpg 220w\" sizes=\"auto, (max-width: 2560px) 100vw, 2560px\" \/><\/a><\/figure>\n\n\n\n<figure class=\"wp-block-image size-large\"><a href=\"https:\/\/dioceseteixeiradefreitas.com.br\/wp-content\/uploads\/2022\/08\/IMG_4225-scaled.jpg\"><img loading=\"lazy\" decoding=\"async\" width=\"2560\" height=\"1758\" data-id=\"17443\" src=\"https:\/\/dioceseteixeiradefreitas.com.br\/wp-content\/uploads\/2022\/08\/IMG_4225-scaled.jpg\" alt=\"\" class=\"wp-image-17443\" srcset=\"https:\/\/dioceseteixeiradefreitas.com.br\/wp-content\/uploads\/2022\/08\/IMG_4225-scaled.jpg 2560w, https:\/\/dioceseteixeiradefreitas.com.br\/wp-content\/uploads\/2022\/08\/IMG_4225-300x206.jpg 300w, https:\/\/dioceseteixeiradefreitas.com.br\/wp-content\/uploads\/2022\/08\/IMG_4225-1024x703.jpg 1024w, https:\/\/dioceseteixeiradefreitas.com.br\/wp-content\/uploads\/2022\/08\/IMG_4225-768x527.jpg 768w, https:\/\/dioceseteixeiradefreitas.com.br\/wp-content\/uploads\/2022\/08\/IMG_4225-1536x1055.jpg 1536w, https:\/\/dioceseteixeiradefreitas.com.br\/wp-content\/uploads\/2022\/08\/IMG_4225-2048x1407.jpg 2048w, https:\/\/dioceseteixeiradefreitas.com.br\/wp-content\/uploads\/2022\/08\/IMG_4225-220x150.jpg 220w\" sizes=\"auto, (max-width: 2560px) 100vw, 2560px\" \/><\/a><\/figure>\n\n\n\n<figure class=\"wp-block-image size-large\"><a href=\"https:\/\/dioceseteixeiradefreitas.com.br\/wp-content\/uploads\/2022\/08\/IMG_4227-scaled.jpg\"><img loading=\"lazy\" decoding=\"async\" width=\"2560\" height=\"1758\" data-id=\"17444\" src=\"https:\/\/dioceseteixeiradefreitas.com.br\/wp-content\/uploads\/2022\/08\/IMG_4227-scaled.jpg\" alt=\"\" class=\"wp-image-17444\" srcset=\"https:\/\/dioceseteixeiradefreitas.com.br\/wp-content\/uploads\/2022\/08\/IMG_4227-scaled.jpg 2560w, https:\/\/dioceseteixeiradefreitas.com.br\/wp-content\/uploads\/2022\/08\/IMG_4227-300x206.jpg 300w, https:\/\/dioceseteixeiradefreitas.com.br\/wp-content\/uploads\/2022\/08\/IMG_4227-1024x703.jpg 1024w, https:\/\/dioceseteixeiradefreitas.com.br\/wp-content\/uploads\/2022\/08\/IMG_4227-768x527.jpg 768w, https:\/\/dioceseteixeiradefreitas.com.br\/wp-content\/uploads\/2022\/08\/IMG_4227-1536x1055.jpg 1536w, https:\/\/dioceseteixeiradefreitas.com.br\/wp-content\/uploads\/2022\/08\/IMG_4227-2048x1407.jpg 2048w, https:\/\/dioceseteixeiradefreitas.com.br\/wp-content\/uploads\/2022\/08\/IMG_4227-220x150.jpg 220w\" sizes=\"auto, (max-width: 2560px) 100vw, 2560px\" \/><\/a><\/figure>\n\n\n\n<figure class=\"wp-block-image size-large\"><a href=\"https:\/\/dioceseteixeiradefreitas.com.br\/wp-content\/uploads\/2022\/08\/IMG_4229-scaled.jpg\"><img loading=\"lazy\" decoding=\"async\" width=\"2560\" height=\"1758\" data-id=\"17445\" src=\"https:\/\/dioceseteixeiradefreitas.com.br\/wp-content\/uploads\/2022\/08\/IMG_4229-scaled.jpg\" alt=\"\" class=\"wp-image-17445\" srcset=\"https:\/\/dioceseteixeiradefreitas.com.br\/wp-content\/uploads\/2022\/08\/IMG_4229-scaled.jpg 2560w, https:\/\/dioceseteixeiradefreitas.com.br\/wp-content\/uploads\/2022\/08\/IMG_4229-300x206.jpg 300w, https:\/\/dioceseteixeiradefreitas.com.br\/wp-content\/uploads\/2022\/08\/IMG_4229-1024x703.jpg 1024w, https:\/\/dioceseteixeiradefreitas.com.br\/wp-content\/uploads\/2022\/08\/IMG_4229-768x527.jpg 768w, https:\/\/dioceseteixeiradefreitas.com.br\/wp-content\/uploads\/2022\/08\/IMG_4229-1536x1055.jpg 1536w, https:\/\/dioceseteixeiradefreitas.com.br\/wp-content\/uploads\/2022\/08\/IMG_4229-2048x1407.jpg 2048w, https:\/\/dioceseteixeiradefreitas.com.br\/wp-content\/uploads\/2022\/08\/IMG_4229-220x150.jpg 220w\" sizes=\"auto, (max-width: 2560px) 100vw, 2560px\" \/><\/a><\/figure>\n\n\n\n<figure class=\"wp-block-image size-large\"><a href=\"https:\/\/dioceseteixeiradefreitas.com.br\/wp-content\/uploads\/2022\/08\/IMG_4235-scaled.jpg\"><img loading=\"lazy\" decoding=\"async\" width=\"2560\" height=\"1583\" data-id=\"17448\" src=\"https:\/\/dioceseteixeiradefreitas.com.br\/wp-content\/uploads\/2022\/08\/IMG_4235-scaled.jpg\" alt=\"\" class=\"wp-image-17448\" srcset=\"https:\/\/dioceseteixeiradefreitas.com.br\/wp-content\/uploads\/2022\/08\/IMG_4235-scaled.jpg 2560w, https:\/\/dioceseteixeiradefreitas.com.br\/wp-content\/uploads\/2022\/08\/IMG_4235-300x185.jpg 300w, https:\/\/dioceseteixeiradefreitas.com.br\/wp-content\/uploads\/2022\/08\/IMG_4235-1024x633.jpg 1024w, https:\/\/dioceseteixeiradefreitas.com.br\/wp-content\/uploads\/2022\/08\/IMG_4235-768x475.jpg 768w, https:\/\/dioceseteixeiradefreitas.com.br\/wp-content\/uploads\/2022\/08\/IMG_4235-1536x950.jpg 1536w, https:\/\/dioceseteixeiradefreitas.com.br\/wp-content\/uploads\/2022\/08\/IMG_4235-2048x1266.jpg 2048w\" sizes=\"auto, (max-width: 2560px) 100vw, 2560px\" \/><\/a><\/figure>\n\n\n\n<figure class=\"wp-block-image size-large\"><a href=\"https:\/\/dioceseteixeiradefreitas.com.br\/wp-content\/uploads\/2022\/08\/IMG_4234-scaled.jpg\"><img loading=\"lazy\" decoding=\"async\" width=\"2560\" height=\"1758\" data-id=\"17447\" src=\"https:\/\/dioceseteixeiradefreitas.com.br\/wp-content\/uploads\/2022\/08\/IMG_4234-scaled.jpg\" alt=\"\" class=\"wp-image-17447\" srcset=\"https:\/\/dioceseteixeiradefreitas.com.br\/wp-content\/uploads\/2022\/08\/IMG_4234-scaled.jpg 2560w, https:\/\/dioceseteixeiradefreitas.com.br\/wp-content\/uploads\/2022\/08\/IMG_4234-300x206.jpg 300w, https:\/\/dioceseteixeiradefreitas.com.br\/wp-content\/uploads\/2022\/08\/IMG_4234-1024x703.jpg 1024w, https:\/\/dioceseteixeiradefreitas.com.br\/wp-content\/uploads\/2022\/08\/IMG_4234-768x527.jpg 768w, https:\/\/dioceseteixeiradefreitas.com.br\/wp-content\/uploads\/2022\/08\/IMG_4234-1536x1055.jpg 1536w, https:\/\/dioceseteixeiradefreitas.com.br\/wp-content\/uploads\/2022\/08\/IMG_4234-2048x1407.jpg 2048w, https:\/\/dioceseteixeiradefreitas.com.br\/wp-content\/uploads\/2022\/08\/IMG_4234-220x150.jpg 220w\" sizes=\"auto, (max-width: 2560px) 100vw, 2560px\" \/><\/a><\/figure>\n\n\n\n<figure class=\"wp-block-image size-large\"><a href=\"https:\/\/dioceseteixeiradefreitas.com.br\/wp-content\/uploads\/2022\/08\/IMG_4230-scaled.jpg\"><img loading=\"lazy\" decoding=\"async\" width=\"2560\" height=\"1758\" data-id=\"17446\" src=\"https:\/\/dioceseteixeiradefreitas.com.br\/wp-content\/uploads\/2022\/08\/IMG_4230-scaled.jpg\" alt=\"\" class=\"wp-image-17446\" srcset=\"https:\/\/dioceseteixeiradefreitas.com.br\/wp-content\/uploads\/2022\/08\/IMG_4230-scaled.jpg 2560w, https:\/\/dioceseteixeiradefreitas.com.br\/wp-content\/uploads\/2022\/08\/IMG_4230-300x206.jpg 300w, https:\/\/dioceseteixeiradefreitas.com.br\/wp-content\/uploads\/2022\/08\/IMG_4230-1024x703.jpg 1024w, https:\/\/dioceseteixeiradefreitas.com.br\/wp-content\/uploads\/2022\/08\/IMG_4230-768x527.jpg 768w, https:\/\/dioceseteixeiradefreitas.com.br\/wp-content\/uploads\/2022\/08\/IMG_4230-1536x1055.jpg 1536w, https:\/\/dioceseteixeiradefreitas.com.br\/wp-content\/uploads\/2022\/08\/IMG_4230-2048x1407.jpg 2048w, https:\/\/dioceseteixeiradefreitas.com.br\/wp-content\/uploads\/2022\/08\/IMG_4230-220x150.jpg 220w\" sizes=\"auto, (max-width: 2560px) 100vw, 2560px\" \/><\/a><\/figure>\n\n\n\n<figure class=\"wp-block-image size-large\"><a href=\"https:\/\/dioceseteixeiradefreitas.com.br\/wp-content\/uploads\/2022\/08\/IMG_9683-scaled.jpg\"><img loading=\"lazy\" decoding=\"async\" width=\"2560\" height=\"1469\" data-id=\"17449\" src=\"https:\/\/dioceseteixeiradefreitas.com.br\/wp-content\/uploads\/2022\/08\/IMG_9683-scaled.jpg\" alt=\"\" class=\"wp-image-17449\" srcset=\"https:\/\/dioceseteixeiradefreitas.com.br\/wp-content\/uploads\/2022\/08\/IMG_9683-scaled.jpg 2560w, https:\/\/dioceseteixeiradefreitas.com.br\/wp-content\/uploads\/2022\/08\/IMG_9683-300x172.jpg 300w, https:\/\/dioceseteixeiradefreitas.com.br\/wp-content\/uploads\/2022\/08\/IMG_9683-1024x588.jpg 1024w, https:\/\/dioceseteixeiradefreitas.com.br\/wp-content\/uploads\/2022\/08\/IMG_9683-768x441.jpg 768w, https:\/\/dioceseteixeiradefreitas.com.br\/wp-content\/uploads\/2022\/08\/IMG_9683-1536x882.jpg 1536w, https:\/\/dioceseteixeiradefreitas.com.br\/wp-content\/uploads\/2022\/08\/IMG_9683-2048x1175.jpg 2048w\" sizes=\"auto, (max-width: 2560px) 100vw, 2560px\" \/><\/a><\/figure>\n\n\n\n<figure class=\"wp-block-image size-large\"><a href=\"https:\/\/dioceseteixeiradefreitas.com.br\/wp-content\/uploads\/2022\/08\/IMG_9693-scaled.jpg\"><img loading=\"lazy\" decoding=\"async\" width=\"2560\" height=\"1640\" data-id=\"17450\" src=\"https:\/\/dioceseteixeiradefreitas.com.br\/wp-content\/uploads\/2022\/08\/IMG_9693-scaled.jpg\" alt=\"\" class=\"wp-image-17450\" srcset=\"https:\/\/dioceseteixeiradefreitas.com.br\/wp-content\/uploads\/2022\/08\/IMG_9693-scaled.jpg 2560w, https:\/\/dioceseteixeiradefreitas.com.br\/wp-content\/uploads\/2022\/08\/IMG_9693-300x192.jpg 300w, https:\/\/dioceseteixeiradefreitas.com.br\/wp-content\/uploads\/2022\/08\/IMG_9693-1024x656.jpg 1024w, https:\/\/dioceseteixeiradefreitas.com.br\/wp-content\/uploads\/2022\/08\/IMG_9693-768x492.jpg 768w, https:\/\/dioceseteixeiradefreitas.com.br\/wp-content\/uploads\/2022\/08\/IMG_9693-1536x984.jpg 1536w, https:\/\/dioceseteixeiradefreitas.com.br\/wp-content\/uploads\/2022\/08\/IMG_9693-2048x1312.jpg 2048w\" sizes=\"auto, (max-width: 2560px) 100vw, 2560px\" \/><\/a><\/figure>\n\n\n\n<figure class=\"wp-block-image size-large\"><a href=\"https:\/\/dioceseteixeiradefreitas.com.br\/wp-content\/uploads\/2022\/08\/IMG_9696-scaled.jpg\"><img loading=\"lazy\" decoding=\"async\" width=\"2560\" height=\"1650\" data-id=\"17451\" src=\"https:\/\/dioceseteixeiradefreitas.com.br\/wp-content\/uploads\/2022\/08\/IMG_9696-scaled.jpg\" alt=\"\" class=\"wp-image-17451\" srcset=\"https:\/\/dioceseteixeiradefreitas.com.br\/wp-content\/uploads\/2022\/08\/IMG_9696-scaled.jpg 2560w, https:\/\/dioceseteixeiradefreitas.com.br\/wp-content\/uploads\/2022\/08\/IMG_9696-300x193.jpg 300w, https:\/\/dioceseteixeiradefreitas.com.br\/wp-content\/uploads\/2022\/08\/IMG_9696-1024x660.jpg 1024w, https:\/\/dioceseteixeiradefreitas.com.br\/wp-content\/uploads\/2022\/08\/IMG_9696-768x495.jpg 768w, https:\/\/dioceseteixeiradefreitas.com.br\/wp-content\/uploads\/2022\/08\/IMG_9696-1536x990.jpg 1536w, https:\/\/dioceseteixeiradefreitas.com.br\/wp-content\/uploads\/2022\/08\/IMG_9696-2048x1320.jpg 2048w\" sizes=\"auto, (max-width: 2560px) 100vw, 2560px\" \/><\/a><\/figure>\n\n\n\n<figure class=\"wp-block-image size-large\"><a href=\"https:\/\/dioceseteixeiradefreitas.com.br\/wp-content\/uploads\/2022\/08\/IMG_9712-scaled.jpg\"><img loading=\"lazy\" decoding=\"async\" width=\"2560\" height=\"1397\" data-id=\"17452\" src=\"https:\/\/dioceseteixeiradefreitas.com.br\/wp-content\/uploads\/2022\/08\/IMG_9712-scaled.jpg\" alt=\"\" class=\"wp-image-17452\" srcset=\"https:\/\/dioceseteixeiradefreitas.com.br\/wp-content\/uploads\/2022\/08\/IMG_9712-scaled.jpg 2560w, https:\/\/dioceseteixeiradefreitas.com.br\/wp-content\/uploads\/2022\/08\/IMG_9712-300x164.jpg 300w, https:\/\/dioceseteixeiradefreitas.com.br\/wp-content\/uploads\/2022\/08\/IMG_9712-1024x559.jpg 1024w, https:\/\/dioceseteixeiradefreitas.com.br\/wp-content\/uploads\/2022\/08\/IMG_9712-768x419.jpg 768w, https:\/\/dioceseteixeiradefreitas.com.br\/wp-content\/uploads\/2022\/08\/IMG_9712-1536x838.jpg 1536w, https:\/\/dioceseteixeiradefreitas.com.br\/wp-content\/uploads\/2022\/08\/IMG_9712-2048x1118.jpg 2048w\" sizes=\"auto, (max-width: 2560px) 100vw, 2560px\" \/><\/a><\/figure>\n\n\n\n<figure class=\"wp-block-image size-large\"><a href=\"https:\/\/dioceseteixeiradefreitas.com.br\/wp-content\/uploads\/2022\/08\/IMG_9716-scaled.jpg\"><img loading=\"lazy\" decoding=\"async\" width=\"2560\" height=\"1709\" data-id=\"17453\" src=\"https:\/\/dioceseteixeiradefreitas.com.br\/wp-content\/uploads\/2022\/08\/IMG_9716-scaled.jpg\" alt=\"\" class=\"wp-image-17453\" srcset=\"https:\/\/dioceseteixeiradefreitas.com.br\/wp-content\/uploads\/2022\/08\/IMG_9716-scaled.jpg 2560w, https:\/\/dioceseteixeiradefreitas.com.br\/wp-content\/uploads\/2022\/08\/IMG_9716-300x200.jpg 300w, https:\/\/dioceseteixeiradefreitas.com.br\/wp-content\/uploads\/2022\/08\/IMG_9716-1024x684.jpg 1024w, https:\/\/dioceseteixeiradefreitas.com.br\/wp-content\/uploads\/2022\/08\/IMG_9716-768x513.jpg 768w, https:\/\/dioceseteixeiradefreitas.com.br\/wp-content\/uploads\/2022\/08\/IMG_9716-1536x1026.jpg 1536w, https:\/\/dioceseteixeiradefreitas.com.br\/wp-content\/uploads\/2022\/08\/IMG_9716-2048x1368.jpg 2048w\" sizes=\"auto, (max-width: 2560px) 100vw, 2560px\" \/><\/a><\/figure>\n\n\n\n<figure class=\"wp-block-image size-large\"><a href=\"https:\/\/dioceseteixeiradefreitas.com.br\/wp-content\/uploads\/2022\/08\/IMG_9717-scaled.jpg\"><img loading=\"lazy\" decoding=\"async\" width=\"2560\" height=\"1709\" data-id=\"17454\" src=\"https:\/\/dioceseteixeiradefreitas.com.br\/wp-content\/uploads\/2022\/08\/IMG_9717-scaled.jpg\" alt=\"\" class=\"wp-image-17454\" srcset=\"https:\/\/dioceseteixeiradefreitas.com.br\/wp-content\/uploads\/2022\/08\/IMG_9717-scaled.jpg 2560w, https:\/\/dioceseteixeiradefreitas.com.br\/wp-content\/uploads\/2022\/08\/IMG_9717-300x200.jpg 300w, https:\/\/dioceseteixeiradefreitas.com.br\/wp-content\/uploads\/2022\/08\/IMG_9717-1024x684.jpg 1024w, https:\/\/dioceseteixeiradefreitas.com.br\/wp-content\/uploads\/2022\/08\/IMG_9717-768x513.jpg 768w, https:\/\/dioceseteixeiradefreitas.com.br\/wp-content\/uploads\/2022\/08\/IMG_9717-1536x1026.jpg 1536w, https:\/\/dioceseteixeiradefreitas.com.br\/wp-content\/uploads\/2022\/08\/IMG_9717-2048x1368.jpg 2048w\" sizes=\"auto, (max-width: 2560px) 100vw, 2560px\" \/><\/a><\/figure>\n\n\n\n<figure class=\"wp-block-image size-large\"><a href=\"https:\/\/dioceseteixeiradefreitas.com.br\/wp-content\/uploads\/2022\/08\/IMG_9718-scaled.jpg\"><img loading=\"lazy\" decoding=\"async\" width=\"1709\" height=\"2560\" data-id=\"17455\" src=\"https:\/\/dioceseteixeiradefreitas.com.br\/wp-content\/uploads\/2022\/08\/IMG_9718-scaled.jpg\" alt=\"\" class=\"wp-image-17455\" srcset=\"https:\/\/dioceseteixeiradefreitas.com.br\/wp-content\/uploads\/2022\/08\/IMG_9718-scaled.jpg 1709w, https:\/\/dioceseteixeiradefreitas.com.br\/wp-content\/uploads\/2022\/08\/IMG_9718-200x300.jpg 200w, https:\/\/dioceseteixeiradefreitas.com.br\/wp-content\/uploads\/2022\/08\/IMG_9718-684x1024.jpg 684w, https:\/\/dioceseteixeiradefreitas.com.br\/wp-content\/uploads\/2022\/08\/IMG_9718-768x1150.jpg 768w, https:\/\/dioceseteixeiradefreitas.com.br\/wp-content\/uploads\/2022\/08\/IMG_9718-1026x1536.jpg 1026w, https:\/\/dioceseteixeiradefreitas.com.br\/wp-content\/uploads\/2022\/08\/IMG_9718-1368x2048.jpg 1368w\" sizes=\"auto, (max-width: 1709px) 100vw, 1709px\" \/><\/a><\/figure>\n\n\n\n<figure class=\"wp-block-image size-large\"><a href=\"https:\/\/dioceseteixeiradefreitas.com.br\/wp-content\/uploads\/2022\/08\/IMG_9722-scaled.jpg\"><img loading=\"lazy\" decoding=\"async\" width=\"2560\" height=\"1709\" data-id=\"17456\" src=\"https:\/\/dioceseteixeiradefreitas.com.br\/wp-content\/uploads\/2022\/08\/IMG_9722-scaled.jpg\" alt=\"\" class=\"wp-image-17456\" srcset=\"https:\/\/dioceseteixeiradefreitas.com.br\/wp-content\/uploads\/2022\/08\/IMG_9722-scaled.jpg 2560w, https:\/\/dioceseteixeiradefreitas.com.br\/wp-content\/uploads\/2022\/08\/IMG_9722-300x200.jpg 300w, https:\/\/dioceseteixeiradefreitas.com.br\/wp-content\/uploads\/2022\/08\/IMG_9722-1024x684.jpg 1024w, https:\/\/dioceseteixeiradefreitas.com.br\/wp-content\/uploads\/2022\/08\/IMG_9722-768x513.jpg 768w, https:\/\/dioceseteixeiradefreitas.com.br\/wp-content\/uploads\/2022\/08\/IMG_9722-1536x1026.jpg 1536w, https:\/\/dioceseteixeiradefreitas.com.br\/wp-content\/uploads\/2022\/08\/IMG_9722-2048x1368.jpg 2048w\" sizes=\"auto, (max-width: 2560px) 100vw, 2560px\" \/><\/a><\/figure>\n\n\n\n<figure class=\"wp-block-image size-large\"><a href=\"https:\/\/dioceseteixeiradefreitas.com.br\/wp-content\/uploads\/2022\/08\/IMG_9724-scaled.jpg\"><img loading=\"lazy\" decoding=\"async\" width=\"2560\" height=\"1779\" data-id=\"17457\" src=\"https:\/\/dioceseteixeiradefreitas.com.br\/wp-content\/uploads\/2022\/08\/IMG_9724-scaled.jpg\" alt=\"\" class=\"wp-image-17457\" srcset=\"https:\/\/dioceseteixeiradefreitas.com.br\/wp-content\/uploads\/2022\/08\/IMG_9724-scaled.jpg 2560w, https:\/\/dioceseteixeiradefreitas.com.br\/wp-content\/uploads\/2022\/08\/IMG_9724-300x209.jpg 300w, https:\/\/dioceseteixeiradefreitas.com.br\/wp-content\/uploads\/2022\/08\/IMG_9724-1024x712.jpg 1024w, https:\/\/dioceseteixeiradefreitas.com.br\/wp-content\/uploads\/2022\/08\/IMG_9724-768x534.jpg 768w, https:\/\/dioceseteixeiradefreitas.com.br\/wp-content\/uploads\/2022\/08\/IMG_9724-1536x1068.jpg 1536w, https:\/\/dioceseteixeiradefreitas.com.br\/wp-content\/uploads\/2022\/08\/IMG_9724-2048x1424.jpg 2048w\" sizes=\"auto, (max-width: 2560px) 100vw, 2560px\" \/><\/a><\/figure>\n\n\n\n<figure class=\"wp-block-image size-large\"><a href=\"https:\/\/dioceseteixeiradefreitas.com.br\/wp-content\/uploads\/2022\/08\/IMG_9730-scaled.jpg\"><img loading=\"lazy\" decoding=\"async\" width=\"1779\" height=\"2560\" data-id=\"17458\" src=\"https:\/\/dioceseteixeiradefreitas.com.br\/wp-content\/uploads\/2022\/08\/IMG_9730-scaled.jpg\" alt=\"\" class=\"wp-image-17458\" srcset=\"https:\/\/dioceseteixeiradefreitas.com.br\/wp-content\/uploads\/2022\/08\/IMG_9730-scaled.jpg 1779w, https:\/\/dioceseteixeiradefreitas.com.br\/wp-content\/uploads\/2022\/08\/IMG_9730-209x300.jpg 209w, https:\/\/dioceseteixeiradefreitas.com.br\/wp-content\/uploads\/2022\/08\/IMG_9730-712x1024.jpg 712w, https:\/\/dioceseteixeiradefreitas.com.br\/wp-content\/uploads\/2022\/08\/IMG_9730-768x1105.jpg 768w, https:\/\/dioceseteixeiradefreitas.com.br\/wp-content\/uploads\/2022\/08\/IMG_9730-1068x1536.jpg 1068w, https:\/\/dioceseteixeiradefreitas.com.br\/wp-content\/uploads\/2022\/08\/IMG_9730-1424x2048.jpg 1424w\" sizes=\"auto, (max-width: 1779px) 100vw, 1779px\" \/><\/a><\/figure>\n\n\n\n<figure class=\"wp-block-image size-large\"><a href=\"https:\/\/dioceseteixeiradefreitas.com.br\/wp-content\/uploads\/2022\/08\/IMG_9748-scaled.jpg\"><img loading=\"lazy\" decoding=\"async\" width=\"2560\" height=\"1779\" data-id=\"17459\" src=\"https:\/\/dioceseteixeiradefreitas.com.br\/wp-content\/uploads\/2022\/08\/IMG_9748-scaled.jpg\" alt=\"\" class=\"wp-image-17459\" srcset=\"https:\/\/dioceseteixeiradefreitas.com.br\/wp-content\/uploads\/2022\/08\/IMG_9748-scaled.jpg 2560w, https:\/\/dioceseteixeiradefreitas.com.br\/wp-content\/uploads\/2022\/08\/IMG_9748-300x209.jpg 300w, https:\/\/dioceseteixeiradefreitas.com.br\/wp-content\/uploads\/2022\/08\/IMG_9748-1024x712.jpg 1024w, https:\/\/dioceseteixeiradefreitas.com.br\/wp-content\/uploads\/2022\/08\/IMG_9748-768x534.jpg 768w, https:\/\/dioceseteixeiradefreitas.com.br\/wp-content\/uploads\/2022\/08\/IMG_9748-1536x1068.jpg 1536w, https:\/\/dioceseteixeiradefreitas.com.br\/wp-content\/uploads\/2022\/08\/IMG_9748-2048x1424.jpg 2048w\" sizes=\"auto, (max-width: 2560px) 100vw, 2560px\" \/><\/a><\/figure>\n\n\n\n<figure class=\"wp-block-image size-large\"><a href=\"https:\/\/dioceseteixeiradefreitas.com.br\/wp-content\/uploads\/2022\/08\/IMG_9757-scaled.jpg\"><img loading=\"lazy\" decoding=\"async\" width=\"2560\" height=\"1694\" data-id=\"17460\" src=\"https:\/\/dioceseteixeiradefreitas.com.br\/wp-content\/uploads\/2022\/08\/IMG_9757-scaled.jpg\" alt=\"\" class=\"wp-image-17460\" srcset=\"https:\/\/dioceseteixeiradefreitas.com.br\/wp-content\/uploads\/2022\/08\/IMG_9757-scaled.jpg 2560w, https:\/\/dioceseteixeiradefreitas.com.br\/wp-content\/uploads\/2022\/08\/IMG_9757-300x199.jpg 300w, https:\/\/dioceseteixeiradefreitas.com.br\/wp-content\/uploads\/2022\/08\/IMG_9757-1024x678.jpg 1024w, https:\/\/dioceseteixeiradefreitas.com.br\/wp-content\/uploads\/2022\/08\/IMG_9757-768x508.jpg 768w, https:\/\/dioceseteixeiradefreitas.com.br\/wp-content\/uploads\/2022\/08\/IMG_9757-1536x1017.jpg 1536w, https:\/\/dioceseteixeiradefreitas.com.br\/wp-content\/uploads\/2022\/08\/IMG_9757-2048x1355.jpg 2048w\" sizes=\"auto, (max-width: 2560px) 100vw, 2560px\" \/><\/a><\/figure>\n\n\n\n<figure class=\"wp-block-image size-large\"><a href=\"https:\/\/dioceseteixeiradefreitas.com.br\/wp-content\/uploads\/2022\/08\/IMG_9761-scaled.jpg\"><img loading=\"lazy\" decoding=\"async\" width=\"2560\" height=\"1694\" data-id=\"17461\" src=\"https:\/\/dioceseteixeiradefreitas.com.br\/wp-content\/uploads\/2022\/08\/IMG_9761-scaled.jpg\" alt=\"\" class=\"wp-image-17461\" srcset=\"https:\/\/dioceseteixeiradefreitas.com.br\/wp-content\/uploads\/2022\/08\/IMG_9761-scaled.jpg 2560w, https:\/\/dioceseteixeiradefreitas.com.br\/wp-content\/uploads\/2022\/08\/IMG_9761-300x199.jpg 300w, https:\/\/dioceseteixeiradefreitas.com.br\/wp-content\/uploads\/2022\/08\/IMG_9761-1024x678.jpg 1024w, https:\/\/dioceseteixeiradefreitas.com.br\/wp-content\/uploads\/2022\/08\/IMG_9761-768x508.jpg 768w, https:\/\/dioceseteixeiradefreitas.com.br\/wp-content\/uploads\/2022\/08\/IMG_9761-1536x1017.jpg 1536w, https:\/\/dioceseteixeiradefreitas.com.br\/wp-content\/uploads\/2022\/08\/IMG_9761-2048x1355.jpg 2048w\" sizes=\"auto, (max-width: 2560px) 100vw, 2560px\" \/><\/a><\/figure>\n\n\n\n<figure class=\"wp-block-image size-large\"><a href=\"https:\/\/dioceseteixeiradefreitas.com.br\/wp-content\/uploads\/2022\/08\/IMG_9791-scaled.jpg\"><img loading=\"lazy\" decoding=\"async\" width=\"2560\" height=\"1613\" data-id=\"17467\" src=\"https:\/\/dioceseteixeiradefreitas.com.br\/wp-content\/uploads\/2022\/08\/IMG_9791-scaled.jpg\" alt=\"\" class=\"wp-image-17467\" srcset=\"https:\/\/dioceseteixeiradefreitas.com.br\/wp-content\/uploads\/2022\/08\/IMG_9791-scaled.jpg 2560w, https:\/\/dioceseteixeiradefreitas.com.br\/wp-content\/uploads\/2022\/08\/IMG_9791-300x189.jpg 300w, https:\/\/dioceseteixeiradefreitas.com.br\/wp-content\/uploads\/2022\/08\/IMG_9791-1024x645.jpg 1024w, https:\/\/dioceseteixeiradefreitas.com.br\/wp-content\/uploads\/2022\/08\/IMG_9791-768x484.jpg 768w, https:\/\/dioceseteixeiradefreitas.com.br\/wp-content\/uploads\/2022\/08\/IMG_9791-1536x968.jpg 1536w, https:\/\/dioceseteixeiradefreitas.com.br\/wp-content\/uploads\/2022\/08\/IMG_9791-2048x1291.jpg 2048w\" sizes=\"auto, (max-width: 2560px) 100vw, 2560px\" \/><\/a><\/figure>\n\n\n\n<figure class=\"wp-block-image size-large\"><a href=\"https:\/\/dioceseteixeiradefreitas.com.br\/wp-content\/uploads\/2022\/08\/IMG_9821-scaled.jpg\"><img loading=\"lazy\" decoding=\"async\" width=\"2560\" height=\"1613\" data-id=\"17468\" src=\"https:\/\/dioceseteixeiradefreitas.com.br\/wp-content\/uploads\/2022\/08\/IMG_9821-scaled.jpg\" alt=\"\" class=\"wp-image-17468\" srcset=\"https:\/\/dioceseteixeiradefreitas.com.br\/wp-content\/uploads\/2022\/08\/IMG_9821-scaled.jpg 2560w, https:\/\/dioceseteixeiradefreitas.com.br\/wp-content\/uploads\/2022\/08\/IMG_9821-300x189.jpg 300w, https:\/\/dioceseteixeiradefreitas.com.br\/wp-content\/uploads\/2022\/08\/IMG_9821-1024x645.jpg 1024w, https:\/\/dioceseteixeiradefreitas.com.br\/wp-content\/uploads\/2022\/08\/IMG_9821-768x484.jpg 768w, https:\/\/dioceseteixeiradefreitas.com.br\/wp-content\/uploads\/2022\/08\/IMG_9821-1536x968.jpg 1536w, https:\/\/dioceseteixeiradefreitas.com.br\/wp-content\/uploads\/2022\/08\/IMG_9821-2048x1291.jpg 2048w\" sizes=\"auto, (max-width: 2560px) 100vw, 2560px\" \/><\/a><\/figure>\n\n\n\n<figure class=\"wp-block-image size-large\"><a href=\"https:\/\/dioceseteixeiradefreitas.com.br\/wp-content\/uploads\/2022\/08\/IMG_9832-scaled.jpg\"><img loading=\"lazy\" decoding=\"async\" width=\"2560\" height=\"1613\" data-id=\"17469\" src=\"https:\/\/dioceseteixeiradefreitas.com.br\/wp-content\/uploads\/2022\/08\/IMG_9832-scaled.jpg\" alt=\"\" class=\"wp-image-17469\" srcset=\"https:\/\/dioceseteixeiradefreitas.com.br\/wp-content\/uploads\/2022\/08\/IMG_9832-scaled.jpg 2560w, https:\/\/dioceseteixeiradefreitas.com.br\/wp-content\/uploads\/2022\/08\/IMG_9832-300x189.jpg 300w, https:\/\/dioceseteixeiradefreitas.com.br\/wp-content\/uploads\/2022\/08\/IMG_9832-1024x645.jpg 1024w, https:\/\/dioceseteixeiradefreitas.com.br\/wp-content\/uploads\/2022\/08\/IMG_9832-768x484.jpg 768w, https:\/\/dioceseteixeiradefreitas.com.br\/wp-content\/uploads\/2022\/08\/IMG_9832-1536x968.jpg 1536w, https:\/\/dioceseteixeiradefreitas.com.br\/wp-content\/uploads\/2022\/08\/IMG_9832-2048x1291.jpg 2048w\" sizes=\"auto, (max-width: 2560px) 100vw, 2560px\" \/><\/a><\/figure>\n\n\n\n<figure class=\"wp-block-image size-large\"><a href=\"https:\/\/dioceseteixeiradefreitas.com.br\/wp-content\/uploads\/2022\/08\/IMG_9930-scaled.jpg\"><img loading=\"lazy\" decoding=\"async\" width=\"2560\" height=\"2042\" data-id=\"17472\" src=\"https:\/\/dioceseteixeiradefreitas.com.br\/wp-content\/uploads\/2022\/08\/IMG_9930-scaled.jpg\" alt=\"\" class=\"wp-image-17472\" srcset=\"https:\/\/dioceseteixeiradefreitas.com.br\/wp-content\/uploads\/2022\/08\/IMG_9930-scaled.jpg 2560w, https:\/\/dioceseteixeiradefreitas.com.br\/wp-content\/uploads\/2022\/08\/IMG_9930-300x239.jpg 300w, https:\/\/dioceseteixeiradefreitas.com.br\/wp-content\/uploads\/2022\/08\/IMG_9930-1024x817.jpg 1024w, https:\/\/dioceseteixeiradefreitas.com.br\/wp-content\/uploads\/2022\/08\/IMG_9930-768x613.jpg 768w, https:\/\/dioceseteixeiradefreitas.com.br\/wp-content\/uploads\/2022\/08\/IMG_9930-1536x1225.jpg 1536w, https:\/\/dioceseteixeiradefreitas.com.br\/wp-content\/uploads\/2022\/08\/IMG_9930-2048x1634.jpg 2048w\" sizes=\"auto, (max-width: 2560px) 100vw, 2560px\" \/><\/a><\/figure>\n\n\n\n<figure class=\"wp-block-image size-large\"><a href=\"https:\/\/dioceseteixeiradefreitas.com.br\/wp-content\/uploads\/2022\/08\/IMG_9852-scaled.jpg\"><img loading=\"lazy\" decoding=\"async\" width=\"2560\" height=\"1645\" data-id=\"17471\" src=\"https:\/\/dioceseteixeiradefreitas.com.br\/wp-content\/uploads\/2022\/08\/IMG_9852-scaled.jpg\" alt=\"\" class=\"wp-image-17471\" srcset=\"https:\/\/dioceseteixeiradefreitas.com.br\/wp-content\/uploads\/2022\/08\/IMG_9852-scaled.jpg 2560w, https:\/\/dioceseteixeiradefreitas.com.br\/wp-content\/uploads\/2022\/08\/IMG_9852-300x193.jpg 300w, https:\/\/dioceseteixeiradefreitas.com.br\/wp-content\/uploads\/2022\/08\/IMG_9852-1024x658.jpg 1024w, https:\/\/dioceseteixeiradefreitas.com.br\/wp-content\/uploads\/2022\/08\/IMG_9852-768x493.jpg 768w, https:\/\/dioceseteixeiradefreitas.com.br\/wp-content\/uploads\/2022\/08\/IMG_9852-1536x987.jpg 1536w, https:\/\/dioceseteixeiradefreitas.com.br\/wp-content\/uploads\/2022\/08\/IMG_9852-2048x1316.jpg 2048w\" sizes=\"auto, (max-width: 2560px) 100vw, 2560px\" \/><\/a><\/figure>\n\n\n\n<figure class=\"wp-block-image size-large\"><a href=\"https:\/\/dioceseteixeiradefreitas.com.br\/wp-content\/uploads\/2022\/08\/IMG_9840-scaled.jpg\"><img loading=\"lazy\" decoding=\"async\" width=\"2560\" height=\"1613\" data-id=\"17470\" src=\"https:\/\/dioceseteixeiradefreitas.com.br\/wp-content\/uploads\/2022\/08\/IMG_9840-scaled.jpg\" alt=\"\" class=\"wp-image-17470\" srcset=\"https:\/\/dioceseteixeiradefreitas.com.br\/wp-content\/uploads\/2022\/08\/IMG_9840-scaled.jpg 2560w, https:\/\/dioceseteixeiradefreitas.com.br\/wp-content\/uploads\/2022\/08\/IMG_9840-300x189.jpg 300w, https:\/\/dioceseteixeiradefreitas.com.br\/wp-content\/uploads\/2022\/08\/IMG_9840-1024x645.jpg 1024w, https:\/\/dioceseteixeiradefreitas.com.br\/wp-content\/uploads\/2022\/08\/IMG_9840-768x484.jpg 768w, https:\/\/dioceseteixeiradefreitas.com.br\/wp-content\/uploads\/2022\/08\/IMG_9840-1536x968.jpg 1536w, https:\/\/dioceseteixeiradefreitas.com.br\/wp-content\/uploads\/2022\/08\/IMG_9840-2048x1291.jpg 2048w\" sizes=\"auto, (max-width: 2560px) 100vw, 2560px\" \/><\/a><\/figure>\n\n\n\n<figure class=\"wp-block-image size-large\"><a href=\"https:\/\/dioceseteixeiradefreitas.com.br\/wp-content\/uploads\/2022\/08\/IMG_9785-scaled.jpg\"><img loading=\"lazy\" decoding=\"async\" width=\"2560\" height=\"1613\" data-id=\"17465\" src=\"https:\/\/dioceseteixeiradefreitas.com.br\/wp-content\/uploads\/2022\/08\/IMG_9785-scaled.jpg\" alt=\"\" class=\"wp-image-17465\" srcset=\"https:\/\/dioceseteixeiradefreitas.com.br\/wp-content\/uploads\/2022\/08\/IMG_9785-scaled.jpg 2560w, https:\/\/dioceseteixeiradefreitas.com.br\/wp-content\/uploads\/2022\/08\/IMG_9785-300x189.jpg 300w, https:\/\/dioceseteixeiradefreitas.com.br\/wp-content\/uploads\/2022\/08\/IMG_9785-1024x645.jpg 1024w, https:\/\/dioceseteixeiradefreitas.com.br\/wp-content\/uploads\/2022\/08\/IMG_9785-768x484.jpg 768w, https:\/\/dioceseteixeiradefreitas.com.br\/wp-content\/uploads\/2022\/08\/IMG_9785-1536x968.jpg 1536w, https:\/\/dioceseteixeiradefreitas.com.br\/wp-content\/uploads\/2022\/08\/IMG_9785-2048x1291.jpg 2048w\" sizes=\"auto, (max-width: 2560px) 100vw, 2560px\" \/><\/a><\/figure>\n\n\n\n<figure class=\"wp-block-image size-large\"><a href=\"https:\/\/dioceseteixeiradefreitas.com.br\/wp-content\/uploads\/2022\/08\/IMG_9788-scaled.jpg\"><img loading=\"lazy\" decoding=\"async\" width=\"2560\" height=\"1613\" data-id=\"17466\" src=\"https:\/\/dioceseteixeiradefreitas.com.br\/wp-content\/uploads\/2022\/08\/IMG_9788-scaled.jpg\" alt=\"\" class=\"wp-image-17466\" srcset=\"https:\/\/dioceseteixeiradefreitas.com.br\/wp-content\/uploads\/2022\/08\/IMG_9788-scaled.jpg 2560w, https:\/\/dioceseteixeiradefreitas.com.br\/wp-content\/uploads\/2022\/08\/IMG_9788-300x189.jpg 300w, https:\/\/dioceseteixeiradefreitas.com.br\/wp-content\/uploads\/2022\/08\/IMG_9788-1024x645.jpg 1024w, https:\/\/dioceseteixeiradefreitas.com.br\/wp-content\/uploads\/2022\/08\/IMG_9788-768x484.jpg 768w, https:\/\/dioceseteixeiradefreitas.com.br\/wp-content\/uploads\/2022\/08\/IMG_9788-1536x968.jpg 1536w, https:\/\/dioceseteixeiradefreitas.com.br\/wp-content\/uploads\/2022\/08\/IMG_9788-2048x1291.jpg 2048w\" sizes=\"auto, (max-width: 2560px) 100vw, 2560px\" \/><\/a><\/figure>\n\n\n\n<figure class=\"wp-block-image size-large\"><a href=\"https:\/\/dioceseteixeiradefreitas.com.br\/wp-content\/uploads\/2022\/08\/IMG_9943-scaled.jpg\"><img loading=\"lazy\" decoding=\"async\" width=\"2560\" height=\"1592\" data-id=\"17474\" src=\"https:\/\/dioceseteixeiradefreitas.com.br\/wp-content\/uploads\/2022\/08\/IMG_9943-scaled.jpg\" alt=\"\" class=\"wp-image-17474\" srcset=\"https:\/\/dioceseteixeiradefreitas.com.br\/wp-content\/uploads\/2022\/08\/IMG_9943-scaled.jpg 2560w, https:\/\/dioceseteixeiradefreitas.com.br\/wp-content\/uploads\/2022\/08\/IMG_9943-300x187.jpg 300w, https:\/\/dioceseteixeiradefreitas.com.br\/wp-content\/uploads\/2022\/08\/IMG_9943-1024x637.jpg 1024w, https:\/\/dioceseteixeiradefreitas.com.br\/wp-content\/uploads\/2022\/08\/IMG_9943-768x478.jpg 768w, https:\/\/dioceseteixeiradefreitas.com.br\/wp-content\/uploads\/2022\/08\/IMG_9943-1536x955.jpg 1536w, https:\/\/dioceseteixeiradefreitas.com.br\/wp-content\/uploads\/2022\/08\/IMG_9943-2048x1274.jpg 2048w\" sizes=\"auto, (max-width: 2560px) 100vw, 2560px\" \/><\/a><\/figure>\n\n\n\n<figure class=\"wp-block-image size-large\"><a href=\"https:\/\/dioceseteixeiradefreitas.com.br\/wp-content\/uploads\/2022\/08\/IMG_9939-scaled.jpg\"><img loading=\"lazy\" decoding=\"async\" width=\"2560\" height=\"1592\" data-id=\"17473\" src=\"https:\/\/dioceseteixeiradefreitas.com.br\/wp-content\/uploads\/2022\/08\/IMG_9939-scaled.jpg\" alt=\"\" class=\"wp-image-17473\" srcset=\"https:\/\/dioceseteixeiradefreitas.com.br\/wp-content\/uploads\/2022\/08\/IMG_9939-scaled.jpg 2560w, https:\/\/dioceseteixeiradefreitas.com.br\/wp-content\/uploads\/2022\/08\/IMG_9939-300x187.jpg 300w, https:\/\/dioceseteixeiradefreitas.com.br\/wp-content\/uploads\/2022\/08\/IMG_9939-1024x637.jpg 1024w, https:\/\/dioceseteixeiradefreitas.com.br\/wp-content\/uploads\/2022\/08\/IMG_9939-768x478.jpg 768w, https:\/\/dioceseteixeiradefreitas.com.br\/wp-content\/uploads\/2022\/08\/IMG_9939-1536x955.jpg 1536w, https:\/\/dioceseteixeiradefreitas.com.br\/wp-content\/uploads\/2022\/08\/IMG_9939-2048x1274.jpg 2048w\" sizes=\"auto, (max-width: 2560px) 100vw, 2560px\" \/><\/a><\/figure>\n\n\n\n<figure class=\"wp-block-image size-large\"><a href=\"https:\/\/dioceseteixeiradefreitas.com.br\/wp-content\/uploads\/2022\/08\/IMG_9945-scaled.jpg\"><img loading=\"lazy\" decoding=\"async\" width=\"2560\" height=\"1592\" data-id=\"17475\" src=\"https:\/\/dioceseteixeiradefreitas.com.br\/wp-content\/uploads\/2022\/08\/IMG_9945-scaled.jpg\" alt=\"\" class=\"wp-image-17475\" srcset=\"https:\/\/dioceseteixeiradefreitas.com.br\/wp-content\/uploads\/2022\/08\/IMG_9945-scaled.jpg 2560w, https:\/\/dioceseteixeiradefreitas.com.br\/wp-content\/uploads\/2022\/08\/IMG_9945-300x187.jpg 300w, https:\/\/dioceseteixeiradefreitas.com.br\/wp-content\/uploads\/2022\/08\/IMG_9945-1024x637.jpg 1024w, https:\/\/dioceseteixeiradefreitas.com.br\/wp-content\/uploads\/2022\/08\/IMG_9945-768x478.jpg 768w, https:\/\/dioceseteixeiradefreitas.com.br\/wp-content\/uploads\/2022\/08\/IMG_9945-1536x955.jpg 1536w, https:\/\/dioceseteixeiradefreitas.com.br\/wp-content\/uploads\/2022\/08\/IMG_9945-2048x1274.jpg 2048w\" sizes=\"auto, (max-width: 2560px) 100vw, 2560px\" \/><\/a><\/figure>\n\n\n\n<figure class=\"wp-block-image size-large\"><a href=\"https:\/\/dioceseteixeiradefreitas.com.br\/wp-content\/uploads\/2022\/08\/IMG_9947-scaled.jpg\"><img loading=\"lazy\" decoding=\"async\" width=\"2560\" height=\"2098\" data-id=\"17476\" src=\"https:\/\/dioceseteixeiradefreitas.com.br\/wp-content\/uploads\/2022\/08\/IMG_9947-scaled.jpg\" alt=\"\" class=\"wp-image-17476\" srcset=\"https:\/\/dioceseteixeiradefreitas.com.br\/wp-content\/uploads\/2022\/08\/IMG_9947-scaled.jpg 2560w, https:\/\/dioceseteixeiradefreitas.com.br\/wp-content\/uploads\/2022\/08\/IMG_9947-300x246.jpg 300w, https:\/\/dioceseteixeiradefreitas.com.br\/wp-content\/uploads\/2022\/08\/IMG_9947-1024x839.jpg 1024w, https:\/\/dioceseteixeiradefreitas.com.br\/wp-content\/uploads\/2022\/08\/IMG_9947-768x630.jpg 768w, https:\/\/dioceseteixeiradefreitas.com.br\/wp-content\/uploads\/2022\/08\/IMG_9947-1536x1259.jpg 1536w, https:\/\/dioceseteixeiradefreitas.com.br\/wp-content\/uploads\/2022\/08\/IMG_9947-2048x1679.jpg 2048w\" sizes=\"auto, (max-width: 2560px) 100vw, 2560px\" \/><\/a><\/figure>\n\n\n\n<figure class=\"wp-block-image size-large\"><a href=\"https:\/\/dioceseteixeiradefreitas.com.br\/wp-content\/uploads\/2022\/08\/IMG_9956-scaled.jpg\"><img loading=\"lazy\" decoding=\"async\" width=\"2098\" height=\"2560\" data-id=\"17477\" src=\"https:\/\/dioceseteixeiradefreitas.com.br\/wp-content\/uploads\/2022\/08\/IMG_9956-scaled.jpg\" alt=\"\" class=\"wp-image-17477\" srcset=\"https:\/\/dioceseteixeiradefreitas.com.br\/wp-content\/uploads\/2022\/08\/IMG_9956-scaled.jpg 2098w, https:\/\/dioceseteixeiradefreitas.com.br\/wp-content\/uploads\/2022\/08\/IMG_9956-246x300.jpg 246w, https:\/\/dioceseteixeiradefreitas.com.br\/wp-content\/uploads\/2022\/08\/IMG_9956-839x1024.jpg 839w, https:\/\/dioceseteixeiradefreitas.com.br\/wp-content\/uploads\/2022\/08\/IMG_9956-768x937.jpg 768w, https:\/\/dioceseteixeiradefreitas.com.br\/wp-content\/uploads\/2022\/08\/IMG_9956-1259x1536.jpg 1259w, https:\/\/dioceseteixeiradefreitas.com.br\/wp-content\/uploads\/2022\/08\/IMG_9956-1679x2048.jpg 1679w\" sizes=\"auto, (max-width: 2098px) 100vw, 2098px\" \/><\/a><\/figure>\n\n\n\n<figure class=\"wp-block-image size-large\"><a href=\"https:\/\/dioceseteixeiradefreitas.com.br\/wp-content\/uploads\/2022\/08\/IMG_9973-scaled.jpg\"><img loading=\"lazy\" decoding=\"async\" width=\"2445\" height=\"2560\" data-id=\"17479\" src=\"https:\/\/dioceseteixeiradefreitas.com.br\/wp-content\/uploads\/2022\/08\/IMG_9973-scaled.jpg\" alt=\"\" class=\"wp-image-17479\" srcset=\"https:\/\/dioceseteixeiradefreitas.com.br\/wp-content\/uploads\/2022\/08\/IMG_9973-scaled.jpg 2445w, https:\/\/dioceseteixeiradefreitas.com.br\/wp-content\/uploads\/2022\/08\/IMG_9973-287x300.jpg 287w, https:\/\/dioceseteixeiradefreitas.com.br\/wp-content\/uploads\/2022\/08\/IMG_9973-978x1024.jpg 978w, https:\/\/dioceseteixeiradefreitas.com.br\/wp-content\/uploads\/2022\/08\/IMG_9973-768x804.jpg 768w, https:\/\/dioceseteixeiradefreitas.com.br\/wp-content\/uploads\/2022\/08\/IMG_9973-1467x1536.jpg 1467w, https:\/\/dioceseteixeiradefreitas.com.br\/wp-content\/uploads\/2022\/08\/IMG_9973-1956x2048.jpg 1956w\" sizes=\"auto, (max-width: 2445px) 100vw, 2445px\" \/><\/a><\/figure>\n\n\n\n<figure class=\"wp-block-image size-large\"><a href=\"https:\/\/dioceseteixeiradefreitas.com.br\/wp-content\/uploads\/2022\/08\/IMG_9981-scaled.jpg\"><img loading=\"lazy\" decoding=\"async\" width=\"1707\" height=\"2560\" data-id=\"17480\" src=\"https:\/\/dioceseteixeiradefreitas.com.br\/wp-content\/uploads\/2022\/08\/IMG_9981-scaled.jpg\" alt=\"\" class=\"wp-image-17480\" srcset=\"https:\/\/dioceseteixeiradefreitas.com.br\/wp-content\/uploads\/2022\/08\/IMG_9981-scaled.jpg 1707w, https:\/\/dioceseteixeiradefreitas.com.br\/wp-content\/uploads\/2022\/08\/IMG_9981-200x300.jpg 200w, https:\/\/dioceseteixeiradefreitas.com.br\/wp-content\/uploads\/2022\/08\/IMG_9981-683x1024.jpg 683w, https:\/\/dioceseteixeiradefreitas.com.br\/wp-content\/uploads\/2022\/08\/IMG_9981-768x1152.jpg 768w, https:\/\/dioceseteixeiradefreitas.com.br\/wp-content\/uploads\/2022\/08\/IMG_9981-1024x1536.jpg 1024w, https:\/\/dioceseteixeiradefreitas.com.br\/wp-content\/uploads\/2022\/08\/IMG_9981-1365x2048.jpg 1365w\" sizes=\"auto, (max-width: 1707px) 100vw, 1707px\" \/><\/a><\/figure>\n\n\n\n<figure class=\"wp-block-image size-large\"><a href=\"https:\/\/dioceseteixeiradefreitas.com.br\/wp-content\/uploads\/2022\/08\/IMG_9971-scaled.jpg\"><img loading=\"lazy\" decoding=\"async\" width=\"2098\" height=\"2560\" data-id=\"17478\" src=\"https:\/\/dioceseteixeiradefreitas.com.br\/wp-content\/uploads\/2022\/08\/IMG_9971-scaled.jpg\" alt=\"\" class=\"wp-image-17478\" srcset=\"https:\/\/dioceseteixeiradefreitas.com.br\/wp-content\/uploads\/2022\/08\/IMG_9971-scaled.jpg 2098w, https:\/\/dioceseteixeiradefreitas.com.br\/wp-content\/uploads\/2022\/08\/IMG_9971-246x300.jpg 246w, https:\/\/dioceseteixeiradefreitas.com.br\/wp-content\/uploads\/2022\/08\/IMG_9971-839x1024.jpg 839w, https:\/\/dioceseteixeiradefreitas.com.br\/wp-content\/uploads\/2022\/08\/IMG_9971-768x937.jpg 768w, https:\/\/dioceseteixeiradefreitas.com.br\/wp-content\/uploads\/2022\/08\/IMG_9971-1259x1536.jpg 1259w, https:\/\/dioceseteixeiradefreitas.com.br\/wp-content\/uploads\/2022\/08\/IMG_9971-1679x2048.jpg 1679w\" sizes=\"auto, (max-width: 2098px) 100vw, 2098px\" \/><\/a><\/figure>\n\n\n\n<figure class=\"wp-block-image size-large\"><a href=\"https:\/\/dioceseteixeiradefreitas.com.br\/wp-content\/uploads\/2022\/08\/IMG_9984-scaled.jpg\"><img loading=\"lazy\" decoding=\"async\" width=\"1707\" height=\"2560\" data-id=\"17481\" src=\"https:\/\/dioceseteixeiradefreitas.com.br\/wp-content\/uploads\/2022\/08\/IMG_9984-scaled.jpg\" alt=\"\" class=\"wp-image-17481\" srcset=\"https:\/\/dioceseteixeiradefreitas.com.br\/wp-content\/uploads\/2022\/08\/IMG_9984-scaled.jpg 1707w, https:\/\/dioceseteixeiradefreitas.com.br\/wp-content\/uploads\/2022\/08\/IMG_9984-200x300.jpg 200w, https:\/\/dioceseteixeiradefreitas.com.br\/wp-content\/uploads\/2022\/08\/IMG_9984-683x1024.jpg 683w, https:\/\/dioceseteixeiradefreitas.com.br\/wp-content\/uploads\/2022\/08\/IMG_9984-768x1152.jpg 768w, https:\/\/dioceseteixeiradefreitas.com.br\/wp-content\/uploads\/2022\/08\/IMG_9984-1024x1536.jpg 1024w, https:\/\/dioceseteixeiradefreitas.com.br\/wp-content\/uploads\/2022\/08\/IMG_9984-1365x2048.jpg 1365w\" sizes=\"auto, (max-width: 1707px) 100vw, 1707px\" \/><\/a><\/figure>\n\n\n\n<figure class=\"wp-block-image size-large\"><a href=\"https:\/\/dioceseteixeiradefreitas.com.br\/wp-content\/uploads\/2022\/08\/IMG_9775-scaled.jpg\"><img loading=\"lazy\" decoding=\"async\" width=\"2560\" height=\"1613\" data-id=\"17464\" src=\"https:\/\/dioceseteixeiradefreitas.com.br\/wp-content\/uploads\/2022\/08\/IMG_9775-scaled.jpg\" alt=\"\" class=\"wp-image-17464\" srcset=\"https:\/\/dioceseteixeiradefreitas.com.br\/wp-content\/uploads\/2022\/08\/IMG_9775-scaled.jpg 2560w, https:\/\/dioceseteixeiradefreitas.com.br\/wp-content\/uploads\/2022\/08\/IMG_9775-300x189.jpg 300w, https:\/\/dioceseteixeiradefreitas.com.br\/wp-content\/uploads\/2022\/08\/IMG_9775-1024x645.jpg 1024w, https:\/\/dioceseteixeiradefreitas.com.br\/wp-content\/uploads\/2022\/08\/IMG_9775-768x484.jpg 768w, https:\/\/dioceseteixeiradefreitas.com.br\/wp-content\/uploads\/2022\/08\/IMG_9775-1536x968.jpg 1536w, https:\/\/dioceseteixeiradefreitas.com.br\/wp-content\/uploads\/2022\/08\/IMG_9775-2048x1291.jpg 2048w\" sizes=\"auto, (max-width: 2560px) 100vw, 2560px\" \/><\/a><\/figure>\n\n\n\n<figure class=\"wp-block-image size-large\"><a href=\"https:\/\/dioceseteixeiradefreitas.com.br\/wp-content\/uploads\/2022\/08\/IMG_9770-scaled.jpg\"><img loading=\"lazy\" decoding=\"async\" width=\"2560\" height=\"1694\" data-id=\"17463\" src=\"https:\/\/dioceseteixeiradefreitas.com.br\/wp-content\/uploads\/2022\/08\/IMG_9770-scaled.jpg\" alt=\"\" class=\"wp-image-17463\" srcset=\"https:\/\/dioceseteixeiradefreitas.com.br\/wp-content\/uploads\/2022\/08\/IMG_9770-scaled.jpg 2560w, https:\/\/dioceseteixeiradefreitas.com.br\/wp-content\/uploads\/2022\/08\/IMG_9770-300x199.jpg 300w, https:\/\/dioceseteixeiradefreitas.com.br\/wp-content\/uploads\/2022\/08\/IMG_9770-1024x678.jpg 1024w, https:\/\/dioceseteixeiradefreitas.com.br\/wp-content\/uploads\/2022\/08\/IMG_9770-768x508.jpg 768w, https:\/\/dioceseteixeiradefreitas.com.br\/wp-content\/uploads\/2022\/08\/IMG_9770-1536x1017.jpg 1536w, https:\/\/dioceseteixeiradefreitas.com.br\/wp-content\/uploads\/2022\/08\/IMG_9770-2048x1355.jpg 2048w\" sizes=\"auto, (max-width: 2560px) 100vw, 2560px\" \/><\/a><\/figure>\n\n\n\n<figure class=\"wp-block-image size-large\"><a href=\"https:\/\/dioceseteixeiradefreitas.com.br\/wp-content\/uploads\/2022\/08\/IMG_9765-scaled.jpg\"><img loading=\"lazy\" decoding=\"async\" width=\"2560\" height=\"1694\" data-id=\"17462\" src=\"https:\/\/dioceseteixeiradefreitas.com.br\/wp-content\/uploads\/2022\/08\/IMG_9765-scaled.jpg\" alt=\"\" class=\"wp-image-17462\" srcset=\"https:\/\/dioceseteixeiradefreitas.com.br\/wp-content\/uploads\/2022\/08\/IMG_9765-scaled.jpg 2560w, https:\/\/dioceseteixeiradefreitas.com.br\/wp-content\/uploads\/2022\/08\/IMG_9765-300x199.jpg 300w, https:\/\/dioceseteixeiradefreitas.com.br\/wp-content\/uploads\/2022\/08\/IMG_9765-1024x678.jpg 1024w, https:\/\/dioceseteixeiradefreitas.com.br\/wp-content\/uploads\/2022\/08\/IMG_9765-768x508.jpg 768w, https:\/\/dioceseteixeiradefreitas.com.br\/wp-content\/uploads\/2022\/08\/IMG_9765-1536x1017.jpg 1536w, https:\/\/dioceseteixeiradefreitas.com.br\/wp-content\/uploads\/2022\/08\/IMG_9765-2048x1355.jpg 2048w\" sizes=\"auto, (max-width: 2560px) 100vw, 2560px\" \/><\/a><\/figure>\n\n\n\n<figure class=\"wp-block-image size-large\"><a href=\"https:\/\/dioceseteixeiradefreitas.com.br\/wp-content\/uploads\/2022\/08\/IMG_0002-scaled.jpg\"><img loading=\"lazy\" decoding=\"async\" width=\"2560\" height=\"1707\" data-id=\"17351\" src=\"https:\/\/dioceseteixeiradefreitas.com.br\/wp-content\/uploads\/2022\/08\/IMG_0002-scaled.jpg\" alt=\"\" class=\"wp-image-17351\" srcset=\"https:\/\/dioceseteixeiradefreitas.com.br\/wp-content\/uploads\/2022\/08\/IMG_0002-scaled.jpg 2560w, https:\/\/dioceseteixeiradefreitas.com.br\/wp-content\/uploads\/2022\/08\/IMG_0002-300x200.jpg 300w, https:\/\/dioceseteixeiradefreitas.com.br\/wp-content\/uploads\/2022\/08\/IMG_0002-1024x683.jpg 1024w, https:\/\/dioceseteixeiradefreitas.com.br\/wp-content\/uploads\/2022\/08\/IMG_0002-768x512.jpg 768w, https:\/\/dioceseteixeiradefreitas.com.br\/wp-content\/uploads\/2022\/08\/IMG_0002-1536x1024.jpg 1536w, https:\/\/dioceseteixeiradefreitas.com.br\/wp-content\/uploads\/2022\/08\/IMG_0002-2048x1365.jpg 2048w\" sizes=\"auto, (max-width: 2560px) 100vw, 2560px\" \/><\/a><\/figure>\n\n\n\n<figure class=\"wp-block-image size-large\"><a href=\"https:\/\/dioceseteixeiradefreitas.com.br\/wp-content\/uploads\/2022\/08\/IMG_0016-scaled.jpg\"><img loading=\"lazy\" decoding=\"async\" width=\"2560\" height=\"1707\" data-id=\"17352\" src=\"https:\/\/dioceseteixeiradefreitas.com.br\/wp-content\/uploads\/2022\/08\/IMG_0016-scaled.jpg\" alt=\"\" class=\"wp-image-17352\" srcset=\"https:\/\/dioceseteixeiradefreitas.com.br\/wp-content\/uploads\/2022\/08\/IMG_0016-scaled.jpg 2560w, https:\/\/dioceseteixeiradefreitas.com.br\/wp-content\/uploads\/2022\/08\/IMG_0016-300x200.jpg 300w, https:\/\/dioceseteixeiradefreitas.com.br\/wp-content\/uploads\/2022\/08\/IMG_0016-1024x683.jpg 1024w, https:\/\/dioceseteixeiradefreitas.com.br\/wp-content\/uploads\/2022\/08\/IMG_0016-768x512.jpg 768w, https:\/\/dioceseteixeiradefreitas.com.br\/wp-content\/uploads\/2022\/08\/IMG_0016-1536x1024.jpg 1536w, https:\/\/dioceseteixeiradefreitas.com.br\/wp-content\/uploads\/2022\/08\/IMG_0016-2048x1365.jpg 2048w\" sizes=\"auto, (max-width: 2560px) 100vw, 2560px\" \/><\/a><\/figure>\n\n\n\n<figure class=\"wp-block-image size-large\"><a href=\"https:\/\/dioceseteixeiradefreitas.com.br\/wp-content\/uploads\/2022\/08\/IMG_0019-scaled.jpg\"><img loading=\"lazy\" decoding=\"async\" width=\"2560\" height=\"1707\" data-id=\"17353\" src=\"https:\/\/dioceseteixeiradefreitas.com.br\/wp-content\/uploads\/2022\/08\/IMG_0019-scaled.jpg\" alt=\"\" class=\"wp-image-17353\" srcset=\"https:\/\/dioceseteixeiradefreitas.com.br\/wp-content\/uploads\/2022\/08\/IMG_0019-scaled.jpg 2560w, https:\/\/dioceseteixeiradefreitas.com.br\/wp-content\/uploads\/2022\/08\/IMG_0019-300x200.jpg 300w, https:\/\/dioceseteixeiradefreitas.com.br\/wp-content\/uploads\/2022\/08\/IMG_0019-1024x683.jpg 1024w, https:\/\/dioceseteixeiradefreitas.com.br\/wp-content\/uploads\/2022\/08\/IMG_0019-768x512.jpg 768w, https:\/\/dioceseteixeiradefreitas.com.br\/wp-content\/uploads\/2022\/08\/IMG_0019-1536x1024.jpg 1536w, https:\/\/dioceseteixeiradefreitas.com.br\/wp-content\/uploads\/2022\/08\/IMG_0019-2048x1365.jpg 2048w\" sizes=\"auto, (max-width: 2560px) 100vw, 2560px\" \/><\/a><\/figure>\n\n\n\n<figure class=\"wp-block-image size-large\"><a href=\"https:\/\/dioceseteixeiradefreitas.com.br\/wp-content\/uploads\/2022\/08\/IMG_0022-scaled.jpg\"><img loading=\"lazy\" decoding=\"async\" width=\"2560\" height=\"1707\" data-id=\"17354\" src=\"https:\/\/dioceseteixeiradefreitas.com.br\/wp-content\/uploads\/2022\/08\/IMG_0022-scaled.jpg\" alt=\"\" class=\"wp-image-17354\" srcset=\"https:\/\/dioceseteixeiradefreitas.com.br\/wp-content\/uploads\/2022\/08\/IMG_0022-scaled.jpg 2560w, https:\/\/dioceseteixeiradefreitas.com.br\/wp-content\/uploads\/2022\/08\/IMG_0022-300x200.jpg 300w, https:\/\/dioceseteixeiradefreitas.com.br\/wp-content\/uploads\/2022\/08\/IMG_0022-1024x683.jpg 1024w, https:\/\/dioceseteixeiradefreitas.com.br\/wp-content\/uploads\/2022\/08\/IMG_0022-768x512.jpg 768w, https:\/\/dioceseteixeiradefreitas.com.br\/wp-content\/uploads\/2022\/08\/IMG_0022-1536x1024.jpg 1536w, https:\/\/dioceseteixeiradefreitas.com.br\/wp-content\/uploads\/2022\/08\/IMG_0022-2048x1365.jpg 2048w\" sizes=\"auto, (max-width: 2560px) 100vw, 2560px\" \/><\/a><\/figure>\n\n\n\n<figure class=\"wp-block-image size-large\"><a href=\"https:\/\/dioceseteixeiradefreitas.com.br\/wp-content\/uploads\/2022\/08\/IMG_0026-scaled.jpg\"><img loading=\"lazy\" decoding=\"async\" width=\"2560\" height=\"1707\" data-id=\"17355\" src=\"https:\/\/dioceseteixeiradefreitas.com.br\/wp-content\/uploads\/2022\/08\/IMG_0026-scaled.jpg\" alt=\"\" class=\"wp-image-17355\" srcset=\"https:\/\/dioceseteixeiradefreitas.com.br\/wp-content\/uploads\/2022\/08\/IMG_0026-scaled.jpg 2560w, https:\/\/dioceseteixeiradefreitas.com.br\/wp-content\/uploads\/2022\/08\/IMG_0026-300x200.jpg 300w, https:\/\/dioceseteixeiradefreitas.com.br\/wp-content\/uploads\/2022\/08\/IMG_0026-1024x683.jpg 1024w, https:\/\/dioceseteixeiradefreitas.com.br\/wp-content\/uploads\/2022\/08\/IMG_0026-768x512.jpg 768w, https:\/\/dioceseteixeiradefreitas.com.br\/wp-content\/uploads\/2022\/08\/IMG_0026-1536x1024.jpg 1536w, https:\/\/dioceseteixeiradefreitas.com.br\/wp-content\/uploads\/2022\/08\/IMG_0026-2048x1365.jpg 2048w\" sizes=\"auto, (max-width: 2560px) 100vw, 2560px\" \/><\/a><\/figure>\n\n\n\n<figure class=\"wp-block-image size-large\"><a href=\"https:\/\/dioceseteixeiradefreitas.com.br\/wp-content\/uploads\/2022\/08\/IMG_0039-scaled.jpg\"><img loading=\"lazy\" decoding=\"async\" width=\"2560\" height=\"1757\" data-id=\"17356\" src=\"https:\/\/dioceseteixeiradefreitas.com.br\/wp-content\/uploads\/2022\/08\/IMG_0039-scaled.jpg\" alt=\"\" class=\"wp-image-17356\" srcset=\"https:\/\/dioceseteixeiradefreitas.com.br\/wp-content\/uploads\/2022\/08\/IMG_0039-scaled.jpg 2560w, https:\/\/dioceseteixeiradefreitas.com.br\/wp-content\/uploads\/2022\/08\/IMG_0039-300x206.jpg 300w, https:\/\/dioceseteixeiradefreitas.com.br\/wp-content\/uploads\/2022\/08\/IMG_0039-1024x703.jpg 1024w, https:\/\/dioceseteixeiradefreitas.com.br\/wp-content\/uploads\/2022\/08\/IMG_0039-768x527.jpg 768w, https:\/\/dioceseteixeiradefreitas.com.br\/wp-content\/uploads\/2022\/08\/IMG_0039-1536x1054.jpg 1536w, https:\/\/dioceseteixeiradefreitas.com.br\/wp-content\/uploads\/2022\/08\/IMG_0039-2048x1405.jpg 2048w, https:\/\/dioceseteixeiradefreitas.com.br\/wp-content\/uploads\/2022\/08\/IMG_0039-220x150.jpg 220w\" sizes=\"auto, (max-width: 2560px) 100vw, 2560px\" \/><\/a><\/figure>\n\n\n\n<figure class=\"wp-block-image size-large\"><a href=\"https:\/\/dioceseteixeiradefreitas.com.br\/wp-content\/uploads\/2022\/08\/IMG_0042-scaled.jpg\"><img loading=\"lazy\" decoding=\"async\" width=\"2560\" height=\"1757\" data-id=\"17357\" src=\"https:\/\/dioceseteixeiradefreitas.com.br\/wp-content\/uploads\/2022\/08\/IMG_0042-scaled.jpg\" alt=\"\" class=\"wp-image-17357\" srcset=\"https:\/\/dioceseteixeiradefreitas.com.br\/wp-content\/uploads\/2022\/08\/IMG_0042-scaled.jpg 2560w, https:\/\/dioceseteixeiradefreitas.com.br\/wp-content\/uploads\/2022\/08\/IMG_0042-300x206.jpg 300w, https:\/\/dioceseteixeiradefreitas.com.br\/wp-content\/uploads\/2022\/08\/IMG_0042-1024x703.jpg 1024w, https:\/\/dioceseteixeiradefreitas.com.br\/wp-content\/uploads\/2022\/08\/IMG_0042-768x527.jpg 768w, https:\/\/dioceseteixeiradefreitas.com.br\/wp-content\/uploads\/2022\/08\/IMG_0042-1536x1054.jpg 1536w, https:\/\/dioceseteixeiradefreitas.com.br\/wp-content\/uploads\/2022\/08\/IMG_0042-2048x1405.jpg 2048w, https:\/\/dioceseteixeiradefreitas.com.br\/wp-content\/uploads\/2022\/08\/IMG_0042-220x150.jpg 220w\" sizes=\"auto, (max-width: 2560px) 100vw, 2560px\" \/><\/a><\/figure>\n\n\n\n<figure class=\"wp-block-image size-large\"><a href=\"https:\/\/dioceseteixeiradefreitas.com.br\/wp-content\/uploads\/2022\/08\/IMG_0044-scaled.jpg\"><img loading=\"lazy\" decoding=\"async\" width=\"2560\" height=\"1752\" data-id=\"17358\" src=\"https:\/\/dioceseteixeiradefreitas.com.br\/wp-content\/uploads\/2022\/08\/IMG_0044-scaled.jpg\" alt=\"\" class=\"wp-image-17358\" srcset=\"https:\/\/dioceseteixeiradefreitas.com.br\/wp-content\/uploads\/2022\/08\/IMG_0044-scaled.jpg 2560w, https:\/\/dioceseteixeiradefreitas.com.br\/wp-content\/uploads\/2022\/08\/IMG_0044-300x205.jpg 300w, https:\/\/dioceseteixeiradefreitas.com.br\/wp-content\/uploads\/2022\/08\/IMG_0044-1024x701.jpg 1024w, https:\/\/dioceseteixeiradefreitas.com.br\/wp-content\/uploads\/2022\/08\/IMG_0044-768x526.jpg 768w, https:\/\/dioceseteixeiradefreitas.com.br\/wp-content\/uploads\/2022\/08\/IMG_0044-1536x1051.jpg 1536w, https:\/\/dioceseteixeiradefreitas.com.br\/wp-content\/uploads\/2022\/08\/IMG_0044-2048x1402.jpg 2048w, https:\/\/dioceseteixeiradefreitas.com.br\/wp-content\/uploads\/2022\/08\/IMG_0044-220x150.jpg 220w\" sizes=\"auto, (max-width: 2560px) 100vw, 2560px\" \/><\/a><\/figure>\n\n\n\n<figure class=\"wp-block-image size-large\"><a href=\"https:\/\/dioceseteixeiradefreitas.com.br\/wp-content\/uploads\/2022\/08\/IMG_0050-scaled.jpg\"><img loading=\"lazy\" decoding=\"async\" width=\"2560\" height=\"1615\" data-id=\"17359\" src=\"https:\/\/dioceseteixeiradefreitas.com.br\/wp-content\/uploads\/2022\/08\/IMG_0050-scaled.jpg\" alt=\"\" class=\"wp-image-17359\" srcset=\"https:\/\/dioceseteixeiradefreitas.com.br\/wp-content\/uploads\/2022\/08\/IMG_0050-scaled.jpg 2560w, https:\/\/dioceseteixeiradefreitas.com.br\/wp-content\/uploads\/2022\/08\/IMG_0050-300x189.jpg 300w, https:\/\/dioceseteixeiradefreitas.com.br\/wp-content\/uploads\/2022\/08\/IMG_0050-1024x646.jpg 1024w, https:\/\/dioceseteixeiradefreitas.com.br\/wp-content\/uploads\/2022\/08\/IMG_0050-768x485.jpg 768w, https:\/\/dioceseteixeiradefreitas.com.br\/wp-content\/uploads\/2022\/08\/IMG_0050-1536x969.jpg 1536w, https:\/\/dioceseteixeiradefreitas.com.br\/wp-content\/uploads\/2022\/08\/IMG_0050-2048x1292.jpg 2048w\" sizes=\"auto, (max-width: 2560px) 100vw, 2560px\" \/><\/a><\/figure>\n\n\n\n<figure class=\"wp-block-image size-large\"><a href=\"https:\/\/dioceseteixeiradefreitas.com.br\/wp-content\/uploads\/2022\/08\/IMG_0061-scaled.jpg\"><img loading=\"lazy\" decoding=\"async\" width=\"2560\" height=\"1615\" data-id=\"17360\" src=\"https:\/\/dioceseteixeiradefreitas.com.br\/wp-content\/uploads\/2022\/08\/IMG_0061-scaled.jpg\" alt=\"\" class=\"wp-image-17360\" srcset=\"https:\/\/dioceseteixeiradefreitas.com.br\/wp-content\/uploads\/2022\/08\/IMG_0061-scaled.jpg 2560w, https:\/\/dioceseteixeiradefreitas.com.br\/wp-content\/uploads\/2022\/08\/IMG_0061-300x189.jpg 300w, https:\/\/dioceseteixeiradefreitas.com.br\/wp-content\/uploads\/2022\/08\/IMG_0061-1024x646.jpg 1024w, https:\/\/dioceseteixeiradefreitas.com.br\/wp-content\/uploads\/2022\/08\/IMG_0061-768x485.jpg 768w, https:\/\/dioceseteixeiradefreitas.com.br\/wp-content\/uploads\/2022\/08\/IMG_0061-1536x969.jpg 1536w, https:\/\/dioceseteixeiradefreitas.com.br\/wp-content\/uploads\/2022\/08\/IMG_0061-2048x1292.jpg 2048w\" sizes=\"auto, (max-width: 2560px) 100vw, 2560px\" \/><\/a><\/figure>\n\n\n\n<figure class=\"wp-block-image size-large\"><a href=\"https:\/\/dioceseteixeiradefreitas.com.br\/wp-content\/uploads\/2022\/08\/IMG_0064-scaled.jpg\"><img loading=\"lazy\" decoding=\"async\" width=\"2560\" height=\"1615\" data-id=\"17361\" src=\"https:\/\/dioceseteixeiradefreitas.com.br\/wp-content\/uploads\/2022\/08\/IMG_0064-scaled.jpg\" alt=\"\" class=\"wp-image-17361\" srcset=\"https:\/\/dioceseteixeiradefreitas.com.br\/wp-content\/uploads\/2022\/08\/IMG_0064-scaled.jpg 2560w, https:\/\/dioceseteixeiradefreitas.com.br\/wp-content\/uploads\/2022\/08\/IMG_0064-300x189.jpg 300w, https:\/\/dioceseteixeiradefreitas.com.br\/wp-content\/uploads\/2022\/08\/IMG_0064-1024x646.jpg 1024w, https:\/\/dioceseteixeiradefreitas.com.br\/wp-content\/uploads\/2022\/08\/IMG_0064-768x485.jpg 768w, https:\/\/dioceseteixeiradefreitas.com.br\/wp-content\/uploads\/2022\/08\/IMG_0064-1536x969.jpg 1536w, https:\/\/dioceseteixeiradefreitas.com.br\/wp-content\/uploads\/2022\/08\/IMG_0064-2048x1292.jpg 2048w\" sizes=\"auto, (max-width: 2560px) 100vw, 2560px\" \/><\/a><\/figure>\n\n\n\n<figure class=\"wp-block-image size-large\"><a href=\"https:\/\/dioceseteixeiradefreitas.com.br\/wp-content\/uploads\/2022\/08\/IMG_0071-scaled.jpg\"><img loading=\"lazy\" decoding=\"async\" width=\"1615\" height=\"2560\" data-id=\"17362\" src=\"https:\/\/dioceseteixeiradefreitas.com.br\/wp-content\/uploads\/2022\/08\/IMG_0071-scaled.jpg\" alt=\"\" class=\"wp-image-17362\" srcset=\"https:\/\/dioceseteixeiradefreitas.com.br\/wp-content\/uploads\/2022\/08\/IMG_0071-scaled.jpg 1615w, https:\/\/dioceseteixeiradefreitas.com.br\/wp-content\/uploads\/2022\/08\/IMG_0071-189x300.jpg 189w, https:\/\/dioceseteixeiradefreitas.com.br\/wp-content\/uploads\/2022\/08\/IMG_0071-646x1024.jpg 646w, https:\/\/dioceseteixeiradefreitas.com.br\/wp-content\/uploads\/2022\/08\/IMG_0071-768x1217.jpg 768w, https:\/\/dioceseteixeiradefreitas.com.br\/wp-content\/uploads\/2022\/08\/IMG_0071-969x1536.jpg 969w, https:\/\/dioceseteixeiradefreitas.com.br\/wp-content\/uploads\/2022\/08\/IMG_0071-1292x2048.jpg 1292w\" sizes=\"auto, (max-width: 1615px) 100vw, 1615px\" \/><\/a><\/figure>\n\n\n\n<figure class=\"wp-block-image size-large\"><a href=\"https:\/\/dioceseteixeiradefreitas.com.br\/wp-content\/uploads\/2022\/08\/IMG_0085-scaled.jpg\"><img loading=\"lazy\" decoding=\"async\" width=\"2560\" height=\"1615\" data-id=\"17363\" src=\"https:\/\/dioceseteixeiradefreitas.com.br\/wp-content\/uploads\/2022\/08\/IMG_0085-scaled.jpg\" alt=\"\" class=\"wp-image-17363\" srcset=\"https:\/\/dioceseteixeiradefreitas.com.br\/wp-content\/uploads\/2022\/08\/IMG_0085-scaled.jpg 2560w, https:\/\/dioceseteixeiradefreitas.com.br\/wp-content\/uploads\/2022\/08\/IMG_0085-300x189.jpg 300w, https:\/\/dioceseteixeiradefreitas.com.br\/wp-content\/uploads\/2022\/08\/IMG_0085-1024x646.jpg 1024w, https:\/\/dioceseteixeiradefreitas.com.br\/wp-content\/uploads\/2022\/08\/IMG_0085-768x485.jpg 768w, https:\/\/dioceseteixeiradefreitas.com.br\/wp-content\/uploads\/2022\/08\/IMG_0085-1536x969.jpg 1536w, https:\/\/dioceseteixeiradefreitas.com.br\/wp-content\/uploads\/2022\/08\/IMG_0085-2048x1292.jpg 2048w\" sizes=\"auto, (max-width: 2560px) 100vw, 2560px\" \/><\/a><\/figure>\n\n\n\n<figure class=\"wp-block-image size-large\"><a href=\"https:\/\/dioceseteixeiradefreitas.com.br\/wp-content\/uploads\/2022\/08\/IMG_0104-scaled.jpg\"><img loading=\"lazy\" decoding=\"async\" width=\"2560\" height=\"1615\" data-id=\"17364\" src=\"https:\/\/dioceseteixeiradefreitas.com.br\/wp-content\/uploads\/2022\/08\/IMG_0104-scaled.jpg\" alt=\"\" class=\"wp-image-17364\" srcset=\"https:\/\/dioceseteixeiradefreitas.com.br\/wp-content\/uploads\/2022\/08\/IMG_0104-scaled.jpg 2560w, https:\/\/dioceseteixeiradefreitas.com.br\/wp-content\/uploads\/2022\/08\/IMG_0104-300x189.jpg 300w, https:\/\/dioceseteixeiradefreitas.com.br\/wp-content\/uploads\/2022\/08\/IMG_0104-1024x646.jpg 1024w, https:\/\/dioceseteixeiradefreitas.com.br\/wp-content\/uploads\/2022\/08\/IMG_0104-768x485.jpg 768w, https:\/\/dioceseteixeiradefreitas.com.br\/wp-content\/uploads\/2022\/08\/IMG_0104-1536x969.jpg 1536w, https:\/\/dioceseteixeiradefreitas.com.br\/wp-content\/uploads\/2022\/08\/IMG_0104-2048x1292.jpg 2048w\" sizes=\"auto, (max-width: 2560px) 100vw, 2560px\" \/><\/a><\/figure>\n\n\n\n<figure class=\"wp-block-image size-large\"><a href=\"https:\/\/dioceseteixeiradefreitas.com.br\/wp-content\/uploads\/2022\/08\/IMG_0107-scaled.jpg\"><img loading=\"lazy\" decoding=\"async\" width=\"2560\" height=\"1779\" data-id=\"17365\" src=\"https:\/\/dioceseteixeiradefreitas.com.br\/wp-content\/uploads\/2022\/08\/IMG_0107-scaled.jpg\" alt=\"\" class=\"wp-image-17365\" srcset=\"https:\/\/dioceseteixeiradefreitas.com.br\/wp-content\/uploads\/2022\/08\/IMG_0107-scaled.jpg 2560w, https:\/\/dioceseteixeiradefreitas.com.br\/wp-content\/uploads\/2022\/08\/IMG_0107-300x209.jpg 300w, https:\/\/dioceseteixeiradefreitas.com.br\/wp-content\/uploads\/2022\/08\/IMG_0107-1024x712.jpg 1024w, https:\/\/dioceseteixeiradefreitas.com.br\/wp-content\/uploads\/2022\/08\/IMG_0107-768x534.jpg 768w, https:\/\/dioceseteixeiradefreitas.com.br\/wp-content\/uploads\/2022\/08\/IMG_0107-1536x1068.jpg 1536w, https:\/\/dioceseteixeiradefreitas.com.br\/wp-content\/uploads\/2022\/08\/IMG_0107-2048x1423.jpg 2048w\" sizes=\"auto, (max-width: 2560px) 100vw, 2560px\" \/><\/a><\/figure>\n\n\n\n<figure class=\"wp-block-image size-large\"><a href=\"https:\/\/dioceseteixeiradefreitas.com.br\/wp-content\/uploads\/2022\/08\/IMG_0124-scaled.jpg\"><img loading=\"lazy\" decoding=\"async\" width=\"2560\" height=\"1615\" data-id=\"17366\" src=\"https:\/\/dioceseteixeiradefreitas.com.br\/wp-content\/uploads\/2022\/08\/IMG_0124-scaled.jpg\" alt=\"\" class=\"wp-image-17366\" srcset=\"https:\/\/dioceseteixeiradefreitas.com.br\/wp-content\/uploads\/2022\/08\/IMG_0124-scaled.jpg 2560w, https:\/\/dioceseteixeiradefreitas.com.br\/wp-content\/uploads\/2022\/08\/IMG_0124-300x189.jpg 300w, https:\/\/dioceseteixeiradefreitas.com.br\/wp-content\/uploads\/2022\/08\/IMG_0124-1024x646.jpg 1024w, https:\/\/dioceseteixeiradefreitas.com.br\/wp-content\/uploads\/2022\/08\/IMG_0124-768x485.jpg 768w, https:\/\/dioceseteixeiradefreitas.com.br\/wp-content\/uploads\/2022\/08\/IMG_0124-1536x969.jpg 1536w, https:\/\/dioceseteixeiradefreitas.com.br\/wp-content\/uploads\/2022\/08\/IMG_0124-2048x1292.jpg 2048w\" sizes=\"auto, (max-width: 2560px) 100vw, 2560px\" \/><\/a><\/figure>\n\n\n\n<figure class=\"wp-block-image size-large\"><a href=\"https:\/\/dioceseteixeiradefreitas.com.br\/wp-content\/uploads\/2022\/08\/IMG_0136-scaled.jpg\"><img loading=\"lazy\" decoding=\"async\" width=\"2560\" height=\"1615\" data-id=\"17367\" src=\"https:\/\/dioceseteixeiradefreitas.com.br\/wp-content\/uploads\/2022\/08\/IMG_0136-scaled.jpg\" alt=\"\" class=\"wp-image-17367\" srcset=\"https:\/\/dioceseteixeiradefreitas.com.br\/wp-content\/uploads\/2022\/08\/IMG_0136-scaled.jpg 2560w, https:\/\/dioceseteixeiradefreitas.com.br\/wp-content\/uploads\/2022\/08\/IMG_0136-300x189.jpg 300w, https:\/\/dioceseteixeiradefreitas.com.br\/wp-content\/uploads\/2022\/08\/IMG_0136-1024x646.jpg 1024w, https:\/\/dioceseteixeiradefreitas.com.br\/wp-content\/uploads\/2022\/08\/IMG_0136-768x485.jpg 768w, https:\/\/dioceseteixeiradefreitas.com.br\/wp-content\/uploads\/2022\/08\/IMG_0136-1536x969.jpg 1536w, https:\/\/dioceseteixeiradefreitas.com.br\/wp-content\/uploads\/2022\/08\/IMG_0136-2048x1292.jpg 2048w\" sizes=\"auto, (max-width: 2560px) 100vw, 2560px\" \/><\/a><\/figure>\n\n\n\n<figure class=\"wp-block-image size-large\"><a href=\"https:\/\/dioceseteixeiradefreitas.com.br\/wp-content\/uploads\/2022\/08\/IMG_0138-scaled.jpg\"><img loading=\"lazy\" decoding=\"async\" width=\"2560\" height=\"1615\" data-id=\"17368\" src=\"https:\/\/dioceseteixeiradefreitas.com.br\/wp-content\/uploads\/2022\/08\/IMG_0138-scaled.jpg\" alt=\"\" class=\"wp-image-17368\" srcset=\"https:\/\/dioceseteixeiradefreitas.com.br\/wp-content\/uploads\/2022\/08\/IMG_0138-scaled.jpg 2560w, https:\/\/dioceseteixeiradefreitas.com.br\/wp-content\/uploads\/2022\/08\/IMG_0138-300x189.jpg 300w, https:\/\/dioceseteixeiradefreitas.com.br\/wp-content\/uploads\/2022\/08\/IMG_0138-1024x646.jpg 1024w, https:\/\/dioceseteixeiradefreitas.com.br\/wp-content\/uploads\/2022\/08\/IMG_0138-768x485.jpg 768w, https:\/\/dioceseteixeiradefreitas.com.br\/wp-content\/uploads\/2022\/08\/IMG_0138-1536x969.jpg 1536w, https:\/\/dioceseteixeiradefreitas.com.br\/wp-content\/uploads\/2022\/08\/IMG_0138-2048x1292.jpg 2048w\" sizes=\"auto, (max-width: 2560px) 100vw, 2560px\" \/><\/a><\/figure>\n\n\n\n<figure class=\"wp-block-image size-large\"><a href=\"https:\/\/dioceseteixeiradefreitas.com.br\/wp-content\/uploads\/2022\/08\/IMG_0142-scaled.jpg\"><img loading=\"lazy\" decoding=\"async\" width=\"2560\" height=\"1510\" data-id=\"17369\" src=\"https:\/\/dioceseteixeiradefreitas.com.br\/wp-content\/uploads\/2022\/08\/IMG_0142-scaled.jpg\" alt=\"\" class=\"wp-image-17369\" srcset=\"https:\/\/dioceseteixeiradefreitas.com.br\/wp-content\/uploads\/2022\/08\/IMG_0142-scaled.jpg 2560w, https:\/\/dioceseteixeiradefreitas.com.br\/wp-content\/uploads\/2022\/08\/IMG_0142-300x177.jpg 300w, https:\/\/dioceseteixeiradefreitas.com.br\/wp-content\/uploads\/2022\/08\/IMG_0142-1024x604.jpg 1024w, https:\/\/dioceseteixeiradefreitas.com.br\/wp-content\/uploads\/2022\/08\/IMG_0142-768x453.jpg 768w, https:\/\/dioceseteixeiradefreitas.com.br\/wp-content\/uploads\/2022\/08\/IMG_0142-1536x906.jpg 1536w, https:\/\/dioceseteixeiradefreitas.com.br\/wp-content\/uploads\/2022\/08\/IMG_0142-2048x1208.jpg 2048w\" sizes=\"auto, (max-width: 2560px) 100vw, 2560px\" \/><\/a><\/figure>\n\n\n\n<figure class=\"wp-block-image size-large\"><a href=\"https:\/\/dioceseteixeiradefreitas.com.br\/wp-content\/uploads\/2022\/08\/IMG_0153-scaled.jpg\"><img loading=\"lazy\" decoding=\"async\" width=\"2560\" height=\"1510\" data-id=\"17370\" src=\"https:\/\/dioceseteixeiradefreitas.com.br\/wp-content\/uploads\/2022\/08\/IMG_0153-scaled.jpg\" alt=\"\" class=\"wp-image-17370\" srcset=\"https:\/\/dioceseteixeiradefreitas.com.br\/wp-content\/uploads\/2022\/08\/IMG_0153-scaled.jpg 2560w, https:\/\/dioceseteixeiradefreitas.com.br\/wp-content\/uploads\/2022\/08\/IMG_0153-300x177.jpg 300w, https:\/\/dioceseteixeiradefreitas.com.br\/wp-content\/uploads\/2022\/08\/IMG_0153-1024x604.jpg 1024w, https:\/\/dioceseteixeiradefreitas.com.br\/wp-content\/uploads\/2022\/08\/IMG_0153-768x453.jpg 768w, https:\/\/dioceseteixeiradefreitas.com.br\/wp-content\/uploads\/2022\/08\/IMG_0153-1536x906.jpg 1536w, https:\/\/dioceseteixeiradefreitas.com.br\/wp-content\/uploads\/2022\/08\/IMG_0153-2048x1208.jpg 2048w\" sizes=\"auto, (max-width: 2560px) 100vw, 2560px\" \/><\/a><\/figure>\n<\/figure>\n\n\n\n<p><strong>Confira a entrevista com Dom Jailton e do Padre Marcos Viana<\/strong>:<\/p>\n\n\n\n<figure class=\"wp-block-embed is-type-video is-provider-youtube wp-block-embed-youtube wp-embed-aspect-4-3 wp-has-aspect-ratio\"><div class=\"wp-block-embed__wrapper\">\n<iframe loading=\"lazy\" title=\"ENTREVISTA: Diocese ganha novo sacerdote, o Padre Marcos Viana\" width=\"500\" height=\"375\" src=\"https:\/\/www.youtube.com\/embed\/ZyqPEnS74RM?feature=oembed\" frameborder=\"0\" allow=\"accelerometer; autoplay; clipboard-write; encrypted-media; gyroscope; picture-in-picture; web-share\" referrerpolicy=\"strict-origin-when-cross-origin\" allowfullscreen><\/iframe>\n<\/div><\/figure>\n\n\n\n<p><strong>Cr\u00e9ditos: <\/strong><\/p>\n\n\n\n<p>Fotos: Hanna Lima e Jo\u00e3o Vitor Gomes.<\/p>\n\n\n\n<p>Grava\u00e7\u00e3o de v\u00eddeo: Juliana Porto.<\/p>\n\n\n\n<p>Edi\u00e7\u00e3o de Fotos: Hanna Lima.<\/p>\n\n\n\n<p>Entrevistas: Arnaldo, Juliana, Lilian e Marcos.<\/p>\n\n\n\n<p>Edi\u00e7\u00e3o de V\u00eddeo da entrevista: Hanna Lima.<\/p>\n\n\n\n<p>Edi\u00e7\u00e3o de v\u00eddeo Reels Instagram: Juliana Porto.<\/p>\n\n\n\n<p>Texto: Sara Lima.<\/p>\n","protected":false},"excerpt":{"rendered":"<p>No \u00faltimo s\u00e1bado, 06 de agosto de 2022, na Solenidade da Transfigura\u00e7\u00e3o do Senhor &#8211; Festa do Senhor Bom Jesus, a Diocese de Teixeira de Freitas &#8211; Caravelas\/BA ganhou um novo sacerdote, o Padre Marcos Viana Silva. A Ordena\u00e7\u00e3o Presbiteral foi na Catedral Diocesana S\u00e3o Pedro, em Teixeira de Freitas &#8211; BA, \u00e0s 17h. A &hellip;<\/p>\n","protected":false},"author":24,"featured_media":17484,"comment_status":"closed","ping_status":"closed","sticky":false,"template":"","format":"standard","meta":{"footnotes":""},"categories":[100],"tags":[1081,1096,1095,1052],"class_list":["post-17341","post","type-post","status-publish","format-standard","has-post-thumbnail","hentry","category-noticias-diocesanas","tag-dioceseteixeiradefreitascaravelas","tag-padremarcosviana","tag-sacerdocio","tag-vocacao-2"],"_links":{"self":[{"href":"https:\/\/dioceseteixeiradefreitas.com.br\/index.php?rest_route=\/wp\/v2\/posts\/17341","targetHints":{"allow":["GET"]}}],"collection":[{"href":"https:\/\/dioceseteixeiradefreitas.com.br\/index.php?rest_route=\/wp\/v2\/posts"}],"about":[{"href":"https:\/\/dioceseteixeiradefreitas.com.br\/index.php?rest_route=\/wp\/v2\/types\/post"}],"author":[{"embeddable":true,"href":"https:\/\/dioceseteixeiradefreitas.com.br\/index.php?rest_route=\/wp\/v2\/users\/24"}],"replies":[{"embeddable":true,"href":"https:\/\/dioceseteixeiradefreitas.com.br\/index.php?rest_route=%2Fwp%2Fv2%2Fcomments&post=17341"}],"version-history":[{"count":8,"href":"https:\/\/dioceseteixeiradefreitas.com.br\/index.php?rest_route=\/wp\/v2\/posts\/17341\/revisions"}],"predecessor-version":[{"id":17483,"href":"https:\/\/dioceseteixeiradefreitas.com.br\/index.php?rest_route=\/wp\/v2\/posts\/17341\/revisions\/17483"}],"wp:featuredmedia":[{"embeddable":true,"href":"https:\/\/dioceseteixeiradefreitas.com.br\/index.php?rest_route=\/wp\/v2\/media\/17484"}],"wp:attachment":[{"href":"https:\/\/dioceseteixeiradefreitas.com.br\/index.php?rest_route=%2Fwp%2Fv2%2Fmedia&parent=17341"}],"wp:term":[{"taxonomy":"category","embeddable":true,"href":"https:\/\/dioceseteixeiradefreitas.com.br\/index.php?rest_route=%2Fwp%2Fv2%2Fcategories&post=17341"},{"taxonomy":"post_tag","embeddable":true,"href":"https:\/\/dioceseteixeiradefreitas.com.br\/index.php?rest_route=%2Fwp%2Fv2%2Ftags&post=17341"}],"curies":[{"name":"wp","href":"https:\/\/api.w.org\/{rel}","templated":true}]}}