{"id":17691,"date":"2022-08-21T19:57:50","date_gmt":"2022-08-21T22:57:50","guid":{"rendered":"https:\/\/dioceseteixeiradefreitas.com.br\/?p=17691"},"modified":"2022-08-21T20:00:06","modified_gmt":"2022-08-21T23:00:06","slug":"equipe-de-coordenacao-da-pascom-reuniu-se-com-o-seu-assessor-padre-ricardo","status":"publish","type":"post","link":"https:\/\/dioceseteixeiradefreitas.com.br\/?p=17691","title":{"rendered":"Equipe de coordena\u00e7\u00e3o da PASCOM reuniu-se com o assessor &#8211; Padre Ricardo"},"content":{"rendered":"\n<p>No \u00faltimo s\u00e1bado, 20 de Agosto de 2022, a equipe de coordena\u00e7\u00e3o da PASCOM reuniu-se com o assessor &#8211; Padre Ricardo, para avaliar os trabalhos desenvolvidos e planejar novas a\u00e7\u00f5es da pastoral. O encontro aconteceu na casa paroquial, das 08h \u00e0s 12h. A programa\u00e7\u00e3o teve in\u00edcio com um momento de ora\u00e7\u00e3o na Capela, seguido de um delicioso caf\u00e9 da manh\u00e3, e por fim, um momento de di\u00e1logo sobre as a\u00e7\u00f5es da pastoral na Diocese.<\/p>\n\n\n\n<figure class=\"wp-block-image size-large\"><a href=\"https:\/\/dioceseteixeiradefreitas.com.br\/wp-content\/uploads\/2022\/08\/WhatsApp-Image-2022-08-21-at-19.56.02.jpeg\"><img loading=\"lazy\" decoding=\"async\" width=\"1024\" height=\"769\" src=\"https:\/\/dioceseteixeiradefreitas.com.br\/wp-content\/uploads\/2022\/08\/WhatsApp-Image-2022-08-21-at-19.56.02-1024x769.jpeg\" alt=\"\" class=\"wp-image-17692\" srcset=\"https:\/\/dioceseteixeiradefreitas.com.br\/wp-content\/uploads\/2022\/08\/WhatsApp-Image-2022-08-21-at-19.56.02-1024x769.jpeg 1024w, https:\/\/dioceseteixeiradefreitas.com.br\/wp-content\/uploads\/2022\/08\/WhatsApp-Image-2022-08-21-at-19.56.02-300x225.jpeg 300w, https:\/\/dioceseteixeiradefreitas.com.br\/wp-content\/uploads\/2022\/08\/WhatsApp-Image-2022-08-21-at-19.56.02-768x577.jpeg 768w, https:\/\/dioceseteixeiradefreitas.com.br\/wp-content\/uploads\/2022\/08\/WhatsApp-Image-2022-08-21-at-19.56.02-1536x1154.jpeg 1536w, https:\/\/dioceseteixeiradefreitas.com.br\/wp-content\/uploads\/2022\/08\/WhatsApp-Image-2022-08-21-at-19.56.02.jpeg 1600w\" sizes=\"auto, (max-width: 1024px) 100vw, 1024px\" \/><\/a><figcaption>PASCOM &#8211; Divulga\u00e7\u00e3o<\/figcaption><\/figure>\n\n\n\n<p>Pe\u00e7amos ao Divino Esp\u00edrito Santo que conduza as a\u00e7\u00f5es da PASCOM em toda Diocese, sob a intercess\u00e3o da Virgem Maria!<\/p>\n","protected":false},"excerpt":{"rendered":"<p>No \u00faltimo s\u00e1bado, 20 de Agosto de 2022, a equipe de coordena\u00e7\u00e3o da PASCOM reuniu-se com o assessor &#8211; Padre Ricardo, para avaliar os trabalhos desenvolvidos e planejar novas a\u00e7\u00f5es da pastoral. O encontro aconteceu na casa paroquial, das 08h \u00e0s 12h. A programa\u00e7\u00e3o teve in\u00edcio com um momento de ora\u00e7\u00e3o na Capela, seguido de &hellip;<\/p>\n","protected":false},"author":24,"featured_media":17692,"comment_status":"closed","ping_status":"closed","sticky":false,"template":"","format":"standard","meta":{"footnotes":""},"categories":[100],"tags":[30,1102],"class_list":["post-17691","post","type-post","status-publish","format-standard","has-post-thumbnail","hentry","category-noticias-diocesanas","tag-pascom-2","tag-reuniao"],"_links":{"self":[{"href":"https:\/\/dioceseteixeiradefreitas.com.br\/index.php?rest_route=\/wp\/v2\/posts\/17691","targetHints":{"allow":["GET"]}}],"collection":[{"href":"https:\/\/dioceseteixeiradefreitas.com.br\/index.php?rest_route=\/wp\/v2\/posts"}],"about":[{"href":"https:\/\/dioceseteixeiradefreitas.com.br\/index.php?rest_route=\/wp\/v2\/types\/post"}],"author":[{"embeddable":true,"href":"https:\/\/dioceseteixeiradefreitas.com.br\/index.php?rest_route=\/wp\/v2\/users\/24"}],"replies":[{"embeddable":true,"href":"https:\/\/dioceseteixeiradefreitas.com.br\/index.php?rest_route=%2Fwp%2Fv2%2Fcomments&post=17691"}],"version-history":[{"count":2,"href":"https:\/\/dioceseteixeiradefreitas.com.br\/index.php?rest_route=\/wp\/v2\/posts\/17691\/revisions"}],"predecessor-version":[{"id":17694,"href":"https:\/\/dioceseteixeiradefreitas.com.br\/index.php?rest_route=\/wp\/v2\/posts\/17691\/revisions\/17694"}],"wp:featuredmedia":[{"embeddable":true,"href":"https:\/\/dioceseteixeiradefreitas.com.br\/index.php?rest_route=\/wp\/v2\/media\/17692"}],"wp:attachment":[{"href":"https:\/\/dioceseteixeiradefreitas.com.br\/index.php?rest_route=%2Fwp%2Fv2%2Fmedia&parent=17691"}],"wp:term":[{"taxonomy":"category","embeddable":true,"href":"https:\/\/dioceseteixeiradefreitas.com.br\/index.php?rest_route=%2Fwp%2Fv2%2Fcategories&post=17691"},{"taxonomy":"post_tag","embeddable":true,"href":"https:\/\/dioceseteixeiradefreitas.com.br\/index.php?rest_route=%2Fwp%2Fv2%2Ftags&post=17691"}],"curies":[{"name":"wp","href":"https:\/\/api.w.org\/{rel}","templated":true}]}}