{"id":17852,"date":"2022-09-10T10:28:47","date_gmt":"2022-09-10T13:28:47","guid":{"rendered":"https:\/\/dioceseteixeiradefreitas.com.br\/?p=17852"},"modified":"2022-09-10T11:28:07","modified_gmt":"2022-09-10T14:28:07","slug":"convite-edicom-encontro-diocesano-de-comunicacao","status":"publish","type":"post","link":"https:\/\/dioceseteixeiradefreitas.com.br\/?p=17852","title":{"rendered":"CONVITE: EDICOM &#8211; Encontro Diocesano de Comunica\u00e7\u00e3o"},"content":{"rendered":"\n<p>A PASCOM da Diocese Teixeira de Freitas \u2013 Caravelas\/BA realizar\u00e1 no dia <strong>08 de Outubro de 2022<\/strong>, das <strong>13h \u00e0s 18h<\/strong>, na <strong>Par\u00f3quia S\u00e3o Francisco de Assis<\/strong> (R. Rotary, 60 &#8211; Centro, Teixeira de Freitas &#8211; BA, 45997-013), o EDICOM \u2013 Encontro Diocesano de Comunica\u00e7\u00e3o. A programa\u00e7\u00e3o contemplar\u00e1 momentos de integra\u00e7\u00e3o, forma\u00e7\u00e3o e espiritualidade. A inscri\u00e7\u00e3o no EDICOM custa R$ 10,00 (dez reais) e ser\u00e1 feita de forma online, pelo link <a rel=\"noreferrer noopener\" href=\"https:\/\/forms.gle\/4P7jkDJ14WYowjbZA\" data-type=\"URL\" data-id=\"https:\/\/forms.gle\/4P7jkDJ14WYowjbZA\" target=\"_blank\">https:\/\/forms.gle\/4P7jkDJ14WYowjbZA<\/a>, de 12\/09\/2022 a 07\/10\/2022.<\/p>\n\n\n\n<p>O EDICOM tem como p\u00fablico-alvo os agentes da PASCOM, assim como membros de outras Pastorais e Movimentos que atuam na \u00e1rea de comunica\u00e7\u00e3o. Durante o encontro teremos oficinas de Fotografia, Produ\u00e7\u00e3o Textual, Entrevista e Transmiss\u00e3o.<\/p>\n\n\n\n<p>A Equipe de Coordena\u00e7\u00e3o da PASCOM e o Assessor Padre Ricardo, ressaltam a import\u00e2ncia de ter a presen\u00e7a de agentes da PASCOM de todas as par\u00f3quias da nossa Diocese.<\/p>\n\n\n\n<figure class=\"wp-block-image size-large\"><a href=\"https:\/\/dioceseteixeiradefreitas.com.br\/wp-content\/uploads\/2022\/09\/EDICOM2.jpg\"><img loading=\"lazy\" decoding=\"async\" width=\"1024\" height=\"1024\" src=\"https:\/\/dioceseteixeiradefreitas.com.br\/wp-content\/uploads\/2022\/09\/EDICOM2-1024x1024.jpg\" alt=\"\" class=\"wp-image-17857\" srcset=\"https:\/\/dioceseteixeiradefreitas.com.br\/wp-content\/uploads\/2022\/09\/EDICOM2-1024x1024.jpg 1024w, https:\/\/dioceseteixeiradefreitas.com.br\/wp-content\/uploads\/2022\/09\/EDICOM2-300x300.jpg 300w, https:\/\/dioceseteixeiradefreitas.com.br\/wp-content\/uploads\/2022\/09\/EDICOM2-150x150.jpg 150w, https:\/\/dioceseteixeiradefreitas.com.br\/wp-content\/uploads\/2022\/09\/EDICOM2-768x768.jpg 768w, https:\/\/dioceseteixeiradefreitas.com.br\/wp-content\/uploads\/2022\/09\/EDICOM2.jpg 1080w\" sizes=\"auto, (max-width: 1024px) 100vw, 1024px\" \/><\/a><figcaption>PASCOM- Teixeira de Freitas\/ Caravelas.<\/figcaption><\/figure>\n","protected":false},"excerpt":{"rendered":"<p>A PASCOM da Diocese Teixeira de Freitas \u2013 Caravelas\/BA realizar\u00e1 no dia 08 de Outubro de 2022, das 13h \u00e0s 18h, na Par\u00f3quia S\u00e3o Francisco de Assis (R. Rotary, 60 &#8211; Centro, Teixeira de Freitas &#8211; BA, 45997-013), o EDICOM \u2013 Encontro Diocesano de Comunica\u00e7\u00e3o. A programa\u00e7\u00e3o contemplar\u00e1 momentos de integra\u00e7\u00e3o, forma\u00e7\u00e3o e espiritualidade. A &hellip;<\/p>\n","protected":false},"author":24,"featured_media":17857,"comment_status":"closed","ping_status":"closed","sticky":false,"template":"","format":"standard","meta":{"footnotes":""},"categories":[100],"tags":[451,1108,30],"class_list":["post-17852","post","type-post","status-publish","format-standard","has-post-thumbnail","hentry","category-noticias-diocesanas","tag-diocese-de-teixeira-de-freitas-caravelas","tag-edicom","tag-pascom-2"],"_links":{"self":[{"href":"https:\/\/dioceseteixeiradefreitas.com.br\/index.php?rest_route=\/wp\/v2\/posts\/17852","targetHints":{"allow":["GET"]}}],"collection":[{"href":"https:\/\/dioceseteixeiradefreitas.com.br\/index.php?rest_route=\/wp\/v2\/posts"}],"about":[{"href":"https:\/\/dioceseteixeiradefreitas.com.br\/index.php?rest_route=\/wp\/v2\/types\/post"}],"author":[{"embeddable":true,"href":"https:\/\/dioceseteixeiradefreitas.com.br\/index.php?rest_route=\/wp\/v2\/users\/24"}],"replies":[{"embeddable":true,"href":"https:\/\/dioceseteixeiradefreitas.com.br\/index.php?rest_route=%2Fwp%2Fv2%2Fcomments&post=17852"}],"version-history":[{"count":5,"href":"https:\/\/dioceseteixeiradefreitas.com.br\/index.php?rest_route=\/wp\/v2\/posts\/17852\/revisions"}],"predecessor-version":[{"id":17861,"href":"https:\/\/dioceseteixeiradefreitas.com.br\/index.php?rest_route=\/wp\/v2\/posts\/17852\/revisions\/17861"}],"wp:featuredmedia":[{"embeddable":true,"href":"https:\/\/dioceseteixeiradefreitas.com.br\/index.php?rest_route=\/wp\/v2\/media\/17857"}],"wp:attachment":[{"href":"https:\/\/dioceseteixeiradefreitas.com.br\/index.php?rest_route=%2Fwp%2Fv2%2Fmedia&parent=17852"}],"wp:term":[{"taxonomy":"category","embeddable":true,"href":"https:\/\/dioceseteixeiradefreitas.com.br\/index.php?rest_route=%2Fwp%2Fv2%2Fcategories&post=17852"},{"taxonomy":"post_tag","embeddable":true,"href":"https:\/\/dioceseteixeiradefreitas.com.br\/index.php?rest_route=%2Fwp%2Fv2%2Ftags&post=17852"}],"curies":[{"name":"wp","href":"https:\/\/api.w.org\/{rel}","templated":true}]}}