{"id":17904,"date":"2022-09-19T21:44:05","date_gmt":"2022-09-20T00:44:05","guid":{"rendered":"https:\/\/dioceseteixeiradefreitas.com.br\/?p=17904"},"modified":"2022-09-19T21:47:14","modified_gmt":"2022-09-20T00:47:14","slug":"colaboradores-da-curia-diocesana-participaram-do-circuito-theos-de-imersao-e-conhecimento-em-maringa-pr","status":"publish","type":"post","link":"https:\/\/dioceseteixeiradefreitas.com.br\/?p=17904","title":{"rendered":"Colaboradores da C\u00faria Diocesana participaram do Circuito The\u00f2s de Imers\u00e3o e Conhecimento em Maring\u00e1 &#8211; PR"},"content":{"rendered":"\n<p>Nos dias 16 e 17 de setembro de 2022, os colaboradores da C\u00faria Diocesana participaram do Circuito The\u00f2s de Imers\u00e3o e Conhecimento em Maring\u00e1 &#8211; PR.<\/p>\n\n\n\n<figure class=\"wp-block-image size-large\"><a href=\"https:\/\/dioceseteixeiradefreitas.com.br\/wp-content\/uploads\/2022\/09\/IMG-20220919-WA0031.jpg\"><img loading=\"lazy\" decoding=\"async\" width=\"1024\" height=\"976\" src=\"https:\/\/dioceseteixeiradefreitas.com.br\/wp-content\/uploads\/2022\/09\/IMG-20220919-WA0031-1024x976.jpg\" alt=\"\" class=\"wp-image-17907\" srcset=\"https:\/\/dioceseteixeiradefreitas.com.br\/wp-content\/uploads\/2022\/09\/IMG-20220919-WA0031-1024x976.jpg 1024w, https:\/\/dioceseteixeiradefreitas.com.br\/wp-content\/uploads\/2022\/09\/IMG-20220919-WA0031-300x286.jpg 300w, https:\/\/dioceseteixeiradefreitas.com.br\/wp-content\/uploads\/2022\/09\/IMG-20220919-WA0031-768x732.jpg 768w, https:\/\/dioceseteixeiradefreitas.com.br\/wp-content\/uploads\/2022\/09\/IMG-20220919-WA0031-1536x1464.jpg 1536w, https:\/\/dioceseteixeiradefreitas.com.br\/wp-content\/uploads\/2022\/09\/IMG-20220919-WA0031.jpg 1600w\" sizes=\"auto, (max-width: 1024px) 100vw, 1024px\" \/><\/a><\/figure>\n\n\n\n<p><br>O Circuito de Imers\u00e3o &amp; Conhecimento The\u00f2s \u00e9 um momento de troca de experi\u00eancias e dicas valiosas, para compartilhar o que tem vivenciado no dia a dia da par\u00f3quia. Foram dois dias de intensa capacita\u00e7\u00e3o e aprendizado, exclusivo para clientes e parceiros da The\u00f2s, onde os participantes puderam vivenciar novas experi\u00eancias e aprimorar seu conhecimento.<\/p>\n\n\n\n<figure class=\"wp-block-image size-full\"><a href=\"https:\/\/dioceseteixeiradefreitas.com.br\/wp-content\/uploads\/2022\/09\/IMG-20220919-WA0030.jpg\"><img loading=\"lazy\" decoding=\"async\" width=\"600\" height=\"400\" src=\"https:\/\/dioceseteixeiradefreitas.com.br\/wp-content\/uploads\/2022\/09\/IMG-20220919-WA0030.jpg\" alt=\"\" class=\"wp-image-17908\" srcset=\"https:\/\/dioceseteixeiradefreitas.com.br\/wp-content\/uploads\/2022\/09\/IMG-20220919-WA0030.jpg 600w, https:\/\/dioceseteixeiradefreitas.com.br\/wp-content\/uploads\/2022\/09\/IMG-20220919-WA0030-300x200.jpg 300w\" sizes=\"auto, (max-width: 600px) 100vw, 600px\" \/><\/a><\/figure>\n\n\n\n<p><\/p>\n","protected":false},"excerpt":{"rendered":"<p>Nos dias 16 e 17 de setembro de 2022, os colaboradores da C\u00faria Diocesana participaram do Circuito The\u00f2s de Imers\u00e3o e Conhecimento em Maring\u00e1 &#8211; PR. O Circuito de Imers\u00e3o &amp; Conhecimento The\u00f2s \u00e9 um momento de troca de experi\u00eancias e dicas valiosas, para compartilhar o que tem vivenciado no dia a dia da par\u00f3quia. &hellip;<\/p>\n","protected":false},"author":24,"featured_media":17907,"comment_status":"closed","ping_status":"closed","sticky":false,"template":"","format":"standard","meta":{"footnotes":""},"categories":[100],"tags":[1113,993,451],"class_list":["post-17904","post","type-post","status-publish","format-standard","has-post-thumbnail","hentry","category-noticias-diocesanas","tag-capacitacao","tag-curia-diocesana-2","tag-diocese-de-teixeira-de-freitas-caravelas"],"_links":{"self":[{"href":"https:\/\/dioceseteixeiradefreitas.com.br\/index.php?rest_route=\/wp\/v2\/posts\/17904","targetHints":{"allow":["GET"]}}],"collection":[{"href":"https:\/\/dioceseteixeiradefreitas.com.br\/index.php?rest_route=\/wp\/v2\/posts"}],"about":[{"href":"https:\/\/dioceseteixeiradefreitas.com.br\/index.php?rest_route=\/wp\/v2\/types\/post"}],"author":[{"embeddable":true,"href":"https:\/\/dioceseteixeiradefreitas.com.br\/index.php?rest_route=\/wp\/v2\/users\/24"}],"replies":[{"embeddable":true,"href":"https:\/\/dioceseteixeiradefreitas.com.br\/index.php?rest_route=%2Fwp%2Fv2%2Fcomments&post=17904"}],"version-history":[{"count":3,"href":"https:\/\/dioceseteixeiradefreitas.com.br\/index.php?rest_route=\/wp\/v2\/posts\/17904\/revisions"}],"predecessor-version":[{"id":17909,"href":"https:\/\/dioceseteixeiradefreitas.com.br\/index.php?rest_route=\/wp\/v2\/posts\/17904\/revisions\/17909"}],"wp:featuredmedia":[{"embeddable":true,"href":"https:\/\/dioceseteixeiradefreitas.com.br\/index.php?rest_route=\/wp\/v2\/media\/17907"}],"wp:attachment":[{"href":"https:\/\/dioceseteixeiradefreitas.com.br\/index.php?rest_route=%2Fwp%2Fv2%2Fmedia&parent=17904"}],"wp:term":[{"taxonomy":"category","embeddable":true,"href":"https:\/\/dioceseteixeiradefreitas.com.br\/index.php?rest_route=%2Fwp%2Fv2%2Fcategories&post=17904"},{"taxonomy":"post_tag","embeddable":true,"href":"https:\/\/dioceseteixeiradefreitas.com.br\/index.php?rest_route=%2Fwp%2Fv2%2Ftags&post=17904"}],"curies":[{"name":"wp","href":"https:\/\/api.w.org\/{rel}","templated":true}]}}