{"id":17910,"date":"2022-09-24T20:31:14","date_gmt":"2022-09-24T23:31:14","guid":{"rendered":"https:\/\/dioceseteixeiradefreitas.com.br\/?p=17910"},"modified":"2022-09-24T20:31:15","modified_gmt":"2022-09-24T23:31:15","slug":"convite-encontro-de-formacao-da-pastoral-diocesana-do-dizimo","status":"publish","type":"post","link":"https:\/\/dioceseteixeiradefreitas.com.br\/?p=17910","title":{"rendered":"CONVITE: Encontro de Forma\u00e7\u00e3o da Pastoral Diocesana do Dizimo"},"content":{"rendered":"\n<p>A Coordenadora da Pastoral do D\u00edzimo, Regina Fachetti, e o Assessor Diocesano do D\u00edzimo, Pe. Jos\u00e9 Ailton Ribeiro Pardinho, convidam os Padres, Di\u00e1conos, Religiosos(as), membros da Pastoral do Dizimo e todos coordenadores de Pastorais e Movimentos para participarem do <strong>Encontro de Forma\u00e7\u00e3o da Pastoral Diocesana do Dizimo<\/strong>, que ser\u00e1 realizado no dia <strong>15 de Outubro de 2022<\/strong>, das <strong>07h 30min \u00e0s 12h 30min<\/strong>, na <strong>Catedral S\u00e3o Pedro em Teixeira de Freitas &#8211; BA<\/strong>. Teremos como ministrante desse encontro o nosso querido irm\u00e3o Mission\u00e1rio, Antoninho Jo\u00e3o Tatto Primo \u2013 Instituto MEAC S\u00e3o Paulo Ap\u00f3stolo \u2013<br>Mission\u00e1rios para Evangeliza\u00e7\u00e3o e Anima\u00e7\u00e3o de Comunidades S\u00e3o Paulo Ap\u00f3stolo. Tendo em vista os gastos ligados para realiza\u00e7\u00e3o deste encontro, teremos uma <strong>taxa no valor de R$ 10,00 por pessoa<\/strong>. As inscri\u00e7\u00f5es e pagamento ser\u00e3o atrav\u00e9s do link <a href=\"https:\/\/forms.office.com\/r\/5Y9dCPBcBm\" target=\"_blank\" rel=\"noreferrer noopener\">https:\/\/forms.office.com\/r\/5Y9dCPBcBm<\/a> e <strong>data limite para inscri\u00e7\u00e3o at\u00e9 o dia 13 de outubro de 2022<\/strong>.<\/p>\n\n\n\n<figure class=\"wp-block-image size-large is-resized\"><a href=\"https:\/\/dioceseteixeiradefreitas.com.br\/wp-content\/uploads\/2022\/09\/WhatsApp-Image-2022-09-23-at-11.53.34.jpeg\"><img loading=\"lazy\" decoding=\"async\" src=\"https:\/\/dioceseteixeiradefreitas.com.br\/wp-content\/uploads\/2022\/09\/WhatsApp-Image-2022-09-23-at-11.53.34-1024x1024.jpeg\" alt=\"\" class=\"wp-image-17911\" width=\"840\" height=\"840\" srcset=\"https:\/\/dioceseteixeiradefreitas.com.br\/wp-content\/uploads\/2022\/09\/WhatsApp-Image-2022-09-23-at-11.53.34-1024x1024.jpeg 1024w, https:\/\/dioceseteixeiradefreitas.com.br\/wp-content\/uploads\/2022\/09\/WhatsApp-Image-2022-09-23-at-11.53.34-300x300.jpeg 300w, https:\/\/dioceseteixeiradefreitas.com.br\/wp-content\/uploads\/2022\/09\/WhatsApp-Image-2022-09-23-at-11.53.34-150x150.jpeg 150w, https:\/\/dioceseteixeiradefreitas.com.br\/wp-content\/uploads\/2022\/09\/WhatsApp-Image-2022-09-23-at-11.53.34-768x768.jpeg 768w, https:\/\/dioceseteixeiradefreitas.com.br\/wp-content\/uploads\/2022\/09\/WhatsApp-Image-2022-09-23-at-11.53.34.jpeg 1080w\" sizes=\"auto, (max-width: 840px) 100vw, 840px\" \/><\/a><figcaption>PASCOM &#8211; Divulga\u00e7\u00e3o<\/figcaption><\/figure>\n\n\n\n\n\n<p> <\/p>\n\n\n\n<p><strong>INFORMA\u00c7\u00d5ES COMPLEMENTARES<\/strong><\/p>\n\n\n\n<p><br><strong>Data do encontro: <\/strong>15 de outubro de 2022<br><strong>Hor\u00e1rio: <\/strong>das 07h30min \u00e0s 12h30min<br><strong>Local: <\/strong>Catedral S\u00e3o Pedro \u2013 Teixeira de Freitas-BA<br><strong>Valor de contribui\u00e7\u00e3o: <\/strong>R$ 10,00<br><strong>Ministrantes do encontro: <\/strong>Dom Jailton e Antoninho Tatto<br><strong>Convidados a Participarem do Encontro: <\/strong>Padres, Di\u00e1conos, Religiosos(as), membros da Pastoral do Dizimo e todos coordenadores de Pastorais e Movimentos.<br><\/p>\n\n\n\n<p><strong>Para maiores informa\u00e7\u00f5es:<\/strong><br><strong>E-mail: <\/strong>pastoraldodizimo@dioceseteixeiradefreitas.com.br<br><strong>Cel:<\/strong> (73) 9.9974-6672 Regina Fachetti Coordenadora<br><strong>Tel:<\/strong> (73) 3292-1973 Pe .Jos\u00e9 Ailton \/ Ueliton Batista<\/p>\n\n\n\n<p><\/p>\n\n\n\n<p><strong>Confira o convite do Pe. Jos\u00e9 Ailton:<\/strong><\/p>\n\n\n\n<iframe loading=\"lazy\" width=\"560\" height=\"315\" src=\"https:\/\/www.youtube.com\/embed\/yBirpBJOa7I\" title=\"YouTube video player\" frameborder=\"0\" allow=\"accelerometer; autoplay; clipboard-write; encrypted-media; gyroscope; picture-in-picture\" allowfullscreen><\/iframe>\n","protected":false},"excerpt":{"rendered":"<p>A Coordenadora da Pastoral do D\u00edzimo, Regina Fachetti, e o Assessor Diocesano do D\u00edzimo, Pe. Jos\u00e9 Ailton Ribeiro Pardinho, convidam os Padres, Di\u00e1conos, Religiosos(as), membros da Pastoral do Dizimo e todos coordenadores de Pastorais e Movimentos para participarem do Encontro de Forma\u00e7\u00e3o da Pastoral Diocesana do Dizimo, que ser\u00e1 realizado no dia 15 de Outubro &hellip;<\/p>\n","protected":false},"author":24,"featured_media":17911,"comment_status":"closed","ping_status":"closed","sticky":false,"template":"","format":"standard","meta":{"footnotes":""},"categories":[100],"tags":[451,1114,1115],"class_list":["post-17910","post","type-post","status-publish","format-standard","has-post-thumbnail","hentry","category-noticias-diocesanas","tag-diocese-de-teixeira-de-freitas-caravelas","tag-encontro-de-formacao","tag-pastoral-do-dizimo"],"_links":{"self":[{"href":"https:\/\/dioceseteixeiradefreitas.com.br\/index.php?rest_route=\/wp\/v2\/posts\/17910","targetHints":{"allow":["GET"]}}],"collection":[{"href":"https:\/\/dioceseteixeiradefreitas.com.br\/index.php?rest_route=\/wp\/v2\/posts"}],"about":[{"href":"https:\/\/dioceseteixeiradefreitas.com.br\/index.php?rest_route=\/wp\/v2\/types\/post"}],"author":[{"embeddable":true,"href":"https:\/\/dioceseteixeiradefreitas.com.br\/index.php?rest_route=\/wp\/v2\/users\/24"}],"replies":[{"embeddable":true,"href":"https:\/\/dioceseteixeiradefreitas.com.br\/index.php?rest_route=%2Fwp%2Fv2%2Fcomments&post=17910"}],"version-history":[{"count":2,"href":"https:\/\/dioceseteixeiradefreitas.com.br\/index.php?rest_route=\/wp\/v2\/posts\/17910\/revisions"}],"predecessor-version":[{"id":17913,"href":"https:\/\/dioceseteixeiradefreitas.com.br\/index.php?rest_route=\/wp\/v2\/posts\/17910\/revisions\/17913"}],"wp:featuredmedia":[{"embeddable":true,"href":"https:\/\/dioceseteixeiradefreitas.com.br\/index.php?rest_route=\/wp\/v2\/media\/17911"}],"wp:attachment":[{"href":"https:\/\/dioceseteixeiradefreitas.com.br\/index.php?rest_route=%2Fwp%2Fv2%2Fmedia&parent=17910"}],"wp:term":[{"taxonomy":"category","embeddable":true,"href":"https:\/\/dioceseteixeiradefreitas.com.br\/index.php?rest_route=%2Fwp%2Fv2%2Fcategories&post=17910"},{"taxonomy":"post_tag","embeddable":true,"href":"https:\/\/dioceseteixeiradefreitas.com.br\/index.php?rest_route=%2Fwp%2Fv2%2Ftags&post=17910"}],"curies":[{"name":"wp","href":"https:\/\/api.w.org\/{rel}","templated":true}]}}