{"id":17980,"date":"2022-10-12T13:13:07","date_gmt":"2022-10-12T16:13:07","guid":{"rendered":"https:\/\/dioceseteixeiradefreitas.com.br\/?p=17980"},"modified":"2022-10-12T13:15:54","modified_gmt":"2022-10-12T16:15:54","slug":"padre-jan-gabriel-e-empossado-como-paroco-da-paroquia-nossa-senhora-das-gracas-em-lajedao-ba","status":"publish","type":"post","link":"https:\/\/dioceseteixeiradefreitas.com.br\/?p=17980","title":{"rendered":"Padre Jan Gabriel \u00e9 empossado como P\u00e1roco da Par\u00f3quia Nossa Senhora das Gra\u00e7as em Lajed\u00e3o &#8211; BA"},"content":{"rendered":"\n<figure class=\"wp-block-image size-large\"><a href=\"https:\/\/dioceseteixeiradefreitas.com.br\/wp-content\/uploads\/2022\/10\/IMG-20221011-WA0063-1.jpg\"><img loading=\"lazy\" decoding=\"async\" width=\"461\" height=\"1024\" src=\"https:\/\/dioceseteixeiradefreitas.com.br\/wp-content\/uploads\/2022\/10\/IMG-20221011-WA0063-1-461x1024.jpg\" alt=\"\" class=\"wp-image-17982\" srcset=\"https:\/\/dioceseteixeiradefreitas.com.br\/wp-content\/uploads\/2022\/10\/IMG-20221011-WA0063-1-461x1024.jpg 461w, https:\/\/dioceseteixeiradefreitas.com.br\/wp-content\/uploads\/2022\/10\/IMG-20221011-WA0063-1-135x300.jpg 135w, https:\/\/dioceseteixeiradefreitas.com.br\/wp-content\/uploads\/2022\/10\/IMG-20221011-WA0063-1.jpg 576w\" sizes=\"auto, (max-width: 461px) 100vw, 461px\" \/><\/a><figcaption>Padre Jan Gabriel<\/figcaption><\/figure>\n\n\n\n<p>O padre Jan Gabriel foi empossado canonicamente como novo p\u00e1roco da Par\u00f3quia Nossa Senhora das Gra\u00e7as, em Lajed\u00e3o-BA, no dia 07 de outubro de 2022 &#8211; primeira sexta-feira do m\u00eas (dedicado ao Sagrado Cora\u00e7\u00e3o de Jesus) e dia de Nossa Senhora do Ros\u00e1rio &#8211; em Missa com rito de posse can\u00f4nica, presidida pelo Bispo Dom Jailton de Oliveira Lino e concelebrada por alguns padres da Diocese, e a presen\u00e7a de di\u00e1conos, seminaristas, religiosas, autoridades civis, paroquianos e visitantes de outras par\u00f3quias. <\/p>\n\n\n\n<p><\/p>\n\n\n\n<p>Padre Jan Gabriel assume a par\u00f3quia ap\u00f3s retornar de estudos na It\u00e1lia. A celebra\u00e7\u00e3o foi transmitida pela equipe paroquial da Pastoral da Comunica\u00e7\u00e3o na p\u00e1gina do Facebook da par\u00f3quia.<\/p>\n\n\n\n<p><br>Rito de Posse \u2013 Ap\u00f3s a sauda\u00e7\u00e3o inicial, o Chanceler, Pe. Ariston, fez a leitura da provis\u00e3o de nomea\u00e7\u00e3o do novo p\u00e1roco. Na aclama\u00e7\u00e3o do Evangelho o novo p\u00e1roco recebeu das m\u00e3os do Bispo o Evangeli\u00e1rio, recordando que uma das fun\u00e7\u00f5es do p\u00e1roco \u00e9 o an\u00fancio da Palavra. Depois da homilia, o Pe. Jan Gabriel renovou as promessas sacerdotais e recebeu as chaves da Igreja, para que tome consci\u00eancia do cuidado que dever\u00e1 ter com a casa de Deus. Em seguida, Dom Jailton lhe entregou as chaves do sacr\u00e1rio e ambos se dirigiram \u00e0 Capela do Sant\u00edssimo Sacramento para um breve momento de ora\u00e7\u00e3o. Na sequ\u00eancia, Pe. Jan Gabriel recebeu s\u00edmbolos, sinais do Minist\u00e9rio Sacerdotal, para desempenhar a sua miss\u00e3o em sua nova par\u00f3quia.<br>Antes do Rito final, Pe. Jan Gabriel fez os seus agradecimentos, saudou toda comunidade presente e falou do que esperava para essa nova jornada.<\/p>\n\n\n\n<p><strong>Confira as fotos:<\/strong><\/p>\n\n\n\n<figure class=\"wp-block-gallery has-nested-images columns-default is-cropped wp-block-gallery-1 is-layout-flex wp-block-gallery-is-layout-flex\">\n<figure class=\"wp-block-image size-large\"><a href=\"https:\/\/dioceseteixeiradefreitas.com.br\/wp-content\/uploads\/2022\/10\/SAVE_20221012_122024-1-1-1.jpg\"><img loading=\"lazy\" decoding=\"async\" width=\"576\" height=\"1280\" data-id=\"18010\" src=\"https:\/\/dioceseteixeiradefreitas.com.br\/wp-content\/uploads\/2022\/10\/SAVE_20221012_122024-1-1-1.jpg\" alt=\"\" class=\"wp-image-18010\" srcset=\"https:\/\/dioceseteixeiradefreitas.com.br\/wp-content\/uploads\/2022\/10\/SAVE_20221012_122024-1-1-1.jpg 576w, https:\/\/dioceseteixeiradefreitas.com.br\/wp-content\/uploads\/2022\/10\/SAVE_20221012_122024-1-1-1-135x300.jpg 135w, https:\/\/dioceseteixeiradefreitas.com.br\/wp-content\/uploads\/2022\/10\/SAVE_20221012_122024-1-1-1-461x1024.jpg 461w\" sizes=\"auto, (max-width: 576px) 100vw, 576px\" \/><\/a><\/figure>\n\n\n\n<figure class=\"wp-block-image size-large\"><a href=\"https:\/\/dioceseteixeiradefreitas.com.br\/wp-content\/uploads\/2022\/10\/SAVE_20221012_122118-1-1-scaled.jpg\"><img loading=\"lazy\" decoding=\"async\" width=\"1920\" height=\"2560\" data-id=\"18011\" src=\"https:\/\/dioceseteixeiradefreitas.com.br\/wp-content\/uploads\/2022\/10\/SAVE_20221012_122118-1-1-scaled.jpg\" alt=\"\" class=\"wp-image-18011\" srcset=\"https:\/\/dioceseteixeiradefreitas.com.br\/wp-content\/uploads\/2022\/10\/SAVE_20221012_122118-1-1-scaled.jpg 1920w, https:\/\/dioceseteixeiradefreitas.com.br\/wp-content\/uploads\/2022\/10\/SAVE_20221012_122118-1-1-225x300.jpg 225w, https:\/\/dioceseteixeiradefreitas.com.br\/wp-content\/uploads\/2022\/10\/SAVE_20221012_122118-1-1-768x1024.jpg 768w, https:\/\/dioceseteixeiradefreitas.com.br\/wp-content\/uploads\/2022\/10\/SAVE_20221012_122118-1-1-1152x1536.jpg 1152w, https:\/\/dioceseteixeiradefreitas.com.br\/wp-content\/uploads\/2022\/10\/SAVE_20221012_122118-1-1-1536x2048.jpg 1536w\" sizes=\"auto, (max-width: 1920px) 100vw, 1920px\" \/><\/a><\/figure>\n\n\n\n<figure class=\"wp-block-image size-large\"><a href=\"https:\/\/dioceseteixeiradefreitas.com.br\/wp-content\/uploads\/2022\/10\/SAVE_20221012_121947-1-1-1.jpg\"><img loading=\"lazy\" decoding=\"async\" width=\"960\" height=\"1280\" data-id=\"18012\" src=\"https:\/\/dioceseteixeiradefreitas.com.br\/wp-content\/uploads\/2022\/10\/SAVE_20221012_121947-1-1-1.jpg\" alt=\"\" class=\"wp-image-18012\" srcset=\"https:\/\/dioceseteixeiradefreitas.com.br\/wp-content\/uploads\/2022\/10\/SAVE_20221012_121947-1-1-1.jpg 960w, https:\/\/dioceseteixeiradefreitas.com.br\/wp-content\/uploads\/2022\/10\/SAVE_20221012_121947-1-1-1-225x300.jpg 225w, https:\/\/dioceseteixeiradefreitas.com.br\/wp-content\/uploads\/2022\/10\/SAVE_20221012_121947-1-1-1-768x1024.jpg 768w\" sizes=\"auto, (max-width: 960px) 100vw, 960px\" \/><\/a><\/figure>\n\n\n\n<figure class=\"wp-block-image size-large\"><a href=\"https:\/\/dioceseteixeiradefreitas.com.br\/wp-content\/uploads\/2022\/10\/SAVE_20221012_121836-1-1-1-scaled.jpg\"><img loading=\"lazy\" decoding=\"async\" width=\"1920\" height=\"2560\" data-id=\"18013\" src=\"https:\/\/dioceseteixeiradefreitas.com.br\/wp-content\/uploads\/2022\/10\/SAVE_20221012_121836-1-1-1-scaled.jpg\" alt=\"\" class=\"wp-image-18013\" srcset=\"https:\/\/dioceseteixeiradefreitas.com.br\/wp-content\/uploads\/2022\/10\/SAVE_20221012_121836-1-1-1-scaled.jpg 1920w, https:\/\/dioceseteixeiradefreitas.com.br\/wp-content\/uploads\/2022\/10\/SAVE_20221012_121836-1-1-1-225x300.jpg 225w, https:\/\/dioceseteixeiradefreitas.com.br\/wp-content\/uploads\/2022\/10\/SAVE_20221012_121836-1-1-1-768x1024.jpg 768w, https:\/\/dioceseteixeiradefreitas.com.br\/wp-content\/uploads\/2022\/10\/SAVE_20221012_121836-1-1-1-1152x1536.jpg 1152w, https:\/\/dioceseteixeiradefreitas.com.br\/wp-content\/uploads\/2022\/10\/SAVE_20221012_121836-1-1-1-1536x2048.jpg 1536w\" sizes=\"auto, (max-width: 1920px) 100vw, 1920px\" \/><\/a><\/figure>\n\n\n\n<figure class=\"wp-block-image size-large\"><a href=\"https:\/\/dioceseteixeiradefreitas.com.br\/wp-content\/uploads\/2022\/10\/SAVE_20221012_121947-2-1-1.jpg\"><img loading=\"lazy\" decoding=\"async\" width=\"960\" height=\"1280\" data-id=\"18014\" src=\"https:\/\/dioceseteixeiradefreitas.com.br\/wp-content\/uploads\/2022\/10\/SAVE_20221012_121947-2-1-1.jpg\" alt=\"\" class=\"wp-image-18014\" srcset=\"https:\/\/dioceseteixeiradefreitas.com.br\/wp-content\/uploads\/2022\/10\/SAVE_20221012_121947-2-1-1.jpg 960w, https:\/\/dioceseteixeiradefreitas.com.br\/wp-content\/uploads\/2022\/10\/SAVE_20221012_121947-2-1-1-225x300.jpg 225w, https:\/\/dioceseteixeiradefreitas.com.br\/wp-content\/uploads\/2022\/10\/SAVE_20221012_121947-2-1-1-768x1024.jpg 768w\" sizes=\"auto, (max-width: 960px) 100vw, 960px\" \/><\/a><\/figure>\n\n\n\n<figure class=\"wp-block-image size-large\"><a href=\"https:\/\/dioceseteixeiradefreitas.com.br\/wp-content\/uploads\/2022\/10\/SAVE_20221012_121956-2-1-1.jpg\"><img loading=\"lazy\" decoding=\"async\" width=\"960\" height=\"1280\" data-id=\"18015\" src=\"https:\/\/dioceseteixeiradefreitas.com.br\/wp-content\/uploads\/2022\/10\/SAVE_20221012_121956-2-1-1.jpg\" alt=\"\" class=\"wp-image-18015\" srcset=\"https:\/\/dioceseteixeiradefreitas.com.br\/wp-content\/uploads\/2022\/10\/SAVE_20221012_121956-2-1-1.jpg 960w, https:\/\/dioceseteixeiradefreitas.com.br\/wp-content\/uploads\/2022\/10\/SAVE_20221012_121956-2-1-1-225x300.jpg 225w, https:\/\/dioceseteixeiradefreitas.com.br\/wp-content\/uploads\/2022\/10\/SAVE_20221012_121956-2-1-1-768x1024.jpg 768w\" sizes=\"auto, (max-width: 960px) 100vw, 960px\" \/><\/a><\/figure>\n\n\n\n<figure class=\"wp-block-image size-large\"><a href=\"https:\/\/dioceseteixeiradefreitas.com.br\/wp-content\/uploads\/2022\/10\/SAVE_20221012_121858-1-1-1-scaled.jpg\"><img loading=\"lazy\" decoding=\"async\" width=\"1920\" height=\"2560\" data-id=\"18016\" src=\"https:\/\/dioceseteixeiradefreitas.com.br\/wp-content\/uploads\/2022\/10\/SAVE_20221012_121858-1-1-1-scaled.jpg\" alt=\"\" class=\"wp-image-18016\" srcset=\"https:\/\/dioceseteixeiradefreitas.com.br\/wp-content\/uploads\/2022\/10\/SAVE_20221012_121858-1-1-1-scaled.jpg 1920w, https:\/\/dioceseteixeiradefreitas.com.br\/wp-content\/uploads\/2022\/10\/SAVE_20221012_121858-1-1-1-225x300.jpg 225w, https:\/\/dioceseteixeiradefreitas.com.br\/wp-content\/uploads\/2022\/10\/SAVE_20221012_121858-1-1-1-768x1024.jpg 768w, https:\/\/dioceseteixeiradefreitas.com.br\/wp-content\/uploads\/2022\/10\/SAVE_20221012_121858-1-1-1-1152x1536.jpg 1152w, https:\/\/dioceseteixeiradefreitas.com.br\/wp-content\/uploads\/2022\/10\/SAVE_20221012_121858-1-1-1-1536x2048.jpg 1536w\" sizes=\"auto, (max-width: 1920px) 100vw, 1920px\" \/><\/a><\/figure>\n\n\n\n<figure class=\"wp-block-image size-large\"><a href=\"https:\/\/dioceseteixeiradefreitas.com.br\/wp-content\/uploads\/2022\/10\/SAVE_20221012_122039-1-1-1-scaled.jpg\"><img loading=\"lazy\" decoding=\"async\" width=\"2560\" height=\"1920\" data-id=\"18017\" src=\"https:\/\/dioceseteixeiradefreitas.com.br\/wp-content\/uploads\/2022\/10\/SAVE_20221012_122039-1-1-1-scaled.jpg\" alt=\"\" class=\"wp-image-18017\" srcset=\"https:\/\/dioceseteixeiradefreitas.com.br\/wp-content\/uploads\/2022\/10\/SAVE_20221012_122039-1-1-1-scaled.jpg 2560w, https:\/\/dioceseteixeiradefreitas.com.br\/wp-content\/uploads\/2022\/10\/SAVE_20221012_122039-1-1-1-300x225.jpg 300w, https:\/\/dioceseteixeiradefreitas.com.br\/wp-content\/uploads\/2022\/10\/SAVE_20221012_122039-1-1-1-1024x768.jpg 1024w, https:\/\/dioceseteixeiradefreitas.com.br\/wp-content\/uploads\/2022\/10\/SAVE_20221012_122039-1-1-1-768x576.jpg 768w, https:\/\/dioceseteixeiradefreitas.com.br\/wp-content\/uploads\/2022\/10\/SAVE_20221012_122039-1-1-1-1536x1152.jpg 1536w, https:\/\/dioceseteixeiradefreitas.com.br\/wp-content\/uploads\/2022\/10\/SAVE_20221012_122039-1-1-1-2048x1536.jpg 2048w\" sizes=\"auto, (max-width: 2560px) 100vw, 2560px\" \/><\/a><\/figure>\n\n\n\n<figure class=\"wp-block-image size-large\"><a href=\"https:\/\/dioceseteixeiradefreitas.com.br\/wp-content\/uploads\/2022\/10\/SAVE_20221012_122032-1-1-1-scaled.jpg\"><img loading=\"lazy\" decoding=\"async\" width=\"1920\" height=\"2560\" data-id=\"18018\" src=\"https:\/\/dioceseteixeiradefreitas.com.br\/wp-content\/uploads\/2022\/10\/SAVE_20221012_122032-1-1-1-scaled.jpg\" alt=\"\" class=\"wp-image-18018\" srcset=\"https:\/\/dioceseteixeiradefreitas.com.br\/wp-content\/uploads\/2022\/10\/SAVE_20221012_122032-1-1-1-scaled.jpg 1920w, https:\/\/dioceseteixeiradefreitas.com.br\/wp-content\/uploads\/2022\/10\/SAVE_20221012_122032-1-1-1-225x300.jpg 225w, https:\/\/dioceseteixeiradefreitas.com.br\/wp-content\/uploads\/2022\/10\/SAVE_20221012_122032-1-1-1-768x1024.jpg 768w, https:\/\/dioceseteixeiradefreitas.com.br\/wp-content\/uploads\/2022\/10\/SAVE_20221012_122032-1-1-1-1152x1536.jpg 1152w, https:\/\/dioceseteixeiradefreitas.com.br\/wp-content\/uploads\/2022\/10\/SAVE_20221012_122032-1-1-1-1536x2048.jpg 1536w\" sizes=\"auto, (max-width: 1920px) 100vw, 1920px\" \/><\/a><\/figure>\n\n\n\n<figure class=\"wp-block-image size-large\"><a href=\"https:\/\/dioceseteixeiradefreitas.com.br\/wp-content\/uploads\/2022\/10\/SAVE_20221012_122053-1-1-1-scaled.jpg\"><img loading=\"lazy\" decoding=\"async\" width=\"2560\" height=\"1920\" data-id=\"18019\" src=\"https:\/\/dioceseteixeiradefreitas.com.br\/wp-content\/uploads\/2022\/10\/SAVE_20221012_122053-1-1-1-scaled.jpg\" alt=\"\" class=\"wp-image-18019\" srcset=\"https:\/\/dioceseteixeiradefreitas.com.br\/wp-content\/uploads\/2022\/10\/SAVE_20221012_122053-1-1-1-scaled.jpg 2560w, https:\/\/dioceseteixeiradefreitas.com.br\/wp-content\/uploads\/2022\/10\/SAVE_20221012_122053-1-1-1-300x225.jpg 300w, https:\/\/dioceseteixeiradefreitas.com.br\/wp-content\/uploads\/2022\/10\/SAVE_20221012_122053-1-1-1-1024x768.jpg 1024w, https:\/\/dioceseteixeiradefreitas.com.br\/wp-content\/uploads\/2022\/10\/SAVE_20221012_122053-1-1-1-768x576.jpg 768w, https:\/\/dioceseteixeiradefreitas.com.br\/wp-content\/uploads\/2022\/10\/SAVE_20221012_122053-1-1-1-1536x1152.jpg 1536w, https:\/\/dioceseteixeiradefreitas.com.br\/wp-content\/uploads\/2022\/10\/SAVE_20221012_122053-1-1-1-2048x1536.jpg 2048w\" sizes=\"auto, (max-width: 2560px) 100vw, 2560px\" \/><\/a><\/figure>\n\n\n\n<figure class=\"wp-block-image size-large\"><a href=\"https:\/\/dioceseteixeiradefreitas.com.br\/wp-content\/uploads\/2022\/10\/SAVE_20221012_122012-1-1-1.jpg\"><img loading=\"lazy\" decoding=\"async\" width=\"509\" height=\"1280\" data-id=\"18020\" src=\"https:\/\/dioceseteixeiradefreitas.com.br\/wp-content\/uploads\/2022\/10\/SAVE_20221012_122012-1-1-1.jpg\" alt=\"\" class=\"wp-image-18020\" srcset=\"https:\/\/dioceseteixeiradefreitas.com.br\/wp-content\/uploads\/2022\/10\/SAVE_20221012_122012-1-1-1.jpg 509w, https:\/\/dioceseteixeiradefreitas.com.br\/wp-content\/uploads\/2022\/10\/SAVE_20221012_122012-1-1-1-119x300.jpg 119w, https:\/\/dioceseteixeiradefreitas.com.br\/wp-content\/uploads\/2022\/10\/SAVE_20221012_122012-1-1-1-407x1024.jpg 407w\" sizes=\"auto, (max-width: 509px) 100vw, 509px\" \/><\/a><\/figure>\n\n\n\n<figure class=\"wp-block-image size-large\"><a href=\"https:\/\/dioceseteixeiradefreitas.com.br\/wp-content\/uploads\/2022\/10\/SAVE_20221012_121754-1-1-1-scaled.jpg\"><img loading=\"lazy\" decoding=\"async\" width=\"1920\" height=\"2560\" data-id=\"18021\" src=\"https:\/\/dioceseteixeiradefreitas.com.br\/wp-content\/uploads\/2022\/10\/SAVE_20221012_121754-1-1-1-scaled.jpg\" alt=\"\" class=\"wp-image-18021\" srcset=\"https:\/\/dioceseteixeiradefreitas.com.br\/wp-content\/uploads\/2022\/10\/SAVE_20221012_121754-1-1-1-scaled.jpg 1920w, https:\/\/dioceseteixeiradefreitas.com.br\/wp-content\/uploads\/2022\/10\/SAVE_20221012_121754-1-1-1-225x300.jpg 225w, https:\/\/dioceseteixeiradefreitas.com.br\/wp-content\/uploads\/2022\/10\/SAVE_20221012_121754-1-1-1-768x1024.jpg 768w, https:\/\/dioceseteixeiradefreitas.com.br\/wp-content\/uploads\/2022\/10\/SAVE_20221012_121754-1-1-1-1152x1536.jpg 1152w, https:\/\/dioceseteixeiradefreitas.com.br\/wp-content\/uploads\/2022\/10\/SAVE_20221012_121754-1-1-1-1536x2048.jpg 1536w\" sizes=\"auto, (max-width: 1920px) 100vw, 1920px\" \/><\/a><\/figure>\n\n\n\n<figure class=\"wp-block-image size-large\"><a href=\"https:\/\/dioceseteixeiradefreitas.com.br\/wp-content\/uploads\/2022\/10\/SAVE_20221012_121640-1-1-scaled.jpg\"><img loading=\"lazy\" decoding=\"async\" width=\"2560\" height=\"1920\" data-id=\"18022\" src=\"https:\/\/dioceseteixeiradefreitas.com.br\/wp-content\/uploads\/2022\/10\/SAVE_20221012_121640-1-1-scaled.jpg\" alt=\"\" class=\"wp-image-18022\" srcset=\"https:\/\/dioceseteixeiradefreitas.com.br\/wp-content\/uploads\/2022\/10\/SAVE_20221012_121640-1-1-scaled.jpg 2560w, https:\/\/dioceseteixeiradefreitas.com.br\/wp-content\/uploads\/2022\/10\/SAVE_20221012_121640-1-1-300x225.jpg 300w, https:\/\/dioceseteixeiradefreitas.com.br\/wp-content\/uploads\/2022\/10\/SAVE_20221012_121640-1-1-1024x768.jpg 1024w, https:\/\/dioceseteixeiradefreitas.com.br\/wp-content\/uploads\/2022\/10\/SAVE_20221012_121640-1-1-768x576.jpg 768w, https:\/\/dioceseteixeiradefreitas.com.br\/wp-content\/uploads\/2022\/10\/SAVE_20221012_121640-1-1-1536x1152.jpg 1536w, https:\/\/dioceseteixeiradefreitas.com.br\/wp-content\/uploads\/2022\/10\/SAVE_20221012_121640-1-1-2048x1536.jpg 2048w\" sizes=\"auto, (max-width: 2560px) 100vw, 2560px\" \/><\/a><\/figure>\n\n\n\n<figure class=\"wp-block-image size-large\"><a href=\"https:\/\/dioceseteixeiradefreitas.com.br\/wp-content\/uploads\/2022\/10\/SAVE_20221012_121810-1-1-1-scaled.jpg\"><img loading=\"lazy\" decoding=\"async\" width=\"2560\" height=\"1920\" data-id=\"18023\" src=\"https:\/\/dioceseteixeiradefreitas.com.br\/wp-content\/uploads\/2022\/10\/SAVE_20221012_121810-1-1-1-scaled.jpg\" alt=\"\" class=\"wp-image-18023\" srcset=\"https:\/\/dioceseteixeiradefreitas.com.br\/wp-content\/uploads\/2022\/10\/SAVE_20221012_121810-1-1-1-scaled.jpg 2560w, https:\/\/dioceseteixeiradefreitas.com.br\/wp-content\/uploads\/2022\/10\/SAVE_20221012_121810-1-1-1-300x225.jpg 300w, https:\/\/dioceseteixeiradefreitas.com.br\/wp-content\/uploads\/2022\/10\/SAVE_20221012_121810-1-1-1-1024x768.jpg 1024w, https:\/\/dioceseteixeiradefreitas.com.br\/wp-content\/uploads\/2022\/10\/SAVE_20221012_121810-1-1-1-768x576.jpg 768w, https:\/\/dioceseteixeiradefreitas.com.br\/wp-content\/uploads\/2022\/10\/SAVE_20221012_121810-1-1-1-1536x1152.jpg 1536w, https:\/\/dioceseteixeiradefreitas.com.br\/wp-content\/uploads\/2022\/10\/SAVE_20221012_121810-1-1-1-2048x1536.jpg 2048w\" sizes=\"auto, (max-width: 2560px) 100vw, 2560px\" \/><\/a><\/figure>\n\n\n\n<figure class=\"wp-block-image size-large\"><a href=\"https:\/\/dioceseteixeiradefreitas.com.br\/wp-content\/uploads\/2022\/10\/SAVE_20221012_121645-1-1-1-scaled.jpg\"><img loading=\"lazy\" decoding=\"async\" width=\"1920\" height=\"2560\" data-id=\"18024\" src=\"https:\/\/dioceseteixeiradefreitas.com.br\/wp-content\/uploads\/2022\/10\/SAVE_20221012_121645-1-1-1-scaled.jpg\" alt=\"\" class=\"wp-image-18024\" srcset=\"https:\/\/dioceseteixeiradefreitas.com.br\/wp-content\/uploads\/2022\/10\/SAVE_20221012_121645-1-1-1-scaled.jpg 1920w, https:\/\/dioceseteixeiradefreitas.com.br\/wp-content\/uploads\/2022\/10\/SAVE_20221012_121645-1-1-1-225x300.jpg 225w, https:\/\/dioceseteixeiradefreitas.com.br\/wp-content\/uploads\/2022\/10\/SAVE_20221012_121645-1-1-1-768x1024.jpg 768w, https:\/\/dioceseteixeiradefreitas.com.br\/wp-content\/uploads\/2022\/10\/SAVE_20221012_121645-1-1-1-1152x1536.jpg 1152w, https:\/\/dioceseteixeiradefreitas.com.br\/wp-content\/uploads\/2022\/10\/SAVE_20221012_121645-1-1-1-1536x2048.jpg 1536w\" sizes=\"auto, (max-width: 1920px) 100vw, 1920px\" \/><\/a><\/figure>\n\n\n\n<figure class=\"wp-block-image size-large\"><a href=\"https:\/\/dioceseteixeiradefreitas.com.br\/wp-content\/uploads\/2022\/10\/SAVE_20221012_121707-1-1-1-scaled.jpg\"><img loading=\"lazy\" decoding=\"async\" width=\"1920\" height=\"2560\" data-id=\"18025\" src=\"https:\/\/dioceseteixeiradefreitas.com.br\/wp-content\/uploads\/2022\/10\/SAVE_20221012_121707-1-1-1-scaled.jpg\" alt=\"\" class=\"wp-image-18025\" srcset=\"https:\/\/dioceseteixeiradefreitas.com.br\/wp-content\/uploads\/2022\/10\/SAVE_20221012_121707-1-1-1-scaled.jpg 1920w, https:\/\/dioceseteixeiradefreitas.com.br\/wp-content\/uploads\/2022\/10\/SAVE_20221012_121707-1-1-1-225x300.jpg 225w, https:\/\/dioceseteixeiradefreitas.com.br\/wp-content\/uploads\/2022\/10\/SAVE_20221012_121707-1-1-1-768x1024.jpg 768w, https:\/\/dioceseteixeiradefreitas.com.br\/wp-content\/uploads\/2022\/10\/SAVE_20221012_121707-1-1-1-1152x1536.jpg 1152w, https:\/\/dioceseteixeiradefreitas.com.br\/wp-content\/uploads\/2022\/10\/SAVE_20221012_121707-1-1-1-1536x2048.jpg 1536w\" sizes=\"auto, (max-width: 1920px) 100vw, 1920px\" \/><\/a><\/figure>\n\n\n\n<figure class=\"wp-block-image size-large\"><a href=\"https:\/\/dioceseteixeiradefreitas.com.br\/wp-content\/uploads\/2022\/10\/SAVE_20221012_121905-1-1-1-scaled.jpg\"><img loading=\"lazy\" decoding=\"async\" width=\"1920\" height=\"2560\" data-id=\"18026\" src=\"https:\/\/dioceseteixeiradefreitas.com.br\/wp-content\/uploads\/2022\/10\/SAVE_20221012_121905-1-1-1-scaled.jpg\" alt=\"\" class=\"wp-image-18026\" srcset=\"https:\/\/dioceseteixeiradefreitas.com.br\/wp-content\/uploads\/2022\/10\/SAVE_20221012_121905-1-1-1-scaled.jpg 1920w, https:\/\/dioceseteixeiradefreitas.com.br\/wp-content\/uploads\/2022\/10\/SAVE_20221012_121905-1-1-1-225x300.jpg 225w, https:\/\/dioceseteixeiradefreitas.com.br\/wp-content\/uploads\/2022\/10\/SAVE_20221012_121905-1-1-1-768x1024.jpg 768w, https:\/\/dioceseteixeiradefreitas.com.br\/wp-content\/uploads\/2022\/10\/SAVE_20221012_121905-1-1-1-1152x1536.jpg 1152w, https:\/\/dioceseteixeiradefreitas.com.br\/wp-content\/uploads\/2022\/10\/SAVE_20221012_121905-1-1-1-1536x2048.jpg 1536w\" sizes=\"auto, (max-width: 1920px) 100vw, 1920px\" \/><\/a><\/figure>\n\n\n\n<figure class=\"wp-block-image size-large\"><a href=\"https:\/\/dioceseteixeiradefreitas.com.br\/wp-content\/uploads\/2022\/10\/SAVE_20221012_122059-1-1-1-scaled.jpg\"><img loading=\"lazy\" decoding=\"async\" width=\"1920\" height=\"2560\" data-id=\"18027\" src=\"https:\/\/dioceseteixeiradefreitas.com.br\/wp-content\/uploads\/2022\/10\/SAVE_20221012_122059-1-1-1-scaled.jpg\" alt=\"\" class=\"wp-image-18027\" srcset=\"https:\/\/dioceseteixeiradefreitas.com.br\/wp-content\/uploads\/2022\/10\/SAVE_20221012_122059-1-1-1-scaled.jpg 1920w, https:\/\/dioceseteixeiradefreitas.com.br\/wp-content\/uploads\/2022\/10\/SAVE_20221012_122059-1-1-1-225x300.jpg 225w, https:\/\/dioceseteixeiradefreitas.com.br\/wp-content\/uploads\/2022\/10\/SAVE_20221012_122059-1-1-1-768x1024.jpg 768w, https:\/\/dioceseteixeiradefreitas.com.br\/wp-content\/uploads\/2022\/10\/SAVE_20221012_122059-1-1-1-1152x1536.jpg 1152w, https:\/\/dioceseteixeiradefreitas.com.br\/wp-content\/uploads\/2022\/10\/SAVE_20221012_122059-1-1-1-1536x2048.jpg 1536w\" sizes=\"auto, (max-width: 1920px) 100vw, 1920px\" \/><\/a><\/figure>\n\n\n\n<figure class=\"wp-block-image size-large\"><a href=\"https:\/\/dioceseteixeiradefreitas.com.br\/wp-content\/uploads\/2022\/10\/SAVE_20221012_121725-1-1-1-scaled.jpg\"><img loading=\"lazy\" decoding=\"async\" width=\"1920\" height=\"2560\" data-id=\"18028\" src=\"https:\/\/dioceseteixeiradefreitas.com.br\/wp-content\/uploads\/2022\/10\/SAVE_20221012_121725-1-1-1-scaled.jpg\" alt=\"\" class=\"wp-image-18028\" srcset=\"https:\/\/dioceseteixeiradefreitas.com.br\/wp-content\/uploads\/2022\/10\/SAVE_20221012_121725-1-1-1-scaled.jpg 1920w, https:\/\/dioceseteixeiradefreitas.com.br\/wp-content\/uploads\/2022\/10\/SAVE_20221012_121725-1-1-1-225x300.jpg 225w, https:\/\/dioceseteixeiradefreitas.com.br\/wp-content\/uploads\/2022\/10\/SAVE_20221012_121725-1-1-1-768x1024.jpg 768w, https:\/\/dioceseteixeiradefreitas.com.br\/wp-content\/uploads\/2022\/10\/SAVE_20221012_121725-1-1-1-1152x1536.jpg 1152w, https:\/\/dioceseteixeiradefreitas.com.br\/wp-content\/uploads\/2022\/10\/SAVE_20221012_121725-1-1-1-1536x2048.jpg 1536w\" sizes=\"auto, (max-width: 1920px) 100vw, 1920px\" \/><\/a><\/figure>\n\n\n\n<figure class=\"wp-block-image size-large\"><a href=\"https:\/\/dioceseteixeiradefreitas.com.br\/wp-content\/uploads\/2022\/10\/SAVE_20221012_121933-1-1-1.jpg\"><img loading=\"lazy\" decoding=\"async\" width=\"960\" height=\"1280\" data-id=\"18029\" src=\"https:\/\/dioceseteixeiradefreitas.com.br\/wp-content\/uploads\/2022\/10\/SAVE_20221012_121933-1-1-1.jpg\" alt=\"\" class=\"wp-image-18029\" srcset=\"https:\/\/dioceseteixeiradefreitas.com.br\/wp-content\/uploads\/2022\/10\/SAVE_20221012_121933-1-1-1.jpg 960w, https:\/\/dioceseteixeiradefreitas.com.br\/wp-content\/uploads\/2022\/10\/SAVE_20221012_121933-1-1-1-225x300.jpg 225w, https:\/\/dioceseteixeiradefreitas.com.br\/wp-content\/uploads\/2022\/10\/SAVE_20221012_121933-1-1-1-768x1024.jpg 768w\" sizes=\"auto, (max-width: 960px) 100vw, 960px\" \/><\/a><\/figure>\n\n\n\n<figure class=\"wp-block-image size-large\"><a href=\"https:\/\/dioceseteixeiradefreitas.com.br\/wp-content\/uploads\/2022\/10\/SAVE_20221012_121818-1-1-scaled.jpg\"><img loading=\"lazy\" decoding=\"async\" width=\"1920\" height=\"2560\" data-id=\"18030\" src=\"https:\/\/dioceseteixeiradefreitas.com.br\/wp-content\/uploads\/2022\/10\/SAVE_20221012_121818-1-1-scaled.jpg\" alt=\"\" class=\"wp-image-18030\" srcset=\"https:\/\/dioceseteixeiradefreitas.com.br\/wp-content\/uploads\/2022\/10\/SAVE_20221012_121818-1-1-scaled.jpg 1920w, https:\/\/dioceseteixeiradefreitas.com.br\/wp-content\/uploads\/2022\/10\/SAVE_20221012_121818-1-1-225x300.jpg 225w, https:\/\/dioceseteixeiradefreitas.com.br\/wp-content\/uploads\/2022\/10\/SAVE_20221012_121818-1-1-768x1024.jpg 768w, https:\/\/dioceseteixeiradefreitas.com.br\/wp-content\/uploads\/2022\/10\/SAVE_20221012_121818-1-1-1152x1536.jpg 1152w, https:\/\/dioceseteixeiradefreitas.com.br\/wp-content\/uploads\/2022\/10\/SAVE_20221012_121818-1-1-1536x2048.jpg 1536w\" sizes=\"auto, (max-width: 1920px) 100vw, 1920px\" \/><\/a><\/figure>\n\n\n\n<figure class=\"wp-block-image size-large\"><a href=\"https:\/\/dioceseteixeiradefreitas.com.br\/wp-content\/uploads\/2022\/10\/SAVE_20221012_121850-1-1-1-scaled.jpg\"><img loading=\"lazy\" decoding=\"async\" width=\"1920\" height=\"2560\" data-id=\"18031\" src=\"https:\/\/dioceseteixeiradefreitas.com.br\/wp-content\/uploads\/2022\/10\/SAVE_20221012_121850-1-1-1-scaled.jpg\" alt=\"\" class=\"wp-image-18031\" srcset=\"https:\/\/dioceseteixeiradefreitas.com.br\/wp-content\/uploads\/2022\/10\/SAVE_20221012_121850-1-1-1-scaled.jpg 1920w, https:\/\/dioceseteixeiradefreitas.com.br\/wp-content\/uploads\/2022\/10\/SAVE_20221012_121850-1-1-1-225x300.jpg 225w, https:\/\/dioceseteixeiradefreitas.com.br\/wp-content\/uploads\/2022\/10\/SAVE_20221012_121850-1-1-1-768x1024.jpg 768w, https:\/\/dioceseteixeiradefreitas.com.br\/wp-content\/uploads\/2022\/10\/SAVE_20221012_121850-1-1-1-1152x1536.jpg 1152w, https:\/\/dioceseteixeiradefreitas.com.br\/wp-content\/uploads\/2022\/10\/SAVE_20221012_121850-1-1-1-1536x2048.jpg 1536w\" sizes=\"auto, (max-width: 1920px) 100vw, 1920px\" \/><\/a><\/figure>\n\n\n\n<figure class=\"wp-block-image size-large\"><a href=\"https:\/\/dioceseteixeiradefreitas.com.br\/wp-content\/uploads\/2022\/10\/SAVE_20221012_121801-1-1-1-scaled.jpg\"><img loading=\"lazy\" decoding=\"async\" width=\"1920\" height=\"2560\" data-id=\"18032\" src=\"https:\/\/dioceseteixeiradefreitas.com.br\/wp-content\/uploads\/2022\/10\/SAVE_20221012_121801-1-1-1-scaled.jpg\" alt=\"\" class=\"wp-image-18032\" srcset=\"https:\/\/dioceseteixeiradefreitas.com.br\/wp-content\/uploads\/2022\/10\/SAVE_20221012_121801-1-1-1-scaled.jpg 1920w, https:\/\/dioceseteixeiradefreitas.com.br\/wp-content\/uploads\/2022\/10\/SAVE_20221012_121801-1-1-1-225x300.jpg 225w, https:\/\/dioceseteixeiradefreitas.com.br\/wp-content\/uploads\/2022\/10\/SAVE_20221012_121801-1-1-1-768x1024.jpg 768w, https:\/\/dioceseteixeiradefreitas.com.br\/wp-content\/uploads\/2022\/10\/SAVE_20221012_121801-1-1-1-1152x1536.jpg 1152w, https:\/\/dioceseteixeiradefreitas.com.br\/wp-content\/uploads\/2022\/10\/SAVE_20221012_121801-1-1-1-1536x2048.jpg 1536w\" sizes=\"auto, (max-width: 1920px) 100vw, 1920px\" \/><\/a><\/figure>\n\n\n\n<figure class=\"wp-block-image size-large\"><a href=\"https:\/\/dioceseteixeiradefreitas.com.br\/wp-content\/uploads\/2022\/10\/SAVE_20221012_121928-1-1-1.jpg\"><img loading=\"lazy\" decoding=\"async\" width=\"960\" height=\"1280\" data-id=\"18033\" src=\"https:\/\/dioceseteixeiradefreitas.com.br\/wp-content\/uploads\/2022\/10\/SAVE_20221012_121928-1-1-1.jpg\" alt=\"\" class=\"wp-image-18033\" srcset=\"https:\/\/dioceseteixeiradefreitas.com.br\/wp-content\/uploads\/2022\/10\/SAVE_20221012_121928-1-1-1.jpg 960w, https:\/\/dioceseteixeiradefreitas.com.br\/wp-content\/uploads\/2022\/10\/SAVE_20221012_121928-1-1-1-225x300.jpg 225w, https:\/\/dioceseteixeiradefreitas.com.br\/wp-content\/uploads\/2022\/10\/SAVE_20221012_121928-1-1-1-768x1024.jpg 768w\" sizes=\"auto, (max-width: 960px) 100vw, 960px\" \/><\/a><\/figure>\n\n\n\n<figure class=\"wp-block-image size-large\"><a href=\"https:\/\/dioceseteixeiradefreitas.com.br\/wp-content\/uploads\/2022\/10\/SAVE_20221012_121659-1-1-1-scaled.jpg\"><img loading=\"lazy\" decoding=\"async\" width=\"1920\" height=\"2560\" data-id=\"18034\" src=\"https:\/\/dioceseteixeiradefreitas.com.br\/wp-content\/uploads\/2022\/10\/SAVE_20221012_121659-1-1-1-scaled.jpg\" alt=\"\" class=\"wp-image-18034\" srcset=\"https:\/\/dioceseteixeiradefreitas.com.br\/wp-content\/uploads\/2022\/10\/SAVE_20221012_121659-1-1-1-scaled.jpg 1920w, https:\/\/dioceseteixeiradefreitas.com.br\/wp-content\/uploads\/2022\/10\/SAVE_20221012_121659-1-1-1-225x300.jpg 225w, https:\/\/dioceseteixeiradefreitas.com.br\/wp-content\/uploads\/2022\/10\/SAVE_20221012_121659-1-1-1-768x1024.jpg 768w, https:\/\/dioceseteixeiradefreitas.com.br\/wp-content\/uploads\/2022\/10\/SAVE_20221012_121659-1-1-1-1152x1536.jpg 1152w, https:\/\/dioceseteixeiradefreitas.com.br\/wp-content\/uploads\/2022\/10\/SAVE_20221012_121659-1-1-1-1536x2048.jpg 1536w\" sizes=\"auto, (max-width: 1920px) 100vw, 1920px\" \/><\/a><\/figure>\n\n\n\n<figure class=\"wp-block-image size-large\"><a href=\"https:\/\/dioceseteixeiradefreitas.com.br\/wp-content\/uploads\/2022\/10\/SAVE_20221012_122003-1-1-1.jpg\"><img loading=\"lazy\" decoding=\"async\" width=\"960\" height=\"1280\" data-id=\"18035\" src=\"https:\/\/dioceseteixeiradefreitas.com.br\/wp-content\/uploads\/2022\/10\/SAVE_20221012_122003-1-1-1.jpg\" alt=\"\" class=\"wp-image-18035\" srcset=\"https:\/\/dioceseteixeiradefreitas.com.br\/wp-content\/uploads\/2022\/10\/SAVE_20221012_122003-1-1-1.jpg 960w, https:\/\/dioceseteixeiradefreitas.com.br\/wp-content\/uploads\/2022\/10\/SAVE_20221012_122003-1-1-1-225x300.jpg 225w, https:\/\/dioceseteixeiradefreitas.com.br\/wp-content\/uploads\/2022\/10\/SAVE_20221012_122003-1-1-1-768x1024.jpg 768w\" sizes=\"auto, (max-width: 960px) 100vw, 960px\" \/><\/a><\/figure>\n\n\n\n<figure class=\"wp-block-image size-large\"><a href=\"https:\/\/dioceseteixeiradefreitas.com.br\/wp-content\/uploads\/2022\/10\/SAVE_20221012_121922-1-1-1.jpg\"><img loading=\"lazy\" decoding=\"async\" width=\"960\" height=\"1280\" data-id=\"18036\" src=\"https:\/\/dioceseteixeiradefreitas.com.br\/wp-content\/uploads\/2022\/10\/SAVE_20221012_121922-1-1-1.jpg\" alt=\"\" class=\"wp-image-18036\" srcset=\"https:\/\/dioceseteixeiradefreitas.com.br\/wp-content\/uploads\/2022\/10\/SAVE_20221012_121922-1-1-1.jpg 960w, https:\/\/dioceseteixeiradefreitas.com.br\/wp-content\/uploads\/2022\/10\/SAVE_20221012_121922-1-1-1-225x300.jpg 225w, https:\/\/dioceseteixeiradefreitas.com.br\/wp-content\/uploads\/2022\/10\/SAVE_20221012_121922-1-1-1-768x1024.jpg 768w\" sizes=\"auto, (max-width: 960px) 100vw, 960px\" \/><\/a><\/figure>\n\n\n\n<figure class=\"wp-block-image size-large\"><a href=\"https:\/\/dioceseteixeiradefreitas.com.br\/wp-content\/uploads\/2022\/10\/SAVE_20221012_121652-1-1-1-scaled.jpg\"><img loading=\"lazy\" decoding=\"async\" width=\"1920\" height=\"2560\" data-id=\"18037\" src=\"https:\/\/dioceseteixeiradefreitas.com.br\/wp-content\/uploads\/2022\/10\/SAVE_20221012_121652-1-1-1-scaled.jpg\" alt=\"\" class=\"wp-image-18037\" srcset=\"https:\/\/dioceseteixeiradefreitas.com.br\/wp-content\/uploads\/2022\/10\/SAVE_20221012_121652-1-1-1-scaled.jpg 1920w, https:\/\/dioceseteixeiradefreitas.com.br\/wp-content\/uploads\/2022\/10\/SAVE_20221012_121652-1-1-1-225x300.jpg 225w, https:\/\/dioceseteixeiradefreitas.com.br\/wp-content\/uploads\/2022\/10\/SAVE_20221012_121652-1-1-1-768x1024.jpg 768w, https:\/\/dioceseteixeiradefreitas.com.br\/wp-content\/uploads\/2022\/10\/SAVE_20221012_121652-1-1-1-1152x1536.jpg 1152w, https:\/\/dioceseteixeiradefreitas.com.br\/wp-content\/uploads\/2022\/10\/SAVE_20221012_121652-1-1-1-1536x2048.jpg 1536w\" sizes=\"auto, (max-width: 1920px) 100vw, 1920px\" \/><\/a><\/figure>\n\n\n\n<figure class=\"wp-block-image size-large\"><a href=\"https:\/\/dioceseteixeiradefreitas.com.br\/wp-content\/uploads\/2022\/10\/SAVE_20221012_121633-1-1-1-scaled.jpg\"><img loading=\"lazy\" decoding=\"async\" width=\"1920\" height=\"2560\" data-id=\"18038\" src=\"https:\/\/dioceseteixeiradefreitas.com.br\/wp-content\/uploads\/2022\/10\/SAVE_20221012_121633-1-1-1-scaled.jpg\" alt=\"\" class=\"wp-image-18038\" srcset=\"https:\/\/dioceseteixeiradefreitas.com.br\/wp-content\/uploads\/2022\/10\/SAVE_20221012_121633-1-1-1-scaled.jpg 1920w, https:\/\/dioceseteixeiradefreitas.com.br\/wp-content\/uploads\/2022\/10\/SAVE_20221012_121633-1-1-1-225x300.jpg 225w, https:\/\/dioceseteixeiradefreitas.com.br\/wp-content\/uploads\/2022\/10\/SAVE_20221012_121633-1-1-1-768x1024.jpg 768w, https:\/\/dioceseteixeiradefreitas.com.br\/wp-content\/uploads\/2022\/10\/SAVE_20221012_121633-1-1-1-1152x1536.jpg 1152w, https:\/\/dioceseteixeiradefreitas.com.br\/wp-content\/uploads\/2022\/10\/SAVE_20221012_121633-1-1-1-1536x2048.jpg 1536w\" sizes=\"auto, (max-width: 1920px) 100vw, 1920px\" \/><\/a><\/figure>\n\n\n\n<figure class=\"wp-block-image size-large\"><a href=\"https:\/\/dioceseteixeiradefreitas.com.br\/wp-content\/uploads\/2022\/10\/SAVE_20221012_121716-1-1-1-scaled.jpg\"><img loading=\"lazy\" decoding=\"async\" width=\"1920\" height=\"2560\" data-id=\"18039\" src=\"https:\/\/dioceseteixeiradefreitas.com.br\/wp-content\/uploads\/2022\/10\/SAVE_20221012_121716-1-1-1-scaled.jpg\" alt=\"\" class=\"wp-image-18039\" srcset=\"https:\/\/dioceseteixeiradefreitas.com.br\/wp-content\/uploads\/2022\/10\/SAVE_20221012_121716-1-1-1-scaled.jpg 1920w, https:\/\/dioceseteixeiradefreitas.com.br\/wp-content\/uploads\/2022\/10\/SAVE_20221012_121716-1-1-1-225x300.jpg 225w, https:\/\/dioceseteixeiradefreitas.com.br\/wp-content\/uploads\/2022\/10\/SAVE_20221012_121716-1-1-1-768x1024.jpg 768w, https:\/\/dioceseteixeiradefreitas.com.br\/wp-content\/uploads\/2022\/10\/SAVE_20221012_121716-1-1-1-1152x1536.jpg 1152w, https:\/\/dioceseteixeiradefreitas.com.br\/wp-content\/uploads\/2022\/10\/SAVE_20221012_121716-1-1-1-1536x2048.jpg 1536w\" sizes=\"auto, (max-width: 1920px) 100vw, 1920px\" \/><\/a><\/figure>\n<\/figure>\n\n\n\n<p><strong>Cr\u00e9ditos:<\/strong><\/p>\n\n\n\n<p>Texto: Laysa Santos &#8211; Pascom Lajed\u00e3o<\/p>\n\n\n\n<p>Fotos: Any Gon\u00e7alves, Leandro Ledro e Lucio Ledro<\/p>\n","protected":false},"excerpt":{"rendered":"<p>Padre Jan Gabriel O padre Jan Gabriel foi empossado canonicamente como novo p\u00e1roco da Par\u00f3quia Nossa Senhora das Gra\u00e7as, em Lajed\u00e3o-BA, no dia 07 de outubro de 2022 &#8211; primeira sexta-feira do m\u00eas (dedicado ao Sagrado Cora\u00e7\u00e3o de Jesus) e dia de Nossa Senhora do Ros\u00e1rio &#8211; em Missa com rito de posse can\u00f4nica, presidida &hellip;<\/p>\n","protected":false},"author":24,"featured_media":18036,"comment_status":"closed","ping_status":"closed","sticky":false,"template":"","format":"standard","meta":{"footnotes":""},"categories":[100],"tags":[611,1120],"class_list":["post-17980","post","type-post","status-publish","format-standard","has-post-thumbnail","hentry","category-noticias-diocesanas","tag-padre-jan-gabriel","tag-paroquia-nossa-senhora-das-gracas-lajedao"],"_links":{"self":[{"href":"https:\/\/dioceseteixeiradefreitas.com.br\/index.php?rest_route=\/wp\/v2\/posts\/17980","targetHints":{"allow":["GET"]}}],"collection":[{"href":"https:\/\/dioceseteixeiradefreitas.com.br\/index.php?rest_route=\/wp\/v2\/posts"}],"about":[{"href":"https:\/\/dioceseteixeiradefreitas.com.br\/index.php?rest_route=\/wp\/v2\/types\/post"}],"author":[{"embeddable":true,"href":"https:\/\/dioceseteixeiradefreitas.com.br\/index.php?rest_route=\/wp\/v2\/users\/24"}],"replies":[{"embeddable":true,"href":"https:\/\/dioceseteixeiradefreitas.com.br\/index.php?rest_route=%2Fwp%2Fv2%2Fcomments&post=17980"}],"version-history":[{"count":2,"href":"https:\/\/dioceseteixeiradefreitas.com.br\/index.php?rest_route=\/wp\/v2\/posts\/17980\/revisions"}],"predecessor-version":[{"id":18040,"href":"https:\/\/dioceseteixeiradefreitas.com.br\/index.php?rest_route=\/wp\/v2\/posts\/17980\/revisions\/18040"}],"wp:featuredmedia":[{"embeddable":true,"href":"https:\/\/dioceseteixeiradefreitas.com.br\/index.php?rest_route=\/wp\/v2\/media\/18036"}],"wp:attachment":[{"href":"https:\/\/dioceseteixeiradefreitas.com.br\/index.php?rest_route=%2Fwp%2Fv2%2Fmedia&parent=17980"}],"wp:term":[{"taxonomy":"category","embeddable":true,"href":"https:\/\/dioceseteixeiradefreitas.com.br\/index.php?rest_route=%2Fwp%2Fv2%2Fcategories&post=17980"},{"taxonomy":"post_tag","embeddable":true,"href":"https:\/\/dioceseteixeiradefreitas.com.br\/index.php?rest_route=%2Fwp%2Fv2%2Ftags&post=17980"}],"curies":[{"name":"wp","href":"https:\/\/api.w.org\/{rel}","templated":true}]}}