{"id":18096,"date":"2022-10-19T21:21:03","date_gmt":"2022-10-20T00:21:03","guid":{"rendered":"https:\/\/dioceseteixeiradefreitas.com.br\/?p=18096"},"modified":"2022-10-19T21:24:00","modified_gmt":"2022-10-20T00:24:00","slug":"comunidade-de-jucurucu-e-de-cruzeiro-do-sul-celebram-a-festa-de-nossa-senhora-aparecida","status":"publish","type":"post","link":"https:\/\/dioceseteixeiradefreitas.com.br\/?p=18096","title":{"rendered":"Comunidade de Jucuru\u00e7u e de Cruzeiro do Sul celebram a Festa de Nossa Senhora Aparecida"},"content":{"rendered":"\n<p>A Par\u00f3quia S\u00e3o Sebasti\u00e3o de Jucuru\u00e7u e a Quase Par\u00f3quia Nossa Senhora Aparecida de Cruzeiro do Sul celebraram a Festa de Nossa Senhora Aparecida no \u00faltimo dia 12 de Outubro.<\/p>\n\n\n\n<p>A programa\u00e7\u00e3o teve in\u00edcio \u00e0s 18:00 com a prociss\u00e3o, seguida da celebra\u00e7\u00e3o da Missa na Quase Par\u00f3quia Nossa Senhora Aparecida de Cruzeiro do Sul \u00e0s 19:00, que foi presidida pelo bispo diocesano Dom Jailton e concelebrada pelos Padres G\u00edlson,  Lorisvande e \u00c9der do Rio Grande do Sul. Ap\u00f3s a Missa teve quermesse com a\u00e7\u00e3o entre amigos. A festa de Nossa Senhora Aparecida em Cruzeiro do Sul teve in\u00edcio no dia 03 de Outubro com o noven\u00e1rio que contou com a participa\u00e7\u00e3o  de fi\u00e9is e padres convidados.<\/p>\n\n\n\n<p><strong>Confira as fotos:<\/strong><\/p>\n\n\n\n<figure class=\"wp-block-gallery has-nested-images columns-default is-cropped wp-block-gallery-1 is-layout-flex wp-block-gallery-is-layout-flex\">\n<figure class=\"wp-block-image size-large\"><a href=\"https:\/\/dioceseteixeiradefreitas.com.br\/wp-content\/uploads\/2022\/10\/IMG-20221016-WA0022.jpg\"><img loading=\"lazy\" decoding=\"async\" width=\"768\" height=\"1024\" data-id=\"18099\" src=\"https:\/\/dioceseteixeiradefreitas.com.br\/wp-content\/uploads\/2022\/10\/IMG-20221016-WA0022.jpg\" alt=\"\" class=\"wp-image-18099\" srcset=\"https:\/\/dioceseteixeiradefreitas.com.br\/wp-content\/uploads\/2022\/10\/IMG-20221016-WA0022.jpg 768w, https:\/\/dioceseteixeiradefreitas.com.br\/wp-content\/uploads\/2022\/10\/IMG-20221016-WA0022-225x300.jpg 225w\" sizes=\"auto, (max-width: 768px) 100vw, 768px\" \/><\/a><\/figure>\n\n\n\n<figure class=\"wp-block-image size-large\"><a href=\"https:\/\/dioceseteixeiradefreitas.com.br\/wp-content\/uploads\/2022\/10\/IMG-20221016-WA00251.jpg\"><img loading=\"lazy\" decoding=\"async\" width=\"1024\" height=\"768\" data-id=\"18102\" src=\"https:\/\/dioceseteixeiradefreitas.com.br\/wp-content\/uploads\/2022\/10\/IMG-20221016-WA00251.jpg\" alt=\"\" class=\"wp-image-18102\" srcset=\"https:\/\/dioceseteixeiradefreitas.com.br\/wp-content\/uploads\/2022\/10\/IMG-20221016-WA00251.jpg 1024w, https:\/\/dioceseteixeiradefreitas.com.br\/wp-content\/uploads\/2022\/10\/IMG-20221016-WA00251-300x225.jpg 300w, https:\/\/dioceseteixeiradefreitas.com.br\/wp-content\/uploads\/2022\/10\/IMG-20221016-WA00251-768x576.jpg 768w\" sizes=\"auto, (max-width: 1024px) 100vw, 1024px\" \/><\/a><\/figure>\n\n\n\n<figure class=\"wp-block-image size-large\"><a href=\"https:\/\/dioceseteixeiradefreitas.com.br\/wp-content\/uploads\/2022\/10\/IMG-20221016-WA0023.jpg\"><img loading=\"lazy\" decoding=\"async\" width=\"768\" height=\"1024\" data-id=\"18098\" src=\"https:\/\/dioceseteixeiradefreitas.com.br\/wp-content\/uploads\/2022\/10\/IMG-20221016-WA0023.jpg\" alt=\"\" class=\"wp-image-18098\" srcset=\"https:\/\/dioceseteixeiradefreitas.com.br\/wp-content\/uploads\/2022\/10\/IMG-20221016-WA0023.jpg 768w, https:\/\/dioceseteixeiradefreitas.com.br\/wp-content\/uploads\/2022\/10\/IMG-20221016-WA0023-225x300.jpg 225w\" sizes=\"auto, (max-width: 768px) 100vw, 768px\" \/><\/a><\/figure>\n\n\n\n<figure class=\"wp-block-image size-large\"><a href=\"https:\/\/dioceseteixeiradefreitas.com.br\/wp-content\/uploads\/2022\/10\/IMG-20221016-WA0024.jpg\"><img loading=\"lazy\" decoding=\"async\" width=\"768\" height=\"1024\" data-id=\"18100\" src=\"https:\/\/dioceseteixeiradefreitas.com.br\/wp-content\/uploads\/2022\/10\/IMG-20221016-WA0024.jpg\" alt=\"\" class=\"wp-image-18100\" srcset=\"https:\/\/dioceseteixeiradefreitas.com.br\/wp-content\/uploads\/2022\/10\/IMG-20221016-WA0024.jpg 768w, https:\/\/dioceseteixeiradefreitas.com.br\/wp-content\/uploads\/2022\/10\/IMG-20221016-WA0024-225x300.jpg 225w\" sizes=\"auto, (max-width: 768px) 100vw, 768px\" \/><\/a><\/figure>\n\n\n\n<figure class=\"wp-block-image size-large\"><a href=\"https:\/\/dioceseteixeiradefreitas.com.br\/wp-content\/uploads\/2022\/10\/IMG-20221016-WA0025.jpg\"><img loading=\"lazy\" decoding=\"async\" width=\"1024\" height=\"768\" data-id=\"18101\" src=\"https:\/\/dioceseteixeiradefreitas.com.br\/wp-content\/uploads\/2022\/10\/IMG-20221016-WA0025.jpg\" alt=\"\" class=\"wp-image-18101\" srcset=\"https:\/\/dioceseteixeiradefreitas.com.br\/wp-content\/uploads\/2022\/10\/IMG-20221016-WA0025.jpg 1024w, https:\/\/dioceseteixeiradefreitas.com.br\/wp-content\/uploads\/2022\/10\/IMG-20221016-WA0025-300x225.jpg 300w, https:\/\/dioceseteixeiradefreitas.com.br\/wp-content\/uploads\/2022\/10\/IMG-20221016-WA0025-768x576.jpg 768w\" sizes=\"auto, (max-width: 1024px) 100vw, 1024px\" \/><\/a><\/figure>\n\n\n\n<figure class=\"wp-block-image size-large\"><a href=\"https:\/\/dioceseteixeiradefreitas.com.br\/wp-content\/uploads\/2022\/10\/IMG-20221016-WA0021.jpg\"><img loading=\"lazy\" decoding=\"async\" width=\"768\" height=\"1024\" data-id=\"18103\" src=\"https:\/\/dioceseteixeiradefreitas.com.br\/wp-content\/uploads\/2022\/10\/IMG-20221016-WA0021.jpg\" alt=\"\" class=\"wp-image-18103\" srcset=\"https:\/\/dioceseteixeiradefreitas.com.br\/wp-content\/uploads\/2022\/10\/IMG-20221016-WA0021.jpg 768w, https:\/\/dioceseteixeiradefreitas.com.br\/wp-content\/uploads\/2022\/10\/IMG-20221016-WA0021-225x300.jpg 225w\" sizes=\"auto, (max-width: 768px) 100vw, 768px\" \/><\/a><\/figure>\n<\/figure>\n\n\n\n<p><\/p>\n\n\n\n<p><\/p>\n","protected":false},"excerpt":{"rendered":"<p>A Par\u00f3quia S\u00e3o Sebasti\u00e3o de Jucuru\u00e7u e a Quase Par\u00f3quia Nossa Senhora Aparecida de Cruzeiro do Sul celebraram a Festa de Nossa Senhora Aparecida no \u00faltimo dia 12 de Outubro. A programa\u00e7\u00e3o teve in\u00edcio \u00e0s 18:00 com a prociss\u00e3o, seguida da celebra\u00e7\u00e3o da Missa na Quase Par\u00f3quia Nossa Senhora Aparecida de Cruzeiro do Sul \u00e0s &hellip;<\/p>\n","protected":false},"author":24,"featured_media":18100,"comment_status":"closed","ping_status":"closed","sticky":false,"template":"","format":"standard","meta":{"footnotes":""},"categories":[310],"tags":[1121,319,245],"class_list":["post-18096","post","type-post","status-publish","format-standard","has-post-thumbnail","hentry","category-noticias-paroquiais","tag-cruzeiro-do-sul","tag-dia-de-nossa-senhora-aparecida","tag-jucurucu"],"_links":{"self":[{"href":"https:\/\/dioceseteixeiradefreitas.com.br\/index.php?rest_route=\/wp\/v2\/posts\/18096","targetHints":{"allow":["GET"]}}],"collection":[{"href":"https:\/\/dioceseteixeiradefreitas.com.br\/index.php?rest_route=\/wp\/v2\/posts"}],"about":[{"href":"https:\/\/dioceseteixeiradefreitas.com.br\/index.php?rest_route=\/wp\/v2\/types\/post"}],"author":[{"embeddable":true,"href":"https:\/\/dioceseteixeiradefreitas.com.br\/index.php?rest_route=\/wp\/v2\/users\/24"}],"replies":[{"embeddable":true,"href":"https:\/\/dioceseteixeiradefreitas.com.br\/index.php?rest_route=%2Fwp%2Fv2%2Fcomments&post=18096"}],"version-history":[{"count":2,"href":"https:\/\/dioceseteixeiradefreitas.com.br\/index.php?rest_route=\/wp\/v2\/posts\/18096\/revisions"}],"predecessor-version":[{"id":18104,"href":"https:\/\/dioceseteixeiradefreitas.com.br\/index.php?rest_route=\/wp\/v2\/posts\/18096\/revisions\/18104"}],"wp:featuredmedia":[{"embeddable":true,"href":"https:\/\/dioceseteixeiradefreitas.com.br\/index.php?rest_route=\/wp\/v2\/media\/18100"}],"wp:attachment":[{"href":"https:\/\/dioceseteixeiradefreitas.com.br\/index.php?rest_route=%2Fwp%2Fv2%2Fmedia&parent=18096"}],"wp:term":[{"taxonomy":"category","embeddable":true,"href":"https:\/\/dioceseteixeiradefreitas.com.br\/index.php?rest_route=%2Fwp%2Fv2%2Fcategories&post=18096"},{"taxonomy":"post_tag","embeddable":true,"href":"https:\/\/dioceseteixeiradefreitas.com.br\/index.php?rest_route=%2Fwp%2Fv2%2Ftags&post=18096"}],"curies":[{"name":"wp","href":"https:\/\/api.w.org\/{rel}","templated":true}]}}