{"id":18130,"date":"2022-11-02T20:52:03","date_gmt":"2022-11-02T23:52:03","guid":{"rendered":"https:\/\/dioceseteixeiradefreitas.com.br\/?p=18130"},"modified":"2022-11-02T20:52:05","modified_gmt":"2022-11-02T23:52:05","slug":"coordenacao-diocesana-dos-ministros-extraordinarios-da-sagrada-comunhao-eucaristica-mesce-divulga-formacoes-realizadas-em-2022","status":"publish","type":"post","link":"https:\/\/dioceseteixeiradefreitas.com.br\/?p=18130","title":{"rendered":"Coordena\u00e7\u00e3o Diocesana dos Ministros Extraordin\u00e1rios da Sagrada Comunh\u00e3o Eucar\u00edstica (MESCE) divulga forma\u00e7\u00f5es realizadas em 2022"},"content":{"rendered":"\n<p>A coordena\u00e7\u00e3o diocesana dos Ministros Extraordin\u00e1rios da Sagrada Comunh\u00e3o Eucar\u00edstica (MESCE) divulgou uma carta sobre as forma\u00e7\u00f5es realizadas em 2022:<\/p>\n\n\n\n<blockquote class=\"wp-block-quote is-layout-flow wp-block-quote-is-layout-flow\"><p>Foram realizados, em 2022, diversos Encontros de Forma\u00e7\u00e3o para os Ministros Extraordin\u00e1rios da Sagrada Comunh\u00e3o Eucar\u00edstica em todas as Foranias da Diocese Teixeira de Freitas\/Caravelas, sendo conduzida pela coordena\u00e7\u00e3o diocesana e assessorada pelo Padre Aldomiro. A realiza\u00e7\u00e3o desses encontros caminha em harmonia com o momento que a Igreja trabalha o S\u00ednodo, buscando unidade em nossa viv\u00eancia como irm\u00e3os em Cristo.<br>Participaram dessas forma\u00e7\u00f5es: os Ministros Extraordin\u00e1rios da Sagrada Comunh\u00e3o Eucar\u00edstica que ir\u00e3o servir neste Minist\u00e9rio, seus coordenadores paroquiais, e ainda, Sacerdotes, convidados e algumas Irm\u00e3s. Todas as forma\u00e7\u00f5es tiveram in\u00edcio com a Santa Missa, logo ap\u00f3s um caf\u00e9 da manh\u00e3 e acolhida a todos os participantes. Assim, tivemos na Diocese a forma\u00e7\u00e3o de aproximadamente 600 MESCE.<br>Tivemos in\u00edcio com a Forania Imaculada Concei\u00e7\u00e3o, em 01 de Maio, na Igreja Matriz Nossa Senhora da Concei\u00e7\u00e3o em Medeiros Neto, com a participa\u00e7\u00e3o das seguintes par\u00f3quias: S\u00e3o Sebasti\u00e3o \u2013 Vereda; Nossa Senhora da Concei\u00e7\u00e3o \u2013 Medeiros Neto; Nossa Senhora das Gra\u00e7as &#8211; Lajed\u00e3o. Tivemos a presen\u00e7a marcante do Padre Le\u00f4nidas Junior, que com muita alegria nos acolheu e das Irm\u00e3s da Fraternidade O Caminho. <\/p><p>Em 29 de Maio, a forma\u00e7\u00e3o foi realizada na Forania S\u00e3o Jos\u00e9, na Par\u00f3quia S\u00e3o Benedito em Posto da Mata, com a participa\u00e7\u00e3o das par\u00f3quias: S\u00e3o Benedito \u2013 Posto da Mata; Quase Par\u00f3quia S\u00e3o Jos\u00e9 \u2013 trevo de Posto da Mata; Nossa Senhora da Concei\u00e7\u00e3o \u2013 Nova Vi\u00e7osa; Santa Luzia \u2013 Itabat\u00e3; S\u00e3o Jos\u00e9 Oper\u00e1rio \u2013 Itabat\u00e3. Fomos acolhidos com muita alegria pelo nosso Assessor Padre Aldomiro.<br>A Forania S\u00e3o Pedro, teve sua forma\u00e7\u00e3o em 05 de Junho, na Igreja Matriz Par\u00f3quia S\u00e3o Jos\u00e9 em Teixeira de Freitas, com a participa\u00e7\u00e3o das Par\u00f3quias: S\u00e3o Pedro \u2013 Catedral; S\u00e3o Francisco; S\u00e3o Jos\u00e9 Oper\u00e1rio; S\u00e3o Sebasti\u00e3o; Santa Rita de C\u00e1ssia; Santo Ant\u00f4nio de P\u00e1dua (distrito); S\u00e3o Paulo Ap\u00f3stolo; Nossa Senhora das Gra\u00e7as; Imaculada Concei\u00e7\u00e3o; S\u00e3o Louren\u00e7o; S\u00e3o Jo\u00e3o Batista; S\u00e3o Miguel Arcanjo; Nossa Senhora das Gra\u00e7as &#8211; Lajed\u00e3o e Bom Jesus &#8211; Ibirapu\u00e3, da forania Imaculada Concei\u00e7\u00e3o. Fomos acolhidos pelo Padre Rog\u00e9rio, que foi muito sol\u00edcito, e a participa\u00e7\u00e3o de v\u00e1rios padres da Forania: Padre Paulo Sergio, Padre Edivaldo, Padre Benoy, Padre Jos\u00e9, Padre Jos\u00e9 Ailton, e Padre Paulo C\u00e9sar.<br>Em 31 de Julho, a Forania Cosme e Dami\u00e3o, rec\u00e9m-criada na Diocese, realizou a sua forma\u00e7\u00e3o na Igreja Matriz Par\u00f3quia Nossa Senhora de F\u00e1tima, em Itamaraju, com as seguintes par\u00f3quias: Par\u00f3quia S\u00e3o Jos\u00e9 Esposo (Guarani), Quase Par\u00f3quia Cristo Rei (Itamaraju), Par\u00f3quia Nossa Senhora de F\u00e1tima (Itamaraju). Fomos acolhidos com muito amor pelo Padre Ronaldo e a presen\u00e7a marcante do Padre Valdemir.<br>O encerramento das forma\u00e7\u00f5es da Diocese dentro das Foranias aconteceu na Forania Santo Ant\u00f4nio, na Co-Catedral Santo Ant\u00f4nio, em Caravelas, com participa\u00e7\u00e3o das seguintes par\u00f3quias: Paroquia Santo Ant\u00f4nio (Caravelas), Par\u00f3quia S\u00e3o Cosme e Dami\u00e3o (Itamaraju), Quase Par\u00f3quia S\u00e3o Jos\u00e9 (S\u00e3o Jos\u00e9 de Alcoba\u00e7a).<br>Alegremente e com o cora\u00e7\u00e3o cheio de amor fomos acolhidos pelo Padre Wallas e com a participa\u00e7\u00e3o divina do Padre Paulo C\u00e9sar, ambos nos conduziram a momentos de reflex\u00e3o ora\u00e7\u00e3o e adora\u00e7\u00e3o.<br>Cheios de amor, agradecemos a todos que nos ajudaram a vivenciar este momento sinodal e t\u00e3o frutuoso para nossa Diocese.<\/p><p>Deus lhes pague!<br>At\u00e9 breve, se Deus quiser!<\/p><\/blockquote>\n\n\n\n<p><strong>Confira as fotos:<\/strong><\/p>\n\n\n\n<figure class=\"wp-block-gallery has-nested-images columns-default is-cropped wp-block-gallery-1 is-layout-flex wp-block-gallery-is-layout-flex\">\n<figure class=\"wp-block-image size-large\"><a href=\"https:\/\/dioceseteixeiradefreitas.com.br\/wp-content\/uploads\/2022\/10\/WhatsApp-Image-2022-10-28-at-23.05.03-1.jpeg\"><img loading=\"lazy\" decoding=\"async\" width=\"1200\" height=\"1600\" data-id=\"18155\" src=\"https:\/\/dioceseteixeiradefreitas.com.br\/wp-content\/uploads\/2022\/10\/WhatsApp-Image-2022-10-28-at-23.05.03-1.jpeg\" alt=\"\" class=\"wp-image-18155\" srcset=\"https:\/\/dioceseteixeiradefreitas.com.br\/wp-content\/uploads\/2022\/10\/WhatsApp-Image-2022-10-28-at-23.05.03-1.jpeg 1200w, https:\/\/dioceseteixeiradefreitas.com.br\/wp-content\/uploads\/2022\/10\/WhatsApp-Image-2022-10-28-at-23.05.03-1-225x300.jpeg 225w, https:\/\/dioceseteixeiradefreitas.com.br\/wp-content\/uploads\/2022\/10\/WhatsApp-Image-2022-10-28-at-23.05.03-1-768x1024.jpeg 768w, https:\/\/dioceseteixeiradefreitas.com.br\/wp-content\/uploads\/2022\/10\/WhatsApp-Image-2022-10-28-at-23.05.03-1-1152x1536.jpeg 1152w\" sizes=\"auto, (max-width: 1200px) 100vw, 1200px\" \/><\/a><\/figure>\n\n\n\n<figure class=\"wp-block-image size-large\"><a href=\"https:\/\/dioceseteixeiradefreitas.com.br\/wp-content\/uploads\/2022\/10\/WhatsApp-Image-2022-10-28-at-13.02.12-1.jpeg\"><img loading=\"lazy\" decoding=\"async\" width=\"1600\" height=\"901\" data-id=\"18156\" src=\"https:\/\/dioceseteixeiradefreitas.com.br\/wp-content\/uploads\/2022\/10\/WhatsApp-Image-2022-10-28-at-13.02.12-1.jpeg\" alt=\"\" class=\"wp-image-18156\" srcset=\"https:\/\/dioceseteixeiradefreitas.com.br\/wp-content\/uploads\/2022\/10\/WhatsApp-Image-2022-10-28-at-13.02.12-1.jpeg 1600w, https:\/\/dioceseteixeiradefreitas.com.br\/wp-content\/uploads\/2022\/10\/WhatsApp-Image-2022-10-28-at-13.02.12-1-300x169.jpeg 300w, https:\/\/dioceseteixeiradefreitas.com.br\/wp-content\/uploads\/2022\/10\/WhatsApp-Image-2022-10-28-at-13.02.12-1-1024x577.jpeg 1024w, https:\/\/dioceseteixeiradefreitas.com.br\/wp-content\/uploads\/2022\/10\/WhatsApp-Image-2022-10-28-at-13.02.12-1-768x432.jpeg 768w, https:\/\/dioceseteixeiradefreitas.com.br\/wp-content\/uploads\/2022\/10\/WhatsApp-Image-2022-10-28-at-13.02.12-1-1536x865.jpeg 1536w, https:\/\/dioceseteixeiradefreitas.com.br\/wp-content\/uploads\/2022\/10\/WhatsApp-Image-2022-10-28-at-13.02.12-1-390x220.jpeg 390w\" sizes=\"auto, (max-width: 1600px) 100vw, 1600px\" \/><\/a><\/figure>\n\n\n\n<figure class=\"wp-block-image size-large\"><a href=\"https:\/\/dioceseteixeiradefreitas.com.br\/wp-content\/uploads\/2022\/10\/WhatsApp-Image-2022-10-28-at-13.00.43-1.jpeg\"><img loading=\"lazy\" decoding=\"async\" width=\"1080\" height=\"439\" data-id=\"18157\" src=\"https:\/\/dioceseteixeiradefreitas.com.br\/wp-content\/uploads\/2022\/10\/WhatsApp-Image-2022-10-28-at-13.00.43-1.jpeg\" alt=\"\" class=\"wp-image-18157\" srcset=\"https:\/\/dioceseteixeiradefreitas.com.br\/wp-content\/uploads\/2022\/10\/WhatsApp-Image-2022-10-28-at-13.00.43-1.jpeg 1080w, https:\/\/dioceseteixeiradefreitas.com.br\/wp-content\/uploads\/2022\/10\/WhatsApp-Image-2022-10-28-at-13.00.43-1-300x122.jpeg 300w, https:\/\/dioceseteixeiradefreitas.com.br\/wp-content\/uploads\/2022\/10\/WhatsApp-Image-2022-10-28-at-13.00.43-1-1024x416.jpeg 1024w, https:\/\/dioceseteixeiradefreitas.com.br\/wp-content\/uploads\/2022\/10\/WhatsApp-Image-2022-10-28-at-13.00.43-1-768x312.jpeg 768w\" sizes=\"auto, (max-width: 1080px) 100vw, 1080px\" \/><\/a><\/figure>\n\n\n\n<figure class=\"wp-block-image size-large\"><a href=\"https:\/\/dioceseteixeiradefreitas.com.br\/wp-content\/uploads\/2022\/10\/WhatsApp-Image-2022-10-28-at-12.55.57.jpeg\"><img loading=\"lazy\" decoding=\"async\" width=\"1600\" height=\"601\" data-id=\"18158\" src=\"https:\/\/dioceseteixeiradefreitas.com.br\/wp-content\/uploads\/2022\/10\/WhatsApp-Image-2022-10-28-at-12.55.57.jpeg\" alt=\"\" class=\"wp-image-18158\" srcset=\"https:\/\/dioceseteixeiradefreitas.com.br\/wp-content\/uploads\/2022\/10\/WhatsApp-Image-2022-10-28-at-12.55.57.jpeg 1600w, https:\/\/dioceseteixeiradefreitas.com.br\/wp-content\/uploads\/2022\/10\/WhatsApp-Image-2022-10-28-at-12.55.57-300x113.jpeg 300w, https:\/\/dioceseteixeiradefreitas.com.br\/wp-content\/uploads\/2022\/10\/WhatsApp-Image-2022-10-28-at-12.55.57-1024x385.jpeg 1024w, https:\/\/dioceseteixeiradefreitas.com.br\/wp-content\/uploads\/2022\/10\/WhatsApp-Image-2022-10-28-at-12.55.57-768x288.jpeg 768w, https:\/\/dioceseteixeiradefreitas.com.br\/wp-content\/uploads\/2022\/10\/WhatsApp-Image-2022-10-28-at-12.55.57-1536x577.jpeg 1536w\" sizes=\"auto, (max-width: 1600px) 100vw, 1600px\" \/><\/a><\/figure>\n\n\n\n<figure class=\"wp-block-image size-large\"><a href=\"https:\/\/dioceseteixeiradefreitas.com.br\/wp-content\/uploads\/2022\/10\/WhatsApp-Image-2022-10-28-at-12.54.21.jpeg\"><img loading=\"lazy\" decoding=\"async\" width=\"1000\" height=\"676\" data-id=\"18159\" src=\"https:\/\/dioceseteixeiradefreitas.com.br\/wp-content\/uploads\/2022\/10\/WhatsApp-Image-2022-10-28-at-12.54.21.jpeg\" alt=\"\" class=\"wp-image-18159\" srcset=\"https:\/\/dioceseteixeiradefreitas.com.br\/wp-content\/uploads\/2022\/10\/WhatsApp-Image-2022-10-28-at-12.54.21.jpeg 1000w, https:\/\/dioceseteixeiradefreitas.com.br\/wp-content\/uploads\/2022\/10\/WhatsApp-Image-2022-10-28-at-12.54.21-300x203.jpeg 300w, https:\/\/dioceseteixeiradefreitas.com.br\/wp-content\/uploads\/2022\/10\/WhatsApp-Image-2022-10-28-at-12.54.21-768x519.jpeg 768w, https:\/\/dioceseteixeiradefreitas.com.br\/wp-content\/uploads\/2022\/10\/WhatsApp-Image-2022-10-28-at-12.54.21-220x150.jpeg 220w\" sizes=\"auto, (max-width: 1000px) 100vw, 1000px\" \/><\/a><\/figure>\n\n\n\n<figure class=\"wp-block-image size-large\"><a href=\"https:\/\/dioceseteixeiradefreitas.com.br\/wp-content\/uploads\/2022\/10\/WhatsApp-Image-2022-10-28-at-12.54.21-2.jpeg\"><img loading=\"lazy\" decoding=\"async\" width=\"1000\" height=\"667\" data-id=\"18160\" src=\"https:\/\/dioceseteixeiradefreitas.com.br\/wp-content\/uploads\/2022\/10\/WhatsApp-Image-2022-10-28-at-12.54.21-2.jpeg\" alt=\"\" class=\"wp-image-18160\" srcset=\"https:\/\/dioceseteixeiradefreitas.com.br\/wp-content\/uploads\/2022\/10\/WhatsApp-Image-2022-10-28-at-12.54.21-2.jpeg 1000w, https:\/\/dioceseteixeiradefreitas.com.br\/wp-content\/uploads\/2022\/10\/WhatsApp-Image-2022-10-28-at-12.54.21-2-300x200.jpeg 300w, https:\/\/dioceseteixeiradefreitas.com.br\/wp-content\/uploads\/2022\/10\/WhatsApp-Image-2022-10-28-at-12.54.21-2-768x512.jpeg 768w\" sizes=\"auto, (max-width: 1000px) 100vw, 1000px\" \/><\/a><\/figure>\n\n\n\n<figure class=\"wp-block-image size-large\"><a href=\"https:\/\/dioceseteixeiradefreitas.com.br\/wp-content\/uploads\/2022\/10\/WhatsApp-Image-2022-10-28-at-12.54.21-1.jpeg\"><img loading=\"lazy\" decoding=\"async\" width=\"1000\" height=\"452\" data-id=\"18161\" src=\"https:\/\/dioceseteixeiradefreitas.com.br\/wp-content\/uploads\/2022\/10\/WhatsApp-Image-2022-10-28-at-12.54.21-1.jpeg\" alt=\"\" class=\"wp-image-18161\" srcset=\"https:\/\/dioceseteixeiradefreitas.com.br\/wp-content\/uploads\/2022\/10\/WhatsApp-Image-2022-10-28-at-12.54.21-1.jpeg 1000w, https:\/\/dioceseteixeiradefreitas.com.br\/wp-content\/uploads\/2022\/10\/WhatsApp-Image-2022-10-28-at-12.54.21-1-300x136.jpeg 300w, https:\/\/dioceseteixeiradefreitas.com.br\/wp-content\/uploads\/2022\/10\/WhatsApp-Image-2022-10-28-at-12.54.21-1-768x347.jpeg 768w\" sizes=\"auto, (max-width: 1000px) 100vw, 1000px\" \/><\/a><\/figure>\n\n\n\n<figure class=\"wp-block-image size-large\"><a href=\"https:\/\/dioceseteixeiradefreitas.com.br\/wp-content\/uploads\/2022\/10\/WhatsApp-Image-2022-10-28-at-12.52.31.jpeg\"><img loading=\"lazy\" decoding=\"async\" width=\"1600\" height=\"869\" data-id=\"18162\" src=\"https:\/\/dioceseteixeiradefreitas.com.br\/wp-content\/uploads\/2022\/10\/WhatsApp-Image-2022-10-28-at-12.52.31.jpeg\" alt=\"\" class=\"wp-image-18162\" srcset=\"https:\/\/dioceseteixeiradefreitas.com.br\/wp-content\/uploads\/2022\/10\/WhatsApp-Image-2022-10-28-at-12.52.31.jpeg 1600w, https:\/\/dioceseteixeiradefreitas.com.br\/wp-content\/uploads\/2022\/10\/WhatsApp-Image-2022-10-28-at-12.52.31-300x163.jpeg 300w, https:\/\/dioceseteixeiradefreitas.com.br\/wp-content\/uploads\/2022\/10\/WhatsApp-Image-2022-10-28-at-12.52.31-1024x556.jpeg 1024w, https:\/\/dioceseteixeiradefreitas.com.br\/wp-content\/uploads\/2022\/10\/WhatsApp-Image-2022-10-28-at-12.52.31-768x417.jpeg 768w, https:\/\/dioceseteixeiradefreitas.com.br\/wp-content\/uploads\/2022\/10\/WhatsApp-Image-2022-10-28-at-12.52.31-1536x834.jpeg 1536w\" sizes=\"auto, (max-width: 1600px) 100vw, 1600px\" \/><\/a><\/figure>\n\n\n\n<figure class=\"wp-block-image size-large\"><a href=\"https:\/\/dioceseteixeiradefreitas.com.br\/wp-content\/uploads\/2022\/10\/WhatsApp-Image-2022-10-28-at-12.52.24.jpeg\"><img loading=\"lazy\" decoding=\"async\" width=\"1101\" height=\"1600\" data-id=\"18163\" src=\"https:\/\/dioceseteixeiradefreitas.com.br\/wp-content\/uploads\/2022\/10\/WhatsApp-Image-2022-10-28-at-12.52.24.jpeg\" alt=\"\" class=\"wp-image-18163\" srcset=\"https:\/\/dioceseteixeiradefreitas.com.br\/wp-content\/uploads\/2022\/10\/WhatsApp-Image-2022-10-28-at-12.52.24.jpeg 1101w, https:\/\/dioceseteixeiradefreitas.com.br\/wp-content\/uploads\/2022\/10\/WhatsApp-Image-2022-10-28-at-12.52.24-206x300.jpeg 206w, https:\/\/dioceseteixeiradefreitas.com.br\/wp-content\/uploads\/2022\/10\/WhatsApp-Image-2022-10-28-at-12.52.24-705x1024.jpeg 705w, https:\/\/dioceseteixeiradefreitas.com.br\/wp-content\/uploads\/2022\/10\/WhatsApp-Image-2022-10-28-at-12.52.24-768x1116.jpeg 768w, https:\/\/dioceseteixeiradefreitas.com.br\/wp-content\/uploads\/2022\/10\/WhatsApp-Image-2022-10-28-at-12.52.24-1057x1536.jpeg 1057w\" sizes=\"auto, (max-width: 1101px) 100vw, 1101px\" \/><\/a><\/figure>\n\n\n\n<figure class=\"wp-block-image size-large\"><a href=\"https:\/\/dioceseteixeiradefreitas.com.br\/wp-content\/uploads\/2022\/10\/WhatsApp-Image-2022-10-28-at-12.51.39.jpeg\"><img loading=\"lazy\" decoding=\"async\" width=\"1000\" height=\"688\" data-id=\"18164\" src=\"https:\/\/dioceseteixeiradefreitas.com.br\/wp-content\/uploads\/2022\/10\/WhatsApp-Image-2022-10-28-at-12.51.39.jpeg\" alt=\"\" class=\"wp-image-18164\" srcset=\"https:\/\/dioceseteixeiradefreitas.com.br\/wp-content\/uploads\/2022\/10\/WhatsApp-Image-2022-10-28-at-12.51.39.jpeg 1000w, https:\/\/dioceseteixeiradefreitas.com.br\/wp-content\/uploads\/2022\/10\/WhatsApp-Image-2022-10-28-at-12.51.39-300x206.jpeg 300w, https:\/\/dioceseteixeiradefreitas.com.br\/wp-content\/uploads\/2022\/10\/WhatsApp-Image-2022-10-28-at-12.51.39-768x528.jpeg 768w, https:\/\/dioceseteixeiradefreitas.com.br\/wp-content\/uploads\/2022\/10\/WhatsApp-Image-2022-10-28-at-12.51.39-220x150.jpeg 220w\" sizes=\"auto, (max-width: 1000px) 100vw, 1000px\" \/><\/a><\/figure>\n\n\n\n<figure class=\"wp-block-image size-large\"><a href=\"https:\/\/dioceseteixeiradefreitas.com.br\/wp-content\/uploads\/2022\/10\/WhatsApp-Image-2022-10-28-at-12.51.22.jpeg\"><img loading=\"lazy\" decoding=\"async\" width=\"749\" height=\"1280\" data-id=\"18165\" src=\"https:\/\/dioceseteixeiradefreitas.com.br\/wp-content\/uploads\/2022\/10\/WhatsApp-Image-2022-10-28-at-12.51.22.jpeg\" alt=\"\" class=\"wp-image-18165\" srcset=\"https:\/\/dioceseteixeiradefreitas.com.br\/wp-content\/uploads\/2022\/10\/WhatsApp-Image-2022-10-28-at-12.51.22.jpeg 749w, https:\/\/dioceseteixeiradefreitas.com.br\/wp-content\/uploads\/2022\/10\/WhatsApp-Image-2022-10-28-at-12.51.22-176x300.jpeg 176w, https:\/\/dioceseteixeiradefreitas.com.br\/wp-content\/uploads\/2022\/10\/WhatsApp-Image-2022-10-28-at-12.51.22-599x1024.jpeg 599w\" sizes=\"auto, (max-width: 749px) 100vw, 749px\" \/><\/a><\/figure>\n\n\n\n<figure class=\"wp-block-image size-large\"><a href=\"https:\/\/dioceseteixeiradefreitas.com.br\/wp-content\/uploads\/2022\/10\/WhatsApp-Image-2022-10-28-at-12.51.21.jpeg\"><img loading=\"lazy\" decoding=\"async\" width=\"1600\" height=\"648\" data-id=\"18166\" src=\"https:\/\/dioceseteixeiradefreitas.com.br\/wp-content\/uploads\/2022\/10\/WhatsApp-Image-2022-10-28-at-12.51.21.jpeg\" alt=\"\" class=\"wp-image-18166\" srcset=\"https:\/\/dioceseteixeiradefreitas.com.br\/wp-content\/uploads\/2022\/10\/WhatsApp-Image-2022-10-28-at-12.51.21.jpeg 1600w, https:\/\/dioceseteixeiradefreitas.com.br\/wp-content\/uploads\/2022\/10\/WhatsApp-Image-2022-10-28-at-12.51.21-300x122.jpeg 300w, https:\/\/dioceseteixeiradefreitas.com.br\/wp-content\/uploads\/2022\/10\/WhatsApp-Image-2022-10-28-at-12.51.21-1024x415.jpeg 1024w, https:\/\/dioceseteixeiradefreitas.com.br\/wp-content\/uploads\/2022\/10\/WhatsApp-Image-2022-10-28-at-12.51.21-768x311.jpeg 768w, https:\/\/dioceseteixeiradefreitas.com.br\/wp-content\/uploads\/2022\/10\/WhatsApp-Image-2022-10-28-at-12.51.21-1536x622.jpeg 1536w\" sizes=\"auto, (max-width: 1600px) 100vw, 1600px\" \/><\/a><\/figure>\n\n\n\n<figure class=\"wp-block-image size-large\"><a href=\"https:\/\/dioceseteixeiradefreitas.com.br\/wp-content\/uploads\/2022\/10\/WhatsApp-Image-2022-10-28-at-12.51.21-1.jpeg\"><img loading=\"lazy\" decoding=\"async\" width=\"1280\" height=\"720\" data-id=\"18167\" src=\"https:\/\/dioceseteixeiradefreitas.com.br\/wp-content\/uploads\/2022\/10\/WhatsApp-Image-2022-10-28-at-12.51.21-1.jpeg\" alt=\"\" class=\"wp-image-18167\" srcset=\"https:\/\/dioceseteixeiradefreitas.com.br\/wp-content\/uploads\/2022\/10\/WhatsApp-Image-2022-10-28-at-12.51.21-1.jpeg 1280w, https:\/\/dioceseteixeiradefreitas.com.br\/wp-content\/uploads\/2022\/10\/WhatsApp-Image-2022-10-28-at-12.51.21-1-300x169.jpeg 300w, https:\/\/dioceseteixeiradefreitas.com.br\/wp-content\/uploads\/2022\/10\/WhatsApp-Image-2022-10-28-at-12.51.21-1-1024x576.jpeg 1024w, https:\/\/dioceseteixeiradefreitas.com.br\/wp-content\/uploads\/2022\/10\/WhatsApp-Image-2022-10-28-at-12.51.21-1-768x432.jpeg 768w, https:\/\/dioceseteixeiradefreitas.com.br\/wp-content\/uploads\/2022\/10\/WhatsApp-Image-2022-10-28-at-12.51.21-1-390x220.jpeg 390w\" sizes=\"auto, (max-width: 1280px) 100vw, 1280px\" \/><\/a><\/figure>\n\n\n\n<figure class=\"wp-block-image size-large\"><a href=\"https:\/\/dioceseteixeiradefreitas.com.br\/wp-content\/uploads\/2022\/10\/WhatsApp-Image-2022-10-28-at-12.51.20.jpeg\"><img loading=\"lazy\" decoding=\"async\" width=\"1080\" height=\"579\" data-id=\"18168\" src=\"https:\/\/dioceseteixeiradefreitas.com.br\/wp-content\/uploads\/2022\/10\/WhatsApp-Image-2022-10-28-at-12.51.20.jpeg\" alt=\"\" class=\"wp-image-18168\" srcset=\"https:\/\/dioceseteixeiradefreitas.com.br\/wp-content\/uploads\/2022\/10\/WhatsApp-Image-2022-10-28-at-12.51.20.jpeg 1080w, https:\/\/dioceseteixeiradefreitas.com.br\/wp-content\/uploads\/2022\/10\/WhatsApp-Image-2022-10-28-at-12.51.20-300x161.jpeg 300w, https:\/\/dioceseteixeiradefreitas.com.br\/wp-content\/uploads\/2022\/10\/WhatsApp-Image-2022-10-28-at-12.51.20-1024x549.jpeg 1024w, https:\/\/dioceseteixeiradefreitas.com.br\/wp-content\/uploads\/2022\/10\/WhatsApp-Image-2022-10-28-at-12.51.20-768x412.jpeg 768w\" sizes=\"auto, (max-width: 1080px) 100vw, 1080px\" \/><\/a><\/figure>\n<\/figure>\n\n\n\n<p><strong>Texto: <\/strong>Coordena\u00e7\u00e3o Diocesana dos MESCE<\/p>\n\n\n\n<p><strong>Fotos:<\/strong> Coordena\u00e7\u00e3o Diocesana dos MESCE<\/p>\n","protected":false},"excerpt":{"rendered":"<p>A coordena\u00e7\u00e3o diocesana dos Ministros Extraordin\u00e1rios da Sagrada Comunh\u00e3o Eucar\u00edstica (MESCE) divulgou uma carta sobre as forma\u00e7\u00f5es realizadas em 2022: Foram realizados, em 2022, diversos Encontros de Forma\u00e7\u00e3o para os Ministros Extraordin\u00e1rios da Sagrada Comunh\u00e3o Eucar\u00edstica em todas as Foranias da Diocese Teixeira de Freitas\/Caravelas, sendo conduzida pela coordena\u00e7\u00e3o diocesana e assessorada pelo Padre Aldomiro. &hellip;<\/p>\n","protected":false},"author":24,"featured_media":18170,"comment_status":"closed","ping_status":"closed","sticky":false,"template":"","format":"standard","meta":{"footnotes":""},"categories":[100],"tags":[451,1128],"class_list":["post-18130","post","type-post","status-publish","format-standard","has-post-thumbnail","hentry","category-noticias-diocesanas","tag-diocese-de-teixeira-de-freitas-caravelas","tag-mesce"],"_links":{"self":[{"href":"https:\/\/dioceseteixeiradefreitas.com.br\/index.php?rest_route=\/wp\/v2\/posts\/18130","targetHints":{"allow":["GET"]}}],"collection":[{"href":"https:\/\/dioceseteixeiradefreitas.com.br\/index.php?rest_route=\/wp\/v2\/posts"}],"about":[{"href":"https:\/\/dioceseteixeiradefreitas.com.br\/index.php?rest_route=\/wp\/v2\/types\/post"}],"author":[{"embeddable":true,"href":"https:\/\/dioceseteixeiradefreitas.com.br\/index.php?rest_route=\/wp\/v2\/users\/24"}],"replies":[{"embeddable":true,"href":"https:\/\/dioceseteixeiradefreitas.com.br\/index.php?rest_route=%2Fwp%2Fv2%2Fcomments&post=18130"}],"version-history":[{"count":2,"href":"https:\/\/dioceseteixeiradefreitas.com.br\/index.php?rest_route=\/wp\/v2\/posts\/18130\/revisions"}],"predecessor-version":[{"id":18171,"href":"https:\/\/dioceseteixeiradefreitas.com.br\/index.php?rest_route=\/wp\/v2\/posts\/18130\/revisions\/18171"}],"wp:featuredmedia":[{"embeddable":true,"href":"https:\/\/dioceseteixeiradefreitas.com.br\/index.php?rest_route=\/wp\/v2\/media\/18170"}],"wp:attachment":[{"href":"https:\/\/dioceseteixeiradefreitas.com.br\/index.php?rest_route=%2Fwp%2Fv2%2Fmedia&parent=18130"}],"wp:term":[{"taxonomy":"category","embeddable":true,"href":"https:\/\/dioceseteixeiradefreitas.com.br\/index.php?rest_route=%2Fwp%2Fv2%2Fcategories&post=18130"},{"taxonomy":"post_tag","embeddable":true,"href":"https:\/\/dioceseteixeiradefreitas.com.br\/index.php?rest_route=%2Fwp%2Fv2%2Ftags&post=18130"}],"curies":[{"name":"wp","href":"https:\/\/api.w.org\/{rel}","templated":true}]}}