{"id":18302,"date":"2022-11-24T19:41:31","date_gmt":"2022-11-24T22:41:31","guid":{"rendered":"https:\/\/dioceseteixeiradefreitas.com.br\/?p=18302"},"modified":"2022-11-24T19:41:33","modified_gmt":"2022-11-24T22:41:33","slug":"quase-paroquia-cristo-rei-realiza-novenario-e-festa-em-honra-ao-seu-padroeiro","status":"publish","type":"post","link":"https:\/\/dioceseteixeiradefreitas.com.br\/?p=18302","title":{"rendered":"Quase Par\u00f3quia Cristo Rei realiza noven\u00e1rio e festa em honra ao seu padroeiro"},"content":{"rendered":"\n<p>A Quase Par\u00f3quia Cristo Rei, situada no Bairro Cristo Redentor na cidade de Itamaraju-BA viveu celebrou mais um noven\u00e1rio e festa em honra ao seu padroeiro, Cristo Rei do Universo. Neste ano toda a comunidade foi convidada a refletir o tema: \u201cEu estou no meio de v\u00f3s como aquele que serve\u201d do evangelho de S\u00e3o Lucas 22,27.<\/p>\n\n\n\n<p>A novena em honra a Cristo Rei iniciou na sexta-feira, 11\/11\/2022 \u00e0s 18h 30 min, reunindo muitos fi\u00e9is, festeiros e homenageados. Por meio da homilia pregada pelos di\u00e1conos convidados \u2013 Manoel Neto, e dos padres celebrantes de cada noite, foi poss\u00edvel refletir que Cristo n\u00e3o passou entre os homens como quem imp\u00f5e, nem como quem determina, nem como quem manda, mas, caminhou na Terra \u00e0 fei\u00e7\u00e3o do servidor. Legou-nos o Evangelho da vida, escrevendo-lhe a epopeia no cora\u00e7\u00e3o das criaturas, mostrando que n\u00e3o se det\u00e9m num trono terrestre, n\u00e3o se limita a tecer-lhe a coroa com palavras estudadas, mas estende-a e consolida os valores com as pr\u00f3prias m\u00e3os. Para com isso o Divino Mestre pede a modificar a n\u00f3s mesmos, para a vit\u00f3ria do bem, elevando pessoas e melhorando situa\u00e7\u00f5es, \u00e9 servir sempre, como quem sabe que fazer \u00e9 o melhor processo de aconselhar.<\/p>\n\n\n\n<p>Neste ano, como proposta de a\u00e7\u00e3o caritativa, toda a comunidade foi convidada a realizar em cada dia do noven\u00e1rio o gesto concreto de um componente definido da cesta b\u00e1sica.<\/p>\n\n\n\n<p>O encerramento dos festejos aconteceu no \u00faltimo domingo, 20\/11\/2022, dia do Solene Padroeiro, data tamb\u00e9m do encerramento do Ano Lit\u00fargico, com a celebra\u00e7\u00e3o da Santa Missa presidida pelo Reverend\u00edssimo e Excelent\u00edssimo Bispo Diocesano Dom Jailton de Oliveira Lino, psdp,  e concelebrada pelos sacerdotes, Padre Ronaldo Cardoso \u2013 P\u00e1roco da Matriz Nossa Sra de F\u00e1tima, Padre Lourisvande e Padre Waldemir Oliveira, Vig\u00e1rio da Quase Par\u00f3quia Cristo Rei.<\/p>\n\n\n\n<p><\/p>\n\n\n\n<p><strong>Confira as fotos:<\/strong><\/p>\n\n\n\n<div class=\"wp-block-columns is-layout-flex wp-container-core-columns-is-layout-9d6595d7 wp-block-columns-is-layout-flex\">\n<div class=\"wp-block-column is-layout-flow wp-block-column-is-layout-flow\" style=\"flex-basis:100%\">\n<figure class=\"wp-block-gallery has-nested-images columns-default is-cropped wp-block-gallery-1 is-layout-flex wp-block-gallery-is-layout-flex\">\n<figure class=\"wp-block-image size-large\"><a href=\"https:\/\/dioceseteixeiradefreitas.com.br\/wp-content\/uploads\/2022\/11\/WhatsApp-Image-2022-11-24-at-19.36.24-1-1.jpeg\"><img loading=\"lazy\" decoding=\"async\" width=\"819\" height=\"1024\" data-id=\"18328\" src=\"https:\/\/dioceseteixeiradefreitas.com.br\/wp-content\/uploads\/2022\/11\/WhatsApp-Image-2022-11-24-at-19.36.24-1-1-819x1024.jpeg\" alt=\"\" class=\"wp-image-18328\" srcset=\"https:\/\/dioceseteixeiradefreitas.com.br\/wp-content\/uploads\/2022\/11\/WhatsApp-Image-2022-11-24-at-19.36.24-1-1-819x1024.jpeg 819w, https:\/\/dioceseteixeiradefreitas.com.br\/wp-content\/uploads\/2022\/11\/WhatsApp-Image-2022-11-24-at-19.36.24-1-1-240x300.jpeg 240w, https:\/\/dioceseteixeiradefreitas.com.br\/wp-content\/uploads\/2022\/11\/WhatsApp-Image-2022-11-24-at-19.36.24-1-1-768x960.jpeg 768w, https:\/\/dioceseteixeiradefreitas.com.br\/wp-content\/uploads\/2022\/11\/WhatsApp-Image-2022-11-24-at-19.36.24-1-1.jpeg 1080w\" sizes=\"auto, (max-width: 819px) 100vw, 819px\" \/><\/a><\/figure>\n\n\n\n<figure class=\"wp-block-image size-large\"><a href=\"https:\/\/dioceseteixeiradefreitas.com.br\/wp-content\/uploads\/2022\/11\/WhatsApp-Image-2022-11-24-at-19.36.24-2-1.jpeg\"><img loading=\"lazy\" decoding=\"async\" width=\"819\" height=\"1024\" data-id=\"18332\" src=\"https:\/\/dioceseteixeiradefreitas.com.br\/wp-content\/uploads\/2022\/11\/WhatsApp-Image-2022-11-24-at-19.36.24-2-1-819x1024.jpeg\" alt=\"\" class=\"wp-image-18332\" srcset=\"https:\/\/dioceseteixeiradefreitas.com.br\/wp-content\/uploads\/2022\/11\/WhatsApp-Image-2022-11-24-at-19.36.24-2-1-819x1024.jpeg 819w, https:\/\/dioceseteixeiradefreitas.com.br\/wp-content\/uploads\/2022\/11\/WhatsApp-Image-2022-11-24-at-19.36.24-2-1-240x300.jpeg 240w, https:\/\/dioceseteixeiradefreitas.com.br\/wp-content\/uploads\/2022\/11\/WhatsApp-Image-2022-11-24-at-19.36.24-2-1-768x960.jpeg 768w, https:\/\/dioceseteixeiradefreitas.com.br\/wp-content\/uploads\/2022\/11\/WhatsApp-Image-2022-11-24-at-19.36.24-2-1.jpeg 1080w\" sizes=\"auto, (max-width: 819px) 100vw, 819px\" \/><\/a><\/figure>\n\n\n\n<figure class=\"wp-block-image size-large\"><a href=\"https:\/\/dioceseteixeiradefreitas.com.br\/wp-content\/uploads\/2022\/11\/WhatsApp-Image-2022-11-24-at-19.36.24-3.jpeg\"><img loading=\"lazy\" decoding=\"async\" width=\"819\" height=\"1024\" data-id=\"18334\" src=\"https:\/\/dioceseteixeiradefreitas.com.br\/wp-content\/uploads\/2022\/11\/WhatsApp-Image-2022-11-24-at-19.36.24-3-819x1024.jpeg\" alt=\"\" class=\"wp-image-18334\" srcset=\"https:\/\/dioceseteixeiradefreitas.com.br\/wp-content\/uploads\/2022\/11\/WhatsApp-Image-2022-11-24-at-19.36.24-3-819x1024.jpeg 819w, https:\/\/dioceseteixeiradefreitas.com.br\/wp-content\/uploads\/2022\/11\/WhatsApp-Image-2022-11-24-at-19.36.24-3-240x300.jpeg 240w, https:\/\/dioceseteixeiradefreitas.com.br\/wp-content\/uploads\/2022\/11\/WhatsApp-Image-2022-11-24-at-19.36.24-3-768x960.jpeg 768w, https:\/\/dioceseteixeiradefreitas.com.br\/wp-content\/uploads\/2022\/11\/WhatsApp-Image-2022-11-24-at-19.36.24-3.jpeg 1080w\" sizes=\"auto, (max-width: 819px) 100vw, 819px\" \/><\/a><\/figure>\n\n\n\n<figure class=\"wp-block-image size-large\"><a href=\"https:\/\/dioceseteixeiradefreitas.com.br\/wp-content\/uploads\/2022\/11\/WhatsApp-Image-2022-11-24-at-19.36.25-1-1.jpeg\"><img loading=\"lazy\" decoding=\"async\" width=\"767\" height=\"1024\" data-id=\"18333\" src=\"https:\/\/dioceseteixeiradefreitas.com.br\/wp-content\/uploads\/2022\/11\/WhatsApp-Image-2022-11-24-at-19.36.25-1-1-767x1024.jpeg\" alt=\"\" class=\"wp-image-18333\" srcset=\"https:\/\/dioceseteixeiradefreitas.com.br\/wp-content\/uploads\/2022\/11\/WhatsApp-Image-2022-11-24-at-19.36.25-1-1-767x1024.jpeg 767w, https:\/\/dioceseteixeiradefreitas.com.br\/wp-content\/uploads\/2022\/11\/WhatsApp-Image-2022-11-24-at-19.36.25-1-1-225x300.jpeg 225w, https:\/\/dioceseteixeiradefreitas.com.br\/wp-content\/uploads\/2022\/11\/WhatsApp-Image-2022-11-24-at-19.36.25-1-1-768x1025.jpeg 768w, https:\/\/dioceseteixeiradefreitas.com.br\/wp-content\/uploads\/2022\/11\/WhatsApp-Image-2022-11-24-at-19.36.25-1-1-1151x1536.jpeg 1151w, https:\/\/dioceseteixeiradefreitas.com.br\/wp-content\/uploads\/2022\/11\/WhatsApp-Image-2022-11-24-at-19.36.25-1-1.jpeg 1199w\" sizes=\"auto, (max-width: 767px) 100vw, 767px\" \/><\/a><\/figure>\n\n\n\n<figure class=\"wp-block-image size-large\"><a href=\"https:\/\/dioceseteixeiradefreitas.com.br\/wp-content\/uploads\/2022\/11\/WhatsApp-Image-2022-11-24-at-19.36.25-2.jpeg\"><img loading=\"lazy\" decoding=\"async\" width=\"819\" height=\"1024\" data-id=\"18331\" src=\"https:\/\/dioceseteixeiradefreitas.com.br\/wp-content\/uploads\/2022\/11\/WhatsApp-Image-2022-11-24-at-19.36.25-2-819x1024.jpeg\" alt=\"\" class=\"wp-image-18331\" srcset=\"https:\/\/dioceseteixeiradefreitas.com.br\/wp-content\/uploads\/2022\/11\/WhatsApp-Image-2022-11-24-at-19.36.25-2-819x1024.jpeg 819w, https:\/\/dioceseteixeiradefreitas.com.br\/wp-content\/uploads\/2022\/11\/WhatsApp-Image-2022-11-24-at-19.36.25-2-240x300.jpeg 240w, https:\/\/dioceseteixeiradefreitas.com.br\/wp-content\/uploads\/2022\/11\/WhatsApp-Image-2022-11-24-at-19.36.25-2-768x960.jpeg 768w, https:\/\/dioceseteixeiradefreitas.com.br\/wp-content\/uploads\/2022\/11\/WhatsApp-Image-2022-11-24-at-19.36.25-2.jpeg 1080w\" sizes=\"auto, (max-width: 819px) 100vw, 819px\" \/><\/a><\/figure>\n\n\n\n<figure class=\"wp-block-image size-large\"><a href=\"https:\/\/dioceseteixeiradefreitas.com.br\/wp-content\/uploads\/2022\/11\/WhatsApp-Image-2022-11-24-at-19.36.26-1-1.jpeg\"><img loading=\"lazy\" decoding=\"async\" width=\"768\" height=\"1024\" data-id=\"18335\" src=\"https:\/\/dioceseteixeiradefreitas.com.br\/wp-content\/uploads\/2022\/11\/WhatsApp-Image-2022-11-24-at-19.36.26-1-1-768x1024.jpeg\" alt=\"\" class=\"wp-image-18335\" srcset=\"https:\/\/dioceseteixeiradefreitas.com.br\/wp-content\/uploads\/2022\/11\/WhatsApp-Image-2022-11-24-at-19.36.26-1-1-768x1024.jpeg 768w, https:\/\/dioceseteixeiradefreitas.com.br\/wp-content\/uploads\/2022\/11\/WhatsApp-Image-2022-11-24-at-19.36.26-1-1-225x300.jpeg 225w, https:\/\/dioceseteixeiradefreitas.com.br\/wp-content\/uploads\/2022\/11\/WhatsApp-Image-2022-11-24-at-19.36.26-1-1-1152x1536.jpeg 1152w, https:\/\/dioceseteixeiradefreitas.com.br\/wp-content\/uploads\/2022\/11\/WhatsApp-Image-2022-11-24-at-19.36.26-1-1.jpeg 1200w\" sizes=\"auto, (max-width: 768px) 100vw, 768px\" \/><\/a><\/figure>\n\n\n\n<figure class=\"wp-block-image size-large\"><a href=\"https:\/\/dioceseteixeiradefreitas.com.br\/wp-content\/uploads\/2022\/11\/WhatsApp-Image-2022-11-24-at-19.36.26-2-1.jpeg\"><img loading=\"lazy\" decoding=\"async\" width=\"768\" height=\"1024\" data-id=\"18329\" src=\"https:\/\/dioceseteixeiradefreitas.com.br\/wp-content\/uploads\/2022\/11\/WhatsApp-Image-2022-11-24-at-19.36.26-2-1-768x1024.jpeg\" alt=\"\" class=\"wp-image-18329\" srcset=\"https:\/\/dioceseteixeiradefreitas.com.br\/wp-content\/uploads\/2022\/11\/WhatsApp-Image-2022-11-24-at-19.36.26-2-1-768x1024.jpeg 768w, https:\/\/dioceseteixeiradefreitas.com.br\/wp-content\/uploads\/2022\/11\/WhatsApp-Image-2022-11-24-at-19.36.26-2-1-225x300.jpeg 225w, https:\/\/dioceseteixeiradefreitas.com.br\/wp-content\/uploads\/2022\/11\/WhatsApp-Image-2022-11-24-at-19.36.26-2-1-1152x1536.jpeg 1152w, https:\/\/dioceseteixeiradefreitas.com.br\/wp-content\/uploads\/2022\/11\/WhatsApp-Image-2022-11-24-at-19.36.26-2-1.jpeg 1200w\" sizes=\"auto, (max-width: 768px) 100vw, 768px\" \/><\/a><\/figure>\n\n\n\n<figure class=\"wp-block-image size-large\"><a href=\"https:\/\/dioceseteixeiradefreitas.com.br\/wp-content\/uploads\/2022\/11\/WhatsApp-Image-2022-11-24-at-19.36.26-3.jpeg\"><img loading=\"lazy\" decoding=\"async\" width=\"768\" height=\"1024\" data-id=\"18336\" src=\"https:\/\/dioceseteixeiradefreitas.com.br\/wp-content\/uploads\/2022\/11\/WhatsApp-Image-2022-11-24-at-19.36.26-3-768x1024.jpeg\" alt=\"\" class=\"wp-image-18336\" srcset=\"https:\/\/dioceseteixeiradefreitas.com.br\/wp-content\/uploads\/2022\/11\/WhatsApp-Image-2022-11-24-at-19.36.26-3-768x1024.jpeg 768w, https:\/\/dioceseteixeiradefreitas.com.br\/wp-content\/uploads\/2022\/11\/WhatsApp-Image-2022-11-24-at-19.36.26-3-225x300.jpeg 225w, https:\/\/dioceseteixeiradefreitas.com.br\/wp-content\/uploads\/2022\/11\/WhatsApp-Image-2022-11-24-at-19.36.26-3-1152x1536.jpeg 1152w, https:\/\/dioceseteixeiradefreitas.com.br\/wp-content\/uploads\/2022\/11\/WhatsApp-Image-2022-11-24-at-19.36.26-3.jpeg 1200w\" sizes=\"auto, (max-width: 768px) 100vw, 768px\" \/><\/a><\/figure>\n\n\n\n<figure class=\"wp-block-image size-large\"><a href=\"https:\/\/dioceseteixeiradefreitas.com.br\/wp-content\/uploads\/2022\/11\/WhatsApp-Image-2022-11-24-at-19.36.27.jpeg\"><img loading=\"lazy\" decoding=\"async\" width=\"819\" height=\"1024\" data-id=\"18330\" src=\"https:\/\/dioceseteixeiradefreitas.com.br\/wp-content\/uploads\/2022\/11\/WhatsApp-Image-2022-11-24-at-19.36.27-819x1024.jpeg\" alt=\"\" class=\"wp-image-18330\" srcset=\"https:\/\/dioceseteixeiradefreitas.com.br\/wp-content\/uploads\/2022\/11\/WhatsApp-Image-2022-11-24-at-19.36.27-819x1024.jpeg 819w, https:\/\/dioceseteixeiradefreitas.com.br\/wp-content\/uploads\/2022\/11\/WhatsApp-Image-2022-11-24-at-19.36.27-240x300.jpeg 240w, https:\/\/dioceseteixeiradefreitas.com.br\/wp-content\/uploads\/2022\/11\/WhatsApp-Image-2022-11-24-at-19.36.27-768x960.jpeg 768w, https:\/\/dioceseteixeiradefreitas.com.br\/wp-content\/uploads\/2022\/11\/WhatsApp-Image-2022-11-24-at-19.36.27.jpeg 1080w\" sizes=\"auto, (max-width: 819px) 100vw, 819px\" \/><\/a><\/figure>\n\n\n\n<figure class=\"wp-block-image size-large\"><a href=\"https:\/\/dioceseteixeiradefreitas.com.br\/wp-content\/uploads\/2022\/11\/WhatsApp-Image-2022-11-24-at-19.37.54-1-1.jpeg\"><img loading=\"lazy\" decoding=\"async\" width=\"819\" height=\"1024\" data-id=\"18337\" src=\"https:\/\/dioceseteixeiradefreitas.com.br\/wp-content\/uploads\/2022\/11\/WhatsApp-Image-2022-11-24-at-19.37.54-1-1-819x1024.jpeg\" alt=\"\" class=\"wp-image-18337\" srcset=\"https:\/\/dioceseteixeiradefreitas.com.br\/wp-content\/uploads\/2022\/11\/WhatsApp-Image-2022-11-24-at-19.37.54-1-1-819x1024.jpeg 819w, https:\/\/dioceseteixeiradefreitas.com.br\/wp-content\/uploads\/2022\/11\/WhatsApp-Image-2022-11-24-at-19.37.54-1-1-240x300.jpeg 240w, https:\/\/dioceseteixeiradefreitas.com.br\/wp-content\/uploads\/2022\/11\/WhatsApp-Image-2022-11-24-at-19.37.54-1-1-768x960.jpeg 768w, https:\/\/dioceseteixeiradefreitas.com.br\/wp-content\/uploads\/2022\/11\/WhatsApp-Image-2022-11-24-at-19.37.54-1-1.jpeg 1080w\" sizes=\"auto, (max-width: 819px) 100vw, 819px\" \/><\/a><\/figure>\n\n\n\n<figure class=\"wp-block-image size-large\"><a href=\"https:\/\/dioceseteixeiradefreitas.com.br\/wp-content\/uploads\/2022\/11\/WhatsApp-Image-2022-11-24-at-19.37.54-2.jpeg\"><img loading=\"lazy\" decoding=\"async\" width=\"768\" height=\"1024\" data-id=\"18338\" src=\"https:\/\/dioceseteixeiradefreitas.com.br\/wp-content\/uploads\/2022\/11\/WhatsApp-Image-2022-11-24-at-19.37.54-2-768x1024.jpeg\" alt=\"\" class=\"wp-image-18338\" srcset=\"https:\/\/dioceseteixeiradefreitas.com.br\/wp-content\/uploads\/2022\/11\/WhatsApp-Image-2022-11-24-at-19.37.54-2-768x1024.jpeg 768w, https:\/\/dioceseteixeiradefreitas.com.br\/wp-content\/uploads\/2022\/11\/WhatsApp-Image-2022-11-24-at-19.37.54-2-225x300.jpeg 225w, https:\/\/dioceseteixeiradefreitas.com.br\/wp-content\/uploads\/2022\/11\/WhatsApp-Image-2022-11-24-at-19.37.54-2-1152x1536.jpeg 1152w, https:\/\/dioceseteixeiradefreitas.com.br\/wp-content\/uploads\/2022\/11\/WhatsApp-Image-2022-11-24-at-19.37.54-2.jpeg 1200w\" sizes=\"auto, (max-width: 768px) 100vw, 768px\" \/><\/a><\/figure>\n<\/figure>\n<\/div>\n<\/div>\n\n\n\n<p><\/p>\n\n\n\n<p><strong>Texto e Fotos:<\/strong> PASCOM Quase Par\u00f3quia Cristo Rei do Universo<\/p>\n","protected":false},"excerpt":{"rendered":"<p>A Quase Par\u00f3quia Cristo Rei, situada no Bairro Cristo Redentor na cidade de Itamaraju-BA viveu celebrou mais um noven\u00e1rio e festa em honra ao seu padroeiro, Cristo Rei do Universo. Neste ano toda a comunidade foi convidada a refletir o tema: \u201cEu estou no meio de v\u00f3s como aquele que serve\u201d do evangelho de S\u00e3o &hellip;<\/p>\n","protected":false},"author":24,"featured_media":18337,"comment_status":"closed","ping_status":"closed","sticky":false,"template":"","format":"standard","meta":{"footnotes":""},"categories":[310],"tags":[207,349],"class_list":["post-18302","post","type-post","status-publish","format-standard","has-post-thumbnail","hentry","category-noticias-paroquiais","tag-novenario","tag-quase-paroquia-cristo-rei-do-universo"],"_links":{"self":[{"href":"https:\/\/dioceseteixeiradefreitas.com.br\/index.php?rest_route=\/wp\/v2\/posts\/18302","targetHints":{"allow":["GET"]}}],"collection":[{"href":"https:\/\/dioceseteixeiradefreitas.com.br\/index.php?rest_route=\/wp\/v2\/posts"}],"about":[{"href":"https:\/\/dioceseteixeiradefreitas.com.br\/index.php?rest_route=\/wp\/v2\/types\/post"}],"author":[{"embeddable":true,"href":"https:\/\/dioceseteixeiradefreitas.com.br\/index.php?rest_route=\/wp\/v2\/users\/24"}],"replies":[{"embeddable":true,"href":"https:\/\/dioceseteixeiradefreitas.com.br\/index.php?rest_route=%2Fwp%2Fv2%2Fcomments&post=18302"}],"version-history":[{"count":1,"href":"https:\/\/dioceseteixeiradefreitas.com.br\/index.php?rest_route=\/wp\/v2\/posts\/18302\/revisions"}],"predecessor-version":[{"id":18340,"href":"https:\/\/dioceseteixeiradefreitas.com.br\/index.php?rest_route=\/wp\/v2\/posts\/18302\/revisions\/18340"}],"wp:featuredmedia":[{"embeddable":true,"href":"https:\/\/dioceseteixeiradefreitas.com.br\/index.php?rest_route=\/wp\/v2\/media\/18337"}],"wp:attachment":[{"href":"https:\/\/dioceseteixeiradefreitas.com.br\/index.php?rest_route=%2Fwp%2Fv2%2Fmedia&parent=18302"}],"wp:term":[{"taxonomy":"category","embeddable":true,"href":"https:\/\/dioceseteixeiradefreitas.com.br\/index.php?rest_route=%2Fwp%2Fv2%2Fcategories&post=18302"},{"taxonomy":"post_tag","embeddable":true,"href":"https:\/\/dioceseteixeiradefreitas.com.br\/index.php?rest_route=%2Fwp%2Fv2%2Ftags&post=18302"}],"curies":[{"name":"wp","href":"https:\/\/api.w.org\/{rel}","templated":true}]}}