{"id":18355,"date":"2022-11-24T20:03:08","date_gmt":"2022-11-24T23:03:08","guid":{"rendered":"https:\/\/dioceseteixeiradefreitas.com.br\/?p=18355"},"modified":"2022-11-24T20:03:10","modified_gmt":"2022-11-24T23:03:10","slug":"clero-diocesano-reune-se-para-vivenciar-momento-de-formacao","status":"publish","type":"post","link":"https:\/\/dioceseteixeiradefreitas.com.br\/?p=18355","title":{"rendered":"Clero diocesano re\u00fane-se para vivenciar momento de forma\u00e7\u00e3o"},"content":{"rendered":"\n<p>Nesta semana, nos dias 22 e 23 de novembro de 2022, o clero da nossa Diocese reuniu-se para vivenciar um momento formativo. O encontro aconteceu no Centro Diocesano de Forma\u00e7\u00e3o, situado na cidade de Teixeira de Freitas \/ BA, e trabalhou diversos temas, como: a vida do Presb\u00edtero, atividades pastorais e administrativas.<\/p>\n\n\n\n<figure class=\"wp-block-gallery has-nested-images columns-default is-cropped wp-block-gallery-1 is-layout-flex wp-block-gallery-is-layout-flex\">\n<figure class=\"wp-block-image size-large\"><a href=\"https:\/\/dioceseteixeiradefreitas.com.br\/wp-content\/uploads\/2022\/11\/WhatsApp-Image-2022-11-24-at-20.00.59.jpeg\"><img loading=\"lazy\" decoding=\"async\" width=\"1024\" height=\"768\" data-id=\"18378\" src=\"https:\/\/dioceseteixeiradefreitas.com.br\/wp-content\/uploads\/2022\/11\/WhatsApp-Image-2022-11-24-at-20.00.59-1024x768.jpeg\" alt=\"\" class=\"wp-image-18378\" srcset=\"https:\/\/dioceseteixeiradefreitas.com.br\/wp-content\/uploads\/2022\/11\/WhatsApp-Image-2022-11-24-at-20.00.59-1024x768.jpeg 1024w, https:\/\/dioceseteixeiradefreitas.com.br\/wp-content\/uploads\/2022\/11\/WhatsApp-Image-2022-11-24-at-20.00.59-300x225.jpeg 300w, https:\/\/dioceseteixeiradefreitas.com.br\/wp-content\/uploads\/2022\/11\/WhatsApp-Image-2022-11-24-at-20.00.59-768x576.jpeg 768w, https:\/\/dioceseteixeiradefreitas.com.br\/wp-content\/uploads\/2022\/11\/WhatsApp-Image-2022-11-24-at-20.00.59.jpeg 1280w\" sizes=\"auto, (max-width: 1024px) 100vw, 1024px\" \/><\/a><\/figure>\n\n\n\n<figure class=\"wp-block-image size-large\"><a href=\"https:\/\/dioceseteixeiradefreitas.com.br\/wp-content\/uploads\/2022\/11\/WhatsApp-Image-2022-11-24-at-20.00.59-1.jpeg\"><img loading=\"lazy\" decoding=\"async\" width=\"768\" height=\"1024\" data-id=\"18380\" src=\"https:\/\/dioceseteixeiradefreitas.com.br\/wp-content\/uploads\/2022\/11\/WhatsApp-Image-2022-11-24-at-20.00.59-1-768x1024.jpeg\" alt=\"\" class=\"wp-image-18380\" srcset=\"https:\/\/dioceseteixeiradefreitas.com.br\/wp-content\/uploads\/2022\/11\/WhatsApp-Image-2022-11-24-at-20.00.59-1-768x1024.jpeg 768w, https:\/\/dioceseteixeiradefreitas.com.br\/wp-content\/uploads\/2022\/11\/WhatsApp-Image-2022-11-24-at-20.00.59-1-225x300.jpeg 225w, https:\/\/dioceseteixeiradefreitas.com.br\/wp-content\/uploads\/2022\/11\/WhatsApp-Image-2022-11-24-at-20.00.59-1.jpeg 960w\" sizes=\"auto, (max-width: 768px) 100vw, 768px\" \/><\/a><\/figure>\n\n\n\n<figure class=\"wp-block-image size-large\"><a href=\"https:\/\/dioceseteixeiradefreitas.com.br\/wp-content\/uploads\/2022\/11\/WhatsApp-Image-2022-11-24-at-20.01.00.jpeg\"><img loading=\"lazy\" decoding=\"async\" width=\"1024\" height=\"768\" data-id=\"18382\" src=\"https:\/\/dioceseteixeiradefreitas.com.br\/wp-content\/uploads\/2022\/11\/WhatsApp-Image-2022-11-24-at-20.01.00-1024x768.jpeg\" alt=\"\" class=\"wp-image-18382\" srcset=\"https:\/\/dioceseteixeiradefreitas.com.br\/wp-content\/uploads\/2022\/11\/WhatsApp-Image-2022-11-24-at-20.01.00-1024x768.jpeg 1024w, https:\/\/dioceseteixeiradefreitas.com.br\/wp-content\/uploads\/2022\/11\/WhatsApp-Image-2022-11-24-at-20.01.00-300x225.jpeg 300w, https:\/\/dioceseteixeiradefreitas.com.br\/wp-content\/uploads\/2022\/11\/WhatsApp-Image-2022-11-24-at-20.01.00-768x576.jpeg 768w, https:\/\/dioceseteixeiradefreitas.com.br\/wp-content\/uploads\/2022\/11\/WhatsApp-Image-2022-11-24-at-20.01.00.jpeg 1280w\" sizes=\"auto, (max-width: 1024px) 100vw, 1024px\" \/><\/a><\/figure>\n\n\n\n<figure class=\"wp-block-image size-large\"><a href=\"https:\/\/dioceseteixeiradefreitas.com.br\/wp-content\/uploads\/2022\/11\/WhatsApp-Image-2022-11-24-at-20.01.00-1.jpeg\"><img loading=\"lazy\" decoding=\"async\" width=\"768\" height=\"1024\" data-id=\"18381\" src=\"https:\/\/dioceseteixeiradefreitas.com.br\/wp-content\/uploads\/2022\/11\/WhatsApp-Image-2022-11-24-at-20.01.00-1-768x1024.jpeg\" alt=\"\" class=\"wp-image-18381\" srcset=\"https:\/\/dioceseteixeiradefreitas.com.br\/wp-content\/uploads\/2022\/11\/WhatsApp-Image-2022-11-24-at-20.01.00-1-768x1024.jpeg 768w, https:\/\/dioceseteixeiradefreitas.com.br\/wp-content\/uploads\/2022\/11\/WhatsApp-Image-2022-11-24-at-20.01.00-1-225x300.jpeg 225w, https:\/\/dioceseteixeiradefreitas.com.br\/wp-content\/uploads\/2022\/11\/WhatsApp-Image-2022-11-24-at-20.01.00-1.jpeg 960w\" sizes=\"auto, (max-width: 768px) 100vw, 768px\" \/><\/a><\/figure>\n\n\n\n<figure class=\"wp-block-image size-large\"><a href=\"https:\/\/dioceseteixeiradefreitas.com.br\/wp-content\/uploads\/2022\/11\/WhatsApp-Image-2022-11-24-at-20.01.00-2.jpeg\"><img loading=\"lazy\" decoding=\"async\" width=\"768\" height=\"1024\" data-id=\"18379\" src=\"https:\/\/dioceseteixeiradefreitas.com.br\/wp-content\/uploads\/2022\/11\/WhatsApp-Image-2022-11-24-at-20.01.00-2-768x1024.jpeg\" alt=\"\" class=\"wp-image-18379\" srcset=\"https:\/\/dioceseteixeiradefreitas.com.br\/wp-content\/uploads\/2022\/11\/WhatsApp-Image-2022-11-24-at-20.01.00-2-768x1024.jpeg 768w, https:\/\/dioceseteixeiradefreitas.com.br\/wp-content\/uploads\/2022\/11\/WhatsApp-Image-2022-11-24-at-20.01.00-2-225x300.jpeg 225w, https:\/\/dioceseteixeiradefreitas.com.br\/wp-content\/uploads\/2022\/11\/WhatsApp-Image-2022-11-24-at-20.01.00-2.jpeg 960w\" sizes=\"auto, (max-width: 768px) 100vw, 768px\" \/><\/a><\/figure>\n<\/figure>\n","protected":false},"excerpt":{"rendered":"<p>Nesta semana, nos dias 22 e 23 de novembro de 2022, o clero da nossa Diocese reuniu-se para vivenciar um momento formativo. O encontro aconteceu no Centro Diocesano de Forma\u00e7\u00e3o, situado na cidade de Teixeira de Freitas \/ BA, e trabalhou diversos temas, como: a vida do Presb\u00edtero, atividades pastorais e administrativas.<\/p>\n","protected":false},"author":24,"featured_media":18381,"comment_status":"closed","ping_status":"closed","sticky":false,"template":"","format":"standard","meta":{"footnotes":""},"categories":[100],"tags":[362,361],"class_list":["post-18355","post","type-post","status-publish","format-standard","has-post-thumbnail","hentry","category-noticias-diocesanas","tag-clero","tag-formacao-do-clero"],"_links":{"self":[{"href":"https:\/\/dioceseteixeiradefreitas.com.br\/index.php?rest_route=\/wp\/v2\/posts\/18355","targetHints":{"allow":["GET"]}}],"collection":[{"href":"https:\/\/dioceseteixeiradefreitas.com.br\/index.php?rest_route=\/wp\/v2\/posts"}],"about":[{"href":"https:\/\/dioceseteixeiradefreitas.com.br\/index.php?rest_route=\/wp\/v2\/types\/post"}],"author":[{"embeddable":true,"href":"https:\/\/dioceseteixeiradefreitas.com.br\/index.php?rest_route=\/wp\/v2\/users\/24"}],"replies":[{"embeddable":true,"href":"https:\/\/dioceseteixeiradefreitas.com.br\/index.php?rest_route=%2Fwp%2Fv2%2Fcomments&post=18355"}],"version-history":[{"count":1,"href":"https:\/\/dioceseteixeiradefreitas.com.br\/index.php?rest_route=\/wp\/v2\/posts\/18355\/revisions"}],"predecessor-version":[{"id":18383,"href":"https:\/\/dioceseteixeiradefreitas.com.br\/index.php?rest_route=\/wp\/v2\/posts\/18355\/revisions\/18383"}],"wp:featuredmedia":[{"embeddable":true,"href":"https:\/\/dioceseteixeiradefreitas.com.br\/index.php?rest_route=\/wp\/v2\/media\/18381"}],"wp:attachment":[{"href":"https:\/\/dioceseteixeiradefreitas.com.br\/index.php?rest_route=%2Fwp%2Fv2%2Fmedia&parent=18355"}],"wp:term":[{"taxonomy":"category","embeddable":true,"href":"https:\/\/dioceseteixeiradefreitas.com.br\/index.php?rest_route=%2Fwp%2Fv2%2Fcategories&post=18355"},{"taxonomy":"post_tag","embeddable":true,"href":"https:\/\/dioceseteixeiradefreitas.com.br\/index.php?rest_route=%2Fwp%2Fv2%2Ftags&post=18355"}],"curies":[{"name":"wp","href":"https:\/\/api.w.org\/{rel}","templated":true}]}}