{"id":18406,"date":"2022-11-28T19:26:12","date_gmt":"2022-11-28T22:26:12","guid":{"rendered":"https:\/\/dioceseteixeiradefreitas.com.br\/?p=18406"},"modified":"2022-11-28T19:26:14","modified_gmt":"2022-11-28T22:26:14","slug":"coordenacao-diocesana-realiza-lancamento-do-manual-dos-mesces-na-forania-santos-cosme-e-damiao","status":"publish","type":"post","link":"https:\/\/dioceseteixeiradefreitas.com.br\/?p=18406","title":{"rendered":"Coordena\u00e7\u00e3o Diocesana realiza lan\u00e7amento do Manual dos MESCES na Forania Santos Cosme e Dami\u00e3o"},"content":{"rendered":"\n<p>Aconteceu no dia 24\/11\/2022 na Forania Santos Cosme e Dami\u00e3o, na Igreja Matriz de S\u00e3o Cosme e Dami\u00e3o o lan\u00e7amento do Manual do MESCE da Diocese. O Evento teve in\u00edcio com a Santa Missa com a participa\u00e7\u00e3o dos Ministros Extraordin\u00e1rios da Comunh\u00e3o Eucar\u00edstica das Par\u00f3quias Nossa Senhora de F\u00e1tima, S\u00e3o Cosme e Dami\u00e3o e da Quase Par\u00f3quia Cristo Rei.<br><\/p>\n\n\n\n<p>Ap\u00f3s a Missa, no Centro de Evangeliza\u00e7\u00e3o da Par\u00f3quia, a Coordenadora diocesana dos MESCE, Adriana Cangu\u00e7u, apresentou o manual dizendo que \u00e9 a realiza\u00e7\u00e3o de um desejo do Bispo Dom Jailton desde que chegou nesta Diocese.<br><\/p>\n\n\n\n<p>&#8220;Meu desejo \u00e9 que voc\u00eas possam viver este minist\u00e9rio com o cora\u00e7\u00e3o, pois toca com as m\u00e3os em Jesus o filho de Deus encarnado. Que gra\u00e7a imensur\u00e1vel&#8221;, diz Dom Jailton.<br><\/p>\n\n\n\n<p>Frei Vande\u00ed falou da alegria e admira\u00e7\u00e3o por ver concretizado esse projeto que nortear\u00e1 a atua\u00e7\u00e3o dos MESCE&#8217;s.<\/p>\n\n\n\n<p><strong>Confira as fotos:<\/strong><\/p>\n\n\n\n<figure class=\"wp-block-gallery has-nested-images columns-default is-cropped wp-block-gallery-1 is-layout-flex wp-block-gallery-is-layout-flex\">\n<figure class=\"wp-block-image size-large\"><a href=\"https:\/\/dioceseteixeiradefreitas.com.br\/wp-content\/uploads\/2022\/11\/IMG-20221128-WA0035.jpg\"><img loading=\"lazy\" decoding=\"async\" width=\"768\" height=\"1024\" data-id=\"18408\" src=\"https:\/\/dioceseteixeiradefreitas.com.br\/wp-content\/uploads\/2022\/11\/IMG-20221128-WA0035-768x1024.jpg\" alt=\"\" class=\"wp-image-18408\" srcset=\"https:\/\/dioceseteixeiradefreitas.com.br\/wp-content\/uploads\/2022\/11\/IMG-20221128-WA0035-768x1024.jpg 768w, https:\/\/dioceseteixeiradefreitas.com.br\/wp-content\/uploads\/2022\/11\/IMG-20221128-WA0035-225x300.jpg 225w, https:\/\/dioceseteixeiradefreitas.com.br\/wp-content\/uploads\/2022\/11\/IMG-20221128-WA0035-1152x1536.jpg 1152w, https:\/\/dioceseteixeiradefreitas.com.br\/wp-content\/uploads\/2022\/11\/IMG-20221128-WA0035.jpg 1200w\" sizes=\"auto, (max-width: 768px) 100vw, 768px\" \/><\/a><\/figure>\n\n\n\n<figure class=\"wp-block-image size-large\"><a href=\"https:\/\/dioceseteixeiradefreitas.com.br\/wp-content\/uploads\/2022\/11\/IMG-20221128-WA0038.jpg\"><img loading=\"lazy\" decoding=\"async\" width=\"768\" height=\"1024\" data-id=\"18412\" src=\"https:\/\/dioceseteixeiradefreitas.com.br\/wp-content\/uploads\/2022\/11\/IMG-20221128-WA0038-768x1024.jpg\" alt=\"\" class=\"wp-image-18412\" srcset=\"https:\/\/dioceseteixeiradefreitas.com.br\/wp-content\/uploads\/2022\/11\/IMG-20221128-WA0038-768x1024.jpg 768w, https:\/\/dioceseteixeiradefreitas.com.br\/wp-content\/uploads\/2022\/11\/IMG-20221128-WA0038-225x300.jpg 225w, https:\/\/dioceseteixeiradefreitas.com.br\/wp-content\/uploads\/2022\/11\/IMG-20221128-WA0038-1152x1536.jpg 1152w, https:\/\/dioceseteixeiradefreitas.com.br\/wp-content\/uploads\/2022\/11\/IMG-20221128-WA0038.jpg 1200w\" sizes=\"auto, (max-width: 768px) 100vw, 768px\" \/><\/a><\/figure>\n\n\n\n<figure class=\"wp-block-image size-large\"><a href=\"https:\/\/dioceseteixeiradefreitas.com.br\/wp-content\/uploads\/2022\/11\/IMG-20221128-WA0040.jpg\"><img loading=\"lazy\" decoding=\"async\" width=\"768\" height=\"1024\" data-id=\"18409\" src=\"https:\/\/dioceseteixeiradefreitas.com.br\/wp-content\/uploads\/2022\/11\/IMG-20221128-WA0040-768x1024.jpg\" alt=\"\" class=\"wp-image-18409\" srcset=\"https:\/\/dioceseteixeiradefreitas.com.br\/wp-content\/uploads\/2022\/11\/IMG-20221128-WA0040-768x1024.jpg 768w, https:\/\/dioceseteixeiradefreitas.com.br\/wp-content\/uploads\/2022\/11\/IMG-20221128-WA0040-225x300.jpg 225w, https:\/\/dioceseteixeiradefreitas.com.br\/wp-content\/uploads\/2022\/11\/IMG-20221128-WA0040-1152x1536.jpg 1152w, https:\/\/dioceseteixeiradefreitas.com.br\/wp-content\/uploads\/2022\/11\/IMG-20221128-WA0040.jpg 1200w\" sizes=\"auto, (max-width: 768px) 100vw, 768px\" \/><\/a><\/figure>\n\n\n\n<figure class=\"wp-block-image size-large\"><a href=\"https:\/\/dioceseteixeiradefreitas.com.br\/wp-content\/uploads\/2022\/11\/IMG-20221128-WA0034.jpg\"><img loading=\"lazy\" decoding=\"async\" width=\"768\" height=\"1024\" data-id=\"18411\" src=\"https:\/\/dioceseteixeiradefreitas.com.br\/wp-content\/uploads\/2022\/11\/IMG-20221128-WA0034-768x1024.jpg\" alt=\"\" class=\"wp-image-18411\" srcset=\"https:\/\/dioceseteixeiradefreitas.com.br\/wp-content\/uploads\/2022\/11\/IMG-20221128-WA0034-768x1024.jpg 768w, https:\/\/dioceseteixeiradefreitas.com.br\/wp-content\/uploads\/2022\/11\/IMG-20221128-WA0034-225x300.jpg 225w, https:\/\/dioceseteixeiradefreitas.com.br\/wp-content\/uploads\/2022\/11\/IMG-20221128-WA0034-1152x1536.jpg 1152w, https:\/\/dioceseteixeiradefreitas.com.br\/wp-content\/uploads\/2022\/11\/IMG-20221128-WA0034.jpg 1200w\" sizes=\"auto, (max-width: 768px) 100vw, 768px\" \/><\/a><\/figure>\n\n\n\n<figure class=\"wp-block-image size-large\"><a href=\"https:\/\/dioceseteixeiradefreitas.com.br\/wp-content\/uploads\/2022\/11\/IMG-20221128-WA0041.jpg\"><img loading=\"lazy\" decoding=\"async\" width=\"768\" height=\"1024\" data-id=\"18410\" src=\"https:\/\/dioceseteixeiradefreitas.com.br\/wp-content\/uploads\/2022\/11\/IMG-20221128-WA0041-768x1024.jpg\" alt=\"\" class=\"wp-image-18410\" srcset=\"https:\/\/dioceseteixeiradefreitas.com.br\/wp-content\/uploads\/2022\/11\/IMG-20221128-WA0041-768x1024.jpg 768w, https:\/\/dioceseteixeiradefreitas.com.br\/wp-content\/uploads\/2022\/11\/IMG-20221128-WA0041-225x300.jpg 225w, https:\/\/dioceseteixeiradefreitas.com.br\/wp-content\/uploads\/2022\/11\/IMG-20221128-WA0041-1152x1536.jpg 1152w, https:\/\/dioceseteixeiradefreitas.com.br\/wp-content\/uploads\/2022\/11\/IMG-20221128-WA0041.jpg 1200w\" sizes=\"auto, (max-width: 768px) 100vw, 768px\" \/><\/a><\/figure>\n\n\n\n<figure class=\"wp-block-image size-large\"><a href=\"https:\/\/dioceseteixeiradefreitas.com.br\/wp-content\/uploads\/2022\/11\/IMG-20221128-WA0033.jpg\"><img loading=\"lazy\" decoding=\"async\" width=\"768\" height=\"1024\" data-id=\"18413\" src=\"https:\/\/dioceseteixeiradefreitas.com.br\/wp-content\/uploads\/2022\/11\/IMG-20221128-WA0033-768x1024.jpg\" alt=\"\" class=\"wp-image-18413\" srcset=\"https:\/\/dioceseteixeiradefreitas.com.br\/wp-content\/uploads\/2022\/11\/IMG-20221128-WA0033-768x1024.jpg 768w, https:\/\/dioceseteixeiradefreitas.com.br\/wp-content\/uploads\/2022\/11\/IMG-20221128-WA0033-225x300.jpg 225w, https:\/\/dioceseteixeiradefreitas.com.br\/wp-content\/uploads\/2022\/11\/IMG-20221128-WA0033-1152x1536.jpg 1152w, https:\/\/dioceseteixeiradefreitas.com.br\/wp-content\/uploads\/2022\/11\/IMG-20221128-WA0033.jpg 1200w\" sizes=\"auto, (max-width: 768px) 100vw, 768px\" \/><\/a><\/figure>\n\n\n\n<figure class=\"wp-block-image size-large\"><a href=\"https:\/\/dioceseteixeiradefreitas.com.br\/wp-content\/uploads\/2022\/11\/IMG-20221128-WA0042.jpg\"><img loading=\"lazy\" decoding=\"async\" width=\"768\" height=\"1024\" data-id=\"18417\" src=\"https:\/\/dioceseteixeiradefreitas.com.br\/wp-content\/uploads\/2022\/11\/IMG-20221128-WA0042-768x1024.jpg\" alt=\"\" class=\"wp-image-18417\" srcset=\"https:\/\/dioceseteixeiradefreitas.com.br\/wp-content\/uploads\/2022\/11\/IMG-20221128-WA0042-768x1024.jpg 768w, https:\/\/dioceseteixeiradefreitas.com.br\/wp-content\/uploads\/2022\/11\/IMG-20221128-WA0042-225x300.jpg 225w, https:\/\/dioceseteixeiradefreitas.com.br\/wp-content\/uploads\/2022\/11\/IMG-20221128-WA0042-1152x1536.jpg 1152w, https:\/\/dioceseteixeiradefreitas.com.br\/wp-content\/uploads\/2022\/11\/IMG-20221128-WA0042.jpg 1200w\" sizes=\"auto, (max-width: 768px) 100vw, 768px\" \/><\/a><\/figure>\n\n\n\n<figure class=\"wp-block-image size-large\"><a href=\"https:\/\/dioceseteixeiradefreitas.com.br\/wp-content\/uploads\/2022\/11\/IMG-20221128-WA0036.jpg\"><img loading=\"lazy\" decoding=\"async\" width=\"768\" height=\"1024\" data-id=\"18415\" src=\"https:\/\/dioceseteixeiradefreitas.com.br\/wp-content\/uploads\/2022\/11\/IMG-20221128-WA0036-768x1024.jpg\" alt=\"\" class=\"wp-image-18415\" srcset=\"https:\/\/dioceseteixeiradefreitas.com.br\/wp-content\/uploads\/2022\/11\/IMG-20221128-WA0036-768x1024.jpg 768w, https:\/\/dioceseteixeiradefreitas.com.br\/wp-content\/uploads\/2022\/11\/IMG-20221128-WA0036-225x300.jpg 225w, https:\/\/dioceseteixeiradefreitas.com.br\/wp-content\/uploads\/2022\/11\/IMG-20221128-WA0036-1152x1536.jpg 1152w, https:\/\/dioceseteixeiradefreitas.com.br\/wp-content\/uploads\/2022\/11\/IMG-20221128-WA0036.jpg 1200w\" sizes=\"auto, (max-width: 768px) 100vw, 768px\" \/><\/a><\/figure>\n\n\n\n<figure class=\"wp-block-image size-large\"><a href=\"https:\/\/dioceseteixeiradefreitas.com.br\/wp-content\/uploads\/2022\/11\/IMG-20221128-WA0039.jpg\"><img loading=\"lazy\" decoding=\"async\" width=\"768\" height=\"1024\" data-id=\"18416\" src=\"https:\/\/dioceseteixeiradefreitas.com.br\/wp-content\/uploads\/2022\/11\/IMG-20221128-WA0039-768x1024.jpg\" alt=\"\" class=\"wp-image-18416\" srcset=\"https:\/\/dioceseteixeiradefreitas.com.br\/wp-content\/uploads\/2022\/11\/IMG-20221128-WA0039-768x1024.jpg 768w, https:\/\/dioceseteixeiradefreitas.com.br\/wp-content\/uploads\/2022\/11\/IMG-20221128-WA0039-225x300.jpg 225w, https:\/\/dioceseteixeiradefreitas.com.br\/wp-content\/uploads\/2022\/11\/IMG-20221128-WA0039-1152x1536.jpg 1152w, https:\/\/dioceseteixeiradefreitas.com.br\/wp-content\/uploads\/2022\/11\/IMG-20221128-WA0039.jpg 1200w\" sizes=\"auto, (max-width: 768px) 100vw, 768px\" \/><\/a><\/figure>\n<\/figure>\n\n\n\n<p><\/p>\n\n\n\n<p><strong>Fotos e Texto: <\/strong>Coordena\u00e7\u00e3o Diocesana dos MESCE&#8217;s.<\/p>\n","protected":false},"excerpt":{"rendered":"<p>Aconteceu no dia 24\/11\/2022 na Forania Santos Cosme e Dami\u00e3o, na Igreja Matriz de S\u00e3o Cosme e Dami\u00e3o o lan\u00e7amento do Manual do MESCE da Diocese. O Evento teve in\u00edcio com a Santa Missa com a participa\u00e7\u00e3o dos Ministros Extraordin\u00e1rios da Comunh\u00e3o Eucar\u00edstica das Par\u00f3quias Nossa Senhora de F\u00e1tima, S\u00e3o Cosme e Dami\u00e3o e da &hellip;<\/p>\n","protected":false},"author":24,"featured_media":18408,"comment_status":"closed","ping_status":"closed","sticky":false,"template":"","format":"standard","meta":{"footnotes":""},"categories":[100],"tags":[1133,1128],"class_list":["post-18406","post","type-post","status-publish","format-standard","has-post-thumbnail","hentry","category-noticias-diocesanas","tag-forania-santos-cosme-e-damiao","tag-mesce"],"_links":{"self":[{"href":"https:\/\/dioceseteixeiradefreitas.com.br\/index.php?rest_route=\/wp\/v2\/posts\/18406","targetHints":{"allow":["GET"]}}],"collection":[{"href":"https:\/\/dioceseteixeiradefreitas.com.br\/index.php?rest_route=\/wp\/v2\/posts"}],"about":[{"href":"https:\/\/dioceseteixeiradefreitas.com.br\/index.php?rest_route=\/wp\/v2\/types\/post"}],"author":[{"embeddable":true,"href":"https:\/\/dioceseteixeiradefreitas.com.br\/index.php?rest_route=\/wp\/v2\/users\/24"}],"replies":[{"embeddable":true,"href":"https:\/\/dioceseteixeiradefreitas.com.br\/index.php?rest_route=%2Fwp%2Fv2%2Fcomments&post=18406"}],"version-history":[{"count":3,"href":"https:\/\/dioceseteixeiradefreitas.com.br\/index.php?rest_route=\/wp\/v2\/posts\/18406\/revisions"}],"predecessor-version":[{"id":18418,"href":"https:\/\/dioceseteixeiradefreitas.com.br\/index.php?rest_route=\/wp\/v2\/posts\/18406\/revisions\/18418"}],"wp:featuredmedia":[{"embeddable":true,"href":"https:\/\/dioceseteixeiradefreitas.com.br\/index.php?rest_route=\/wp\/v2\/media\/18408"}],"wp:attachment":[{"href":"https:\/\/dioceseteixeiradefreitas.com.br\/index.php?rest_route=%2Fwp%2Fv2%2Fmedia&parent=18406"}],"wp:term":[{"taxonomy":"category","embeddable":true,"href":"https:\/\/dioceseteixeiradefreitas.com.br\/index.php?rest_route=%2Fwp%2Fv2%2Fcategories&post=18406"},{"taxonomy":"post_tag","embeddable":true,"href":"https:\/\/dioceseteixeiradefreitas.com.br\/index.php?rest_route=%2Fwp%2Fv2%2Ftags&post=18406"}],"curies":[{"name":"wp","href":"https:\/\/api.w.org\/{rel}","templated":true}]}}