{"id":1857,"date":"2016-08-03T01:15:40","date_gmt":"2016-08-03T01:15:40","guid":{"rendered":"https:\/\/dioceseteixeiradefreitas.com.br\/?p=1857"},"modified":"2016-08-03T01:32:09","modified_gmt":"2016-08-03T01:32:09","slug":"dom-carlos-alberto-convida-para-o-anuncio-vocacional","status":"publish","type":"post","link":"https:\/\/dioceseteixeiradefreitas.com.br\/?p=1857","title":{"rendered":"Dom Carlos Alberto Convida para o An\u00fancio Vocacional"},"content":{"rendered":"<p>No pr\u00f3ximo dia 07 de agosto de\u00a02016 ser\u00e1 realizado na Par\u00f3quia\u00a0S\u00e3o Jos\u00e9 Oper\u00e1rio o an\u00fancio vocacional.\u00a0O\u00a0encontro come\u00e7a \u00e0s 8:30h e \u00e9 dedicado aos jovens\u00a0que buscam compreender a vontade de Deus em suas vidas.<\/p>\n<p>Participe!<\/p>\n<p><iframe loading=\"lazy\" src=\"https:\/\/www.youtube.com\/embed\/TJ2C1pl2l1U\" width=\"853\" height=\"480\" frameborder=\"0\" allowfullscreen=\"allowfullscreen\"><\/iframe><\/p>\n","protected":false},"excerpt":{"rendered":"<p>No pr\u00f3ximo dia 07 de agosto de\u00a02016 ser\u00e1 realizado na Par\u00f3quia\u00a0S\u00e3o Jos\u00e9 Oper\u00e1rio o an\u00fancio vocacional.\u00a0O\u00a0encontro come\u00e7a \u00e0s 8:30h e \u00e9 dedicado aos jovens\u00a0que buscam compreender a vontade de Deus em suas vidas. Participe!<\/p>\n","protected":false},"author":2,"featured_media":1858,"comment_status":"closed","ping_status":"closed","sticky":false,"template":"","format":"standard","meta":{"footnotes":""},"categories":[25],"tags":[],"class_list":["post-1857","post","type-post","status-publish","format-standard","has-post-thumbnail","hentry","category-videos"],"_links":{"self":[{"href":"https:\/\/dioceseteixeiradefreitas.com.br\/index.php?rest_route=\/wp\/v2\/posts\/1857","targetHints":{"allow":["GET"]}}],"collection":[{"href":"https:\/\/dioceseteixeiradefreitas.com.br\/index.php?rest_route=\/wp\/v2\/posts"}],"about":[{"href":"https:\/\/dioceseteixeiradefreitas.com.br\/index.php?rest_route=\/wp\/v2\/types\/post"}],"author":[{"embeddable":true,"href":"https:\/\/dioceseteixeiradefreitas.com.br\/index.php?rest_route=\/wp\/v2\/users\/2"}],"replies":[{"embeddable":true,"href":"https:\/\/dioceseteixeiradefreitas.com.br\/index.php?rest_route=%2Fwp%2Fv2%2Fcomments&post=1857"}],"version-history":[{"count":2,"href":"https:\/\/dioceseteixeiradefreitas.com.br\/index.php?rest_route=\/wp\/v2\/posts\/1857\/revisions"}],"predecessor-version":[{"id":1861,"href":"https:\/\/dioceseteixeiradefreitas.com.br\/index.php?rest_route=\/wp\/v2\/posts\/1857\/revisions\/1861"}],"wp:featuredmedia":[{"embeddable":true,"href":"https:\/\/dioceseteixeiradefreitas.com.br\/index.php?rest_route=\/wp\/v2\/media\/1858"}],"wp:attachment":[{"href":"https:\/\/dioceseteixeiradefreitas.com.br\/index.php?rest_route=%2Fwp%2Fv2%2Fmedia&parent=1857"}],"wp:term":[{"taxonomy":"category","embeddable":true,"href":"https:\/\/dioceseteixeiradefreitas.com.br\/index.php?rest_route=%2Fwp%2Fv2%2Fcategories&post=1857"},{"taxonomy":"post_tag","embeddable":true,"href":"https:\/\/dioceseteixeiradefreitas.com.br\/index.php?rest_route=%2Fwp%2Fv2%2Ftags&post=1857"}],"curies":[{"name":"wp","href":"https:\/\/api.w.org\/{rel}","templated":true}]}}