{"id":18593,"date":"2022-12-27T19:20:10","date_gmt":"2022-12-27T22:20:10","guid":{"rendered":"https:\/\/dioceseteixeiradefreitas.com.br\/?p=18593"},"modified":"2022-12-27T19:21:27","modified_gmt":"2022-12-27T22:21:27","slug":"missionarios-franciscanos-realizam-missao-na-comunidade-de-nova-alegria","status":"publish","type":"post","link":"https:\/\/dioceseteixeiradefreitas.com.br\/?p=18593","title":{"rendered":"Mission\u00e1rios franciscanos realizam miss\u00e3o na comunidade de Nova Alegria"},"content":{"rendered":"\n<p>Nos dias 16, 17, 18, 19, 20 estiveram na Par\u00f3quia S\u00e3o Sebasti\u00e3o de Jucuru\u00e7u, de modo especial na comunidade de Nova Alegria, os Mission\u00e1rios Franciscanos da Provid\u00eancia de Deus oriundos do Estado de S\u00e3o Paulo para desenvolver uma bonita miss\u00e3o junto ao povo de Nova Alegria. <\/p>\n\n\n\n<p>Al\u00e9m do atendimento espiritual, houve tamb\u00e9m atendimentos m\u00e9dicos com a assist\u00eancia de dois m\u00e9dicos que ficou a disposi\u00e7\u00e3o do povo. Na ocasi\u00e3o houve distribui\u00e7\u00e3o de mais de 600 cestas b\u00e1sicas e demais alimentos para a comunidade de Nova Alegria e comunidades vizinhas. <\/p>\n\n\n\n<p>O padre Gilson esteve presente na a\u00e7\u00e3o, agradeceu a disponibilidade e carinho da Fraternidade Franciscana da Provid\u00eancia de Deus para com seus paroquianos e ao mesmo tempo agradeceu ao superior frei Francisco e ao bispo diocesano Dom Jailton pelo ap\u00f3io. Em tudo dai Gra\u00e7as a Deus!<\/p>\n\n\n\n<figure class=\"wp-block-gallery has-nested-images columns-default is-cropped wp-block-gallery-1 is-layout-flex wp-block-gallery-is-layout-flex\">\n<figure class=\"wp-block-image size-large\"><a href=\"https:\/\/dioceseteixeiradefreitas.com.br\/wp-content\/uploads\/2022\/12\/IMG-20221227-WA0059.jpg\"><img loading=\"lazy\" decoding=\"async\" width=\"759\" height=\"1024\" data-id=\"18594\" src=\"https:\/\/dioceseteixeiradefreitas.com.br\/wp-content\/uploads\/2022\/12\/IMG-20221227-WA0059-759x1024.jpg\" alt=\"\" class=\"wp-image-18594\" srcset=\"https:\/\/dioceseteixeiradefreitas.com.br\/wp-content\/uploads\/2022\/12\/IMG-20221227-WA0059-759x1024.jpg 759w, https:\/\/dioceseteixeiradefreitas.com.br\/wp-content\/uploads\/2022\/12\/IMG-20221227-WA0059-222x300.jpg 222w, https:\/\/dioceseteixeiradefreitas.com.br\/wp-content\/uploads\/2022\/12\/IMG-20221227-WA0059-768x1036.jpg 768w, https:\/\/dioceseteixeiradefreitas.com.br\/wp-content\/uploads\/2022\/12\/IMG-20221227-WA0059.jpg 780w\" sizes=\"auto, (max-width: 759px) 100vw, 759px\" \/><\/a><\/figure>\n\n\n\n<figure class=\"wp-block-image size-large\"><a href=\"https:\/\/dioceseteixeiradefreitas.com.br\/wp-content\/uploads\/2022\/12\/IMG-20221227-WA0045.jpg\"><img loading=\"lazy\" decoding=\"async\" width=\"768\" height=\"1020\" data-id=\"18598\" src=\"https:\/\/dioceseteixeiradefreitas.com.br\/wp-content\/uploads\/2022\/12\/IMG-20221227-WA0045.jpg\" alt=\"\" class=\"wp-image-18598\" srcset=\"https:\/\/dioceseteixeiradefreitas.com.br\/wp-content\/uploads\/2022\/12\/IMG-20221227-WA0045.jpg 768w, https:\/\/dioceseteixeiradefreitas.com.br\/wp-content\/uploads\/2022\/12\/IMG-20221227-WA0045-226x300.jpg 226w\" sizes=\"auto, (max-width: 768px) 100vw, 768px\" \/><\/a><\/figure>\n\n\n\n<figure class=\"wp-block-image size-large\"><a href=\"https:\/\/dioceseteixeiradefreitas.com.br\/wp-content\/uploads\/2022\/12\/IMG-20221227-WA0048.jpg\"><img loading=\"lazy\" decoding=\"async\" width=\"768\" height=\"1020\" data-id=\"18595\" src=\"https:\/\/dioceseteixeiradefreitas.com.br\/wp-content\/uploads\/2022\/12\/IMG-20221227-WA0048.jpg\" alt=\"\" class=\"wp-image-18595\" srcset=\"https:\/\/dioceseteixeiradefreitas.com.br\/wp-content\/uploads\/2022\/12\/IMG-20221227-WA0048.jpg 768w, https:\/\/dioceseteixeiradefreitas.com.br\/wp-content\/uploads\/2022\/12\/IMG-20221227-WA0048-226x300.jpg 226w\" sizes=\"auto, (max-width: 768px) 100vw, 768px\" \/><\/a><\/figure>\n\n\n\n<figure class=\"wp-block-image size-large\"><a href=\"https:\/\/dioceseteixeiradefreitas.com.br\/wp-content\/uploads\/2022\/12\/IMG-20221227-WA0046.jpg\"><img loading=\"lazy\" decoding=\"async\" width=\"768\" height=\"1020\" data-id=\"18596\" src=\"https:\/\/dioceseteixeiradefreitas.com.br\/wp-content\/uploads\/2022\/12\/IMG-20221227-WA0046.jpg\" alt=\"\" class=\"wp-image-18596\" srcset=\"https:\/\/dioceseteixeiradefreitas.com.br\/wp-content\/uploads\/2022\/12\/IMG-20221227-WA0046.jpg 768w, https:\/\/dioceseteixeiradefreitas.com.br\/wp-content\/uploads\/2022\/12\/IMG-20221227-WA0046-226x300.jpg 226w\" sizes=\"auto, (max-width: 768px) 100vw, 768px\" \/><\/a><\/figure>\n\n\n\n<figure class=\"wp-block-image size-large\"><a href=\"https:\/\/dioceseteixeiradefreitas.com.br\/wp-content\/uploads\/2022\/12\/IMG-20221227-WA0056.jpg\"><img loading=\"lazy\" decoding=\"async\" width=\"768\" height=\"1020\" data-id=\"18597\" src=\"https:\/\/dioceseteixeiradefreitas.com.br\/wp-content\/uploads\/2022\/12\/IMG-20221227-WA0056.jpg\" alt=\"\" class=\"wp-image-18597\" srcset=\"https:\/\/dioceseteixeiradefreitas.com.br\/wp-content\/uploads\/2022\/12\/IMG-20221227-WA0056.jpg 768w, https:\/\/dioceseteixeiradefreitas.com.br\/wp-content\/uploads\/2022\/12\/IMG-20221227-WA0056-226x300.jpg 226w\" sizes=\"auto, (max-width: 768px) 100vw, 768px\" \/><\/a><\/figure>\n<\/figure>\n\n\n\n<p><\/p>\n","protected":false},"excerpt":{"rendered":"<p>Nos dias 16, 17, 18, 19, 20 estiveram na Par\u00f3quia S\u00e3o Sebasti\u00e3o de Jucuru\u00e7u, de modo especial na comunidade de Nova Alegria, os Mission\u00e1rios Franciscanos da Provid\u00eancia de Deus oriundos do Estado de S\u00e3o Paulo para desenvolver uma bonita miss\u00e3o junto ao povo de Nova Alegria. Al\u00e9m do atendimento espiritual, houve tamb\u00e9m atendimentos m\u00e9dicos com &hellip;<\/p>\n","protected":false},"author":24,"featured_media":18596,"comment_status":"closed","ping_status":"closed","sticky":false,"template":"","format":"standard","meta":{"footnotes":""},"categories":[100],"tags":[1144,213,1014],"class_list":["post-18593","post","type-post","status-publish","format-standard","has-post-thumbnail","hentry","category-noticias-diocesanas","tag-fraternidade-franciscana","tag-missao","tag-nova-alegria"],"_links":{"self":[{"href":"https:\/\/dioceseteixeiradefreitas.com.br\/index.php?rest_route=\/wp\/v2\/posts\/18593","targetHints":{"allow":["GET"]}}],"collection":[{"href":"https:\/\/dioceseteixeiradefreitas.com.br\/index.php?rest_route=\/wp\/v2\/posts"}],"about":[{"href":"https:\/\/dioceseteixeiradefreitas.com.br\/index.php?rest_route=\/wp\/v2\/types\/post"}],"author":[{"embeddable":true,"href":"https:\/\/dioceseteixeiradefreitas.com.br\/index.php?rest_route=\/wp\/v2\/users\/24"}],"replies":[{"embeddable":true,"href":"https:\/\/dioceseteixeiradefreitas.com.br\/index.php?rest_route=%2Fwp%2Fv2%2Fcomments&post=18593"}],"version-history":[{"count":1,"href":"https:\/\/dioceseteixeiradefreitas.com.br\/index.php?rest_route=\/wp\/v2\/posts\/18593\/revisions"}],"predecessor-version":[{"id":18599,"href":"https:\/\/dioceseteixeiradefreitas.com.br\/index.php?rest_route=\/wp\/v2\/posts\/18593\/revisions\/18599"}],"wp:featuredmedia":[{"embeddable":true,"href":"https:\/\/dioceseteixeiradefreitas.com.br\/index.php?rest_route=\/wp\/v2\/media\/18596"}],"wp:attachment":[{"href":"https:\/\/dioceseteixeiradefreitas.com.br\/index.php?rest_route=%2Fwp%2Fv2%2Fmedia&parent=18593"}],"wp:term":[{"taxonomy":"category","embeddable":true,"href":"https:\/\/dioceseteixeiradefreitas.com.br\/index.php?rest_route=%2Fwp%2Fv2%2Fcategories&post=18593"},{"taxonomy":"post_tag","embeddable":true,"href":"https:\/\/dioceseteixeiradefreitas.com.br\/index.php?rest_route=%2Fwp%2Fv2%2Ftags&post=18593"}],"curies":[{"name":"wp","href":"https:\/\/api.w.org\/{rel}","templated":true}]}}