{"id":18699,"date":"2023-01-12T14:18:14","date_gmt":"2023-01-12T17:18:14","guid":{"rendered":"https:\/\/dioceseteixeiradefreitas.com.br\/?p=18699"},"modified":"2023-01-12T14:44:42","modified_gmt":"2023-01-12T17:44:42","slug":"sacerdotes-para-sempre-dois-novos-padres-mathaus-e-vitor-foram-ordenados-neste-sabado-07","status":"publish","type":"post","link":"https:\/\/dioceseteixeiradefreitas.com.br\/?p=18699","title":{"rendered":"Sacerdotes para sempre: dois novos padres, Mathaus e Vitor foram ordenados neste s\u00e1bado (07)"},"content":{"rendered":"\n<p><\/p>\n\n\n\n<p>A Igreja Diocesana se reuniu na tarde deste s\u00e1bado, 07 de janeiro de 2023, dia em que a Igreja celebra as v\u00e9speras da Epifania do Senhor, \u00e0s 17h, na Par\u00f3quia Nossa Senhora das Gra\u00e7as, em Lajed\u00e3o-BA, para participarem da Solene Celebra\u00e7\u00e3o Eucar\u00edstica de Ordena\u00e7\u00e3o Presbiteral dos di\u00e1conos Mathaus Sampaio Sales (lema: \u201cGra\u00e7as ao cora\u00e7\u00e3o misericordioso do nosso Deus\u201d &#8211; Lc 1, 78)&nbsp;e Vitor Alves de Aguilar (lema:&nbsp;\u201cEu te dou um novo esp\u00edrito e um novo cora\u00e7\u00e3o\u201d &#8211; Ez 36,26), pela imposi\u00e7\u00e3o das m\u00e3os do Exmo. e Revmo. Dom Jailton de Oliveira Lino &#8211; PSDP, bispo diocesano. Dezenas de padres, di\u00e1conos, seminaristas diocesanos, religiosos(as), acompanharam a celebra\u00e7\u00e3o, al\u00e9m dos fi\u00e9is leigos e familiares dos Di\u00e1conos Mathaus e Vitor.<\/p>\n\n\n\n<p>Paroquianos e visitantes acolheram com uma calorosa salva de palmas o bispo que entrou pela nave da Igreja acompanhado dos Di\u00e1conos Mathaus e Vitor \u2013 ent\u00e3o candidatos \u00e0 Ordem do Presbiterado, e com o p\u00e1roco, Pe. Jan Gabriel. Eles seguiram em dire\u00e7\u00e3o \u00e0 Capela de Adora\u00e7\u00e3o para um momento de ora\u00e7\u00e3o.<\/p>\n\n\n\n<p>Ap\u00f3s a proclama\u00e7\u00e3o do Evangelho, iniciou-se o rito da Ordena\u00e7\u00e3o Presbiteral com a apresenta\u00e7\u00e3o dos candidatos.<\/p>\n\n\n\n<p>Em seguida, Dom Jailton iniciou sua homilia saudando a todos os presentes, os presb\u00edteros, di\u00e1conos, seminaristas, religiosos e religiosas e aos que acompanharam pelas redes sociais da PASCOM Diocesana.<\/p>\n\n\n\n<p>O prelado disse estar em j\u00fabilo pela ordena\u00e7\u00e3o presbiteral dos di\u00e1conos, recordou algumas passagens b\u00edblicas e ensinamentos do Papa Francisco os quais inspiram o padre na sua miss\u00e3o. <\/p>\n\n\n\n<blockquote class=\"wp-block-quote is-layout-flow wp-block-quote-is-layout-flow\"><p>&#8220;Que momento feliz, de j\u00fabilo, estamos vivendo nesta tarde, na festa da Epifania do Senhor. Dando-nos a alegria de dois sacerdotes para trabalharem na vinha do Senhor, meros oper\u00e1rios. O verdadeiro sacerdote \u00e9 aquele que se abandona nos bra\u00e7os de Jesus. Hoje \u00e9 dia de consolidar a alian\u00e7a feito por Deus. Ningu\u00e9m \u00e9 bom pastor se n\u00e3o estiver unido a Jesus. O padre \u00e9 na Igreja e para a Igreja uma representa\u00e7\u00e3o de Cristo pastor. \u00c9 Jesus quem deve estar em primeiro lugar e t\u00e3o somente ele. O padre, deve colocar-se a servi\u00e7o com gratuidade, com amor \u00e0 Deus e a Igreja&#8221;. <\/p><\/blockquote>\n\n\n\n<p>Ap\u00f3s a homilia, seguiu-se com o rito da ordena\u00e7\u00e3o. O neo-sacerdote Mathaus Sampaio recebeu suas vestes lit\u00fargicas dos padres Igor Neves e Wallas de Oliveira. J\u00e1 o neo-sacerdote Vitor recebeu dos padres Wanderley e Raul as suas vestes.<\/p>\n\n\n\n<p>Depois do rito Eucar\u00edstico, os neossacerdotes proferiram suas palavras de agradecimento, iniciando com Padre Mathaus, seguido pelo Padre Vitor. O padre Jos\u00e9 Ailton foi o escolhido para dar as boas vindas aos novos sacerdotes em nome do Clero Diocesano.<\/p>\n\n\n\n<p>Antes da ben\u00e7\u00e3o final, Dom Jailton anunciou que o padre Mathaus ir\u00e1 exercer, no in\u00edcio do minist\u00e9rio como Vig\u00e1rio Paroquial da Par\u00f3quia Santa Rita de C\u00e1ssia na Forania S\u00e3o Pedro (Teixeira de Freitas) e o padre Vitor como Vig\u00e1rio Paroquial da Par\u00f3quia Senhor Bom Jesus na Forania Imaculada Concei\u00e7\u00e3o (Ibirapu\u00e3).<\/p>\n\n\n\n<p>Louvado seja Deus, pela vida e pelo SIM dos padres Mathaus e Vitor.<\/p>\n\n\n\n<figure class=\"wp-block-gallery has-nested-images columns-default is-cropped wp-block-gallery-1 is-layout-flex wp-block-gallery-is-layout-flex\">\n<figure class=\"wp-block-image size-large\"><a href=\"https:\/\/dioceseteixeiradefreitas.com.br\/wp-content\/uploads\/2023\/01\/IMG_9999.jpg\"><img loading=\"lazy\" decoding=\"async\" width=\"2048\" height=\"1366\" data-id=\"19016\" src=\"https:\/\/dioceseteixeiradefreitas.com.br\/wp-content\/uploads\/2023\/01\/IMG_9999.jpg\" alt=\"\" class=\"wp-image-19016\" srcset=\"https:\/\/dioceseteixeiradefreitas.com.br\/wp-content\/uploads\/2023\/01\/IMG_9999.jpg 2048w, https:\/\/dioceseteixeiradefreitas.com.br\/wp-content\/uploads\/2023\/01\/IMG_9999-300x200.jpg 300w, https:\/\/dioceseteixeiradefreitas.com.br\/wp-content\/uploads\/2023\/01\/IMG_9999-1024x683.jpg 1024w, https:\/\/dioceseteixeiradefreitas.com.br\/wp-content\/uploads\/2023\/01\/IMG_9999-768x512.jpg 768w, https:\/\/dioceseteixeiradefreitas.com.br\/wp-content\/uploads\/2023\/01\/IMG_9999-1536x1025.jpg 1536w\" sizes=\"auto, (max-width: 2048px) 100vw, 2048px\" \/><\/a><\/figure>\n\n\n\n<figure class=\"wp-block-image size-large\"><a href=\"https:\/\/dioceseteixeiradefreitas.com.br\/wp-content\/uploads\/2023\/01\/IMG_9997.jpg\"><img loading=\"lazy\" decoding=\"async\" width=\"1366\" height=\"2048\" data-id=\"19015\" src=\"https:\/\/dioceseteixeiradefreitas.com.br\/wp-content\/uploads\/2023\/01\/IMG_9997.jpg\" alt=\"\" class=\"wp-image-19015\" srcset=\"https:\/\/dioceseteixeiradefreitas.com.br\/wp-content\/uploads\/2023\/01\/IMG_9997.jpg 1366w, https:\/\/dioceseteixeiradefreitas.com.br\/wp-content\/uploads\/2023\/01\/IMG_9997-200x300.jpg 200w, https:\/\/dioceseteixeiradefreitas.com.br\/wp-content\/uploads\/2023\/01\/IMG_9997-683x1024.jpg 683w, https:\/\/dioceseteixeiradefreitas.com.br\/wp-content\/uploads\/2023\/01\/IMG_9997-768x1151.jpg 768w, https:\/\/dioceseteixeiradefreitas.com.br\/wp-content\/uploads\/2023\/01\/IMG_9997-1025x1536.jpg 1025w\" sizes=\"auto, (max-width: 1366px) 100vw, 1366px\" \/><\/a><\/figure>\n\n\n\n<figure class=\"wp-block-image size-large\"><a href=\"https:\/\/dioceseteixeiradefreitas.com.br\/wp-content\/uploads\/2023\/01\/IMG_9992.jpg\"><img loading=\"lazy\" decoding=\"async\" width=\"2048\" height=\"1366\" data-id=\"19014\" src=\"https:\/\/dioceseteixeiradefreitas.com.br\/wp-content\/uploads\/2023\/01\/IMG_9992.jpg\" alt=\"\" class=\"wp-image-19014\" srcset=\"https:\/\/dioceseteixeiradefreitas.com.br\/wp-content\/uploads\/2023\/01\/IMG_9992.jpg 2048w, https:\/\/dioceseteixeiradefreitas.com.br\/wp-content\/uploads\/2023\/01\/IMG_9992-300x200.jpg 300w, https:\/\/dioceseteixeiradefreitas.com.br\/wp-content\/uploads\/2023\/01\/IMG_9992-1024x683.jpg 1024w, https:\/\/dioceseteixeiradefreitas.com.br\/wp-content\/uploads\/2023\/01\/IMG_9992-768x512.jpg 768w, https:\/\/dioceseteixeiradefreitas.com.br\/wp-content\/uploads\/2023\/01\/IMG_9992-1536x1025.jpg 1536w\" sizes=\"auto, (max-width: 2048px) 100vw, 2048px\" \/><\/a><\/figure>\n\n\n\n<figure class=\"wp-block-image size-large\"><a href=\"https:\/\/dioceseteixeiradefreitas.com.br\/wp-content\/uploads\/2023\/01\/IMG_9978.jpg\"><img loading=\"lazy\" decoding=\"async\" width=\"2048\" height=\"1366\" data-id=\"19011\" src=\"https:\/\/dioceseteixeiradefreitas.com.br\/wp-content\/uploads\/2023\/01\/IMG_9978.jpg\" alt=\"\" class=\"wp-image-19011\" srcset=\"https:\/\/dioceseteixeiradefreitas.com.br\/wp-content\/uploads\/2023\/01\/IMG_9978.jpg 2048w, https:\/\/dioceseteixeiradefreitas.com.br\/wp-content\/uploads\/2023\/01\/IMG_9978-300x200.jpg 300w, https:\/\/dioceseteixeiradefreitas.com.br\/wp-content\/uploads\/2023\/01\/IMG_9978-1024x683.jpg 1024w, https:\/\/dioceseteixeiradefreitas.com.br\/wp-content\/uploads\/2023\/01\/IMG_9978-768x512.jpg 768w, https:\/\/dioceseteixeiradefreitas.com.br\/wp-content\/uploads\/2023\/01\/IMG_9978-1536x1025.jpg 1536w\" sizes=\"auto, (max-width: 2048px) 100vw, 2048px\" \/><\/a><\/figure>\n\n\n\n<figure class=\"wp-block-image size-large\"><a href=\"https:\/\/dioceseteixeiradefreitas.com.br\/wp-content\/uploads\/2023\/01\/IMG_9979.jpg\"><img loading=\"lazy\" decoding=\"async\" width=\"2048\" height=\"1366\" data-id=\"19012\" src=\"https:\/\/dioceseteixeiradefreitas.com.br\/wp-content\/uploads\/2023\/01\/IMG_9979.jpg\" alt=\"\" class=\"wp-image-19012\" srcset=\"https:\/\/dioceseteixeiradefreitas.com.br\/wp-content\/uploads\/2023\/01\/IMG_9979.jpg 2048w, https:\/\/dioceseteixeiradefreitas.com.br\/wp-content\/uploads\/2023\/01\/IMG_9979-300x200.jpg 300w, https:\/\/dioceseteixeiradefreitas.com.br\/wp-content\/uploads\/2023\/01\/IMG_9979-1024x683.jpg 1024w, https:\/\/dioceseteixeiradefreitas.com.br\/wp-content\/uploads\/2023\/01\/IMG_9979-768x512.jpg 768w, https:\/\/dioceseteixeiradefreitas.com.br\/wp-content\/uploads\/2023\/01\/IMG_9979-1536x1025.jpg 1536w\" sizes=\"auto, (max-width: 2048px) 100vw, 2048px\" \/><\/a><\/figure>\n\n\n\n<figure class=\"wp-block-image size-large\"><a href=\"https:\/\/dioceseteixeiradefreitas.com.br\/wp-content\/uploads\/2023\/01\/IMG_9982.jpg\"><img loading=\"lazy\" decoding=\"async\" width=\"2048\" height=\"1366\" data-id=\"19013\" src=\"https:\/\/dioceseteixeiradefreitas.com.br\/wp-content\/uploads\/2023\/01\/IMG_9982.jpg\" alt=\"\" class=\"wp-image-19013\" srcset=\"https:\/\/dioceseteixeiradefreitas.com.br\/wp-content\/uploads\/2023\/01\/IMG_9982.jpg 2048w, https:\/\/dioceseteixeiradefreitas.com.br\/wp-content\/uploads\/2023\/01\/IMG_9982-300x200.jpg 300w, https:\/\/dioceseteixeiradefreitas.com.br\/wp-content\/uploads\/2023\/01\/IMG_9982-1024x683.jpg 1024w, https:\/\/dioceseteixeiradefreitas.com.br\/wp-content\/uploads\/2023\/01\/IMG_9982-768x512.jpg 768w, https:\/\/dioceseteixeiradefreitas.com.br\/wp-content\/uploads\/2023\/01\/IMG_9982-1536x1025.jpg 1536w\" sizes=\"auto, (max-width: 2048px) 100vw, 2048px\" \/><\/a><\/figure>\n\n\n\n<figure class=\"wp-block-image size-large\"><a href=\"https:\/\/dioceseteixeiradefreitas.com.br\/wp-content\/uploads\/2023\/01\/IMG_9976.jpg\"><img loading=\"lazy\" decoding=\"async\" width=\"2048\" height=\"1366\" data-id=\"19010\" src=\"https:\/\/dioceseteixeiradefreitas.com.br\/wp-content\/uploads\/2023\/01\/IMG_9976.jpg\" alt=\"\" class=\"wp-image-19010\" srcset=\"https:\/\/dioceseteixeiradefreitas.com.br\/wp-content\/uploads\/2023\/01\/IMG_9976.jpg 2048w, https:\/\/dioceseteixeiradefreitas.com.br\/wp-content\/uploads\/2023\/01\/IMG_9976-300x200.jpg 300w, https:\/\/dioceseteixeiradefreitas.com.br\/wp-content\/uploads\/2023\/01\/IMG_9976-1024x683.jpg 1024w, https:\/\/dioceseteixeiradefreitas.com.br\/wp-content\/uploads\/2023\/01\/IMG_9976-768x512.jpg 768w, https:\/\/dioceseteixeiradefreitas.com.br\/wp-content\/uploads\/2023\/01\/IMG_9976-1536x1025.jpg 1536w\" sizes=\"auto, (max-width: 2048px) 100vw, 2048px\" \/><\/a><\/figure>\n\n\n\n<figure class=\"wp-block-image size-large\"><a href=\"https:\/\/dioceseteixeiradefreitas.com.br\/wp-content\/uploads\/2023\/01\/IMG_9971.jpg\"><img loading=\"lazy\" decoding=\"async\" width=\"2048\" height=\"1366\" data-id=\"19009\" src=\"https:\/\/dioceseteixeiradefreitas.com.br\/wp-content\/uploads\/2023\/01\/IMG_9971.jpg\" alt=\"\" class=\"wp-image-19009\" srcset=\"https:\/\/dioceseteixeiradefreitas.com.br\/wp-content\/uploads\/2023\/01\/IMG_9971.jpg 2048w, https:\/\/dioceseteixeiradefreitas.com.br\/wp-content\/uploads\/2023\/01\/IMG_9971-300x200.jpg 300w, https:\/\/dioceseteixeiradefreitas.com.br\/wp-content\/uploads\/2023\/01\/IMG_9971-1024x683.jpg 1024w, https:\/\/dioceseteixeiradefreitas.com.br\/wp-content\/uploads\/2023\/01\/IMG_9971-768x512.jpg 768w, https:\/\/dioceseteixeiradefreitas.com.br\/wp-content\/uploads\/2023\/01\/IMG_9971-1536x1025.jpg 1536w\" sizes=\"auto, (max-width: 2048px) 100vw, 2048px\" \/><\/a><\/figure>\n\n\n\n<figure class=\"wp-block-image size-large\"><a href=\"https:\/\/dioceseteixeiradefreitas.com.br\/wp-content\/uploads\/2023\/01\/IMG_9969.jpg\"><img loading=\"lazy\" decoding=\"async\" width=\"2048\" height=\"1366\" data-id=\"19008\" src=\"https:\/\/dioceseteixeiradefreitas.com.br\/wp-content\/uploads\/2023\/01\/IMG_9969.jpg\" alt=\"\" class=\"wp-image-19008\" srcset=\"https:\/\/dioceseteixeiradefreitas.com.br\/wp-content\/uploads\/2023\/01\/IMG_9969.jpg 2048w, https:\/\/dioceseteixeiradefreitas.com.br\/wp-content\/uploads\/2023\/01\/IMG_9969-300x200.jpg 300w, https:\/\/dioceseteixeiradefreitas.com.br\/wp-content\/uploads\/2023\/01\/IMG_9969-1024x683.jpg 1024w, https:\/\/dioceseteixeiradefreitas.com.br\/wp-content\/uploads\/2023\/01\/IMG_9969-768x512.jpg 768w, https:\/\/dioceseteixeiradefreitas.com.br\/wp-content\/uploads\/2023\/01\/IMG_9969-1536x1025.jpg 1536w\" sizes=\"auto, (max-width: 2048px) 100vw, 2048px\" \/><\/a><\/figure>\n\n\n\n<figure class=\"wp-block-image size-large\"><a href=\"https:\/\/dioceseteixeiradefreitas.com.br\/wp-content\/uploads\/2023\/01\/IMG_9966-1.jpg\"><img loading=\"lazy\" decoding=\"async\" width=\"2048\" height=\"1366\" data-id=\"19007\" src=\"https:\/\/dioceseteixeiradefreitas.com.br\/wp-content\/uploads\/2023\/01\/IMG_9966-1.jpg\" alt=\"\" class=\"wp-image-19007\" srcset=\"https:\/\/dioceseteixeiradefreitas.com.br\/wp-content\/uploads\/2023\/01\/IMG_9966-1.jpg 2048w, https:\/\/dioceseteixeiradefreitas.com.br\/wp-content\/uploads\/2023\/01\/IMG_9966-1-300x200.jpg 300w, https:\/\/dioceseteixeiradefreitas.com.br\/wp-content\/uploads\/2023\/01\/IMG_9966-1-1024x683.jpg 1024w, https:\/\/dioceseteixeiradefreitas.com.br\/wp-content\/uploads\/2023\/01\/IMG_9966-1-768x512.jpg 768w, https:\/\/dioceseteixeiradefreitas.com.br\/wp-content\/uploads\/2023\/01\/IMG_9966-1-1536x1025.jpg 1536w\" sizes=\"auto, (max-width: 2048px) 100vw, 2048px\" \/><\/a><\/figure>\n\n\n\n<figure class=\"wp-block-image size-large\"><a href=\"https:\/\/dioceseteixeiradefreitas.com.br\/wp-content\/uploads\/2023\/01\/IMG_9964.jpg\"><img loading=\"lazy\" decoding=\"async\" width=\"2048\" height=\"1366\" data-id=\"19006\" src=\"https:\/\/dioceseteixeiradefreitas.com.br\/wp-content\/uploads\/2023\/01\/IMG_9964.jpg\" alt=\"\" class=\"wp-image-19006\" srcset=\"https:\/\/dioceseteixeiradefreitas.com.br\/wp-content\/uploads\/2023\/01\/IMG_9964.jpg 2048w, https:\/\/dioceseteixeiradefreitas.com.br\/wp-content\/uploads\/2023\/01\/IMG_9964-300x200.jpg 300w, https:\/\/dioceseteixeiradefreitas.com.br\/wp-content\/uploads\/2023\/01\/IMG_9964-1024x683.jpg 1024w, https:\/\/dioceseteixeiradefreitas.com.br\/wp-content\/uploads\/2023\/01\/IMG_9964-768x512.jpg 768w, https:\/\/dioceseteixeiradefreitas.com.br\/wp-content\/uploads\/2023\/01\/IMG_9964-1536x1025.jpg 1536w\" sizes=\"auto, (max-width: 2048px) 100vw, 2048px\" \/><\/a><\/figure>\n\n\n\n<figure class=\"wp-block-image size-large\"><a href=\"https:\/\/dioceseteixeiradefreitas.com.br\/wp-content\/uploads\/2023\/01\/IMG_9956.jpg\"><img loading=\"lazy\" decoding=\"async\" width=\"2048\" height=\"1366\" data-id=\"19005\" src=\"https:\/\/dioceseteixeiradefreitas.com.br\/wp-content\/uploads\/2023\/01\/IMG_9956.jpg\" alt=\"\" class=\"wp-image-19005\" srcset=\"https:\/\/dioceseteixeiradefreitas.com.br\/wp-content\/uploads\/2023\/01\/IMG_9956.jpg 2048w, https:\/\/dioceseteixeiradefreitas.com.br\/wp-content\/uploads\/2023\/01\/IMG_9956-300x200.jpg 300w, https:\/\/dioceseteixeiradefreitas.com.br\/wp-content\/uploads\/2023\/01\/IMG_9956-1024x683.jpg 1024w, https:\/\/dioceseteixeiradefreitas.com.br\/wp-content\/uploads\/2023\/01\/IMG_9956-768x512.jpg 768w, https:\/\/dioceseteixeiradefreitas.com.br\/wp-content\/uploads\/2023\/01\/IMG_9956-1536x1025.jpg 1536w\" sizes=\"auto, (max-width: 2048px) 100vw, 2048px\" \/><\/a><\/figure>\n\n\n\n<figure class=\"wp-block-image size-large\"><a href=\"https:\/\/dioceseteixeiradefreitas.com.br\/wp-content\/uploads\/2023\/01\/IMG_9952-1.jpg\"><img loading=\"lazy\" decoding=\"async\" width=\"2048\" height=\"1366\" data-id=\"19002\" src=\"https:\/\/dioceseteixeiradefreitas.com.br\/wp-content\/uploads\/2023\/01\/IMG_9952-1.jpg\" alt=\"\" class=\"wp-image-19002\" srcset=\"https:\/\/dioceseteixeiradefreitas.com.br\/wp-content\/uploads\/2023\/01\/IMG_9952-1.jpg 2048w, https:\/\/dioceseteixeiradefreitas.com.br\/wp-content\/uploads\/2023\/01\/IMG_9952-1-300x200.jpg 300w, https:\/\/dioceseteixeiradefreitas.com.br\/wp-content\/uploads\/2023\/01\/IMG_9952-1-1024x683.jpg 1024w, https:\/\/dioceseteixeiradefreitas.com.br\/wp-content\/uploads\/2023\/01\/IMG_9952-1-768x512.jpg 768w, https:\/\/dioceseteixeiradefreitas.com.br\/wp-content\/uploads\/2023\/01\/IMG_9952-1-1536x1025.jpg 1536w\" sizes=\"auto, (max-width: 2048px) 100vw, 2048px\" \/><\/a><\/figure>\n\n\n\n<figure class=\"wp-block-image size-large\"><a href=\"https:\/\/dioceseteixeiradefreitas.com.br\/wp-content\/uploads\/2023\/01\/IMG_9952.jpg\"><img loading=\"lazy\" decoding=\"async\" width=\"2048\" height=\"1366\" data-id=\"19003\" src=\"https:\/\/dioceseteixeiradefreitas.com.br\/wp-content\/uploads\/2023\/01\/IMG_9952.jpg\" alt=\"\" class=\"wp-image-19003\" srcset=\"https:\/\/dioceseteixeiradefreitas.com.br\/wp-content\/uploads\/2023\/01\/IMG_9952.jpg 2048w, https:\/\/dioceseteixeiradefreitas.com.br\/wp-content\/uploads\/2023\/01\/IMG_9952-300x200.jpg 300w, https:\/\/dioceseteixeiradefreitas.com.br\/wp-content\/uploads\/2023\/01\/IMG_9952-1024x683.jpg 1024w, https:\/\/dioceseteixeiradefreitas.com.br\/wp-content\/uploads\/2023\/01\/IMG_9952-768x512.jpg 768w, https:\/\/dioceseteixeiradefreitas.com.br\/wp-content\/uploads\/2023\/01\/IMG_9952-1536x1025.jpg 1536w\" sizes=\"auto, (max-width: 2048px) 100vw, 2048px\" \/><\/a><\/figure>\n\n\n\n<figure class=\"wp-block-image size-large\"><a href=\"https:\/\/dioceseteixeiradefreitas.com.br\/wp-content\/uploads\/2023\/01\/IMG_9956-1.jpg\"><img loading=\"lazy\" decoding=\"async\" width=\"2048\" height=\"1366\" data-id=\"19004\" src=\"https:\/\/dioceseteixeiradefreitas.com.br\/wp-content\/uploads\/2023\/01\/IMG_9956-1.jpg\" alt=\"\" class=\"wp-image-19004\" srcset=\"https:\/\/dioceseteixeiradefreitas.com.br\/wp-content\/uploads\/2023\/01\/IMG_9956-1.jpg 2048w, https:\/\/dioceseteixeiradefreitas.com.br\/wp-content\/uploads\/2023\/01\/IMG_9956-1-300x200.jpg 300w, https:\/\/dioceseteixeiradefreitas.com.br\/wp-content\/uploads\/2023\/01\/IMG_9956-1-1024x683.jpg 1024w, https:\/\/dioceseteixeiradefreitas.com.br\/wp-content\/uploads\/2023\/01\/IMG_9956-1-768x512.jpg 768w, https:\/\/dioceseteixeiradefreitas.com.br\/wp-content\/uploads\/2023\/01\/IMG_9956-1-1536x1025.jpg 1536w\" sizes=\"auto, (max-width: 2048px) 100vw, 2048px\" \/><\/a><\/figure>\n\n\n\n<figure class=\"wp-block-image size-large\"><a href=\"https:\/\/dioceseteixeiradefreitas.com.br\/wp-content\/uploads\/2023\/01\/IMG_9943.jpg\"><img loading=\"lazy\" decoding=\"async\" width=\"1366\" height=\"2048\" data-id=\"18999\" src=\"https:\/\/dioceseteixeiradefreitas.com.br\/wp-content\/uploads\/2023\/01\/IMG_9943.jpg\" alt=\"\" class=\"wp-image-18999\" srcset=\"https:\/\/dioceseteixeiradefreitas.com.br\/wp-content\/uploads\/2023\/01\/IMG_9943.jpg 1366w, https:\/\/dioceseteixeiradefreitas.com.br\/wp-content\/uploads\/2023\/01\/IMG_9943-200x300.jpg 200w, https:\/\/dioceseteixeiradefreitas.com.br\/wp-content\/uploads\/2023\/01\/IMG_9943-683x1024.jpg 683w, https:\/\/dioceseteixeiradefreitas.com.br\/wp-content\/uploads\/2023\/01\/IMG_9943-768x1151.jpg 768w, https:\/\/dioceseteixeiradefreitas.com.br\/wp-content\/uploads\/2023\/01\/IMG_9943-1025x1536.jpg 1025w\" sizes=\"auto, (max-width: 1366px) 100vw, 1366px\" \/><\/a><\/figure>\n\n\n\n<figure class=\"wp-block-image size-large\"><a href=\"https:\/\/dioceseteixeiradefreitas.com.br\/wp-content\/uploads\/2023\/01\/IMG_9946-1.jpg\"><img loading=\"lazy\" decoding=\"async\" width=\"2048\" height=\"1366\" data-id=\"19000\" src=\"https:\/\/dioceseteixeiradefreitas.com.br\/wp-content\/uploads\/2023\/01\/IMG_9946-1.jpg\" alt=\"\" class=\"wp-image-19000\" srcset=\"https:\/\/dioceseteixeiradefreitas.com.br\/wp-content\/uploads\/2023\/01\/IMG_9946-1.jpg 2048w, https:\/\/dioceseteixeiradefreitas.com.br\/wp-content\/uploads\/2023\/01\/IMG_9946-1-300x200.jpg 300w, https:\/\/dioceseteixeiradefreitas.com.br\/wp-content\/uploads\/2023\/01\/IMG_9946-1-1024x683.jpg 1024w, https:\/\/dioceseteixeiradefreitas.com.br\/wp-content\/uploads\/2023\/01\/IMG_9946-1-768x512.jpg 768w, https:\/\/dioceseteixeiradefreitas.com.br\/wp-content\/uploads\/2023\/01\/IMG_9946-1-1536x1025.jpg 1536w\" sizes=\"auto, (max-width: 2048px) 100vw, 2048px\" \/><\/a><\/figure>\n\n\n\n<figure class=\"wp-block-image size-large\"><a href=\"https:\/\/dioceseteixeiradefreitas.com.br\/wp-content\/uploads\/2023\/01\/IMG_9946.jpg\"><img loading=\"lazy\" decoding=\"async\" width=\"2048\" height=\"1366\" data-id=\"19001\" src=\"https:\/\/dioceseteixeiradefreitas.com.br\/wp-content\/uploads\/2023\/01\/IMG_9946.jpg\" alt=\"\" class=\"wp-image-19001\" srcset=\"https:\/\/dioceseteixeiradefreitas.com.br\/wp-content\/uploads\/2023\/01\/IMG_9946.jpg 2048w, https:\/\/dioceseteixeiradefreitas.com.br\/wp-content\/uploads\/2023\/01\/IMG_9946-300x200.jpg 300w, https:\/\/dioceseteixeiradefreitas.com.br\/wp-content\/uploads\/2023\/01\/IMG_9946-1024x683.jpg 1024w, https:\/\/dioceseteixeiradefreitas.com.br\/wp-content\/uploads\/2023\/01\/IMG_9946-768x512.jpg 768w, https:\/\/dioceseteixeiradefreitas.com.br\/wp-content\/uploads\/2023\/01\/IMG_9946-1536x1025.jpg 1536w\" sizes=\"auto, (max-width: 2048px) 100vw, 2048px\" \/><\/a><\/figure>\n\n\n\n<figure class=\"wp-block-image size-large\"><a href=\"https:\/\/dioceseteixeiradefreitas.com.br\/wp-content\/uploads\/2023\/01\/IMG_9940.jpg\"><img loading=\"lazy\" decoding=\"async\" width=\"1366\" height=\"2048\" data-id=\"18998\" src=\"https:\/\/dioceseteixeiradefreitas.com.br\/wp-content\/uploads\/2023\/01\/IMG_9940.jpg\" alt=\"\" class=\"wp-image-18998\" srcset=\"https:\/\/dioceseteixeiradefreitas.com.br\/wp-content\/uploads\/2023\/01\/IMG_9940.jpg 1366w, https:\/\/dioceseteixeiradefreitas.com.br\/wp-content\/uploads\/2023\/01\/IMG_9940-200x300.jpg 200w, https:\/\/dioceseteixeiradefreitas.com.br\/wp-content\/uploads\/2023\/01\/IMG_9940-683x1024.jpg 683w, https:\/\/dioceseteixeiradefreitas.com.br\/wp-content\/uploads\/2023\/01\/IMG_9940-768x1151.jpg 768w, https:\/\/dioceseteixeiradefreitas.com.br\/wp-content\/uploads\/2023\/01\/IMG_9940-1025x1536.jpg 1025w\" sizes=\"auto, (max-width: 1366px) 100vw, 1366px\" \/><\/a><\/figure>\n\n\n\n<figure class=\"wp-block-image size-large\"><a href=\"https:\/\/dioceseteixeiradefreitas.com.br\/wp-content\/uploads\/2023\/01\/IMG_9935.jpg\"><img loading=\"lazy\" decoding=\"async\" width=\"2048\" height=\"1366\" data-id=\"18997\" src=\"https:\/\/dioceseteixeiradefreitas.com.br\/wp-content\/uploads\/2023\/01\/IMG_9935.jpg\" alt=\"\" class=\"wp-image-18997\" srcset=\"https:\/\/dioceseteixeiradefreitas.com.br\/wp-content\/uploads\/2023\/01\/IMG_9935.jpg 2048w, https:\/\/dioceseteixeiradefreitas.com.br\/wp-content\/uploads\/2023\/01\/IMG_9935-300x200.jpg 300w, https:\/\/dioceseteixeiradefreitas.com.br\/wp-content\/uploads\/2023\/01\/IMG_9935-1024x683.jpg 1024w, https:\/\/dioceseteixeiradefreitas.com.br\/wp-content\/uploads\/2023\/01\/IMG_9935-768x512.jpg 768w, https:\/\/dioceseteixeiradefreitas.com.br\/wp-content\/uploads\/2023\/01\/IMG_9935-1536x1025.jpg 1536w\" sizes=\"auto, (max-width: 2048px) 100vw, 2048px\" \/><\/a><\/figure>\n\n\n\n<figure class=\"wp-block-image size-large\"><a href=\"https:\/\/dioceseteixeiradefreitas.com.br\/wp-content\/uploads\/2023\/01\/IMG_9933.jpg\"><img loading=\"lazy\" decoding=\"async\" width=\"1366\" height=\"2048\" data-id=\"18996\" src=\"https:\/\/dioceseteixeiradefreitas.com.br\/wp-content\/uploads\/2023\/01\/IMG_9933.jpg\" alt=\"\" class=\"wp-image-18996\" srcset=\"https:\/\/dioceseteixeiradefreitas.com.br\/wp-content\/uploads\/2023\/01\/IMG_9933.jpg 1366w, https:\/\/dioceseteixeiradefreitas.com.br\/wp-content\/uploads\/2023\/01\/IMG_9933-200x300.jpg 200w, https:\/\/dioceseteixeiradefreitas.com.br\/wp-content\/uploads\/2023\/01\/IMG_9933-683x1024.jpg 683w, https:\/\/dioceseteixeiradefreitas.com.br\/wp-content\/uploads\/2023\/01\/IMG_9933-768x1151.jpg 768w, https:\/\/dioceseteixeiradefreitas.com.br\/wp-content\/uploads\/2023\/01\/IMG_9933-1025x1536.jpg 1025w\" sizes=\"auto, (max-width: 1366px) 100vw, 1366px\" \/><\/a><\/figure>\n\n\n\n<figure class=\"wp-block-image size-large\"><a href=\"https:\/\/dioceseteixeiradefreitas.com.br\/wp-content\/uploads\/2023\/01\/IMG_9930.jpg\"><img loading=\"lazy\" decoding=\"async\" width=\"2048\" height=\"1366\" data-id=\"18995\" src=\"https:\/\/dioceseteixeiradefreitas.com.br\/wp-content\/uploads\/2023\/01\/IMG_9930.jpg\" alt=\"\" class=\"wp-image-18995\" srcset=\"https:\/\/dioceseteixeiradefreitas.com.br\/wp-content\/uploads\/2023\/01\/IMG_9930.jpg 2048w, https:\/\/dioceseteixeiradefreitas.com.br\/wp-content\/uploads\/2023\/01\/IMG_9930-300x200.jpg 300w, https:\/\/dioceseteixeiradefreitas.com.br\/wp-content\/uploads\/2023\/01\/IMG_9930-1024x683.jpg 1024w, https:\/\/dioceseteixeiradefreitas.com.br\/wp-content\/uploads\/2023\/01\/IMG_9930-768x512.jpg 768w, https:\/\/dioceseteixeiradefreitas.com.br\/wp-content\/uploads\/2023\/01\/IMG_9930-1536x1025.jpg 1536w\" sizes=\"auto, (max-width: 2048px) 100vw, 2048px\" \/><\/a><\/figure>\n\n\n\n<figure class=\"wp-block-image size-large\"><a href=\"https:\/\/dioceseteixeiradefreitas.com.br\/wp-content\/uploads\/2023\/01\/IMG_9929.jpg\"><img loading=\"lazy\" decoding=\"async\" width=\"2048\" height=\"1366\" data-id=\"18994\" src=\"https:\/\/dioceseteixeiradefreitas.com.br\/wp-content\/uploads\/2023\/01\/IMG_9929.jpg\" alt=\"\" class=\"wp-image-18994\" srcset=\"https:\/\/dioceseteixeiradefreitas.com.br\/wp-content\/uploads\/2023\/01\/IMG_9929.jpg 2048w, https:\/\/dioceseteixeiradefreitas.com.br\/wp-content\/uploads\/2023\/01\/IMG_9929-300x200.jpg 300w, https:\/\/dioceseteixeiradefreitas.com.br\/wp-content\/uploads\/2023\/01\/IMG_9929-1024x683.jpg 1024w, https:\/\/dioceseteixeiradefreitas.com.br\/wp-content\/uploads\/2023\/01\/IMG_9929-768x512.jpg 768w, https:\/\/dioceseteixeiradefreitas.com.br\/wp-content\/uploads\/2023\/01\/IMG_9929-1536x1025.jpg 1536w\" sizes=\"auto, (max-width: 2048px) 100vw, 2048px\" \/><\/a><\/figure>\n\n\n\n<figure class=\"wp-block-image size-large\"><a href=\"https:\/\/dioceseteixeiradefreitas.com.br\/wp-content\/uploads\/2023\/01\/IMG_9890.jpg\"><img loading=\"lazy\" decoding=\"async\" width=\"2048\" height=\"1366\" data-id=\"18993\" src=\"https:\/\/dioceseteixeiradefreitas.com.br\/wp-content\/uploads\/2023\/01\/IMG_9890.jpg\" alt=\"\" class=\"wp-image-18993\" srcset=\"https:\/\/dioceseteixeiradefreitas.com.br\/wp-content\/uploads\/2023\/01\/IMG_9890.jpg 2048w, https:\/\/dioceseteixeiradefreitas.com.br\/wp-content\/uploads\/2023\/01\/IMG_9890-300x200.jpg 300w, https:\/\/dioceseteixeiradefreitas.com.br\/wp-content\/uploads\/2023\/01\/IMG_9890-1024x683.jpg 1024w, https:\/\/dioceseteixeiradefreitas.com.br\/wp-content\/uploads\/2023\/01\/IMG_9890-768x512.jpg 768w, https:\/\/dioceseteixeiradefreitas.com.br\/wp-content\/uploads\/2023\/01\/IMG_9890-1536x1025.jpg 1536w\" sizes=\"auto, (max-width: 2048px) 100vw, 2048px\" \/><\/a><\/figure>\n\n\n\n<figure class=\"wp-block-image size-large\"><a href=\"https:\/\/dioceseteixeiradefreitas.com.br\/wp-content\/uploads\/2023\/01\/IMG_9882.jpg\"><img loading=\"lazy\" decoding=\"async\" width=\"2048\" height=\"1366\" data-id=\"18992\" src=\"https:\/\/dioceseteixeiradefreitas.com.br\/wp-content\/uploads\/2023\/01\/IMG_9882.jpg\" alt=\"\" class=\"wp-image-18992\" srcset=\"https:\/\/dioceseteixeiradefreitas.com.br\/wp-content\/uploads\/2023\/01\/IMG_9882.jpg 2048w, https:\/\/dioceseteixeiradefreitas.com.br\/wp-content\/uploads\/2023\/01\/IMG_9882-300x200.jpg 300w, https:\/\/dioceseteixeiradefreitas.com.br\/wp-content\/uploads\/2023\/01\/IMG_9882-1024x683.jpg 1024w, https:\/\/dioceseteixeiradefreitas.com.br\/wp-content\/uploads\/2023\/01\/IMG_9882-768x512.jpg 768w, https:\/\/dioceseteixeiradefreitas.com.br\/wp-content\/uploads\/2023\/01\/IMG_9882-1536x1025.jpg 1536w\" sizes=\"auto, (max-width: 2048px) 100vw, 2048px\" \/><\/a><\/figure>\n\n\n\n<figure class=\"wp-block-image size-large\"><a href=\"https:\/\/dioceseteixeiradefreitas.com.br\/wp-content\/uploads\/2023\/01\/IMG_9874.jpg\"><img loading=\"lazy\" decoding=\"async\" width=\"2048\" height=\"1366\" data-id=\"18991\" src=\"https:\/\/dioceseteixeiradefreitas.com.br\/wp-content\/uploads\/2023\/01\/IMG_9874.jpg\" alt=\"\" class=\"wp-image-18991\" srcset=\"https:\/\/dioceseteixeiradefreitas.com.br\/wp-content\/uploads\/2023\/01\/IMG_9874.jpg 2048w, https:\/\/dioceseteixeiradefreitas.com.br\/wp-content\/uploads\/2023\/01\/IMG_9874-300x200.jpg 300w, https:\/\/dioceseteixeiradefreitas.com.br\/wp-content\/uploads\/2023\/01\/IMG_9874-1024x683.jpg 1024w, https:\/\/dioceseteixeiradefreitas.com.br\/wp-content\/uploads\/2023\/01\/IMG_9874-768x512.jpg 768w, https:\/\/dioceseteixeiradefreitas.com.br\/wp-content\/uploads\/2023\/01\/IMG_9874-1536x1025.jpg 1536w\" sizes=\"auto, (max-width: 2048px) 100vw, 2048px\" \/><\/a><\/figure>\n\n\n\n<figure class=\"wp-block-image size-large\"><a href=\"https:\/\/dioceseteixeiradefreitas.com.br\/wp-content\/uploads\/2023\/01\/IMG_9858.jpg\"><img loading=\"lazy\" decoding=\"async\" width=\"1366\" height=\"2048\" data-id=\"18990\" src=\"https:\/\/dioceseteixeiradefreitas.com.br\/wp-content\/uploads\/2023\/01\/IMG_9858.jpg\" alt=\"\" class=\"wp-image-18990\" srcset=\"https:\/\/dioceseteixeiradefreitas.com.br\/wp-content\/uploads\/2023\/01\/IMG_9858.jpg 1366w, https:\/\/dioceseteixeiradefreitas.com.br\/wp-content\/uploads\/2023\/01\/IMG_9858-200x300.jpg 200w, https:\/\/dioceseteixeiradefreitas.com.br\/wp-content\/uploads\/2023\/01\/IMG_9858-683x1024.jpg 683w, https:\/\/dioceseteixeiradefreitas.com.br\/wp-content\/uploads\/2023\/01\/IMG_9858-768x1151.jpg 768w, https:\/\/dioceseteixeiradefreitas.com.br\/wp-content\/uploads\/2023\/01\/IMG_9858-1025x1536.jpg 1025w\" sizes=\"auto, (max-width: 1366px) 100vw, 1366px\" \/><\/a><\/figure>\n\n\n\n<figure class=\"wp-block-image size-large\"><a href=\"https:\/\/dioceseteixeiradefreitas.com.br\/wp-content\/uploads\/2023\/01\/IMG_9854.jpg\"><img loading=\"lazy\" decoding=\"async\" width=\"1366\" height=\"2048\" data-id=\"18989\" src=\"https:\/\/dioceseteixeiradefreitas.com.br\/wp-content\/uploads\/2023\/01\/IMG_9854.jpg\" alt=\"\" class=\"wp-image-18989\" srcset=\"https:\/\/dioceseteixeiradefreitas.com.br\/wp-content\/uploads\/2023\/01\/IMG_9854.jpg 1366w, https:\/\/dioceseteixeiradefreitas.com.br\/wp-content\/uploads\/2023\/01\/IMG_9854-200x300.jpg 200w, https:\/\/dioceseteixeiradefreitas.com.br\/wp-content\/uploads\/2023\/01\/IMG_9854-683x1024.jpg 683w, https:\/\/dioceseteixeiradefreitas.com.br\/wp-content\/uploads\/2023\/01\/IMG_9854-768x1151.jpg 768w, https:\/\/dioceseteixeiradefreitas.com.br\/wp-content\/uploads\/2023\/01\/IMG_9854-1025x1536.jpg 1025w\" sizes=\"auto, (max-width: 1366px) 100vw, 1366px\" \/><\/a><\/figure>\n\n\n\n<figure class=\"wp-block-image size-large\"><a href=\"https:\/\/dioceseteixeiradefreitas.com.br\/wp-content\/uploads\/2023\/01\/IMG_9851.jpg\"><img loading=\"lazy\" decoding=\"async\" width=\"2048\" height=\"1366\" data-id=\"18988\" src=\"https:\/\/dioceseteixeiradefreitas.com.br\/wp-content\/uploads\/2023\/01\/IMG_9851.jpg\" alt=\"\" class=\"wp-image-18988\" srcset=\"https:\/\/dioceseteixeiradefreitas.com.br\/wp-content\/uploads\/2023\/01\/IMG_9851.jpg 2048w, https:\/\/dioceseteixeiradefreitas.com.br\/wp-content\/uploads\/2023\/01\/IMG_9851-300x200.jpg 300w, https:\/\/dioceseteixeiradefreitas.com.br\/wp-content\/uploads\/2023\/01\/IMG_9851-1024x683.jpg 1024w, https:\/\/dioceseteixeiradefreitas.com.br\/wp-content\/uploads\/2023\/01\/IMG_9851-768x512.jpg 768w, https:\/\/dioceseteixeiradefreitas.com.br\/wp-content\/uploads\/2023\/01\/IMG_9851-1536x1025.jpg 1536w\" sizes=\"auto, (max-width: 2048px) 100vw, 2048px\" \/><\/a><\/figure>\n\n\n\n<figure class=\"wp-block-image size-large\"><a href=\"https:\/\/dioceseteixeiradefreitas.com.br\/wp-content\/uploads\/2023\/01\/IMG_9848.jpg\"><img loading=\"lazy\" decoding=\"async\" width=\"1366\" height=\"2048\" data-id=\"18987\" src=\"https:\/\/dioceseteixeiradefreitas.com.br\/wp-content\/uploads\/2023\/01\/IMG_9848.jpg\" alt=\"\" class=\"wp-image-18987\" srcset=\"https:\/\/dioceseteixeiradefreitas.com.br\/wp-content\/uploads\/2023\/01\/IMG_9848.jpg 1366w, https:\/\/dioceseteixeiradefreitas.com.br\/wp-content\/uploads\/2023\/01\/IMG_9848-200x300.jpg 200w, https:\/\/dioceseteixeiradefreitas.com.br\/wp-content\/uploads\/2023\/01\/IMG_9848-683x1024.jpg 683w, https:\/\/dioceseteixeiradefreitas.com.br\/wp-content\/uploads\/2023\/01\/IMG_9848-768x1151.jpg 768w, https:\/\/dioceseteixeiradefreitas.com.br\/wp-content\/uploads\/2023\/01\/IMG_9848-1025x1536.jpg 1025w\" sizes=\"auto, (max-width: 1366px) 100vw, 1366px\" \/><\/a><\/figure>\n\n\n\n<figure class=\"wp-block-image size-large\"><a href=\"https:\/\/dioceseteixeiradefreitas.com.br\/wp-content\/uploads\/2023\/01\/IMG_9848-1.jpg\"><img loading=\"lazy\" decoding=\"async\" width=\"1366\" height=\"2048\" data-id=\"18986\" src=\"https:\/\/dioceseteixeiradefreitas.com.br\/wp-content\/uploads\/2023\/01\/IMG_9848-1.jpg\" alt=\"\" class=\"wp-image-18986\" srcset=\"https:\/\/dioceseteixeiradefreitas.com.br\/wp-content\/uploads\/2023\/01\/IMG_9848-1.jpg 1366w, https:\/\/dioceseteixeiradefreitas.com.br\/wp-content\/uploads\/2023\/01\/IMG_9848-1-200x300.jpg 200w, https:\/\/dioceseteixeiradefreitas.com.br\/wp-content\/uploads\/2023\/01\/IMG_9848-1-683x1024.jpg 683w, https:\/\/dioceseteixeiradefreitas.com.br\/wp-content\/uploads\/2023\/01\/IMG_9848-1-768x1151.jpg 768w, https:\/\/dioceseteixeiradefreitas.com.br\/wp-content\/uploads\/2023\/01\/IMG_9848-1-1025x1536.jpg 1025w\" sizes=\"auto, (max-width: 1366px) 100vw, 1366px\" \/><\/a><\/figure>\n\n\n\n<figure class=\"wp-block-image size-large\"><a href=\"https:\/\/dioceseteixeiradefreitas.com.br\/wp-content\/uploads\/2023\/01\/IMG_9846.jpg\"><img loading=\"lazy\" decoding=\"async\" width=\"2048\" height=\"1366\" data-id=\"18985\" src=\"https:\/\/dioceseteixeiradefreitas.com.br\/wp-content\/uploads\/2023\/01\/IMG_9846.jpg\" alt=\"\" class=\"wp-image-18985\" srcset=\"https:\/\/dioceseteixeiradefreitas.com.br\/wp-content\/uploads\/2023\/01\/IMG_9846.jpg 2048w, https:\/\/dioceseteixeiradefreitas.com.br\/wp-content\/uploads\/2023\/01\/IMG_9846-300x200.jpg 300w, https:\/\/dioceseteixeiradefreitas.com.br\/wp-content\/uploads\/2023\/01\/IMG_9846-1024x683.jpg 1024w, https:\/\/dioceseteixeiradefreitas.com.br\/wp-content\/uploads\/2023\/01\/IMG_9846-768x512.jpg 768w, https:\/\/dioceseteixeiradefreitas.com.br\/wp-content\/uploads\/2023\/01\/IMG_9846-1536x1025.jpg 1536w\" sizes=\"auto, (max-width: 2048px) 100vw, 2048px\" \/><\/a><\/figure>\n\n\n\n<figure class=\"wp-block-image size-large\"><a href=\"https:\/\/dioceseteixeiradefreitas.com.br\/wp-content\/uploads\/2023\/01\/IMG_9841.jpg\"><img loading=\"lazy\" decoding=\"async\" width=\"2048\" height=\"1366\" data-id=\"18984\" src=\"https:\/\/dioceseteixeiradefreitas.com.br\/wp-content\/uploads\/2023\/01\/IMG_9841.jpg\" alt=\"\" class=\"wp-image-18984\" srcset=\"https:\/\/dioceseteixeiradefreitas.com.br\/wp-content\/uploads\/2023\/01\/IMG_9841.jpg 2048w, https:\/\/dioceseteixeiradefreitas.com.br\/wp-content\/uploads\/2023\/01\/IMG_9841-300x200.jpg 300w, https:\/\/dioceseteixeiradefreitas.com.br\/wp-content\/uploads\/2023\/01\/IMG_9841-1024x683.jpg 1024w, https:\/\/dioceseteixeiradefreitas.com.br\/wp-content\/uploads\/2023\/01\/IMG_9841-768x512.jpg 768w, https:\/\/dioceseteixeiradefreitas.com.br\/wp-content\/uploads\/2023\/01\/IMG_9841-1536x1025.jpg 1536w\" sizes=\"auto, (max-width: 2048px) 100vw, 2048px\" \/><\/a><\/figure>\n\n\n\n<figure class=\"wp-block-image size-large\"><a href=\"https:\/\/dioceseteixeiradefreitas.com.br\/wp-content\/uploads\/2023\/01\/IMG_9840.jpg\"><img loading=\"lazy\" decoding=\"async\" width=\"2048\" height=\"1366\" data-id=\"18983\" src=\"https:\/\/dioceseteixeiradefreitas.com.br\/wp-content\/uploads\/2023\/01\/IMG_9840.jpg\" alt=\"\" class=\"wp-image-18983\" srcset=\"https:\/\/dioceseteixeiradefreitas.com.br\/wp-content\/uploads\/2023\/01\/IMG_9840.jpg 2048w, https:\/\/dioceseteixeiradefreitas.com.br\/wp-content\/uploads\/2023\/01\/IMG_9840-300x200.jpg 300w, https:\/\/dioceseteixeiradefreitas.com.br\/wp-content\/uploads\/2023\/01\/IMG_9840-1024x683.jpg 1024w, https:\/\/dioceseteixeiradefreitas.com.br\/wp-content\/uploads\/2023\/01\/IMG_9840-768x512.jpg 768w, https:\/\/dioceseteixeiradefreitas.com.br\/wp-content\/uploads\/2023\/01\/IMG_9840-1536x1025.jpg 1536w\" sizes=\"auto, (max-width: 2048px) 100vw, 2048px\" \/><\/a><\/figure>\n\n\n\n<figure class=\"wp-block-image size-large\"><a href=\"https:\/\/dioceseteixeiradefreitas.com.br\/wp-content\/uploads\/2023\/01\/IMG_9836-1.jpg\"><img loading=\"lazy\" decoding=\"async\" width=\"2048\" height=\"1366\" data-id=\"18982\" src=\"https:\/\/dioceseteixeiradefreitas.com.br\/wp-content\/uploads\/2023\/01\/IMG_9836-1.jpg\" alt=\"\" class=\"wp-image-18982\" srcset=\"https:\/\/dioceseteixeiradefreitas.com.br\/wp-content\/uploads\/2023\/01\/IMG_9836-1.jpg 2048w, https:\/\/dioceseteixeiradefreitas.com.br\/wp-content\/uploads\/2023\/01\/IMG_9836-1-300x200.jpg 300w, https:\/\/dioceseteixeiradefreitas.com.br\/wp-content\/uploads\/2023\/01\/IMG_9836-1-1024x683.jpg 1024w, https:\/\/dioceseteixeiradefreitas.com.br\/wp-content\/uploads\/2023\/01\/IMG_9836-1-768x512.jpg 768w, https:\/\/dioceseteixeiradefreitas.com.br\/wp-content\/uploads\/2023\/01\/IMG_9836-1-1536x1025.jpg 1536w\" sizes=\"auto, (max-width: 2048px) 100vw, 2048px\" \/><\/a><\/figure>\n\n\n\n<figure class=\"wp-block-image size-large\"><a href=\"https:\/\/dioceseteixeiradefreitas.com.br\/wp-content\/uploads\/2023\/01\/IMG_9828.jpg\"><img loading=\"lazy\" decoding=\"async\" width=\"2048\" height=\"1366\" data-id=\"18981\" src=\"https:\/\/dioceseteixeiradefreitas.com.br\/wp-content\/uploads\/2023\/01\/IMG_9828.jpg\" alt=\"\" class=\"wp-image-18981\" srcset=\"https:\/\/dioceseteixeiradefreitas.com.br\/wp-content\/uploads\/2023\/01\/IMG_9828.jpg 2048w, https:\/\/dioceseteixeiradefreitas.com.br\/wp-content\/uploads\/2023\/01\/IMG_9828-300x200.jpg 300w, https:\/\/dioceseteixeiradefreitas.com.br\/wp-content\/uploads\/2023\/01\/IMG_9828-1024x683.jpg 1024w, https:\/\/dioceseteixeiradefreitas.com.br\/wp-content\/uploads\/2023\/01\/IMG_9828-768x512.jpg 768w, https:\/\/dioceseteixeiradefreitas.com.br\/wp-content\/uploads\/2023\/01\/IMG_9828-1536x1025.jpg 1536w\" sizes=\"auto, (max-width: 2048px) 100vw, 2048px\" \/><\/a><\/figure>\n\n\n\n<figure class=\"wp-block-image size-large\"><a href=\"https:\/\/dioceseteixeiradefreitas.com.br\/wp-content\/uploads\/2023\/01\/IMG_9818.jpg\"><img loading=\"lazy\" decoding=\"async\" width=\"2048\" height=\"1366\" data-id=\"18980\" src=\"https:\/\/dioceseteixeiradefreitas.com.br\/wp-content\/uploads\/2023\/01\/IMG_9818.jpg\" alt=\"\" class=\"wp-image-18980\" srcset=\"https:\/\/dioceseteixeiradefreitas.com.br\/wp-content\/uploads\/2023\/01\/IMG_9818.jpg 2048w, https:\/\/dioceseteixeiradefreitas.com.br\/wp-content\/uploads\/2023\/01\/IMG_9818-300x200.jpg 300w, https:\/\/dioceseteixeiradefreitas.com.br\/wp-content\/uploads\/2023\/01\/IMG_9818-1024x683.jpg 1024w, https:\/\/dioceseteixeiradefreitas.com.br\/wp-content\/uploads\/2023\/01\/IMG_9818-768x512.jpg 768w, https:\/\/dioceseteixeiradefreitas.com.br\/wp-content\/uploads\/2023\/01\/IMG_9818-1536x1025.jpg 1536w\" sizes=\"auto, (max-width: 2048px) 100vw, 2048px\" \/><\/a><\/figure>\n\n\n\n<figure class=\"wp-block-image size-large\"><a href=\"https:\/\/dioceseteixeiradefreitas.com.br\/wp-content\/uploads\/2023\/01\/IMG_9815.jpg\"><img loading=\"lazy\" decoding=\"async\" width=\"2048\" height=\"1366\" data-id=\"18979\" src=\"https:\/\/dioceseteixeiradefreitas.com.br\/wp-content\/uploads\/2023\/01\/IMG_9815.jpg\" alt=\"\" class=\"wp-image-18979\" srcset=\"https:\/\/dioceseteixeiradefreitas.com.br\/wp-content\/uploads\/2023\/01\/IMG_9815.jpg 2048w, https:\/\/dioceseteixeiradefreitas.com.br\/wp-content\/uploads\/2023\/01\/IMG_9815-300x200.jpg 300w, https:\/\/dioceseteixeiradefreitas.com.br\/wp-content\/uploads\/2023\/01\/IMG_9815-1024x683.jpg 1024w, https:\/\/dioceseteixeiradefreitas.com.br\/wp-content\/uploads\/2023\/01\/IMG_9815-768x512.jpg 768w, https:\/\/dioceseteixeiradefreitas.com.br\/wp-content\/uploads\/2023\/01\/IMG_9815-1536x1025.jpg 1536w\" sizes=\"auto, (max-width: 2048px) 100vw, 2048px\" \/><\/a><\/figure>\n\n\n\n<figure class=\"wp-block-image size-large\"><a href=\"https:\/\/dioceseteixeiradefreitas.com.br\/wp-content\/uploads\/2023\/01\/IMG_9807.jpg\"><img loading=\"lazy\" decoding=\"async\" width=\"2048\" height=\"1366\" data-id=\"18978\" src=\"https:\/\/dioceseteixeiradefreitas.com.br\/wp-content\/uploads\/2023\/01\/IMG_9807.jpg\" alt=\"\" class=\"wp-image-18978\" srcset=\"https:\/\/dioceseteixeiradefreitas.com.br\/wp-content\/uploads\/2023\/01\/IMG_9807.jpg 2048w, https:\/\/dioceseteixeiradefreitas.com.br\/wp-content\/uploads\/2023\/01\/IMG_9807-300x200.jpg 300w, https:\/\/dioceseteixeiradefreitas.com.br\/wp-content\/uploads\/2023\/01\/IMG_9807-1024x683.jpg 1024w, https:\/\/dioceseteixeiradefreitas.com.br\/wp-content\/uploads\/2023\/01\/IMG_9807-768x512.jpg 768w, https:\/\/dioceseteixeiradefreitas.com.br\/wp-content\/uploads\/2023\/01\/IMG_9807-1536x1025.jpg 1536w\" sizes=\"auto, (max-width: 2048px) 100vw, 2048px\" \/><\/a><\/figure>\n\n\n\n<figure class=\"wp-block-image size-large\"><a href=\"https:\/\/dioceseteixeiradefreitas.com.br\/wp-content\/uploads\/2023\/01\/IMG_9796.jpg\"><img loading=\"lazy\" decoding=\"async\" width=\"1366\" height=\"2048\" data-id=\"18977\" src=\"https:\/\/dioceseteixeiradefreitas.com.br\/wp-content\/uploads\/2023\/01\/IMG_9796.jpg\" alt=\"\" class=\"wp-image-18977\" srcset=\"https:\/\/dioceseteixeiradefreitas.com.br\/wp-content\/uploads\/2023\/01\/IMG_9796.jpg 1366w, https:\/\/dioceseteixeiradefreitas.com.br\/wp-content\/uploads\/2023\/01\/IMG_9796-200x300.jpg 200w, https:\/\/dioceseteixeiradefreitas.com.br\/wp-content\/uploads\/2023\/01\/IMG_9796-683x1024.jpg 683w, https:\/\/dioceseteixeiradefreitas.com.br\/wp-content\/uploads\/2023\/01\/IMG_9796-768x1151.jpg 768w, https:\/\/dioceseteixeiradefreitas.com.br\/wp-content\/uploads\/2023\/01\/IMG_9796-1025x1536.jpg 1025w\" sizes=\"auto, (max-width: 1366px) 100vw, 1366px\" \/><\/a><\/figure>\n\n\n\n<figure class=\"wp-block-image size-large\"><a href=\"https:\/\/dioceseteixeiradefreitas.com.br\/wp-content\/uploads\/2023\/01\/IMG_9789.jpg\"><img loading=\"lazy\" decoding=\"async\" width=\"1366\" height=\"2048\" data-id=\"18976\" src=\"https:\/\/dioceseteixeiradefreitas.com.br\/wp-content\/uploads\/2023\/01\/IMG_9789.jpg\" alt=\"\" class=\"wp-image-18976\" srcset=\"https:\/\/dioceseteixeiradefreitas.com.br\/wp-content\/uploads\/2023\/01\/IMG_9789.jpg 1366w, https:\/\/dioceseteixeiradefreitas.com.br\/wp-content\/uploads\/2023\/01\/IMG_9789-200x300.jpg 200w, https:\/\/dioceseteixeiradefreitas.com.br\/wp-content\/uploads\/2023\/01\/IMG_9789-683x1024.jpg 683w, https:\/\/dioceseteixeiradefreitas.com.br\/wp-content\/uploads\/2023\/01\/IMG_9789-768x1151.jpg 768w, https:\/\/dioceseteixeiradefreitas.com.br\/wp-content\/uploads\/2023\/01\/IMG_9789-1025x1536.jpg 1025w\" sizes=\"auto, (max-width: 1366px) 100vw, 1366px\" \/><\/a><\/figure>\n\n\n\n<figure class=\"wp-block-image size-large\"><a href=\"https:\/\/dioceseteixeiradefreitas.com.br\/wp-content\/uploads\/2023\/01\/IMG_9784.jpg\"><img loading=\"lazy\" decoding=\"async\" width=\"2048\" height=\"1366\" data-id=\"18975\" src=\"https:\/\/dioceseteixeiradefreitas.com.br\/wp-content\/uploads\/2023\/01\/IMG_9784.jpg\" alt=\"\" class=\"wp-image-18975\" srcset=\"https:\/\/dioceseteixeiradefreitas.com.br\/wp-content\/uploads\/2023\/01\/IMG_9784.jpg 2048w, https:\/\/dioceseteixeiradefreitas.com.br\/wp-content\/uploads\/2023\/01\/IMG_9784-300x200.jpg 300w, https:\/\/dioceseteixeiradefreitas.com.br\/wp-content\/uploads\/2023\/01\/IMG_9784-1024x683.jpg 1024w, https:\/\/dioceseteixeiradefreitas.com.br\/wp-content\/uploads\/2023\/01\/IMG_9784-768x512.jpg 768w, https:\/\/dioceseteixeiradefreitas.com.br\/wp-content\/uploads\/2023\/01\/IMG_9784-1536x1025.jpg 1536w\" sizes=\"auto, (max-width: 2048px) 100vw, 2048px\" \/><\/a><\/figure>\n\n\n\n<figure class=\"wp-block-image size-large\"><a href=\"https:\/\/dioceseteixeiradefreitas.com.br\/wp-content\/uploads\/2023\/01\/IMG_9772.jpg\"><img loading=\"lazy\" decoding=\"async\" width=\"2048\" height=\"1366\" data-id=\"18974\" src=\"https:\/\/dioceseteixeiradefreitas.com.br\/wp-content\/uploads\/2023\/01\/IMG_9772.jpg\" alt=\"\" class=\"wp-image-18974\" srcset=\"https:\/\/dioceseteixeiradefreitas.com.br\/wp-content\/uploads\/2023\/01\/IMG_9772.jpg 2048w, https:\/\/dioceseteixeiradefreitas.com.br\/wp-content\/uploads\/2023\/01\/IMG_9772-300x200.jpg 300w, https:\/\/dioceseteixeiradefreitas.com.br\/wp-content\/uploads\/2023\/01\/IMG_9772-1024x683.jpg 1024w, https:\/\/dioceseteixeiradefreitas.com.br\/wp-content\/uploads\/2023\/01\/IMG_9772-768x512.jpg 768w, https:\/\/dioceseteixeiradefreitas.com.br\/wp-content\/uploads\/2023\/01\/IMG_9772-1536x1025.jpg 1536w\" sizes=\"auto, (max-width: 2048px) 100vw, 2048px\" \/><\/a><\/figure>\n\n\n\n<figure class=\"wp-block-image size-large\"><a href=\"https:\/\/dioceseteixeiradefreitas.com.br\/wp-content\/uploads\/2023\/01\/IMG_9763.jpg\"><img loading=\"lazy\" decoding=\"async\" width=\"1366\" height=\"2048\" data-id=\"18973\" src=\"https:\/\/dioceseteixeiradefreitas.com.br\/wp-content\/uploads\/2023\/01\/IMG_9763.jpg\" alt=\"\" class=\"wp-image-18973\" srcset=\"https:\/\/dioceseteixeiradefreitas.com.br\/wp-content\/uploads\/2023\/01\/IMG_9763.jpg 1366w, https:\/\/dioceseteixeiradefreitas.com.br\/wp-content\/uploads\/2023\/01\/IMG_9763-200x300.jpg 200w, https:\/\/dioceseteixeiradefreitas.com.br\/wp-content\/uploads\/2023\/01\/IMG_9763-683x1024.jpg 683w, https:\/\/dioceseteixeiradefreitas.com.br\/wp-content\/uploads\/2023\/01\/IMG_9763-768x1151.jpg 768w, https:\/\/dioceseteixeiradefreitas.com.br\/wp-content\/uploads\/2023\/01\/IMG_9763-1025x1536.jpg 1025w\" sizes=\"auto, (max-width: 1366px) 100vw, 1366px\" \/><\/a><\/figure>\n\n\n\n<figure class=\"wp-block-image size-large\"><a href=\"https:\/\/dioceseteixeiradefreitas.com.br\/wp-content\/uploads\/2023\/01\/IMG_9756.jpg\"><img loading=\"lazy\" decoding=\"async\" width=\"1366\" height=\"2048\" data-id=\"18972\" src=\"https:\/\/dioceseteixeiradefreitas.com.br\/wp-content\/uploads\/2023\/01\/IMG_9756.jpg\" alt=\"\" class=\"wp-image-18972\" srcset=\"https:\/\/dioceseteixeiradefreitas.com.br\/wp-content\/uploads\/2023\/01\/IMG_9756.jpg 1366w, https:\/\/dioceseteixeiradefreitas.com.br\/wp-content\/uploads\/2023\/01\/IMG_9756-200x300.jpg 200w, https:\/\/dioceseteixeiradefreitas.com.br\/wp-content\/uploads\/2023\/01\/IMG_9756-683x1024.jpg 683w, https:\/\/dioceseteixeiradefreitas.com.br\/wp-content\/uploads\/2023\/01\/IMG_9756-768x1151.jpg 768w, https:\/\/dioceseteixeiradefreitas.com.br\/wp-content\/uploads\/2023\/01\/IMG_9756-1025x1536.jpg 1025w\" sizes=\"auto, (max-width: 1366px) 100vw, 1366px\" \/><\/a><\/figure>\n\n\n\n<figure class=\"wp-block-image size-large\"><a href=\"https:\/\/dioceseteixeiradefreitas.com.br\/wp-content\/uploads\/2023\/01\/IMG_9751.jpg\"><img loading=\"lazy\" decoding=\"async\" width=\"2048\" height=\"1366\" data-id=\"18971\" src=\"https:\/\/dioceseteixeiradefreitas.com.br\/wp-content\/uploads\/2023\/01\/IMG_9751.jpg\" alt=\"\" class=\"wp-image-18971\" srcset=\"https:\/\/dioceseteixeiradefreitas.com.br\/wp-content\/uploads\/2023\/01\/IMG_9751.jpg 2048w, https:\/\/dioceseteixeiradefreitas.com.br\/wp-content\/uploads\/2023\/01\/IMG_9751-300x200.jpg 300w, https:\/\/dioceseteixeiradefreitas.com.br\/wp-content\/uploads\/2023\/01\/IMG_9751-1024x683.jpg 1024w, https:\/\/dioceseteixeiradefreitas.com.br\/wp-content\/uploads\/2023\/01\/IMG_9751-768x512.jpg 768w, https:\/\/dioceseteixeiradefreitas.com.br\/wp-content\/uploads\/2023\/01\/IMG_9751-1536x1025.jpg 1536w\" sizes=\"auto, (max-width: 2048px) 100vw, 2048px\" \/><\/a><\/figure>\n\n\n\n<figure class=\"wp-block-image size-large\"><a href=\"https:\/\/dioceseteixeiradefreitas.com.br\/wp-content\/uploads\/2023\/01\/IMG_9744.jpg\"><img loading=\"lazy\" decoding=\"async\" width=\"2048\" height=\"1366\" data-id=\"18970\" src=\"https:\/\/dioceseteixeiradefreitas.com.br\/wp-content\/uploads\/2023\/01\/IMG_9744.jpg\" alt=\"\" class=\"wp-image-18970\" srcset=\"https:\/\/dioceseteixeiradefreitas.com.br\/wp-content\/uploads\/2023\/01\/IMG_9744.jpg 2048w, https:\/\/dioceseteixeiradefreitas.com.br\/wp-content\/uploads\/2023\/01\/IMG_9744-300x200.jpg 300w, https:\/\/dioceseteixeiradefreitas.com.br\/wp-content\/uploads\/2023\/01\/IMG_9744-1024x683.jpg 1024w, https:\/\/dioceseteixeiradefreitas.com.br\/wp-content\/uploads\/2023\/01\/IMG_9744-768x512.jpg 768w, https:\/\/dioceseteixeiradefreitas.com.br\/wp-content\/uploads\/2023\/01\/IMG_9744-1536x1025.jpg 1536w\" sizes=\"auto, (max-width: 2048px) 100vw, 2048px\" \/><\/a><\/figure>\n\n\n\n<figure class=\"wp-block-image size-large\"><a href=\"https:\/\/dioceseteixeiradefreitas.com.br\/wp-content\/uploads\/2023\/01\/IMG_9738.jpg\"><img loading=\"lazy\" decoding=\"async\" width=\"2048\" height=\"1366\" data-id=\"18969\" src=\"https:\/\/dioceseteixeiradefreitas.com.br\/wp-content\/uploads\/2023\/01\/IMG_9738.jpg\" alt=\"\" class=\"wp-image-18969\" srcset=\"https:\/\/dioceseteixeiradefreitas.com.br\/wp-content\/uploads\/2023\/01\/IMG_9738.jpg 2048w, https:\/\/dioceseteixeiradefreitas.com.br\/wp-content\/uploads\/2023\/01\/IMG_9738-300x200.jpg 300w, https:\/\/dioceseteixeiradefreitas.com.br\/wp-content\/uploads\/2023\/01\/IMG_9738-1024x683.jpg 1024w, https:\/\/dioceseteixeiradefreitas.com.br\/wp-content\/uploads\/2023\/01\/IMG_9738-768x512.jpg 768w, https:\/\/dioceseteixeiradefreitas.com.br\/wp-content\/uploads\/2023\/01\/IMG_9738-1536x1025.jpg 1536w\" sizes=\"auto, (max-width: 2048px) 100vw, 2048px\" \/><\/a><\/figure>\n\n\n\n<figure class=\"wp-block-image size-large\"><a href=\"https:\/\/dioceseteixeiradefreitas.com.br\/wp-content\/uploads\/2023\/01\/IMG_9734.jpg\"><img loading=\"lazy\" decoding=\"async\" width=\"2048\" height=\"1366\" data-id=\"18968\" src=\"https:\/\/dioceseteixeiradefreitas.com.br\/wp-content\/uploads\/2023\/01\/IMG_9734.jpg\" alt=\"\" class=\"wp-image-18968\" srcset=\"https:\/\/dioceseteixeiradefreitas.com.br\/wp-content\/uploads\/2023\/01\/IMG_9734.jpg 2048w, https:\/\/dioceseteixeiradefreitas.com.br\/wp-content\/uploads\/2023\/01\/IMG_9734-300x200.jpg 300w, https:\/\/dioceseteixeiradefreitas.com.br\/wp-content\/uploads\/2023\/01\/IMG_9734-1024x683.jpg 1024w, https:\/\/dioceseteixeiradefreitas.com.br\/wp-content\/uploads\/2023\/01\/IMG_9734-768x512.jpg 768w, https:\/\/dioceseteixeiradefreitas.com.br\/wp-content\/uploads\/2023\/01\/IMG_9734-1536x1025.jpg 1536w\" sizes=\"auto, (max-width: 2048px) 100vw, 2048px\" \/><\/a><\/figure>\n\n\n\n<figure class=\"wp-block-image size-large\"><a href=\"https:\/\/dioceseteixeiradefreitas.com.br\/wp-content\/uploads\/2023\/01\/IMG_9733.jpg\"><img loading=\"lazy\" decoding=\"async\" width=\"1366\" height=\"2048\" data-id=\"18967\" src=\"https:\/\/dioceseteixeiradefreitas.com.br\/wp-content\/uploads\/2023\/01\/IMG_9733.jpg\" alt=\"\" class=\"wp-image-18967\" srcset=\"https:\/\/dioceseteixeiradefreitas.com.br\/wp-content\/uploads\/2023\/01\/IMG_9733.jpg 1366w, https:\/\/dioceseteixeiradefreitas.com.br\/wp-content\/uploads\/2023\/01\/IMG_9733-200x300.jpg 200w, https:\/\/dioceseteixeiradefreitas.com.br\/wp-content\/uploads\/2023\/01\/IMG_9733-683x1024.jpg 683w, https:\/\/dioceseteixeiradefreitas.com.br\/wp-content\/uploads\/2023\/01\/IMG_9733-768x1151.jpg 768w, https:\/\/dioceseteixeiradefreitas.com.br\/wp-content\/uploads\/2023\/01\/IMG_9733-1025x1536.jpg 1025w\" sizes=\"auto, (max-width: 1366px) 100vw, 1366px\" \/><\/a><\/figure>\n\n\n\n<figure class=\"wp-block-image size-large\"><a href=\"https:\/\/dioceseteixeiradefreitas.com.br\/wp-content\/uploads\/2023\/01\/IMG_9731.jpg\"><img loading=\"lazy\" decoding=\"async\" width=\"1366\" height=\"2048\" data-id=\"18966\" src=\"https:\/\/dioceseteixeiradefreitas.com.br\/wp-content\/uploads\/2023\/01\/IMG_9731.jpg\" alt=\"\" class=\"wp-image-18966\" srcset=\"https:\/\/dioceseteixeiradefreitas.com.br\/wp-content\/uploads\/2023\/01\/IMG_9731.jpg 1366w, https:\/\/dioceseteixeiradefreitas.com.br\/wp-content\/uploads\/2023\/01\/IMG_9731-200x300.jpg 200w, https:\/\/dioceseteixeiradefreitas.com.br\/wp-content\/uploads\/2023\/01\/IMG_9731-683x1024.jpg 683w, https:\/\/dioceseteixeiradefreitas.com.br\/wp-content\/uploads\/2023\/01\/IMG_9731-768x1151.jpg 768w, https:\/\/dioceseteixeiradefreitas.com.br\/wp-content\/uploads\/2023\/01\/IMG_9731-1025x1536.jpg 1025w\" sizes=\"auto, (max-width: 1366px) 100vw, 1366px\" \/><\/a><\/figure>\n\n\n\n<figure class=\"wp-block-image size-large\"><a href=\"https:\/\/dioceseteixeiradefreitas.com.br\/wp-content\/uploads\/2023\/01\/IMG_9725.jpg\"><img loading=\"lazy\" decoding=\"async\" width=\"2048\" height=\"1366\" data-id=\"18965\" src=\"https:\/\/dioceseteixeiradefreitas.com.br\/wp-content\/uploads\/2023\/01\/IMG_9725.jpg\" alt=\"\" class=\"wp-image-18965\" srcset=\"https:\/\/dioceseteixeiradefreitas.com.br\/wp-content\/uploads\/2023\/01\/IMG_9725.jpg 2048w, https:\/\/dioceseteixeiradefreitas.com.br\/wp-content\/uploads\/2023\/01\/IMG_9725-300x200.jpg 300w, https:\/\/dioceseteixeiradefreitas.com.br\/wp-content\/uploads\/2023\/01\/IMG_9725-1024x683.jpg 1024w, https:\/\/dioceseteixeiradefreitas.com.br\/wp-content\/uploads\/2023\/01\/IMG_9725-768x512.jpg 768w, https:\/\/dioceseteixeiradefreitas.com.br\/wp-content\/uploads\/2023\/01\/IMG_9725-1536x1025.jpg 1536w\" sizes=\"auto, (max-width: 2048px) 100vw, 2048px\" \/><\/a><\/figure>\n\n\n\n<figure class=\"wp-block-image size-large\"><a href=\"https:\/\/dioceseteixeiradefreitas.com.br\/wp-content\/uploads\/2023\/01\/IMG_9713.jpg\"><img loading=\"lazy\" decoding=\"async\" width=\"1366\" height=\"2048\" data-id=\"18964\" src=\"https:\/\/dioceseteixeiradefreitas.com.br\/wp-content\/uploads\/2023\/01\/IMG_9713.jpg\" alt=\"\" class=\"wp-image-18964\" srcset=\"https:\/\/dioceseteixeiradefreitas.com.br\/wp-content\/uploads\/2023\/01\/IMG_9713.jpg 1366w, https:\/\/dioceseteixeiradefreitas.com.br\/wp-content\/uploads\/2023\/01\/IMG_9713-200x300.jpg 200w, https:\/\/dioceseteixeiradefreitas.com.br\/wp-content\/uploads\/2023\/01\/IMG_9713-683x1024.jpg 683w, https:\/\/dioceseteixeiradefreitas.com.br\/wp-content\/uploads\/2023\/01\/IMG_9713-768x1151.jpg 768w, https:\/\/dioceseteixeiradefreitas.com.br\/wp-content\/uploads\/2023\/01\/IMG_9713-1025x1536.jpg 1025w\" sizes=\"auto, (max-width: 1366px) 100vw, 1366px\" \/><\/a><\/figure>\n\n\n\n<figure class=\"wp-block-image size-large\"><a href=\"https:\/\/dioceseteixeiradefreitas.com.br\/wp-content\/uploads\/2023\/01\/IMG_9709.jpg\"><img loading=\"lazy\" decoding=\"async\" width=\"2048\" height=\"1366\" data-id=\"18963\" src=\"https:\/\/dioceseteixeiradefreitas.com.br\/wp-content\/uploads\/2023\/01\/IMG_9709.jpg\" alt=\"\" class=\"wp-image-18963\" srcset=\"https:\/\/dioceseteixeiradefreitas.com.br\/wp-content\/uploads\/2023\/01\/IMG_9709.jpg 2048w, https:\/\/dioceseteixeiradefreitas.com.br\/wp-content\/uploads\/2023\/01\/IMG_9709-300x200.jpg 300w, https:\/\/dioceseteixeiradefreitas.com.br\/wp-content\/uploads\/2023\/01\/IMG_9709-1024x683.jpg 1024w, https:\/\/dioceseteixeiradefreitas.com.br\/wp-content\/uploads\/2023\/01\/IMG_9709-768x512.jpg 768w, https:\/\/dioceseteixeiradefreitas.com.br\/wp-content\/uploads\/2023\/01\/IMG_9709-1536x1025.jpg 1536w\" sizes=\"auto, (max-width: 2048px) 100vw, 2048px\" \/><\/a><\/figure>\n\n\n\n<figure class=\"wp-block-image size-large\"><a href=\"https:\/\/dioceseteixeiradefreitas.com.br\/wp-content\/uploads\/2023\/01\/IMG_9708.jpg\"><img loading=\"lazy\" decoding=\"async\" width=\"2048\" height=\"1366\" data-id=\"18962\" src=\"https:\/\/dioceseteixeiradefreitas.com.br\/wp-content\/uploads\/2023\/01\/IMG_9708.jpg\" alt=\"\" class=\"wp-image-18962\" srcset=\"https:\/\/dioceseteixeiradefreitas.com.br\/wp-content\/uploads\/2023\/01\/IMG_9708.jpg 2048w, https:\/\/dioceseteixeiradefreitas.com.br\/wp-content\/uploads\/2023\/01\/IMG_9708-300x200.jpg 300w, https:\/\/dioceseteixeiradefreitas.com.br\/wp-content\/uploads\/2023\/01\/IMG_9708-1024x683.jpg 1024w, https:\/\/dioceseteixeiradefreitas.com.br\/wp-content\/uploads\/2023\/01\/IMG_9708-768x512.jpg 768w, https:\/\/dioceseteixeiradefreitas.com.br\/wp-content\/uploads\/2023\/01\/IMG_9708-1536x1025.jpg 1536w\" sizes=\"auto, (max-width: 2048px) 100vw, 2048px\" \/><\/a><\/figure>\n\n\n\n<figure class=\"wp-block-image size-large\"><a href=\"https:\/\/dioceseteixeiradefreitas.com.br\/wp-content\/uploads\/2023\/01\/IMG_9704.jpg\"><img loading=\"lazy\" decoding=\"async\" width=\"2048\" height=\"1366\" data-id=\"18961\" src=\"https:\/\/dioceseteixeiradefreitas.com.br\/wp-content\/uploads\/2023\/01\/IMG_9704.jpg\" alt=\"\" class=\"wp-image-18961\" srcset=\"https:\/\/dioceseteixeiradefreitas.com.br\/wp-content\/uploads\/2023\/01\/IMG_9704.jpg 2048w, https:\/\/dioceseteixeiradefreitas.com.br\/wp-content\/uploads\/2023\/01\/IMG_9704-300x200.jpg 300w, https:\/\/dioceseteixeiradefreitas.com.br\/wp-content\/uploads\/2023\/01\/IMG_9704-1024x683.jpg 1024w, https:\/\/dioceseteixeiradefreitas.com.br\/wp-content\/uploads\/2023\/01\/IMG_9704-768x512.jpg 768w, https:\/\/dioceseteixeiradefreitas.com.br\/wp-content\/uploads\/2023\/01\/IMG_9704-1536x1025.jpg 1536w\" sizes=\"auto, (max-width: 2048px) 100vw, 2048px\" \/><\/a><\/figure>\n\n\n\n<figure class=\"wp-block-image size-large\"><a href=\"https:\/\/dioceseteixeiradefreitas.com.br\/wp-content\/uploads\/2023\/01\/IMG_9702.jpg\"><img loading=\"lazy\" decoding=\"async\" width=\"1366\" height=\"2048\" data-id=\"18960\" src=\"https:\/\/dioceseteixeiradefreitas.com.br\/wp-content\/uploads\/2023\/01\/IMG_9702.jpg\" alt=\"\" class=\"wp-image-18960\" srcset=\"https:\/\/dioceseteixeiradefreitas.com.br\/wp-content\/uploads\/2023\/01\/IMG_9702.jpg 1366w, https:\/\/dioceseteixeiradefreitas.com.br\/wp-content\/uploads\/2023\/01\/IMG_9702-200x300.jpg 200w, https:\/\/dioceseteixeiradefreitas.com.br\/wp-content\/uploads\/2023\/01\/IMG_9702-683x1024.jpg 683w, https:\/\/dioceseteixeiradefreitas.com.br\/wp-content\/uploads\/2023\/01\/IMG_9702-768x1151.jpg 768w, https:\/\/dioceseteixeiradefreitas.com.br\/wp-content\/uploads\/2023\/01\/IMG_9702-1025x1536.jpg 1025w\" sizes=\"auto, (max-width: 1366px) 100vw, 1366px\" \/><\/a><\/figure>\n\n\n\n<figure class=\"wp-block-image size-large\"><a href=\"https:\/\/dioceseteixeiradefreitas.com.br\/wp-content\/uploads\/2023\/01\/IMG_9695.jpg\"><img loading=\"lazy\" decoding=\"async\" width=\"2048\" height=\"1366\" data-id=\"18959\" src=\"https:\/\/dioceseteixeiradefreitas.com.br\/wp-content\/uploads\/2023\/01\/IMG_9695.jpg\" alt=\"\" class=\"wp-image-18959\" srcset=\"https:\/\/dioceseteixeiradefreitas.com.br\/wp-content\/uploads\/2023\/01\/IMG_9695.jpg 2048w, https:\/\/dioceseteixeiradefreitas.com.br\/wp-content\/uploads\/2023\/01\/IMG_9695-300x200.jpg 300w, https:\/\/dioceseteixeiradefreitas.com.br\/wp-content\/uploads\/2023\/01\/IMG_9695-1024x683.jpg 1024w, https:\/\/dioceseteixeiradefreitas.com.br\/wp-content\/uploads\/2023\/01\/IMG_9695-768x512.jpg 768w, https:\/\/dioceseteixeiradefreitas.com.br\/wp-content\/uploads\/2023\/01\/IMG_9695-1536x1025.jpg 1536w\" sizes=\"auto, (max-width: 2048px) 100vw, 2048px\" \/><\/a><\/figure>\n\n\n\n<figure class=\"wp-block-image size-large\"><a href=\"https:\/\/dioceseteixeiradefreitas.com.br\/wp-content\/uploads\/2023\/01\/IMG_9693.jpg\"><img loading=\"lazy\" decoding=\"async\" width=\"1366\" height=\"2048\" data-id=\"18958\" src=\"https:\/\/dioceseteixeiradefreitas.com.br\/wp-content\/uploads\/2023\/01\/IMG_9693.jpg\" alt=\"\" class=\"wp-image-18958\" srcset=\"https:\/\/dioceseteixeiradefreitas.com.br\/wp-content\/uploads\/2023\/01\/IMG_9693.jpg 1366w, https:\/\/dioceseteixeiradefreitas.com.br\/wp-content\/uploads\/2023\/01\/IMG_9693-200x300.jpg 200w, https:\/\/dioceseteixeiradefreitas.com.br\/wp-content\/uploads\/2023\/01\/IMG_9693-683x1024.jpg 683w, https:\/\/dioceseteixeiradefreitas.com.br\/wp-content\/uploads\/2023\/01\/IMG_9693-768x1151.jpg 768w, https:\/\/dioceseteixeiradefreitas.com.br\/wp-content\/uploads\/2023\/01\/IMG_9693-1025x1536.jpg 1025w\" sizes=\"auto, (max-width: 1366px) 100vw, 1366px\" \/><\/a><\/figure>\n\n\n\n<figure class=\"wp-block-image size-large\"><a href=\"https:\/\/dioceseteixeiradefreitas.com.br\/wp-content\/uploads\/2023\/01\/IMG_9677.jpg\"><img loading=\"lazy\" decoding=\"async\" width=\"1366\" height=\"2048\" data-id=\"18957\" src=\"https:\/\/dioceseteixeiradefreitas.com.br\/wp-content\/uploads\/2023\/01\/IMG_9677.jpg\" alt=\"\" class=\"wp-image-18957\" srcset=\"https:\/\/dioceseteixeiradefreitas.com.br\/wp-content\/uploads\/2023\/01\/IMG_9677.jpg 1366w, https:\/\/dioceseteixeiradefreitas.com.br\/wp-content\/uploads\/2023\/01\/IMG_9677-200x300.jpg 200w, https:\/\/dioceseteixeiradefreitas.com.br\/wp-content\/uploads\/2023\/01\/IMG_9677-683x1024.jpg 683w, https:\/\/dioceseteixeiradefreitas.com.br\/wp-content\/uploads\/2023\/01\/IMG_9677-768x1151.jpg 768w, https:\/\/dioceseteixeiradefreitas.com.br\/wp-content\/uploads\/2023\/01\/IMG_9677-1025x1536.jpg 1025w\" sizes=\"auto, (max-width: 1366px) 100vw, 1366px\" \/><\/a><\/figure>\n\n\n\n<figure class=\"wp-block-image size-large\"><a href=\"https:\/\/dioceseteixeiradefreitas.com.br\/wp-content\/uploads\/2023\/01\/IMG_9676.jpg\"><img loading=\"lazy\" decoding=\"async\" width=\"2048\" height=\"1366\" data-id=\"18956\" src=\"https:\/\/dioceseteixeiradefreitas.com.br\/wp-content\/uploads\/2023\/01\/IMG_9676.jpg\" alt=\"\" class=\"wp-image-18956\" srcset=\"https:\/\/dioceseteixeiradefreitas.com.br\/wp-content\/uploads\/2023\/01\/IMG_9676.jpg 2048w, https:\/\/dioceseteixeiradefreitas.com.br\/wp-content\/uploads\/2023\/01\/IMG_9676-300x200.jpg 300w, https:\/\/dioceseteixeiradefreitas.com.br\/wp-content\/uploads\/2023\/01\/IMG_9676-1024x683.jpg 1024w, https:\/\/dioceseteixeiradefreitas.com.br\/wp-content\/uploads\/2023\/01\/IMG_9676-768x512.jpg 768w, https:\/\/dioceseteixeiradefreitas.com.br\/wp-content\/uploads\/2023\/01\/IMG_9676-1536x1025.jpg 1536w\" sizes=\"auto, (max-width: 2048px) 100vw, 2048px\" \/><\/a><\/figure>\n\n\n\n<figure class=\"wp-block-image size-large\"><a href=\"https:\/\/dioceseteixeiradefreitas.com.br\/wp-content\/uploads\/2023\/01\/IMG_9673.jpg\"><img loading=\"lazy\" decoding=\"async\" width=\"2048\" height=\"1366\" data-id=\"18955\" src=\"https:\/\/dioceseteixeiradefreitas.com.br\/wp-content\/uploads\/2023\/01\/IMG_9673.jpg\" alt=\"\" class=\"wp-image-18955\" srcset=\"https:\/\/dioceseteixeiradefreitas.com.br\/wp-content\/uploads\/2023\/01\/IMG_9673.jpg 2048w, https:\/\/dioceseteixeiradefreitas.com.br\/wp-content\/uploads\/2023\/01\/IMG_9673-300x200.jpg 300w, https:\/\/dioceseteixeiradefreitas.com.br\/wp-content\/uploads\/2023\/01\/IMG_9673-1024x683.jpg 1024w, https:\/\/dioceseteixeiradefreitas.com.br\/wp-content\/uploads\/2023\/01\/IMG_9673-768x512.jpg 768w, https:\/\/dioceseteixeiradefreitas.com.br\/wp-content\/uploads\/2023\/01\/IMG_9673-1536x1025.jpg 1536w\" sizes=\"auto, (max-width: 2048px) 100vw, 2048px\" \/><\/a><\/figure>\n\n\n\n<figure class=\"wp-block-image size-large\"><a href=\"https:\/\/dioceseteixeiradefreitas.com.br\/wp-content\/uploads\/2023\/01\/IMG_9671.jpg\"><img loading=\"lazy\" decoding=\"async\" width=\"2048\" height=\"1366\" data-id=\"18954\" src=\"https:\/\/dioceseteixeiradefreitas.com.br\/wp-content\/uploads\/2023\/01\/IMG_9671.jpg\" alt=\"\" class=\"wp-image-18954\" srcset=\"https:\/\/dioceseteixeiradefreitas.com.br\/wp-content\/uploads\/2023\/01\/IMG_9671.jpg 2048w, https:\/\/dioceseteixeiradefreitas.com.br\/wp-content\/uploads\/2023\/01\/IMG_9671-300x200.jpg 300w, https:\/\/dioceseteixeiradefreitas.com.br\/wp-content\/uploads\/2023\/01\/IMG_9671-1024x683.jpg 1024w, https:\/\/dioceseteixeiradefreitas.com.br\/wp-content\/uploads\/2023\/01\/IMG_9671-768x512.jpg 768w, https:\/\/dioceseteixeiradefreitas.com.br\/wp-content\/uploads\/2023\/01\/IMG_9671-1536x1025.jpg 1536w\" sizes=\"auto, (max-width: 2048px) 100vw, 2048px\" \/><\/a><\/figure>\n\n\n\n<figure class=\"wp-block-image size-large\"><a href=\"https:\/\/dioceseteixeiradefreitas.com.br\/wp-content\/uploads\/2023\/01\/IMG_9667.jpg\"><img loading=\"lazy\" decoding=\"async\" width=\"2048\" height=\"1366\" data-id=\"18953\" src=\"https:\/\/dioceseteixeiradefreitas.com.br\/wp-content\/uploads\/2023\/01\/IMG_9667.jpg\" alt=\"\" class=\"wp-image-18953\" srcset=\"https:\/\/dioceseteixeiradefreitas.com.br\/wp-content\/uploads\/2023\/01\/IMG_9667.jpg 2048w, https:\/\/dioceseteixeiradefreitas.com.br\/wp-content\/uploads\/2023\/01\/IMG_9667-300x200.jpg 300w, https:\/\/dioceseteixeiradefreitas.com.br\/wp-content\/uploads\/2023\/01\/IMG_9667-1024x683.jpg 1024w, https:\/\/dioceseteixeiradefreitas.com.br\/wp-content\/uploads\/2023\/01\/IMG_9667-768x512.jpg 768w, https:\/\/dioceseteixeiradefreitas.com.br\/wp-content\/uploads\/2023\/01\/IMG_9667-1536x1025.jpg 1536w\" sizes=\"auto, (max-width: 2048px) 100vw, 2048px\" \/><\/a><\/figure>\n\n\n\n<figure class=\"wp-block-image size-large\"><a href=\"https:\/\/dioceseteixeiradefreitas.com.br\/wp-content\/uploads\/2023\/01\/IMG_9665.jpg\"><img loading=\"lazy\" decoding=\"async\" width=\"2048\" height=\"1366\" data-id=\"18952\" src=\"https:\/\/dioceseteixeiradefreitas.com.br\/wp-content\/uploads\/2023\/01\/IMG_9665.jpg\" alt=\"\" class=\"wp-image-18952\" srcset=\"https:\/\/dioceseteixeiradefreitas.com.br\/wp-content\/uploads\/2023\/01\/IMG_9665.jpg 2048w, https:\/\/dioceseteixeiradefreitas.com.br\/wp-content\/uploads\/2023\/01\/IMG_9665-300x200.jpg 300w, https:\/\/dioceseteixeiradefreitas.com.br\/wp-content\/uploads\/2023\/01\/IMG_9665-1024x683.jpg 1024w, https:\/\/dioceseteixeiradefreitas.com.br\/wp-content\/uploads\/2023\/01\/IMG_9665-768x512.jpg 768w, https:\/\/dioceseteixeiradefreitas.com.br\/wp-content\/uploads\/2023\/01\/IMG_9665-1536x1025.jpg 1536w\" sizes=\"auto, (max-width: 2048px) 100vw, 2048px\" \/><\/a><\/figure>\n\n\n\n<figure class=\"wp-block-image size-large\"><a href=\"https:\/\/dioceseteixeiradefreitas.com.br\/wp-content\/uploads\/2023\/01\/IMG_9663.jpg\"><img loading=\"lazy\" decoding=\"async\" width=\"2048\" height=\"1366\" data-id=\"18951\" src=\"https:\/\/dioceseteixeiradefreitas.com.br\/wp-content\/uploads\/2023\/01\/IMG_9663.jpg\" alt=\"\" class=\"wp-image-18951\" srcset=\"https:\/\/dioceseteixeiradefreitas.com.br\/wp-content\/uploads\/2023\/01\/IMG_9663.jpg 2048w, https:\/\/dioceseteixeiradefreitas.com.br\/wp-content\/uploads\/2023\/01\/IMG_9663-300x200.jpg 300w, https:\/\/dioceseteixeiradefreitas.com.br\/wp-content\/uploads\/2023\/01\/IMG_9663-1024x683.jpg 1024w, https:\/\/dioceseteixeiradefreitas.com.br\/wp-content\/uploads\/2023\/01\/IMG_9663-768x512.jpg 768w, https:\/\/dioceseteixeiradefreitas.com.br\/wp-content\/uploads\/2023\/01\/IMG_9663-1536x1025.jpg 1536w\" sizes=\"auto, (max-width: 2048px) 100vw, 2048px\" \/><\/a><\/figure>\n\n\n\n<figure class=\"wp-block-image size-large\"><a href=\"https:\/\/dioceseteixeiradefreitas.com.br\/wp-content\/uploads\/2023\/01\/IMG_9659.jpg\"><img loading=\"lazy\" decoding=\"async\" width=\"2048\" height=\"1366\" data-id=\"18950\" src=\"https:\/\/dioceseteixeiradefreitas.com.br\/wp-content\/uploads\/2023\/01\/IMG_9659.jpg\" alt=\"\" class=\"wp-image-18950\" srcset=\"https:\/\/dioceseteixeiradefreitas.com.br\/wp-content\/uploads\/2023\/01\/IMG_9659.jpg 2048w, https:\/\/dioceseteixeiradefreitas.com.br\/wp-content\/uploads\/2023\/01\/IMG_9659-300x200.jpg 300w, https:\/\/dioceseteixeiradefreitas.com.br\/wp-content\/uploads\/2023\/01\/IMG_9659-1024x683.jpg 1024w, https:\/\/dioceseteixeiradefreitas.com.br\/wp-content\/uploads\/2023\/01\/IMG_9659-768x512.jpg 768w, https:\/\/dioceseteixeiradefreitas.com.br\/wp-content\/uploads\/2023\/01\/IMG_9659-1536x1025.jpg 1536w\" sizes=\"auto, (max-width: 2048px) 100vw, 2048px\" \/><\/a><\/figure>\n\n\n\n<figure class=\"wp-block-image size-large\"><a href=\"https:\/\/dioceseteixeiradefreitas.com.br\/wp-content\/uploads\/2023\/01\/IMG_9655.jpg\"><img loading=\"lazy\" decoding=\"async\" width=\"2048\" height=\"1366\" data-id=\"18949\" src=\"https:\/\/dioceseteixeiradefreitas.com.br\/wp-content\/uploads\/2023\/01\/IMG_9655.jpg\" alt=\"\" class=\"wp-image-18949\" srcset=\"https:\/\/dioceseteixeiradefreitas.com.br\/wp-content\/uploads\/2023\/01\/IMG_9655.jpg 2048w, https:\/\/dioceseteixeiradefreitas.com.br\/wp-content\/uploads\/2023\/01\/IMG_9655-300x200.jpg 300w, https:\/\/dioceseteixeiradefreitas.com.br\/wp-content\/uploads\/2023\/01\/IMG_9655-1024x683.jpg 1024w, https:\/\/dioceseteixeiradefreitas.com.br\/wp-content\/uploads\/2023\/01\/IMG_9655-768x512.jpg 768w, https:\/\/dioceseteixeiradefreitas.com.br\/wp-content\/uploads\/2023\/01\/IMG_9655-1536x1025.jpg 1536w\" sizes=\"auto, (max-width: 2048px) 100vw, 2048px\" \/><\/a><\/figure>\n\n\n\n<figure class=\"wp-block-image size-large\"><a href=\"https:\/\/dioceseteixeiradefreitas.com.br\/wp-content\/uploads\/2023\/01\/IMG_9652.jpg\"><img loading=\"lazy\" decoding=\"async\" width=\"2048\" height=\"1366\" data-id=\"18948\" src=\"https:\/\/dioceseteixeiradefreitas.com.br\/wp-content\/uploads\/2023\/01\/IMG_9652.jpg\" alt=\"\" class=\"wp-image-18948\" srcset=\"https:\/\/dioceseteixeiradefreitas.com.br\/wp-content\/uploads\/2023\/01\/IMG_9652.jpg 2048w, https:\/\/dioceseteixeiradefreitas.com.br\/wp-content\/uploads\/2023\/01\/IMG_9652-300x200.jpg 300w, https:\/\/dioceseteixeiradefreitas.com.br\/wp-content\/uploads\/2023\/01\/IMG_9652-1024x683.jpg 1024w, https:\/\/dioceseteixeiradefreitas.com.br\/wp-content\/uploads\/2023\/01\/IMG_9652-768x512.jpg 768w, https:\/\/dioceseteixeiradefreitas.com.br\/wp-content\/uploads\/2023\/01\/IMG_9652-1536x1025.jpg 1536w\" sizes=\"auto, (max-width: 2048px) 100vw, 2048px\" \/><\/a><\/figure>\n\n\n\n<figure class=\"wp-block-image size-large\"><a href=\"https:\/\/dioceseteixeiradefreitas.com.br\/wp-content\/uploads\/2023\/01\/IMG_9648.jpg\"><img loading=\"lazy\" decoding=\"async\" width=\"1366\" height=\"2048\" data-id=\"18947\" src=\"https:\/\/dioceseteixeiradefreitas.com.br\/wp-content\/uploads\/2023\/01\/IMG_9648.jpg\" alt=\"\" class=\"wp-image-18947\" srcset=\"https:\/\/dioceseteixeiradefreitas.com.br\/wp-content\/uploads\/2023\/01\/IMG_9648.jpg 1366w, https:\/\/dioceseteixeiradefreitas.com.br\/wp-content\/uploads\/2023\/01\/IMG_9648-200x300.jpg 200w, https:\/\/dioceseteixeiradefreitas.com.br\/wp-content\/uploads\/2023\/01\/IMG_9648-683x1024.jpg 683w, https:\/\/dioceseteixeiradefreitas.com.br\/wp-content\/uploads\/2023\/01\/IMG_9648-768x1151.jpg 768w, https:\/\/dioceseteixeiradefreitas.com.br\/wp-content\/uploads\/2023\/01\/IMG_9648-1025x1536.jpg 1025w\" sizes=\"auto, (max-width: 1366px) 100vw, 1366px\" \/><\/a><\/figure>\n\n\n\n<figure class=\"wp-block-image size-large\"><a href=\"https:\/\/dioceseteixeiradefreitas.com.br\/wp-content\/uploads\/2023\/01\/IMG_9646.jpg\"><img loading=\"lazy\" decoding=\"async\" width=\"2048\" height=\"1366\" data-id=\"18946\" src=\"https:\/\/dioceseteixeiradefreitas.com.br\/wp-content\/uploads\/2023\/01\/IMG_9646.jpg\" alt=\"\" class=\"wp-image-18946\" srcset=\"https:\/\/dioceseteixeiradefreitas.com.br\/wp-content\/uploads\/2023\/01\/IMG_9646.jpg 2048w, https:\/\/dioceseteixeiradefreitas.com.br\/wp-content\/uploads\/2023\/01\/IMG_9646-300x200.jpg 300w, https:\/\/dioceseteixeiradefreitas.com.br\/wp-content\/uploads\/2023\/01\/IMG_9646-1024x683.jpg 1024w, https:\/\/dioceseteixeiradefreitas.com.br\/wp-content\/uploads\/2023\/01\/IMG_9646-768x512.jpg 768w, https:\/\/dioceseteixeiradefreitas.com.br\/wp-content\/uploads\/2023\/01\/IMG_9646-1536x1025.jpg 1536w\" sizes=\"auto, (max-width: 2048px) 100vw, 2048px\" \/><\/a><\/figure>\n\n\n\n<figure class=\"wp-block-image size-large\"><a href=\"https:\/\/dioceseteixeiradefreitas.com.br\/wp-content\/uploads\/2023\/01\/IMG_9630.jpg\"><img loading=\"lazy\" decoding=\"async\" width=\"2048\" height=\"1366\" data-id=\"18945\" src=\"https:\/\/dioceseteixeiradefreitas.com.br\/wp-content\/uploads\/2023\/01\/IMG_9630.jpg\" alt=\"\" class=\"wp-image-18945\" srcset=\"https:\/\/dioceseteixeiradefreitas.com.br\/wp-content\/uploads\/2023\/01\/IMG_9630.jpg 2048w, https:\/\/dioceseteixeiradefreitas.com.br\/wp-content\/uploads\/2023\/01\/IMG_9630-300x200.jpg 300w, https:\/\/dioceseteixeiradefreitas.com.br\/wp-content\/uploads\/2023\/01\/IMG_9630-1024x683.jpg 1024w, https:\/\/dioceseteixeiradefreitas.com.br\/wp-content\/uploads\/2023\/01\/IMG_9630-768x512.jpg 768w, https:\/\/dioceseteixeiradefreitas.com.br\/wp-content\/uploads\/2023\/01\/IMG_9630-1536x1025.jpg 1536w\" sizes=\"auto, (max-width: 2048px) 100vw, 2048px\" \/><\/a><\/figure>\n\n\n\n<figure class=\"wp-block-image size-large\"><a href=\"https:\/\/dioceseteixeiradefreitas.com.br\/wp-content\/uploads\/2023\/01\/IMG_9628.jpg\"><img loading=\"lazy\" decoding=\"async\" width=\"2048\" height=\"1366\" data-id=\"18944\" src=\"https:\/\/dioceseteixeiradefreitas.com.br\/wp-content\/uploads\/2023\/01\/IMG_9628.jpg\" alt=\"\" class=\"wp-image-18944\" srcset=\"https:\/\/dioceseteixeiradefreitas.com.br\/wp-content\/uploads\/2023\/01\/IMG_9628.jpg 2048w, https:\/\/dioceseteixeiradefreitas.com.br\/wp-content\/uploads\/2023\/01\/IMG_9628-300x200.jpg 300w, https:\/\/dioceseteixeiradefreitas.com.br\/wp-content\/uploads\/2023\/01\/IMG_9628-1024x683.jpg 1024w, https:\/\/dioceseteixeiradefreitas.com.br\/wp-content\/uploads\/2023\/01\/IMG_9628-768x512.jpg 768w, https:\/\/dioceseteixeiradefreitas.com.br\/wp-content\/uploads\/2023\/01\/IMG_9628-1536x1025.jpg 1536w\" sizes=\"auto, (max-width: 2048px) 100vw, 2048px\" \/><\/a><\/figure>\n\n\n\n<figure class=\"wp-block-image size-large\"><a href=\"https:\/\/dioceseteixeiradefreitas.com.br\/wp-content\/uploads\/2023\/01\/IMG_9624.jpg\"><img loading=\"lazy\" decoding=\"async\" width=\"2048\" height=\"1366\" data-id=\"18943\" src=\"https:\/\/dioceseteixeiradefreitas.com.br\/wp-content\/uploads\/2023\/01\/IMG_9624.jpg\" alt=\"\" class=\"wp-image-18943\" srcset=\"https:\/\/dioceseteixeiradefreitas.com.br\/wp-content\/uploads\/2023\/01\/IMG_9624.jpg 2048w, https:\/\/dioceseteixeiradefreitas.com.br\/wp-content\/uploads\/2023\/01\/IMG_9624-300x200.jpg 300w, https:\/\/dioceseteixeiradefreitas.com.br\/wp-content\/uploads\/2023\/01\/IMG_9624-1024x683.jpg 1024w, https:\/\/dioceseteixeiradefreitas.com.br\/wp-content\/uploads\/2023\/01\/IMG_9624-768x512.jpg 768w, https:\/\/dioceseteixeiradefreitas.com.br\/wp-content\/uploads\/2023\/01\/IMG_9624-1536x1025.jpg 1536w\" sizes=\"auto, (max-width: 2048px) 100vw, 2048px\" \/><\/a><\/figure>\n\n\n\n<figure class=\"wp-block-image size-large\"><a href=\"https:\/\/dioceseteixeiradefreitas.com.br\/wp-content\/uploads\/2023\/01\/IMG_9622.jpg\"><img loading=\"lazy\" decoding=\"async\" width=\"2048\" height=\"1366\" data-id=\"18942\" src=\"https:\/\/dioceseteixeiradefreitas.com.br\/wp-content\/uploads\/2023\/01\/IMG_9622.jpg\" alt=\"\" class=\"wp-image-18942\" srcset=\"https:\/\/dioceseteixeiradefreitas.com.br\/wp-content\/uploads\/2023\/01\/IMG_9622.jpg 2048w, https:\/\/dioceseteixeiradefreitas.com.br\/wp-content\/uploads\/2023\/01\/IMG_9622-300x200.jpg 300w, https:\/\/dioceseteixeiradefreitas.com.br\/wp-content\/uploads\/2023\/01\/IMG_9622-1024x683.jpg 1024w, https:\/\/dioceseteixeiradefreitas.com.br\/wp-content\/uploads\/2023\/01\/IMG_9622-768x512.jpg 768w, https:\/\/dioceseteixeiradefreitas.com.br\/wp-content\/uploads\/2023\/01\/IMG_9622-1536x1025.jpg 1536w\" sizes=\"auto, (max-width: 2048px) 100vw, 2048px\" \/><\/a><\/figure>\n\n\n\n<figure class=\"wp-block-image size-large\"><a href=\"https:\/\/dioceseteixeiradefreitas.com.br\/wp-content\/uploads\/2023\/01\/IMG_9619.jpg\"><img loading=\"lazy\" decoding=\"async\" width=\"2048\" height=\"1366\" data-id=\"18941\" src=\"https:\/\/dioceseteixeiradefreitas.com.br\/wp-content\/uploads\/2023\/01\/IMG_9619.jpg\" alt=\"\" class=\"wp-image-18941\" srcset=\"https:\/\/dioceseteixeiradefreitas.com.br\/wp-content\/uploads\/2023\/01\/IMG_9619.jpg 2048w, https:\/\/dioceseteixeiradefreitas.com.br\/wp-content\/uploads\/2023\/01\/IMG_9619-300x200.jpg 300w, https:\/\/dioceseteixeiradefreitas.com.br\/wp-content\/uploads\/2023\/01\/IMG_9619-1024x683.jpg 1024w, https:\/\/dioceseteixeiradefreitas.com.br\/wp-content\/uploads\/2023\/01\/IMG_9619-768x512.jpg 768w, https:\/\/dioceseteixeiradefreitas.com.br\/wp-content\/uploads\/2023\/01\/IMG_9619-1536x1025.jpg 1536w\" sizes=\"auto, (max-width: 2048px) 100vw, 2048px\" \/><\/a><\/figure>\n\n\n\n<figure class=\"wp-block-image size-large\"><a href=\"https:\/\/dioceseteixeiradefreitas.com.br\/wp-content\/uploads\/2023\/01\/IMG_9609.jpg\"><img loading=\"lazy\" decoding=\"async\" width=\"2048\" height=\"1366\" data-id=\"18940\" src=\"https:\/\/dioceseteixeiradefreitas.com.br\/wp-content\/uploads\/2023\/01\/IMG_9609.jpg\" alt=\"\" class=\"wp-image-18940\" srcset=\"https:\/\/dioceseteixeiradefreitas.com.br\/wp-content\/uploads\/2023\/01\/IMG_9609.jpg 2048w, https:\/\/dioceseteixeiradefreitas.com.br\/wp-content\/uploads\/2023\/01\/IMG_9609-300x200.jpg 300w, https:\/\/dioceseteixeiradefreitas.com.br\/wp-content\/uploads\/2023\/01\/IMG_9609-1024x683.jpg 1024w, https:\/\/dioceseteixeiradefreitas.com.br\/wp-content\/uploads\/2023\/01\/IMG_9609-768x512.jpg 768w, https:\/\/dioceseteixeiradefreitas.com.br\/wp-content\/uploads\/2023\/01\/IMG_9609-1536x1025.jpg 1536w\" sizes=\"auto, (max-width: 2048px) 100vw, 2048px\" \/><\/a><\/figure>\n\n\n\n<figure class=\"wp-block-image size-large\"><a href=\"https:\/\/dioceseteixeiradefreitas.com.br\/wp-content\/uploads\/2023\/01\/IMG_9606.jpg\"><img loading=\"lazy\" decoding=\"async\" width=\"2048\" height=\"1366\" data-id=\"18939\" src=\"https:\/\/dioceseteixeiradefreitas.com.br\/wp-content\/uploads\/2023\/01\/IMG_9606.jpg\" alt=\"\" class=\"wp-image-18939\" srcset=\"https:\/\/dioceseteixeiradefreitas.com.br\/wp-content\/uploads\/2023\/01\/IMG_9606.jpg 2048w, https:\/\/dioceseteixeiradefreitas.com.br\/wp-content\/uploads\/2023\/01\/IMG_9606-300x200.jpg 300w, https:\/\/dioceseteixeiradefreitas.com.br\/wp-content\/uploads\/2023\/01\/IMG_9606-1024x683.jpg 1024w, https:\/\/dioceseteixeiradefreitas.com.br\/wp-content\/uploads\/2023\/01\/IMG_9606-768x512.jpg 768w, https:\/\/dioceseteixeiradefreitas.com.br\/wp-content\/uploads\/2023\/01\/IMG_9606-1536x1025.jpg 1536w\" sizes=\"auto, (max-width: 2048px) 100vw, 2048px\" \/><\/a><\/figure>\n\n\n\n<figure class=\"wp-block-image size-large\"><a href=\"https:\/\/dioceseteixeiradefreitas.com.br\/wp-content\/uploads\/2023\/01\/IMG_9601.jpg\"><img loading=\"lazy\" decoding=\"async\" width=\"2048\" height=\"1366\" data-id=\"18938\" src=\"https:\/\/dioceseteixeiradefreitas.com.br\/wp-content\/uploads\/2023\/01\/IMG_9601.jpg\" alt=\"\" class=\"wp-image-18938\" srcset=\"https:\/\/dioceseteixeiradefreitas.com.br\/wp-content\/uploads\/2023\/01\/IMG_9601.jpg 2048w, https:\/\/dioceseteixeiradefreitas.com.br\/wp-content\/uploads\/2023\/01\/IMG_9601-300x200.jpg 300w, https:\/\/dioceseteixeiradefreitas.com.br\/wp-content\/uploads\/2023\/01\/IMG_9601-1024x683.jpg 1024w, https:\/\/dioceseteixeiradefreitas.com.br\/wp-content\/uploads\/2023\/01\/IMG_9601-768x512.jpg 768w, https:\/\/dioceseteixeiradefreitas.com.br\/wp-content\/uploads\/2023\/01\/IMG_9601-1536x1025.jpg 1536w\" sizes=\"auto, (max-width: 2048px) 100vw, 2048px\" \/><\/a><\/figure>\n\n\n\n<figure class=\"wp-block-image size-large\"><a href=\"https:\/\/dioceseteixeiradefreitas.com.br\/wp-content\/uploads\/2023\/01\/IMG_9589.jpg\"><img loading=\"lazy\" decoding=\"async\" width=\"2048\" height=\"1366\" data-id=\"18937\" src=\"https:\/\/dioceseteixeiradefreitas.com.br\/wp-content\/uploads\/2023\/01\/IMG_9589.jpg\" alt=\"\" class=\"wp-image-18937\" srcset=\"https:\/\/dioceseteixeiradefreitas.com.br\/wp-content\/uploads\/2023\/01\/IMG_9589.jpg 2048w, https:\/\/dioceseteixeiradefreitas.com.br\/wp-content\/uploads\/2023\/01\/IMG_9589-300x200.jpg 300w, https:\/\/dioceseteixeiradefreitas.com.br\/wp-content\/uploads\/2023\/01\/IMG_9589-1024x683.jpg 1024w, https:\/\/dioceseteixeiradefreitas.com.br\/wp-content\/uploads\/2023\/01\/IMG_9589-768x512.jpg 768w, https:\/\/dioceseteixeiradefreitas.com.br\/wp-content\/uploads\/2023\/01\/IMG_9589-1536x1025.jpg 1536w\" sizes=\"auto, (max-width: 2048px) 100vw, 2048px\" \/><\/a><\/figure>\n\n\n\n<figure class=\"wp-block-image size-large\"><a href=\"https:\/\/dioceseteixeiradefreitas.com.br\/wp-content\/uploads\/2023\/01\/IMG_9574.jpg\"><img loading=\"lazy\" decoding=\"async\" width=\"2048\" height=\"1366\" data-id=\"18936\" src=\"https:\/\/dioceseteixeiradefreitas.com.br\/wp-content\/uploads\/2023\/01\/IMG_9574.jpg\" alt=\"\" class=\"wp-image-18936\" srcset=\"https:\/\/dioceseteixeiradefreitas.com.br\/wp-content\/uploads\/2023\/01\/IMG_9574.jpg 2048w, https:\/\/dioceseteixeiradefreitas.com.br\/wp-content\/uploads\/2023\/01\/IMG_9574-300x200.jpg 300w, https:\/\/dioceseteixeiradefreitas.com.br\/wp-content\/uploads\/2023\/01\/IMG_9574-1024x683.jpg 1024w, https:\/\/dioceseteixeiradefreitas.com.br\/wp-content\/uploads\/2023\/01\/IMG_9574-768x512.jpg 768w, https:\/\/dioceseteixeiradefreitas.com.br\/wp-content\/uploads\/2023\/01\/IMG_9574-1536x1025.jpg 1536w\" sizes=\"auto, (max-width: 2048px) 100vw, 2048px\" \/><\/a><\/figure>\n\n\n\n<figure class=\"wp-block-image size-large\"><a href=\"https:\/\/dioceseteixeiradefreitas.com.br\/wp-content\/uploads\/2023\/01\/IMG_9567.jpg\"><img loading=\"lazy\" decoding=\"async\" width=\"2048\" height=\"1366\" data-id=\"18935\" src=\"https:\/\/dioceseteixeiradefreitas.com.br\/wp-content\/uploads\/2023\/01\/IMG_9567.jpg\" alt=\"\" class=\"wp-image-18935\" srcset=\"https:\/\/dioceseteixeiradefreitas.com.br\/wp-content\/uploads\/2023\/01\/IMG_9567.jpg 2048w, https:\/\/dioceseteixeiradefreitas.com.br\/wp-content\/uploads\/2023\/01\/IMG_9567-300x200.jpg 300w, https:\/\/dioceseteixeiradefreitas.com.br\/wp-content\/uploads\/2023\/01\/IMG_9567-1024x683.jpg 1024w, https:\/\/dioceseteixeiradefreitas.com.br\/wp-content\/uploads\/2023\/01\/IMG_9567-768x512.jpg 768w, https:\/\/dioceseteixeiradefreitas.com.br\/wp-content\/uploads\/2023\/01\/IMG_9567-1536x1025.jpg 1536w\" sizes=\"auto, (max-width: 2048px) 100vw, 2048px\" \/><\/a><\/figure>\n\n\n\n<figure class=\"wp-block-image size-large\"><a href=\"https:\/\/dioceseteixeiradefreitas.com.br\/wp-content\/uploads\/2023\/01\/IMG_9562.jpg\"><img loading=\"lazy\" decoding=\"async\" width=\"2048\" height=\"1366\" data-id=\"18934\" src=\"https:\/\/dioceseteixeiradefreitas.com.br\/wp-content\/uploads\/2023\/01\/IMG_9562.jpg\" alt=\"\" class=\"wp-image-18934\" srcset=\"https:\/\/dioceseteixeiradefreitas.com.br\/wp-content\/uploads\/2023\/01\/IMG_9562.jpg 2048w, https:\/\/dioceseteixeiradefreitas.com.br\/wp-content\/uploads\/2023\/01\/IMG_9562-300x200.jpg 300w, https:\/\/dioceseteixeiradefreitas.com.br\/wp-content\/uploads\/2023\/01\/IMG_9562-1024x683.jpg 1024w, https:\/\/dioceseteixeiradefreitas.com.br\/wp-content\/uploads\/2023\/01\/IMG_9562-768x512.jpg 768w, https:\/\/dioceseteixeiradefreitas.com.br\/wp-content\/uploads\/2023\/01\/IMG_9562-1536x1025.jpg 1536w\" sizes=\"auto, (max-width: 2048px) 100vw, 2048px\" \/><\/a><\/figure>\n\n\n\n<figure class=\"wp-block-image size-large\"><a href=\"https:\/\/dioceseteixeiradefreitas.com.br\/wp-content\/uploads\/2023\/01\/IMG_9552.jpg\"><img loading=\"lazy\" decoding=\"async\" width=\"2048\" height=\"1366\" data-id=\"18933\" src=\"https:\/\/dioceseteixeiradefreitas.com.br\/wp-content\/uploads\/2023\/01\/IMG_9552.jpg\" alt=\"\" class=\"wp-image-18933\" srcset=\"https:\/\/dioceseteixeiradefreitas.com.br\/wp-content\/uploads\/2023\/01\/IMG_9552.jpg 2048w, https:\/\/dioceseteixeiradefreitas.com.br\/wp-content\/uploads\/2023\/01\/IMG_9552-300x200.jpg 300w, https:\/\/dioceseteixeiradefreitas.com.br\/wp-content\/uploads\/2023\/01\/IMG_9552-1024x683.jpg 1024w, https:\/\/dioceseteixeiradefreitas.com.br\/wp-content\/uploads\/2023\/01\/IMG_9552-768x512.jpg 768w, https:\/\/dioceseteixeiradefreitas.com.br\/wp-content\/uploads\/2023\/01\/IMG_9552-1536x1025.jpg 1536w\" sizes=\"auto, (max-width: 2048px) 100vw, 2048px\" \/><\/a><\/figure>\n\n\n\n<figure class=\"wp-block-image size-large\"><a href=\"https:\/\/dioceseteixeiradefreitas.com.br\/wp-content\/uploads\/2023\/01\/IMG_9551.jpg\"><img loading=\"lazy\" decoding=\"async\" width=\"2048\" height=\"1366\" data-id=\"18932\" src=\"https:\/\/dioceseteixeiradefreitas.com.br\/wp-content\/uploads\/2023\/01\/IMG_9551.jpg\" alt=\"\" class=\"wp-image-18932\" srcset=\"https:\/\/dioceseteixeiradefreitas.com.br\/wp-content\/uploads\/2023\/01\/IMG_9551.jpg 2048w, https:\/\/dioceseteixeiradefreitas.com.br\/wp-content\/uploads\/2023\/01\/IMG_9551-300x200.jpg 300w, https:\/\/dioceseteixeiradefreitas.com.br\/wp-content\/uploads\/2023\/01\/IMG_9551-1024x683.jpg 1024w, https:\/\/dioceseteixeiradefreitas.com.br\/wp-content\/uploads\/2023\/01\/IMG_9551-768x512.jpg 768w, https:\/\/dioceseteixeiradefreitas.com.br\/wp-content\/uploads\/2023\/01\/IMG_9551-1536x1025.jpg 1536w\" sizes=\"auto, (max-width: 2048px) 100vw, 2048px\" \/><\/a><\/figure>\n\n\n\n<figure class=\"wp-block-image size-large\"><a href=\"https:\/\/dioceseteixeiradefreitas.com.br\/wp-content\/uploads\/2023\/01\/IMG_9547.jpg\"><img loading=\"lazy\" decoding=\"async\" width=\"2048\" height=\"1366\" data-id=\"18931\" src=\"https:\/\/dioceseteixeiradefreitas.com.br\/wp-content\/uploads\/2023\/01\/IMG_9547.jpg\" alt=\"\" class=\"wp-image-18931\" srcset=\"https:\/\/dioceseteixeiradefreitas.com.br\/wp-content\/uploads\/2023\/01\/IMG_9547.jpg 2048w, https:\/\/dioceseteixeiradefreitas.com.br\/wp-content\/uploads\/2023\/01\/IMG_9547-300x200.jpg 300w, https:\/\/dioceseteixeiradefreitas.com.br\/wp-content\/uploads\/2023\/01\/IMG_9547-1024x683.jpg 1024w, https:\/\/dioceseteixeiradefreitas.com.br\/wp-content\/uploads\/2023\/01\/IMG_9547-768x512.jpg 768w, https:\/\/dioceseteixeiradefreitas.com.br\/wp-content\/uploads\/2023\/01\/IMG_9547-1536x1025.jpg 1536w\" sizes=\"auto, (max-width: 2048px) 100vw, 2048px\" \/><\/a><\/figure>\n\n\n\n<figure class=\"wp-block-image size-large\"><a href=\"https:\/\/dioceseteixeiradefreitas.com.br\/wp-content\/uploads\/2023\/01\/IMG_9545.jpg\"><img loading=\"lazy\" decoding=\"async\" width=\"2048\" height=\"1366\" data-id=\"18930\" src=\"https:\/\/dioceseteixeiradefreitas.com.br\/wp-content\/uploads\/2023\/01\/IMG_9545.jpg\" alt=\"\" class=\"wp-image-18930\" srcset=\"https:\/\/dioceseteixeiradefreitas.com.br\/wp-content\/uploads\/2023\/01\/IMG_9545.jpg 2048w, https:\/\/dioceseteixeiradefreitas.com.br\/wp-content\/uploads\/2023\/01\/IMG_9545-300x200.jpg 300w, https:\/\/dioceseteixeiradefreitas.com.br\/wp-content\/uploads\/2023\/01\/IMG_9545-1024x683.jpg 1024w, https:\/\/dioceseteixeiradefreitas.com.br\/wp-content\/uploads\/2023\/01\/IMG_9545-768x512.jpg 768w, https:\/\/dioceseteixeiradefreitas.com.br\/wp-content\/uploads\/2023\/01\/IMG_9545-1536x1025.jpg 1536w\" sizes=\"auto, (max-width: 2048px) 100vw, 2048px\" \/><\/a><\/figure>\n\n\n\n<figure class=\"wp-block-image size-large\"><a href=\"https:\/\/dioceseteixeiradefreitas.com.br\/wp-content\/uploads\/2023\/01\/IMG_9542.jpg\"><img loading=\"lazy\" decoding=\"async\" width=\"2048\" height=\"1366\" data-id=\"18929\" src=\"https:\/\/dioceseteixeiradefreitas.com.br\/wp-content\/uploads\/2023\/01\/IMG_9542.jpg\" alt=\"\" class=\"wp-image-18929\" srcset=\"https:\/\/dioceseteixeiradefreitas.com.br\/wp-content\/uploads\/2023\/01\/IMG_9542.jpg 2048w, https:\/\/dioceseteixeiradefreitas.com.br\/wp-content\/uploads\/2023\/01\/IMG_9542-300x200.jpg 300w, https:\/\/dioceseteixeiradefreitas.com.br\/wp-content\/uploads\/2023\/01\/IMG_9542-1024x683.jpg 1024w, https:\/\/dioceseteixeiradefreitas.com.br\/wp-content\/uploads\/2023\/01\/IMG_9542-768x512.jpg 768w, https:\/\/dioceseteixeiradefreitas.com.br\/wp-content\/uploads\/2023\/01\/IMG_9542-1536x1025.jpg 1536w\" sizes=\"auto, (max-width: 2048px) 100vw, 2048px\" \/><\/a><\/figure>\n\n\n\n<figure class=\"wp-block-image size-large\"><a href=\"https:\/\/dioceseteixeiradefreitas.com.br\/wp-content\/uploads\/2023\/01\/IMG_9536.jpg\"><img loading=\"lazy\" decoding=\"async\" width=\"2048\" height=\"1366\" data-id=\"18928\" src=\"https:\/\/dioceseteixeiradefreitas.com.br\/wp-content\/uploads\/2023\/01\/IMG_9536.jpg\" alt=\"\" class=\"wp-image-18928\" srcset=\"https:\/\/dioceseteixeiradefreitas.com.br\/wp-content\/uploads\/2023\/01\/IMG_9536.jpg 2048w, https:\/\/dioceseteixeiradefreitas.com.br\/wp-content\/uploads\/2023\/01\/IMG_9536-300x200.jpg 300w, https:\/\/dioceseteixeiradefreitas.com.br\/wp-content\/uploads\/2023\/01\/IMG_9536-1024x683.jpg 1024w, https:\/\/dioceseteixeiradefreitas.com.br\/wp-content\/uploads\/2023\/01\/IMG_9536-768x512.jpg 768w, https:\/\/dioceseteixeiradefreitas.com.br\/wp-content\/uploads\/2023\/01\/IMG_9536-1536x1025.jpg 1536w\" sizes=\"auto, (max-width: 2048px) 100vw, 2048px\" \/><\/a><\/figure>\n\n\n\n<figure class=\"wp-block-image size-large\"><a href=\"https:\/\/dioceseteixeiradefreitas.com.br\/wp-content\/uploads\/2023\/01\/IMG_9533.jpg\"><img loading=\"lazy\" decoding=\"async\" width=\"2048\" height=\"1366\" data-id=\"18927\" src=\"https:\/\/dioceseteixeiradefreitas.com.br\/wp-content\/uploads\/2023\/01\/IMG_9533.jpg\" alt=\"\" class=\"wp-image-18927\" srcset=\"https:\/\/dioceseteixeiradefreitas.com.br\/wp-content\/uploads\/2023\/01\/IMG_9533.jpg 2048w, https:\/\/dioceseteixeiradefreitas.com.br\/wp-content\/uploads\/2023\/01\/IMG_9533-300x200.jpg 300w, https:\/\/dioceseteixeiradefreitas.com.br\/wp-content\/uploads\/2023\/01\/IMG_9533-1024x683.jpg 1024w, https:\/\/dioceseteixeiradefreitas.com.br\/wp-content\/uploads\/2023\/01\/IMG_9533-768x512.jpg 768w, https:\/\/dioceseteixeiradefreitas.com.br\/wp-content\/uploads\/2023\/01\/IMG_9533-1536x1025.jpg 1536w\" sizes=\"auto, (max-width: 2048px) 100vw, 2048px\" \/><\/a><\/figure>\n\n\n\n<figure class=\"wp-block-image size-large\"><a href=\"https:\/\/dioceseteixeiradefreitas.com.br\/wp-content\/uploads\/2023\/01\/IMG_9530.jpg\"><img loading=\"lazy\" decoding=\"async\" width=\"2048\" height=\"1366\" data-id=\"18926\" src=\"https:\/\/dioceseteixeiradefreitas.com.br\/wp-content\/uploads\/2023\/01\/IMG_9530.jpg\" alt=\"\" class=\"wp-image-18926\" srcset=\"https:\/\/dioceseteixeiradefreitas.com.br\/wp-content\/uploads\/2023\/01\/IMG_9530.jpg 2048w, https:\/\/dioceseteixeiradefreitas.com.br\/wp-content\/uploads\/2023\/01\/IMG_9530-300x200.jpg 300w, https:\/\/dioceseteixeiradefreitas.com.br\/wp-content\/uploads\/2023\/01\/IMG_9530-1024x683.jpg 1024w, https:\/\/dioceseteixeiradefreitas.com.br\/wp-content\/uploads\/2023\/01\/IMG_9530-768x512.jpg 768w, https:\/\/dioceseteixeiradefreitas.com.br\/wp-content\/uploads\/2023\/01\/IMG_9530-1536x1025.jpg 1536w\" sizes=\"auto, (max-width: 2048px) 100vw, 2048px\" \/><\/a><\/figure>\n\n\n\n<figure class=\"wp-block-image size-large\"><a href=\"https:\/\/dioceseteixeiradefreitas.com.br\/wp-content\/uploads\/2023\/01\/IMG_9529.jpg\"><img loading=\"lazy\" decoding=\"async\" width=\"2048\" height=\"1366\" data-id=\"18925\" src=\"https:\/\/dioceseteixeiradefreitas.com.br\/wp-content\/uploads\/2023\/01\/IMG_9529.jpg\" alt=\"\" class=\"wp-image-18925\" srcset=\"https:\/\/dioceseteixeiradefreitas.com.br\/wp-content\/uploads\/2023\/01\/IMG_9529.jpg 2048w, https:\/\/dioceseteixeiradefreitas.com.br\/wp-content\/uploads\/2023\/01\/IMG_9529-300x200.jpg 300w, https:\/\/dioceseteixeiradefreitas.com.br\/wp-content\/uploads\/2023\/01\/IMG_9529-1024x683.jpg 1024w, https:\/\/dioceseteixeiradefreitas.com.br\/wp-content\/uploads\/2023\/01\/IMG_9529-768x512.jpg 768w, https:\/\/dioceseteixeiradefreitas.com.br\/wp-content\/uploads\/2023\/01\/IMG_9529-1536x1025.jpg 1536w\" sizes=\"auto, (max-width: 2048px) 100vw, 2048px\" \/><\/a><\/figure>\n\n\n\n<figure class=\"wp-block-image size-large\"><a href=\"https:\/\/dioceseteixeiradefreitas.com.br\/wp-content\/uploads\/2023\/01\/IMG_9525.jpg\"><img loading=\"lazy\" decoding=\"async\" width=\"2048\" height=\"1366\" data-id=\"18924\" src=\"https:\/\/dioceseteixeiradefreitas.com.br\/wp-content\/uploads\/2023\/01\/IMG_9525.jpg\" alt=\"\" class=\"wp-image-18924\" srcset=\"https:\/\/dioceseteixeiradefreitas.com.br\/wp-content\/uploads\/2023\/01\/IMG_9525.jpg 2048w, https:\/\/dioceseteixeiradefreitas.com.br\/wp-content\/uploads\/2023\/01\/IMG_9525-300x200.jpg 300w, https:\/\/dioceseteixeiradefreitas.com.br\/wp-content\/uploads\/2023\/01\/IMG_9525-1024x683.jpg 1024w, https:\/\/dioceseteixeiradefreitas.com.br\/wp-content\/uploads\/2023\/01\/IMG_9525-768x512.jpg 768w, https:\/\/dioceseteixeiradefreitas.com.br\/wp-content\/uploads\/2023\/01\/IMG_9525-1536x1025.jpg 1536w\" sizes=\"auto, (max-width: 2048px) 100vw, 2048px\" \/><\/a><\/figure>\n\n\n\n<figure class=\"wp-block-image size-large\"><a href=\"https:\/\/dioceseteixeiradefreitas.com.br\/wp-content\/uploads\/2023\/01\/IMG_9523.jpg\"><img loading=\"lazy\" decoding=\"async\" width=\"2048\" height=\"1366\" data-id=\"18923\" src=\"https:\/\/dioceseteixeiradefreitas.com.br\/wp-content\/uploads\/2023\/01\/IMG_9523.jpg\" alt=\"\" class=\"wp-image-18923\" srcset=\"https:\/\/dioceseteixeiradefreitas.com.br\/wp-content\/uploads\/2023\/01\/IMG_9523.jpg 2048w, https:\/\/dioceseteixeiradefreitas.com.br\/wp-content\/uploads\/2023\/01\/IMG_9523-300x200.jpg 300w, https:\/\/dioceseteixeiradefreitas.com.br\/wp-content\/uploads\/2023\/01\/IMG_9523-1024x683.jpg 1024w, https:\/\/dioceseteixeiradefreitas.com.br\/wp-content\/uploads\/2023\/01\/IMG_9523-768x512.jpg 768w, https:\/\/dioceseteixeiradefreitas.com.br\/wp-content\/uploads\/2023\/01\/IMG_9523-1536x1025.jpg 1536w\" sizes=\"auto, (max-width: 2048px) 100vw, 2048px\" \/><\/a><\/figure>\n\n\n\n<figure class=\"wp-block-image size-large\"><a href=\"https:\/\/dioceseteixeiradefreitas.com.br\/wp-content\/uploads\/2023\/01\/IMG_9521.jpg\"><img loading=\"lazy\" decoding=\"async\" width=\"2048\" height=\"1366\" data-id=\"18922\" src=\"https:\/\/dioceseteixeiradefreitas.com.br\/wp-content\/uploads\/2023\/01\/IMG_9521.jpg\" alt=\"\" class=\"wp-image-18922\" srcset=\"https:\/\/dioceseteixeiradefreitas.com.br\/wp-content\/uploads\/2023\/01\/IMG_9521.jpg 2048w, https:\/\/dioceseteixeiradefreitas.com.br\/wp-content\/uploads\/2023\/01\/IMG_9521-300x200.jpg 300w, https:\/\/dioceseteixeiradefreitas.com.br\/wp-content\/uploads\/2023\/01\/IMG_9521-1024x683.jpg 1024w, https:\/\/dioceseteixeiradefreitas.com.br\/wp-content\/uploads\/2023\/01\/IMG_9521-768x512.jpg 768w, https:\/\/dioceseteixeiradefreitas.com.br\/wp-content\/uploads\/2023\/01\/IMG_9521-1536x1025.jpg 1536w\" sizes=\"auto, (max-width: 2048px) 100vw, 2048px\" \/><\/a><\/figure>\n\n\n\n<figure class=\"wp-block-image size-large\"><a href=\"https:\/\/dioceseteixeiradefreitas.com.br\/wp-content\/uploads\/2023\/01\/IMG_9520.jpg\"><img loading=\"lazy\" decoding=\"async\" width=\"2048\" height=\"1366\" data-id=\"18921\" src=\"https:\/\/dioceseteixeiradefreitas.com.br\/wp-content\/uploads\/2023\/01\/IMG_9520.jpg\" alt=\"\" class=\"wp-image-18921\" srcset=\"https:\/\/dioceseteixeiradefreitas.com.br\/wp-content\/uploads\/2023\/01\/IMG_9520.jpg 2048w, https:\/\/dioceseteixeiradefreitas.com.br\/wp-content\/uploads\/2023\/01\/IMG_9520-300x200.jpg 300w, https:\/\/dioceseteixeiradefreitas.com.br\/wp-content\/uploads\/2023\/01\/IMG_9520-1024x683.jpg 1024w, https:\/\/dioceseteixeiradefreitas.com.br\/wp-content\/uploads\/2023\/01\/IMG_9520-768x512.jpg 768w, https:\/\/dioceseteixeiradefreitas.com.br\/wp-content\/uploads\/2023\/01\/IMG_9520-1536x1025.jpg 1536w\" sizes=\"auto, (max-width: 2048px) 100vw, 2048px\" \/><\/a><\/figure>\n\n\n\n<figure class=\"wp-block-image size-large\"><a href=\"https:\/\/dioceseteixeiradefreitas.com.br\/wp-content\/uploads\/2023\/01\/IMG_9515.jpg\"><img loading=\"lazy\" decoding=\"async\" width=\"2048\" height=\"1366\" data-id=\"18920\" src=\"https:\/\/dioceseteixeiradefreitas.com.br\/wp-content\/uploads\/2023\/01\/IMG_9515.jpg\" alt=\"\" class=\"wp-image-18920\" srcset=\"https:\/\/dioceseteixeiradefreitas.com.br\/wp-content\/uploads\/2023\/01\/IMG_9515.jpg 2048w, https:\/\/dioceseteixeiradefreitas.com.br\/wp-content\/uploads\/2023\/01\/IMG_9515-300x200.jpg 300w, https:\/\/dioceseteixeiradefreitas.com.br\/wp-content\/uploads\/2023\/01\/IMG_9515-1024x683.jpg 1024w, https:\/\/dioceseteixeiradefreitas.com.br\/wp-content\/uploads\/2023\/01\/IMG_9515-768x512.jpg 768w, https:\/\/dioceseteixeiradefreitas.com.br\/wp-content\/uploads\/2023\/01\/IMG_9515-1536x1025.jpg 1536w\" sizes=\"auto, (max-width: 2048px) 100vw, 2048px\" \/><\/a><\/figure>\n\n\n\n<figure class=\"wp-block-image size-large\"><a href=\"https:\/\/dioceseteixeiradefreitas.com.br\/wp-content\/uploads\/2023\/01\/IMG_9508.jpg\"><img loading=\"lazy\" decoding=\"async\" width=\"2048\" height=\"1366\" data-id=\"18919\" src=\"https:\/\/dioceseteixeiradefreitas.com.br\/wp-content\/uploads\/2023\/01\/IMG_9508.jpg\" alt=\"\" class=\"wp-image-18919\" srcset=\"https:\/\/dioceseteixeiradefreitas.com.br\/wp-content\/uploads\/2023\/01\/IMG_9508.jpg 2048w, https:\/\/dioceseteixeiradefreitas.com.br\/wp-content\/uploads\/2023\/01\/IMG_9508-300x200.jpg 300w, https:\/\/dioceseteixeiradefreitas.com.br\/wp-content\/uploads\/2023\/01\/IMG_9508-1024x683.jpg 1024w, https:\/\/dioceseteixeiradefreitas.com.br\/wp-content\/uploads\/2023\/01\/IMG_9508-768x512.jpg 768w, https:\/\/dioceseteixeiradefreitas.com.br\/wp-content\/uploads\/2023\/01\/IMG_9508-1536x1025.jpg 1536w\" sizes=\"auto, (max-width: 2048px) 100vw, 2048px\" \/><\/a><\/figure>\n\n\n\n<figure class=\"wp-block-image size-large\"><a href=\"https:\/\/dioceseteixeiradefreitas.com.br\/wp-content\/uploads\/2023\/01\/IMG_9506.jpg\"><img loading=\"lazy\" decoding=\"async\" width=\"1366\" height=\"2048\" data-id=\"18918\" src=\"https:\/\/dioceseteixeiradefreitas.com.br\/wp-content\/uploads\/2023\/01\/IMG_9506.jpg\" alt=\"\" class=\"wp-image-18918\" srcset=\"https:\/\/dioceseteixeiradefreitas.com.br\/wp-content\/uploads\/2023\/01\/IMG_9506.jpg 1366w, https:\/\/dioceseteixeiradefreitas.com.br\/wp-content\/uploads\/2023\/01\/IMG_9506-200x300.jpg 200w, https:\/\/dioceseteixeiradefreitas.com.br\/wp-content\/uploads\/2023\/01\/IMG_9506-683x1024.jpg 683w, https:\/\/dioceseteixeiradefreitas.com.br\/wp-content\/uploads\/2023\/01\/IMG_9506-768x1151.jpg 768w, https:\/\/dioceseteixeiradefreitas.com.br\/wp-content\/uploads\/2023\/01\/IMG_9506-1025x1536.jpg 1025w\" sizes=\"auto, (max-width: 1366px) 100vw, 1366px\" \/><\/a><\/figure>\n\n\n\n<figure class=\"wp-block-image size-large\"><a href=\"https:\/\/dioceseteixeiradefreitas.com.br\/wp-content\/uploads\/2023\/01\/IMG_9502.jpg\"><img loading=\"lazy\" decoding=\"async\" width=\"1366\" height=\"2048\" data-id=\"18917\" src=\"https:\/\/dioceseteixeiradefreitas.com.br\/wp-content\/uploads\/2023\/01\/IMG_9502.jpg\" alt=\"\" class=\"wp-image-18917\" srcset=\"https:\/\/dioceseteixeiradefreitas.com.br\/wp-content\/uploads\/2023\/01\/IMG_9502.jpg 1366w, https:\/\/dioceseteixeiradefreitas.com.br\/wp-content\/uploads\/2023\/01\/IMG_9502-200x300.jpg 200w, https:\/\/dioceseteixeiradefreitas.com.br\/wp-content\/uploads\/2023\/01\/IMG_9502-683x1024.jpg 683w, https:\/\/dioceseteixeiradefreitas.com.br\/wp-content\/uploads\/2023\/01\/IMG_9502-768x1151.jpg 768w, https:\/\/dioceseteixeiradefreitas.com.br\/wp-content\/uploads\/2023\/01\/IMG_9502-1025x1536.jpg 1025w\" sizes=\"auto, (max-width: 1366px) 100vw, 1366px\" \/><\/a><\/figure>\n\n\n\n<figure class=\"wp-block-image size-large\"><a href=\"https:\/\/dioceseteixeiradefreitas.com.br\/wp-content\/uploads\/2023\/01\/IMG_9497.jpg\"><img loading=\"lazy\" decoding=\"async\" width=\"2048\" height=\"1366\" data-id=\"18916\" src=\"https:\/\/dioceseteixeiradefreitas.com.br\/wp-content\/uploads\/2023\/01\/IMG_9497.jpg\" alt=\"\" class=\"wp-image-18916\" srcset=\"https:\/\/dioceseteixeiradefreitas.com.br\/wp-content\/uploads\/2023\/01\/IMG_9497.jpg 2048w, https:\/\/dioceseteixeiradefreitas.com.br\/wp-content\/uploads\/2023\/01\/IMG_9497-300x200.jpg 300w, https:\/\/dioceseteixeiradefreitas.com.br\/wp-content\/uploads\/2023\/01\/IMG_9497-1024x683.jpg 1024w, https:\/\/dioceseteixeiradefreitas.com.br\/wp-content\/uploads\/2023\/01\/IMG_9497-768x512.jpg 768w, https:\/\/dioceseteixeiradefreitas.com.br\/wp-content\/uploads\/2023\/01\/IMG_9497-1536x1025.jpg 1536w\" sizes=\"auto, (max-width: 2048px) 100vw, 2048px\" \/><\/a><\/figure>\n\n\n\n<figure class=\"wp-block-image size-large\"><a href=\"https:\/\/dioceseteixeiradefreitas.com.br\/wp-content\/uploads\/2023\/01\/IMG_9488.jpg\"><img loading=\"lazy\" decoding=\"async\" width=\"2048\" height=\"1366\" data-id=\"18915\" src=\"https:\/\/dioceseteixeiradefreitas.com.br\/wp-content\/uploads\/2023\/01\/IMG_9488.jpg\" alt=\"\" class=\"wp-image-18915\" srcset=\"https:\/\/dioceseteixeiradefreitas.com.br\/wp-content\/uploads\/2023\/01\/IMG_9488.jpg 2048w, https:\/\/dioceseteixeiradefreitas.com.br\/wp-content\/uploads\/2023\/01\/IMG_9488-300x200.jpg 300w, https:\/\/dioceseteixeiradefreitas.com.br\/wp-content\/uploads\/2023\/01\/IMG_9488-1024x683.jpg 1024w, https:\/\/dioceseteixeiradefreitas.com.br\/wp-content\/uploads\/2023\/01\/IMG_9488-768x512.jpg 768w, https:\/\/dioceseteixeiradefreitas.com.br\/wp-content\/uploads\/2023\/01\/IMG_9488-1536x1025.jpg 1536w\" sizes=\"auto, (max-width: 2048px) 100vw, 2048px\" \/><\/a><\/figure>\n\n\n\n<figure class=\"wp-block-image size-large\"><a href=\"https:\/\/dioceseteixeiradefreitas.com.br\/wp-content\/uploads\/2023\/01\/IMG_9485.jpg\"><img loading=\"lazy\" decoding=\"async\" width=\"2048\" height=\"1366\" data-id=\"18914\" src=\"https:\/\/dioceseteixeiradefreitas.com.br\/wp-content\/uploads\/2023\/01\/IMG_9485.jpg\" alt=\"\" class=\"wp-image-18914\" srcset=\"https:\/\/dioceseteixeiradefreitas.com.br\/wp-content\/uploads\/2023\/01\/IMG_9485.jpg 2048w, https:\/\/dioceseteixeiradefreitas.com.br\/wp-content\/uploads\/2023\/01\/IMG_9485-300x200.jpg 300w, https:\/\/dioceseteixeiradefreitas.com.br\/wp-content\/uploads\/2023\/01\/IMG_9485-1024x683.jpg 1024w, https:\/\/dioceseteixeiradefreitas.com.br\/wp-content\/uploads\/2023\/01\/IMG_9485-768x512.jpg 768w, https:\/\/dioceseteixeiradefreitas.com.br\/wp-content\/uploads\/2023\/01\/IMG_9485-1536x1025.jpg 1536w\" sizes=\"auto, (max-width: 2048px) 100vw, 2048px\" \/><\/a><\/figure>\n\n\n\n<figure class=\"wp-block-image size-large\"><a href=\"https:\/\/dioceseteixeiradefreitas.com.br\/wp-content\/uploads\/2023\/01\/IMG_9466.jpg\"><img loading=\"lazy\" decoding=\"async\" width=\"2048\" height=\"1366\" data-id=\"18913\" src=\"https:\/\/dioceseteixeiradefreitas.com.br\/wp-content\/uploads\/2023\/01\/IMG_9466.jpg\" alt=\"\" class=\"wp-image-18913\" srcset=\"https:\/\/dioceseteixeiradefreitas.com.br\/wp-content\/uploads\/2023\/01\/IMG_9466.jpg 2048w, https:\/\/dioceseteixeiradefreitas.com.br\/wp-content\/uploads\/2023\/01\/IMG_9466-300x200.jpg 300w, https:\/\/dioceseteixeiradefreitas.com.br\/wp-content\/uploads\/2023\/01\/IMG_9466-1024x683.jpg 1024w, https:\/\/dioceseteixeiradefreitas.com.br\/wp-content\/uploads\/2023\/01\/IMG_9466-768x512.jpg 768w, https:\/\/dioceseteixeiradefreitas.com.br\/wp-content\/uploads\/2023\/01\/IMG_9466-1536x1025.jpg 1536w\" sizes=\"auto, (max-width: 2048px) 100vw, 2048px\" \/><\/a><\/figure>\n\n\n\n<figure class=\"wp-block-image size-large\"><a href=\"https:\/\/dioceseteixeiradefreitas.com.br\/wp-content\/uploads\/2023\/01\/IMG_9461.jpg\"><img loading=\"lazy\" decoding=\"async\" width=\"2048\" height=\"1366\" data-id=\"18912\" src=\"https:\/\/dioceseteixeiradefreitas.com.br\/wp-content\/uploads\/2023\/01\/IMG_9461.jpg\" alt=\"\" class=\"wp-image-18912\" srcset=\"https:\/\/dioceseteixeiradefreitas.com.br\/wp-content\/uploads\/2023\/01\/IMG_9461.jpg 2048w, https:\/\/dioceseteixeiradefreitas.com.br\/wp-content\/uploads\/2023\/01\/IMG_9461-300x200.jpg 300w, https:\/\/dioceseteixeiradefreitas.com.br\/wp-content\/uploads\/2023\/01\/IMG_9461-1024x683.jpg 1024w, https:\/\/dioceseteixeiradefreitas.com.br\/wp-content\/uploads\/2023\/01\/IMG_9461-768x512.jpg 768w, https:\/\/dioceseteixeiradefreitas.com.br\/wp-content\/uploads\/2023\/01\/IMG_9461-1536x1025.jpg 1536w\" sizes=\"auto, (max-width: 2048px) 100vw, 2048px\" \/><\/a><\/figure>\n\n\n\n<figure class=\"wp-block-image size-large\"><a href=\"https:\/\/dioceseteixeiradefreitas.com.br\/wp-content\/uploads\/2023\/01\/IMG_9456.jpg\"><img loading=\"lazy\" decoding=\"async\" width=\"2048\" height=\"1366\" data-id=\"18911\" src=\"https:\/\/dioceseteixeiradefreitas.com.br\/wp-content\/uploads\/2023\/01\/IMG_9456.jpg\" alt=\"\" class=\"wp-image-18911\" srcset=\"https:\/\/dioceseteixeiradefreitas.com.br\/wp-content\/uploads\/2023\/01\/IMG_9456.jpg 2048w, https:\/\/dioceseteixeiradefreitas.com.br\/wp-content\/uploads\/2023\/01\/IMG_9456-300x200.jpg 300w, https:\/\/dioceseteixeiradefreitas.com.br\/wp-content\/uploads\/2023\/01\/IMG_9456-1024x683.jpg 1024w, https:\/\/dioceseteixeiradefreitas.com.br\/wp-content\/uploads\/2023\/01\/IMG_9456-768x512.jpg 768w, https:\/\/dioceseteixeiradefreitas.com.br\/wp-content\/uploads\/2023\/01\/IMG_9456-1536x1025.jpg 1536w\" sizes=\"auto, (max-width: 2048px) 100vw, 2048px\" \/><\/a><\/figure>\n\n\n\n<figure class=\"wp-block-image size-large\"><a href=\"https:\/\/dioceseteixeiradefreitas.com.br\/wp-content\/uploads\/2023\/01\/IMG_9452.jpg\"><img loading=\"lazy\" decoding=\"async\" width=\"2048\" height=\"1366\" data-id=\"18910\" src=\"https:\/\/dioceseteixeiradefreitas.com.br\/wp-content\/uploads\/2023\/01\/IMG_9452.jpg\" alt=\"\" class=\"wp-image-18910\" srcset=\"https:\/\/dioceseteixeiradefreitas.com.br\/wp-content\/uploads\/2023\/01\/IMG_9452.jpg 2048w, https:\/\/dioceseteixeiradefreitas.com.br\/wp-content\/uploads\/2023\/01\/IMG_9452-300x200.jpg 300w, https:\/\/dioceseteixeiradefreitas.com.br\/wp-content\/uploads\/2023\/01\/IMG_9452-1024x683.jpg 1024w, https:\/\/dioceseteixeiradefreitas.com.br\/wp-content\/uploads\/2023\/01\/IMG_9452-768x512.jpg 768w, https:\/\/dioceseteixeiradefreitas.com.br\/wp-content\/uploads\/2023\/01\/IMG_9452-1536x1025.jpg 1536w\" sizes=\"auto, (max-width: 2048px) 100vw, 2048px\" \/><\/a><\/figure>\n\n\n\n<figure class=\"wp-block-image size-large\"><a href=\"https:\/\/dioceseteixeiradefreitas.com.br\/wp-content\/uploads\/2023\/01\/IMG_9446.jpg\"><img loading=\"lazy\" decoding=\"async\" width=\"2048\" height=\"1366\" data-id=\"18909\" src=\"https:\/\/dioceseteixeiradefreitas.com.br\/wp-content\/uploads\/2023\/01\/IMG_9446.jpg\" alt=\"\" class=\"wp-image-18909\" srcset=\"https:\/\/dioceseteixeiradefreitas.com.br\/wp-content\/uploads\/2023\/01\/IMG_9446.jpg 2048w, https:\/\/dioceseteixeiradefreitas.com.br\/wp-content\/uploads\/2023\/01\/IMG_9446-300x200.jpg 300w, https:\/\/dioceseteixeiradefreitas.com.br\/wp-content\/uploads\/2023\/01\/IMG_9446-1024x683.jpg 1024w, https:\/\/dioceseteixeiradefreitas.com.br\/wp-content\/uploads\/2023\/01\/IMG_9446-768x512.jpg 768w, https:\/\/dioceseteixeiradefreitas.com.br\/wp-content\/uploads\/2023\/01\/IMG_9446-1536x1025.jpg 1536w\" sizes=\"auto, (max-width: 2048px) 100vw, 2048px\" \/><\/a><\/figure>\n\n\n\n<figure class=\"wp-block-image size-large\"><a href=\"https:\/\/dioceseteixeiradefreitas.com.br\/wp-content\/uploads\/2023\/01\/IMG_9435.jpg\"><img loading=\"lazy\" decoding=\"async\" width=\"2048\" height=\"1366\" data-id=\"18908\" src=\"https:\/\/dioceseteixeiradefreitas.com.br\/wp-content\/uploads\/2023\/01\/IMG_9435.jpg\" alt=\"\" class=\"wp-image-18908\" srcset=\"https:\/\/dioceseteixeiradefreitas.com.br\/wp-content\/uploads\/2023\/01\/IMG_9435.jpg 2048w, https:\/\/dioceseteixeiradefreitas.com.br\/wp-content\/uploads\/2023\/01\/IMG_9435-300x200.jpg 300w, https:\/\/dioceseteixeiradefreitas.com.br\/wp-content\/uploads\/2023\/01\/IMG_9435-1024x683.jpg 1024w, https:\/\/dioceseteixeiradefreitas.com.br\/wp-content\/uploads\/2023\/01\/IMG_9435-768x512.jpg 768w, https:\/\/dioceseteixeiradefreitas.com.br\/wp-content\/uploads\/2023\/01\/IMG_9435-1536x1025.jpg 1536w\" sizes=\"auto, (max-width: 2048px) 100vw, 2048px\" \/><\/a><\/figure>\n\n\n\n<figure class=\"wp-block-image size-large\"><a href=\"https:\/\/dioceseteixeiradefreitas.com.br\/wp-content\/uploads\/2023\/01\/IMG_9430.jpg\"><img loading=\"lazy\" decoding=\"async\" width=\"2048\" height=\"1366\" data-id=\"18907\" src=\"https:\/\/dioceseteixeiradefreitas.com.br\/wp-content\/uploads\/2023\/01\/IMG_9430.jpg\" alt=\"\" class=\"wp-image-18907\" srcset=\"https:\/\/dioceseteixeiradefreitas.com.br\/wp-content\/uploads\/2023\/01\/IMG_9430.jpg 2048w, https:\/\/dioceseteixeiradefreitas.com.br\/wp-content\/uploads\/2023\/01\/IMG_9430-300x200.jpg 300w, https:\/\/dioceseteixeiradefreitas.com.br\/wp-content\/uploads\/2023\/01\/IMG_9430-1024x683.jpg 1024w, https:\/\/dioceseteixeiradefreitas.com.br\/wp-content\/uploads\/2023\/01\/IMG_9430-768x512.jpg 768w, https:\/\/dioceseteixeiradefreitas.com.br\/wp-content\/uploads\/2023\/01\/IMG_9430-1536x1025.jpg 1536w\" sizes=\"auto, (max-width: 2048px) 100vw, 2048px\" \/><\/a><\/figure>\n\n\n\n<figure class=\"wp-block-image size-large\"><a href=\"https:\/\/dioceseteixeiradefreitas.com.br\/wp-content\/uploads\/2023\/01\/IMG_9429.jpg\"><img loading=\"lazy\" decoding=\"async\" width=\"2048\" height=\"1366\" data-id=\"18906\" src=\"https:\/\/dioceseteixeiradefreitas.com.br\/wp-content\/uploads\/2023\/01\/IMG_9429.jpg\" alt=\"\" class=\"wp-image-18906\" srcset=\"https:\/\/dioceseteixeiradefreitas.com.br\/wp-content\/uploads\/2023\/01\/IMG_9429.jpg 2048w, https:\/\/dioceseteixeiradefreitas.com.br\/wp-content\/uploads\/2023\/01\/IMG_9429-300x200.jpg 300w, https:\/\/dioceseteixeiradefreitas.com.br\/wp-content\/uploads\/2023\/01\/IMG_9429-1024x683.jpg 1024w, https:\/\/dioceseteixeiradefreitas.com.br\/wp-content\/uploads\/2023\/01\/IMG_9429-768x512.jpg 768w, https:\/\/dioceseteixeiradefreitas.com.br\/wp-content\/uploads\/2023\/01\/IMG_9429-1536x1025.jpg 1536w\" sizes=\"auto, (max-width: 2048px) 100vw, 2048px\" \/><\/a><\/figure>\n\n\n\n<figure class=\"wp-block-image size-large\"><a href=\"https:\/\/dioceseteixeiradefreitas.com.br\/wp-content\/uploads\/2023\/01\/IMG_9428.jpg\"><img loading=\"lazy\" decoding=\"async\" width=\"2048\" height=\"1366\" data-id=\"18905\" src=\"https:\/\/dioceseteixeiradefreitas.com.br\/wp-content\/uploads\/2023\/01\/IMG_9428.jpg\" alt=\"\" class=\"wp-image-18905\" srcset=\"https:\/\/dioceseteixeiradefreitas.com.br\/wp-content\/uploads\/2023\/01\/IMG_9428.jpg 2048w, https:\/\/dioceseteixeiradefreitas.com.br\/wp-content\/uploads\/2023\/01\/IMG_9428-300x200.jpg 300w, https:\/\/dioceseteixeiradefreitas.com.br\/wp-content\/uploads\/2023\/01\/IMG_9428-1024x683.jpg 1024w, https:\/\/dioceseteixeiradefreitas.com.br\/wp-content\/uploads\/2023\/01\/IMG_9428-768x512.jpg 768w, https:\/\/dioceseteixeiradefreitas.com.br\/wp-content\/uploads\/2023\/01\/IMG_9428-1536x1025.jpg 1536w\" sizes=\"auto, (max-width: 2048px) 100vw, 2048px\" \/><\/a><\/figure>\n\n\n\n<figure class=\"wp-block-image size-large\"><a href=\"https:\/\/dioceseteixeiradefreitas.com.br\/wp-content\/uploads\/2023\/01\/IMG_9422.jpg\"><img loading=\"lazy\" decoding=\"async\" width=\"2048\" height=\"1366\" data-id=\"18904\" src=\"https:\/\/dioceseteixeiradefreitas.com.br\/wp-content\/uploads\/2023\/01\/IMG_9422.jpg\" alt=\"\" class=\"wp-image-18904\" srcset=\"https:\/\/dioceseteixeiradefreitas.com.br\/wp-content\/uploads\/2023\/01\/IMG_9422.jpg 2048w, https:\/\/dioceseteixeiradefreitas.com.br\/wp-content\/uploads\/2023\/01\/IMG_9422-300x200.jpg 300w, https:\/\/dioceseteixeiradefreitas.com.br\/wp-content\/uploads\/2023\/01\/IMG_9422-1024x683.jpg 1024w, https:\/\/dioceseteixeiradefreitas.com.br\/wp-content\/uploads\/2023\/01\/IMG_9422-768x512.jpg 768w, https:\/\/dioceseteixeiradefreitas.com.br\/wp-content\/uploads\/2023\/01\/IMG_9422-1536x1025.jpg 1536w\" sizes=\"auto, (max-width: 2048px) 100vw, 2048px\" \/><\/a><\/figure>\n\n\n\n<figure class=\"wp-block-image size-large\"><a href=\"https:\/\/dioceseteixeiradefreitas.com.br\/wp-content\/uploads\/2023\/01\/IMG_0314.jpg\"><img loading=\"lazy\" decoding=\"async\" width=\"2048\" height=\"1366\" data-id=\"18903\" src=\"https:\/\/dioceseteixeiradefreitas.com.br\/wp-content\/uploads\/2023\/01\/IMG_0314.jpg\" alt=\"\" class=\"wp-image-18903\" srcset=\"https:\/\/dioceseteixeiradefreitas.com.br\/wp-content\/uploads\/2023\/01\/IMG_0314.jpg 2048w, https:\/\/dioceseteixeiradefreitas.com.br\/wp-content\/uploads\/2023\/01\/IMG_0314-300x200.jpg 300w, https:\/\/dioceseteixeiradefreitas.com.br\/wp-content\/uploads\/2023\/01\/IMG_0314-1024x683.jpg 1024w, https:\/\/dioceseteixeiradefreitas.com.br\/wp-content\/uploads\/2023\/01\/IMG_0314-768x512.jpg 768w, https:\/\/dioceseteixeiradefreitas.com.br\/wp-content\/uploads\/2023\/01\/IMG_0314-1536x1025.jpg 1536w\" sizes=\"auto, (max-width: 2048px) 100vw, 2048px\" \/><\/a><\/figure>\n\n\n\n<figure class=\"wp-block-image size-large\"><a href=\"https:\/\/dioceseteixeiradefreitas.com.br\/wp-content\/uploads\/2023\/01\/IMG_0308.jpg\"><img loading=\"lazy\" decoding=\"async\" width=\"1366\" height=\"2048\" data-id=\"18902\" src=\"https:\/\/dioceseteixeiradefreitas.com.br\/wp-content\/uploads\/2023\/01\/IMG_0308.jpg\" alt=\"\" class=\"wp-image-18902\" srcset=\"https:\/\/dioceseteixeiradefreitas.com.br\/wp-content\/uploads\/2023\/01\/IMG_0308.jpg 1366w, https:\/\/dioceseteixeiradefreitas.com.br\/wp-content\/uploads\/2023\/01\/IMG_0308-200x300.jpg 200w, https:\/\/dioceseteixeiradefreitas.com.br\/wp-content\/uploads\/2023\/01\/IMG_0308-683x1024.jpg 683w, https:\/\/dioceseteixeiradefreitas.com.br\/wp-content\/uploads\/2023\/01\/IMG_0308-768x1151.jpg 768w, https:\/\/dioceseteixeiradefreitas.com.br\/wp-content\/uploads\/2023\/01\/IMG_0308-1025x1536.jpg 1025w\" sizes=\"auto, (max-width: 1366px) 100vw, 1366px\" \/><\/a><\/figure>\n\n\n\n<figure class=\"wp-block-image size-large\"><a href=\"https:\/\/dioceseteixeiradefreitas.com.br\/wp-content\/uploads\/2023\/01\/IMG_0302.jpg\"><img loading=\"lazy\" decoding=\"async\" width=\"2048\" height=\"1365\" data-id=\"18901\" src=\"https:\/\/dioceseteixeiradefreitas.com.br\/wp-content\/uploads\/2023\/01\/IMG_0302.jpg\" alt=\"\" class=\"wp-image-18901\" srcset=\"https:\/\/dioceseteixeiradefreitas.com.br\/wp-content\/uploads\/2023\/01\/IMG_0302.jpg 2048w, https:\/\/dioceseteixeiradefreitas.com.br\/wp-content\/uploads\/2023\/01\/IMG_0302-300x200.jpg 300w, https:\/\/dioceseteixeiradefreitas.com.br\/wp-content\/uploads\/2023\/01\/IMG_0302-1024x683.jpg 1024w, https:\/\/dioceseteixeiradefreitas.com.br\/wp-content\/uploads\/2023\/01\/IMG_0302-768x512.jpg 768w, https:\/\/dioceseteixeiradefreitas.com.br\/wp-content\/uploads\/2023\/01\/IMG_0302-1536x1024.jpg 1536w\" sizes=\"auto, (max-width: 2048px) 100vw, 2048px\" \/><\/a><\/figure>\n\n\n\n<figure class=\"wp-block-image size-large\"><a href=\"https:\/\/dioceseteixeiradefreitas.com.br\/wp-content\/uploads\/2023\/01\/IMG_0287.jpg\"><img loading=\"lazy\" decoding=\"async\" width=\"2048\" height=\"1366\" data-id=\"18899\" src=\"https:\/\/dioceseteixeiradefreitas.com.br\/wp-content\/uploads\/2023\/01\/IMG_0287.jpg\" alt=\"\" class=\"wp-image-18899\" srcset=\"https:\/\/dioceseteixeiradefreitas.com.br\/wp-content\/uploads\/2023\/01\/IMG_0287.jpg 2048w, https:\/\/dioceseteixeiradefreitas.com.br\/wp-content\/uploads\/2023\/01\/IMG_0287-300x200.jpg 300w, https:\/\/dioceseteixeiradefreitas.com.br\/wp-content\/uploads\/2023\/01\/IMG_0287-1024x683.jpg 1024w, https:\/\/dioceseteixeiradefreitas.com.br\/wp-content\/uploads\/2023\/01\/IMG_0287-768x512.jpg 768w, https:\/\/dioceseteixeiradefreitas.com.br\/wp-content\/uploads\/2023\/01\/IMG_0287-1536x1025.jpg 1536w\" sizes=\"auto, (max-width: 2048px) 100vw, 2048px\" \/><\/a><\/figure>\n\n\n\n<figure class=\"wp-block-image size-large\"><a href=\"https:\/\/dioceseteixeiradefreitas.com.br\/wp-content\/uploads\/2023\/01\/IMG_0285.jpg\"><img loading=\"lazy\" decoding=\"async\" width=\"2048\" height=\"1366\" data-id=\"18898\" src=\"https:\/\/dioceseteixeiradefreitas.com.br\/wp-content\/uploads\/2023\/01\/IMG_0285.jpg\" alt=\"\" class=\"wp-image-18898\" srcset=\"https:\/\/dioceseteixeiradefreitas.com.br\/wp-content\/uploads\/2023\/01\/IMG_0285.jpg 2048w, https:\/\/dioceseteixeiradefreitas.com.br\/wp-content\/uploads\/2023\/01\/IMG_0285-300x200.jpg 300w, https:\/\/dioceseteixeiradefreitas.com.br\/wp-content\/uploads\/2023\/01\/IMG_0285-1024x683.jpg 1024w, https:\/\/dioceseteixeiradefreitas.com.br\/wp-content\/uploads\/2023\/01\/IMG_0285-768x512.jpg 768w, https:\/\/dioceseteixeiradefreitas.com.br\/wp-content\/uploads\/2023\/01\/IMG_0285-1536x1025.jpg 1536w\" sizes=\"auto, (max-width: 2048px) 100vw, 2048px\" \/><\/a><\/figure>\n\n\n\n<figure class=\"wp-block-image size-large\"><a href=\"https:\/\/dioceseteixeiradefreitas.com.br\/wp-content\/uploads\/2023\/01\/IMG_0282.jpg\"><img loading=\"lazy\" decoding=\"async\" width=\"2048\" height=\"1366\" data-id=\"18897\" src=\"https:\/\/dioceseteixeiradefreitas.com.br\/wp-content\/uploads\/2023\/01\/IMG_0282.jpg\" alt=\"\" class=\"wp-image-18897\" srcset=\"https:\/\/dioceseteixeiradefreitas.com.br\/wp-content\/uploads\/2023\/01\/IMG_0282.jpg 2048w, https:\/\/dioceseteixeiradefreitas.com.br\/wp-content\/uploads\/2023\/01\/IMG_0282-300x200.jpg 300w, https:\/\/dioceseteixeiradefreitas.com.br\/wp-content\/uploads\/2023\/01\/IMG_0282-1024x683.jpg 1024w, https:\/\/dioceseteixeiradefreitas.com.br\/wp-content\/uploads\/2023\/01\/IMG_0282-768x512.jpg 768w, https:\/\/dioceseteixeiradefreitas.com.br\/wp-content\/uploads\/2023\/01\/IMG_0282-1536x1025.jpg 1536w\" sizes=\"auto, (max-width: 2048px) 100vw, 2048px\" \/><\/a><\/figure>\n\n\n\n<figure class=\"wp-block-image size-large\"><a href=\"https:\/\/dioceseteixeiradefreitas.com.br\/wp-content\/uploads\/2023\/01\/IMG_0292.jpg\"><img loading=\"lazy\" decoding=\"async\" width=\"2048\" height=\"1366\" data-id=\"18900\" src=\"https:\/\/dioceseteixeiradefreitas.com.br\/wp-content\/uploads\/2023\/01\/IMG_0292.jpg\" alt=\"\" class=\"wp-image-18900\" srcset=\"https:\/\/dioceseteixeiradefreitas.com.br\/wp-content\/uploads\/2023\/01\/IMG_0292.jpg 2048w, https:\/\/dioceseteixeiradefreitas.com.br\/wp-content\/uploads\/2023\/01\/IMG_0292-300x200.jpg 300w, https:\/\/dioceseteixeiradefreitas.com.br\/wp-content\/uploads\/2023\/01\/IMG_0292-1024x683.jpg 1024w, https:\/\/dioceseteixeiradefreitas.com.br\/wp-content\/uploads\/2023\/01\/IMG_0292-768x512.jpg 768w, https:\/\/dioceseteixeiradefreitas.com.br\/wp-content\/uploads\/2023\/01\/IMG_0292-1536x1025.jpg 1536w\" sizes=\"auto, (max-width: 2048px) 100vw, 2048px\" \/><\/a><\/figure>\n\n\n\n<figure class=\"wp-block-image size-large\"><a href=\"https:\/\/dioceseteixeiradefreitas.com.br\/wp-content\/uploads\/2023\/01\/IMG_0269.jpg\"><img loading=\"lazy\" decoding=\"async\" width=\"1366\" height=\"2048\" data-id=\"18896\" src=\"https:\/\/dioceseteixeiradefreitas.com.br\/wp-content\/uploads\/2023\/01\/IMG_0269.jpg\" alt=\"\" class=\"wp-image-18896\" srcset=\"https:\/\/dioceseteixeiradefreitas.com.br\/wp-content\/uploads\/2023\/01\/IMG_0269.jpg 1366w, https:\/\/dioceseteixeiradefreitas.com.br\/wp-content\/uploads\/2023\/01\/IMG_0269-200x300.jpg 200w, https:\/\/dioceseteixeiradefreitas.com.br\/wp-content\/uploads\/2023\/01\/IMG_0269-683x1024.jpg 683w, https:\/\/dioceseteixeiradefreitas.com.br\/wp-content\/uploads\/2023\/01\/IMG_0269-768x1151.jpg 768w, https:\/\/dioceseteixeiradefreitas.com.br\/wp-content\/uploads\/2023\/01\/IMG_0269-1025x1536.jpg 1025w\" sizes=\"auto, (max-width: 1366px) 100vw, 1366px\" \/><\/a><\/figure>\n\n\n\n<figure class=\"wp-block-image size-large\"><a href=\"https:\/\/dioceseteixeiradefreitas.com.br\/wp-content\/uploads\/2023\/01\/IMG_0261.jpg\"><img loading=\"lazy\" decoding=\"async\" width=\"2048\" height=\"1366\" data-id=\"18895\" src=\"https:\/\/dioceseteixeiradefreitas.com.br\/wp-content\/uploads\/2023\/01\/IMG_0261.jpg\" alt=\"\" class=\"wp-image-18895\" srcset=\"https:\/\/dioceseteixeiradefreitas.com.br\/wp-content\/uploads\/2023\/01\/IMG_0261.jpg 2048w, https:\/\/dioceseteixeiradefreitas.com.br\/wp-content\/uploads\/2023\/01\/IMG_0261-300x200.jpg 300w, https:\/\/dioceseteixeiradefreitas.com.br\/wp-content\/uploads\/2023\/01\/IMG_0261-1024x683.jpg 1024w, https:\/\/dioceseteixeiradefreitas.com.br\/wp-content\/uploads\/2023\/01\/IMG_0261-768x512.jpg 768w, https:\/\/dioceseteixeiradefreitas.com.br\/wp-content\/uploads\/2023\/01\/IMG_0261-1536x1025.jpg 1536w\" sizes=\"auto, (max-width: 2048px) 100vw, 2048px\" \/><\/a><\/figure>\n\n\n\n<figure class=\"wp-block-image size-large\"><a href=\"https:\/\/dioceseteixeiradefreitas.com.br\/wp-content\/uploads\/2023\/01\/IMG_0247.jpg\"><img loading=\"lazy\" decoding=\"async\" width=\"2048\" height=\"1366\" data-id=\"18894\" src=\"https:\/\/dioceseteixeiradefreitas.com.br\/wp-content\/uploads\/2023\/01\/IMG_0247.jpg\" alt=\"\" class=\"wp-image-18894\" srcset=\"https:\/\/dioceseteixeiradefreitas.com.br\/wp-content\/uploads\/2023\/01\/IMG_0247.jpg 2048w, https:\/\/dioceseteixeiradefreitas.com.br\/wp-content\/uploads\/2023\/01\/IMG_0247-300x200.jpg 300w, https:\/\/dioceseteixeiradefreitas.com.br\/wp-content\/uploads\/2023\/01\/IMG_0247-1024x683.jpg 1024w, https:\/\/dioceseteixeiradefreitas.com.br\/wp-content\/uploads\/2023\/01\/IMG_0247-768x512.jpg 768w, https:\/\/dioceseteixeiradefreitas.com.br\/wp-content\/uploads\/2023\/01\/IMG_0247-1536x1025.jpg 1536w\" sizes=\"auto, (max-width: 2048px) 100vw, 2048px\" \/><\/a><\/figure>\n\n\n\n<figure class=\"wp-block-image size-large\"><a href=\"https:\/\/dioceseteixeiradefreitas.com.br\/wp-content\/uploads\/2023\/01\/IMG_0242.jpg\"><img loading=\"lazy\" decoding=\"async\" width=\"2048\" height=\"1366\" data-id=\"18893\" src=\"https:\/\/dioceseteixeiradefreitas.com.br\/wp-content\/uploads\/2023\/01\/IMG_0242.jpg\" alt=\"\" class=\"wp-image-18893\" srcset=\"https:\/\/dioceseteixeiradefreitas.com.br\/wp-content\/uploads\/2023\/01\/IMG_0242.jpg 2048w, https:\/\/dioceseteixeiradefreitas.com.br\/wp-content\/uploads\/2023\/01\/IMG_0242-300x200.jpg 300w, https:\/\/dioceseteixeiradefreitas.com.br\/wp-content\/uploads\/2023\/01\/IMG_0242-1024x683.jpg 1024w, https:\/\/dioceseteixeiradefreitas.com.br\/wp-content\/uploads\/2023\/01\/IMG_0242-768x512.jpg 768w, https:\/\/dioceseteixeiradefreitas.com.br\/wp-content\/uploads\/2023\/01\/IMG_0242-1536x1025.jpg 1536w\" sizes=\"auto, (max-width: 2048px) 100vw, 2048px\" \/><\/a><\/figure>\n\n\n\n<figure class=\"wp-block-image size-large\"><a href=\"https:\/\/dioceseteixeiradefreitas.com.br\/wp-content\/uploads\/2023\/01\/IMG_0231.jpg\"><img loading=\"lazy\" decoding=\"async\" width=\"2048\" height=\"1366\" data-id=\"18892\" src=\"https:\/\/dioceseteixeiradefreitas.com.br\/wp-content\/uploads\/2023\/01\/IMG_0231.jpg\" alt=\"\" class=\"wp-image-18892\" srcset=\"https:\/\/dioceseteixeiradefreitas.com.br\/wp-content\/uploads\/2023\/01\/IMG_0231.jpg 2048w, https:\/\/dioceseteixeiradefreitas.com.br\/wp-content\/uploads\/2023\/01\/IMG_0231-300x200.jpg 300w, https:\/\/dioceseteixeiradefreitas.com.br\/wp-content\/uploads\/2023\/01\/IMG_0231-1024x683.jpg 1024w, https:\/\/dioceseteixeiradefreitas.com.br\/wp-content\/uploads\/2023\/01\/IMG_0231-768x512.jpg 768w, https:\/\/dioceseteixeiradefreitas.com.br\/wp-content\/uploads\/2023\/01\/IMG_0231-1536x1025.jpg 1536w\" sizes=\"auto, (max-width: 2048px) 100vw, 2048px\" \/><\/a><\/figure>\n\n\n\n<figure class=\"wp-block-image size-large\"><a href=\"https:\/\/dioceseteixeiradefreitas.com.br\/wp-content\/uploads\/2023\/01\/IMG_0212.jpg\"><img loading=\"lazy\" decoding=\"async\" width=\"2048\" height=\"1366\" data-id=\"18891\" src=\"https:\/\/dioceseteixeiradefreitas.com.br\/wp-content\/uploads\/2023\/01\/IMG_0212.jpg\" alt=\"\" class=\"wp-image-18891\" srcset=\"https:\/\/dioceseteixeiradefreitas.com.br\/wp-content\/uploads\/2023\/01\/IMG_0212.jpg 2048w, https:\/\/dioceseteixeiradefreitas.com.br\/wp-content\/uploads\/2023\/01\/IMG_0212-300x200.jpg 300w, https:\/\/dioceseteixeiradefreitas.com.br\/wp-content\/uploads\/2023\/01\/IMG_0212-1024x683.jpg 1024w, https:\/\/dioceseteixeiradefreitas.com.br\/wp-content\/uploads\/2023\/01\/IMG_0212-768x512.jpg 768w, https:\/\/dioceseteixeiradefreitas.com.br\/wp-content\/uploads\/2023\/01\/IMG_0212-1536x1025.jpg 1536w\" sizes=\"auto, (max-width: 2048px) 100vw, 2048px\" \/><\/a><\/figure>\n\n\n\n<figure class=\"wp-block-image size-large\"><a href=\"https:\/\/dioceseteixeiradefreitas.com.br\/wp-content\/uploads\/2023\/01\/IMG_0143.jpg\"><img loading=\"lazy\" decoding=\"async\" width=\"2048\" height=\"1366\" data-id=\"18888\" src=\"https:\/\/dioceseteixeiradefreitas.com.br\/wp-content\/uploads\/2023\/01\/IMG_0143.jpg\" alt=\"\" class=\"wp-image-18888\" srcset=\"https:\/\/dioceseteixeiradefreitas.com.br\/wp-content\/uploads\/2023\/01\/IMG_0143.jpg 2048w, https:\/\/dioceseteixeiradefreitas.com.br\/wp-content\/uploads\/2023\/01\/IMG_0143-300x200.jpg 300w, https:\/\/dioceseteixeiradefreitas.com.br\/wp-content\/uploads\/2023\/01\/IMG_0143-1024x683.jpg 1024w, https:\/\/dioceseteixeiradefreitas.com.br\/wp-content\/uploads\/2023\/01\/IMG_0143-768x512.jpg 768w, https:\/\/dioceseteixeiradefreitas.com.br\/wp-content\/uploads\/2023\/01\/IMG_0143-1536x1025.jpg 1536w\" sizes=\"auto, (max-width: 2048px) 100vw, 2048px\" \/><\/a><\/figure>\n\n\n\n<figure class=\"wp-block-image size-large\"><a href=\"https:\/\/dioceseteixeiradefreitas.com.br\/wp-content\/uploads\/2023\/01\/IMG_0150.jpg\"><img loading=\"lazy\" decoding=\"async\" width=\"2048\" height=\"1366\" data-id=\"18889\" src=\"https:\/\/dioceseteixeiradefreitas.com.br\/wp-content\/uploads\/2023\/01\/IMG_0150.jpg\" alt=\"\" class=\"wp-image-18889\" srcset=\"https:\/\/dioceseteixeiradefreitas.com.br\/wp-content\/uploads\/2023\/01\/IMG_0150.jpg 2048w, https:\/\/dioceseteixeiradefreitas.com.br\/wp-content\/uploads\/2023\/01\/IMG_0150-300x200.jpg 300w, https:\/\/dioceseteixeiradefreitas.com.br\/wp-content\/uploads\/2023\/01\/IMG_0150-1024x683.jpg 1024w, https:\/\/dioceseteixeiradefreitas.com.br\/wp-content\/uploads\/2023\/01\/IMG_0150-768x512.jpg 768w, https:\/\/dioceseteixeiradefreitas.com.br\/wp-content\/uploads\/2023\/01\/IMG_0150-1536x1025.jpg 1536w\" sizes=\"auto, (max-width: 2048px) 100vw, 2048px\" \/><\/a><\/figure>\n\n\n\n<figure class=\"wp-block-image size-large\"><a href=\"https:\/\/dioceseteixeiradefreitas.com.br\/wp-content\/uploads\/2023\/01\/IMG_0202.jpg\"><img loading=\"lazy\" decoding=\"async\" width=\"2048\" height=\"1366\" data-id=\"18890\" src=\"https:\/\/dioceseteixeiradefreitas.com.br\/wp-content\/uploads\/2023\/01\/IMG_0202.jpg\" alt=\"\" class=\"wp-image-18890\" srcset=\"https:\/\/dioceseteixeiradefreitas.com.br\/wp-content\/uploads\/2023\/01\/IMG_0202.jpg 2048w, https:\/\/dioceseteixeiradefreitas.com.br\/wp-content\/uploads\/2023\/01\/IMG_0202-300x200.jpg 300w, https:\/\/dioceseteixeiradefreitas.com.br\/wp-content\/uploads\/2023\/01\/IMG_0202-1024x683.jpg 1024w, https:\/\/dioceseteixeiradefreitas.com.br\/wp-content\/uploads\/2023\/01\/IMG_0202-768x512.jpg 768w, https:\/\/dioceseteixeiradefreitas.com.br\/wp-content\/uploads\/2023\/01\/IMG_0202-1536x1025.jpg 1536w\" sizes=\"auto, (max-width: 2048px) 100vw, 2048px\" \/><\/a><\/figure>\n\n\n\n<figure class=\"wp-block-image size-large\"><a href=\"https:\/\/dioceseteixeiradefreitas.com.br\/wp-content\/uploads\/2023\/01\/IMG_0118.jpg\"><img loading=\"lazy\" decoding=\"async\" width=\"2048\" height=\"1366\" data-id=\"18885\" src=\"https:\/\/dioceseteixeiradefreitas.com.br\/wp-content\/uploads\/2023\/01\/IMG_0118.jpg\" alt=\"\" class=\"wp-image-18885\" srcset=\"https:\/\/dioceseteixeiradefreitas.com.br\/wp-content\/uploads\/2023\/01\/IMG_0118.jpg 2048w, https:\/\/dioceseteixeiradefreitas.com.br\/wp-content\/uploads\/2023\/01\/IMG_0118-300x200.jpg 300w, https:\/\/dioceseteixeiradefreitas.com.br\/wp-content\/uploads\/2023\/01\/IMG_0118-1024x683.jpg 1024w, https:\/\/dioceseteixeiradefreitas.com.br\/wp-content\/uploads\/2023\/01\/IMG_0118-768x512.jpg 768w, https:\/\/dioceseteixeiradefreitas.com.br\/wp-content\/uploads\/2023\/01\/IMG_0118-1536x1025.jpg 1536w\" sizes=\"auto, (max-width: 2048px) 100vw, 2048px\" \/><\/a><\/figure>\n\n\n\n<figure class=\"wp-block-image size-large\"><a href=\"https:\/\/dioceseteixeiradefreitas.com.br\/wp-content\/uploads\/2023\/01\/IMG_0097.jpg\"><img loading=\"lazy\" decoding=\"async\" width=\"2048\" height=\"1366\" data-id=\"18882\" src=\"https:\/\/dioceseteixeiradefreitas.com.br\/wp-content\/uploads\/2023\/01\/IMG_0097.jpg\" alt=\"\" class=\"wp-image-18882\" srcset=\"https:\/\/dioceseteixeiradefreitas.com.br\/wp-content\/uploads\/2023\/01\/IMG_0097.jpg 2048w, https:\/\/dioceseteixeiradefreitas.com.br\/wp-content\/uploads\/2023\/01\/IMG_0097-300x200.jpg 300w, https:\/\/dioceseteixeiradefreitas.com.br\/wp-content\/uploads\/2023\/01\/IMG_0097-1024x683.jpg 1024w, https:\/\/dioceseteixeiradefreitas.com.br\/wp-content\/uploads\/2023\/01\/IMG_0097-768x512.jpg 768w, https:\/\/dioceseteixeiradefreitas.com.br\/wp-content\/uploads\/2023\/01\/IMG_0097-1536x1025.jpg 1536w\" sizes=\"auto, (max-width: 2048px) 100vw, 2048px\" \/><\/a><\/figure>\n\n\n\n<figure class=\"wp-block-image size-large\"><a href=\"https:\/\/dioceseteixeiradefreitas.com.br\/wp-content\/uploads\/2023\/01\/IMG_0135.jpg\"><img loading=\"lazy\" decoding=\"async\" width=\"2048\" height=\"1366\" data-id=\"18886\" src=\"https:\/\/dioceseteixeiradefreitas.com.br\/wp-content\/uploads\/2023\/01\/IMG_0135.jpg\" alt=\"\" class=\"wp-image-18886\" srcset=\"https:\/\/dioceseteixeiradefreitas.com.br\/wp-content\/uploads\/2023\/01\/IMG_0135.jpg 2048w, https:\/\/dioceseteixeiradefreitas.com.br\/wp-content\/uploads\/2023\/01\/IMG_0135-300x200.jpg 300w, https:\/\/dioceseteixeiradefreitas.com.br\/wp-content\/uploads\/2023\/01\/IMG_0135-1024x683.jpg 1024w, https:\/\/dioceseteixeiradefreitas.com.br\/wp-content\/uploads\/2023\/01\/IMG_0135-768x512.jpg 768w, https:\/\/dioceseteixeiradefreitas.com.br\/wp-content\/uploads\/2023\/01\/IMG_0135-1536x1025.jpg 1536w\" sizes=\"auto, (max-width: 2048px) 100vw, 2048px\" \/><\/a><\/figure>\n\n\n\n<figure class=\"wp-block-image size-large\"><a href=\"https:\/\/dioceseteixeiradefreitas.com.br\/wp-content\/uploads\/2023\/01\/IMG_0102.jpg\"><img loading=\"lazy\" decoding=\"async\" width=\"2048\" height=\"1366\" data-id=\"18883\" src=\"https:\/\/dioceseteixeiradefreitas.com.br\/wp-content\/uploads\/2023\/01\/IMG_0102.jpg\" alt=\"\" class=\"wp-image-18883\" srcset=\"https:\/\/dioceseteixeiradefreitas.com.br\/wp-content\/uploads\/2023\/01\/IMG_0102.jpg 2048w, https:\/\/dioceseteixeiradefreitas.com.br\/wp-content\/uploads\/2023\/01\/IMG_0102-300x200.jpg 300w, https:\/\/dioceseteixeiradefreitas.com.br\/wp-content\/uploads\/2023\/01\/IMG_0102-1024x683.jpg 1024w, https:\/\/dioceseteixeiradefreitas.com.br\/wp-content\/uploads\/2023\/01\/IMG_0102-768x512.jpg 768w, https:\/\/dioceseteixeiradefreitas.com.br\/wp-content\/uploads\/2023\/01\/IMG_0102-1536x1025.jpg 1536w\" sizes=\"auto, (max-width: 2048px) 100vw, 2048px\" \/><\/a><\/figure>\n\n\n\n<figure class=\"wp-block-image size-large\"><a href=\"https:\/\/dioceseteixeiradefreitas.com.br\/wp-content\/uploads\/2023\/01\/IMG_0140.jpg\"><img loading=\"lazy\" decoding=\"async\" width=\"2048\" height=\"1366\" data-id=\"18887\" src=\"https:\/\/dioceseteixeiradefreitas.com.br\/wp-content\/uploads\/2023\/01\/IMG_0140.jpg\" alt=\"\" class=\"wp-image-18887\" srcset=\"https:\/\/dioceseteixeiradefreitas.com.br\/wp-content\/uploads\/2023\/01\/IMG_0140.jpg 2048w, https:\/\/dioceseteixeiradefreitas.com.br\/wp-content\/uploads\/2023\/01\/IMG_0140-300x200.jpg 300w, https:\/\/dioceseteixeiradefreitas.com.br\/wp-content\/uploads\/2023\/01\/IMG_0140-1024x683.jpg 1024w, https:\/\/dioceseteixeiradefreitas.com.br\/wp-content\/uploads\/2023\/01\/IMG_0140-768x512.jpg 768w, https:\/\/dioceseteixeiradefreitas.com.br\/wp-content\/uploads\/2023\/01\/IMG_0140-1536x1025.jpg 1536w\" sizes=\"auto, (max-width: 2048px) 100vw, 2048px\" \/><\/a><\/figure>\n\n\n\n<figure class=\"wp-block-image size-large\"><a href=\"https:\/\/dioceseteixeiradefreitas.com.br\/wp-content\/uploads\/2023\/01\/IMG_0111.jpg\"><img loading=\"lazy\" decoding=\"async\" width=\"2048\" height=\"1366\" data-id=\"18884\" src=\"https:\/\/dioceseteixeiradefreitas.com.br\/wp-content\/uploads\/2023\/01\/IMG_0111.jpg\" alt=\"\" class=\"wp-image-18884\" srcset=\"https:\/\/dioceseteixeiradefreitas.com.br\/wp-content\/uploads\/2023\/01\/IMG_0111.jpg 2048w, https:\/\/dioceseteixeiradefreitas.com.br\/wp-content\/uploads\/2023\/01\/IMG_0111-300x200.jpg 300w, https:\/\/dioceseteixeiradefreitas.com.br\/wp-content\/uploads\/2023\/01\/IMG_0111-1024x683.jpg 1024w, https:\/\/dioceseteixeiradefreitas.com.br\/wp-content\/uploads\/2023\/01\/IMG_0111-768x512.jpg 768w, https:\/\/dioceseteixeiradefreitas.com.br\/wp-content\/uploads\/2023\/01\/IMG_0111-1536x1025.jpg 1536w\" sizes=\"auto, (max-width: 2048px) 100vw, 2048px\" \/><\/a><\/figure>\n\n\n\n<figure class=\"wp-block-image size-large\"><a href=\"https:\/\/dioceseteixeiradefreitas.com.br\/wp-content\/uploads\/2023\/01\/IMG_0074.jpg\"><img loading=\"lazy\" decoding=\"async\" width=\"1366\" height=\"2048\" data-id=\"18879\" src=\"https:\/\/dioceseteixeiradefreitas.com.br\/wp-content\/uploads\/2023\/01\/IMG_0074.jpg\" alt=\"\" class=\"wp-image-18879\" srcset=\"https:\/\/dioceseteixeiradefreitas.com.br\/wp-content\/uploads\/2023\/01\/IMG_0074.jpg 1366w, https:\/\/dioceseteixeiradefreitas.com.br\/wp-content\/uploads\/2023\/01\/IMG_0074-200x300.jpg 200w, https:\/\/dioceseteixeiradefreitas.com.br\/wp-content\/uploads\/2023\/01\/IMG_0074-683x1024.jpg 683w, https:\/\/dioceseteixeiradefreitas.com.br\/wp-content\/uploads\/2023\/01\/IMG_0074-768x1151.jpg 768w, https:\/\/dioceseteixeiradefreitas.com.br\/wp-content\/uploads\/2023\/01\/IMG_0074-1025x1536.jpg 1025w\" sizes=\"auto, (max-width: 1366px) 100vw, 1366px\" \/><\/a><\/figure>\n\n\n\n<figure class=\"wp-block-image size-large\"><a href=\"https:\/\/dioceseteixeiradefreitas.com.br\/wp-content\/uploads\/2023\/01\/IMG_0086.jpg\"><img loading=\"lazy\" decoding=\"async\" width=\"2048\" height=\"1366\" data-id=\"18880\" src=\"https:\/\/dioceseteixeiradefreitas.com.br\/wp-content\/uploads\/2023\/01\/IMG_0086.jpg\" alt=\"\" class=\"wp-image-18880\" srcset=\"https:\/\/dioceseteixeiradefreitas.com.br\/wp-content\/uploads\/2023\/01\/IMG_0086.jpg 2048w, https:\/\/dioceseteixeiradefreitas.com.br\/wp-content\/uploads\/2023\/01\/IMG_0086-300x200.jpg 300w, https:\/\/dioceseteixeiradefreitas.com.br\/wp-content\/uploads\/2023\/01\/IMG_0086-1024x683.jpg 1024w, https:\/\/dioceseteixeiradefreitas.com.br\/wp-content\/uploads\/2023\/01\/IMG_0086-768x512.jpg 768w, https:\/\/dioceseteixeiradefreitas.com.br\/wp-content\/uploads\/2023\/01\/IMG_0086-1536x1025.jpg 1536w\" sizes=\"auto, (max-width: 2048px) 100vw, 2048px\" \/><\/a><\/figure>\n\n\n\n<figure class=\"wp-block-image size-large\"><a href=\"https:\/\/dioceseteixeiradefreitas.com.br\/wp-content\/uploads\/2023\/01\/IMG_0087.jpg\"><img loading=\"lazy\" decoding=\"async\" width=\"2048\" height=\"1366\" data-id=\"18881\" src=\"https:\/\/dioceseteixeiradefreitas.com.br\/wp-content\/uploads\/2023\/01\/IMG_0087.jpg\" alt=\"\" class=\"wp-image-18881\" srcset=\"https:\/\/dioceseteixeiradefreitas.com.br\/wp-content\/uploads\/2023\/01\/IMG_0087.jpg 2048w, https:\/\/dioceseteixeiradefreitas.com.br\/wp-content\/uploads\/2023\/01\/IMG_0087-300x200.jpg 300w, https:\/\/dioceseteixeiradefreitas.com.br\/wp-content\/uploads\/2023\/01\/IMG_0087-1024x683.jpg 1024w, https:\/\/dioceseteixeiradefreitas.com.br\/wp-content\/uploads\/2023\/01\/IMG_0087-768x512.jpg 768w, https:\/\/dioceseteixeiradefreitas.com.br\/wp-content\/uploads\/2023\/01\/IMG_0087-1536x1025.jpg 1536w\" sizes=\"auto, (max-width: 2048px) 100vw, 2048px\" \/><\/a><\/figure>\n\n\n\n<figure class=\"wp-block-image size-large\"><a href=\"https:\/\/dioceseteixeiradefreitas.com.br\/wp-content\/uploads\/2023\/01\/IMG_0016.jpg\"><img loading=\"lazy\" decoding=\"async\" width=\"2048\" height=\"1366\" data-id=\"18870\" src=\"https:\/\/dioceseteixeiradefreitas.com.br\/wp-content\/uploads\/2023\/01\/IMG_0016.jpg\" alt=\"\" class=\"wp-image-18870\" srcset=\"https:\/\/dioceseteixeiradefreitas.com.br\/wp-content\/uploads\/2023\/01\/IMG_0016.jpg 2048w, https:\/\/dioceseteixeiradefreitas.com.br\/wp-content\/uploads\/2023\/01\/IMG_0016-300x200.jpg 300w, https:\/\/dioceseteixeiradefreitas.com.br\/wp-content\/uploads\/2023\/01\/IMG_0016-1024x683.jpg 1024w, https:\/\/dioceseteixeiradefreitas.com.br\/wp-content\/uploads\/2023\/01\/IMG_0016-768x512.jpg 768w, https:\/\/dioceseteixeiradefreitas.com.br\/wp-content\/uploads\/2023\/01\/IMG_0016-1536x1025.jpg 1536w\" sizes=\"auto, (max-width: 2048px) 100vw, 2048px\" \/><\/a><\/figure>\n\n\n\n<figure class=\"wp-block-image size-large\"><a href=\"https:\/\/dioceseteixeiradefreitas.com.br\/wp-content\/uploads\/2023\/01\/IMG_0022.jpg\"><img loading=\"lazy\" decoding=\"async\" width=\"1366\" height=\"2048\" data-id=\"18871\" src=\"https:\/\/dioceseteixeiradefreitas.com.br\/wp-content\/uploads\/2023\/01\/IMG_0022.jpg\" alt=\"\" class=\"wp-image-18871\" srcset=\"https:\/\/dioceseteixeiradefreitas.com.br\/wp-content\/uploads\/2023\/01\/IMG_0022.jpg 1366w, https:\/\/dioceseteixeiradefreitas.com.br\/wp-content\/uploads\/2023\/01\/IMG_0022-200x300.jpg 200w, https:\/\/dioceseteixeiradefreitas.com.br\/wp-content\/uploads\/2023\/01\/IMG_0022-683x1024.jpg 683w, https:\/\/dioceseteixeiradefreitas.com.br\/wp-content\/uploads\/2023\/01\/IMG_0022-768x1151.jpg 768w, https:\/\/dioceseteixeiradefreitas.com.br\/wp-content\/uploads\/2023\/01\/IMG_0022-1025x1536.jpg 1025w\" sizes=\"auto, (max-width: 1366px) 100vw, 1366px\" \/><\/a><\/figure>\n\n\n\n<figure class=\"wp-block-image size-large\"><a href=\"https:\/\/dioceseteixeiradefreitas.com.br\/wp-content\/uploads\/2023\/01\/IMG_0026.jpg\"><img loading=\"lazy\" decoding=\"async\" width=\"2048\" height=\"1366\" data-id=\"18872\" src=\"https:\/\/dioceseteixeiradefreitas.com.br\/wp-content\/uploads\/2023\/01\/IMG_0026.jpg\" alt=\"\" class=\"wp-image-18872\" srcset=\"https:\/\/dioceseteixeiradefreitas.com.br\/wp-content\/uploads\/2023\/01\/IMG_0026.jpg 2048w, https:\/\/dioceseteixeiradefreitas.com.br\/wp-content\/uploads\/2023\/01\/IMG_0026-300x200.jpg 300w, https:\/\/dioceseteixeiradefreitas.com.br\/wp-content\/uploads\/2023\/01\/IMG_0026-1024x683.jpg 1024w, https:\/\/dioceseteixeiradefreitas.com.br\/wp-content\/uploads\/2023\/01\/IMG_0026-768x512.jpg 768w, https:\/\/dioceseteixeiradefreitas.com.br\/wp-content\/uploads\/2023\/01\/IMG_0026-1536x1025.jpg 1536w\" sizes=\"auto, (max-width: 2048px) 100vw, 2048px\" \/><\/a><\/figure>\n\n\n\n<figure class=\"wp-block-image size-large\"><a href=\"https:\/\/dioceseteixeiradefreitas.com.br\/wp-content\/uploads\/2023\/01\/IMG_0049.jpg\"><img loading=\"lazy\" decoding=\"async\" width=\"1366\" height=\"2048\" data-id=\"18875\" src=\"https:\/\/dioceseteixeiradefreitas.com.br\/wp-content\/uploads\/2023\/01\/IMG_0049.jpg\" alt=\"\" class=\"wp-image-18875\" srcset=\"https:\/\/dioceseteixeiradefreitas.com.br\/wp-content\/uploads\/2023\/01\/IMG_0049.jpg 1366w, https:\/\/dioceseteixeiradefreitas.com.br\/wp-content\/uploads\/2023\/01\/IMG_0049-200x300.jpg 200w, https:\/\/dioceseteixeiradefreitas.com.br\/wp-content\/uploads\/2023\/01\/IMG_0049-683x1024.jpg 683w, https:\/\/dioceseteixeiradefreitas.com.br\/wp-content\/uploads\/2023\/01\/IMG_0049-768x1151.jpg 768w, https:\/\/dioceseteixeiradefreitas.com.br\/wp-content\/uploads\/2023\/01\/IMG_0049-1025x1536.jpg 1025w\" sizes=\"auto, (max-width: 1366px) 100vw, 1366px\" \/><\/a><\/figure>\n\n\n\n<figure class=\"wp-block-image size-large\"><a href=\"https:\/\/dioceseteixeiradefreitas.com.br\/wp-content\/uploads\/2023\/01\/IMG_0044.jpg\"><img loading=\"lazy\" decoding=\"async\" width=\"1366\" height=\"2048\" data-id=\"18874\" src=\"https:\/\/dioceseteixeiradefreitas.com.br\/wp-content\/uploads\/2023\/01\/IMG_0044.jpg\" alt=\"\" class=\"wp-image-18874\" srcset=\"https:\/\/dioceseteixeiradefreitas.com.br\/wp-content\/uploads\/2023\/01\/IMG_0044.jpg 1366w, https:\/\/dioceseteixeiradefreitas.com.br\/wp-content\/uploads\/2023\/01\/IMG_0044-200x300.jpg 200w, https:\/\/dioceseteixeiradefreitas.com.br\/wp-content\/uploads\/2023\/01\/IMG_0044-683x1024.jpg 683w, https:\/\/dioceseteixeiradefreitas.com.br\/wp-content\/uploads\/2023\/01\/IMG_0044-768x1151.jpg 768w, https:\/\/dioceseteixeiradefreitas.com.br\/wp-content\/uploads\/2023\/01\/IMG_0044-1025x1536.jpg 1025w\" sizes=\"auto, (max-width: 1366px) 100vw, 1366px\" \/><\/a><\/figure>\n\n\n\n<figure class=\"wp-block-image size-large\"><a href=\"https:\/\/dioceseteixeiradefreitas.com.br\/wp-content\/uploads\/2023\/01\/IMG_0058.jpg\"><img loading=\"lazy\" decoding=\"async\" width=\"2048\" height=\"1366\" data-id=\"18876\" src=\"https:\/\/dioceseteixeiradefreitas.com.br\/wp-content\/uploads\/2023\/01\/IMG_0058.jpg\" alt=\"\" class=\"wp-image-18876\" srcset=\"https:\/\/dioceseteixeiradefreitas.com.br\/wp-content\/uploads\/2023\/01\/IMG_0058.jpg 2048w, https:\/\/dioceseteixeiradefreitas.com.br\/wp-content\/uploads\/2023\/01\/IMG_0058-300x200.jpg 300w, https:\/\/dioceseteixeiradefreitas.com.br\/wp-content\/uploads\/2023\/01\/IMG_0058-1024x683.jpg 1024w, https:\/\/dioceseteixeiradefreitas.com.br\/wp-content\/uploads\/2023\/01\/IMG_0058-768x512.jpg 768w, https:\/\/dioceseteixeiradefreitas.com.br\/wp-content\/uploads\/2023\/01\/IMG_0058-1536x1025.jpg 1536w\" sizes=\"auto, (max-width: 2048px) 100vw, 2048px\" \/><\/a><\/figure>\n\n\n\n<figure class=\"wp-block-image size-large\"><a href=\"https:\/\/dioceseteixeiradefreitas.com.br\/wp-content\/uploads\/2023\/01\/IMG_0068.jpg\"><img loading=\"lazy\" decoding=\"async\" width=\"2048\" height=\"1366\" data-id=\"18877\" src=\"https:\/\/dioceseteixeiradefreitas.com.br\/wp-content\/uploads\/2023\/01\/IMG_0068.jpg\" alt=\"\" class=\"wp-image-18877\" srcset=\"https:\/\/dioceseteixeiradefreitas.com.br\/wp-content\/uploads\/2023\/01\/IMG_0068.jpg 2048w, https:\/\/dioceseteixeiradefreitas.com.br\/wp-content\/uploads\/2023\/01\/IMG_0068-300x200.jpg 300w, https:\/\/dioceseteixeiradefreitas.com.br\/wp-content\/uploads\/2023\/01\/IMG_0068-1024x683.jpg 1024w, https:\/\/dioceseteixeiradefreitas.com.br\/wp-content\/uploads\/2023\/01\/IMG_0068-768x512.jpg 768w, https:\/\/dioceseteixeiradefreitas.com.br\/wp-content\/uploads\/2023\/01\/IMG_0068-1536x1025.jpg 1536w\" sizes=\"auto, (max-width: 2048px) 100vw, 2048px\" \/><\/a><\/figure>\n\n\n\n<figure class=\"wp-block-image size-large\"><a href=\"https:\/\/dioceseteixeiradefreitas.com.br\/wp-content\/uploads\/2023\/01\/IMG_0071.jpg\"><img loading=\"lazy\" decoding=\"async\" width=\"2048\" height=\"1366\" data-id=\"18878\" src=\"https:\/\/dioceseteixeiradefreitas.com.br\/wp-content\/uploads\/2023\/01\/IMG_0071.jpg\" alt=\"\" class=\"wp-image-18878\" srcset=\"https:\/\/dioceseteixeiradefreitas.com.br\/wp-content\/uploads\/2023\/01\/IMG_0071.jpg 2048w, https:\/\/dioceseteixeiradefreitas.com.br\/wp-content\/uploads\/2023\/01\/IMG_0071-300x200.jpg 300w, https:\/\/dioceseteixeiradefreitas.com.br\/wp-content\/uploads\/2023\/01\/IMG_0071-1024x683.jpg 1024w, https:\/\/dioceseteixeiradefreitas.com.br\/wp-content\/uploads\/2023\/01\/IMG_0071-768x512.jpg 768w, https:\/\/dioceseteixeiradefreitas.com.br\/wp-content\/uploads\/2023\/01\/IMG_0071-1536x1025.jpg 1536w\" sizes=\"auto, (max-width: 2048px) 100vw, 2048px\" \/><\/a><\/figure>\n\n\n\n<figure class=\"wp-block-image size-large\"><a href=\"https:\/\/dioceseteixeiradefreitas.com.br\/wp-content\/uploads\/2023\/01\/IMG_0035.jpg\"><img loading=\"lazy\" decoding=\"async\" width=\"1366\" height=\"2048\" data-id=\"18873\" src=\"https:\/\/dioceseteixeiradefreitas.com.br\/wp-content\/uploads\/2023\/01\/IMG_0035.jpg\" alt=\"\" class=\"wp-image-18873\" srcset=\"https:\/\/dioceseteixeiradefreitas.com.br\/wp-content\/uploads\/2023\/01\/IMG_0035.jpg 1366w, https:\/\/dioceseteixeiradefreitas.com.br\/wp-content\/uploads\/2023\/01\/IMG_0035-200x300.jpg 200w, https:\/\/dioceseteixeiradefreitas.com.br\/wp-content\/uploads\/2023\/01\/IMG_0035-683x1024.jpg 683w, https:\/\/dioceseteixeiradefreitas.com.br\/wp-content\/uploads\/2023\/01\/IMG_0035-768x1151.jpg 768w, https:\/\/dioceseteixeiradefreitas.com.br\/wp-content\/uploads\/2023\/01\/IMG_0035-1025x1536.jpg 1025w\" sizes=\"auto, (max-width: 1366px) 100vw, 1366px\" \/><\/a><\/figure>\n\n\n\n<figure class=\"wp-block-image size-large\"><a href=\"https:\/\/dioceseteixeiradefreitas.com.br\/wp-content\/uploads\/2023\/01\/IMG_0002.jpg\"><img loading=\"lazy\" decoding=\"async\" width=\"2048\" height=\"1366\" data-id=\"18868\" src=\"https:\/\/dioceseteixeiradefreitas.com.br\/wp-content\/uploads\/2023\/01\/IMG_0002.jpg\" alt=\"\" class=\"wp-image-18868\" srcset=\"https:\/\/dioceseteixeiradefreitas.com.br\/wp-content\/uploads\/2023\/01\/IMG_0002.jpg 2048w, https:\/\/dioceseteixeiradefreitas.com.br\/wp-content\/uploads\/2023\/01\/IMG_0002-300x200.jpg 300w, https:\/\/dioceseteixeiradefreitas.com.br\/wp-content\/uploads\/2023\/01\/IMG_0002-1024x683.jpg 1024w, https:\/\/dioceseteixeiradefreitas.com.br\/wp-content\/uploads\/2023\/01\/IMG_0002-768x512.jpg 768w, https:\/\/dioceseteixeiradefreitas.com.br\/wp-content\/uploads\/2023\/01\/IMG_0002-1536x1025.jpg 1536w\" sizes=\"auto, (max-width: 2048px) 100vw, 2048px\" \/><\/a><\/figure>\n\n\n\n<figure class=\"wp-block-image size-large\"><a href=\"https:\/\/dioceseteixeiradefreitas.com.br\/wp-content\/uploads\/2023\/01\/IMG_0007.jpg\"><img loading=\"lazy\" decoding=\"async\" width=\"2048\" height=\"1366\" data-id=\"18869\" src=\"https:\/\/dioceseteixeiradefreitas.com.br\/wp-content\/uploads\/2023\/01\/IMG_0007.jpg\" alt=\"\" class=\"wp-image-18869\" srcset=\"https:\/\/dioceseteixeiradefreitas.com.br\/wp-content\/uploads\/2023\/01\/IMG_0007.jpg 2048w, https:\/\/dioceseteixeiradefreitas.com.br\/wp-content\/uploads\/2023\/01\/IMG_0007-300x200.jpg 300w, https:\/\/dioceseteixeiradefreitas.com.br\/wp-content\/uploads\/2023\/01\/IMG_0007-1024x683.jpg 1024w, https:\/\/dioceseteixeiradefreitas.com.br\/wp-content\/uploads\/2023\/01\/IMG_0007-768x512.jpg 768w, https:\/\/dioceseteixeiradefreitas.com.br\/wp-content\/uploads\/2023\/01\/IMG_0007-1536x1025.jpg 1536w\" sizes=\"auto, (max-width: 2048px) 100vw, 2048px\" \/><\/a><\/figure>\n<\/figure>\n\n\n\n<p><\/p>\n\n\n\n<p>Acompanhe a Transmiss\u00e3o AO VIVO realizada:<\/p>\n\n\n\n<figure class=\"wp-block-embed is-type-video is-provider-youtube wp-block-embed-youtube wp-embed-aspect-16-9 wp-has-aspect-ratio\"><div class=\"wp-block-embed__wrapper\">\n<iframe loading=\"lazy\" title=\"Santa Missa - AO VIVO\" width=\"500\" height=\"281\" src=\"https:\/\/www.youtube.com\/embed\/Yo4ExE7JSuk?feature=oembed\" frameborder=\"0\" allow=\"accelerometer; autoplay; clipboard-write; encrypted-media; gyroscope; picture-in-picture; web-share\" referrerpolicy=\"strict-origin-when-cross-origin\" allowfullscreen><\/iframe>\n<\/div><\/figure>\n\n\n\n<p>Por PASCOM DIOCESANA<\/p>\n\n\n\n<p>Fotos e Edi\u00e7\u00e3o de Fotos: Jo\u00e3o Querino<\/p>\n\n\n\n<p>Texto: Arnaldo Santos<\/p>\n","protected":false},"excerpt":{"rendered":"<p>A Igreja Diocesana se reuniu na tarde deste s\u00e1bado, 07 de janeiro de 2023, dia em que a Igreja celebra as v\u00e9speras da Epifania do Senhor, \u00e0s 17h, na Par\u00f3quia Nossa Senhora das Gra\u00e7as, em Lajed\u00e3o-BA, para participarem da Solene Celebra\u00e7\u00e3o Eucar\u00edstica de Ordena\u00e7\u00e3o Presbiteral dos di\u00e1conos Mathaus Sampaio Sales (lema: \u201cGra\u00e7as ao cora\u00e7\u00e3o misericordioso &hellip;<\/p>\n","protected":false},"author":1,"featured_media":18979,"comment_status":"closed","ping_status":"closed","sticky":false,"template":"","format":"standard","meta":{"footnotes":""},"categories":[100],"tags":[146,1150,1151,1074,197],"class_list":["post-18699","post","type-post","status-publish","format-standard","has-post-thumbnail","hentry","category-noticias-diocesanas","tag-ordenacao-presbiteral","tag-padre-mathaus","tag-padre-vitor","tag-sacerdote","tag-vocacao"],"_links":{"self":[{"href":"https:\/\/dioceseteixeiradefreitas.com.br\/index.php?rest_route=\/wp\/v2\/posts\/18699","targetHints":{"allow":["GET"]}}],"collection":[{"href":"https:\/\/dioceseteixeiradefreitas.com.br\/index.php?rest_route=\/wp\/v2\/posts"}],"about":[{"href":"https:\/\/dioceseteixeiradefreitas.com.br\/index.php?rest_route=\/wp\/v2\/types\/post"}],"author":[{"embeddable":true,"href":"https:\/\/dioceseteixeiradefreitas.com.br\/index.php?rest_route=\/wp\/v2\/users\/1"}],"replies":[{"embeddable":true,"href":"https:\/\/dioceseteixeiradefreitas.com.br\/index.php?rest_route=%2Fwp%2Fv2%2Fcomments&post=18699"}],"version-history":[{"count":12,"href":"https:\/\/dioceseteixeiradefreitas.com.br\/index.php?rest_route=\/wp\/v2\/posts\/18699\/revisions"}],"predecessor-version":[{"id":19023,"href":"https:\/\/dioceseteixeiradefreitas.com.br\/index.php?rest_route=\/wp\/v2\/posts\/18699\/revisions\/19023"}],"wp:featuredmedia":[{"embeddable":true,"href":"https:\/\/dioceseteixeiradefreitas.com.br\/index.php?rest_route=\/wp\/v2\/media\/18979"}],"wp:attachment":[{"href":"https:\/\/dioceseteixeiradefreitas.com.br\/index.php?rest_route=%2Fwp%2Fv2%2Fmedia&parent=18699"}],"wp:term":[{"taxonomy":"category","embeddable":true,"href":"https:\/\/dioceseteixeiradefreitas.com.br\/index.php?rest_route=%2Fwp%2Fv2%2Fcategories&post=18699"},{"taxonomy":"post_tag","embeddable":true,"href":"https:\/\/dioceseteixeiradefreitas.com.br\/index.php?rest_route=%2Fwp%2Fv2%2Ftags&post=18699"}],"curies":[{"name":"wp","href":"https:\/\/api.w.org\/{rel}","templated":true}]}}