{"id":19063,"date":"2023-01-31T14:25:54","date_gmt":"2023-01-31T17:25:54","guid":{"rendered":"https:\/\/dioceseteixeiradefreitas.com.br\/?p=19063"},"modified":"2023-01-31T14:25:56","modified_gmt":"2023-01-31T17:25:56","slug":"convite-posse-canonica-do-pe-metodio-como-cura-da-catedral-sao-pedro","status":"publish","type":"post","link":"https:\/\/dioceseteixeiradefreitas.com.br\/?p=19063","title":{"rendered":"CONVITE: Posse Can\u00f4nica do Pe. Met\u00f3dio como Cura da Catedral S\u00e3o Pedro"},"content":{"rendered":"\n<p>A Diocese de Teixeira de Freitas convida os fi\u00e9is da diocese para participar da Posse Can\u00f4nica do Pe. Met\u00f3dio como Cura da Catedral S\u00e3o Pedro. A Santa Missa ser\u00e1 no dia 13 de Fevereiro de 2023, \u00e0s 19h30, na Catedral S\u00e3o Pedro.<\/p>\n\n\n\n<p>Participe e traga a sua fam\u00edlia!<\/p>\n\n\n\n<figure class=\"wp-block-image size-large\"><a href=\"https:\/\/dioceseteixeiradefreitas.com.br\/wp-content\/uploads\/2023\/01\/IMG-20230131-WA0030.jpg\"><img loading=\"lazy\" decoding=\"async\" width=\"768\" height=\"1024\" src=\"https:\/\/dioceseteixeiradefreitas.com.br\/wp-content\/uploads\/2023\/01\/IMG-20230131-WA0030-768x1024.jpg\" alt=\"\" class=\"wp-image-19143\" srcset=\"https:\/\/dioceseteixeiradefreitas.com.br\/wp-content\/uploads\/2023\/01\/IMG-20230131-WA0030-768x1024.jpg 768w, https:\/\/dioceseteixeiradefreitas.com.br\/wp-content\/uploads\/2023\/01\/IMG-20230131-WA0030-225x300.jpg 225w, https:\/\/dioceseteixeiradefreitas.com.br\/wp-content\/uploads\/2023\/01\/IMG-20230131-WA0030-1152x1536.jpg 1152w, https:\/\/dioceseteixeiradefreitas.com.br\/wp-content\/uploads\/2023\/01\/IMG-20230131-WA0030.jpg 1200w\" sizes=\"auto, (max-width: 768px) 100vw, 768px\" \/><\/a><\/figure>\n","protected":false},"excerpt":{"rendered":"<p>A Diocese de Teixeira de Freitas convida os fi\u00e9is da diocese para participar da Posse Can\u00f4nica do Pe. Met\u00f3dio como Cura da Catedral S\u00e3o Pedro. A Santa Missa ser\u00e1 no dia 13 de Fevereiro de 2023, \u00e0s 19h30, na Catedral S\u00e3o Pedro. Participe e traga a sua fam\u00edlia!<\/p>\n","protected":false},"author":24,"featured_media":19143,"comment_status":"closed","ping_status":"closed","sticky":false,"template":"","format":"standard","meta":{"footnotes":""},"categories":[100],"tags":[59,273,381],"class_list":["post-19063","post","type-post","status-publish","format-standard","has-post-thumbnail","hentry","category-noticias-diocesanas","tag-catedral-sao-pedro","tag-pe-metodio","tag-posse-canonica"],"_links":{"self":[{"href":"https:\/\/dioceseteixeiradefreitas.com.br\/index.php?rest_route=\/wp\/v2\/posts\/19063","targetHints":{"allow":["GET"]}}],"collection":[{"href":"https:\/\/dioceseteixeiradefreitas.com.br\/index.php?rest_route=\/wp\/v2\/posts"}],"about":[{"href":"https:\/\/dioceseteixeiradefreitas.com.br\/index.php?rest_route=\/wp\/v2\/types\/post"}],"author":[{"embeddable":true,"href":"https:\/\/dioceseteixeiradefreitas.com.br\/index.php?rest_route=\/wp\/v2\/users\/24"}],"replies":[{"embeddable":true,"href":"https:\/\/dioceseteixeiradefreitas.com.br\/index.php?rest_route=%2Fwp%2Fv2%2Fcomments&post=19063"}],"version-history":[{"count":3,"href":"https:\/\/dioceseteixeiradefreitas.com.br\/index.php?rest_route=\/wp\/v2\/posts\/19063\/revisions"}],"predecessor-version":[{"id":19144,"href":"https:\/\/dioceseteixeiradefreitas.com.br\/index.php?rest_route=\/wp\/v2\/posts\/19063\/revisions\/19144"}],"wp:featuredmedia":[{"embeddable":true,"href":"https:\/\/dioceseteixeiradefreitas.com.br\/index.php?rest_route=\/wp\/v2\/media\/19143"}],"wp:attachment":[{"href":"https:\/\/dioceseteixeiradefreitas.com.br\/index.php?rest_route=%2Fwp%2Fv2%2Fmedia&parent=19063"}],"wp:term":[{"taxonomy":"category","embeddable":true,"href":"https:\/\/dioceseteixeiradefreitas.com.br\/index.php?rest_route=%2Fwp%2Fv2%2Fcategories&post=19063"},{"taxonomy":"post_tag","embeddable":true,"href":"https:\/\/dioceseteixeiradefreitas.com.br\/index.php?rest_route=%2Fwp%2Fv2%2Ftags&post=19063"}],"curies":[{"name":"wp","href":"https:\/\/api.w.org\/{rel}","templated":true}]}}