{"id":19185,"date":"2023-02-10T17:11:27","date_gmt":"2023-02-10T20:11:27","guid":{"rendered":"https:\/\/dioceseteixeiradefreitas.com.br\/?p=19185"},"modified":"2023-02-10T17:11:30","modified_gmt":"2023-02-10T20:11:30","slug":"encontro-foraneo-de-pastoral-da-forania-sao-pedro","status":"publish","type":"post","link":"https:\/\/dioceseteixeiradefreitas.com.br\/?p=19185","title":{"rendered":"Encontro For\u00e2neo de Pastoral da Forania S\u00e3o Pedro"},"content":{"rendered":"\n<p>Aconteceu no \u00faltimo s\u00e1bado, 4 de fevereiro de 2023, das 14h \u00e0s 18h, na Catedral S\u00e3o Pedro, o Encontro For\u00e2neo de Pastoral da Forania S\u00e3o Pedro. O encontro foi realizado pela Coordena\u00e7\u00e3o Diocesana de Pastoral e contou com a participa\u00e7\u00e3o de sacerdotes, coordenadores paroquiais, e coordenadores das pastorais movimentos das par\u00f3quias que comp\u00f5e a Forania.<\/p>\n\n\n\n<p>A programa\u00e7\u00e3o teve in\u00edcio com a acolhida feita pelo Padre Edvaldo, Vig\u00e1rio For\u00e2neo, e contou com momentos de forma\u00e7\u00e3o, di\u00e1logo, partilha e escuta das realidades pastorais.<\/p>\n\n\n\n<p>Pe\u00e7amos ao bom Deus que conduza a caminhada pastoral na nossa diocese.<\/p>\n\n\n\n<figure class=\"wp-block-gallery has-nested-images columns-default is-cropped wp-block-gallery-1 is-layout-flex wp-block-gallery-is-layout-flex\">\n<figure class=\"wp-block-image size-large\"><a href=\"https:\/\/dioceseteixeiradefreitas.com.br\/wp-content\/uploads\/2023\/02\/IMG-20230204-WA0082.jpg\"><img loading=\"lazy\" decoding=\"async\" width=\"1024\" height=\"768\" data-id=\"19187\" src=\"https:\/\/dioceseteixeiradefreitas.com.br\/wp-content\/uploads\/2023\/02\/IMG-20230204-WA0082.jpg\" alt=\"\" class=\"wp-image-19187\" srcset=\"https:\/\/dioceseteixeiradefreitas.com.br\/wp-content\/uploads\/2023\/02\/IMG-20230204-WA0082.jpg 1024w, https:\/\/dioceseteixeiradefreitas.com.br\/wp-content\/uploads\/2023\/02\/IMG-20230204-WA0082-300x225.jpg 300w, https:\/\/dioceseteixeiradefreitas.com.br\/wp-content\/uploads\/2023\/02\/IMG-20230204-WA0082-768x576.jpg 768w\" sizes=\"auto, (max-width: 1024px) 100vw, 1024px\" \/><\/a><\/figure>\n\n\n\n<figure class=\"wp-block-image size-large\"><a href=\"https:\/\/dioceseteixeiradefreitas.com.br\/wp-content\/uploads\/2023\/02\/IMG-20230204-WA0101.jpg\"><img loading=\"lazy\" decoding=\"async\" width=\"1024\" height=\"768\" data-id=\"19189\" src=\"https:\/\/dioceseteixeiradefreitas.com.br\/wp-content\/uploads\/2023\/02\/IMG-20230204-WA0101-1024x768.jpg\" alt=\"\" class=\"wp-image-19189\" srcset=\"https:\/\/dioceseteixeiradefreitas.com.br\/wp-content\/uploads\/2023\/02\/IMG-20230204-WA0101-1024x768.jpg 1024w, https:\/\/dioceseteixeiradefreitas.com.br\/wp-content\/uploads\/2023\/02\/IMG-20230204-WA0101-300x225.jpg 300w, https:\/\/dioceseteixeiradefreitas.com.br\/wp-content\/uploads\/2023\/02\/IMG-20230204-WA0101-768x576.jpg 768w, https:\/\/dioceseteixeiradefreitas.com.br\/wp-content\/uploads\/2023\/02\/IMG-20230204-WA0101-1536x1152.jpg 1536w, https:\/\/dioceseteixeiradefreitas.com.br\/wp-content\/uploads\/2023\/02\/IMG-20230204-WA0101.jpg 1600w\" sizes=\"auto, (max-width: 1024px) 100vw, 1024px\" \/><\/a><\/figure>\n\n\n\n<figure class=\"wp-block-image size-large\"><a href=\"https:\/\/dioceseteixeiradefreitas.com.br\/wp-content\/uploads\/2023\/02\/IMG-20230204-WA0110.jpg\"><img loading=\"lazy\" decoding=\"async\" width=\"1024\" height=\"768\" data-id=\"19190\" src=\"https:\/\/dioceseteixeiradefreitas.com.br\/wp-content\/uploads\/2023\/02\/IMG-20230204-WA0110-1024x768.jpg\" alt=\"\" class=\"wp-image-19190\" srcset=\"https:\/\/dioceseteixeiradefreitas.com.br\/wp-content\/uploads\/2023\/02\/IMG-20230204-WA0110-1024x768.jpg 1024w, https:\/\/dioceseteixeiradefreitas.com.br\/wp-content\/uploads\/2023\/02\/IMG-20230204-WA0110-300x225.jpg 300w, https:\/\/dioceseteixeiradefreitas.com.br\/wp-content\/uploads\/2023\/02\/IMG-20230204-WA0110-768x576.jpg 768w, https:\/\/dioceseteixeiradefreitas.com.br\/wp-content\/uploads\/2023\/02\/IMG-20230204-WA0110-1536x1152.jpg 1536w, https:\/\/dioceseteixeiradefreitas.com.br\/wp-content\/uploads\/2023\/02\/IMG-20230204-WA0110.jpg 1600w\" sizes=\"auto, (max-width: 1024px) 100vw, 1024px\" \/><\/a><\/figure>\n\n\n\n<figure class=\"wp-block-image size-large\"><a href=\"https:\/\/dioceseteixeiradefreitas.com.br\/wp-content\/uploads\/2023\/02\/IMG-20230204-WA0121.jpg\"><img loading=\"lazy\" decoding=\"async\" width=\"1024\" height=\"768\" data-id=\"19191\" src=\"https:\/\/dioceseteixeiradefreitas.com.br\/wp-content\/uploads\/2023\/02\/IMG-20230204-WA0121-1024x768.jpg\" alt=\"\" class=\"wp-image-19191\" srcset=\"https:\/\/dioceseteixeiradefreitas.com.br\/wp-content\/uploads\/2023\/02\/IMG-20230204-WA0121-1024x768.jpg 1024w, https:\/\/dioceseteixeiradefreitas.com.br\/wp-content\/uploads\/2023\/02\/IMG-20230204-WA0121-300x225.jpg 300w, https:\/\/dioceseteixeiradefreitas.com.br\/wp-content\/uploads\/2023\/02\/IMG-20230204-WA0121-768x576.jpg 768w, https:\/\/dioceseteixeiradefreitas.com.br\/wp-content\/uploads\/2023\/02\/IMG-20230204-WA0121-1536x1152.jpg 1536w, https:\/\/dioceseteixeiradefreitas.com.br\/wp-content\/uploads\/2023\/02\/IMG-20230204-WA0121.jpg 1600w\" sizes=\"auto, (max-width: 1024px) 100vw, 1024px\" \/><\/a><\/figure>\n\n\n\n<figure class=\"wp-block-image size-large\"><a href=\"https:\/\/dioceseteixeiradefreitas.com.br\/wp-content\/uploads\/2023\/02\/IMG-20230204-WA0080.jpg\"><img loading=\"lazy\" decoding=\"async\" width=\"1024\" height=\"768\" data-id=\"19186\" src=\"https:\/\/dioceseteixeiradefreitas.com.br\/wp-content\/uploads\/2023\/02\/IMG-20230204-WA0080.jpg\" alt=\"\" class=\"wp-image-19186\" srcset=\"https:\/\/dioceseteixeiradefreitas.com.br\/wp-content\/uploads\/2023\/02\/IMG-20230204-WA0080.jpg 1024w, https:\/\/dioceseteixeiradefreitas.com.br\/wp-content\/uploads\/2023\/02\/IMG-20230204-WA0080-300x225.jpg 300w, https:\/\/dioceseteixeiradefreitas.com.br\/wp-content\/uploads\/2023\/02\/IMG-20230204-WA0080-768x576.jpg 768w\" sizes=\"auto, (max-width: 1024px) 100vw, 1024px\" \/><\/a><\/figure>\n\n\n\n<figure class=\"wp-block-image size-large\"><a href=\"https:\/\/dioceseteixeiradefreitas.com.br\/wp-content\/uploads\/2023\/02\/IMG-20230204-WA0106.jpg\"><img loading=\"lazy\" decoding=\"async\" width=\"768\" height=\"1024\" data-id=\"19188\" src=\"https:\/\/dioceseteixeiradefreitas.com.br\/wp-content\/uploads\/2023\/02\/IMG-20230204-WA0106-768x1024.jpg\" alt=\"\" class=\"wp-image-19188\" srcset=\"https:\/\/dioceseteixeiradefreitas.com.br\/wp-content\/uploads\/2023\/02\/IMG-20230204-WA0106-768x1024.jpg 768w, https:\/\/dioceseteixeiradefreitas.com.br\/wp-content\/uploads\/2023\/02\/IMG-20230204-WA0106-225x300.jpg 225w, https:\/\/dioceseteixeiradefreitas.com.br\/wp-content\/uploads\/2023\/02\/IMG-20230204-WA0106-1152x1536.jpg 1152w, https:\/\/dioceseteixeiradefreitas.com.br\/wp-content\/uploads\/2023\/02\/IMG-20230204-WA0106.jpg 1200w\" sizes=\"auto, (max-width: 768px) 100vw, 768px\" \/><\/a><\/figure>\n\n\n\n<figure class=\"wp-block-image size-large\"><a href=\"https:\/\/dioceseteixeiradefreitas.com.br\/wp-content\/uploads\/2023\/02\/IMG-20230204-WA0083.jpg\"><img loading=\"lazy\" decoding=\"async\" width=\"768\" height=\"1024\" data-id=\"19193\" src=\"https:\/\/dioceseteixeiradefreitas.com.br\/wp-content\/uploads\/2023\/02\/IMG-20230204-WA0083.jpg\" alt=\"\" class=\"wp-image-19193\" srcset=\"https:\/\/dioceseteixeiradefreitas.com.br\/wp-content\/uploads\/2023\/02\/IMG-20230204-WA0083.jpg 768w, https:\/\/dioceseteixeiradefreitas.com.br\/wp-content\/uploads\/2023\/02\/IMG-20230204-WA0083-225x300.jpg 225w\" sizes=\"auto, (max-width: 768px) 100vw, 768px\" \/><\/a><\/figure>\n\n\n\n<figure class=\"wp-block-image size-large\"><a href=\"https:\/\/dioceseteixeiradefreitas.com.br\/wp-content\/uploads\/2023\/02\/IMG-20230204-WA0092.jpg\"><img loading=\"lazy\" decoding=\"async\" width=\"768\" height=\"1024\" data-id=\"19196\" src=\"https:\/\/dioceseteixeiradefreitas.com.br\/wp-content\/uploads\/2023\/02\/IMG-20230204-WA0092.jpg\" alt=\"\" class=\"wp-image-19196\" srcset=\"https:\/\/dioceseteixeiradefreitas.com.br\/wp-content\/uploads\/2023\/02\/IMG-20230204-WA0092.jpg 768w, https:\/\/dioceseteixeiradefreitas.com.br\/wp-content\/uploads\/2023\/02\/IMG-20230204-WA0092-225x300.jpg 225w\" sizes=\"auto, (max-width: 768px) 100vw, 768px\" \/><\/a><\/figure>\n\n\n\n<figure class=\"wp-block-image size-large\"><a href=\"https:\/\/dioceseteixeiradefreitas.com.br\/wp-content\/uploads\/2023\/02\/IMG-20230204-WA0085.jpg\"><img loading=\"lazy\" decoding=\"async\" width=\"768\" height=\"1024\" data-id=\"19192\" src=\"https:\/\/dioceseteixeiradefreitas.com.br\/wp-content\/uploads\/2023\/02\/IMG-20230204-WA0085.jpg\" alt=\"\" class=\"wp-image-19192\" srcset=\"https:\/\/dioceseteixeiradefreitas.com.br\/wp-content\/uploads\/2023\/02\/IMG-20230204-WA0085.jpg 768w, https:\/\/dioceseteixeiradefreitas.com.br\/wp-content\/uploads\/2023\/02\/IMG-20230204-WA0085-225x300.jpg 225w\" sizes=\"auto, (max-width: 768px) 100vw, 768px\" \/><\/a><\/figure>\n\n\n\n<figure class=\"wp-block-image size-large\"><a href=\"https:\/\/dioceseteixeiradefreitas.com.br\/wp-content\/uploads\/2023\/02\/IMG-20230204-WA0094.jpg\"><img loading=\"lazy\" decoding=\"async\" width=\"768\" height=\"1024\" data-id=\"19194\" src=\"https:\/\/dioceseteixeiradefreitas.com.br\/wp-content\/uploads\/2023\/02\/IMG-20230204-WA0094.jpg\" alt=\"\" class=\"wp-image-19194\" srcset=\"https:\/\/dioceseteixeiradefreitas.com.br\/wp-content\/uploads\/2023\/02\/IMG-20230204-WA0094.jpg 768w, https:\/\/dioceseteixeiradefreitas.com.br\/wp-content\/uploads\/2023\/02\/IMG-20230204-WA0094-225x300.jpg 225w\" sizes=\"auto, (max-width: 768px) 100vw, 768px\" \/><\/a><\/figure>\n\n\n\n<figure class=\"wp-block-image size-large\"><a href=\"https:\/\/dioceseteixeiradefreitas.com.br\/wp-content\/uploads\/2023\/02\/IMG-20230204-WA0119.jpg\"><img loading=\"lazy\" decoding=\"async\" width=\"768\" height=\"1024\" data-id=\"19198\" src=\"https:\/\/dioceseteixeiradefreitas.com.br\/wp-content\/uploads\/2023\/02\/IMG-20230204-WA0119-768x1024.jpg\" alt=\"\" class=\"wp-image-19198\" srcset=\"https:\/\/dioceseteixeiradefreitas.com.br\/wp-content\/uploads\/2023\/02\/IMG-20230204-WA0119-768x1024.jpg 768w, https:\/\/dioceseteixeiradefreitas.com.br\/wp-content\/uploads\/2023\/02\/IMG-20230204-WA0119-225x300.jpg 225w, https:\/\/dioceseteixeiradefreitas.com.br\/wp-content\/uploads\/2023\/02\/IMG-20230204-WA0119-1152x1536.jpg 1152w, https:\/\/dioceseteixeiradefreitas.com.br\/wp-content\/uploads\/2023\/02\/IMG-20230204-WA0119.jpg 1200w\" sizes=\"auto, (max-width: 768px) 100vw, 768px\" \/><\/a><\/figure>\n\n\n\n<figure class=\"wp-block-image size-large\"><a href=\"https:\/\/dioceseteixeiradefreitas.com.br\/wp-content\/uploads\/2023\/02\/IMG-20230204-WA0084.jpg\"><img loading=\"lazy\" decoding=\"async\" width=\"768\" height=\"1024\" data-id=\"19195\" src=\"https:\/\/dioceseteixeiradefreitas.com.br\/wp-content\/uploads\/2023\/02\/IMG-20230204-WA0084.jpg\" alt=\"\" class=\"wp-image-19195\" srcset=\"https:\/\/dioceseteixeiradefreitas.com.br\/wp-content\/uploads\/2023\/02\/IMG-20230204-WA0084.jpg 768w, https:\/\/dioceseteixeiradefreitas.com.br\/wp-content\/uploads\/2023\/02\/IMG-20230204-WA0084-225x300.jpg 225w\" sizes=\"auto, (max-width: 768px) 100vw, 768px\" \/><\/a><\/figure>\n\n\n\n<figure class=\"wp-block-image size-large\"><a href=\"https:\/\/dioceseteixeiradefreitas.com.br\/wp-content\/uploads\/2023\/02\/IMG-20230204-WA0104.jpg\"><img loading=\"lazy\" decoding=\"async\" width=\"768\" height=\"1024\" data-id=\"19199\" src=\"https:\/\/dioceseteixeiradefreitas.com.br\/wp-content\/uploads\/2023\/02\/IMG-20230204-WA0104-768x1024.jpg\" alt=\"\" class=\"wp-image-19199\" srcset=\"https:\/\/dioceseteixeiradefreitas.com.br\/wp-content\/uploads\/2023\/02\/IMG-20230204-WA0104-768x1024.jpg 768w, https:\/\/dioceseteixeiradefreitas.com.br\/wp-content\/uploads\/2023\/02\/IMG-20230204-WA0104-225x300.jpg 225w, https:\/\/dioceseteixeiradefreitas.com.br\/wp-content\/uploads\/2023\/02\/IMG-20230204-WA0104-1152x1536.jpg 1152w, https:\/\/dioceseteixeiradefreitas.com.br\/wp-content\/uploads\/2023\/02\/IMG-20230204-WA0104.jpg 1200w\" sizes=\"auto, (max-width: 768px) 100vw, 768px\" \/><\/a><\/figure>\n\n\n\n<figure class=\"wp-block-image size-large\"><a href=\"https:\/\/dioceseteixeiradefreitas.com.br\/wp-content\/uploads\/2023\/02\/IMG-20230204-WA0087.jpg\"><img loading=\"lazy\" decoding=\"async\" width=\"768\" height=\"1024\" data-id=\"19197\" src=\"https:\/\/dioceseteixeiradefreitas.com.br\/wp-content\/uploads\/2023\/02\/IMG-20230204-WA0087.jpg\" alt=\"\" class=\"wp-image-19197\" srcset=\"https:\/\/dioceseteixeiradefreitas.com.br\/wp-content\/uploads\/2023\/02\/IMG-20230204-WA0087.jpg 768w, https:\/\/dioceseteixeiradefreitas.com.br\/wp-content\/uploads\/2023\/02\/IMG-20230204-WA0087-225x300.jpg 225w\" sizes=\"auto, (max-width: 768px) 100vw, 768px\" \/><\/a><\/figure>\n<\/figure>\n\n\n\n<p><\/p>\n\n\n\n<p>Fotos e Texto: Coordena\u00e7\u00e3o Diocesana de Pastora<\/p>\n","protected":false},"excerpt":{"rendered":"<p>Aconteceu no \u00faltimo s\u00e1bado, 4 de fevereiro de 2023, das 14h \u00e0s 18h, na Catedral S\u00e3o Pedro, o Encontro For\u00e2neo de Pastoral da Forania S\u00e3o Pedro. O encontro foi realizado pela Coordena\u00e7\u00e3o Diocesana de Pastoral e contou com a participa\u00e7\u00e3o de sacerdotes, coordenadores paroquiais, e coordenadores das pastorais movimentos das par\u00f3quias que comp\u00f5e a Forania. &hellip;<\/p>\n","protected":false},"author":24,"featured_media":19198,"comment_status":"closed","ping_status":"closed","sticky":false,"template":"","format":"standard","meta":{"footnotes":""},"categories":[100],"tags":[59,1156,57],"class_list":["post-19185","post","type-post","status-publish","format-standard","has-post-thumbnail","hentry","category-noticias-diocesanas","tag-catedral-sao-pedro","tag-encontro-foraneo-de-pastoral","tag-forania-sao-pedro"],"_links":{"self":[{"href":"https:\/\/dioceseteixeiradefreitas.com.br\/index.php?rest_route=\/wp\/v2\/posts\/19185","targetHints":{"allow":["GET"]}}],"collection":[{"href":"https:\/\/dioceseteixeiradefreitas.com.br\/index.php?rest_route=\/wp\/v2\/posts"}],"about":[{"href":"https:\/\/dioceseteixeiradefreitas.com.br\/index.php?rest_route=\/wp\/v2\/types\/post"}],"author":[{"embeddable":true,"href":"https:\/\/dioceseteixeiradefreitas.com.br\/index.php?rest_route=\/wp\/v2\/users\/24"}],"replies":[{"embeddable":true,"href":"https:\/\/dioceseteixeiradefreitas.com.br\/index.php?rest_route=%2Fwp%2Fv2%2Fcomments&post=19185"}],"version-history":[{"count":1,"href":"https:\/\/dioceseteixeiradefreitas.com.br\/index.php?rest_route=\/wp\/v2\/posts\/19185\/revisions"}],"predecessor-version":[{"id":19200,"href":"https:\/\/dioceseteixeiradefreitas.com.br\/index.php?rest_route=\/wp\/v2\/posts\/19185\/revisions\/19200"}],"wp:featuredmedia":[{"embeddable":true,"href":"https:\/\/dioceseteixeiradefreitas.com.br\/index.php?rest_route=\/wp\/v2\/media\/19198"}],"wp:attachment":[{"href":"https:\/\/dioceseteixeiradefreitas.com.br\/index.php?rest_route=%2Fwp%2Fv2%2Fmedia&parent=19185"}],"wp:term":[{"taxonomy":"category","embeddable":true,"href":"https:\/\/dioceseteixeiradefreitas.com.br\/index.php?rest_route=%2Fwp%2Fv2%2Fcategories&post=19185"},{"taxonomy":"post_tag","embeddable":true,"href":"https:\/\/dioceseteixeiradefreitas.com.br\/index.php?rest_route=%2Fwp%2Fv2%2Ftags&post=19185"}],"curies":[{"name":"wp","href":"https:\/\/api.w.org\/{rel}","templated":true}]}}