{"id":19253,"date":"2023-02-26T21:43:24","date_gmt":"2023-02-27T00:43:24","guid":{"rendered":"https:\/\/dioceseteixeiradefreitas.com.br\/?p=19253"},"modified":"2023-02-26T21:43:27","modified_gmt":"2023-02-27T00:43:27","slug":"pe-metodio-macedo-dos-santos-e-instituido-cura-da-catedral-sao-pedro-e-pe-vanderlei-coutinho-vice-cura-da-catedral","status":"publish","type":"post","link":"https:\/\/dioceseteixeiradefreitas.com.br\/?p=19253","title":{"rendered":"Pe. Met\u00f3dio Macedo dos Santos \u00e9 institu\u00eddo Cura da Catedral S\u00e3o Pedro, e Pe. Vanderlei Coutinho vice Cura da Catedral"},"content":{"rendered":"\n<p>Na \u00faltima segunda-feira, 13 de fevereiro de 2023, aconteceu a celebra\u00e7\u00e3o da Posse Can\u00f4nica do Pe. Met\u00f3dio Macedo Santos como Cura da Catedral S\u00e3o Pedro, e do Pe. Vanderlei Coutinho como vice Cura da Catedral. A Santa Missa, que teve in\u00edcio \u00e0s 19h30, foi presidida por Dom Jailton de Oliveira Lino, psdp, bispo diocesano, concelebrada pelo clero da Diocese e contou com a participa\u00e7\u00e3o de Di\u00e1conos, Seminaristas e de muitos fi\u00e9is. <\/p>\n\n\n\n<p>Logo no in\u00edcio da Celebra\u00e7\u00e3o, o Pe. Ariston, chanceler do bispado, fez a leitura da ata da Posse Can\u00f4nica. Em seguida, o Pe. Met\u00f3dio fez sua profiss\u00e3o de f\u00e9.<\/p>\n\n\n\n<p>Dom Jailton iniciou sua homilia saudando os sacerdotes presentes, de maneira especial, o Pe. Met\u00f3dio e o Pe. Vanderlei, assim como, saudou o Pe. Jos\u00e9 Carlos que est\u00e1 retornado para nossa Diocese. Saudou tamb\u00e9m os di\u00e1conos, seminaristas, religiosos(as), os leigos que estavam presentes e os que acompanhavam pela PASCOM, e as autoridades civis que participavam da celebra\u00e7\u00e3o. <\/p>\n\n\n\n<p>Durante a sua homilia, refletiu sobre as leituras do dia. Falou sobre o desmembramento da Catedral S\u00e3o Pedro, da Par\u00f3quia S\u00e3o Pedro. Explicou a origem do nome Catedral e do papel do Cura. Ao final, agradeceu aos sacerdotes por abra\u00e7arem est\u00e1 nova miss\u00e3o.<\/p>\n\n\n\n<p>Ap\u00f3s a homilia, aconteceu o rito de entrega da Igreja para o Pe. Met\u00f3dio. Depois do rito e da leitura da ata, Dom Jailton, apresentou a comunidade o Cura e o Vice Cura da Catedral. Eles foram acolhidos com uma salva de palmas.<\/p>\n\n\n\n<p>Ao final da Celebra\u00e7\u00e3o, Padre Met\u00f3dio proferiu um agradecimento.<\/p>\n\n\n\n<p>Louvamos a Deus pelo SIM destes sacerdotes.<\/p>\n\n\n\n<figure class=\"wp-block-gallery has-nested-images columns-default is-cropped wp-block-gallery-1 is-layout-flex wp-block-gallery-is-layout-flex\">\n<figure class=\"wp-block-image size-large\"><a href=\"https:\/\/dioceseteixeiradefreitas.com.br\/wp-content\/uploads\/2023\/02\/IMG_7549-scaled.jpg\"><img loading=\"lazy\" decoding=\"async\" width=\"2560\" height=\"1707\" data-id=\"19411\" src=\"https:\/\/dioceseteixeiradefreitas.com.br\/wp-content\/uploads\/2023\/02\/IMG_7549-scaled.jpg\" alt=\"\" class=\"wp-image-19411\" srcset=\"https:\/\/dioceseteixeiradefreitas.com.br\/wp-content\/uploads\/2023\/02\/IMG_7549-scaled.jpg 2560w, https:\/\/dioceseteixeiradefreitas.com.br\/wp-content\/uploads\/2023\/02\/IMG_7549-300x200.jpg 300w, https:\/\/dioceseteixeiradefreitas.com.br\/wp-content\/uploads\/2023\/02\/IMG_7549-1024x683.jpg 1024w, https:\/\/dioceseteixeiradefreitas.com.br\/wp-content\/uploads\/2023\/02\/IMG_7549-768x512.jpg 768w, https:\/\/dioceseteixeiradefreitas.com.br\/wp-content\/uploads\/2023\/02\/IMG_7549-1536x1024.jpg 1536w, https:\/\/dioceseteixeiradefreitas.com.br\/wp-content\/uploads\/2023\/02\/IMG_7549-2048x1365.jpg 2048w\" sizes=\"auto, (max-width: 2560px) 100vw, 2560px\" \/><\/a><\/figure>\n\n\n\n<figure class=\"wp-block-image size-large\"><a href=\"https:\/\/dioceseteixeiradefreitas.com.br\/wp-content\/uploads\/2023\/02\/IMG_7550-scaled.jpg\"><img loading=\"lazy\" decoding=\"async\" width=\"2560\" height=\"1707\" data-id=\"19412\" src=\"https:\/\/dioceseteixeiradefreitas.com.br\/wp-content\/uploads\/2023\/02\/IMG_7550-scaled.jpg\" alt=\"\" class=\"wp-image-19412\" srcset=\"https:\/\/dioceseteixeiradefreitas.com.br\/wp-content\/uploads\/2023\/02\/IMG_7550-scaled.jpg 2560w, https:\/\/dioceseteixeiradefreitas.com.br\/wp-content\/uploads\/2023\/02\/IMG_7550-300x200.jpg 300w, https:\/\/dioceseteixeiradefreitas.com.br\/wp-content\/uploads\/2023\/02\/IMG_7550-1024x683.jpg 1024w, https:\/\/dioceseteixeiradefreitas.com.br\/wp-content\/uploads\/2023\/02\/IMG_7550-768x512.jpg 768w, https:\/\/dioceseteixeiradefreitas.com.br\/wp-content\/uploads\/2023\/02\/IMG_7550-1536x1024.jpg 1536w, https:\/\/dioceseteixeiradefreitas.com.br\/wp-content\/uploads\/2023\/02\/IMG_7550-2048x1365.jpg 2048w\" sizes=\"auto, (max-width: 2560px) 100vw, 2560px\" \/><\/a><\/figure>\n\n\n\n<figure class=\"wp-block-image size-large\"><a href=\"https:\/\/dioceseteixeiradefreitas.com.br\/wp-content\/uploads\/2023\/02\/IMG_7555-scaled.jpg\"><img loading=\"lazy\" decoding=\"async\" width=\"2560\" height=\"1707\" data-id=\"19413\" src=\"https:\/\/dioceseteixeiradefreitas.com.br\/wp-content\/uploads\/2023\/02\/IMG_7555-scaled.jpg\" alt=\"\" class=\"wp-image-19413\" srcset=\"https:\/\/dioceseteixeiradefreitas.com.br\/wp-content\/uploads\/2023\/02\/IMG_7555-scaled.jpg 2560w, https:\/\/dioceseteixeiradefreitas.com.br\/wp-content\/uploads\/2023\/02\/IMG_7555-300x200.jpg 300w, https:\/\/dioceseteixeiradefreitas.com.br\/wp-content\/uploads\/2023\/02\/IMG_7555-1024x683.jpg 1024w, https:\/\/dioceseteixeiradefreitas.com.br\/wp-content\/uploads\/2023\/02\/IMG_7555-768x512.jpg 768w, https:\/\/dioceseteixeiradefreitas.com.br\/wp-content\/uploads\/2023\/02\/IMG_7555-1536x1024.jpg 1536w, https:\/\/dioceseteixeiradefreitas.com.br\/wp-content\/uploads\/2023\/02\/IMG_7555-2048x1365.jpg 2048w\" sizes=\"auto, (max-width: 2560px) 100vw, 2560px\" \/><\/a><\/figure>\n\n\n\n<figure class=\"wp-block-image size-large\"><a href=\"https:\/\/dioceseteixeiradefreitas.com.br\/wp-content\/uploads\/2023\/02\/IMG_7556-scaled.jpg\"><img loading=\"lazy\" decoding=\"async\" width=\"2560\" height=\"1707\" data-id=\"19414\" src=\"https:\/\/dioceseteixeiradefreitas.com.br\/wp-content\/uploads\/2023\/02\/IMG_7556-scaled.jpg\" alt=\"\" class=\"wp-image-19414\" srcset=\"https:\/\/dioceseteixeiradefreitas.com.br\/wp-content\/uploads\/2023\/02\/IMG_7556-scaled.jpg 2560w, https:\/\/dioceseteixeiradefreitas.com.br\/wp-content\/uploads\/2023\/02\/IMG_7556-300x200.jpg 300w, https:\/\/dioceseteixeiradefreitas.com.br\/wp-content\/uploads\/2023\/02\/IMG_7556-1024x683.jpg 1024w, https:\/\/dioceseteixeiradefreitas.com.br\/wp-content\/uploads\/2023\/02\/IMG_7556-768x512.jpg 768w, https:\/\/dioceseteixeiradefreitas.com.br\/wp-content\/uploads\/2023\/02\/IMG_7556-1536x1024.jpg 1536w, https:\/\/dioceseteixeiradefreitas.com.br\/wp-content\/uploads\/2023\/02\/IMG_7556-2048x1365.jpg 2048w\" sizes=\"auto, (max-width: 2560px) 100vw, 2560px\" \/><\/a><\/figure>\n\n\n\n<figure class=\"wp-block-image size-large\"><a href=\"https:\/\/dioceseteixeiradefreitas.com.br\/wp-content\/uploads\/2023\/02\/IMG_7557-scaled.jpg\"><img loading=\"lazy\" decoding=\"async\" width=\"2560\" height=\"1707\" data-id=\"19415\" src=\"https:\/\/dioceseteixeiradefreitas.com.br\/wp-content\/uploads\/2023\/02\/IMG_7557-scaled.jpg\" alt=\"\" class=\"wp-image-19415\" srcset=\"https:\/\/dioceseteixeiradefreitas.com.br\/wp-content\/uploads\/2023\/02\/IMG_7557-scaled.jpg 2560w, https:\/\/dioceseteixeiradefreitas.com.br\/wp-content\/uploads\/2023\/02\/IMG_7557-300x200.jpg 300w, https:\/\/dioceseteixeiradefreitas.com.br\/wp-content\/uploads\/2023\/02\/IMG_7557-1024x683.jpg 1024w, https:\/\/dioceseteixeiradefreitas.com.br\/wp-content\/uploads\/2023\/02\/IMG_7557-768x512.jpg 768w, https:\/\/dioceseteixeiradefreitas.com.br\/wp-content\/uploads\/2023\/02\/IMG_7557-1536x1024.jpg 1536w, https:\/\/dioceseteixeiradefreitas.com.br\/wp-content\/uploads\/2023\/02\/IMG_7557-2048x1365.jpg 2048w\" sizes=\"auto, (max-width: 2560px) 100vw, 2560px\" \/><\/a><\/figure>\n\n\n\n<figure class=\"wp-block-image size-large\"><a href=\"https:\/\/dioceseteixeiradefreitas.com.br\/wp-content\/uploads\/2023\/02\/IMG_7560-scaled.jpg\"><img loading=\"lazy\" decoding=\"async\" width=\"2560\" height=\"1662\" data-id=\"19416\" src=\"https:\/\/dioceseteixeiradefreitas.com.br\/wp-content\/uploads\/2023\/02\/IMG_7560-scaled.jpg\" alt=\"\" class=\"wp-image-19416\" srcset=\"https:\/\/dioceseteixeiradefreitas.com.br\/wp-content\/uploads\/2023\/02\/IMG_7560-scaled.jpg 2560w, https:\/\/dioceseteixeiradefreitas.com.br\/wp-content\/uploads\/2023\/02\/IMG_7560-300x195.jpg 300w, https:\/\/dioceseteixeiradefreitas.com.br\/wp-content\/uploads\/2023\/02\/IMG_7560-1024x665.jpg 1024w, https:\/\/dioceseteixeiradefreitas.com.br\/wp-content\/uploads\/2023\/02\/IMG_7560-768x499.jpg 768w, https:\/\/dioceseteixeiradefreitas.com.br\/wp-content\/uploads\/2023\/02\/IMG_7560-1536x997.jpg 1536w, https:\/\/dioceseteixeiradefreitas.com.br\/wp-content\/uploads\/2023\/02\/IMG_7560-2048x1329.jpg 2048w\" sizes=\"auto, (max-width: 2560px) 100vw, 2560px\" \/><\/a><\/figure>\n\n\n\n<figure class=\"wp-block-image size-large\"><a href=\"https:\/\/dioceseteixeiradefreitas.com.br\/wp-content\/uploads\/2023\/02\/IMG_7561-scaled.jpg\"><img loading=\"lazy\" decoding=\"async\" width=\"2560\" height=\"1662\" data-id=\"19417\" src=\"https:\/\/dioceseteixeiradefreitas.com.br\/wp-content\/uploads\/2023\/02\/IMG_7561-scaled.jpg\" alt=\"\" class=\"wp-image-19417\" srcset=\"https:\/\/dioceseteixeiradefreitas.com.br\/wp-content\/uploads\/2023\/02\/IMG_7561-scaled.jpg 2560w, https:\/\/dioceseteixeiradefreitas.com.br\/wp-content\/uploads\/2023\/02\/IMG_7561-300x195.jpg 300w, https:\/\/dioceseteixeiradefreitas.com.br\/wp-content\/uploads\/2023\/02\/IMG_7561-1024x665.jpg 1024w, https:\/\/dioceseteixeiradefreitas.com.br\/wp-content\/uploads\/2023\/02\/IMG_7561-768x499.jpg 768w, https:\/\/dioceseteixeiradefreitas.com.br\/wp-content\/uploads\/2023\/02\/IMG_7561-1536x997.jpg 1536w, https:\/\/dioceseteixeiradefreitas.com.br\/wp-content\/uploads\/2023\/02\/IMG_7561-2048x1329.jpg 2048w\" sizes=\"auto, (max-width: 2560px) 100vw, 2560px\" \/><\/a><\/figure>\n\n\n\n<figure class=\"wp-block-image size-large\"><a href=\"https:\/\/dioceseteixeiradefreitas.com.br\/wp-content\/uploads\/2023\/02\/IMG_7564-scaled.jpg\"><img loading=\"lazy\" decoding=\"async\" width=\"2560\" height=\"1662\" data-id=\"19418\" src=\"https:\/\/dioceseteixeiradefreitas.com.br\/wp-content\/uploads\/2023\/02\/IMG_7564-scaled.jpg\" alt=\"\" class=\"wp-image-19418\" srcset=\"https:\/\/dioceseteixeiradefreitas.com.br\/wp-content\/uploads\/2023\/02\/IMG_7564-scaled.jpg 2560w, https:\/\/dioceseteixeiradefreitas.com.br\/wp-content\/uploads\/2023\/02\/IMG_7564-300x195.jpg 300w, https:\/\/dioceseteixeiradefreitas.com.br\/wp-content\/uploads\/2023\/02\/IMG_7564-1024x665.jpg 1024w, https:\/\/dioceseteixeiradefreitas.com.br\/wp-content\/uploads\/2023\/02\/IMG_7564-768x499.jpg 768w, https:\/\/dioceseteixeiradefreitas.com.br\/wp-content\/uploads\/2023\/02\/IMG_7564-1536x997.jpg 1536w, https:\/\/dioceseteixeiradefreitas.com.br\/wp-content\/uploads\/2023\/02\/IMG_7564-2048x1329.jpg 2048w\" sizes=\"auto, (max-width: 2560px) 100vw, 2560px\" \/><\/a><\/figure>\n\n\n\n<figure class=\"wp-block-image size-large\"><a href=\"https:\/\/dioceseteixeiradefreitas.com.br\/wp-content\/uploads\/2023\/02\/IMG_7571-scaled.jpg\"><img loading=\"lazy\" decoding=\"async\" width=\"2560\" height=\"1662\" data-id=\"19419\" src=\"https:\/\/dioceseteixeiradefreitas.com.br\/wp-content\/uploads\/2023\/02\/IMG_7571-scaled.jpg\" alt=\"\" class=\"wp-image-19419\" srcset=\"https:\/\/dioceseteixeiradefreitas.com.br\/wp-content\/uploads\/2023\/02\/IMG_7571-scaled.jpg 2560w, https:\/\/dioceseteixeiradefreitas.com.br\/wp-content\/uploads\/2023\/02\/IMG_7571-300x195.jpg 300w, https:\/\/dioceseteixeiradefreitas.com.br\/wp-content\/uploads\/2023\/02\/IMG_7571-1024x665.jpg 1024w, https:\/\/dioceseteixeiradefreitas.com.br\/wp-content\/uploads\/2023\/02\/IMG_7571-768x499.jpg 768w, https:\/\/dioceseteixeiradefreitas.com.br\/wp-content\/uploads\/2023\/02\/IMG_7571-1536x997.jpg 1536w, https:\/\/dioceseteixeiradefreitas.com.br\/wp-content\/uploads\/2023\/02\/IMG_7571-2048x1329.jpg 2048w\" sizes=\"auto, (max-width: 2560px) 100vw, 2560px\" \/><\/a><\/figure>\n\n\n\n<figure class=\"wp-block-image size-large\"><a href=\"https:\/\/dioceseteixeiradefreitas.com.br\/wp-content\/uploads\/2023\/02\/IMG_7575-scaled.jpg\"><img loading=\"lazy\" decoding=\"async\" width=\"2560\" height=\"1662\" data-id=\"19420\" src=\"https:\/\/dioceseteixeiradefreitas.com.br\/wp-content\/uploads\/2023\/02\/IMG_7575-scaled.jpg\" alt=\"\" class=\"wp-image-19420\" srcset=\"https:\/\/dioceseteixeiradefreitas.com.br\/wp-content\/uploads\/2023\/02\/IMG_7575-scaled.jpg 2560w, https:\/\/dioceseteixeiradefreitas.com.br\/wp-content\/uploads\/2023\/02\/IMG_7575-300x195.jpg 300w, https:\/\/dioceseteixeiradefreitas.com.br\/wp-content\/uploads\/2023\/02\/IMG_7575-1024x665.jpg 1024w, https:\/\/dioceseteixeiradefreitas.com.br\/wp-content\/uploads\/2023\/02\/IMG_7575-768x499.jpg 768w, https:\/\/dioceseteixeiradefreitas.com.br\/wp-content\/uploads\/2023\/02\/IMG_7575-1536x997.jpg 1536w, https:\/\/dioceseteixeiradefreitas.com.br\/wp-content\/uploads\/2023\/02\/IMG_7575-2048x1329.jpg 2048w\" sizes=\"auto, (max-width: 2560px) 100vw, 2560px\" \/><\/a><\/figure>\n\n\n\n<figure class=\"wp-block-image size-large\"><a href=\"https:\/\/dioceseteixeiradefreitas.com.br\/wp-content\/uploads\/2023\/02\/IMG_7577-scaled.jpg\"><img loading=\"lazy\" decoding=\"async\" width=\"2560\" height=\"1662\" data-id=\"19421\" src=\"https:\/\/dioceseteixeiradefreitas.com.br\/wp-content\/uploads\/2023\/02\/IMG_7577-scaled.jpg\" alt=\"\" class=\"wp-image-19421\" srcset=\"https:\/\/dioceseteixeiradefreitas.com.br\/wp-content\/uploads\/2023\/02\/IMG_7577-scaled.jpg 2560w, https:\/\/dioceseteixeiradefreitas.com.br\/wp-content\/uploads\/2023\/02\/IMG_7577-300x195.jpg 300w, https:\/\/dioceseteixeiradefreitas.com.br\/wp-content\/uploads\/2023\/02\/IMG_7577-1024x665.jpg 1024w, https:\/\/dioceseteixeiradefreitas.com.br\/wp-content\/uploads\/2023\/02\/IMG_7577-768x499.jpg 768w, https:\/\/dioceseteixeiradefreitas.com.br\/wp-content\/uploads\/2023\/02\/IMG_7577-1536x997.jpg 1536w, https:\/\/dioceseteixeiradefreitas.com.br\/wp-content\/uploads\/2023\/02\/IMG_7577-2048x1329.jpg 2048w\" sizes=\"auto, (max-width: 2560px) 100vw, 2560px\" \/><\/a><\/figure>\n\n\n\n<figure class=\"wp-block-image size-large\"><a href=\"https:\/\/dioceseteixeiradefreitas.com.br\/wp-content\/uploads\/2023\/02\/IMG_7579-scaled.jpg\"><img loading=\"lazy\" decoding=\"async\" width=\"2560\" height=\"1707\" data-id=\"19422\" src=\"https:\/\/dioceseteixeiradefreitas.com.br\/wp-content\/uploads\/2023\/02\/IMG_7579-scaled.jpg\" alt=\"\" class=\"wp-image-19422\" srcset=\"https:\/\/dioceseteixeiradefreitas.com.br\/wp-content\/uploads\/2023\/02\/IMG_7579-scaled.jpg 2560w, https:\/\/dioceseteixeiradefreitas.com.br\/wp-content\/uploads\/2023\/02\/IMG_7579-300x200.jpg 300w, https:\/\/dioceseteixeiradefreitas.com.br\/wp-content\/uploads\/2023\/02\/IMG_7579-1024x683.jpg 1024w, https:\/\/dioceseteixeiradefreitas.com.br\/wp-content\/uploads\/2023\/02\/IMG_7579-768x512.jpg 768w, https:\/\/dioceseteixeiradefreitas.com.br\/wp-content\/uploads\/2023\/02\/IMG_7579-1536x1024.jpg 1536w, https:\/\/dioceseteixeiradefreitas.com.br\/wp-content\/uploads\/2023\/02\/IMG_7579-2048x1365.jpg 2048w\" sizes=\"auto, (max-width: 2560px) 100vw, 2560px\" \/><\/a><\/figure>\n\n\n\n<figure class=\"wp-block-image size-large\"><a href=\"https:\/\/dioceseteixeiradefreitas.com.br\/wp-content\/uploads\/2023\/02\/IMG_7580-scaled.jpg\"><img loading=\"lazy\" decoding=\"async\" width=\"2560\" height=\"1889\" data-id=\"19423\" src=\"https:\/\/dioceseteixeiradefreitas.com.br\/wp-content\/uploads\/2023\/02\/IMG_7580-scaled.jpg\" alt=\"\" class=\"wp-image-19423\" srcset=\"https:\/\/dioceseteixeiradefreitas.com.br\/wp-content\/uploads\/2023\/02\/IMG_7580-scaled.jpg 2560w, https:\/\/dioceseteixeiradefreitas.com.br\/wp-content\/uploads\/2023\/02\/IMG_7580-300x221.jpg 300w, https:\/\/dioceseteixeiradefreitas.com.br\/wp-content\/uploads\/2023\/02\/IMG_7580-1024x756.jpg 1024w, https:\/\/dioceseteixeiradefreitas.com.br\/wp-content\/uploads\/2023\/02\/IMG_7580-768x567.jpg 768w, https:\/\/dioceseteixeiradefreitas.com.br\/wp-content\/uploads\/2023\/02\/IMG_7580-1536x1134.jpg 1536w, https:\/\/dioceseteixeiradefreitas.com.br\/wp-content\/uploads\/2023\/02\/IMG_7580-2048x1511.jpg 2048w\" sizes=\"auto, (max-width: 2560px) 100vw, 2560px\" \/><\/a><\/figure>\n\n\n\n<figure class=\"wp-block-image size-large\"><a href=\"https:\/\/dioceseteixeiradefreitas.com.br\/wp-content\/uploads\/2023\/02\/IMG_7584-scaled.jpg\"><img loading=\"lazy\" decoding=\"async\" width=\"2560\" height=\"1707\" data-id=\"19424\" src=\"https:\/\/dioceseteixeiradefreitas.com.br\/wp-content\/uploads\/2023\/02\/IMG_7584-scaled.jpg\" alt=\"\" class=\"wp-image-19424\" srcset=\"https:\/\/dioceseteixeiradefreitas.com.br\/wp-content\/uploads\/2023\/02\/IMG_7584-scaled.jpg 2560w, https:\/\/dioceseteixeiradefreitas.com.br\/wp-content\/uploads\/2023\/02\/IMG_7584-300x200.jpg 300w, https:\/\/dioceseteixeiradefreitas.com.br\/wp-content\/uploads\/2023\/02\/IMG_7584-1024x683.jpg 1024w, https:\/\/dioceseteixeiradefreitas.com.br\/wp-content\/uploads\/2023\/02\/IMG_7584-768x512.jpg 768w, https:\/\/dioceseteixeiradefreitas.com.br\/wp-content\/uploads\/2023\/02\/IMG_7584-1536x1024.jpg 1536w, https:\/\/dioceseteixeiradefreitas.com.br\/wp-content\/uploads\/2023\/02\/IMG_7584-2048x1365.jpg 2048w\" sizes=\"auto, (max-width: 2560px) 100vw, 2560px\" \/><\/a><\/figure>\n\n\n\n<figure class=\"wp-block-image size-large\"><a href=\"https:\/\/dioceseteixeiradefreitas.com.br\/wp-content\/uploads\/2023\/02\/IMG_7585-scaled.jpg\"><img loading=\"lazy\" decoding=\"async\" width=\"2560\" height=\"1707\" data-id=\"19425\" src=\"https:\/\/dioceseteixeiradefreitas.com.br\/wp-content\/uploads\/2023\/02\/IMG_7585-scaled.jpg\" alt=\"\" class=\"wp-image-19425\" srcset=\"https:\/\/dioceseteixeiradefreitas.com.br\/wp-content\/uploads\/2023\/02\/IMG_7585-scaled.jpg 2560w, https:\/\/dioceseteixeiradefreitas.com.br\/wp-content\/uploads\/2023\/02\/IMG_7585-300x200.jpg 300w, https:\/\/dioceseteixeiradefreitas.com.br\/wp-content\/uploads\/2023\/02\/IMG_7585-1024x683.jpg 1024w, https:\/\/dioceseteixeiradefreitas.com.br\/wp-content\/uploads\/2023\/02\/IMG_7585-768x512.jpg 768w, https:\/\/dioceseteixeiradefreitas.com.br\/wp-content\/uploads\/2023\/02\/IMG_7585-1536x1024.jpg 1536w, https:\/\/dioceseteixeiradefreitas.com.br\/wp-content\/uploads\/2023\/02\/IMG_7585-2048x1365.jpg 2048w\" sizes=\"auto, (max-width: 2560px) 100vw, 2560px\" \/><\/a><\/figure>\n\n\n\n<figure class=\"wp-block-image size-large\"><a href=\"https:\/\/dioceseteixeiradefreitas.com.br\/wp-content\/uploads\/2023\/02\/IMG_7586-scaled.jpg\"><img loading=\"lazy\" decoding=\"async\" width=\"2560\" height=\"1707\" data-id=\"19426\" src=\"https:\/\/dioceseteixeiradefreitas.com.br\/wp-content\/uploads\/2023\/02\/IMG_7586-scaled.jpg\" alt=\"\" class=\"wp-image-19426\" srcset=\"https:\/\/dioceseteixeiradefreitas.com.br\/wp-content\/uploads\/2023\/02\/IMG_7586-scaled.jpg 2560w, https:\/\/dioceseteixeiradefreitas.com.br\/wp-content\/uploads\/2023\/02\/IMG_7586-300x200.jpg 300w, https:\/\/dioceseteixeiradefreitas.com.br\/wp-content\/uploads\/2023\/02\/IMG_7586-1024x683.jpg 1024w, https:\/\/dioceseteixeiradefreitas.com.br\/wp-content\/uploads\/2023\/02\/IMG_7586-768x512.jpg 768w, https:\/\/dioceseteixeiradefreitas.com.br\/wp-content\/uploads\/2023\/02\/IMG_7586-1536x1024.jpg 1536w, https:\/\/dioceseteixeiradefreitas.com.br\/wp-content\/uploads\/2023\/02\/IMG_7586-2048x1365.jpg 2048w\" sizes=\"auto, (max-width: 2560px) 100vw, 2560px\" \/><\/a><\/figure>\n\n\n\n<figure class=\"wp-block-image size-large\"><a href=\"https:\/\/dioceseteixeiradefreitas.com.br\/wp-content\/uploads\/2023\/02\/IMG_7587-scaled.jpg\"><img loading=\"lazy\" decoding=\"async\" width=\"2560\" height=\"1707\" data-id=\"19427\" src=\"https:\/\/dioceseteixeiradefreitas.com.br\/wp-content\/uploads\/2023\/02\/IMG_7587-scaled.jpg\" alt=\"\" class=\"wp-image-19427\" srcset=\"https:\/\/dioceseteixeiradefreitas.com.br\/wp-content\/uploads\/2023\/02\/IMG_7587-scaled.jpg 2560w, https:\/\/dioceseteixeiradefreitas.com.br\/wp-content\/uploads\/2023\/02\/IMG_7587-300x200.jpg 300w, https:\/\/dioceseteixeiradefreitas.com.br\/wp-content\/uploads\/2023\/02\/IMG_7587-1024x683.jpg 1024w, https:\/\/dioceseteixeiradefreitas.com.br\/wp-content\/uploads\/2023\/02\/IMG_7587-768x512.jpg 768w, https:\/\/dioceseteixeiradefreitas.com.br\/wp-content\/uploads\/2023\/02\/IMG_7587-1536x1024.jpg 1536w, https:\/\/dioceseteixeiradefreitas.com.br\/wp-content\/uploads\/2023\/02\/IMG_7587-2048x1365.jpg 2048w\" sizes=\"auto, (max-width: 2560px) 100vw, 2560px\" \/><\/a><\/figure>\n\n\n\n<figure class=\"wp-block-image size-large\"><a href=\"https:\/\/dioceseteixeiradefreitas.com.br\/wp-content\/uploads\/2023\/02\/IMG_7590-scaled.jpg\"><img loading=\"lazy\" decoding=\"async\" width=\"2560\" height=\"1707\" data-id=\"19428\" src=\"https:\/\/dioceseteixeiradefreitas.com.br\/wp-content\/uploads\/2023\/02\/IMG_7590-scaled.jpg\" alt=\"\" class=\"wp-image-19428\" srcset=\"https:\/\/dioceseteixeiradefreitas.com.br\/wp-content\/uploads\/2023\/02\/IMG_7590-scaled.jpg 2560w, https:\/\/dioceseteixeiradefreitas.com.br\/wp-content\/uploads\/2023\/02\/IMG_7590-300x200.jpg 300w, https:\/\/dioceseteixeiradefreitas.com.br\/wp-content\/uploads\/2023\/02\/IMG_7590-1024x683.jpg 1024w, https:\/\/dioceseteixeiradefreitas.com.br\/wp-content\/uploads\/2023\/02\/IMG_7590-768x512.jpg 768w, https:\/\/dioceseteixeiradefreitas.com.br\/wp-content\/uploads\/2023\/02\/IMG_7590-1536x1024.jpg 1536w, https:\/\/dioceseteixeiradefreitas.com.br\/wp-content\/uploads\/2023\/02\/IMG_7590-2048x1365.jpg 2048w\" sizes=\"auto, (max-width: 2560px) 100vw, 2560px\" \/><\/a><\/figure>\n\n\n\n<figure class=\"wp-block-image size-large\"><a href=\"https:\/\/dioceseteixeiradefreitas.com.br\/wp-content\/uploads\/2023\/02\/IMG_7594-scaled.jpg\"><img loading=\"lazy\" decoding=\"async\" width=\"2560\" height=\"1707\" data-id=\"19429\" src=\"https:\/\/dioceseteixeiradefreitas.com.br\/wp-content\/uploads\/2023\/02\/IMG_7594-scaled.jpg\" alt=\"\" class=\"wp-image-19429\" srcset=\"https:\/\/dioceseteixeiradefreitas.com.br\/wp-content\/uploads\/2023\/02\/IMG_7594-scaled.jpg 2560w, https:\/\/dioceseteixeiradefreitas.com.br\/wp-content\/uploads\/2023\/02\/IMG_7594-300x200.jpg 300w, https:\/\/dioceseteixeiradefreitas.com.br\/wp-content\/uploads\/2023\/02\/IMG_7594-1024x683.jpg 1024w, https:\/\/dioceseteixeiradefreitas.com.br\/wp-content\/uploads\/2023\/02\/IMG_7594-768x512.jpg 768w, https:\/\/dioceseteixeiradefreitas.com.br\/wp-content\/uploads\/2023\/02\/IMG_7594-1536x1024.jpg 1536w, https:\/\/dioceseteixeiradefreitas.com.br\/wp-content\/uploads\/2023\/02\/IMG_7594-2048x1365.jpg 2048w\" sizes=\"auto, (max-width: 2560px) 100vw, 2560px\" \/><\/a><\/figure>\n\n\n\n<figure class=\"wp-block-image size-large\"><a href=\"https:\/\/dioceseteixeiradefreitas.com.br\/wp-content\/uploads\/2023\/02\/IMG_7599-scaled.jpg\"><img loading=\"lazy\" decoding=\"async\" width=\"2560\" height=\"1707\" data-id=\"19430\" src=\"https:\/\/dioceseteixeiradefreitas.com.br\/wp-content\/uploads\/2023\/02\/IMG_7599-scaled.jpg\" alt=\"\" class=\"wp-image-19430\" srcset=\"https:\/\/dioceseteixeiradefreitas.com.br\/wp-content\/uploads\/2023\/02\/IMG_7599-scaled.jpg 2560w, https:\/\/dioceseteixeiradefreitas.com.br\/wp-content\/uploads\/2023\/02\/IMG_7599-300x200.jpg 300w, https:\/\/dioceseteixeiradefreitas.com.br\/wp-content\/uploads\/2023\/02\/IMG_7599-1024x683.jpg 1024w, https:\/\/dioceseteixeiradefreitas.com.br\/wp-content\/uploads\/2023\/02\/IMG_7599-768x512.jpg 768w, https:\/\/dioceseteixeiradefreitas.com.br\/wp-content\/uploads\/2023\/02\/IMG_7599-1536x1024.jpg 1536w, https:\/\/dioceseteixeiradefreitas.com.br\/wp-content\/uploads\/2023\/02\/IMG_7599-2048x1365.jpg 2048w\" sizes=\"auto, (max-width: 2560px) 100vw, 2560px\" \/><\/a><\/figure>\n\n\n\n<figure class=\"wp-block-image size-large\"><a href=\"https:\/\/dioceseteixeiradefreitas.com.br\/wp-content\/uploads\/2023\/02\/IMG_7603-scaled.jpg\"><img loading=\"lazy\" decoding=\"async\" width=\"2560\" height=\"1707\" data-id=\"19431\" src=\"https:\/\/dioceseteixeiradefreitas.com.br\/wp-content\/uploads\/2023\/02\/IMG_7603-scaled.jpg\" alt=\"\" class=\"wp-image-19431\" srcset=\"https:\/\/dioceseteixeiradefreitas.com.br\/wp-content\/uploads\/2023\/02\/IMG_7603-scaled.jpg 2560w, https:\/\/dioceseteixeiradefreitas.com.br\/wp-content\/uploads\/2023\/02\/IMG_7603-300x200.jpg 300w, https:\/\/dioceseteixeiradefreitas.com.br\/wp-content\/uploads\/2023\/02\/IMG_7603-1024x683.jpg 1024w, https:\/\/dioceseteixeiradefreitas.com.br\/wp-content\/uploads\/2023\/02\/IMG_7603-768x512.jpg 768w, https:\/\/dioceseteixeiradefreitas.com.br\/wp-content\/uploads\/2023\/02\/IMG_7603-1536x1024.jpg 1536w, https:\/\/dioceseteixeiradefreitas.com.br\/wp-content\/uploads\/2023\/02\/IMG_7603-2048x1365.jpg 2048w\" sizes=\"auto, (max-width: 2560px) 100vw, 2560px\" \/><\/a><\/figure>\n\n\n\n<figure class=\"wp-block-image size-large\"><a href=\"https:\/\/dioceseteixeiradefreitas.com.br\/wp-content\/uploads\/2023\/02\/IMG_7606-scaled.jpg\"><img loading=\"lazy\" decoding=\"async\" width=\"2560\" height=\"1707\" data-id=\"19432\" src=\"https:\/\/dioceseteixeiradefreitas.com.br\/wp-content\/uploads\/2023\/02\/IMG_7606-scaled.jpg\" alt=\"\" class=\"wp-image-19432\" srcset=\"https:\/\/dioceseteixeiradefreitas.com.br\/wp-content\/uploads\/2023\/02\/IMG_7606-scaled.jpg 2560w, https:\/\/dioceseteixeiradefreitas.com.br\/wp-content\/uploads\/2023\/02\/IMG_7606-300x200.jpg 300w, https:\/\/dioceseteixeiradefreitas.com.br\/wp-content\/uploads\/2023\/02\/IMG_7606-1024x683.jpg 1024w, https:\/\/dioceseteixeiradefreitas.com.br\/wp-content\/uploads\/2023\/02\/IMG_7606-768x512.jpg 768w, https:\/\/dioceseteixeiradefreitas.com.br\/wp-content\/uploads\/2023\/02\/IMG_7606-1536x1024.jpg 1536w, https:\/\/dioceseteixeiradefreitas.com.br\/wp-content\/uploads\/2023\/02\/IMG_7606-2048x1365.jpg 2048w\" sizes=\"auto, (max-width: 2560px) 100vw, 2560px\" \/><\/a><\/figure>\n\n\n\n<figure class=\"wp-block-image size-large\"><a href=\"https:\/\/dioceseteixeiradefreitas.com.br\/wp-content\/uploads\/2023\/02\/IMG_7607-scaled.jpg\"><img loading=\"lazy\" decoding=\"async\" width=\"2560\" height=\"1707\" data-id=\"19433\" src=\"https:\/\/dioceseteixeiradefreitas.com.br\/wp-content\/uploads\/2023\/02\/IMG_7607-scaled.jpg\" alt=\"\" class=\"wp-image-19433\" srcset=\"https:\/\/dioceseteixeiradefreitas.com.br\/wp-content\/uploads\/2023\/02\/IMG_7607-scaled.jpg 2560w, https:\/\/dioceseteixeiradefreitas.com.br\/wp-content\/uploads\/2023\/02\/IMG_7607-300x200.jpg 300w, https:\/\/dioceseteixeiradefreitas.com.br\/wp-content\/uploads\/2023\/02\/IMG_7607-1024x683.jpg 1024w, https:\/\/dioceseteixeiradefreitas.com.br\/wp-content\/uploads\/2023\/02\/IMG_7607-768x512.jpg 768w, https:\/\/dioceseteixeiradefreitas.com.br\/wp-content\/uploads\/2023\/02\/IMG_7607-1536x1024.jpg 1536w, https:\/\/dioceseteixeiradefreitas.com.br\/wp-content\/uploads\/2023\/02\/IMG_7607-2048x1365.jpg 2048w\" sizes=\"auto, (max-width: 2560px) 100vw, 2560px\" \/><\/a><\/figure>\n\n\n\n<figure class=\"wp-block-image size-large\"><a href=\"https:\/\/dioceseteixeiradefreitas.com.br\/wp-content\/uploads\/2023\/02\/IMG_7613-scaled.jpg\"><img loading=\"lazy\" decoding=\"async\" width=\"2560\" height=\"1785\" data-id=\"19434\" src=\"https:\/\/dioceseteixeiradefreitas.com.br\/wp-content\/uploads\/2023\/02\/IMG_7613-scaled.jpg\" alt=\"\" class=\"wp-image-19434\" srcset=\"https:\/\/dioceseteixeiradefreitas.com.br\/wp-content\/uploads\/2023\/02\/IMG_7613-scaled.jpg 2560w, https:\/\/dioceseteixeiradefreitas.com.br\/wp-content\/uploads\/2023\/02\/IMG_7613-300x209.jpg 300w, https:\/\/dioceseteixeiradefreitas.com.br\/wp-content\/uploads\/2023\/02\/IMG_7613-1024x714.jpg 1024w, https:\/\/dioceseteixeiradefreitas.com.br\/wp-content\/uploads\/2023\/02\/IMG_7613-768x535.jpg 768w, https:\/\/dioceseteixeiradefreitas.com.br\/wp-content\/uploads\/2023\/02\/IMG_7613-1536x1071.jpg 1536w, https:\/\/dioceseteixeiradefreitas.com.br\/wp-content\/uploads\/2023\/02\/IMG_7613-2048x1428.jpg 2048w\" sizes=\"auto, (max-width: 2560px) 100vw, 2560px\" \/><\/a><\/figure>\n\n\n\n<figure class=\"wp-block-image size-large\"><a href=\"https:\/\/dioceseteixeiradefreitas.com.br\/wp-content\/uploads\/2023\/02\/IMG_7614-scaled.jpg\"><img loading=\"lazy\" decoding=\"async\" width=\"2560\" height=\"1707\" data-id=\"19435\" src=\"https:\/\/dioceseteixeiradefreitas.com.br\/wp-content\/uploads\/2023\/02\/IMG_7614-scaled.jpg\" alt=\"\" class=\"wp-image-19435\" srcset=\"https:\/\/dioceseteixeiradefreitas.com.br\/wp-content\/uploads\/2023\/02\/IMG_7614-scaled.jpg 2560w, https:\/\/dioceseteixeiradefreitas.com.br\/wp-content\/uploads\/2023\/02\/IMG_7614-300x200.jpg 300w, https:\/\/dioceseteixeiradefreitas.com.br\/wp-content\/uploads\/2023\/02\/IMG_7614-1024x683.jpg 1024w, https:\/\/dioceseteixeiradefreitas.com.br\/wp-content\/uploads\/2023\/02\/IMG_7614-768x512.jpg 768w, https:\/\/dioceseteixeiradefreitas.com.br\/wp-content\/uploads\/2023\/02\/IMG_7614-1536x1024.jpg 1536w, https:\/\/dioceseteixeiradefreitas.com.br\/wp-content\/uploads\/2023\/02\/IMG_7614-2048x1365.jpg 2048w\" sizes=\"auto, (max-width: 2560px) 100vw, 2560px\" \/><\/a><\/figure>\n\n\n\n<figure class=\"wp-block-image size-large\"><a href=\"https:\/\/dioceseteixeiradefreitas.com.br\/wp-content\/uploads\/2023\/02\/IMG_7617-scaled.jpg\"><img loading=\"lazy\" decoding=\"async\" width=\"2560\" height=\"1707\" data-id=\"19436\" src=\"https:\/\/dioceseteixeiradefreitas.com.br\/wp-content\/uploads\/2023\/02\/IMG_7617-scaled.jpg\" alt=\"\" class=\"wp-image-19436\" srcset=\"https:\/\/dioceseteixeiradefreitas.com.br\/wp-content\/uploads\/2023\/02\/IMG_7617-scaled.jpg 2560w, https:\/\/dioceseteixeiradefreitas.com.br\/wp-content\/uploads\/2023\/02\/IMG_7617-300x200.jpg 300w, https:\/\/dioceseteixeiradefreitas.com.br\/wp-content\/uploads\/2023\/02\/IMG_7617-1024x683.jpg 1024w, https:\/\/dioceseteixeiradefreitas.com.br\/wp-content\/uploads\/2023\/02\/IMG_7617-768x512.jpg 768w, https:\/\/dioceseteixeiradefreitas.com.br\/wp-content\/uploads\/2023\/02\/IMG_7617-1536x1024.jpg 1536w, https:\/\/dioceseteixeiradefreitas.com.br\/wp-content\/uploads\/2023\/02\/IMG_7617-2048x1365.jpg 2048w\" sizes=\"auto, (max-width: 2560px) 100vw, 2560px\" \/><\/a><\/figure>\n\n\n\n<figure class=\"wp-block-image size-large\"><a href=\"https:\/\/dioceseteixeiradefreitas.com.br\/wp-content\/uploads\/2023\/02\/IMG_7618-scaled.jpg\"><img loading=\"lazy\" decoding=\"async\" width=\"2560\" height=\"1707\" data-id=\"19437\" src=\"https:\/\/dioceseteixeiradefreitas.com.br\/wp-content\/uploads\/2023\/02\/IMG_7618-scaled.jpg\" alt=\"\" class=\"wp-image-19437\" srcset=\"https:\/\/dioceseteixeiradefreitas.com.br\/wp-content\/uploads\/2023\/02\/IMG_7618-scaled.jpg 2560w, https:\/\/dioceseteixeiradefreitas.com.br\/wp-content\/uploads\/2023\/02\/IMG_7618-300x200.jpg 300w, https:\/\/dioceseteixeiradefreitas.com.br\/wp-content\/uploads\/2023\/02\/IMG_7618-1024x683.jpg 1024w, https:\/\/dioceseteixeiradefreitas.com.br\/wp-content\/uploads\/2023\/02\/IMG_7618-768x512.jpg 768w, https:\/\/dioceseteixeiradefreitas.com.br\/wp-content\/uploads\/2023\/02\/IMG_7618-1536x1024.jpg 1536w, https:\/\/dioceseteixeiradefreitas.com.br\/wp-content\/uploads\/2023\/02\/IMG_7618-2048x1365.jpg 2048w\" sizes=\"auto, (max-width: 2560px) 100vw, 2560px\" \/><\/a><\/figure>\n\n\n\n<figure class=\"wp-block-image size-large\"><a href=\"https:\/\/dioceseteixeiradefreitas.com.br\/wp-content\/uploads\/2023\/02\/IMG_7620-scaled.jpg\"><img loading=\"lazy\" decoding=\"async\" width=\"2560\" height=\"1707\" data-id=\"19438\" src=\"https:\/\/dioceseteixeiradefreitas.com.br\/wp-content\/uploads\/2023\/02\/IMG_7620-scaled.jpg\" alt=\"\" class=\"wp-image-19438\" srcset=\"https:\/\/dioceseteixeiradefreitas.com.br\/wp-content\/uploads\/2023\/02\/IMG_7620-scaled.jpg 2560w, https:\/\/dioceseteixeiradefreitas.com.br\/wp-content\/uploads\/2023\/02\/IMG_7620-300x200.jpg 300w, https:\/\/dioceseteixeiradefreitas.com.br\/wp-content\/uploads\/2023\/02\/IMG_7620-1024x683.jpg 1024w, https:\/\/dioceseteixeiradefreitas.com.br\/wp-content\/uploads\/2023\/02\/IMG_7620-768x512.jpg 768w, https:\/\/dioceseteixeiradefreitas.com.br\/wp-content\/uploads\/2023\/02\/IMG_7620-1536x1024.jpg 1536w, https:\/\/dioceseteixeiradefreitas.com.br\/wp-content\/uploads\/2023\/02\/IMG_7620-2048x1365.jpg 2048w\" sizes=\"auto, (max-width: 2560px) 100vw, 2560px\" \/><\/a><\/figure>\n\n\n\n<figure class=\"wp-block-image size-large\"><a href=\"https:\/\/dioceseteixeiradefreitas.com.br\/wp-content\/uploads\/2023\/02\/IMG_7621-scaled.jpg\"><img loading=\"lazy\" decoding=\"async\" width=\"2560\" height=\"1707\" data-id=\"19439\" src=\"https:\/\/dioceseteixeiradefreitas.com.br\/wp-content\/uploads\/2023\/02\/IMG_7621-scaled.jpg\" alt=\"\" class=\"wp-image-19439\" srcset=\"https:\/\/dioceseteixeiradefreitas.com.br\/wp-content\/uploads\/2023\/02\/IMG_7621-scaled.jpg 2560w, https:\/\/dioceseteixeiradefreitas.com.br\/wp-content\/uploads\/2023\/02\/IMG_7621-300x200.jpg 300w, https:\/\/dioceseteixeiradefreitas.com.br\/wp-content\/uploads\/2023\/02\/IMG_7621-1024x683.jpg 1024w, https:\/\/dioceseteixeiradefreitas.com.br\/wp-content\/uploads\/2023\/02\/IMG_7621-768x512.jpg 768w, https:\/\/dioceseteixeiradefreitas.com.br\/wp-content\/uploads\/2023\/02\/IMG_7621-1536x1024.jpg 1536w, https:\/\/dioceseteixeiradefreitas.com.br\/wp-content\/uploads\/2023\/02\/IMG_7621-2048x1365.jpg 2048w\" sizes=\"auto, (max-width: 2560px) 100vw, 2560px\" \/><\/a><\/figure>\n\n\n\n<figure class=\"wp-block-image size-large\"><a href=\"https:\/\/dioceseteixeiradefreitas.com.br\/wp-content\/uploads\/2023\/02\/IMG_7622-scaled.jpg\"><img loading=\"lazy\" decoding=\"async\" width=\"2560\" height=\"1707\" data-id=\"19440\" src=\"https:\/\/dioceseteixeiradefreitas.com.br\/wp-content\/uploads\/2023\/02\/IMG_7622-scaled.jpg\" alt=\"\" class=\"wp-image-19440\" srcset=\"https:\/\/dioceseteixeiradefreitas.com.br\/wp-content\/uploads\/2023\/02\/IMG_7622-scaled.jpg 2560w, https:\/\/dioceseteixeiradefreitas.com.br\/wp-content\/uploads\/2023\/02\/IMG_7622-300x200.jpg 300w, https:\/\/dioceseteixeiradefreitas.com.br\/wp-content\/uploads\/2023\/02\/IMG_7622-1024x683.jpg 1024w, https:\/\/dioceseteixeiradefreitas.com.br\/wp-content\/uploads\/2023\/02\/IMG_7622-768x512.jpg 768w, https:\/\/dioceseteixeiradefreitas.com.br\/wp-content\/uploads\/2023\/02\/IMG_7622-1536x1024.jpg 1536w, https:\/\/dioceseteixeiradefreitas.com.br\/wp-content\/uploads\/2023\/02\/IMG_7622-2048x1365.jpg 2048w\" sizes=\"auto, (max-width: 2560px) 100vw, 2560px\" \/><\/a><\/figure>\n\n\n\n<figure class=\"wp-block-image size-large\"><a href=\"https:\/\/dioceseteixeiradefreitas.com.br\/wp-content\/uploads\/2023\/02\/IMG_7625-scaled.jpg\"><img loading=\"lazy\" decoding=\"async\" width=\"2560\" height=\"1707\" data-id=\"19441\" src=\"https:\/\/dioceseteixeiradefreitas.com.br\/wp-content\/uploads\/2023\/02\/IMG_7625-scaled.jpg\" alt=\"\" class=\"wp-image-19441\" srcset=\"https:\/\/dioceseteixeiradefreitas.com.br\/wp-content\/uploads\/2023\/02\/IMG_7625-scaled.jpg 2560w, https:\/\/dioceseteixeiradefreitas.com.br\/wp-content\/uploads\/2023\/02\/IMG_7625-300x200.jpg 300w, https:\/\/dioceseteixeiradefreitas.com.br\/wp-content\/uploads\/2023\/02\/IMG_7625-1024x683.jpg 1024w, https:\/\/dioceseteixeiradefreitas.com.br\/wp-content\/uploads\/2023\/02\/IMG_7625-768x512.jpg 768w, https:\/\/dioceseteixeiradefreitas.com.br\/wp-content\/uploads\/2023\/02\/IMG_7625-1536x1024.jpg 1536w, https:\/\/dioceseteixeiradefreitas.com.br\/wp-content\/uploads\/2023\/02\/IMG_7625-2048x1365.jpg 2048w\" sizes=\"auto, (max-width: 2560px) 100vw, 2560px\" \/><\/a><\/figure>\n\n\n\n<figure class=\"wp-block-image size-large\"><a href=\"https:\/\/dioceseteixeiradefreitas.com.br\/wp-content\/uploads\/2023\/02\/IMG_7626-scaled.jpg\"><img loading=\"lazy\" decoding=\"async\" width=\"2560\" height=\"1707\" data-id=\"19442\" src=\"https:\/\/dioceseteixeiradefreitas.com.br\/wp-content\/uploads\/2023\/02\/IMG_7626-scaled.jpg\" alt=\"\" class=\"wp-image-19442\" srcset=\"https:\/\/dioceseteixeiradefreitas.com.br\/wp-content\/uploads\/2023\/02\/IMG_7626-scaled.jpg 2560w, https:\/\/dioceseteixeiradefreitas.com.br\/wp-content\/uploads\/2023\/02\/IMG_7626-300x200.jpg 300w, https:\/\/dioceseteixeiradefreitas.com.br\/wp-content\/uploads\/2023\/02\/IMG_7626-1024x683.jpg 1024w, https:\/\/dioceseteixeiradefreitas.com.br\/wp-content\/uploads\/2023\/02\/IMG_7626-768x512.jpg 768w, https:\/\/dioceseteixeiradefreitas.com.br\/wp-content\/uploads\/2023\/02\/IMG_7626-1536x1024.jpg 1536w, https:\/\/dioceseteixeiradefreitas.com.br\/wp-content\/uploads\/2023\/02\/IMG_7626-2048x1365.jpg 2048w\" sizes=\"auto, (max-width: 2560px) 100vw, 2560px\" \/><\/a><\/figure>\n\n\n\n<figure class=\"wp-block-image size-large\"><a href=\"https:\/\/dioceseteixeiradefreitas.com.br\/wp-content\/uploads\/2023\/02\/IMG_7627-scaled.jpg\"><img loading=\"lazy\" decoding=\"async\" width=\"2560\" height=\"1707\" data-id=\"19443\" src=\"https:\/\/dioceseteixeiradefreitas.com.br\/wp-content\/uploads\/2023\/02\/IMG_7627-scaled.jpg\" alt=\"\" class=\"wp-image-19443\" srcset=\"https:\/\/dioceseteixeiradefreitas.com.br\/wp-content\/uploads\/2023\/02\/IMG_7627-scaled.jpg 2560w, https:\/\/dioceseteixeiradefreitas.com.br\/wp-content\/uploads\/2023\/02\/IMG_7627-300x200.jpg 300w, https:\/\/dioceseteixeiradefreitas.com.br\/wp-content\/uploads\/2023\/02\/IMG_7627-1024x683.jpg 1024w, https:\/\/dioceseteixeiradefreitas.com.br\/wp-content\/uploads\/2023\/02\/IMG_7627-768x512.jpg 768w, https:\/\/dioceseteixeiradefreitas.com.br\/wp-content\/uploads\/2023\/02\/IMG_7627-1536x1024.jpg 1536w, https:\/\/dioceseteixeiradefreitas.com.br\/wp-content\/uploads\/2023\/02\/IMG_7627-2048x1365.jpg 2048w\" sizes=\"auto, (max-width: 2560px) 100vw, 2560px\" \/><\/a><\/figure>\n\n\n\n<figure class=\"wp-block-image size-large\"><a href=\"https:\/\/dioceseteixeiradefreitas.com.br\/wp-content\/uploads\/2023\/02\/IMG_7629-scaled.jpg\"><img loading=\"lazy\" decoding=\"async\" width=\"2560\" height=\"1707\" data-id=\"19444\" src=\"https:\/\/dioceseteixeiradefreitas.com.br\/wp-content\/uploads\/2023\/02\/IMG_7629-scaled.jpg\" alt=\"\" class=\"wp-image-19444\" srcset=\"https:\/\/dioceseteixeiradefreitas.com.br\/wp-content\/uploads\/2023\/02\/IMG_7629-scaled.jpg 2560w, https:\/\/dioceseteixeiradefreitas.com.br\/wp-content\/uploads\/2023\/02\/IMG_7629-300x200.jpg 300w, https:\/\/dioceseteixeiradefreitas.com.br\/wp-content\/uploads\/2023\/02\/IMG_7629-1024x683.jpg 1024w, https:\/\/dioceseteixeiradefreitas.com.br\/wp-content\/uploads\/2023\/02\/IMG_7629-768x512.jpg 768w, https:\/\/dioceseteixeiradefreitas.com.br\/wp-content\/uploads\/2023\/02\/IMG_7629-1536x1024.jpg 1536w, https:\/\/dioceseteixeiradefreitas.com.br\/wp-content\/uploads\/2023\/02\/IMG_7629-2048x1365.jpg 2048w\" sizes=\"auto, (max-width: 2560px) 100vw, 2560px\" \/><\/a><\/figure>\n\n\n\n<figure class=\"wp-block-image size-large\"><a href=\"https:\/\/dioceseteixeiradefreitas.com.br\/wp-content\/uploads\/2023\/02\/IMG_7633-scaled.jpg\"><img loading=\"lazy\" decoding=\"async\" width=\"2560\" height=\"1707\" data-id=\"19445\" src=\"https:\/\/dioceseteixeiradefreitas.com.br\/wp-content\/uploads\/2023\/02\/IMG_7633-scaled.jpg\" alt=\"\" class=\"wp-image-19445\" srcset=\"https:\/\/dioceseteixeiradefreitas.com.br\/wp-content\/uploads\/2023\/02\/IMG_7633-scaled.jpg 2560w, https:\/\/dioceseteixeiradefreitas.com.br\/wp-content\/uploads\/2023\/02\/IMG_7633-300x200.jpg 300w, https:\/\/dioceseteixeiradefreitas.com.br\/wp-content\/uploads\/2023\/02\/IMG_7633-1024x683.jpg 1024w, https:\/\/dioceseteixeiradefreitas.com.br\/wp-content\/uploads\/2023\/02\/IMG_7633-768x512.jpg 768w, https:\/\/dioceseteixeiradefreitas.com.br\/wp-content\/uploads\/2023\/02\/IMG_7633-1536x1024.jpg 1536w, https:\/\/dioceseteixeiradefreitas.com.br\/wp-content\/uploads\/2023\/02\/IMG_7633-2048x1365.jpg 2048w\" sizes=\"auto, (max-width: 2560px) 100vw, 2560px\" \/><\/a><\/figure>\n\n\n\n<figure class=\"wp-block-image size-large\"><a href=\"https:\/\/dioceseteixeiradefreitas.com.br\/wp-content\/uploads\/2023\/02\/IMG_7638-scaled.jpg\"><img loading=\"lazy\" decoding=\"async\" width=\"2560\" height=\"1707\" data-id=\"19446\" src=\"https:\/\/dioceseteixeiradefreitas.com.br\/wp-content\/uploads\/2023\/02\/IMG_7638-scaled.jpg\" alt=\"\" class=\"wp-image-19446\" srcset=\"https:\/\/dioceseteixeiradefreitas.com.br\/wp-content\/uploads\/2023\/02\/IMG_7638-scaled.jpg 2560w, https:\/\/dioceseteixeiradefreitas.com.br\/wp-content\/uploads\/2023\/02\/IMG_7638-300x200.jpg 300w, https:\/\/dioceseteixeiradefreitas.com.br\/wp-content\/uploads\/2023\/02\/IMG_7638-1024x683.jpg 1024w, https:\/\/dioceseteixeiradefreitas.com.br\/wp-content\/uploads\/2023\/02\/IMG_7638-768x512.jpg 768w, https:\/\/dioceseteixeiradefreitas.com.br\/wp-content\/uploads\/2023\/02\/IMG_7638-1536x1024.jpg 1536w, https:\/\/dioceseteixeiradefreitas.com.br\/wp-content\/uploads\/2023\/02\/IMG_7638-2048x1365.jpg 2048w\" sizes=\"auto, (max-width: 2560px) 100vw, 2560px\" \/><\/a><\/figure>\n\n\n\n<figure class=\"wp-block-image size-large\"><a href=\"https:\/\/dioceseteixeiradefreitas.com.br\/wp-content\/uploads\/2023\/02\/IMG_7639-scaled.jpg\"><img loading=\"lazy\" decoding=\"async\" width=\"2560\" height=\"1707\" data-id=\"19447\" src=\"https:\/\/dioceseteixeiradefreitas.com.br\/wp-content\/uploads\/2023\/02\/IMG_7639-scaled.jpg\" alt=\"\" class=\"wp-image-19447\" srcset=\"https:\/\/dioceseteixeiradefreitas.com.br\/wp-content\/uploads\/2023\/02\/IMG_7639-scaled.jpg 2560w, https:\/\/dioceseteixeiradefreitas.com.br\/wp-content\/uploads\/2023\/02\/IMG_7639-300x200.jpg 300w, https:\/\/dioceseteixeiradefreitas.com.br\/wp-content\/uploads\/2023\/02\/IMG_7639-1024x683.jpg 1024w, https:\/\/dioceseteixeiradefreitas.com.br\/wp-content\/uploads\/2023\/02\/IMG_7639-768x512.jpg 768w, https:\/\/dioceseteixeiradefreitas.com.br\/wp-content\/uploads\/2023\/02\/IMG_7639-1536x1024.jpg 1536w, https:\/\/dioceseteixeiradefreitas.com.br\/wp-content\/uploads\/2023\/02\/IMG_7639-2048x1365.jpg 2048w\" sizes=\"auto, (max-width: 2560px) 100vw, 2560px\" \/><\/a><\/figure>\n\n\n\n<figure class=\"wp-block-image size-large\"><a href=\"https:\/\/dioceseteixeiradefreitas.com.br\/wp-content\/uploads\/2023\/02\/IMG_7644-scaled.jpg\"><img loading=\"lazy\" decoding=\"async\" width=\"2560\" height=\"1707\" data-id=\"19448\" src=\"https:\/\/dioceseteixeiradefreitas.com.br\/wp-content\/uploads\/2023\/02\/IMG_7644-scaled.jpg\" alt=\"\" class=\"wp-image-19448\" srcset=\"https:\/\/dioceseteixeiradefreitas.com.br\/wp-content\/uploads\/2023\/02\/IMG_7644-scaled.jpg 2560w, https:\/\/dioceseteixeiradefreitas.com.br\/wp-content\/uploads\/2023\/02\/IMG_7644-300x200.jpg 300w, https:\/\/dioceseteixeiradefreitas.com.br\/wp-content\/uploads\/2023\/02\/IMG_7644-1024x683.jpg 1024w, https:\/\/dioceseteixeiradefreitas.com.br\/wp-content\/uploads\/2023\/02\/IMG_7644-768x512.jpg 768w, https:\/\/dioceseteixeiradefreitas.com.br\/wp-content\/uploads\/2023\/02\/IMG_7644-1536x1024.jpg 1536w, https:\/\/dioceseteixeiradefreitas.com.br\/wp-content\/uploads\/2023\/02\/IMG_7644-2048x1365.jpg 2048w\" sizes=\"auto, (max-width: 2560px) 100vw, 2560px\" \/><\/a><\/figure>\n\n\n\n<figure class=\"wp-block-image size-large\"><a href=\"https:\/\/dioceseteixeiradefreitas.com.br\/wp-content\/uploads\/2023\/02\/IMG_7645-scaled.jpg\"><img loading=\"lazy\" decoding=\"async\" width=\"2560\" height=\"1707\" data-id=\"19449\" src=\"https:\/\/dioceseteixeiradefreitas.com.br\/wp-content\/uploads\/2023\/02\/IMG_7645-scaled.jpg\" alt=\"\" class=\"wp-image-19449\" srcset=\"https:\/\/dioceseteixeiradefreitas.com.br\/wp-content\/uploads\/2023\/02\/IMG_7645-scaled.jpg 2560w, https:\/\/dioceseteixeiradefreitas.com.br\/wp-content\/uploads\/2023\/02\/IMG_7645-300x200.jpg 300w, https:\/\/dioceseteixeiradefreitas.com.br\/wp-content\/uploads\/2023\/02\/IMG_7645-1024x683.jpg 1024w, https:\/\/dioceseteixeiradefreitas.com.br\/wp-content\/uploads\/2023\/02\/IMG_7645-768x512.jpg 768w, https:\/\/dioceseteixeiradefreitas.com.br\/wp-content\/uploads\/2023\/02\/IMG_7645-1536x1024.jpg 1536w, https:\/\/dioceseteixeiradefreitas.com.br\/wp-content\/uploads\/2023\/02\/IMG_7645-2048x1365.jpg 2048w\" sizes=\"auto, (max-width: 2560px) 100vw, 2560px\" \/><\/a><\/figure>\n\n\n\n<figure class=\"wp-block-image size-large\"><a href=\"https:\/\/dioceseteixeiradefreitas.com.br\/wp-content\/uploads\/2023\/02\/IMG_7649-scaled.jpg\"><img loading=\"lazy\" decoding=\"async\" width=\"2560\" height=\"1707\" data-id=\"19450\" src=\"https:\/\/dioceseteixeiradefreitas.com.br\/wp-content\/uploads\/2023\/02\/IMG_7649-scaled.jpg\" alt=\"\" class=\"wp-image-19450\" srcset=\"https:\/\/dioceseteixeiradefreitas.com.br\/wp-content\/uploads\/2023\/02\/IMG_7649-scaled.jpg 2560w, https:\/\/dioceseteixeiradefreitas.com.br\/wp-content\/uploads\/2023\/02\/IMG_7649-300x200.jpg 300w, https:\/\/dioceseteixeiradefreitas.com.br\/wp-content\/uploads\/2023\/02\/IMG_7649-1024x683.jpg 1024w, https:\/\/dioceseteixeiradefreitas.com.br\/wp-content\/uploads\/2023\/02\/IMG_7649-768x512.jpg 768w, https:\/\/dioceseteixeiradefreitas.com.br\/wp-content\/uploads\/2023\/02\/IMG_7649-1536x1024.jpg 1536w, https:\/\/dioceseteixeiradefreitas.com.br\/wp-content\/uploads\/2023\/02\/IMG_7649-2048x1365.jpg 2048w\" sizes=\"auto, (max-width: 2560px) 100vw, 2560px\" \/><\/a><\/figure>\n\n\n\n<figure class=\"wp-block-image size-large\"><a href=\"https:\/\/dioceseteixeiradefreitas.com.br\/wp-content\/uploads\/2023\/02\/IMG_7654-scaled.jpg\"><img loading=\"lazy\" decoding=\"async\" width=\"2560\" height=\"1707\" data-id=\"19451\" src=\"https:\/\/dioceseteixeiradefreitas.com.br\/wp-content\/uploads\/2023\/02\/IMG_7654-scaled.jpg\" alt=\"\" class=\"wp-image-19451\" srcset=\"https:\/\/dioceseteixeiradefreitas.com.br\/wp-content\/uploads\/2023\/02\/IMG_7654-scaled.jpg 2560w, https:\/\/dioceseteixeiradefreitas.com.br\/wp-content\/uploads\/2023\/02\/IMG_7654-300x200.jpg 300w, https:\/\/dioceseteixeiradefreitas.com.br\/wp-content\/uploads\/2023\/02\/IMG_7654-1024x683.jpg 1024w, https:\/\/dioceseteixeiradefreitas.com.br\/wp-content\/uploads\/2023\/02\/IMG_7654-768x512.jpg 768w, https:\/\/dioceseteixeiradefreitas.com.br\/wp-content\/uploads\/2023\/02\/IMG_7654-1536x1024.jpg 1536w, https:\/\/dioceseteixeiradefreitas.com.br\/wp-content\/uploads\/2023\/02\/IMG_7654-2048x1365.jpg 2048w\" sizes=\"auto, (max-width: 2560px) 100vw, 2560px\" \/><\/a><\/figure>\n\n\n\n<figure class=\"wp-block-image size-large\"><a href=\"https:\/\/dioceseteixeiradefreitas.com.br\/wp-content\/uploads\/2023\/02\/IMG_7656-scaled.jpg\"><img loading=\"lazy\" decoding=\"async\" width=\"2560\" height=\"1707\" data-id=\"19452\" src=\"https:\/\/dioceseteixeiradefreitas.com.br\/wp-content\/uploads\/2023\/02\/IMG_7656-scaled.jpg\" alt=\"\" class=\"wp-image-19452\" srcset=\"https:\/\/dioceseteixeiradefreitas.com.br\/wp-content\/uploads\/2023\/02\/IMG_7656-scaled.jpg 2560w, https:\/\/dioceseteixeiradefreitas.com.br\/wp-content\/uploads\/2023\/02\/IMG_7656-300x200.jpg 300w, https:\/\/dioceseteixeiradefreitas.com.br\/wp-content\/uploads\/2023\/02\/IMG_7656-1024x683.jpg 1024w, https:\/\/dioceseteixeiradefreitas.com.br\/wp-content\/uploads\/2023\/02\/IMG_7656-768x512.jpg 768w, https:\/\/dioceseteixeiradefreitas.com.br\/wp-content\/uploads\/2023\/02\/IMG_7656-1536x1024.jpg 1536w, https:\/\/dioceseteixeiradefreitas.com.br\/wp-content\/uploads\/2023\/02\/IMG_7656-2048x1365.jpg 2048w\" sizes=\"auto, (max-width: 2560px) 100vw, 2560px\" \/><\/a><\/figure>\n\n\n\n<figure class=\"wp-block-image size-large\"><a href=\"https:\/\/dioceseteixeiradefreitas.com.br\/wp-content\/uploads\/2023\/02\/IMG_7660-scaled.jpg\"><img loading=\"lazy\" decoding=\"async\" width=\"2560\" height=\"1707\" data-id=\"19453\" src=\"https:\/\/dioceseteixeiradefreitas.com.br\/wp-content\/uploads\/2023\/02\/IMG_7660-scaled.jpg\" alt=\"\" class=\"wp-image-19453\" srcset=\"https:\/\/dioceseteixeiradefreitas.com.br\/wp-content\/uploads\/2023\/02\/IMG_7660-scaled.jpg 2560w, https:\/\/dioceseteixeiradefreitas.com.br\/wp-content\/uploads\/2023\/02\/IMG_7660-300x200.jpg 300w, https:\/\/dioceseteixeiradefreitas.com.br\/wp-content\/uploads\/2023\/02\/IMG_7660-1024x683.jpg 1024w, https:\/\/dioceseteixeiradefreitas.com.br\/wp-content\/uploads\/2023\/02\/IMG_7660-768x512.jpg 768w, https:\/\/dioceseteixeiradefreitas.com.br\/wp-content\/uploads\/2023\/02\/IMG_7660-1536x1024.jpg 1536w, https:\/\/dioceseteixeiradefreitas.com.br\/wp-content\/uploads\/2023\/02\/IMG_7660-2048x1365.jpg 2048w\" sizes=\"auto, (max-width: 2560px) 100vw, 2560px\" \/><\/a><\/figure>\n\n\n\n<figure class=\"wp-block-image size-large\"><a href=\"https:\/\/dioceseteixeiradefreitas.com.br\/wp-content\/uploads\/2023\/02\/IMG_7667-scaled.jpg\"><img loading=\"lazy\" decoding=\"async\" width=\"2560\" height=\"1707\" data-id=\"19454\" src=\"https:\/\/dioceseteixeiradefreitas.com.br\/wp-content\/uploads\/2023\/02\/IMG_7667-scaled.jpg\" alt=\"\" class=\"wp-image-19454\" srcset=\"https:\/\/dioceseteixeiradefreitas.com.br\/wp-content\/uploads\/2023\/02\/IMG_7667-scaled.jpg 2560w, https:\/\/dioceseteixeiradefreitas.com.br\/wp-content\/uploads\/2023\/02\/IMG_7667-300x200.jpg 300w, https:\/\/dioceseteixeiradefreitas.com.br\/wp-content\/uploads\/2023\/02\/IMG_7667-1024x683.jpg 1024w, https:\/\/dioceseteixeiradefreitas.com.br\/wp-content\/uploads\/2023\/02\/IMG_7667-768x512.jpg 768w, https:\/\/dioceseteixeiradefreitas.com.br\/wp-content\/uploads\/2023\/02\/IMG_7667-1536x1024.jpg 1536w, https:\/\/dioceseteixeiradefreitas.com.br\/wp-content\/uploads\/2023\/02\/IMG_7667-2048x1365.jpg 2048w\" sizes=\"auto, (max-width: 2560px) 100vw, 2560px\" \/><\/a><\/figure>\n\n\n\n<figure class=\"wp-block-image size-large\"><a href=\"https:\/\/dioceseteixeiradefreitas.com.br\/wp-content\/uploads\/2023\/02\/IMG_7668-scaled.jpg\"><img loading=\"lazy\" decoding=\"async\" width=\"2560\" height=\"1707\" data-id=\"19455\" src=\"https:\/\/dioceseteixeiradefreitas.com.br\/wp-content\/uploads\/2023\/02\/IMG_7668-scaled.jpg\" alt=\"\" class=\"wp-image-19455\" srcset=\"https:\/\/dioceseteixeiradefreitas.com.br\/wp-content\/uploads\/2023\/02\/IMG_7668-scaled.jpg 2560w, https:\/\/dioceseteixeiradefreitas.com.br\/wp-content\/uploads\/2023\/02\/IMG_7668-300x200.jpg 300w, https:\/\/dioceseteixeiradefreitas.com.br\/wp-content\/uploads\/2023\/02\/IMG_7668-1024x683.jpg 1024w, https:\/\/dioceseteixeiradefreitas.com.br\/wp-content\/uploads\/2023\/02\/IMG_7668-768x512.jpg 768w, https:\/\/dioceseteixeiradefreitas.com.br\/wp-content\/uploads\/2023\/02\/IMG_7668-1536x1024.jpg 1536w, https:\/\/dioceseteixeiradefreitas.com.br\/wp-content\/uploads\/2023\/02\/IMG_7668-2048x1365.jpg 2048w\" sizes=\"auto, (max-width: 2560px) 100vw, 2560px\" \/><\/a><\/figure>\n\n\n\n<figure class=\"wp-block-image size-large\"><a href=\"https:\/\/dioceseteixeiradefreitas.com.br\/wp-content\/uploads\/2023\/02\/IMG_7677-scaled.jpg\"><img loading=\"lazy\" decoding=\"async\" width=\"2560\" height=\"1707\" data-id=\"19456\" src=\"https:\/\/dioceseteixeiradefreitas.com.br\/wp-content\/uploads\/2023\/02\/IMG_7677-scaled.jpg\" alt=\"\" class=\"wp-image-19456\" srcset=\"https:\/\/dioceseteixeiradefreitas.com.br\/wp-content\/uploads\/2023\/02\/IMG_7677-scaled.jpg 2560w, https:\/\/dioceseteixeiradefreitas.com.br\/wp-content\/uploads\/2023\/02\/IMG_7677-300x200.jpg 300w, https:\/\/dioceseteixeiradefreitas.com.br\/wp-content\/uploads\/2023\/02\/IMG_7677-1024x683.jpg 1024w, https:\/\/dioceseteixeiradefreitas.com.br\/wp-content\/uploads\/2023\/02\/IMG_7677-768x512.jpg 768w, https:\/\/dioceseteixeiradefreitas.com.br\/wp-content\/uploads\/2023\/02\/IMG_7677-1536x1024.jpg 1536w, https:\/\/dioceseteixeiradefreitas.com.br\/wp-content\/uploads\/2023\/02\/IMG_7677-2048x1365.jpg 2048w\" sizes=\"auto, (max-width: 2560px) 100vw, 2560px\" \/><\/a><\/figure>\n\n\n\n<figure class=\"wp-block-image size-large\"><a href=\"https:\/\/dioceseteixeiradefreitas.com.br\/wp-content\/uploads\/2023\/02\/IMG_7679-scaled.jpg\"><img loading=\"lazy\" decoding=\"async\" width=\"2560\" height=\"1707\" data-id=\"19457\" src=\"https:\/\/dioceseteixeiradefreitas.com.br\/wp-content\/uploads\/2023\/02\/IMG_7679-scaled.jpg\" alt=\"\" class=\"wp-image-19457\" srcset=\"https:\/\/dioceseteixeiradefreitas.com.br\/wp-content\/uploads\/2023\/02\/IMG_7679-scaled.jpg 2560w, https:\/\/dioceseteixeiradefreitas.com.br\/wp-content\/uploads\/2023\/02\/IMG_7679-300x200.jpg 300w, https:\/\/dioceseteixeiradefreitas.com.br\/wp-content\/uploads\/2023\/02\/IMG_7679-1024x683.jpg 1024w, https:\/\/dioceseteixeiradefreitas.com.br\/wp-content\/uploads\/2023\/02\/IMG_7679-768x512.jpg 768w, https:\/\/dioceseteixeiradefreitas.com.br\/wp-content\/uploads\/2023\/02\/IMG_7679-1536x1024.jpg 1536w, https:\/\/dioceseteixeiradefreitas.com.br\/wp-content\/uploads\/2023\/02\/IMG_7679-2048x1365.jpg 2048w\" sizes=\"auto, (max-width: 2560px) 100vw, 2560px\" \/><\/a><\/figure>\n\n\n\n<figure class=\"wp-block-image size-large\"><a href=\"https:\/\/dioceseteixeiradefreitas.com.br\/wp-content\/uploads\/2023\/02\/IMG_7681-scaled.jpg\"><img loading=\"lazy\" decoding=\"async\" width=\"2560\" height=\"1707\" data-id=\"19458\" src=\"https:\/\/dioceseteixeiradefreitas.com.br\/wp-content\/uploads\/2023\/02\/IMG_7681-scaled.jpg\" alt=\"\" class=\"wp-image-19458\" srcset=\"https:\/\/dioceseteixeiradefreitas.com.br\/wp-content\/uploads\/2023\/02\/IMG_7681-scaled.jpg 2560w, https:\/\/dioceseteixeiradefreitas.com.br\/wp-content\/uploads\/2023\/02\/IMG_7681-300x200.jpg 300w, https:\/\/dioceseteixeiradefreitas.com.br\/wp-content\/uploads\/2023\/02\/IMG_7681-1024x683.jpg 1024w, https:\/\/dioceseteixeiradefreitas.com.br\/wp-content\/uploads\/2023\/02\/IMG_7681-768x512.jpg 768w, https:\/\/dioceseteixeiradefreitas.com.br\/wp-content\/uploads\/2023\/02\/IMG_7681-1536x1024.jpg 1536w, https:\/\/dioceseteixeiradefreitas.com.br\/wp-content\/uploads\/2023\/02\/IMG_7681-2048x1365.jpg 2048w\" sizes=\"auto, (max-width: 2560px) 100vw, 2560px\" \/><\/a><\/figure>\n\n\n\n<figure class=\"wp-block-image size-large\"><a href=\"https:\/\/dioceseteixeiradefreitas.com.br\/wp-content\/uploads\/2023\/02\/IMG_7682-scaled.jpg\"><img loading=\"lazy\" decoding=\"async\" width=\"2560\" height=\"1677\" data-id=\"19459\" src=\"https:\/\/dioceseteixeiradefreitas.com.br\/wp-content\/uploads\/2023\/02\/IMG_7682-scaled.jpg\" alt=\"\" class=\"wp-image-19459\" srcset=\"https:\/\/dioceseteixeiradefreitas.com.br\/wp-content\/uploads\/2023\/02\/IMG_7682-scaled.jpg 2560w, https:\/\/dioceseteixeiradefreitas.com.br\/wp-content\/uploads\/2023\/02\/IMG_7682-300x196.jpg 300w, https:\/\/dioceseteixeiradefreitas.com.br\/wp-content\/uploads\/2023\/02\/IMG_7682-1024x671.jpg 1024w, https:\/\/dioceseteixeiradefreitas.com.br\/wp-content\/uploads\/2023\/02\/IMG_7682-768x503.jpg 768w, https:\/\/dioceseteixeiradefreitas.com.br\/wp-content\/uploads\/2023\/02\/IMG_7682-1536x1006.jpg 1536w, https:\/\/dioceseteixeiradefreitas.com.br\/wp-content\/uploads\/2023\/02\/IMG_7682-2048x1341.jpg 2048w\" sizes=\"auto, (max-width: 2560px) 100vw, 2560px\" \/><\/a><\/figure>\n\n\n\n<figure class=\"wp-block-image size-large\"><a href=\"https:\/\/dioceseteixeiradefreitas.com.br\/wp-content\/uploads\/2023\/02\/IMG_7686-scaled.jpg\"><img loading=\"lazy\" decoding=\"async\" width=\"2560\" height=\"1651\" data-id=\"19460\" src=\"https:\/\/dioceseteixeiradefreitas.com.br\/wp-content\/uploads\/2023\/02\/IMG_7686-scaled.jpg\" alt=\"\" class=\"wp-image-19460\" srcset=\"https:\/\/dioceseteixeiradefreitas.com.br\/wp-content\/uploads\/2023\/02\/IMG_7686-scaled.jpg 2560w, https:\/\/dioceseteixeiradefreitas.com.br\/wp-content\/uploads\/2023\/02\/IMG_7686-300x193.jpg 300w, https:\/\/dioceseteixeiradefreitas.com.br\/wp-content\/uploads\/2023\/02\/IMG_7686-1024x660.jpg 1024w, https:\/\/dioceseteixeiradefreitas.com.br\/wp-content\/uploads\/2023\/02\/IMG_7686-768x495.jpg 768w, https:\/\/dioceseteixeiradefreitas.com.br\/wp-content\/uploads\/2023\/02\/IMG_7686-1536x991.jpg 1536w, https:\/\/dioceseteixeiradefreitas.com.br\/wp-content\/uploads\/2023\/02\/IMG_7686-2048x1321.jpg 2048w\" sizes=\"auto, (max-width: 2560px) 100vw, 2560px\" \/><\/a><\/figure>\n<\/figure>\n","protected":false},"excerpt":{"rendered":"<p>Na \u00faltima segunda-feira, 13 de fevereiro de 2023, aconteceu a celebra\u00e7\u00e3o da Posse Can\u00f4nica do Pe. Met\u00f3dio Macedo Santos como Cura da Catedral S\u00e3o Pedro, e do Pe. Vanderlei Coutinho como vice Cura da Catedral. A Santa Missa, que teve in\u00edcio \u00e0s 19h30, foi presidida por Dom Jailton de Oliveira Lino, psdp, bispo diocesano, concelebrada &hellip;<\/p>\n","protected":false},"author":24,"featured_media":19460,"comment_status":"closed","ping_status":"closed","sticky":false,"template":"","format":"standard","meta":{"footnotes":""},"categories":[100],"tags":[59,1162,451,593],"class_list":["post-19253","post","type-post","status-publish","format-standard","has-post-thumbnail","hentry","category-noticias-diocesanas","tag-catedral-sao-pedro","tag-cura-da-catedral","tag-diocese-de-teixeira-de-freitas-caravelas","tag-pe-metodio-macedo-santos"],"_links":{"self":[{"href":"https:\/\/dioceseteixeiradefreitas.com.br\/index.php?rest_route=\/wp\/v2\/posts\/19253","targetHints":{"allow":["GET"]}}],"collection":[{"href":"https:\/\/dioceseteixeiradefreitas.com.br\/index.php?rest_route=\/wp\/v2\/posts"}],"about":[{"href":"https:\/\/dioceseteixeiradefreitas.com.br\/index.php?rest_route=\/wp\/v2\/types\/post"}],"author":[{"embeddable":true,"href":"https:\/\/dioceseteixeiradefreitas.com.br\/index.php?rest_route=\/wp\/v2\/users\/24"}],"replies":[{"embeddable":true,"href":"https:\/\/dioceseteixeiradefreitas.com.br\/index.php?rest_route=%2Fwp%2Fv2%2Fcomments&post=19253"}],"version-history":[{"count":7,"href":"https:\/\/dioceseteixeiradefreitas.com.br\/index.php?rest_route=\/wp\/v2\/posts\/19253\/revisions"}],"predecessor-version":[{"id":19461,"href":"https:\/\/dioceseteixeiradefreitas.com.br\/index.php?rest_route=\/wp\/v2\/posts\/19253\/revisions\/19461"}],"wp:featuredmedia":[{"embeddable":true,"href":"https:\/\/dioceseteixeiradefreitas.com.br\/index.php?rest_route=\/wp\/v2\/media\/19460"}],"wp:attachment":[{"href":"https:\/\/dioceseteixeiradefreitas.com.br\/index.php?rest_route=%2Fwp%2Fv2%2Fmedia&parent=19253"}],"wp:term":[{"taxonomy":"category","embeddable":true,"href":"https:\/\/dioceseteixeiradefreitas.com.br\/index.php?rest_route=%2Fwp%2Fv2%2Fcategories&post=19253"},{"taxonomy":"post_tag","embeddable":true,"href":"https:\/\/dioceseteixeiradefreitas.com.br\/index.php?rest_route=%2Fwp%2Fv2%2Ftags&post=19253"}],"curies":[{"name":"wp","href":"https:\/\/api.w.org\/{rel}","templated":true}]}}