{"id":19512,"date":"2023-03-08T20:39:23","date_gmt":"2023-03-08T23:39:23","guid":{"rendered":"https:\/\/dioceseteixeiradefreitas.com.br\/?p=19512"},"modified":"2023-03-08T20:39:25","modified_gmt":"2023-03-08T23:39:25","slug":"dia-internacional-da-mulher-um-olhar-criativo-e-um-coracao-terno","status":"publish","type":"post","link":"https:\/\/dioceseteixeiradefreitas.com.br\/?p=19512","title":{"rendered":"Dia Internacional da Mulher: um olhar criativo e um cora\u00e7\u00e3o terno"},"content":{"rendered":"\n<figure class=\"wp-block-image size-large\"><a href=\"https:\/\/dioceseteixeiradefreitas.com.br\/wp-content\/uploads\/2023\/03\/IMG-20230308-WA0043.jpg\"><img loading=\"lazy\" decoding=\"async\" width=\"1024\" height=\"1024\" src=\"https:\/\/dioceseteixeiradefreitas.com.br\/wp-content\/uploads\/2023\/03\/IMG-20230308-WA0043-1024x1024.jpg\" alt=\"\" class=\"wp-image-19516\" srcset=\"https:\/\/dioceseteixeiradefreitas.com.br\/wp-content\/uploads\/2023\/03\/IMG-20230308-WA0043-1024x1024.jpg 1024w, https:\/\/dioceseteixeiradefreitas.com.br\/wp-content\/uploads\/2023\/03\/IMG-20230308-WA0043-300x300.jpg 300w, https:\/\/dioceseteixeiradefreitas.com.br\/wp-content\/uploads\/2023\/03\/IMG-20230308-WA0043-150x150.jpg 150w, https:\/\/dioceseteixeiradefreitas.com.br\/wp-content\/uploads\/2023\/03\/IMG-20230308-WA0043-768x768.jpg 768w, https:\/\/dioceseteixeiradefreitas.com.br\/wp-content\/uploads\/2023\/03\/IMG-20230308-WA0043.jpg 1080w\" sizes=\"auto, (max-width: 1024px) 100vw, 1024px\" \/><\/a><\/figure>\n\n\n\n<p>O Dia Internacional da mulher traz em si um resgate de valores que s\u00e3o essencialmente femininos. Muito al\u00e9m de uma luta de g\u00eaneros, a data comemorativa procura ressaltar caracter\u00edsticas que lhe s\u00e3o particulares. Em sua Audi\u00eancia Geral desta manh\u00e3 o Papa Francisco relembra em sua catequese, de forma especial, a celebra\u00e7\u00e3o de hoje: <\/p>\n\n\n\n<p><\/p>\n\n\n\n<p><em>Neste dia Internacional da mulher, agrade\u00e7o-lhes pelo empenho na constru\u00e7\u00e3o de uma sociedade mais humana, atrav\u00e9s da sua capacidade de perceber a realidade com um olhar criativo e um cora\u00e7\u00e3o terno. Este \u00e9 um privil\u00e9gio apenas das mulheres! Uma b\u00ean\u00e7\u00e3o especial para todas as mulheres presentes na pra\u00e7a. E uma salva de palmas para as mulheres! Elas merecem!\u2019<\/em><\/p>\n\n\n\n<p>De fato, olhar para a mulher neste dia, faz retomar as caracter\u00edsticas divinas que levam \u00e0 afirma\u00e7\u00e3o de que Deus \u00e9 Pai, e tamb\u00e9m \u00e9 M\u00e3e. E pensando \u00e0 maternidade divina, se confirmam estas duas caracter\u00edsticas humanas: a criatividade e a ternura.<\/p>\n\n\n\n<p>A criatividade como dom do Esp\u00edrito, que faz ver com olhar potencialmente confiante a criatura divina, por vezes reduzida aos limites da pr\u00f3pria realidade. Discorrendo ainda sobre o tema da Evangeliza\u00e7\u00e3o, o Papa relembrou a responsabilidade de cada evangelizador e evangelizadora em anunciar com a criatividade que \u00e9 caracter\u00edstica pr\u00f3pria da vida crist\u00e3. Nesta miss\u00e3o, muitas mulheres doam suas vidas no caminho do seguimento de Jesus, iniciado no batismo.<\/p>\n\n\n\n<p>Tamb\u00e9m \u00e0 imagem de Deus que ama a todos os seus filhos com cora\u00e7\u00e3o grande e terno, vemos ressoar nas mulheres o desafio de acolher a humanidade, principalmente os mais pobres e sofredores, com a caracter\u00edstica pr\u00f3pria do cora\u00e7\u00e3o de Deus: sua ternura infinita com a qual abra\u00e7a a todos os seus filhos, e a cada um em particular.<\/p>\n\n\n\n<p>Diante de Nossa Senhora, espelho e modelo de vida crist\u00e3, est\u00e1 refletida a imagem do sonho de Deus para todo ser humano, por isso, de modo especial neste dia, o apelo seja adentrar no espa\u00e7o sagrado do pr\u00f3prio interior com olhos novos, sempre mais inspiradas e inspirados pelo Esp\u00edrito, pela\u00a0<em>Santa Ruah<\/em>, que guia e d\u00e1 dinamismo e feminilidade \u00e0 vida crist\u00e3.<\/p>\n\n\n\n<p><\/p>\n\n\n\n<p>Fonte: <a href=\"https:\/\/www.vaticannews.va\/pt\/papa\/news\/2023-03\/papa-francisco-audiencia-geral-dia-internacional-mulher.html\" target=\"_blank\" rel=\"noreferrer noopener\">https:\/\/www.vaticannews.va\/pt\/papa\/news\/2023-03\/papa-francisco-audiencia-geral-dia-internacional-mulher.html<\/a><\/p>\n","protected":false},"excerpt":{"rendered":"<p>O Dia Internacional da mulher traz em si um resgate de valores que s\u00e3o essencialmente femininos. Muito al\u00e9m de uma luta de g\u00eaneros, a data comemorativa procura ressaltar caracter\u00edsticas que lhe s\u00e3o particulares. Em sua Audi\u00eancia Geral desta manh\u00e3 o Papa Francisco relembra em sua catequese, de forma especial, a celebra\u00e7\u00e3o de hoje: Neste dia &hellip;<\/p>\n","protected":false},"author":24,"featured_media":19516,"comment_status":"closed","ping_status":"closed","sticky":false,"template":"","format":"standard","meta":{"footnotes":""},"categories":[103],"tags":[1169,748,71],"class_list":["post-19512","post","type-post","status-publish","format-standard","has-post-thumbnail","hentry","category-noticias-do-vaticano","tag-audiencia-geral","tag-mulheres","tag-papa-francisco"],"_links":{"self":[{"href":"https:\/\/dioceseteixeiradefreitas.com.br\/index.php?rest_route=\/wp\/v2\/posts\/19512","targetHints":{"allow":["GET"]}}],"collection":[{"href":"https:\/\/dioceseteixeiradefreitas.com.br\/index.php?rest_route=\/wp\/v2\/posts"}],"about":[{"href":"https:\/\/dioceseteixeiradefreitas.com.br\/index.php?rest_route=\/wp\/v2\/types\/post"}],"author":[{"embeddable":true,"href":"https:\/\/dioceseteixeiradefreitas.com.br\/index.php?rest_route=\/wp\/v2\/users\/24"}],"replies":[{"embeddable":true,"href":"https:\/\/dioceseteixeiradefreitas.com.br\/index.php?rest_route=%2Fwp%2Fv2%2Fcomments&post=19512"}],"version-history":[{"count":3,"href":"https:\/\/dioceseteixeiradefreitas.com.br\/index.php?rest_route=\/wp\/v2\/posts\/19512\/revisions"}],"predecessor-version":[{"id":19517,"href":"https:\/\/dioceseteixeiradefreitas.com.br\/index.php?rest_route=\/wp\/v2\/posts\/19512\/revisions\/19517"}],"wp:featuredmedia":[{"embeddable":true,"href":"https:\/\/dioceseteixeiradefreitas.com.br\/index.php?rest_route=\/wp\/v2\/media\/19516"}],"wp:attachment":[{"href":"https:\/\/dioceseteixeiradefreitas.com.br\/index.php?rest_route=%2Fwp%2Fv2%2Fmedia&parent=19512"}],"wp:term":[{"taxonomy":"category","embeddable":true,"href":"https:\/\/dioceseteixeiradefreitas.com.br\/index.php?rest_route=%2Fwp%2Fv2%2Fcategories&post=19512"},{"taxonomy":"post_tag","embeddable":true,"href":"https:\/\/dioceseteixeiradefreitas.com.br\/index.php?rest_route=%2Fwp%2Fv2%2Ftags&post=19512"}],"curies":[{"name":"wp","href":"https:\/\/api.w.org\/{rel}","templated":true}]}}