{"id":19564,"date":"2023-03-25T21:27:12","date_gmt":"2023-03-26T00:27:12","guid":{"rendered":"https:\/\/dioceseteixeiradefreitas.com.br\/?p=19564"},"modified":"2023-03-25T21:29:02","modified_gmt":"2023-03-26T00:29:02","slug":"retiro-dos-coordenadores-dos-mesces","status":"publish","type":"post","link":"https:\/\/dioceseteixeiradefreitas.com.br\/?p=19564","title":{"rendered":"Retiro dos coordenadores dos MESCE&#8217;s"},"content":{"rendered":"\n<p>Aconteceu no dia 12 de Mar\u00e7o de 2023, na Fazenda Cascata, o retiro dos coordenadores Paroquiais dos MESCE&#8217;s de toda Diocese.<\/p>\n\n\n\n<p>A abertura do retiro come\u00e7ou com a ora\u00e7\u00e3o da dezena do ter\u00e7o, conduzido pelo Minist\u00e9rio de M\u00fasica Raio de Luz. Pela manh\u00e3, s programa\u00e7\u00e3o contou tamb\u00e9m com um delicioso caf\u00e9 da manh\u00e3 partilhado, assim como a primeira prega\u00e7\u00e3o, e a celebra\u00e7\u00e3o da Santa Missa.<\/p>\n\n\n\n<p>A prega\u00e7\u00e3o da Irm\u00e3 Anabele com o tema \u201cMesce aonde queres ir com o Senhor?&#8221;, conduziu todos para o deserto com a palavra Jo\u00e3o 1,38 e com  alguns questionamentos para ser meditado.<\/p>\n\n\n\n<p>\u00c0s 10:40 horas come\u00e7ou a Celebra\u00e7\u00e3o da Santa Missa presidida pelo Padre Aldomiro, assessor dos MESCE&#8217;s. Ap\u00f3s a Santa Missa o padre Aldomiro aben\u00e7oou os alimentos e teve um almo\u00e7o ao ar livre, com m\u00fasica.  A segunda prega\u00e7\u00e3o aconteceu na parte da tarde, e foi ministrada pelo Padre  Mathaus. Ap\u00f3s este momento teve um lanche compartilhado. Teve tamb\u00e9m um momento sublime de Adora\u00e7\u00e3o conduzida pelo Padre Paulo C\u00e9sar.  O retiro foi finalizado pela Adriana, Coordenadora Diocesana dos Mesces.<\/p>\n\n\n\n<figure class=\"wp-block-gallery has-nested-images columns-default is-cropped wp-block-gallery-1 is-layout-flex wp-block-gallery-is-layout-flex\">\n<figure class=\"wp-block-image size-large\"><a href=\"https:\/\/dioceseteixeiradefreitas.com.br\/wp-content\/uploads\/2023\/03\/IMG-20230322-WA0040.jpg\"><img loading=\"lazy\" decoding=\"async\" width=\"1024\" height=\"683\" data-id=\"19574\" src=\"https:\/\/dioceseteixeiradefreitas.com.br\/wp-content\/uploads\/2023\/03\/IMG-20230322-WA0040-1024x683.jpg\" alt=\"\" class=\"wp-image-19574\" srcset=\"https:\/\/dioceseteixeiradefreitas.com.br\/wp-content\/uploads\/2023\/03\/IMG-20230322-WA0040-1024x683.jpg 1024w, https:\/\/dioceseteixeiradefreitas.com.br\/wp-content\/uploads\/2023\/03\/IMG-20230322-WA0040-300x200.jpg 300w, https:\/\/dioceseteixeiradefreitas.com.br\/wp-content\/uploads\/2023\/03\/IMG-20230322-WA0040-768x512.jpg 768w, https:\/\/dioceseteixeiradefreitas.com.br\/wp-content\/uploads\/2023\/03\/IMG-20230322-WA0040.jpg 1296w\" sizes=\"auto, (max-width: 1024px) 100vw, 1024px\" \/><\/a><\/figure>\n\n\n\n<figure class=\"wp-block-image size-large\"><a href=\"https:\/\/dioceseteixeiradefreitas.com.br\/wp-content\/uploads\/2023\/03\/IMG-20230322-WA0055.jpg\"><img loading=\"lazy\" decoding=\"async\" width=\"1024\" height=\"683\" data-id=\"19572\" src=\"https:\/\/dioceseteixeiradefreitas.com.br\/wp-content\/uploads\/2023\/03\/IMG-20230322-WA0055-1024x683.jpg\" alt=\"\" class=\"wp-image-19572\" srcset=\"https:\/\/dioceseteixeiradefreitas.com.br\/wp-content\/uploads\/2023\/03\/IMG-20230322-WA0055-1024x683.jpg 1024w, https:\/\/dioceseteixeiradefreitas.com.br\/wp-content\/uploads\/2023\/03\/IMG-20230322-WA0055-300x200.jpg 300w, https:\/\/dioceseteixeiradefreitas.com.br\/wp-content\/uploads\/2023\/03\/IMG-20230322-WA0055-768x512.jpg 768w, https:\/\/dioceseteixeiradefreitas.com.br\/wp-content\/uploads\/2023\/03\/IMG-20230322-WA0055.jpg 1296w\" sizes=\"auto, (max-width: 1024px) 100vw, 1024px\" \/><\/a><\/figure>\n\n\n\n<figure class=\"wp-block-image size-large\"><a href=\"https:\/\/dioceseteixeiradefreitas.com.br\/wp-content\/uploads\/2023\/03\/IMG-20230322-WA0056.jpg\"><img loading=\"lazy\" decoding=\"async\" width=\"1024\" height=\"683\" data-id=\"19567\" src=\"https:\/\/dioceseteixeiradefreitas.com.br\/wp-content\/uploads\/2023\/03\/IMG-20230322-WA0056-1024x683.jpg\" alt=\"\" class=\"wp-image-19567\" srcset=\"https:\/\/dioceseteixeiradefreitas.com.br\/wp-content\/uploads\/2023\/03\/IMG-20230322-WA0056-1024x683.jpg 1024w, https:\/\/dioceseteixeiradefreitas.com.br\/wp-content\/uploads\/2023\/03\/IMG-20230322-WA0056-300x200.jpg 300w, https:\/\/dioceseteixeiradefreitas.com.br\/wp-content\/uploads\/2023\/03\/IMG-20230322-WA0056-768x512.jpg 768w, https:\/\/dioceseteixeiradefreitas.com.br\/wp-content\/uploads\/2023\/03\/IMG-20230322-WA0056.jpg 1296w\" sizes=\"auto, (max-width: 1024px) 100vw, 1024px\" \/><\/a><\/figure>\n\n\n\n<figure class=\"wp-block-image size-large\"><a href=\"https:\/\/dioceseteixeiradefreitas.com.br\/wp-content\/uploads\/2023\/03\/IMG-20230322-WA0052.jpg\"><img loading=\"lazy\" decoding=\"async\" width=\"1024\" height=\"683\" data-id=\"19578\" src=\"https:\/\/dioceseteixeiradefreitas.com.br\/wp-content\/uploads\/2023\/03\/IMG-20230322-WA0052-1024x683.jpg\" alt=\"\" class=\"wp-image-19578\" srcset=\"https:\/\/dioceseteixeiradefreitas.com.br\/wp-content\/uploads\/2023\/03\/IMG-20230322-WA0052-1024x683.jpg 1024w, https:\/\/dioceseteixeiradefreitas.com.br\/wp-content\/uploads\/2023\/03\/IMG-20230322-WA0052-300x200.jpg 300w, https:\/\/dioceseteixeiradefreitas.com.br\/wp-content\/uploads\/2023\/03\/IMG-20230322-WA0052-768x512.jpg 768w, https:\/\/dioceseteixeiradefreitas.com.br\/wp-content\/uploads\/2023\/03\/IMG-20230322-WA0052.jpg 1296w\" sizes=\"auto, (max-width: 1024px) 100vw, 1024px\" \/><\/a><\/figure>\n\n\n\n<figure class=\"wp-block-image size-large\"><a href=\"https:\/\/dioceseteixeiradefreitas.com.br\/wp-content\/uploads\/2023\/03\/IMG-20230322-WA0041.jpg\"><img loading=\"lazy\" decoding=\"async\" width=\"1024\" height=\"683\" data-id=\"19573\" src=\"https:\/\/dioceseteixeiradefreitas.com.br\/wp-content\/uploads\/2023\/03\/IMG-20230322-WA0041-1024x683.jpg\" alt=\"\" class=\"wp-image-19573\" srcset=\"https:\/\/dioceseteixeiradefreitas.com.br\/wp-content\/uploads\/2023\/03\/IMG-20230322-WA0041-1024x683.jpg 1024w, https:\/\/dioceseteixeiradefreitas.com.br\/wp-content\/uploads\/2023\/03\/IMG-20230322-WA0041-300x200.jpg 300w, https:\/\/dioceseteixeiradefreitas.com.br\/wp-content\/uploads\/2023\/03\/IMG-20230322-WA0041-768x512.jpg 768w, https:\/\/dioceseteixeiradefreitas.com.br\/wp-content\/uploads\/2023\/03\/IMG-20230322-WA0041.jpg 1296w\" sizes=\"auto, (max-width: 1024px) 100vw, 1024px\" \/><\/a><\/figure>\n\n\n\n<figure class=\"wp-block-image size-large\"><a href=\"https:\/\/dioceseteixeiradefreitas.com.br\/wp-content\/uploads\/2023\/03\/IMG-20230322-WA0057.jpg\"><img loading=\"lazy\" decoding=\"async\" width=\"1024\" height=\"683\" data-id=\"19568\" src=\"https:\/\/dioceseteixeiradefreitas.com.br\/wp-content\/uploads\/2023\/03\/IMG-20230322-WA0057-1024x683.jpg\" alt=\"\" class=\"wp-image-19568\" srcset=\"https:\/\/dioceseteixeiradefreitas.com.br\/wp-content\/uploads\/2023\/03\/IMG-20230322-WA0057-1024x683.jpg 1024w, https:\/\/dioceseteixeiradefreitas.com.br\/wp-content\/uploads\/2023\/03\/IMG-20230322-WA0057-300x200.jpg 300w, https:\/\/dioceseteixeiradefreitas.com.br\/wp-content\/uploads\/2023\/03\/IMG-20230322-WA0057-768x512.jpg 768w, https:\/\/dioceseteixeiradefreitas.com.br\/wp-content\/uploads\/2023\/03\/IMG-20230322-WA0057.jpg 1296w\" sizes=\"auto, (max-width: 1024px) 100vw, 1024px\" \/><\/a><\/figure>\n\n\n\n<figure class=\"wp-block-image size-large\"><a href=\"https:\/\/dioceseteixeiradefreitas.com.br\/wp-content\/uploads\/2023\/03\/IMG-20230322-WA0038.jpg\"><img loading=\"lazy\" decoding=\"async\" width=\"1024\" height=\"683\" data-id=\"19571\" src=\"https:\/\/dioceseteixeiradefreitas.com.br\/wp-content\/uploads\/2023\/03\/IMG-20230322-WA0038-1024x683.jpg\" alt=\"\" class=\"wp-image-19571\" srcset=\"https:\/\/dioceseteixeiradefreitas.com.br\/wp-content\/uploads\/2023\/03\/IMG-20230322-WA0038-1024x683.jpg 1024w, https:\/\/dioceseteixeiradefreitas.com.br\/wp-content\/uploads\/2023\/03\/IMG-20230322-WA0038-300x200.jpg 300w, https:\/\/dioceseteixeiradefreitas.com.br\/wp-content\/uploads\/2023\/03\/IMG-20230322-WA0038-768x512.jpg 768w, https:\/\/dioceseteixeiradefreitas.com.br\/wp-content\/uploads\/2023\/03\/IMG-20230322-WA0038.jpg 1296w\" sizes=\"auto, (max-width: 1024px) 100vw, 1024px\" \/><\/a><\/figure>\n\n\n\n<figure class=\"wp-block-image size-large\"><a href=\"https:\/\/dioceseteixeiradefreitas.com.br\/wp-content\/uploads\/2023\/03\/IMG-20230322-WA0048.jpg\"><img loading=\"lazy\" decoding=\"async\" width=\"1024\" height=\"683\" data-id=\"19575\" src=\"https:\/\/dioceseteixeiradefreitas.com.br\/wp-content\/uploads\/2023\/03\/IMG-20230322-WA0048-1024x683.jpg\" alt=\"\" class=\"wp-image-19575\" srcset=\"https:\/\/dioceseteixeiradefreitas.com.br\/wp-content\/uploads\/2023\/03\/IMG-20230322-WA0048-1024x683.jpg 1024w, https:\/\/dioceseteixeiradefreitas.com.br\/wp-content\/uploads\/2023\/03\/IMG-20230322-WA0048-300x200.jpg 300w, https:\/\/dioceseteixeiradefreitas.com.br\/wp-content\/uploads\/2023\/03\/IMG-20230322-WA0048-768x512.jpg 768w, https:\/\/dioceseteixeiradefreitas.com.br\/wp-content\/uploads\/2023\/03\/IMG-20230322-WA0048.jpg 1296w\" sizes=\"auto, (max-width: 1024px) 100vw, 1024px\" \/><\/a><\/figure>\n\n\n\n<figure class=\"wp-block-image size-large\"><a href=\"https:\/\/dioceseteixeiradefreitas.com.br\/wp-content\/uploads\/2023\/03\/IMG-20230322-WA0053.jpg\"><img loading=\"lazy\" decoding=\"async\" width=\"1024\" height=\"683\" data-id=\"19570\" src=\"https:\/\/dioceseteixeiradefreitas.com.br\/wp-content\/uploads\/2023\/03\/IMG-20230322-WA0053-1024x683.jpg\" alt=\"\" class=\"wp-image-19570\" srcset=\"https:\/\/dioceseteixeiradefreitas.com.br\/wp-content\/uploads\/2023\/03\/IMG-20230322-WA0053-1024x683.jpg 1024w, https:\/\/dioceseteixeiradefreitas.com.br\/wp-content\/uploads\/2023\/03\/IMG-20230322-WA0053-300x200.jpg 300w, https:\/\/dioceseteixeiradefreitas.com.br\/wp-content\/uploads\/2023\/03\/IMG-20230322-WA0053-768x512.jpg 768w, https:\/\/dioceseteixeiradefreitas.com.br\/wp-content\/uploads\/2023\/03\/IMG-20230322-WA0053.jpg 1296w\" sizes=\"auto, (max-width: 1024px) 100vw, 1024px\" \/><\/a><\/figure>\n\n\n\n<figure class=\"wp-block-image size-large\"><a href=\"https:\/\/dioceseteixeiradefreitas.com.br\/wp-content\/uploads\/2023\/03\/IMG-20230322-WA0049.jpg\"><img loading=\"lazy\" decoding=\"async\" width=\"1024\" height=\"683\" data-id=\"19577\" src=\"https:\/\/dioceseteixeiradefreitas.com.br\/wp-content\/uploads\/2023\/03\/IMG-20230322-WA0049-1024x683.jpg\" alt=\"\" class=\"wp-image-19577\" srcset=\"https:\/\/dioceseteixeiradefreitas.com.br\/wp-content\/uploads\/2023\/03\/IMG-20230322-WA0049-1024x683.jpg 1024w, https:\/\/dioceseteixeiradefreitas.com.br\/wp-content\/uploads\/2023\/03\/IMG-20230322-WA0049-300x200.jpg 300w, https:\/\/dioceseteixeiradefreitas.com.br\/wp-content\/uploads\/2023\/03\/IMG-20230322-WA0049-768x512.jpg 768w, https:\/\/dioceseteixeiradefreitas.com.br\/wp-content\/uploads\/2023\/03\/IMG-20230322-WA0049.jpg 1296w\" sizes=\"auto, (max-width: 1024px) 100vw, 1024px\" \/><\/a><\/figure>\n\n\n\n<figure class=\"wp-block-image size-large\"><a href=\"https:\/\/dioceseteixeiradefreitas.com.br\/wp-content\/uploads\/2023\/03\/IMG-20230322-WA0050.jpg\"><img loading=\"lazy\" decoding=\"async\" width=\"1024\" height=\"683\" data-id=\"19576\" src=\"https:\/\/dioceseteixeiradefreitas.com.br\/wp-content\/uploads\/2023\/03\/IMG-20230322-WA0050-1024x683.jpg\" alt=\"\" class=\"wp-image-19576\" srcset=\"https:\/\/dioceseteixeiradefreitas.com.br\/wp-content\/uploads\/2023\/03\/IMG-20230322-WA0050-1024x683.jpg 1024w, https:\/\/dioceseteixeiradefreitas.com.br\/wp-content\/uploads\/2023\/03\/IMG-20230322-WA0050-300x200.jpg 300w, https:\/\/dioceseteixeiradefreitas.com.br\/wp-content\/uploads\/2023\/03\/IMG-20230322-WA0050-768x512.jpg 768w, https:\/\/dioceseteixeiradefreitas.com.br\/wp-content\/uploads\/2023\/03\/IMG-20230322-WA0050.jpg 1296w\" sizes=\"auto, (max-width: 1024px) 100vw, 1024px\" \/><\/a><\/figure>\n\n\n\n<figure class=\"wp-block-image size-large\"><a href=\"https:\/\/dioceseteixeiradefreitas.com.br\/wp-content\/uploads\/2023\/03\/IMG-20230322-WA0044.jpg\"><img loading=\"lazy\" decoding=\"async\" width=\"1024\" height=\"683\" data-id=\"19579\" src=\"https:\/\/dioceseteixeiradefreitas.com.br\/wp-content\/uploads\/2023\/03\/IMG-20230322-WA0044-1024x683.jpg\" alt=\"\" class=\"wp-image-19579\" srcset=\"https:\/\/dioceseteixeiradefreitas.com.br\/wp-content\/uploads\/2023\/03\/IMG-20230322-WA0044-1024x683.jpg 1024w, https:\/\/dioceseteixeiradefreitas.com.br\/wp-content\/uploads\/2023\/03\/IMG-20230322-WA0044-300x200.jpg 300w, https:\/\/dioceseteixeiradefreitas.com.br\/wp-content\/uploads\/2023\/03\/IMG-20230322-WA0044-768x512.jpg 768w, https:\/\/dioceseteixeiradefreitas.com.br\/wp-content\/uploads\/2023\/03\/IMG-20230322-WA0044.jpg 1296w\" sizes=\"auto, (max-width: 1024px) 100vw, 1024px\" \/><\/a><\/figure>\n<\/figure>\n\n\n\n<p>Fotos e Texto: Coordena\u00e7\u00e3o Diocesana dos MESCE&#8217;S.<\/p>\n","protected":false},"excerpt":{"rendered":"<p>Aconteceu no dia 12 de Mar\u00e7o de 2023, na Fazenda Cascata, o retiro dos coordenadores Paroquiais dos MESCE&#8217;s de toda Diocese. A abertura do retiro come\u00e7ou com a ora\u00e7\u00e3o da dezena do ter\u00e7o, conduzido pelo Minist\u00e9rio de M\u00fasica Raio de Luz. Pela manh\u00e3, s programa\u00e7\u00e3o contou tamb\u00e9m com um delicioso caf\u00e9 da manh\u00e3 partilhado, assim &hellip;<\/p>\n","protected":false},"author":24,"featured_media":19573,"comment_status":"closed","ping_status":"closed","sticky":false,"template":"","format":"standard","meta":{"footnotes":""},"categories":[100],"tags":[1128,588],"class_list":["post-19564","post","type-post","status-publish","format-standard","has-post-thumbnail","hentry","category-noticias-diocesanas","tag-mesce","tag-retiro"],"_links":{"self":[{"href":"https:\/\/dioceseteixeiradefreitas.com.br\/index.php?rest_route=\/wp\/v2\/posts\/19564","targetHints":{"allow":["GET"]}}],"collection":[{"href":"https:\/\/dioceseteixeiradefreitas.com.br\/index.php?rest_route=\/wp\/v2\/posts"}],"about":[{"href":"https:\/\/dioceseteixeiradefreitas.com.br\/index.php?rest_route=\/wp\/v2\/types\/post"}],"author":[{"embeddable":true,"href":"https:\/\/dioceseteixeiradefreitas.com.br\/index.php?rest_route=\/wp\/v2\/users\/24"}],"replies":[{"embeddable":true,"href":"https:\/\/dioceseteixeiradefreitas.com.br\/index.php?rest_route=%2Fwp%2Fv2%2Fcomments&post=19564"}],"version-history":[{"count":4,"href":"https:\/\/dioceseteixeiradefreitas.com.br\/index.php?rest_route=\/wp\/v2\/posts\/19564\/revisions"}],"predecessor-version":[{"id":19580,"href":"https:\/\/dioceseteixeiradefreitas.com.br\/index.php?rest_route=\/wp\/v2\/posts\/19564\/revisions\/19580"}],"wp:featuredmedia":[{"embeddable":true,"href":"https:\/\/dioceseteixeiradefreitas.com.br\/index.php?rest_route=\/wp\/v2\/media\/19573"}],"wp:attachment":[{"href":"https:\/\/dioceseteixeiradefreitas.com.br\/index.php?rest_route=%2Fwp%2Fv2%2Fmedia&parent=19564"}],"wp:term":[{"taxonomy":"category","embeddable":true,"href":"https:\/\/dioceseteixeiradefreitas.com.br\/index.php?rest_route=%2Fwp%2Fv2%2Fcategories&post=19564"},{"taxonomy":"post_tag","embeddable":true,"href":"https:\/\/dioceseteixeiradefreitas.com.br\/index.php?rest_route=%2Fwp%2Fv2%2Ftags&post=19564"}],"curies":[{"name":"wp","href":"https:\/\/api.w.org\/{rel}","templated":true}]}}