{"id":19605,"date":"2023-03-30T21:08:42","date_gmt":"2023-03-31T00:08:42","guid":{"rendered":"https:\/\/dioceseteixeiradefreitas.com.br\/?p=19605"},"modified":"2023-03-30T21:08:43","modified_gmt":"2023-03-31T00:08:43","slug":"em-nota-de-solidariedade-cnbb-conclama-a-igreja-no-brasil-a-oracao-pela-saude-do-santo-padre","status":"publish","type":"post","link":"https:\/\/dioceseteixeiradefreitas.com.br\/?p=19605","title":{"rendered":"EM NOTA DE SOLIDARIEDADE, CNBB CONCLAMA A IGREJA NO BRASIL \u00c0 ORA\u00c7\u00c3O PELA SA\u00daDE DO SANTO PADRE"},"content":{"rendered":"\n<figure class=\"wp-block-image size-full\"><a href=\"https:\/\/dioceseteixeiradefreitas.com.br\/wp-content\/uploads\/2023\/03\/Destaque-5-1024x542-1.png\"><img loading=\"lazy\" decoding=\"async\" width=\"1024\" height=\"542\" src=\"https:\/\/dioceseteixeiradefreitas.com.br\/wp-content\/uploads\/2023\/03\/Destaque-5-1024x542-1.png\" alt=\"\" class=\"wp-image-19606\" srcset=\"https:\/\/dioceseteixeiradefreitas.com.br\/wp-content\/uploads\/2023\/03\/Destaque-5-1024x542-1.png 1024w, https:\/\/dioceseteixeiradefreitas.com.br\/wp-content\/uploads\/2023\/03\/Destaque-5-1024x542-1-300x159.png 300w, https:\/\/dioceseteixeiradefreitas.com.br\/wp-content\/uploads\/2023\/03\/Destaque-5-1024x542-1-768x407.png 768w\" sizes=\"auto, (max-width: 1024px) 100vw, 1024px\" \/><\/a><\/figure>\n\n\n\n<p>A Confer\u00eancia Nacional dos Bispos do Brasil (CNBB) pediu, por meio de sua presid\u00eancia, ao episcopado brasileiro e a toda a Igreja no Brasil, nesta quarta-feira, 29, ora\u00e7\u00e3o pela sa\u00fade do Papa Francisco. O Santo Padre foi hospitalizado, na quarta-feira, 29, em Roma em raz\u00e3o de uma infec\u00e7\u00e3o respirat\u00f3ria.<\/p>\n\n\n\n<p>\u201cA Confer\u00eancia Nacional dos Bispos do Brasil se une a todas as pessoas que, nestes dias, se encontram em ora\u00e7\u00e3o pela sa\u00fade do Papa Francisco. Que a Virgem M\u00e3e Aparecida interceda junto ao Bom Deus para que fortale\u00e7a sempre mais o Santo Padre na condu\u00e7\u00e3o da Igreja\u201d, diz a Nota de Solidariedade emitida pela CNBB.<\/p>\n\n\n\n<p>Conhe\u00e7a a \u00edntegra do documento abaixo e,\u00a0<a href=\"https:\/\/www.cnbb.org.br\/wp-content\/uploads\/2023\/03\/0101-Nota-de-solidariedade-ao-Santo-Padre-Francisco-por-ocasiao-de-sua-internacao-hospitalar.pdf\" target=\"_blank\" rel=\"noreferrer noopener\">aqui<\/a>, a vers\u00e3o em PDF.<\/p>\n\n\n\n<blockquote class=\"wp-block-quote has-text-align-left is-layout-flow wp-block-quote-is-layout-flow\"><p>Rezemos pela sa\u00fade do Santo Padre<span style=\"font-size: revert; color: initial;\"><\/span><\/p><p>A Confer\u00eancia Nacional dos Bispos do Brasil se une a todas as pessoas que, nestes dias, se encontram em ora\u00e7\u00e3o pela sa\u00fade do Papa Francisco. Que a Virgem M\u00e3e Aparecida interceda junto ao Bom Deus para que fortale\u00e7a sempre mais o Santo Padre na condu\u00e7\u00e3o da Igreja.<\/p><p>Bras\u00edlia-DF, 29 de mar\u00e7o de 2023<\/p><p><\/p><p><strong>Dom Walmor Oliveira de Azevedo<\/strong><\/p><p>Arcebispo de Belo Horizonte<\/p><p>Presidente da CNBB<\/p><p><strong>Dom Jaime Spengler<\/strong><\/p><p>Arcebispo de Porto Alegre<\/p><p>1\u00ba Vice-Presidente<\/p><p><strong>Dom M\u00e1rio Ant\u00f4nio da Silva<\/strong><\/p><p>Arcebispo de Cuiab\u00e1<\/p><p>2\u00ba Vice-Presidente<\/p><p><strong>Dom Joel Portella Amado<\/strong><\/p><p>Bispo auxiliar de S. Sebasti\u00e3o do Rio de Janeiro<\/p><p>Secret\u00e1rio-Geral<\/p><\/blockquote>\n\n\n\n<p>Fonte: <a href=\"https:\/\/www.cnbb.org.br\/cnbb-conclama-a-igreja-no-brasil-a-oracao-pela-saude-do-santo-padre\/\" target=\"_blank\" rel=\"noreferrer noopener\">https:\/\/www.cnbb.org.br\/cnbb-conclama-a-igreja-no-brasil-a-oracao-pela-saude-do-santo-padre\/<\/a><\/p>\n","protected":false},"excerpt":{"rendered":"<p>A Confer\u00eancia Nacional dos Bispos do Brasil (CNBB) pediu, por meio de sua presid\u00eancia, ao episcopado brasileiro e a toda a Igreja no Brasil, nesta quarta-feira, 29, ora\u00e7\u00e3o pela sa\u00fade do Papa Francisco. O Santo Padre foi hospitalizado, na quarta-feira, 29, em Roma em raz\u00e3o de uma infec\u00e7\u00e3o respirat\u00f3ria. \u201cA Confer\u00eancia Nacional dos Bispos do &hellip;<\/p>\n","protected":false},"author":24,"featured_media":19606,"comment_status":"closed","ping_status":"closed","sticky":false,"template":"","format":"standard","meta":{"footnotes":""},"categories":[103],"tags":[71,1175],"class_list":["post-19605","post","type-post","status-publish","format-standard","has-post-thumbnail","hentry","category-noticias-do-vaticano","tag-papa-francisco","tag-santo-padre"],"_links":{"self":[{"href":"https:\/\/dioceseteixeiradefreitas.com.br\/index.php?rest_route=\/wp\/v2\/posts\/19605","targetHints":{"allow":["GET"]}}],"collection":[{"href":"https:\/\/dioceseteixeiradefreitas.com.br\/index.php?rest_route=\/wp\/v2\/posts"}],"about":[{"href":"https:\/\/dioceseteixeiradefreitas.com.br\/index.php?rest_route=\/wp\/v2\/types\/post"}],"author":[{"embeddable":true,"href":"https:\/\/dioceseteixeiradefreitas.com.br\/index.php?rest_route=\/wp\/v2\/users\/24"}],"replies":[{"embeddable":true,"href":"https:\/\/dioceseteixeiradefreitas.com.br\/index.php?rest_route=%2Fwp%2Fv2%2Fcomments&post=19605"}],"version-history":[{"count":1,"href":"https:\/\/dioceseteixeiradefreitas.com.br\/index.php?rest_route=\/wp\/v2\/posts\/19605\/revisions"}],"predecessor-version":[{"id":19607,"href":"https:\/\/dioceseteixeiradefreitas.com.br\/index.php?rest_route=\/wp\/v2\/posts\/19605\/revisions\/19607"}],"wp:featuredmedia":[{"embeddable":true,"href":"https:\/\/dioceseteixeiradefreitas.com.br\/index.php?rest_route=\/wp\/v2\/media\/19606"}],"wp:attachment":[{"href":"https:\/\/dioceseteixeiradefreitas.com.br\/index.php?rest_route=%2Fwp%2Fv2%2Fmedia&parent=19605"}],"wp:term":[{"taxonomy":"category","embeddable":true,"href":"https:\/\/dioceseteixeiradefreitas.com.br\/index.php?rest_route=%2Fwp%2Fv2%2Fcategories&post=19605"},{"taxonomy":"post_tag","embeddable":true,"href":"https:\/\/dioceseteixeiradefreitas.com.br\/index.php?rest_route=%2Fwp%2Fv2%2Ftags&post=19605"}],"curies":[{"name":"wp","href":"https:\/\/api.w.org\/{rel}","templated":true}]}}