{"id":19608,"date":"2023-04-01T19:25:13","date_gmt":"2023-04-01T22:25:13","guid":{"rendered":"https:\/\/dioceseteixeiradefreitas.com.br\/?p=19608"},"modified":"2023-04-01T19:25:15","modified_gmt":"2023-04-01T22:25:15","slug":"dom-jailton-realiza-reuniao-na-comunidade-de-argolo","status":"publish","type":"post","link":"https:\/\/dioceseteixeiradefreitas.com.br\/?p=19608","title":{"rendered":"Dom Jailton realiza reuni\u00e3o na Comunidade de Argolo"},"content":{"rendered":"\n<p>No \u00faltimo dia 28 de mar\u00e7o, ter\u00e7a-feira, na Capela de Nossa Senhora da Soledade, em Argolo, comunidade atendida pela Par\u00f3quia S\u00e3o Benedito em Posto da Mata, aconteceu uma importante reuni\u00e3o cujo objetivo consistiu em expor e tratar acerca do projeto de uma nova \u00e1rea pastoral ou quase-par\u00f3quia, tendo por matriz aquela comunidade, abrangendo ainda capelas das Par\u00f3quias vizinhas de S\u00e3o Jos\u00e9 Oper\u00e1rio (Itabatan), Senhor Bom Jesus (Ibirapu\u00e3) e da pr\u00f3pria Par\u00f3quia S\u00e3o Benedito.<\/p>\n\n\n\n<p>Presidida pelo Bispo diocesano, Dom Jailton de Oliveira Lino Psdp, a reuni\u00e3o contou ainda com a presen\u00e7a do Padre Aldomiro Ara\u00fajo, anfitri\u00e3o da noite e p\u00e1roco da Par\u00f3quia S\u00e3o Benedito; Padre Vitor Aguilar, Vig\u00e1rio da Par\u00f3quia da Par\u00f3quia Senhor Bom Jesus; e ainda, com o Padre S\u00e1vio Fiorot, Administrador da Par\u00f3quia S\u00e3o Jos\u00e9 Oper\u00e1rio, al\u00e9m de grande participa\u00e7\u00e3o dos fi\u00e9is leigos das diversas comunidades.<\/p>\n\n\n\n<p>Dom Jailton ressaltou em sua alocu\u00e7\u00e3o que este projeto faz parte do \u00edmpeto presente desde sua chegada na Diocese, em 2018, de aproximar o povo de Deus da vida em abund\u00e2ncia que \u00e9 o pr\u00f3prio Cristo, atrav\u00e9s do minist\u00e9rio de Sua Igreja, criando novas comunidades paroquiais, assistidas pela presen\u00e7a fecunda de um sacerdote, como pede o Papa Francisco ao exortar que o pastor tenha cheiro das ovelhas.<\/p>\n\n\n\n<p>Com grande exulta\u00e7\u00e3o, os presentes acolheram o projeto e demonstraram por palavras e testemunhos como aderem \u00e0 este importante marco na vida de nossa igreja particular e, n\u00e3o obstante, de suas vidas e hist\u00f3ria. Acompanhemos com nossas ora\u00e7\u00f5es, rogando a materna intercess\u00e3o da Virgem da Soledade, este empenho de tornar a salva\u00e7\u00e3o mais pr\u00f3xima de tantos e tantas que se encontram sedentos do Deus vivo!<\/p>\n\n\n\n<figure class=\"wp-block-gallery has-nested-images columns-default is-cropped wp-block-gallery-1 is-layout-flex wp-block-gallery-is-layout-flex\">\n<figure class=\"wp-block-image size-large\"><a href=\"https:\/\/dioceseteixeiradefreitas.com.br\/wp-content\/uploads\/2023\/04\/IMG-20230401-WA0020.jpg\"><img loading=\"lazy\" decoding=\"async\" width=\"1600\" height=\"1200\" data-id=\"19609\" src=\"https:\/\/dioceseteixeiradefreitas.com.br\/wp-content\/uploads\/2023\/04\/IMG-20230401-WA0020.jpg\" alt=\"\" class=\"wp-image-19609\" srcset=\"https:\/\/dioceseteixeiradefreitas.com.br\/wp-content\/uploads\/2023\/04\/IMG-20230401-WA0020.jpg 1600w, https:\/\/dioceseteixeiradefreitas.com.br\/wp-content\/uploads\/2023\/04\/IMG-20230401-WA0020-300x225.jpg 300w, https:\/\/dioceseteixeiradefreitas.com.br\/wp-content\/uploads\/2023\/04\/IMG-20230401-WA0020-1024x768.jpg 1024w, https:\/\/dioceseteixeiradefreitas.com.br\/wp-content\/uploads\/2023\/04\/IMG-20230401-WA0020-768x576.jpg 768w, https:\/\/dioceseteixeiradefreitas.com.br\/wp-content\/uploads\/2023\/04\/IMG-20230401-WA0020-1536x1152.jpg 1536w\" sizes=\"auto, (max-width: 1600px) 100vw, 1600px\" \/><\/a><\/figure>\n\n\n\n<figure class=\"wp-block-image size-large\"><a href=\"https:\/\/dioceseteixeiradefreitas.com.br\/wp-content\/uploads\/2023\/04\/IMG-20230401-WA0022.jpg\"><img loading=\"lazy\" decoding=\"async\" width=\"1600\" height=\"1200\" data-id=\"19610\" src=\"https:\/\/dioceseteixeiradefreitas.com.br\/wp-content\/uploads\/2023\/04\/IMG-20230401-WA0022.jpg\" alt=\"\" class=\"wp-image-19610\" srcset=\"https:\/\/dioceseteixeiradefreitas.com.br\/wp-content\/uploads\/2023\/04\/IMG-20230401-WA0022.jpg 1600w, https:\/\/dioceseteixeiradefreitas.com.br\/wp-content\/uploads\/2023\/04\/IMG-20230401-WA0022-300x225.jpg 300w, https:\/\/dioceseteixeiradefreitas.com.br\/wp-content\/uploads\/2023\/04\/IMG-20230401-WA0022-1024x768.jpg 1024w, https:\/\/dioceseteixeiradefreitas.com.br\/wp-content\/uploads\/2023\/04\/IMG-20230401-WA0022-768x576.jpg 768w, https:\/\/dioceseteixeiradefreitas.com.br\/wp-content\/uploads\/2023\/04\/IMG-20230401-WA0022-1536x1152.jpg 1536w\" sizes=\"auto, (max-width: 1600px) 100vw, 1600px\" \/><\/a><\/figure>\n\n\n\n<figure class=\"wp-block-image size-large\"><a href=\"https:\/\/dioceseteixeiradefreitas.com.br\/wp-content\/uploads\/2023\/04\/IMG-20230401-WA0028.jpg\"><img loading=\"lazy\" decoding=\"async\" width=\"1600\" height=\"1200\" data-id=\"19611\" src=\"https:\/\/dioceseteixeiradefreitas.com.br\/wp-content\/uploads\/2023\/04\/IMG-20230401-WA0028.jpg\" alt=\"\" class=\"wp-image-19611\" srcset=\"https:\/\/dioceseteixeiradefreitas.com.br\/wp-content\/uploads\/2023\/04\/IMG-20230401-WA0028.jpg 1600w, https:\/\/dioceseteixeiradefreitas.com.br\/wp-content\/uploads\/2023\/04\/IMG-20230401-WA0028-300x225.jpg 300w, https:\/\/dioceseteixeiradefreitas.com.br\/wp-content\/uploads\/2023\/04\/IMG-20230401-WA0028-1024x768.jpg 1024w, https:\/\/dioceseteixeiradefreitas.com.br\/wp-content\/uploads\/2023\/04\/IMG-20230401-WA0028-768x576.jpg 768w, https:\/\/dioceseteixeiradefreitas.com.br\/wp-content\/uploads\/2023\/04\/IMG-20230401-WA0028-1536x1152.jpg 1536w\" sizes=\"auto, (max-width: 1600px) 100vw, 1600px\" \/><\/a><\/figure>\n\n\n\n<figure class=\"wp-block-image size-large\"><a href=\"https:\/\/dioceseteixeiradefreitas.com.br\/wp-content\/uploads\/2023\/04\/IMG-20230401-WA0025.jpg\"><img loading=\"lazy\" decoding=\"async\" width=\"1600\" height=\"1200\" data-id=\"19612\" src=\"https:\/\/dioceseteixeiradefreitas.com.br\/wp-content\/uploads\/2023\/04\/IMG-20230401-WA0025.jpg\" alt=\"\" class=\"wp-image-19612\" srcset=\"https:\/\/dioceseteixeiradefreitas.com.br\/wp-content\/uploads\/2023\/04\/IMG-20230401-WA0025.jpg 1600w, https:\/\/dioceseteixeiradefreitas.com.br\/wp-content\/uploads\/2023\/04\/IMG-20230401-WA0025-300x225.jpg 300w, https:\/\/dioceseteixeiradefreitas.com.br\/wp-content\/uploads\/2023\/04\/IMG-20230401-WA0025-1024x768.jpg 1024w, https:\/\/dioceseteixeiradefreitas.com.br\/wp-content\/uploads\/2023\/04\/IMG-20230401-WA0025-768x576.jpg 768w, https:\/\/dioceseteixeiradefreitas.com.br\/wp-content\/uploads\/2023\/04\/IMG-20230401-WA0025-1536x1152.jpg 1536w\" sizes=\"auto, (max-width: 1600px) 100vw, 1600px\" \/><\/a><\/figure>\n\n\n\n<figure class=\"wp-block-image size-large\"><a href=\"https:\/\/dioceseteixeiradefreitas.com.br\/wp-content\/uploads\/2023\/04\/IMG-20230401-WA0024.jpg\"><img loading=\"lazy\" decoding=\"async\" width=\"1600\" height=\"1200\" data-id=\"19613\" src=\"https:\/\/dioceseteixeiradefreitas.com.br\/wp-content\/uploads\/2023\/04\/IMG-20230401-WA0024.jpg\" alt=\"\" class=\"wp-image-19613\" srcset=\"https:\/\/dioceseteixeiradefreitas.com.br\/wp-content\/uploads\/2023\/04\/IMG-20230401-WA0024.jpg 1600w, https:\/\/dioceseteixeiradefreitas.com.br\/wp-content\/uploads\/2023\/04\/IMG-20230401-WA0024-300x225.jpg 300w, https:\/\/dioceseteixeiradefreitas.com.br\/wp-content\/uploads\/2023\/04\/IMG-20230401-WA0024-1024x768.jpg 1024w, https:\/\/dioceseteixeiradefreitas.com.br\/wp-content\/uploads\/2023\/04\/IMG-20230401-WA0024-768x576.jpg 768w, https:\/\/dioceseteixeiradefreitas.com.br\/wp-content\/uploads\/2023\/04\/IMG-20230401-WA0024-1536x1152.jpg 1536w\" sizes=\"auto, (max-width: 1600px) 100vw, 1600px\" \/><\/a><\/figure>\n\n\n\n<figure class=\"wp-block-image size-large\"><a href=\"https:\/\/dioceseteixeiradefreitas.com.br\/wp-content\/uploads\/2023\/04\/IMG-20230401-WA0023.jpg\"><img loading=\"lazy\" decoding=\"async\" width=\"1600\" height=\"1200\" data-id=\"19614\" src=\"https:\/\/dioceseteixeiradefreitas.com.br\/wp-content\/uploads\/2023\/04\/IMG-20230401-WA0023.jpg\" alt=\"\" class=\"wp-image-19614\" srcset=\"https:\/\/dioceseteixeiradefreitas.com.br\/wp-content\/uploads\/2023\/04\/IMG-20230401-WA0023.jpg 1600w, https:\/\/dioceseteixeiradefreitas.com.br\/wp-content\/uploads\/2023\/04\/IMG-20230401-WA0023-300x225.jpg 300w, https:\/\/dioceseteixeiradefreitas.com.br\/wp-content\/uploads\/2023\/04\/IMG-20230401-WA0023-1024x768.jpg 1024w, https:\/\/dioceseteixeiradefreitas.com.br\/wp-content\/uploads\/2023\/04\/IMG-20230401-WA0023-768x576.jpg 768w, https:\/\/dioceseteixeiradefreitas.com.br\/wp-content\/uploads\/2023\/04\/IMG-20230401-WA0023-1536x1152.jpg 1536w\" sizes=\"auto, (max-width: 1600px) 100vw, 1600px\" \/><\/a><\/figure>\n\n\n\n<figure class=\"wp-block-image size-large\"><a href=\"https:\/\/dioceseteixeiradefreitas.com.br\/wp-content\/uploads\/2023\/04\/IMG-20230401-WA0021.jpg\"><img loading=\"lazy\" decoding=\"async\" width=\"1600\" height=\"1061\" data-id=\"19615\" src=\"https:\/\/dioceseteixeiradefreitas.com.br\/wp-content\/uploads\/2023\/04\/IMG-20230401-WA0021.jpg\" alt=\"\" class=\"wp-image-19615\" srcset=\"https:\/\/dioceseteixeiradefreitas.com.br\/wp-content\/uploads\/2023\/04\/IMG-20230401-WA0021.jpg 1600w, https:\/\/dioceseteixeiradefreitas.com.br\/wp-content\/uploads\/2023\/04\/IMG-20230401-WA0021-300x199.jpg 300w, https:\/\/dioceseteixeiradefreitas.com.br\/wp-content\/uploads\/2023\/04\/IMG-20230401-WA0021-1024x679.jpg 1024w, https:\/\/dioceseteixeiradefreitas.com.br\/wp-content\/uploads\/2023\/04\/IMG-20230401-WA0021-768x509.jpg 768w, https:\/\/dioceseteixeiradefreitas.com.br\/wp-content\/uploads\/2023\/04\/IMG-20230401-WA0021-1536x1019.jpg 1536w\" sizes=\"auto, (max-width: 1600px) 100vw, 1600px\" \/><\/a><\/figure>\n\n\n\n<figure class=\"wp-block-image size-large\"><a href=\"https:\/\/dioceseteixeiradefreitas.com.br\/wp-content\/uploads\/2023\/04\/IMG-20230401-WA0027.jpg\"><img loading=\"lazy\" decoding=\"async\" width=\"1600\" height=\"1065\" data-id=\"19616\" src=\"https:\/\/dioceseteixeiradefreitas.com.br\/wp-content\/uploads\/2023\/04\/IMG-20230401-WA0027.jpg\" alt=\"\" class=\"wp-image-19616\" srcset=\"https:\/\/dioceseteixeiradefreitas.com.br\/wp-content\/uploads\/2023\/04\/IMG-20230401-WA0027.jpg 1600w, https:\/\/dioceseteixeiradefreitas.com.br\/wp-content\/uploads\/2023\/04\/IMG-20230401-WA0027-300x200.jpg 300w, https:\/\/dioceseteixeiradefreitas.com.br\/wp-content\/uploads\/2023\/04\/IMG-20230401-WA0027-1024x682.jpg 1024w, https:\/\/dioceseteixeiradefreitas.com.br\/wp-content\/uploads\/2023\/04\/IMG-20230401-WA0027-768x511.jpg 768w, https:\/\/dioceseteixeiradefreitas.com.br\/wp-content\/uploads\/2023\/04\/IMG-20230401-WA0027-1536x1022.jpg 1536w\" sizes=\"auto, (max-width: 1600px) 100vw, 1600px\" \/><\/a><\/figure>\n\n\n\n<figure class=\"wp-block-image size-large\"><a href=\"https:\/\/dioceseteixeiradefreitas.com.br\/wp-content\/uploads\/2023\/04\/IMG-20230401-WA0026.jpg\"><img loading=\"lazy\" decoding=\"async\" width=\"1600\" height=\"1020\" data-id=\"19617\" src=\"https:\/\/dioceseteixeiradefreitas.com.br\/wp-content\/uploads\/2023\/04\/IMG-20230401-WA0026.jpg\" alt=\"\" class=\"wp-image-19617\" srcset=\"https:\/\/dioceseteixeiradefreitas.com.br\/wp-content\/uploads\/2023\/04\/IMG-20230401-WA0026.jpg 1600w, https:\/\/dioceseteixeiradefreitas.com.br\/wp-content\/uploads\/2023\/04\/IMG-20230401-WA0026-300x191.jpg 300w, https:\/\/dioceseteixeiradefreitas.com.br\/wp-content\/uploads\/2023\/04\/IMG-20230401-WA0026-1024x653.jpg 1024w, https:\/\/dioceseteixeiradefreitas.com.br\/wp-content\/uploads\/2023\/04\/IMG-20230401-WA0026-768x490.jpg 768w, https:\/\/dioceseteixeiradefreitas.com.br\/wp-content\/uploads\/2023\/04\/IMG-20230401-WA0026-1536x979.jpg 1536w\" sizes=\"auto, (max-width: 1600px) 100vw, 1600px\" \/><\/a><\/figure>\n\n\n\n<figure class=\"wp-block-image size-large\"><a href=\"https:\/\/dioceseteixeiradefreitas.com.br\/wp-content\/uploads\/2023\/04\/IMG-20230401-WA0029.jpg\"><img loading=\"lazy\" decoding=\"async\" width=\"1600\" height=\"1200\" data-id=\"19618\" src=\"https:\/\/dioceseteixeiradefreitas.com.br\/wp-content\/uploads\/2023\/04\/IMG-20230401-WA0029.jpg\" alt=\"\" class=\"wp-image-19618\" srcset=\"https:\/\/dioceseteixeiradefreitas.com.br\/wp-content\/uploads\/2023\/04\/IMG-20230401-WA0029.jpg 1600w, https:\/\/dioceseteixeiradefreitas.com.br\/wp-content\/uploads\/2023\/04\/IMG-20230401-WA0029-300x225.jpg 300w, https:\/\/dioceseteixeiradefreitas.com.br\/wp-content\/uploads\/2023\/04\/IMG-20230401-WA0029-1024x768.jpg 1024w, https:\/\/dioceseteixeiradefreitas.com.br\/wp-content\/uploads\/2023\/04\/IMG-20230401-WA0029-768x576.jpg 768w, https:\/\/dioceseteixeiradefreitas.com.br\/wp-content\/uploads\/2023\/04\/IMG-20230401-WA0029-1536x1152.jpg 1536w\" sizes=\"auto, (max-width: 1600px) 100vw, 1600px\" \/><\/a><\/figure>\n\n\n\n<figure class=\"wp-block-image size-large\"><a href=\"https:\/\/dioceseteixeiradefreitas.com.br\/wp-content\/uploads\/2023\/04\/IMG-20230401-WA0030.jpg\"><img loading=\"lazy\" decoding=\"async\" width=\"1600\" height=\"1200\" data-id=\"19619\" src=\"https:\/\/dioceseteixeiradefreitas.com.br\/wp-content\/uploads\/2023\/04\/IMG-20230401-WA0030.jpg\" alt=\"\" class=\"wp-image-19619\" srcset=\"https:\/\/dioceseteixeiradefreitas.com.br\/wp-content\/uploads\/2023\/04\/IMG-20230401-WA0030.jpg 1600w, https:\/\/dioceseteixeiradefreitas.com.br\/wp-content\/uploads\/2023\/04\/IMG-20230401-WA0030-300x225.jpg 300w, https:\/\/dioceseteixeiradefreitas.com.br\/wp-content\/uploads\/2023\/04\/IMG-20230401-WA0030-1024x768.jpg 1024w, https:\/\/dioceseteixeiradefreitas.com.br\/wp-content\/uploads\/2023\/04\/IMG-20230401-WA0030-768x576.jpg 768w, https:\/\/dioceseteixeiradefreitas.com.br\/wp-content\/uploads\/2023\/04\/IMG-20230401-WA0030-1536x1152.jpg 1536w\" sizes=\"auto, (max-width: 1600px) 100vw, 1600px\" \/><\/a><\/figure>\n\n\n\n<figure class=\"wp-block-image size-large\"><a href=\"https:\/\/dioceseteixeiradefreitas.com.br\/wp-content\/uploads\/2023\/04\/IMG-20230401-WA0031.jpg\"><img loading=\"lazy\" decoding=\"async\" width=\"1600\" height=\"1200\" data-id=\"19620\" src=\"https:\/\/dioceseteixeiradefreitas.com.br\/wp-content\/uploads\/2023\/04\/IMG-20230401-WA0031.jpg\" alt=\"\" class=\"wp-image-19620\" srcset=\"https:\/\/dioceseteixeiradefreitas.com.br\/wp-content\/uploads\/2023\/04\/IMG-20230401-WA0031.jpg 1600w, https:\/\/dioceseteixeiradefreitas.com.br\/wp-content\/uploads\/2023\/04\/IMG-20230401-WA0031-300x225.jpg 300w, https:\/\/dioceseteixeiradefreitas.com.br\/wp-content\/uploads\/2023\/04\/IMG-20230401-WA0031-1024x768.jpg 1024w, https:\/\/dioceseteixeiradefreitas.com.br\/wp-content\/uploads\/2023\/04\/IMG-20230401-WA0031-768x576.jpg 768w, https:\/\/dioceseteixeiradefreitas.com.br\/wp-content\/uploads\/2023\/04\/IMG-20230401-WA0031-1536x1152.jpg 1536w\" sizes=\"auto, (max-width: 1600px) 100vw, 1600px\" \/><\/a><\/figure>\n<\/figure>\n\n\n\n<p>Texto: Pe. S\u00e1vio Fiorot<\/p>\n","protected":false},"excerpt":{"rendered":"<p>No \u00faltimo dia 28 de mar\u00e7o, ter\u00e7a-feira, na Capela de Nossa Senhora da Soledade, em Argolo, comunidade atendida pela Par\u00f3quia S\u00e3o Benedito em Posto da Mata, aconteceu uma importante reuni\u00e3o cujo objetivo consistiu em expor e tratar acerca do projeto de uma nova \u00e1rea pastoral ou quase-par\u00f3quia, tendo por matriz aquela comunidade, abrangendo ainda capelas &hellip;<\/p>\n","protected":false},"author":24,"featured_media":19616,"comment_status":"closed","ping_status":"closed","sticky":false,"template":"","format":"standard","meta":{"footnotes":""},"categories":[100],"tags":[1176,1029],"class_list":["post-19608","post","type-post","status-publish","format-standard","has-post-thumbnail","hentry","category-noticias-diocesanas","tag-comunidade-de-argolo","tag-dom-jailton-de-oliveira"],"_links":{"self":[{"href":"https:\/\/dioceseteixeiradefreitas.com.br\/index.php?rest_route=\/wp\/v2\/posts\/19608","targetHints":{"allow":["GET"]}}],"collection":[{"href":"https:\/\/dioceseteixeiradefreitas.com.br\/index.php?rest_route=\/wp\/v2\/posts"}],"about":[{"href":"https:\/\/dioceseteixeiradefreitas.com.br\/index.php?rest_route=\/wp\/v2\/types\/post"}],"author":[{"embeddable":true,"href":"https:\/\/dioceseteixeiradefreitas.com.br\/index.php?rest_route=\/wp\/v2\/users\/24"}],"replies":[{"embeddable":true,"href":"https:\/\/dioceseteixeiradefreitas.com.br\/index.php?rest_route=%2Fwp%2Fv2%2Fcomments&post=19608"}],"version-history":[{"count":2,"href":"https:\/\/dioceseteixeiradefreitas.com.br\/index.php?rest_route=\/wp\/v2\/posts\/19608\/revisions"}],"predecessor-version":[{"id":19622,"href":"https:\/\/dioceseteixeiradefreitas.com.br\/index.php?rest_route=\/wp\/v2\/posts\/19608\/revisions\/19622"}],"wp:featuredmedia":[{"embeddable":true,"href":"https:\/\/dioceseteixeiradefreitas.com.br\/index.php?rest_route=\/wp\/v2\/media\/19616"}],"wp:attachment":[{"href":"https:\/\/dioceseteixeiradefreitas.com.br\/index.php?rest_route=%2Fwp%2Fv2%2Fmedia&parent=19608"}],"wp:term":[{"taxonomy":"category","embeddable":true,"href":"https:\/\/dioceseteixeiradefreitas.com.br\/index.php?rest_route=%2Fwp%2Fv2%2Fcategories&post=19608"},{"taxonomy":"post_tag","embeddable":true,"href":"https:\/\/dioceseteixeiradefreitas.com.br\/index.php?rest_route=%2Fwp%2Fv2%2Ftags&post=19608"}],"curies":[{"name":"wp","href":"https:\/\/api.w.org\/{rel}","templated":true}]}}