{"id":19696,"date":"2023-04-08T16:07:50","date_gmt":"2023-04-08T19:07:50","guid":{"rendered":"https:\/\/dioceseteixeiradefreitas.com.br\/?p=19696"},"modified":"2023-04-08T17:23:33","modified_gmt":"2023-04-08T20:23:33","slug":"convite-profissao-de-votos-fraternidade-nossa-senhora-dos-anjos","status":"publish","type":"post","link":"https:\/\/dioceseteixeiradefreitas.com.br\/?p=19696","title":{"rendered":"CONVITE: Profiss\u00e3o de Votos Fraternidade Nossa Senhora dos Anjos"},"content":{"rendered":"\n<p>Convidamos toda a comunidade para com muita alegria, no dia 30 de abril de 2023, \u00e0s 09 hs, na Comunidade Nossa Senhora do Perp\u00e9tuo Socorro, participar da Celebra\u00e7\u00e3o da Profiss\u00e3o de dois irm\u00e3os que ora se encontram em forma\u00e7\u00e3o pela pr\u00f3pria Fraternidade Nossa Senhora dos Anjos.<\/p>\n\n\n\n<p><\/p>\n\n\n\n<p><strong>Conhe\u00e7a um pouco da hist\u00f3ria da Fraternidade Nossa Senhora dos Anjos:<\/strong><\/p>\n\n\n\n<p>No pr\u00f3ximo dia 26 de abril de 2023 vamos comemorar o oitavo ano de exist\u00eancia da Fraternidade Nossa Senhora dos Anjos, em Teixeira de Freitas, sul da Bahia.<\/p>\n\n\n\n<p>Por volta do ano de 2011 o saudoso frei Elias Hooij, que atuava na Par\u00f3quia S\u00e3o Bernardo em Alcoba\u00e7a, Bahia come\u00e7ou a dar corpo a um sonho ao convidar algumas pessoas para que participassem de um grupo que vislumbrava a cria\u00e7\u00e3o de um movimento fraterno&nbsp; com o objetivo de buscar o seguimento da vida de Nosso Senhor Jesus Cristo conforme os ensinamentos revelados atrav\u00e9s do Santo Evangelho, segundo o exemplo de S\u00e3o Francisco de Assis.<\/p>\n\n\n\n<p>Durante alguns anos foram realizados encontros quinzenais, ora na cidade de Teixeira de Freitas, ora na cidade de Alcoba\u00e7a com o objetivo principal de forma\u00e7\u00e3o dos membros do grupo e discutir o andamento da cria\u00e7\u00e3o da Fraternidade.<\/p>\n\n\n\n<p>No dia 14 de abril de 2015, a C\u00faria Provincial dos Frades Menores Capuchinhos, atrav\u00e9s de Delega\u00e7\u00e3o de Poderes atribuiu ao Frei Ulisses Pinto Bandeira Sobrinho a responsabilidade para presidir \u00e0 ere\u00e7\u00e3o can\u00f4nica da Fraternidade Nossa Senhora dos Anjos.<\/p>\n\n\n\n<p>No dia 26 de abril de 2015, atrav\u00e9s dos Decretos Protocolo 0022\/2015 assinado pelo Ministro Provincial, Frei Liomar Pereira da Silva e Protocolo 023\/2015 assinado pelo Delegado do Ministro Provincial, Frei Ulisses Pinto Bandeira Sobrinho, foi erigida canonicamente a Fraternidade Secular sob a invoca\u00e7\u00e3o de Nossa Senhora dos Anjos, na cidade de Teixeira de Freitas, Bahia.&nbsp;<\/p>\n\n\n\n<p>A partir de ent\u00e3o, o Frei Elias se tornou o Assistente espiritual da Fraternidade at\u00e9 a sua transfer\u00eancia em retorno para a Prov\u00edncia Santa Cruz, em Belo Horizonte, MG, quando a Fraternidade passou a contar para esse fim, com a Irm\u00e3 Maria \u00c2ngela, da Congrega\u00e7\u00e3o das Irm\u00e3s Franciscanas do Senhor. Com a transfer\u00eancia da irm\u00e3 \u00c2ngela, assumiu a Assist\u00eancia Espiritual a Irm\u00e3 Aida pertencente a mesma Congrega\u00e7\u00e3o das Irm\u00e3s Franciscanas do Senhor, que atende a Fraternidade at\u00e9 os dias atuais.<\/p>\n\n\n\n<p>Atualmente a Fraternidade se dedica principalmente a a\u00e7\u00f5es sociais, visitas e miss\u00f5es para divulga\u00e7\u00e3o da Fraternidade e forma\u00e7\u00e3o de novos integrantes e conta com a participa\u00e7\u00e3o de Irm\u00e3os professos, iniciantes e visitantes, sendo que os encontros fraternos e reuni\u00f5es acontecem a partir das 19 horas das ter\u00e7as feiras da segunda semana de cada m\u00eas, nas depend\u00eancias do Instituto Francisco de Assis.<\/p>\n\n\n\n<p>A Fraternidade tamb\u00e9m agradece a acolhida recebida pelo Bispo Diocesano, Dom Jailton de Oliveira Lino, psdp.<\/p>\n\n\n\n<figure class=\"wp-block-gallery has-nested-images columns-default is-cropped wp-block-gallery-1 is-layout-flex wp-block-gallery-is-layout-flex\">\n<figure class=\"wp-block-image size-large\"><a href=\"https:\/\/dioceseteixeiradefreitas.com.br\/wp-content\/uploads\/2023\/04\/IMG-20230408-WA0014.jpg\"><img loading=\"lazy\" decoding=\"async\" width=\"1024\" height=\"768\" data-id=\"19701\" src=\"https:\/\/dioceseteixeiradefreitas.com.br\/wp-content\/uploads\/2023\/04\/IMG-20230408-WA0014-1024x768.jpg\" alt=\"\" class=\"wp-image-19701\" srcset=\"https:\/\/dioceseteixeiradefreitas.com.br\/wp-content\/uploads\/2023\/04\/IMG-20230408-WA0014-1024x768.jpg 1024w, https:\/\/dioceseteixeiradefreitas.com.br\/wp-content\/uploads\/2023\/04\/IMG-20230408-WA0014-300x225.jpg 300w, https:\/\/dioceseteixeiradefreitas.com.br\/wp-content\/uploads\/2023\/04\/IMG-20230408-WA0014-768x576.jpg 768w, https:\/\/dioceseteixeiradefreitas.com.br\/wp-content\/uploads\/2023\/04\/IMG-20230408-WA0014-1536x1152.jpg 1536w, https:\/\/dioceseteixeiradefreitas.com.br\/wp-content\/uploads\/2023\/04\/IMG-20230408-WA0014.jpg 1600w\" sizes=\"auto, (max-width: 1024px) 100vw, 1024px\" \/><\/a><\/figure>\n\n\n\n<figure class=\"wp-block-image size-large\"><a href=\"https:\/\/dioceseteixeiradefreitas.com.br\/wp-content\/uploads\/2023\/04\/IMG-20230408-WA0013.jpg\"><img loading=\"lazy\" decoding=\"async\" width=\"1024\" height=\"767\" data-id=\"19699\" src=\"https:\/\/dioceseteixeiradefreitas.com.br\/wp-content\/uploads\/2023\/04\/IMG-20230408-WA0013-1024x767.jpg\" alt=\"\" class=\"wp-image-19699\" srcset=\"https:\/\/dioceseteixeiradefreitas.com.br\/wp-content\/uploads\/2023\/04\/IMG-20230408-WA0013-1024x767.jpg 1024w, https:\/\/dioceseteixeiradefreitas.com.br\/wp-content\/uploads\/2023\/04\/IMG-20230408-WA0013-300x225.jpg 300w, https:\/\/dioceseteixeiradefreitas.com.br\/wp-content\/uploads\/2023\/04\/IMG-20230408-WA0013-768x575.jpg 768w, https:\/\/dioceseteixeiradefreitas.com.br\/wp-content\/uploads\/2023\/04\/IMG-20230408-WA0013.jpg 1280w\" sizes=\"auto, (max-width: 1024px) 100vw, 1024px\" \/><\/a><\/figure>\n\n\n\n<figure class=\"wp-block-image size-large\"><a href=\"https:\/\/dioceseteixeiradefreitas.com.br\/wp-content\/uploads\/2023\/04\/IMG-20230408-WA0010.jpg\"><img loading=\"lazy\" decoding=\"async\" width=\"1024\" height=\"768\" data-id=\"19702\" src=\"https:\/\/dioceseteixeiradefreitas.com.br\/wp-content\/uploads\/2023\/04\/IMG-20230408-WA0010-1024x768.jpg\" alt=\"\" class=\"wp-image-19702\" srcset=\"https:\/\/dioceseteixeiradefreitas.com.br\/wp-content\/uploads\/2023\/04\/IMG-20230408-WA0010-1024x768.jpg 1024w, https:\/\/dioceseteixeiradefreitas.com.br\/wp-content\/uploads\/2023\/04\/IMG-20230408-WA0010-300x225.jpg 300w, https:\/\/dioceseteixeiradefreitas.com.br\/wp-content\/uploads\/2023\/04\/IMG-20230408-WA0010-768x576.jpg 768w, https:\/\/dioceseteixeiradefreitas.com.br\/wp-content\/uploads\/2023\/04\/IMG-20230408-WA0010-1536x1152.jpg 1536w, https:\/\/dioceseteixeiradefreitas.com.br\/wp-content\/uploads\/2023\/04\/IMG-20230408-WA0010.jpg 1600w\" sizes=\"auto, (max-width: 1024px) 100vw, 1024px\" \/><\/a><\/figure>\n\n\n\n<figure class=\"wp-block-image size-large\"><a href=\"https:\/\/dioceseteixeiradefreitas.com.br\/wp-content\/uploads\/2023\/04\/IMG-20230408-WA0009.jpg\"><img loading=\"lazy\" decoding=\"async\" width=\"1024\" height=\"768\" data-id=\"19700\" src=\"https:\/\/dioceseteixeiradefreitas.com.br\/wp-content\/uploads\/2023\/04\/IMG-20230408-WA0009-1024x768.jpg\" alt=\"\" class=\"wp-image-19700\" srcset=\"https:\/\/dioceseteixeiradefreitas.com.br\/wp-content\/uploads\/2023\/04\/IMG-20230408-WA0009-1024x768.jpg 1024w, https:\/\/dioceseteixeiradefreitas.com.br\/wp-content\/uploads\/2023\/04\/IMG-20230408-WA0009-300x225.jpg 300w, https:\/\/dioceseteixeiradefreitas.com.br\/wp-content\/uploads\/2023\/04\/IMG-20230408-WA0009-768x576.jpg 768w, https:\/\/dioceseteixeiradefreitas.com.br\/wp-content\/uploads\/2023\/04\/IMG-20230408-WA0009.jpg 1280w\" sizes=\"auto, (max-width: 1024px) 100vw, 1024px\" \/><\/a><\/figure>\n\n\n\n<figure class=\"wp-block-image size-large\"><a href=\"https:\/\/dioceseteixeiradefreitas.com.br\/wp-content\/uploads\/2023\/04\/IMG-20230408-WA0008.jpg\"><img loading=\"lazy\" decoding=\"async\" width=\"720\" height=\"1013\" data-id=\"19698\" src=\"https:\/\/dioceseteixeiradefreitas.com.br\/wp-content\/uploads\/2023\/04\/IMG-20230408-WA0008.jpg\" alt=\"\" class=\"wp-image-19698\" srcset=\"https:\/\/dioceseteixeiradefreitas.com.br\/wp-content\/uploads\/2023\/04\/IMG-20230408-WA0008.jpg 720w, https:\/\/dioceseteixeiradefreitas.com.br\/wp-content\/uploads\/2023\/04\/IMG-20230408-WA0008-213x300.jpg 213w\" sizes=\"auto, (max-width: 720px) 100vw, 720px\" \/><\/a><\/figure>\n<\/figure>\n\n\n\n<p><\/p>\n\n\n\n<p><\/p>\n","protected":false},"excerpt":{"rendered":"<p>Convidamos toda a comunidade para com muita alegria, no dia 30 de abril de 2023, \u00e0s 09 hs, na Comunidade Nossa Senhora do Perp\u00e9tuo Socorro, participar da Celebra\u00e7\u00e3o da Profiss\u00e3o de dois irm\u00e3os que ora se encontram em forma\u00e7\u00e3o pela pr\u00f3pria Fraternidade Nossa Senhora dos Anjos. Conhe\u00e7a um pouco da hist\u00f3ria da Fraternidade Nossa Senhora &hellip;<\/p>\n","protected":false},"author":24,"featured_media":19702,"comment_status":"closed","ping_status":"closed","sticky":false,"template":"","format":"standard","meta":{"footnotes":""},"categories":[100],"tags":[1177,229,197],"class_list":["post-19696","post","type-post","status-publish","format-standard","has-post-thumbnail","hentry","category-noticias-diocesanas","tag-fraternidade-nossa-senhora-dos-anjos","tag-vida-consagrada","tag-vocacao"],"_links":{"self":[{"href":"https:\/\/dioceseteixeiradefreitas.com.br\/index.php?rest_route=\/wp\/v2\/posts\/19696","targetHints":{"allow":["GET"]}}],"collection":[{"href":"https:\/\/dioceseteixeiradefreitas.com.br\/index.php?rest_route=\/wp\/v2\/posts"}],"about":[{"href":"https:\/\/dioceseteixeiradefreitas.com.br\/index.php?rest_route=\/wp\/v2\/types\/post"}],"author":[{"embeddable":true,"href":"https:\/\/dioceseteixeiradefreitas.com.br\/index.php?rest_route=\/wp\/v2\/users\/24"}],"replies":[{"embeddable":true,"href":"https:\/\/dioceseteixeiradefreitas.com.br\/index.php?rest_route=%2Fwp%2Fv2%2Fcomments&post=19696"}],"version-history":[{"count":3,"href":"https:\/\/dioceseteixeiradefreitas.com.br\/index.php?rest_route=\/wp\/v2\/posts\/19696\/revisions"}],"predecessor-version":[{"id":19704,"href":"https:\/\/dioceseteixeiradefreitas.com.br\/index.php?rest_route=\/wp\/v2\/posts\/19696\/revisions\/19704"}],"wp:featuredmedia":[{"embeddable":true,"href":"https:\/\/dioceseteixeiradefreitas.com.br\/index.php?rest_route=\/wp\/v2\/media\/19702"}],"wp:attachment":[{"href":"https:\/\/dioceseteixeiradefreitas.com.br\/index.php?rest_route=%2Fwp%2Fv2%2Fmedia&parent=19696"}],"wp:term":[{"taxonomy":"category","embeddable":true,"href":"https:\/\/dioceseteixeiradefreitas.com.br\/index.php?rest_route=%2Fwp%2Fv2%2Fcategories&post=19696"},{"taxonomy":"post_tag","embeddable":true,"href":"https:\/\/dioceseteixeiradefreitas.com.br\/index.php?rest_route=%2Fwp%2Fv2%2Ftags&post=19696"}],"curies":[{"name":"wp","href":"https:\/\/api.w.org\/{rel}","templated":true}]}}