{"id":19717,"date":"2023-04-18T21:11:37","date_gmt":"2023-04-19T00:11:37","guid":{"rendered":"https:\/\/dioceseteixeiradefreitas.com.br\/?p=19717"},"modified":"2023-04-18T21:11:39","modified_gmt":"2023-04-19T00:11:39","slug":"comeca-nesta-quarta-feira-em-aparecida-a-60a-assembleia-geral-dos-bispos-do-brasil","status":"publish","type":"post","link":"https:\/\/dioceseteixeiradefreitas.com.br\/?p=19717","title":{"rendered":"Come\u00e7a nesta quarta-feira, em Aparecida, a 60\u00aa Assembleia Geral dos bispos do Brasil"},"content":{"rendered":"\n<p>As Assembleias Gerais da CNBB, s\u00e3o momentos de conv\u00edvio e ora\u00e7\u00e3o comum entre os bispos e decis\u00f5es sobre a miss\u00e3o da Igreja no Brasil. Subsecret\u00e1rio adjunto geral da CNBB, padre Patriky Samuel Batista, conversou coma R\u00e1dio Vaticano &#8211; Vatican News&#8230;<\/p>\n\n\n\n<p><\/p>\n\n\n\n<p><strong>Silvonei Jos\u00e9 \u2013 Aparecida \u2013 Vatican News<\/strong><\/p>\n\n\n\n<p>Tem in\u00edcio nesta quarta-feira, dia 19 de abril e se conclui no pr\u00f3ximo dia 28 a 60\u00aa Assembleia Geral da Confer\u00eancia Nacional dos Bispos do Brasil (CNBB). O encontro do episcopado brasileiro se realiza, como todos os anos, no Santu\u00e1rio Nacional de Nossa Senhora Aparecida, em Aparecida (SP).<\/p>\n\n\n\n<figure class=\"wp-block-audio\"><audio controls src=\"https:\/\/dioceseteixeiradefreitas.com.br\/wp-content\/uploads\/2023\/04\/137032239_F137032239.mp3\"><\/audio><\/figure>\n\n\n\n<p>O tema central dessa Assembleia \u00e9 a\u00a0Avalia\u00e7\u00e3o Global da Caminhada da CNBB\u00a0nos \u00faltimos quatro anos. Ao encerrar o quadri\u00eanio iniciado em 2019, a atual Presid\u00eancia apresenta o relat\u00f3rio das atividades realizadas e encaminha as elei\u00e7\u00f5es dos seus novos membros (presidente, 1\u00ba e 2\u00ba vice-presidentes e secret\u00e1rio-geral) e dos presidentes das 12 Comiss\u00f5es Episcopais Permanentes. Tamb\u00e9m ser\u00e3o escolhidos dois representantes da CNBB no Conselho Episcopal Latino-Americano (Celam) e dois bispos que participar\u00e3o do processo do S\u00ednodo sobre a Sinodalidade, em Roma.<\/p>\n\n\n\n<p>Durante uma das reuni\u00f5es do Conselho Permanente os bispos fizeram os testes no sistema de vota\u00e7\u00e3o que ser\u00e1 utilizado nas elei\u00e7\u00f5es da nova Presid\u00eancia da CNBB e dos presidentes das Comiss\u00f5es Episcopais, bem como dos representantes da CNBB no S\u00ednodo e no Conselho Episcopal Latino Americano (Celam).<\/p>\n\n\n\n<figure class=\"wp-block-image size-full\"><a href=\"https:\/\/dioceseteixeiradefreitas.com.br\/wp-content\/uploads\/2023\/04\/cq5dam.thumbnail.cropped.500.281-1.jpeg\"><img loading=\"lazy\" decoding=\"async\" width=\"500\" height=\"281\" src=\"https:\/\/dioceseteixeiradefreitas.com.br\/wp-content\/uploads\/2023\/04\/cq5dam.thumbnail.cropped.500.281-1.jpeg\" alt=\"\" class=\"wp-image-19718\" srcset=\"https:\/\/dioceseteixeiradefreitas.com.br\/wp-content\/uploads\/2023\/04\/cq5dam.thumbnail.cropped.500.281-1.jpeg 500w, https:\/\/dioceseteixeiradefreitas.com.br\/wp-content\/uploads\/2023\/04\/cq5dam.thumbnail.cropped.500.281-1-300x169.jpeg 300w, https:\/\/dioceseteixeiradefreitas.com.br\/wp-content\/uploads\/2023\/04\/cq5dam.thumbnail.cropped.500.281-1-390x220.jpeg 390w\" sizes=\"auto, (max-width: 500px) 100vw, 500px\" \/><\/a><figcaption class=\"wp-element-caption\">Assembl\u00e9ia anos passados &#8211; Site Vatican News<\/figcaption><\/figure>\n\n\n\n<p>Muitos os jornalistas credenciados que seguir\u00e3o os trabalhos no Centro de Eventos Padre Vitor Coelho de Almeida, onde os bispos estar\u00e3o reunidos. A imprensa, presencial e virtual vai receber comunicados, releases e orienta\u00e7\u00f5es sobre o evento por e-mail e\/ou WhatsApp, al\u00e9m de terem a possibilidade de participa\u00e7\u00e3o nas coletivas de imprensa, tanto presencial quanto remotamente.<\/p>\n\n\n\n<h2 class=\"wp-block-heading\">Diretrizes<\/h2>\n\n\n\n<p>Por conta do processo sinodal, as Diretrizes Gerais da A\u00e7\u00e3o Evangelizadora da Igreja no Brasil (DGAE) n\u00e3o ser\u00e3o atualizadas nesta assembleia eletiva, conforme \u00e9 feito tradicionalmente. O objetivo, neste campo, segundo o secret\u00e1rio-geral da CNBB, dom Joel Portella Amado, ser\u00e1 \u201cdiscernir o caminho da Igreja no Brasil rumo \u00e0 atualiza\u00e7\u00e3o das diretrizes\u201d. Esse processo ser\u00e1 continuado na perspectiva da escuta e da incorpora\u00e7\u00e3o dos resultados do S\u00ednodo cujas assembleias ocorrem neste e no pr\u00f3ximo ano.&nbsp;<a href=\"https:\/\/www.cnbb.org.br\/carta-igreja-brasil-cnbb-caminho-sinodal-diretrizes\/\" rel=\"noreferrer noopener\" target=\"_blank\">Os bispos divulgaram uma carta sobre esse processo de atualiza\u00e7\u00e3o<\/a>.<\/p>\n\n\n\n<h2 class=\"wp-block-heading\">Mensagens<\/h2>\n\n\n\n<p>As Assembleias Gerais da CNBB s\u00e3o momentos&nbsp;de conviv\u00eancia e de ora\u00e7\u00e3o conjunta entre os bispos e de decis\u00f5es sobre a miss\u00e3o da Igreja no Brasil. Na oportunidade, ser\u00e3o preparadas tr\u00eas mensagens do episcopado: ao Papa, ao prefeito do Dicast\u00e9rio para os Bispos e ao Povo Brasileiro. Esta dever\u00e1 ser divulgada no dia 27 de abril.<\/p>\n\n\n\n<h2 class=\"wp-block-heading\">Temas<\/h2>\n\n\n\n<p>Al\u00e9m da reflex\u00e3o sobre a caminhada nos \u00faltimos anos, os bispos abordar\u00e3o prioritariamente quest\u00f5es como o regimento da entidade; o relat\u00f3rio econ\u00f4mico, textos lit\u00fargicos e assuntos de liturgia e doutrina. At\u00e9 o momento, 15 temas diversos j\u00e1 est\u00e3o definidos na pauta, como as an\u00e1lises de conjuntura eclesial e social, o Acordo Brasil \u2013 Santa S\u00e9, as Campanhas da Fraternidade, o 15\u00ba Encontro Intereclesial das CEBs e a sa\u00fade integral do clero.<\/p>\n\n\n\n<h2 class=\"wp-block-heading\">60\u00aa Assembleia Geral da CNBB<\/h2>\n\n\n\n<p>Sobre os trabalhos de prepara\u00e7\u00e3o para esta 60\u00aa Assembleia Geral da CNBB o subsecret\u00e1rio adjunto geral da CNBB, padre Patriky Samuel Batista, conversou com a R\u00e1dio Vaticano &#8211; Vatican News&#8230;<\/p>\n\n\n\n<h2 class=\"wp-block-heading\">Celebra\u00e7\u00f5es e retiro&nbsp;<\/h2>\n\n\n\n<p>Todos os dias, no Santu\u00e1rio Nacional, \u00e0s 18h30, os bispos participar\u00e3o das celebra\u00e7\u00f5es eucar\u00edsticas da 60\u00aa AG CNBB. Haver\u00e1 tamb\u00e9m uma celebra\u00e7\u00e3o penitencial no dia 23 de abril e uma celebra\u00e7\u00e3o inter-religiosa, no dia 26 de abril. O retiro espiritual ser\u00e1 realizado no s\u00e1bado, 22, e domingo, 23.<\/p>\n\n\n\n<p>Os trabalhos ter\u00e3o in\u00edcio todos os dias com as Laudes e a primeira sess\u00e3o.<\/p>\n\n\n\n<p><\/p>\n\n\n\n<p><\/p>\n\n\n\n<p>Fonte: <a href=\"https:\/\/www.vaticannews.va\/pt\/igreja\/news\/2023-04\/comeca-nesta-quarta-feira-em-aparecida-assembleia-geral-cnbb.html\">https:\/\/www.vaticannews.va\/pt\/igreja\/news\/2023-04\/comeca-nesta-quarta-feira-em-aparecida-assembleia-geral-cnbb.html<\/a><\/p>\n\n\n\n<p><\/p>\n","protected":false},"excerpt":{"rendered":"<p>As Assembleias Gerais da CNBB, s\u00e3o momentos de conv\u00edvio e ora\u00e7\u00e3o comum entre os bispos e decis\u00f5es sobre a miss\u00e3o da Igreja no Brasil. Subsecret\u00e1rio adjunto geral da CNBB, padre Patriky Samuel Batista, conversou coma R\u00e1dio Vaticano &#8211; Vatican News&#8230; Silvonei Jos\u00e9 \u2013 Aparecida \u2013 Vatican News Tem in\u00edcio nesta quarta-feira, dia 19 de abril &hellip;<\/p>\n","protected":false},"author":24,"featured_media":19720,"comment_status":"closed","ping_status":"closed","sticky":false,"template":"","format":"standard","meta":{"footnotes":""},"categories":[103],"tags":[1179,502,191,807,1180],"class_list":["post-19717","post","type-post","status-publish","format-standard","has-post-thumbnail","hentry","category-noticias-do-vaticano","tag-assembleia-plenaria","tag-brasil","tag-cnbb","tag-entrevista","tag-igreja-catolica"],"_links":{"self":[{"href":"https:\/\/dioceseteixeiradefreitas.com.br\/index.php?rest_route=\/wp\/v2\/posts\/19717","targetHints":{"allow":["GET"]}}],"collection":[{"href":"https:\/\/dioceseteixeiradefreitas.com.br\/index.php?rest_route=\/wp\/v2\/posts"}],"about":[{"href":"https:\/\/dioceseteixeiradefreitas.com.br\/index.php?rest_route=\/wp\/v2\/types\/post"}],"author":[{"embeddable":true,"href":"https:\/\/dioceseteixeiradefreitas.com.br\/index.php?rest_route=\/wp\/v2\/users\/24"}],"replies":[{"embeddable":true,"href":"https:\/\/dioceseteixeiradefreitas.com.br\/index.php?rest_route=%2Fwp%2Fv2%2Fcomments&post=19717"}],"version-history":[{"count":2,"href":"https:\/\/dioceseteixeiradefreitas.com.br\/index.php?rest_route=\/wp\/v2\/posts\/19717\/revisions"}],"predecessor-version":[{"id":19722,"href":"https:\/\/dioceseteixeiradefreitas.com.br\/index.php?rest_route=\/wp\/v2\/posts\/19717\/revisions\/19722"}],"wp:featuredmedia":[{"embeddable":true,"href":"https:\/\/dioceseteixeiradefreitas.com.br\/index.php?rest_route=\/wp\/v2\/media\/19720"}],"wp:attachment":[{"href":"https:\/\/dioceseteixeiradefreitas.com.br\/index.php?rest_route=%2Fwp%2Fv2%2Fmedia&parent=19717"}],"wp:term":[{"taxonomy":"category","embeddable":true,"href":"https:\/\/dioceseteixeiradefreitas.com.br\/index.php?rest_route=%2Fwp%2Fv2%2Fcategories&post=19717"},{"taxonomy":"post_tag","embeddable":true,"href":"https:\/\/dioceseteixeiradefreitas.com.br\/index.php?rest_route=%2Fwp%2Fv2%2Ftags&post=19717"}],"curies":[{"name":"wp","href":"https:\/\/api.w.org\/{rel}","templated":true}]}}