{"id":19723,"date":"2023-05-09T21:37:41","date_gmt":"2023-05-10T00:37:41","guid":{"rendered":"https:\/\/dioceseteixeiradefreitas.com.br\/?p=19723"},"modified":"2023-05-09T21:37:43","modified_gmt":"2023-05-10T00:37:43","slug":"convite-encontro-diocesano-de-comunicacao-edicom-virtual-2023","status":"publish","type":"post","link":"https:\/\/dioceseteixeiradefreitas.com.br\/?p=19723","title":{"rendered":"CONVITE: Encontro Diocesano de Comunica\u00e7\u00e3o (EDICOM) Virtual 2023"},"content":{"rendered":"\n<p>A Coordena\u00e7\u00e3o Diocesana da Pastoral da Comunica\u00e7\u00e3o (PASCOM) junto com o seu assessor diocesano, Pe. S\u00e1vio Fiorot, convida todos(as) os(as) agentes da PASCOM de toda diocese, assim como, membros de outras pastorais e movimentos que sirvam na \u00e1rea de comunica\u00e7\u00e3o, para participar do Encontro Diocesano de Comunica\u00e7\u00e3o (EDICOM) Virtual 2023 que ser\u00e1 no dia 20 de Maio de 2023 (s\u00e1bado) \u00e0 partir das 13h 30. O encontro ser\u00e1 no formato virtual. O link para participar, ser\u00e1 disponibilizado pela Coordena\u00e7\u00e3o Diocesana posteriormente.<\/p>\n\n\n\n<p>Participe!<\/p>\n\n\n\n<figure class=\"wp-block-image size-large\"><a href=\"https:\/\/dioceseteixeiradefreitas.com.br\/wp-content\/uploads\/2023\/04\/SAVE_20230421_181335.jpg\"><img loading=\"lazy\" decoding=\"async\" width=\"1024\" height=\"1024\" src=\"https:\/\/dioceseteixeiradefreitas.com.br\/wp-content\/uploads\/2023\/04\/SAVE_20230421_181335-1024x1024.jpg\" alt=\"\" class=\"wp-image-19726\" srcset=\"https:\/\/dioceseteixeiradefreitas.com.br\/wp-content\/uploads\/2023\/04\/SAVE_20230421_181335-1024x1024.jpg 1024w, https:\/\/dioceseteixeiradefreitas.com.br\/wp-content\/uploads\/2023\/04\/SAVE_20230421_181335-300x300.jpg 300w, https:\/\/dioceseteixeiradefreitas.com.br\/wp-content\/uploads\/2023\/04\/SAVE_20230421_181335-150x150.jpg 150w, https:\/\/dioceseteixeiradefreitas.com.br\/wp-content\/uploads\/2023\/04\/SAVE_20230421_181335-768x768.jpg 768w, https:\/\/dioceseteixeiradefreitas.com.br\/wp-content\/uploads\/2023\/04\/SAVE_20230421_181335.jpg 1080w\" sizes=\"auto, (max-width: 1024px) 100vw, 1024px\" \/><\/a><\/figure>\n","protected":false},"excerpt":{"rendered":"<p>A Coordena\u00e7\u00e3o Diocesana da Pastoral da Comunica\u00e7\u00e3o (PASCOM) junto com o seu assessor diocesano, Pe. S\u00e1vio Fiorot, convida todos(as) os(as) agentes da PASCOM de toda diocese, assim como, membros de outras pastorais e movimentos que sirvam na \u00e1rea de comunica\u00e7\u00e3o, para participar do Encontro Diocesano de Comunica\u00e7\u00e3o (EDICOM) Virtual 2023 que ser\u00e1 no dia 20 &hellip;<\/p>\n","protected":false},"author":24,"featured_media":19726,"comment_status":"closed","ping_status":"closed","sticky":false,"template":"","format":"standard","meta":{"footnotes":""},"categories":[100],"tags":[1108,30],"class_list":["post-19723","post","type-post","status-publish","format-standard","has-post-thumbnail","hentry","category-noticias-diocesanas","tag-edicom","tag-pascom-2"],"_links":{"self":[{"href":"https:\/\/dioceseteixeiradefreitas.com.br\/index.php?rest_route=\/wp\/v2\/posts\/19723","targetHints":{"allow":["GET"]}}],"collection":[{"href":"https:\/\/dioceseteixeiradefreitas.com.br\/index.php?rest_route=\/wp\/v2\/posts"}],"about":[{"href":"https:\/\/dioceseteixeiradefreitas.com.br\/index.php?rest_route=\/wp\/v2\/types\/post"}],"author":[{"embeddable":true,"href":"https:\/\/dioceseteixeiradefreitas.com.br\/index.php?rest_route=\/wp\/v2\/users\/24"}],"replies":[{"embeddable":true,"href":"https:\/\/dioceseteixeiradefreitas.com.br\/index.php?rest_route=%2Fwp%2Fv2%2Fcomments&post=19723"}],"version-history":[{"count":3,"href":"https:\/\/dioceseteixeiradefreitas.com.br\/index.php?rest_route=\/wp\/v2\/posts\/19723\/revisions"}],"predecessor-version":[{"id":19727,"href":"https:\/\/dioceseteixeiradefreitas.com.br\/index.php?rest_route=\/wp\/v2\/posts\/19723\/revisions\/19727"}],"wp:featuredmedia":[{"embeddable":true,"href":"https:\/\/dioceseteixeiradefreitas.com.br\/index.php?rest_route=\/wp\/v2\/media\/19726"}],"wp:attachment":[{"href":"https:\/\/dioceseteixeiradefreitas.com.br\/index.php?rest_route=%2Fwp%2Fv2%2Fmedia&parent=19723"}],"wp:term":[{"taxonomy":"category","embeddable":true,"href":"https:\/\/dioceseteixeiradefreitas.com.br\/index.php?rest_route=%2Fwp%2Fv2%2Fcategories&post=19723"},{"taxonomy":"post_tag","embeddable":true,"href":"https:\/\/dioceseteixeiradefreitas.com.br\/index.php?rest_route=%2Fwp%2Fv2%2Ftags&post=19723"}],"curies":[{"name":"wp","href":"https:\/\/api.w.org\/{rel}","templated":true}]}}