{"id":19913,"date":"2023-05-18T15:13:52","date_gmt":"2023-05-18T18:13:52","guid":{"rendered":"https:\/\/dioceseteixeiradefreitas.com.br\/?p=19913"},"modified":"2023-05-18T20:15:16","modified_gmt":"2023-05-18T23:15:16","slug":"clero-diocesano-reune-se-para-momento-formativo","status":"publish","type":"post","link":"https:\/\/dioceseteixeiradefreitas.com.br\/?p=19913","title":{"rendered":"Clero diocesano re\u00fane-se para participar de momento formativo"},"content":{"rendered":"\n<p>Entre os dias 16 e 18 de maio de 2023, aconteceu no Centro Diocesano de Forma\u00e7\u00e3o, em Teixeira de Freitas &#8211; BA, a Forma\u00e7\u00e3o do Clero, tendo como palestrante convidado o Padre Evandro Stefanello, doutor em Direito Can\u00f4nico e juiz presidente do Tribunal Eclesi\u00e1stico Interdiocesano de Cuiab\u00e1 \u2013 MT.<\/p>\n\n\n\n<p>Durante estes ricos dias de forma\u00e7\u00e3o, o palestrante exp\u00f4s com limpidez o ordenamento, processos e encaminhamentos can\u00f4nicos relativos, mais especificamente, ao processo de nulidade matrimonial, direitos e deveres dos fi\u00e9is e dos cl\u00e9rigos, evidenciando que o ordenamento do Direito Can\u00f4nico \u00e9 e deve ser sempre mais \u2013 sobretudo ap\u00f3s a reforma instaurada pelo Papa Francisco atrav\u00e9s do <em>Motu Proprio Mitis Iudex Dominus Iesus<\/em> \u2013 mais pr\u00f3ximo ao fiel e \u00e0 sua realidade, dado que tem por objetivo a salva\u00e7\u00e3o das almas.<\/p>\n\n\n\n<p>Ao fim do itiner\u00e1rio de forma\u00e7\u00e3o, num momento de congra\u00e7amento, o clero, junto ao bispo, celebrou o dom da vida dos aniversariantes do m\u00eas de maio: padres Rog\u00e9rio Gon\u00e7alves, Vagner Batista, Vanderley de Oliveira, e Vitor Aguilar.<\/p>\n\n\n\n<p>Agradecemos ao Padre Evandro Stefanello por sua dedica\u00e7\u00e3o e generosidade para com a Santa Igreja, de modo especial, por sua disponibilidade em resposta \u00e0 solicita\u00e7\u00e3o de nossa Diocese, que certamente colher\u00e1 frutos destes dias de forma\u00e7\u00e3o confiada \u00e0&nbsp;sua&nbsp;assessoria.<\/p>\n\n\n\n<figure class=\"wp-block-gallery has-nested-images columns-default is-cropped wp-block-gallery-1 is-layout-flex wp-block-gallery-is-layout-flex\">\n<figure class=\"wp-block-image size-large\"><a href=\"https:\/\/dioceseteixeiradefreitas.com.br\/wp-content\/uploads\/2023\/05\/1.jpg\"><img loading=\"lazy\" decoding=\"async\" width=\"1280\" height=\"576\" data-id=\"19914\" src=\"https:\/\/dioceseteixeiradefreitas.com.br\/wp-content\/uploads\/2023\/05\/1-1024x461.jpg\" alt=\"\" class=\"wp-image-19914\" srcset=\"https:\/\/dioceseteixeiradefreitas.com.br\/wp-content\/uploads\/2023\/05\/1-1024x461.jpg 1024w, https:\/\/dioceseteixeiradefreitas.com.br\/wp-content\/uploads\/2023\/05\/1-300x135.jpg 300w, https:\/\/dioceseteixeiradefreitas.com.br\/wp-content\/uploads\/2023\/05\/1-768x346.jpg 768w, https:\/\/dioceseteixeiradefreitas.com.br\/wp-content\/uploads\/2023\/05\/1.jpg 1280w\" sizes=\"auto, (max-width: 1280px) 100vw, 1280px\" \/><\/a><\/figure>\n\n\n\n<figure class=\"wp-block-image size-large\"><a href=\"https:\/\/dioceseteixeiradefreitas.com.br\/wp-content\/uploads\/2023\/05\/2.jpg\"><img loading=\"lazy\" decoding=\"async\" width=\"1280\" height=\"527\" data-id=\"19915\" src=\"https:\/\/dioceseteixeiradefreitas.com.br\/wp-content\/uploads\/2023\/05\/2-1024x422.jpg\" alt=\"\" class=\"wp-image-19915\" srcset=\"https:\/\/dioceseteixeiradefreitas.com.br\/wp-content\/uploads\/2023\/05\/2-1024x422.jpg 1024w, https:\/\/dioceseteixeiradefreitas.com.br\/wp-content\/uploads\/2023\/05\/2-300x124.jpg 300w, https:\/\/dioceseteixeiradefreitas.com.br\/wp-content\/uploads\/2023\/05\/2-768x316.jpg 768w, https:\/\/dioceseteixeiradefreitas.com.br\/wp-content\/uploads\/2023\/05\/2.jpg 1280w\" sizes=\"auto, (max-width: 1280px) 100vw, 1280px\" \/><\/a><\/figure>\n\n\n\n<figure class=\"wp-block-image size-large\"><a href=\"https:\/\/dioceseteixeiradefreitas.com.br\/wp-content\/uploads\/2023\/05\/4.jpg\"><img loading=\"lazy\" decoding=\"async\" width=\"1024\" height=\"655\" data-id=\"19917\" src=\"https:\/\/dioceseteixeiradefreitas.com.br\/wp-content\/uploads\/2023\/05\/4-1024x655.jpg\" alt=\"\" class=\"wp-image-19917\" srcset=\"https:\/\/dioceseteixeiradefreitas.com.br\/wp-content\/uploads\/2023\/05\/4-1024x655.jpg 1024w, https:\/\/dioceseteixeiradefreitas.com.br\/wp-content\/uploads\/2023\/05\/4-300x192.jpg 300w, https:\/\/dioceseteixeiradefreitas.com.br\/wp-content\/uploads\/2023\/05\/4-768x491.jpg 768w, https:\/\/dioceseteixeiradefreitas.com.br\/wp-content\/uploads\/2023\/05\/4.jpg 1280w\" sizes=\"auto, (max-width: 1024px) 100vw, 1024px\" \/><\/a><\/figure>\n\n\n\n<figure class=\"wp-block-image size-large\"><a href=\"https:\/\/dioceseteixeiradefreitas.com.br\/wp-content\/uploads\/2023\/05\/5.jpg\"><img loading=\"lazy\" decoding=\"async\" width=\"1024\" height=\"718\" data-id=\"19918\" src=\"https:\/\/dioceseteixeiradefreitas.com.br\/wp-content\/uploads\/2023\/05\/5-1024x718.jpg\" alt=\"\" class=\"wp-image-19918\" srcset=\"https:\/\/dioceseteixeiradefreitas.com.br\/wp-content\/uploads\/2023\/05\/5-1024x718.jpg 1024w, https:\/\/dioceseteixeiradefreitas.com.br\/wp-content\/uploads\/2023\/05\/5-300x210.jpg 300w, https:\/\/dioceseteixeiradefreitas.com.br\/wp-content\/uploads\/2023\/05\/5-768x538.jpg 768w, https:\/\/dioceseteixeiradefreitas.com.br\/wp-content\/uploads\/2023\/05\/5.jpg 1280w\" sizes=\"auto, (max-width: 1024px) 100vw, 1024px\" \/><\/a><\/figure>\n\n\n\n<figure class=\"wp-block-image size-large\"><a href=\"https:\/\/dioceseteixeiradefreitas.com.br\/wp-content\/uploads\/2023\/05\/7.jpg\"><img loading=\"lazy\" decoding=\"async\" width=\"1024\" height=\"705\" data-id=\"19920\" src=\"https:\/\/dioceseteixeiradefreitas.com.br\/wp-content\/uploads\/2023\/05\/7-1024x705.jpg\" alt=\"\" class=\"wp-image-19920\" srcset=\"https:\/\/dioceseteixeiradefreitas.com.br\/wp-content\/uploads\/2023\/05\/7-1024x705.jpg 1024w, https:\/\/dioceseteixeiradefreitas.com.br\/wp-content\/uploads\/2023\/05\/7-300x206.jpg 300w, https:\/\/dioceseteixeiradefreitas.com.br\/wp-content\/uploads\/2023\/05\/7-768x529.jpg 768w, https:\/\/dioceseteixeiradefreitas.com.br\/wp-content\/uploads\/2023\/05\/7-220x150.jpg 220w, https:\/\/dioceseteixeiradefreitas.com.br\/wp-content\/uploads\/2023\/05\/7.jpg 1280w\" sizes=\"auto, (max-width: 1024px) 100vw, 1024px\" \/><\/a><\/figure>\n\n\n\n<figure class=\"wp-block-image size-large\"><a href=\"https:\/\/dioceseteixeiradefreitas.com.br\/wp-content\/uploads\/2023\/05\/IMG_20230518_114735-scaled-e1684433257259.jpg\"><img loading=\"lazy\" decoding=\"async\" width=\"1024\" height=\"365\" data-id=\"19923\" src=\"https:\/\/dioceseteixeiradefreitas.com.br\/wp-content\/uploads\/2023\/05\/IMG_20230518_114735-scaled-e1684433257259-1024x365.jpg\" alt=\"\" class=\"wp-image-19923\" srcset=\"https:\/\/dioceseteixeiradefreitas.com.br\/wp-content\/uploads\/2023\/05\/IMG_20230518_114735-scaled-e1684433257259-1024x365.jpg 1024w, https:\/\/dioceseteixeiradefreitas.com.br\/wp-content\/uploads\/2023\/05\/IMG_20230518_114735-scaled-e1684433257259-300x107.jpg 300w, https:\/\/dioceseteixeiradefreitas.com.br\/wp-content\/uploads\/2023\/05\/IMG_20230518_114735-scaled-e1684433257259-768x274.jpg 768w, https:\/\/dioceseteixeiradefreitas.com.br\/wp-content\/uploads\/2023\/05\/IMG_20230518_114735-scaled-e1684433257259-1536x548.jpg 1536w, https:\/\/dioceseteixeiradefreitas.com.br\/wp-content\/uploads\/2023\/05\/IMG_20230518_114735-scaled-e1684433257259-2048x730.jpg 2048w\" sizes=\"auto, (max-width: 1024px) 100vw, 1024px\" \/><\/a><\/figure>\n\n\n\n<figure class=\"wp-block-image size-large\"><a href=\"https:\/\/dioceseteixeiradefreitas.com.br\/wp-content\/uploads\/2023\/05\/IMG_20230518_125344_1-scaled.jpg\"><img loading=\"lazy\" decoding=\"async\" width=\"461\" height=\"1024\" data-id=\"19924\" src=\"https:\/\/dioceseteixeiradefreitas.com.br\/wp-content\/uploads\/2023\/05\/IMG_20230518_125344_1-461x1024.jpg\" alt=\"\" class=\"wp-image-19924\" srcset=\"https:\/\/dioceseteixeiradefreitas.com.br\/wp-content\/uploads\/2023\/05\/IMG_20230518_125344_1-461x1024.jpg 461w, https:\/\/dioceseteixeiradefreitas.com.br\/wp-content\/uploads\/2023\/05\/IMG_20230518_125344_1-135x300.jpg 135w, https:\/\/dioceseteixeiradefreitas.com.br\/wp-content\/uploads\/2023\/05\/IMG_20230518_125344_1-768x1707.jpg 768w, https:\/\/dioceseteixeiradefreitas.com.br\/wp-content\/uploads\/2023\/05\/IMG_20230518_125344_1-691x1536.jpg 691w, https:\/\/dioceseteixeiradefreitas.com.br\/wp-content\/uploads\/2023\/05\/IMG_20230518_125344_1-922x2048.jpg 922w, https:\/\/dioceseteixeiradefreitas.com.br\/wp-content\/uploads\/2023\/05\/IMG_20230518_125344_1-scaled.jpg 1152w\" sizes=\"auto, (max-width: 461px) 100vw, 461px\" \/><\/a><\/figure>\n\n\n\n<figure class=\"wp-block-image size-large\"><a href=\"https:\/\/dioceseteixeiradefreitas.com.br\/wp-content\/uploads\/2023\/05\/IMG-20230518-WA0038.jpg\"><img loading=\"lazy\" decoding=\"async\" width=\"768\" height=\"1024\" data-id=\"19925\" src=\"https:\/\/dioceseteixeiradefreitas.com.br\/wp-content\/uploads\/2023\/05\/IMG-20230518-WA0038-768x1024.jpg\" alt=\"\" class=\"wp-image-19925\" srcset=\"https:\/\/dioceseteixeiradefreitas.com.br\/wp-content\/uploads\/2023\/05\/IMG-20230518-WA0038-768x1024.jpg 768w, https:\/\/dioceseteixeiradefreitas.com.br\/wp-content\/uploads\/2023\/05\/IMG-20230518-WA0038-225x300.jpg 225w, https:\/\/dioceseteixeiradefreitas.com.br\/wp-content\/uploads\/2023\/05\/IMG-20230518-WA0038-1152x1536.jpg 1152w, https:\/\/dioceseteixeiradefreitas.com.br\/wp-content\/uploads\/2023\/05\/IMG-20230518-WA0038.jpg 1200w\" sizes=\"auto, (max-width: 768px) 100vw, 768px\" \/><\/a><\/figure>\n<\/figure>\n\n\n\n<p>Fotos e Textos: Pe. S\u00e1vio Marques Fiorot <\/p>\n","protected":false},"excerpt":{"rendered":"<p>Entre os dias 16 e 18 de maio de 2023, aconteceu no Centro Diocesano de Forma\u00e7\u00e3o, em Teixeira de Freitas &#8211; BA, a Forma\u00e7\u00e3o do Clero, tendo como palestrante convidado o Padre Evandro Stefanello, doutor em Direito Can\u00f4nico e juiz presidente do Tribunal Eclesi\u00e1stico Interdiocesano de Cuiab\u00e1 \u2013 MT. Durante estes ricos dias de forma\u00e7\u00e3o, &hellip;<\/p>\n","protected":false},"author":24,"featured_media":19920,"comment_status":"closed","ping_status":"closed","sticky":false,"template":"","format":"standard","meta":{"footnotes":""},"categories":[100],"tags":[361,1192],"class_list":["post-19913","post","type-post","status-publish","format-standard","has-post-thumbnail","hentry","category-noticias-diocesanas","tag-formacao-do-clero","tag-formacao-permanente"],"_links":{"self":[{"href":"https:\/\/dioceseteixeiradefreitas.com.br\/index.php?rest_route=\/wp\/v2\/posts\/19913","targetHints":{"allow":["GET"]}}],"collection":[{"href":"https:\/\/dioceseteixeiradefreitas.com.br\/index.php?rest_route=\/wp\/v2\/posts"}],"about":[{"href":"https:\/\/dioceseteixeiradefreitas.com.br\/index.php?rest_route=\/wp\/v2\/types\/post"}],"author":[{"embeddable":true,"href":"https:\/\/dioceseteixeiradefreitas.com.br\/index.php?rest_route=\/wp\/v2\/users\/24"}],"replies":[{"embeddable":true,"href":"https:\/\/dioceseteixeiradefreitas.com.br\/index.php?rest_route=%2Fwp%2Fv2%2Fcomments&post=19913"}],"version-history":[{"count":3,"href":"https:\/\/dioceseteixeiradefreitas.com.br\/index.php?rest_route=\/wp\/v2\/posts\/19913\/revisions"}],"predecessor-version":[{"id":19943,"href":"https:\/\/dioceseteixeiradefreitas.com.br\/index.php?rest_route=\/wp\/v2\/posts\/19913\/revisions\/19943"}],"wp:featuredmedia":[{"embeddable":true,"href":"https:\/\/dioceseteixeiradefreitas.com.br\/index.php?rest_route=\/wp\/v2\/media\/19920"}],"wp:attachment":[{"href":"https:\/\/dioceseteixeiradefreitas.com.br\/index.php?rest_route=%2Fwp%2Fv2%2Fmedia&parent=19913"}],"wp:term":[{"taxonomy":"category","embeddable":true,"href":"https:\/\/dioceseteixeiradefreitas.com.br\/index.php?rest_route=%2Fwp%2Fv2%2Fcategories&post=19913"},{"taxonomy":"post_tag","embeddable":true,"href":"https:\/\/dioceseteixeiradefreitas.com.br\/index.php?rest_route=%2Fwp%2Fv2%2Ftags&post=19913"}],"curies":[{"name":"wp","href":"https:\/\/api.w.org\/{rel}","templated":true}]}}