{"id":19928,"date":"2023-05-19T14:51:59","date_gmt":"2023-05-19T17:51:59","guid":{"rendered":"https:\/\/dioceseteixeiradefreitas.com.br\/?p=19928"},"modified":"2023-05-19T14:57:54","modified_gmt":"2023-05-19T17:57:54","slug":"edicom-virtual-2023-participe","status":"publish","type":"post","link":"https:\/\/dioceseteixeiradefreitas.com.br\/?p=19928","title":{"rendered":"EDICOM VIRTUAL 2023 &#8211; Participe"},"content":{"rendered":"\n<p>No dia 20 de Maio de 2023, a partir das 13h 30, o Encontro Diocesano de Comunica\u00e7\u00e3o (EDICOM) 2023. Este ano o evento ser\u00e1 no formato virtual. A programa\u00e7\u00e3o do encontro contar\u00e1 com momentos de ora\u00e7\u00e3o, partilha e de forma\u00e7\u00e3o em diversas \u00e1reas de atua\u00e7\u00e3o na Comunica\u00e7\u00e3o da Igreja. A Coordena\u00e7\u00e3o Diocesana da Pastoral da Comunica\u00e7\u00e3o (PASCOM) junto com o seu assessor diocesano, Pe. S\u00e1vio Fiorot, convida todos(as) os(as) agentes da PASCOM de toda diocese, assim como, membros de outras pastorais e movimentos que sirvam na \u00e1rea de comunica\u00e7\u00e3o, para participar do Encontro.<\/p>\n\n\n\n<p>Para participar do EDICOM 2023, acesse: <a href=\"https:\/\/meet.google.com\/saj-ypcb-jyr\" target=\"_blank\" rel=\"noreferrer noopener\">https:\/\/meet.google.com\/saj-ypcb-jyr<\/a><\/p>\n\n\n\n<p>Confira os nossos palestrantes:<\/p>\n\n\n\n<figure class=\"wp-block-gallery has-nested-images columns-4 is-cropped wp-block-gallery-1 is-layout-flex wp-block-gallery-is-layout-flex\">\n<figure class=\"wp-block-image size-large\"><a href=\"https:\/\/dioceseteixeiradefreitas.com.br\/wp-content\/uploads\/2023\/05\/ARNALDO-SANTOS.jpg\"><img loading=\"lazy\" decoding=\"async\" width=\"1024\" height=\"1024\" data-id=\"19932\" src=\"https:\/\/dioceseteixeiradefreitas.com.br\/wp-content\/uploads\/2023\/05\/ARNALDO-SANTOS-1024x1024.jpg\" alt=\"\" class=\"wp-image-19932\" srcset=\"https:\/\/dioceseteixeiradefreitas.com.br\/wp-content\/uploads\/2023\/05\/ARNALDO-SANTOS-1024x1024.jpg 1024w, https:\/\/dioceseteixeiradefreitas.com.br\/wp-content\/uploads\/2023\/05\/ARNALDO-SANTOS-300x300.jpg 300w, https:\/\/dioceseteixeiradefreitas.com.br\/wp-content\/uploads\/2023\/05\/ARNALDO-SANTOS-150x150.jpg 150w, https:\/\/dioceseteixeiradefreitas.com.br\/wp-content\/uploads\/2023\/05\/ARNALDO-SANTOS-768x768.jpg 768w, https:\/\/dioceseteixeiradefreitas.com.br\/wp-content\/uploads\/2023\/05\/ARNALDO-SANTOS.jpg 1080w\" sizes=\"auto, (max-width: 1024px) 100vw, 1024px\" \/><\/a><\/figure>\n\n\n\n<figure class=\"wp-block-image size-large\"><a href=\"https:\/\/dioceseteixeiradefreitas.com.br\/wp-content\/uploads\/2023\/05\/HANNA.jpg\"><img loading=\"lazy\" decoding=\"async\" width=\"1024\" height=\"1024\" data-id=\"19931\" src=\"https:\/\/dioceseteixeiradefreitas.com.br\/wp-content\/uploads\/2023\/05\/HANNA-1024x1024.jpg\" alt=\"\" class=\"wp-image-19931\" srcset=\"https:\/\/dioceseteixeiradefreitas.com.br\/wp-content\/uploads\/2023\/05\/HANNA-1024x1024.jpg 1024w, https:\/\/dioceseteixeiradefreitas.com.br\/wp-content\/uploads\/2023\/05\/HANNA-300x300.jpg 300w, https:\/\/dioceseteixeiradefreitas.com.br\/wp-content\/uploads\/2023\/05\/HANNA-150x150.jpg 150w, https:\/\/dioceseteixeiradefreitas.com.br\/wp-content\/uploads\/2023\/05\/HANNA-768x768.jpg 768w, https:\/\/dioceseteixeiradefreitas.com.br\/wp-content\/uploads\/2023\/05\/HANNA.jpg 1080w\" sizes=\"auto, (max-width: 1024px) 100vw, 1024px\" \/><\/a><\/figure>\n\n\n\n<figure class=\"wp-block-image size-large\"><a href=\"https:\/\/dioceseteixeiradefreitas.com.br\/wp-content\/uploads\/2023\/05\/JULIAN-RIGO.jpg\"><img loading=\"lazy\" decoding=\"async\" width=\"1024\" height=\"1024\" data-id=\"19930\" src=\"https:\/\/dioceseteixeiradefreitas.com.br\/wp-content\/uploads\/2023\/05\/JULIAN-RIGO-1024x1024.jpg\" alt=\"\" class=\"wp-image-19930\" srcset=\"https:\/\/dioceseteixeiradefreitas.com.br\/wp-content\/uploads\/2023\/05\/JULIAN-RIGO-1024x1024.jpg 1024w, https:\/\/dioceseteixeiradefreitas.com.br\/wp-content\/uploads\/2023\/05\/JULIAN-RIGO-300x300.jpg 300w, https:\/\/dioceseteixeiradefreitas.com.br\/wp-content\/uploads\/2023\/05\/JULIAN-RIGO-150x150.jpg 150w, https:\/\/dioceseteixeiradefreitas.com.br\/wp-content\/uploads\/2023\/05\/JULIAN-RIGO-768x768.jpg 768w, https:\/\/dioceseteixeiradefreitas.com.br\/wp-content\/uploads\/2023\/05\/JULIAN-RIGO.jpg 1080w\" sizes=\"auto, (max-width: 1024px) 100vw, 1024px\" \/><\/a><\/figure>\n\n\n\n<figure class=\"wp-block-image size-large\"><a href=\"https:\/\/dioceseteixeiradefreitas.com.br\/wp-content\/uploads\/2023\/05\/VINICIUS-DIAS.jpg\"><img loading=\"lazy\" decoding=\"async\" width=\"1024\" height=\"1024\" data-id=\"19929\" src=\"https:\/\/dioceseteixeiradefreitas.com.br\/wp-content\/uploads\/2023\/05\/VINICIUS-DIAS-1024x1024.jpg\" alt=\"\" class=\"wp-image-19929\" srcset=\"https:\/\/dioceseteixeiradefreitas.com.br\/wp-content\/uploads\/2023\/05\/VINICIUS-DIAS-1024x1024.jpg 1024w, https:\/\/dioceseteixeiradefreitas.com.br\/wp-content\/uploads\/2023\/05\/VINICIUS-DIAS-300x300.jpg 300w, https:\/\/dioceseteixeiradefreitas.com.br\/wp-content\/uploads\/2023\/05\/VINICIUS-DIAS-150x150.jpg 150w, https:\/\/dioceseteixeiradefreitas.com.br\/wp-content\/uploads\/2023\/05\/VINICIUS-DIAS-768x768.jpg 768w, https:\/\/dioceseteixeiradefreitas.com.br\/wp-content\/uploads\/2023\/05\/VINICIUS-DIAS.jpg 1080w\" sizes=\"auto, (max-width: 1024px) 100vw, 1024px\" \/><\/a><\/figure>\n<\/figure>\n\n\n\n<p><\/p>\n","protected":false},"excerpt":{"rendered":"<p>No dia 20 de Maio de 2023, a partir das 13h 30, o Encontro Diocesano de Comunica\u00e7\u00e3o (EDICOM) 2023. Este ano o evento ser\u00e1 no formato virtual. A programa\u00e7\u00e3o do encontro contar\u00e1 com momentos de ora\u00e7\u00e3o, partilha e de forma\u00e7\u00e3o em diversas \u00e1reas de atua\u00e7\u00e3o na Comunica\u00e7\u00e3o da Igreja. A Coordena\u00e7\u00e3o Diocesana da Pastoral da &hellip;<\/p>\n","protected":false},"author":24,"featured_media":19726,"comment_status":"closed","ping_status":"closed","sticky":false,"template":"","format":"standard","meta":{"footnotes":""},"categories":[100],"tags":[1193,30],"class_list":["post-19928","post","type-post","status-publish","format-standard","has-post-thumbnail","hentry","category-noticias-diocesanas","tag-edicom-2023","tag-pascom-2"],"_links":{"self":[{"href":"https:\/\/dioceseteixeiradefreitas.com.br\/index.php?rest_route=\/wp\/v2\/posts\/19928","targetHints":{"allow":["GET"]}}],"collection":[{"href":"https:\/\/dioceseteixeiradefreitas.com.br\/index.php?rest_route=\/wp\/v2\/posts"}],"about":[{"href":"https:\/\/dioceseteixeiradefreitas.com.br\/index.php?rest_route=\/wp\/v2\/types\/post"}],"author":[{"embeddable":true,"href":"https:\/\/dioceseteixeiradefreitas.com.br\/index.php?rest_route=\/wp\/v2\/users\/24"}],"replies":[{"embeddable":true,"href":"https:\/\/dioceseteixeiradefreitas.com.br\/index.php?rest_route=%2Fwp%2Fv2%2Fcomments&post=19928"}],"version-history":[{"count":3,"href":"https:\/\/dioceseteixeiradefreitas.com.br\/index.php?rest_route=\/wp\/v2\/posts\/19928\/revisions"}],"predecessor-version":[{"id":19945,"href":"https:\/\/dioceseteixeiradefreitas.com.br\/index.php?rest_route=\/wp\/v2\/posts\/19928\/revisions\/19945"}],"wp:featuredmedia":[{"embeddable":true,"href":"https:\/\/dioceseteixeiradefreitas.com.br\/index.php?rest_route=\/wp\/v2\/media\/19726"}],"wp:attachment":[{"href":"https:\/\/dioceseteixeiradefreitas.com.br\/index.php?rest_route=%2Fwp%2Fv2%2Fmedia&parent=19928"}],"wp:term":[{"taxonomy":"category","embeddable":true,"href":"https:\/\/dioceseteixeiradefreitas.com.br\/index.php?rest_route=%2Fwp%2Fv2%2Fcategories&post=19928"},{"taxonomy":"post_tag","embeddable":true,"href":"https:\/\/dioceseteixeiradefreitas.com.br\/index.php?rest_route=%2Fwp%2Fv2%2Ftags&post=19928"}],"curies":[{"name":"wp","href":"https:\/\/api.w.org\/{rel}","templated":true}]}}