{"id":19949,"date":"2023-05-22T19:53:06","date_gmt":"2023-05-22T22:53:06","guid":{"rendered":"https:\/\/dioceseteixeiradefreitas.com.br\/?p=19949"},"modified":"2023-06-02T16:02:19","modified_gmt":"2023-06-02T19:02:19","slug":"%f0%9d%9f%b1%f0%9d%9f%b3-%f0%9d%97%97%f0%9d%97%9c%f0%9d%97%94-%f0%9d%97%a0%f0%9d%97%a8%f0%9d%97%a1%f0%9d%97%97%f0%9d%97%9c%f0%9d%97%94%f0%9d%97%9f-%f0%9d%97%97%f0%9d%97%94%f0%9d%97%a6","status":"publish","type":"post","link":"https:\/\/dioceseteixeiradefreitas.com.br\/?p=19949","title":{"rendered":"57\u00ba Dia Mundial das Comunica\u00e7\u00f5es Sociais \u00e9 marcado pela Missa Solene com a participa\u00e7\u00e3o da PASCOM Q.P. Cristo Rei"},"content":{"rendered":"\n<p>Papa Francisco em sua mensagem para o 57\u00b0 dia mundial das comunica\u00e7\u00f5es sociais, diz:<\/p>\n\n\n\n<p>&#8220;Na Igreja, temos urgente necessidade duma comunica\u00e7\u00e3o que inflame os cora\u00e7\u00f5es, seja b\u00e1lsamo nas feridas e ilumine o caminho dos irm\u00e3os e irm\u00e3s. [&#8230;] Uma comunica\u00e7\u00e3o que coloque no centro a rela\u00e7\u00e3o com Deus e com o pr\u00f3ximo, especialmente o mais necessitado, e esteja mais preocupada em acender o fogo da f\u00e9 do que em preservar as cinzas duma identidade autorreferencial&#8221;.<\/p>\n\n\n\n<p>Em comunh\u00e3o sinodal, na manh\u00e3 deste domingo, Solenidade da Ascens\u00e3o do Senhor, A PASCOM da Quase Par\u00f3quia Cristo Rei, participou da celebra\u00e7\u00e3o Eucar\u00edstica presidida pelo Padre Waldemir Oliveira, com a inser\u00e7\u00e3o dos agentes na liturgia.<\/p>\n\n\n\n<p>Durante a homilia o Padre enfatizou o dia Mundial das comunica\u00e7\u00f5es estar atrelado a Solenidade da Ascens\u00e3o do Senhor, em que Cristo envia aos disc\u00edpulos a serem comunicadores da Boa Nova, em que diz:<\/p>\n\n\n\n<p>&#8220;Eu posso falar com certeza a import\u00e2ncia da PASCOM em levar a palavra de Deus por meio dos instrumentos e meios de comunica\u00e7\u00e3o em que no evangelho de hoje, a Ascens\u00e3o do Senhor, em que Cristo deixa para os disc\u00edpulos a miss\u00e3o de anunciar a palavra do Senhor&#8221;.<\/p>\n\n\n\n<p>E ainda reitera a miss\u00e3o pastoral da Pascom:<\/p>\n\n\n\n<p>&#8220;\u00c9 est\u00e1 comunica\u00e7\u00e3o que Cristo nos fala, nos impulsiona para irmos e pregar o evangelho. [&#8230;] Cristo fez de seus disc\u00edpulos instrumentos para evangelizar. [&#8230;] A PASCOM nos leva a ver a beleza suprema e divina de Cristo em nosso meio&#8221;.<\/p>\n\n\n\n<p>Ao final da Santa Missa o padre deu uma ben\u00e7\u00e3o aos agentes da PASCOM e aspergiu \u00e1gua benta. O agente Lucas Santos, vice-coordenador e comentarista da presente celebra\u00e7\u00e3o, leu uma mensagem da qual direcionou a comunidade sobre a miss\u00e3o pastoral da Pascom: <\/p>\n\n\n\n<p>&#8220;A nossa miss\u00e3o pastoral \u00e9 fortalecer as rela\u00e7\u00f5es entre as comunidades, gerar unidade entre todas as pastorais, movimentos, servi\u00e7os e organismos. Ter como foco ouvir as necessidades e divulgar as a\u00e7\u00f5es realizadas por todas as pastorais que atuam na Igreja, tornando-se um importante canal de comunica\u00e7\u00e3o, com o objetivo de chegar a todas as pessoas, tanto as que j\u00e1 est\u00e3o inseridas na realidade eclesial, quanto as que ainda n\u00e3o realizaram essa experi\u00eancia de f\u00e9. Ser agente da Pascom \u00e9 ser um comunicador comprometido com a Verdade, A F\u00e9 e a Esperan\u00e7a.&#8221;<\/p>\n\n\n\n<p>A Santa Missa tamb\u00e9m foi marcada pela participa\u00e7\u00e3o do D\u00edzimo, que todo 3\u00b0 domingo do m\u00eas, est\u00e1 em a\u00e7\u00e3o de gra\u00e7as aos dizimistas e que sorteou brindes aos dizimistas aniversariantes do m\u00eas.<\/p>\n\n\n\n<figure class=\"wp-block-gallery has-nested-images columns-default is-cropped wp-block-gallery-1 is-layout-flex wp-block-gallery-is-layout-flex\">\n<figure class=\"wp-block-image size-large\"><a href=\"https:\/\/dioceseteixeiradefreitas.com.br\/wp-content\/uploads\/2023\/05\/IMG-20230522-WA0025.jpg\"><img loading=\"lazy\" decoding=\"async\" width=\"768\" height=\"1024\" data-id=\"19956\" src=\"https:\/\/dioceseteixeiradefreitas.com.br\/wp-content\/uploads\/2023\/05\/IMG-20230522-WA0025-768x1024.jpg\" alt=\"\" class=\"wp-image-19956\" srcset=\"https:\/\/dioceseteixeiradefreitas.com.br\/wp-content\/uploads\/2023\/05\/IMG-20230522-WA0025-768x1024.jpg 768w, https:\/\/dioceseteixeiradefreitas.com.br\/wp-content\/uploads\/2023\/05\/IMG-20230522-WA0025-225x300.jpg 225w, https:\/\/dioceseteixeiradefreitas.com.br\/wp-content\/uploads\/2023\/05\/IMG-20230522-WA0025-1152x1536.jpg 1152w, https:\/\/dioceseteixeiradefreitas.com.br\/wp-content\/uploads\/2023\/05\/IMG-20230522-WA0025.jpg 1200w\" sizes=\"auto, (max-width: 768px) 100vw, 768px\" \/><\/a><\/figure>\n\n\n\n<figure class=\"wp-block-image size-large\"><a href=\"https:\/\/dioceseteixeiradefreitas.com.br\/wp-content\/uploads\/2023\/05\/IMG-20230522-WA0013.jpg\"><img loading=\"lazy\" decoding=\"async\" width=\"768\" height=\"1024\" data-id=\"19951\" src=\"https:\/\/dioceseteixeiradefreitas.com.br\/wp-content\/uploads\/2023\/05\/IMG-20230522-WA0013-768x1024.jpg\" alt=\"\" class=\"wp-image-19951\" srcset=\"https:\/\/dioceseteixeiradefreitas.com.br\/wp-content\/uploads\/2023\/05\/IMG-20230522-WA0013-768x1024.jpg 768w, https:\/\/dioceseteixeiradefreitas.com.br\/wp-content\/uploads\/2023\/05\/IMG-20230522-WA0013-225x300.jpg 225w, https:\/\/dioceseteixeiradefreitas.com.br\/wp-content\/uploads\/2023\/05\/IMG-20230522-WA0013-1152x1536.jpg 1152w, https:\/\/dioceseteixeiradefreitas.com.br\/wp-content\/uploads\/2023\/05\/IMG-20230522-WA0013.jpg 1200w\" sizes=\"auto, (max-width: 768px) 100vw, 768px\" \/><\/a><\/figure>\n\n\n\n<figure class=\"wp-block-image size-large\"><a href=\"https:\/\/dioceseteixeiradefreitas.com.br\/wp-content\/uploads\/2023\/05\/IMG-20230522-WA0014.jpg\"><img loading=\"lazy\" decoding=\"async\" width=\"768\" height=\"1024\" data-id=\"19952\" src=\"https:\/\/dioceseteixeiradefreitas.com.br\/wp-content\/uploads\/2023\/05\/IMG-20230522-WA0014-768x1024.jpg\" alt=\"\" class=\"wp-image-19952\" srcset=\"https:\/\/dioceseteixeiradefreitas.com.br\/wp-content\/uploads\/2023\/05\/IMG-20230522-WA0014-768x1024.jpg 768w, https:\/\/dioceseteixeiradefreitas.com.br\/wp-content\/uploads\/2023\/05\/IMG-20230522-WA0014-225x300.jpg 225w, https:\/\/dioceseteixeiradefreitas.com.br\/wp-content\/uploads\/2023\/05\/IMG-20230522-WA0014-1152x1536.jpg 1152w, https:\/\/dioceseteixeiradefreitas.com.br\/wp-content\/uploads\/2023\/05\/IMG-20230522-WA0014.jpg 1200w\" sizes=\"auto, (max-width: 768px) 100vw, 768px\" \/><\/a><\/figure>\n\n\n\n<figure class=\"wp-block-image size-large\"><a href=\"https:\/\/dioceseteixeiradefreitas.com.br\/wp-content\/uploads\/2023\/05\/IMG-20230522-WA0018.jpg\"><img loading=\"lazy\" decoding=\"async\" width=\"768\" height=\"1024\" data-id=\"19954\" src=\"https:\/\/dioceseteixeiradefreitas.com.br\/wp-content\/uploads\/2023\/05\/IMG-20230522-WA0018-768x1024.jpg\" alt=\"\" class=\"wp-image-19954\" srcset=\"https:\/\/dioceseteixeiradefreitas.com.br\/wp-content\/uploads\/2023\/05\/IMG-20230522-WA0018-768x1024.jpg 768w, https:\/\/dioceseteixeiradefreitas.com.br\/wp-content\/uploads\/2023\/05\/IMG-20230522-WA0018-225x300.jpg 225w, https:\/\/dioceseteixeiradefreitas.com.br\/wp-content\/uploads\/2023\/05\/IMG-20230522-WA0018-1152x1536.jpg 1152w, https:\/\/dioceseteixeiradefreitas.com.br\/wp-content\/uploads\/2023\/05\/IMG-20230522-WA0018.jpg 1200w\" sizes=\"auto, (max-width: 768px) 100vw, 768px\" \/><\/a><\/figure>\n\n\n\n<figure class=\"wp-block-image size-large\"><a href=\"https:\/\/dioceseteixeiradefreitas.com.br\/wp-content\/uploads\/2023\/05\/IMG-20230522-WA0017.jpg\"><img loading=\"lazy\" decoding=\"async\" width=\"768\" height=\"1024\" data-id=\"19955\" src=\"https:\/\/dioceseteixeiradefreitas.com.br\/wp-content\/uploads\/2023\/05\/IMG-20230522-WA0017-768x1024.jpg\" alt=\"\" class=\"wp-image-19955\" srcset=\"https:\/\/dioceseteixeiradefreitas.com.br\/wp-content\/uploads\/2023\/05\/IMG-20230522-WA0017-768x1024.jpg 768w, https:\/\/dioceseteixeiradefreitas.com.br\/wp-content\/uploads\/2023\/05\/IMG-20230522-WA0017-225x300.jpg 225w, https:\/\/dioceseteixeiradefreitas.com.br\/wp-content\/uploads\/2023\/05\/IMG-20230522-WA0017-1152x1536.jpg 1152w, https:\/\/dioceseteixeiradefreitas.com.br\/wp-content\/uploads\/2023\/05\/IMG-20230522-WA0017.jpg 1200w\" sizes=\"auto, (max-width: 768px) 100vw, 768px\" \/><\/a><\/figure>\n\n\n\n<figure class=\"wp-block-image size-large\"><a href=\"https:\/\/dioceseteixeiradefreitas.com.br\/wp-content\/uploads\/2023\/05\/IMG-20230522-WA0012.jpg\"><img loading=\"lazy\" decoding=\"async\" width=\"768\" height=\"1024\" data-id=\"19953\" src=\"https:\/\/dioceseteixeiradefreitas.com.br\/wp-content\/uploads\/2023\/05\/IMG-20230522-WA0012-768x1024.jpg\" alt=\"\" class=\"wp-image-19953\" srcset=\"https:\/\/dioceseteixeiradefreitas.com.br\/wp-content\/uploads\/2023\/05\/IMG-20230522-WA0012-768x1024.jpg 768w, https:\/\/dioceseteixeiradefreitas.com.br\/wp-content\/uploads\/2023\/05\/IMG-20230522-WA0012-225x300.jpg 225w, https:\/\/dioceseteixeiradefreitas.com.br\/wp-content\/uploads\/2023\/05\/IMG-20230522-WA0012-1152x1536.jpg 1152w, https:\/\/dioceseteixeiradefreitas.com.br\/wp-content\/uploads\/2023\/05\/IMG-20230522-WA0012.jpg 1200w\" sizes=\"auto, (max-width: 768px) 100vw, 768px\" \/><\/a><\/figure>\n\n\n\n<figure class=\"wp-block-image size-large\"><a href=\"https:\/\/dioceseteixeiradefreitas.com.br\/wp-content\/uploads\/2023\/05\/IMG-20230522-WA0015.jpg\"><img loading=\"lazy\" decoding=\"async\" width=\"768\" height=\"1024\" data-id=\"19958\" src=\"https:\/\/dioceseteixeiradefreitas.com.br\/wp-content\/uploads\/2023\/05\/IMG-20230522-WA0015-768x1024.jpg\" alt=\"\" class=\"wp-image-19958\" srcset=\"https:\/\/dioceseteixeiradefreitas.com.br\/wp-content\/uploads\/2023\/05\/IMG-20230522-WA0015-768x1024.jpg 768w, https:\/\/dioceseteixeiradefreitas.com.br\/wp-content\/uploads\/2023\/05\/IMG-20230522-WA0015-225x300.jpg 225w, https:\/\/dioceseteixeiradefreitas.com.br\/wp-content\/uploads\/2023\/05\/IMG-20230522-WA0015-1152x1536.jpg 1152w, https:\/\/dioceseteixeiradefreitas.com.br\/wp-content\/uploads\/2023\/05\/IMG-20230522-WA0015.jpg 1200w\" sizes=\"auto, (max-width: 768px) 100vw, 768px\" \/><\/a><\/figure>\n\n\n\n<figure class=\"wp-block-image size-large\"><a href=\"https:\/\/dioceseteixeiradefreitas.com.br\/wp-content\/uploads\/2023\/05\/IMG-20230522-WA0016.jpg\"><img loading=\"lazy\" decoding=\"async\" width=\"768\" height=\"1024\" data-id=\"19967\" src=\"https:\/\/dioceseteixeiradefreitas.com.br\/wp-content\/uploads\/2023\/05\/IMG-20230522-WA0016-768x1024.jpg\" alt=\"\" class=\"wp-image-19967\" srcset=\"https:\/\/dioceseteixeiradefreitas.com.br\/wp-content\/uploads\/2023\/05\/IMG-20230522-WA0016-768x1024.jpg 768w, https:\/\/dioceseteixeiradefreitas.com.br\/wp-content\/uploads\/2023\/05\/IMG-20230522-WA0016-225x300.jpg 225w, https:\/\/dioceseteixeiradefreitas.com.br\/wp-content\/uploads\/2023\/05\/IMG-20230522-WA0016-1152x1536.jpg 1152w, https:\/\/dioceseteixeiradefreitas.com.br\/wp-content\/uploads\/2023\/05\/IMG-20230522-WA0016.jpg 1200w\" sizes=\"auto, (max-width: 768px) 100vw, 768px\" \/><\/a><\/figure>\n\n\n\n<figure class=\"wp-block-image size-large\"><a href=\"https:\/\/dioceseteixeiradefreitas.com.br\/wp-content\/uploads\/2023\/05\/IMG-20230522-WA0020.jpg\"><img loading=\"lazy\" decoding=\"async\" width=\"768\" height=\"1024\" data-id=\"19959\" src=\"https:\/\/dioceseteixeiradefreitas.com.br\/wp-content\/uploads\/2023\/05\/IMG-20230522-WA0020-768x1024.jpg\" alt=\"\" class=\"wp-image-19959\" srcset=\"https:\/\/dioceseteixeiradefreitas.com.br\/wp-content\/uploads\/2023\/05\/IMG-20230522-WA0020-768x1024.jpg 768w, https:\/\/dioceseteixeiradefreitas.com.br\/wp-content\/uploads\/2023\/05\/IMG-20230522-WA0020-225x300.jpg 225w, https:\/\/dioceseteixeiradefreitas.com.br\/wp-content\/uploads\/2023\/05\/IMG-20230522-WA0020-1152x1536.jpg 1152w, https:\/\/dioceseteixeiradefreitas.com.br\/wp-content\/uploads\/2023\/05\/IMG-20230522-WA0020.jpg 1200w\" sizes=\"auto, (max-width: 768px) 100vw, 768px\" \/><\/a><\/figure>\n\n\n\n<figure class=\"wp-block-image size-large\"><a href=\"https:\/\/dioceseteixeiradefreitas.com.br\/wp-content\/uploads\/2023\/05\/IMG-20230522-WA0021.jpg\"><img loading=\"lazy\" decoding=\"async\" width=\"768\" height=\"1024\" data-id=\"19963\" src=\"https:\/\/dioceseteixeiradefreitas.com.br\/wp-content\/uploads\/2023\/05\/IMG-20230522-WA0021-768x1024.jpg\" alt=\"\" class=\"wp-image-19963\" srcset=\"https:\/\/dioceseteixeiradefreitas.com.br\/wp-content\/uploads\/2023\/05\/IMG-20230522-WA0021-768x1024.jpg 768w, https:\/\/dioceseteixeiradefreitas.com.br\/wp-content\/uploads\/2023\/05\/IMG-20230522-WA0021-225x300.jpg 225w, https:\/\/dioceseteixeiradefreitas.com.br\/wp-content\/uploads\/2023\/05\/IMG-20230522-WA0021-1152x1536.jpg 1152w, https:\/\/dioceseteixeiradefreitas.com.br\/wp-content\/uploads\/2023\/05\/IMG-20230522-WA0021.jpg 1200w\" sizes=\"auto, (max-width: 768px) 100vw, 768px\" \/><\/a><\/figure>\n\n\n\n<figure class=\"wp-block-image size-large\"><a href=\"https:\/\/dioceseteixeiradefreitas.com.br\/wp-content\/uploads\/2023\/05\/IMG-20230522-WA0022.jpg\"><img loading=\"lazy\" decoding=\"async\" width=\"768\" height=\"1024\" data-id=\"19965\" src=\"https:\/\/dioceseteixeiradefreitas.com.br\/wp-content\/uploads\/2023\/05\/IMG-20230522-WA0022-768x1024.jpg\" alt=\"\" class=\"wp-image-19965\" srcset=\"https:\/\/dioceseteixeiradefreitas.com.br\/wp-content\/uploads\/2023\/05\/IMG-20230522-WA0022-768x1024.jpg 768w, https:\/\/dioceseteixeiradefreitas.com.br\/wp-content\/uploads\/2023\/05\/IMG-20230522-WA0022-225x300.jpg 225w, https:\/\/dioceseteixeiradefreitas.com.br\/wp-content\/uploads\/2023\/05\/IMG-20230522-WA0022-1152x1536.jpg 1152w, https:\/\/dioceseteixeiradefreitas.com.br\/wp-content\/uploads\/2023\/05\/IMG-20230522-WA0022.jpg 1200w\" sizes=\"auto, (max-width: 768px) 100vw, 768px\" \/><\/a><\/figure>\n\n\n\n<figure class=\"wp-block-image size-large\"><a href=\"https:\/\/dioceseteixeiradefreitas.com.br\/wp-content\/uploads\/2023\/05\/IMG-20230522-WA0023.jpg\"><img loading=\"lazy\" decoding=\"async\" width=\"768\" height=\"1024\" data-id=\"19962\" src=\"https:\/\/dioceseteixeiradefreitas.com.br\/wp-content\/uploads\/2023\/05\/IMG-20230522-WA0023-768x1024.jpg\" alt=\"\" class=\"wp-image-19962\" srcset=\"https:\/\/dioceseteixeiradefreitas.com.br\/wp-content\/uploads\/2023\/05\/IMG-20230522-WA0023-768x1024.jpg 768w, https:\/\/dioceseteixeiradefreitas.com.br\/wp-content\/uploads\/2023\/05\/IMG-20230522-WA0023-225x300.jpg 225w, https:\/\/dioceseteixeiradefreitas.com.br\/wp-content\/uploads\/2023\/05\/IMG-20230522-WA0023-1152x1536.jpg 1152w, https:\/\/dioceseteixeiradefreitas.com.br\/wp-content\/uploads\/2023\/05\/IMG-20230522-WA0023.jpg 1200w\" sizes=\"auto, (max-width: 768px) 100vw, 768px\" \/><\/a><\/figure>\n\n\n\n<figure class=\"wp-block-image size-large\"><a href=\"https:\/\/dioceseteixeiradefreitas.com.br\/wp-content\/uploads\/2023\/05\/IMG-20230522-WA0024.jpg\"><img loading=\"lazy\" decoding=\"async\" width=\"768\" height=\"1024\" data-id=\"19964\" src=\"https:\/\/dioceseteixeiradefreitas.com.br\/wp-content\/uploads\/2023\/05\/IMG-20230522-WA0024-768x1024.jpg\" alt=\"\" class=\"wp-image-19964\" srcset=\"https:\/\/dioceseteixeiradefreitas.com.br\/wp-content\/uploads\/2023\/05\/IMG-20230522-WA0024-768x1024.jpg 768w, https:\/\/dioceseteixeiradefreitas.com.br\/wp-content\/uploads\/2023\/05\/IMG-20230522-WA0024-225x300.jpg 225w, https:\/\/dioceseteixeiradefreitas.com.br\/wp-content\/uploads\/2023\/05\/IMG-20230522-WA0024-1152x1536.jpg 1152w, https:\/\/dioceseteixeiradefreitas.com.br\/wp-content\/uploads\/2023\/05\/IMG-20230522-WA0024.jpg 1200w\" sizes=\"auto, (max-width: 768px) 100vw, 768px\" \/><\/a><\/figure>\n\n\n\n<figure class=\"wp-block-image size-large\"><a href=\"https:\/\/dioceseteixeiradefreitas.com.br\/wp-content\/uploads\/2023\/05\/IMG-20230522-WA0019.jpg\"><img loading=\"lazy\" decoding=\"async\" width=\"768\" height=\"1024\" data-id=\"19957\" src=\"https:\/\/dioceseteixeiradefreitas.com.br\/wp-content\/uploads\/2023\/05\/IMG-20230522-WA0019-768x1024.jpg\" alt=\"\" class=\"wp-image-19957\" srcset=\"https:\/\/dioceseteixeiradefreitas.com.br\/wp-content\/uploads\/2023\/05\/IMG-20230522-WA0019-768x1024.jpg 768w, https:\/\/dioceseteixeiradefreitas.com.br\/wp-content\/uploads\/2023\/05\/IMG-20230522-WA0019-225x300.jpg 225w, https:\/\/dioceseteixeiradefreitas.com.br\/wp-content\/uploads\/2023\/05\/IMG-20230522-WA0019-1152x1536.jpg 1152w, https:\/\/dioceseteixeiradefreitas.com.br\/wp-content\/uploads\/2023\/05\/IMG-20230522-WA0019.jpg 1200w\" sizes=\"auto, (max-width: 768px) 100vw, 768px\" \/><\/a><\/figure>\n\n\n\n<figure class=\"wp-block-image size-large\"><a href=\"https:\/\/dioceseteixeiradefreitas.com.br\/wp-content\/uploads\/2023\/05\/IMG-20230522-WA0009.jpg\"><img loading=\"lazy\" decoding=\"async\" width=\"768\" height=\"1024\" data-id=\"19960\" src=\"https:\/\/dioceseteixeiradefreitas.com.br\/wp-content\/uploads\/2023\/05\/IMG-20230522-WA0009-768x1024.jpg\" alt=\"\" class=\"wp-image-19960\" srcset=\"https:\/\/dioceseteixeiradefreitas.com.br\/wp-content\/uploads\/2023\/05\/IMG-20230522-WA0009-768x1024.jpg 768w, https:\/\/dioceseteixeiradefreitas.com.br\/wp-content\/uploads\/2023\/05\/IMG-20230522-WA0009-225x300.jpg 225w, https:\/\/dioceseteixeiradefreitas.com.br\/wp-content\/uploads\/2023\/05\/IMG-20230522-WA0009-1152x1536.jpg 1152w, https:\/\/dioceseteixeiradefreitas.com.br\/wp-content\/uploads\/2023\/05\/IMG-20230522-WA0009.jpg 1200w\" sizes=\"auto, (max-width: 768px) 100vw, 768px\" \/><\/a><\/figure>\n\n\n\n<figure class=\"wp-block-image size-large\"><a href=\"https:\/\/dioceseteixeiradefreitas.com.br\/wp-content\/uploads\/2023\/05\/IMG-20230522-WA0011.jpg\"><img loading=\"lazy\" decoding=\"async\" width=\"768\" height=\"1024\" data-id=\"19961\" src=\"https:\/\/dioceseteixeiradefreitas.com.br\/wp-content\/uploads\/2023\/05\/IMG-20230522-WA0011-768x1024.jpg\" alt=\"\" class=\"wp-image-19961\" srcset=\"https:\/\/dioceseteixeiradefreitas.com.br\/wp-content\/uploads\/2023\/05\/IMG-20230522-WA0011-768x1024.jpg 768w, https:\/\/dioceseteixeiradefreitas.com.br\/wp-content\/uploads\/2023\/05\/IMG-20230522-WA0011-225x300.jpg 225w, https:\/\/dioceseteixeiradefreitas.com.br\/wp-content\/uploads\/2023\/05\/IMG-20230522-WA0011-1152x1536.jpg 1152w, https:\/\/dioceseteixeiradefreitas.com.br\/wp-content\/uploads\/2023\/05\/IMG-20230522-WA0011.jpg 1200w\" sizes=\"auto, (max-width: 768px) 100vw, 768px\" \/><\/a><\/figure>\n\n\n\n<figure class=\"wp-block-image size-large\"><a href=\"https:\/\/dioceseteixeiradefreitas.com.br\/wp-content\/uploads\/2023\/05\/IMG-20230522-WA0010.jpg\"><img loading=\"lazy\" decoding=\"async\" width=\"768\" height=\"1024\" data-id=\"19966\" src=\"https:\/\/dioceseteixeiradefreitas.com.br\/wp-content\/uploads\/2023\/05\/IMG-20230522-WA0010-768x1024.jpg\" alt=\"\" class=\"wp-image-19966\" srcset=\"https:\/\/dioceseteixeiradefreitas.com.br\/wp-content\/uploads\/2023\/05\/IMG-20230522-WA0010-768x1024.jpg 768w, https:\/\/dioceseteixeiradefreitas.com.br\/wp-content\/uploads\/2023\/05\/IMG-20230522-WA0010-225x300.jpg 225w, https:\/\/dioceseteixeiradefreitas.com.br\/wp-content\/uploads\/2023\/05\/IMG-20230522-WA0010-1152x1536.jpg 1152w, https:\/\/dioceseteixeiradefreitas.com.br\/wp-content\/uploads\/2023\/05\/IMG-20230522-WA0010.jpg 1200w\" sizes=\"auto, (max-width: 768px) 100vw, 768px\" \/><\/a><\/figure>\n\n\n\n<figure class=\"wp-block-image size-large\"><a href=\"https:\/\/dioceseteixeiradefreitas.com.br\/wp-content\/uploads\/2023\/05\/IMG-20230522-WA0008.jpg\"><img loading=\"lazy\" decoding=\"async\" width=\"768\" height=\"1024\" data-id=\"19968\" src=\"https:\/\/dioceseteixeiradefreitas.com.br\/wp-content\/uploads\/2023\/05\/IMG-20230522-WA0008-768x1024.jpg\" alt=\"\" class=\"wp-image-19968\" srcset=\"https:\/\/dioceseteixeiradefreitas.com.br\/wp-content\/uploads\/2023\/05\/IMG-20230522-WA0008-768x1024.jpg 768w, https:\/\/dioceseteixeiradefreitas.com.br\/wp-content\/uploads\/2023\/05\/IMG-20230522-WA0008-225x300.jpg 225w, https:\/\/dioceseteixeiradefreitas.com.br\/wp-content\/uploads\/2023\/05\/IMG-20230522-WA0008-1152x1536.jpg 1152w, https:\/\/dioceseteixeiradefreitas.com.br\/wp-content\/uploads\/2023\/05\/IMG-20230522-WA0008.jpg 1200w\" sizes=\"auto, (max-width: 768px) 100vw, 768px\" \/><\/a><\/figure>\n<\/figure>\n\n\n\n<p>Por: PASCOM Q.P. Cristo Rei <\/p>\n\n\n\n<p>Texto: Lucas Santos<\/p>\n\n\n\n<p>Fotos: Marcos Piciki<\/p>\n","protected":false},"excerpt":{"rendered":"<p>Papa Francisco em sua mensagem para o 57\u00b0 dia mundial das comunica\u00e7\u00f5es sociais, diz: &#8220;Na Igreja, temos urgente necessidade duma comunica\u00e7\u00e3o que inflame os cora\u00e7\u00f5es, seja b\u00e1lsamo nas feridas e ilumine o caminho dos irm\u00e3os e irm\u00e3s. [&#8230;] Uma comunica\u00e7\u00e3o que coloque no centro a rela\u00e7\u00e3o com Deus e com o pr\u00f3ximo, especialmente o mais &hellip;<\/p>\n","protected":false},"author":24,"featured_media":19964,"comment_status":"closed","ping_status":"closed","sticky":false,"template":"","format":"standard","meta":{"footnotes":""},"categories":[310],"tags":[69,30,349],"class_list":["post-19949","post","type-post","status-publish","format-standard","has-post-thumbnail","hentry","category-noticias-paroquiais","tag-dia-mundial-das-comunicacoes-sociais","tag-pascom-2","tag-quase-paroquia-cristo-rei-do-universo"],"_links":{"self":[{"href":"https:\/\/dioceseteixeiradefreitas.com.br\/index.php?rest_route=\/wp\/v2\/posts\/19949","targetHints":{"allow":["GET"]}}],"collection":[{"href":"https:\/\/dioceseteixeiradefreitas.com.br\/index.php?rest_route=\/wp\/v2\/posts"}],"about":[{"href":"https:\/\/dioceseteixeiradefreitas.com.br\/index.php?rest_route=\/wp\/v2\/types\/post"}],"author":[{"embeddable":true,"href":"https:\/\/dioceseteixeiradefreitas.com.br\/index.php?rest_route=\/wp\/v2\/users\/24"}],"replies":[{"embeddable":true,"href":"https:\/\/dioceseteixeiradefreitas.com.br\/index.php?rest_route=%2Fwp%2Fv2%2Fcomments&post=19949"}],"version-history":[{"count":4,"href":"https:\/\/dioceseteixeiradefreitas.com.br\/index.php?rest_route=\/wp\/v2\/posts\/19949\/revisions"}],"predecessor-version":[{"id":19984,"href":"https:\/\/dioceseteixeiradefreitas.com.br\/index.php?rest_route=\/wp\/v2\/posts\/19949\/revisions\/19984"}],"wp:featuredmedia":[{"embeddable":true,"href":"https:\/\/dioceseteixeiradefreitas.com.br\/index.php?rest_route=\/wp\/v2\/media\/19964"}],"wp:attachment":[{"href":"https:\/\/dioceseteixeiradefreitas.com.br\/index.php?rest_route=%2Fwp%2Fv2%2Fmedia&parent=19949"}],"wp:term":[{"taxonomy":"category","embeddable":true,"href":"https:\/\/dioceseteixeiradefreitas.com.br\/index.php?rest_route=%2Fwp%2Fv2%2Fcategories&post=19949"},{"taxonomy":"post_tag","embeddable":true,"href":"https:\/\/dioceseteixeiradefreitas.com.br\/index.php?rest_route=%2Fwp%2Fv2%2Ftags&post=19949"}],"curies":[{"name":"wp","href":"https:\/\/api.w.org\/{rel}","templated":true}]}}