{"id":20307,"date":"2023-06-18T14:55:19","date_gmt":"2023-06-18T17:55:19","guid":{"rendered":"https:\/\/dioceseteixeiradefreitas.com.br\/?p=20307"},"modified":"2023-06-18T19:48:15","modified_gmt":"2023-06-18T22:48:15","slug":"encontro-da-vida-consagrada-da-diocese-de-teixeira-de-freitas-caravelas","status":"publish","type":"post","link":"https:\/\/dioceseteixeiradefreitas.com.br\/?p=20307","title":{"rendered":"Encontro da Vida Consagrada da Diocese de Teixeira de Freitas \/ Caravelas"},"content":{"rendered":"\n<p>No dia 10 de junho de 2023, no Instituto Francisco de Assis (IFA), a VIDA CONSAGRADA da Diocese realizou mais um Encontro de Forma\u00e7\u00e3o e Conviv\u00eancia. O grupo teve a presen\u00e7a da Irm\u00e3 Natalina Gomes da Concei\u00e7\u00e3o, da Congrega\u00e7\u00e3o Mission\u00e1rias Filhas do Calv\u00e1rio. A Irm\u00e3 Natalina faz parte da Coordena\u00e7\u00e3o da CRB da Bahia e Sergipe. O tema aprofundado est\u00e1 ligada ao Plano Nacional da CRB: Viver a sinodalidade, a partir da escuta ativa e criativa, favorecendo a irmandade, humanizando e ressignificando nosso modo de ser, estar e agir nas comunidades, na Igreja e na sociedade.       <\/p>\n\n\n\n<p>Na pauta refletimos tamb\u00e9m o tema do Marco Temporal em rela\u00e7\u00e3o aos povos ind\u00edgenas. Como Vida Consagrada nesta Diocese De Teixeira de Freitas\/Caravelas, reconhecendo a identidade e o contexto de nossos irm\u00e3os e irm\u00e3s ind\u00edgenas, juntamo-nos  a todos os  nossos Irm\u00e3os e Irm\u00e3s Consagrados do Brasil   contra o Projeto de Lei 490\/2007 que trata do Marco Temporal.    <\/p>\n\n\n\n<p>A Coordena\u00e7\u00e3o da CRB da Diocese agradece a presen\u00e7a amorosa e prof\u00e9tica da Irm\u00e3  Natalina e a participa\u00e7\u00e3o das  Irm\u00e3s Consagradas que tiraram um tempo para o nosso cultivo; assumindo com renovado ardor nossa miss\u00e3o de consagradas em  fidelidade ao Projeto de Jesus Cristo.<\/p>\n\n\n\n<p>Leia a <a rel=\"noreferrer noopener\" href=\"https:\/\/dioceseteixeiradefreitas.com.br\/wp-content\/uploads\/2023\/06\/Nota-da-Conferencia-dos-Religiosos-do-Brasil-sobre-o-Projeto-de-Lei-490-2007-1-1.pdf\" target=\"_blank\">Nota da Confer\u00eancia dos Religiosos do Brasil (CRB) sobre o Projeto de Lei  490\/2007<\/a>.<\/p>\n\n\n\n<figure class=\"wp-block-embed is-type-video is-provider-youtube wp-block-embed-youtube wp-embed-aspect-4-3 wp-has-aspect-ratio\"><div class=\"wp-block-embed__wrapper\">\n<iframe loading=\"lazy\" title=\"Encontro da Vida Consagrada da Diocese de Teixeira de Freitas \/ Caravelas\" width=\"500\" height=\"375\" src=\"https:\/\/www.youtube.com\/embed\/ljfo2HVlZVY?feature=oembed\" frameborder=\"0\" allow=\"accelerometer; autoplay; clipboard-write; encrypted-media; gyroscope; picture-in-picture; web-share\" referrerpolicy=\"strict-origin-when-cross-origin\" allowfullscreen><\/iframe>\n<\/div><\/figure>\n\n\n\n<figure class=\"wp-block-gallery has-nested-images columns-default is-cropped wp-block-gallery-1 is-layout-flex wp-block-gallery-is-layout-flex\">\n<figure class=\"wp-block-image size-large\"><a href=\"https:\/\/dioceseteixeiradefreitas.com.br\/wp-content\/uploads\/2023\/06\/1df226bb-b4be-427f-83b3-877d20a1915a.jpg\"><img loading=\"lazy\" decoding=\"async\" width=\"1024\" height=\"461\" data-id=\"20326\" src=\"https:\/\/dioceseteixeiradefreitas.com.br\/wp-content\/uploads\/2023\/06\/1df226bb-b4be-427f-83b3-877d20a1915a-1024x461.jpg\" alt=\"\" class=\"wp-image-20326\" srcset=\"https:\/\/dioceseteixeiradefreitas.com.br\/wp-content\/uploads\/2023\/06\/1df226bb-b4be-427f-83b3-877d20a1915a-1024x461.jpg 1024w, https:\/\/dioceseteixeiradefreitas.com.br\/wp-content\/uploads\/2023\/06\/1df226bb-b4be-427f-83b3-877d20a1915a-300x135.jpg 300w, https:\/\/dioceseteixeiradefreitas.com.br\/wp-content\/uploads\/2023\/06\/1df226bb-b4be-427f-83b3-877d20a1915a-768x346.jpg 768w, https:\/\/dioceseteixeiradefreitas.com.br\/wp-content\/uploads\/2023\/06\/1df226bb-b4be-427f-83b3-877d20a1915a-1536x691.jpg 1536w, https:\/\/dioceseteixeiradefreitas.com.br\/wp-content\/uploads\/2023\/06\/1df226bb-b4be-427f-83b3-877d20a1915a.jpg 1600w\" sizes=\"auto, (max-width: 1024px) 100vw, 1024px\" \/><\/a><\/figure>\n\n\n\n<figure class=\"wp-block-image size-large\"><a href=\"https:\/\/dioceseteixeiradefreitas.com.br\/wp-content\/uploads\/2023\/06\/1bc5558a-2e06-4c01-88cf-10ee812bda9b.jpg\"><img loading=\"lazy\" decoding=\"async\" width=\"1024\" height=\"461\" data-id=\"20324\" src=\"https:\/\/dioceseteixeiradefreitas.com.br\/wp-content\/uploads\/2023\/06\/1bc5558a-2e06-4c01-88cf-10ee812bda9b-1024x461.jpg\" alt=\"\" class=\"wp-image-20324\" srcset=\"https:\/\/dioceseteixeiradefreitas.com.br\/wp-content\/uploads\/2023\/06\/1bc5558a-2e06-4c01-88cf-10ee812bda9b-1024x461.jpg 1024w, https:\/\/dioceseteixeiradefreitas.com.br\/wp-content\/uploads\/2023\/06\/1bc5558a-2e06-4c01-88cf-10ee812bda9b-300x135.jpg 300w, https:\/\/dioceseteixeiradefreitas.com.br\/wp-content\/uploads\/2023\/06\/1bc5558a-2e06-4c01-88cf-10ee812bda9b-768x346.jpg 768w, https:\/\/dioceseteixeiradefreitas.com.br\/wp-content\/uploads\/2023\/06\/1bc5558a-2e06-4c01-88cf-10ee812bda9b-1536x691.jpg 1536w, https:\/\/dioceseteixeiradefreitas.com.br\/wp-content\/uploads\/2023\/06\/1bc5558a-2e06-4c01-88cf-10ee812bda9b.jpg 1600w\" sizes=\"auto, (max-width: 1024px) 100vw, 1024px\" \/><\/a><\/figure>\n\n\n\n<figure class=\"wp-block-image size-large\"><a href=\"https:\/\/dioceseteixeiradefreitas.com.br\/wp-content\/uploads\/2023\/06\/30e1d05b-6914-4fc8-9ca9-d9ad34d1ba9b.jpg\"><img loading=\"lazy\" decoding=\"async\" width=\"1600\" height=\"720\" data-id=\"20320\" src=\"https:\/\/dioceseteixeiradefreitas.com.br\/wp-content\/uploads\/2023\/06\/30e1d05b-6914-4fc8-9ca9-d9ad34d1ba9b.jpg\" alt=\"\" class=\"wp-image-20320\" srcset=\"https:\/\/dioceseteixeiradefreitas.com.br\/wp-content\/uploads\/2023\/06\/30e1d05b-6914-4fc8-9ca9-d9ad34d1ba9b.jpg 1600w, https:\/\/dioceseteixeiradefreitas.com.br\/wp-content\/uploads\/2023\/06\/30e1d05b-6914-4fc8-9ca9-d9ad34d1ba9b-300x135.jpg 300w\" sizes=\"auto, (max-width: 1600px) 100vw, 1600px\" \/><\/a><\/figure>\n\n\n\n<figure class=\"wp-block-image size-large\"><a href=\"https:\/\/dioceseteixeiradefreitas.com.br\/wp-content\/uploads\/2023\/06\/0a18918f-0479-44ce-84a5-6bdd72a08222.jpg\"><img loading=\"lazy\" decoding=\"async\" width=\"1024\" height=\"461\" data-id=\"20325\" src=\"https:\/\/dioceseteixeiradefreitas.com.br\/wp-content\/uploads\/2023\/06\/0a18918f-0479-44ce-84a5-6bdd72a08222-1024x461.jpg\" alt=\"\" class=\"wp-image-20325\" srcset=\"https:\/\/dioceseteixeiradefreitas.com.br\/wp-content\/uploads\/2023\/06\/0a18918f-0479-44ce-84a5-6bdd72a08222-1024x461.jpg 1024w, https:\/\/dioceseteixeiradefreitas.com.br\/wp-content\/uploads\/2023\/06\/0a18918f-0479-44ce-84a5-6bdd72a08222-300x135.jpg 300w, https:\/\/dioceseteixeiradefreitas.com.br\/wp-content\/uploads\/2023\/06\/0a18918f-0479-44ce-84a5-6bdd72a08222-768x346.jpg 768w, https:\/\/dioceseteixeiradefreitas.com.br\/wp-content\/uploads\/2023\/06\/0a18918f-0479-44ce-84a5-6bdd72a08222-1536x691.jpg 1536w, https:\/\/dioceseteixeiradefreitas.com.br\/wp-content\/uploads\/2023\/06\/0a18918f-0479-44ce-84a5-6bdd72a08222.jpg 1600w\" sizes=\"auto, (max-width: 1024px) 100vw, 1024px\" \/><\/a><\/figure>\n\n\n\n<figure class=\"wp-block-image size-large\"><a href=\"https:\/\/dioceseteixeiradefreitas.com.br\/wp-content\/uploads\/2023\/06\/7b1c8dc0-ba83-42bf-8b85-a8743bebc09f.jpg\"><img loading=\"lazy\" decoding=\"async\" width=\"1600\" height=\"720\" data-id=\"20323\" src=\"https:\/\/dioceseteixeiradefreitas.com.br\/wp-content\/uploads\/2023\/06\/7b1c8dc0-ba83-42bf-8b85-a8743bebc09f.jpg\" alt=\"\" class=\"wp-image-20323\" \/><\/a><\/figure>\n\n\n\n<figure class=\"wp-block-image size-large\"><a href=\"https:\/\/dioceseteixeiradefreitas.com.br\/wp-content\/uploads\/2023\/06\/188d7c3b-1eeb-404b-8fbb-830bcbf4a1da.jpg\"><img loading=\"lazy\" decoding=\"async\" width=\"1024\" height=\"461\" data-id=\"20322\" src=\"https:\/\/dioceseteixeiradefreitas.com.br\/wp-content\/uploads\/2023\/06\/188d7c3b-1eeb-404b-8fbb-830bcbf4a1da-1024x461.jpg\" alt=\"\" class=\"wp-image-20322\" srcset=\"https:\/\/dioceseteixeiradefreitas.com.br\/wp-content\/uploads\/2023\/06\/188d7c3b-1eeb-404b-8fbb-830bcbf4a1da-1024x461.jpg 1024w, https:\/\/dioceseteixeiradefreitas.com.br\/wp-content\/uploads\/2023\/06\/188d7c3b-1eeb-404b-8fbb-830bcbf4a1da-300x135.jpg 300w, https:\/\/dioceseteixeiradefreitas.com.br\/wp-content\/uploads\/2023\/06\/188d7c3b-1eeb-404b-8fbb-830bcbf4a1da.jpg 1600w\" sizes=\"auto, (max-width: 1024px) 100vw, 1024px\" \/><\/a><\/figure>\n\n\n\n<figure class=\"wp-block-image size-large\"><a href=\"https:\/\/dioceseteixeiradefreitas.com.br\/wp-content\/uploads\/2023\/06\/67a8ea8e-4ec5-4e42-8c37-ef854a1fea32.jpg\"><img loading=\"lazy\" decoding=\"async\" width=\"1024\" height=\"461\" data-id=\"20321\" src=\"https:\/\/dioceseteixeiradefreitas.com.br\/wp-content\/uploads\/2023\/06\/67a8ea8e-4ec5-4e42-8c37-ef854a1fea32-1024x461.jpg\" alt=\"\" class=\"wp-image-20321\" srcset=\"https:\/\/dioceseteixeiradefreitas.com.br\/wp-content\/uploads\/2023\/06\/67a8ea8e-4ec5-4e42-8c37-ef854a1fea32-1024x461.jpg 1024w, https:\/\/dioceseteixeiradefreitas.com.br\/wp-content\/uploads\/2023\/06\/67a8ea8e-4ec5-4e42-8c37-ef854a1fea32-300x135.jpg 300w, https:\/\/dioceseteixeiradefreitas.com.br\/wp-content\/uploads\/2023\/06\/67a8ea8e-4ec5-4e42-8c37-ef854a1fea32-768x346.jpg 768w, https:\/\/dioceseteixeiradefreitas.com.br\/wp-content\/uploads\/2023\/06\/67a8ea8e-4ec5-4e42-8c37-ef854a1fea32-1536x691.jpg 1536w, https:\/\/dioceseteixeiradefreitas.com.br\/wp-content\/uploads\/2023\/06\/67a8ea8e-4ec5-4e42-8c37-ef854a1fea32.jpg 1600w\" sizes=\"auto, (max-width: 1024px) 100vw, 1024px\" \/><\/a><\/figure>\n\n\n\n<figure class=\"wp-block-image size-large\"><a href=\"https:\/\/dioceseteixeiradefreitas.com.br\/wp-content\/uploads\/2023\/06\/eb0c152d-ced4-4be7-b382-03e14de1208f.jpg\"><img loading=\"lazy\" decoding=\"async\" width=\"1600\" height=\"720\" data-id=\"20317\" src=\"https:\/\/dioceseteixeiradefreitas.com.br\/wp-content\/uploads\/2023\/06\/eb0c152d-ced4-4be7-b382-03e14de1208f.jpg\" alt=\"\" class=\"wp-image-20317\" srcset=\"https:\/\/dioceseteixeiradefreitas.com.br\/wp-content\/uploads\/2023\/06\/eb0c152d-ced4-4be7-b382-03e14de1208f.jpg 1600w, https:\/\/dioceseteixeiradefreitas.com.br\/wp-content\/uploads\/2023\/06\/eb0c152d-ced4-4be7-b382-03e14de1208f-300x135.jpg 300w\" sizes=\"auto, (max-width: 1600px) 100vw, 1600px\" \/><\/a><\/figure>\n\n\n\n<figure class=\"wp-block-image size-large\"><a href=\"https:\/\/dioceseteixeiradefreitas.com.br\/wp-content\/uploads\/2023\/06\/944b9e6d-e7fe-4b55-8771-c8f9671c00a7.jpg\"><img loading=\"lazy\" decoding=\"async\" width=\"1024\" height=\"461\" data-id=\"20318\" src=\"https:\/\/dioceseteixeiradefreitas.com.br\/wp-content\/uploads\/2023\/06\/944b9e6d-e7fe-4b55-8771-c8f9671c00a7-1024x461.jpg\" alt=\"\" class=\"wp-image-20318\" srcset=\"https:\/\/dioceseteixeiradefreitas.com.br\/wp-content\/uploads\/2023\/06\/944b9e6d-e7fe-4b55-8771-c8f9671c00a7-1024x461.jpg 1024w, https:\/\/dioceseteixeiradefreitas.com.br\/wp-content\/uploads\/2023\/06\/944b9e6d-e7fe-4b55-8771-c8f9671c00a7-300x135.jpg 300w, https:\/\/dioceseteixeiradefreitas.com.br\/wp-content\/uploads\/2023\/06\/944b9e6d-e7fe-4b55-8771-c8f9671c00a7-768x346.jpg 768w, https:\/\/dioceseteixeiradefreitas.com.br\/wp-content\/uploads\/2023\/06\/944b9e6d-e7fe-4b55-8771-c8f9671c00a7-1536x691.jpg 1536w, https:\/\/dioceseteixeiradefreitas.com.br\/wp-content\/uploads\/2023\/06\/944b9e6d-e7fe-4b55-8771-c8f9671c00a7.jpg 1600w\" sizes=\"auto, (max-width: 1024px) 100vw, 1024px\" \/><\/a><\/figure>\n\n\n\n<figure class=\"wp-block-image size-large\"><a href=\"https:\/\/dioceseteixeiradefreitas.com.br\/wp-content\/uploads\/2023\/06\/45a57ac3-b78e-4297-b28f-812c6579f34a.jpg\"><img loading=\"lazy\" decoding=\"async\" width=\"1024\" height=\"461\" data-id=\"20311\" src=\"https:\/\/dioceseteixeiradefreitas.com.br\/wp-content\/uploads\/2023\/06\/45a57ac3-b78e-4297-b28f-812c6579f34a-1024x461.jpg\" alt=\"\" class=\"wp-image-20311\" srcset=\"https:\/\/dioceseteixeiradefreitas.com.br\/wp-content\/uploads\/2023\/06\/45a57ac3-b78e-4297-b28f-812c6579f34a-1024x461.jpg 1024w, https:\/\/dioceseteixeiradefreitas.com.br\/wp-content\/uploads\/2023\/06\/45a57ac3-b78e-4297-b28f-812c6579f34a-300x135.jpg 300w, https:\/\/dioceseteixeiradefreitas.com.br\/wp-content\/uploads\/2023\/06\/45a57ac3-b78e-4297-b28f-812c6579f34a-768x346.jpg 768w, https:\/\/dioceseteixeiradefreitas.com.br\/wp-content\/uploads\/2023\/06\/45a57ac3-b78e-4297-b28f-812c6579f34a.jpg 1280w\" sizes=\"auto, (max-width: 1024px) 100vw, 1024px\" \/><\/a><\/figure>\n\n\n\n<figure class=\"wp-block-image size-large\"><a href=\"https:\/\/dioceseteixeiradefreitas.com.br\/wp-content\/uploads\/2023\/06\/b78d3cfa-bb90-4007-a685-273070f35f32.jpg\"><img loading=\"lazy\" decoding=\"async\" width=\"1024\" height=\"461\" data-id=\"20310\" src=\"https:\/\/dioceseteixeiradefreitas.com.br\/wp-content\/uploads\/2023\/06\/b78d3cfa-bb90-4007-a685-273070f35f32-1024x461.jpg\" alt=\"\" class=\"wp-image-20310\" srcset=\"https:\/\/dioceseteixeiradefreitas.com.br\/wp-content\/uploads\/2023\/06\/b78d3cfa-bb90-4007-a685-273070f35f32-1024x461.jpg 1024w, https:\/\/dioceseteixeiradefreitas.com.br\/wp-content\/uploads\/2023\/06\/b78d3cfa-bb90-4007-a685-273070f35f32-300x135.jpg 300w, https:\/\/dioceseteixeiradefreitas.com.br\/wp-content\/uploads\/2023\/06\/b78d3cfa-bb90-4007-a685-273070f35f32-768x346.jpg 768w, https:\/\/dioceseteixeiradefreitas.com.br\/wp-content\/uploads\/2023\/06\/b78d3cfa-bb90-4007-a685-273070f35f32-1536x691.jpg 1536w, https:\/\/dioceseteixeiradefreitas.com.br\/wp-content\/uploads\/2023\/06\/b78d3cfa-bb90-4007-a685-273070f35f32.jpg 1600w\" sizes=\"auto, (max-width: 1024px) 100vw, 1024px\" \/><\/a><\/figure>\n\n\n\n<figure class=\"wp-block-image size-large\"><a href=\"https:\/\/dioceseteixeiradefreitas.com.br\/wp-content\/uploads\/2023\/06\/419e6e99-3a56-4e0b-a54c-80b7baaeb26b.jpg\"><img loading=\"lazy\" decoding=\"async\" width=\"1600\" height=\"720\" data-id=\"20319\" src=\"https:\/\/dioceseteixeiradefreitas.com.br\/wp-content\/uploads\/2023\/06\/419e6e99-3a56-4e0b-a54c-80b7baaeb26b.jpg\" alt=\"\" class=\"wp-image-20319\" \/><\/a><\/figure>\n\n\n\n<figure class=\"wp-block-image size-large\"><a href=\"https:\/\/dioceseteixeiradefreitas.com.br\/wp-content\/uploads\/2023\/06\/aaa9111d-f7b1-4143-857b-37c0a679a5d4.jpg\"><img loading=\"lazy\" decoding=\"async\" width=\"1024\" height=\"768\" data-id=\"20312\" src=\"https:\/\/dioceseteixeiradefreitas.com.br\/wp-content\/uploads\/2023\/06\/aaa9111d-f7b1-4143-857b-37c0a679a5d4.jpg\" alt=\"\" class=\"wp-image-20312\" srcset=\"https:\/\/dioceseteixeiradefreitas.com.br\/wp-content\/uploads\/2023\/06\/aaa9111d-f7b1-4143-857b-37c0a679a5d4.jpg 1024w, https:\/\/dioceseteixeiradefreitas.com.br\/wp-content\/uploads\/2023\/06\/aaa9111d-f7b1-4143-857b-37c0a679a5d4-300x225.jpg 300w, https:\/\/dioceseteixeiradefreitas.com.br\/wp-content\/uploads\/2023\/06\/aaa9111d-f7b1-4143-857b-37c0a679a5d4-768x576.jpg 768w\" sizes=\"auto, (max-width: 1024px) 100vw, 1024px\" \/><\/a><\/figure>\n\n\n\n<figure class=\"wp-block-image size-large\"><a href=\"https:\/\/dioceseteixeiradefreitas.com.br\/wp-content\/uploads\/2023\/06\/11541e5a-6b43-4298-8595-105f3253af56.jpg\"><img loading=\"lazy\" decoding=\"async\" width=\"1024\" height=\"461\" data-id=\"20313\" src=\"https:\/\/dioceseteixeiradefreitas.com.br\/wp-content\/uploads\/2023\/06\/11541e5a-6b43-4298-8595-105f3253af56-1024x461.jpg\" alt=\"\" class=\"wp-image-20313\" srcset=\"https:\/\/dioceseteixeiradefreitas.com.br\/wp-content\/uploads\/2023\/06\/11541e5a-6b43-4298-8595-105f3253af56-1024x461.jpg 1024w, https:\/\/dioceseteixeiradefreitas.com.br\/wp-content\/uploads\/2023\/06\/11541e5a-6b43-4298-8595-105f3253af56-300x135.jpg 300w, https:\/\/dioceseteixeiradefreitas.com.br\/wp-content\/uploads\/2023\/06\/11541e5a-6b43-4298-8595-105f3253af56-768x346.jpg 768w, https:\/\/dioceseteixeiradefreitas.com.br\/wp-content\/uploads\/2023\/06\/11541e5a-6b43-4298-8595-105f3253af56-1536x691.jpg 1536w, https:\/\/dioceseteixeiradefreitas.com.br\/wp-content\/uploads\/2023\/06\/11541e5a-6b43-4298-8595-105f3253af56.jpg 1600w\" sizes=\"auto, (max-width: 1024px) 100vw, 1024px\" \/><\/a><\/figure>\n\n\n\n<figure class=\"wp-block-image size-large\"><a href=\"https:\/\/dioceseteixeiradefreitas.com.br\/wp-content\/uploads\/2023\/06\/37cfee7b-1254-4974-bb36-5b6219740de1.jpg\"><img loading=\"lazy\" decoding=\"async\" width=\"1024\" height=\"770\" data-id=\"20314\" src=\"https:\/\/dioceseteixeiradefreitas.com.br\/wp-content\/uploads\/2023\/06\/37cfee7b-1254-4974-bb36-5b6219740de1-1024x770.jpg\" alt=\"\" class=\"wp-image-20314\" srcset=\"https:\/\/dioceseteixeiradefreitas.com.br\/wp-content\/uploads\/2023\/06\/37cfee7b-1254-4974-bb36-5b6219740de1-1024x770.jpg 1024w, https:\/\/dioceseteixeiradefreitas.com.br\/wp-content\/uploads\/2023\/06\/37cfee7b-1254-4974-bb36-5b6219740de1-300x226.jpg 300w, https:\/\/dioceseteixeiradefreitas.com.br\/wp-content\/uploads\/2023\/06\/37cfee7b-1254-4974-bb36-5b6219740de1-768x578.jpg 768w, https:\/\/dioceseteixeiradefreitas.com.br\/wp-content\/uploads\/2023\/06\/37cfee7b-1254-4974-bb36-5b6219740de1.jpg 1280w\" sizes=\"auto, (max-width: 1024px) 100vw, 1024px\" \/><\/a><\/figure>\n\n\n\n<figure class=\"wp-block-image size-large\"><a href=\"https:\/\/dioceseteixeiradefreitas.com.br\/wp-content\/uploads\/2023\/06\/667820c5-94a2-4fae-9095-5cf47f757f01.jpg\"><img loading=\"lazy\" decoding=\"async\" width=\"1024\" height=\"461\" data-id=\"20315\" src=\"https:\/\/dioceseteixeiradefreitas.com.br\/wp-content\/uploads\/2023\/06\/667820c5-94a2-4fae-9095-5cf47f757f01-1024x461.jpg\" alt=\"\" class=\"wp-image-20315\" srcset=\"https:\/\/dioceseteixeiradefreitas.com.br\/wp-content\/uploads\/2023\/06\/667820c5-94a2-4fae-9095-5cf47f757f01-1024x461.jpg 1024w, https:\/\/dioceseteixeiradefreitas.com.br\/wp-content\/uploads\/2023\/06\/667820c5-94a2-4fae-9095-5cf47f757f01-300x135.jpg 300w, https:\/\/dioceseteixeiradefreitas.com.br\/wp-content\/uploads\/2023\/06\/667820c5-94a2-4fae-9095-5cf47f757f01-768x346.jpg 768w, https:\/\/dioceseteixeiradefreitas.com.br\/wp-content\/uploads\/2023\/06\/667820c5-94a2-4fae-9095-5cf47f757f01-1536x691.jpg 1536w, https:\/\/dioceseteixeiradefreitas.com.br\/wp-content\/uploads\/2023\/06\/667820c5-94a2-4fae-9095-5cf47f757f01.jpg 1600w\" sizes=\"auto, (max-width: 1024px) 100vw, 1024px\" \/><\/a><\/figure>\n\n\n\n<figure class=\"wp-block-image size-large\"><a href=\"https:\/\/dioceseteixeiradefreitas.com.br\/wp-content\/uploads\/2023\/06\/44532a7c-e8a7-4617-833a-19a49d232489.jpg\"><img loading=\"lazy\" decoding=\"async\" width=\"1024\" height=\"563\" data-id=\"20316\" src=\"https:\/\/dioceseteixeiradefreitas.com.br\/wp-content\/uploads\/2023\/06\/44532a7c-e8a7-4617-833a-19a49d232489-1024x563.jpg\" alt=\"\" class=\"wp-image-20316\" srcset=\"https:\/\/dioceseteixeiradefreitas.com.br\/wp-content\/uploads\/2023\/06\/44532a7c-e8a7-4617-833a-19a49d232489-1024x563.jpg 1024w, https:\/\/dioceseteixeiradefreitas.com.br\/wp-content\/uploads\/2023\/06\/44532a7c-e8a7-4617-833a-19a49d232489-300x165.jpg 300w, https:\/\/dioceseteixeiradefreitas.com.br\/wp-content\/uploads\/2023\/06\/44532a7c-e8a7-4617-833a-19a49d232489-768x422.jpg 768w, https:\/\/dioceseteixeiradefreitas.com.br\/wp-content\/uploads\/2023\/06\/44532a7c-e8a7-4617-833a-19a49d232489-1536x844.jpg 1536w, https:\/\/dioceseteixeiradefreitas.com.br\/wp-content\/uploads\/2023\/06\/44532a7c-e8a7-4617-833a-19a49d232489.jpg 1600w\" sizes=\"auto, (max-width: 1024px) 100vw, 1024px\" \/><\/a><\/figure>\n<\/figure>\n","protected":false},"excerpt":{"rendered":"<p>No dia 10 de junho de 2023, no Instituto Francisco de Assis (IFA), a VIDA CONSAGRADA da Diocese realizou mais um Encontro de Forma\u00e7\u00e3o e Conviv\u00eancia. O grupo teve a presen\u00e7a da Irm\u00e3 Natalina Gomes da Concei\u00e7\u00e3o, da Congrega\u00e7\u00e3o Mission\u00e1rias Filhas do Calv\u00e1rio. A Irm\u00e3 Natalina faz parte da Coordena\u00e7\u00e3o da CRB da Bahia e &hellip;<\/p>\n","protected":false},"author":24,"featured_media":20312,"comment_status":"closed","ping_status":"closed","sticky":false,"template":"","format":"standard","meta":{"footnotes":""},"categories":[100],"tags":[229],"class_list":["post-20307","post","type-post","status-publish","format-standard","has-post-thumbnail","hentry","category-noticias-diocesanas","tag-vida-consagrada"],"_links":{"self":[{"href":"https:\/\/dioceseteixeiradefreitas.com.br\/index.php?rest_route=\/wp\/v2\/posts\/20307","targetHints":{"allow":["GET"]}}],"collection":[{"href":"https:\/\/dioceseteixeiradefreitas.com.br\/index.php?rest_route=\/wp\/v2\/posts"}],"about":[{"href":"https:\/\/dioceseteixeiradefreitas.com.br\/index.php?rest_route=\/wp\/v2\/types\/post"}],"author":[{"embeddable":true,"href":"https:\/\/dioceseteixeiradefreitas.com.br\/index.php?rest_route=\/wp\/v2\/users\/24"}],"replies":[{"embeddable":true,"href":"https:\/\/dioceseteixeiradefreitas.com.br\/index.php?rest_route=%2Fwp%2Fv2%2Fcomments&post=20307"}],"version-history":[{"count":5,"href":"https:\/\/dioceseteixeiradefreitas.com.br\/index.php?rest_route=\/wp\/v2\/posts\/20307\/revisions"}],"predecessor-version":[{"id":20330,"href":"https:\/\/dioceseteixeiradefreitas.com.br\/index.php?rest_route=\/wp\/v2\/posts\/20307\/revisions\/20330"}],"wp:featuredmedia":[{"embeddable":true,"href":"https:\/\/dioceseteixeiradefreitas.com.br\/index.php?rest_route=\/wp\/v2\/media\/20312"}],"wp:attachment":[{"href":"https:\/\/dioceseteixeiradefreitas.com.br\/index.php?rest_route=%2Fwp%2Fv2%2Fmedia&parent=20307"}],"wp:term":[{"taxonomy":"category","embeddable":true,"href":"https:\/\/dioceseteixeiradefreitas.com.br\/index.php?rest_route=%2Fwp%2Fv2%2Fcategories&post=20307"},{"taxonomy":"post_tag","embeddable":true,"href":"https:\/\/dioceseteixeiradefreitas.com.br\/index.php?rest_route=%2Fwp%2Fv2%2Ftags&post=20307"}],"curies":[{"name":"wp","href":"https:\/\/api.w.org\/{rel}","templated":true}]}}