{"id":20344,"date":"2023-06-23T21:08:04","date_gmt":"2023-06-24T00:08:04","guid":{"rendered":"https:\/\/dioceseteixeiradefreitas.com.br\/?p=20344"},"modified":"2023-06-23T21:08:05","modified_gmt":"2023-06-24T00:08:05","slug":"convite-instituicao-do-ministerio-de-acolito","status":"publish","type":"post","link":"https:\/\/dioceseteixeiradefreitas.com.br\/?p=20344","title":{"rendered":"CONVITE: Institui\u00e7\u00e3o do Minist\u00e9rio de Ac\u00f3lito"},"content":{"rendered":"\n<p>A Diocese de Teixeira de Freitas \/ Caravelas convida a Comunidade para participar da Institui\u00e7\u00e3o do Minist\u00e9rio de Ac\u00f3lito dos seminaristas Henrique Santos Correia, Pedro Francisco Pereira Medeiros, Phellipe Moreira da F\u00e9, Rodrigo Rodrigues Vieira e Thales Brand\u00e3o Batista. A Celebra\u00e7\u00e3o Eucar\u00edstica ser\u00e1 no dia 25 de Junho de 2023, \u00e0s 8h, na Catedral Diocesana.<\/p>\n\n\n\n<p>Participe e traga a sua fam\u00edlia!<\/p>\n\n\n\n<figure class=\"wp-block-image size-full\"><a href=\"https:\/\/dioceseteixeiradefreitas.com.br\/wp-content\/uploads\/2023\/06\/IMG-20230623-WA00211.jpg\"><img loading=\"lazy\" decoding=\"async\" width=\"575\" height=\"1024\" src=\"https:\/\/dioceseteixeiradefreitas.com.br\/wp-content\/uploads\/2023\/06\/IMG-20230623-WA00211.jpg\" alt=\"\" class=\"wp-image-20345\" srcset=\"https:\/\/dioceseteixeiradefreitas.com.br\/wp-content\/uploads\/2023\/06\/IMG-20230623-WA00211.jpg 575w, https:\/\/dioceseteixeiradefreitas.com.br\/wp-content\/uploads\/2023\/06\/IMG-20230623-WA00211-168x300.jpg 168w\" sizes=\"auto, (max-width: 575px) 100vw, 575px\" \/><\/a><\/figure>\n","protected":false},"excerpt":{"rendered":"<p>A Diocese de Teixeira de Freitas \/ Caravelas convida a Comunidade para participar da Institui\u00e7\u00e3o do Minist\u00e9rio de Ac\u00f3lito dos seminaristas Henrique Santos Correia, Pedro Francisco Pereira Medeiros, Phellipe Moreira da F\u00e9, Rodrigo Rodrigues Vieira e Thales Brand\u00e3o Batista. A Celebra\u00e7\u00e3o Eucar\u00edstica ser\u00e1 no dia 25 de Junho de 2023, \u00e0s 8h, na Catedral Diocesana. &hellip;<\/p>\n","protected":false},"author":24,"featured_media":20345,"comment_status":"closed","ping_status":"closed","sticky":false,"template":"","format":"standard","meta":{"footnotes":""},"categories":[100],"tags":[1207,160,197],"class_list":["post-20344","post","type-post","status-publish","format-standard","has-post-thumbnail","hentry","category-noticias-diocesanas","tag-instituicao-do-ministerio-de-acolito","tag-seminaristas","tag-vocacao"],"_links":{"self":[{"href":"https:\/\/dioceseteixeiradefreitas.com.br\/index.php?rest_route=\/wp\/v2\/posts\/20344","targetHints":{"allow":["GET"]}}],"collection":[{"href":"https:\/\/dioceseteixeiradefreitas.com.br\/index.php?rest_route=\/wp\/v2\/posts"}],"about":[{"href":"https:\/\/dioceseteixeiradefreitas.com.br\/index.php?rest_route=\/wp\/v2\/types\/post"}],"author":[{"embeddable":true,"href":"https:\/\/dioceseteixeiradefreitas.com.br\/index.php?rest_route=\/wp\/v2\/users\/24"}],"replies":[{"embeddable":true,"href":"https:\/\/dioceseteixeiradefreitas.com.br\/index.php?rest_route=%2Fwp%2Fv2%2Fcomments&post=20344"}],"version-history":[{"count":1,"href":"https:\/\/dioceseteixeiradefreitas.com.br\/index.php?rest_route=\/wp\/v2\/posts\/20344\/revisions"}],"predecessor-version":[{"id":20346,"href":"https:\/\/dioceseteixeiradefreitas.com.br\/index.php?rest_route=\/wp\/v2\/posts\/20344\/revisions\/20346"}],"wp:featuredmedia":[{"embeddable":true,"href":"https:\/\/dioceseteixeiradefreitas.com.br\/index.php?rest_route=\/wp\/v2\/media\/20345"}],"wp:attachment":[{"href":"https:\/\/dioceseteixeiradefreitas.com.br\/index.php?rest_route=%2Fwp%2Fv2%2Fmedia&parent=20344"}],"wp:term":[{"taxonomy":"category","embeddable":true,"href":"https:\/\/dioceseteixeiradefreitas.com.br\/index.php?rest_route=%2Fwp%2Fv2%2Fcategories&post=20344"},{"taxonomy":"post_tag","embeddable":true,"href":"https:\/\/dioceseteixeiradefreitas.com.br\/index.php?rest_route=%2Fwp%2Fv2%2Ftags&post=20344"}],"curies":[{"name":"wp","href":"https:\/\/api.w.org\/{rel}","templated":true}]}}