{"id":2049,"date":"2016-10-04T17:08:26","date_gmt":"2016-10-04T20:08:26","guid":{"rendered":"https:\/\/dioceseteixeiradefreitas.com.br\/?p=2049"},"modified":"2019-06-21T18:11:02","modified_gmt":"2019-06-21T21:11:02","slug":"papa-francisco-envia-mensagem-aos-jornalistas-e-profissionais-de-comunicacao","status":"publish","type":"post","link":"https:\/\/dioceseteixeiradefreitas.com.br\/?p=2049","title":{"rendered":"Papa Francisco envia mensagem aos jornalistas e profissionais de comunica\u00e7\u00e3o"},"content":{"rendered":"<p>Para que os jornalistas, no desempenho da sua profiss\u00e3o, sejam sempre animados pelo\u00a0respeito pela verdade e por um forte sentido \u00e9tico.<\/p>\n<p>Papa\u00a0Francisco &#8211; Outubro 2016<\/p>\n<p><iframe loading=\"lazy\" src=\"https:\/\/www.youtube.com\/embed\/DnrQTNSi01M\" width=\"560\" height=\"315\" frameborder=\"0\" allowfullscreen=\"allowfullscreen\"><\/iframe><\/p>\n","protected":false},"excerpt":{"rendered":"<p>Para que os jornalistas, no desempenho da sua profiss\u00e3o, sejam sempre animados pelo\u00a0respeito pela verdade e por um forte sentido \u00e9tico. Papa\u00a0Francisco &#8211; Outubro 2016<\/p>\n","protected":false},"author":2,"featured_media":2051,"comment_status":"closed","ping_status":"closed","sticky":false,"template":"","format":"standard","meta":{"footnotes":""},"categories":[103,25],"tags":[],"class_list":["post-2049","post","type-post","status-publish","format-standard","has-post-thumbnail","hentry","category-noticias-do-vaticano","category-videos"],"_links":{"self":[{"href":"https:\/\/dioceseteixeiradefreitas.com.br\/index.php?rest_route=\/wp\/v2\/posts\/2049","targetHints":{"allow":["GET"]}}],"collection":[{"href":"https:\/\/dioceseteixeiradefreitas.com.br\/index.php?rest_route=\/wp\/v2\/posts"}],"about":[{"href":"https:\/\/dioceseteixeiradefreitas.com.br\/index.php?rest_route=\/wp\/v2\/types\/post"}],"author":[{"embeddable":true,"href":"https:\/\/dioceseteixeiradefreitas.com.br\/index.php?rest_route=\/wp\/v2\/users\/2"}],"replies":[{"embeddable":true,"href":"https:\/\/dioceseteixeiradefreitas.com.br\/index.php?rest_route=%2Fwp%2Fv2%2Fcomments&post=2049"}],"version-history":[{"count":1,"href":"https:\/\/dioceseteixeiradefreitas.com.br\/index.php?rest_route=\/wp\/v2\/posts\/2049\/revisions"}],"predecessor-version":[{"id":2052,"href":"https:\/\/dioceseteixeiradefreitas.com.br\/index.php?rest_route=\/wp\/v2\/posts\/2049\/revisions\/2052"}],"wp:featuredmedia":[{"embeddable":true,"href":"https:\/\/dioceseteixeiradefreitas.com.br\/index.php?rest_route=\/wp\/v2\/media\/2051"}],"wp:attachment":[{"href":"https:\/\/dioceseteixeiradefreitas.com.br\/index.php?rest_route=%2Fwp%2Fv2%2Fmedia&parent=2049"}],"wp:term":[{"taxonomy":"category","embeddable":true,"href":"https:\/\/dioceseteixeiradefreitas.com.br\/index.php?rest_route=%2Fwp%2Fv2%2Fcategories&post=2049"},{"taxonomy":"post_tag","embeddable":true,"href":"https:\/\/dioceseteixeiradefreitas.com.br\/index.php?rest_route=%2Fwp%2Fv2%2Ftags&post=2049"}],"curies":[{"name":"wp","href":"https:\/\/api.w.org\/{rel}","templated":true}]}}