{"id":20773,"date":"2023-07-05T19:05:11","date_gmt":"2023-07-05T22:05:11","guid":{"rendered":"https:\/\/dioceseteixeiradefreitas.com.br\/?p=20773"},"modified":"2023-07-05T19:05:12","modified_gmt":"2023-07-05T22:05:12","slug":"formacao-dos-mesce-da-forania-sao-pedro","status":"publish","type":"post","link":"https:\/\/dioceseteixeiradefreitas.com.br\/?p=20773","title":{"rendered":"Forma\u00e7\u00e3o dos MESCE da Forania S\u00e3o Pedro"},"content":{"rendered":"\n<p>Aconteceu no dia 11 de junho de 2023 a Forma\u00e7\u00e3o dos Ministros Extraordin\u00e1rios da Sagrada Comunh\u00e3o Eucar\u00edstica da Forania S\u00e3o Pedro. O encontro teve in\u00edcio \u00e0s 7h com a Santa Missa, contando com a presen\u00e7a de todos os MESCE da Forania, no intuito de abordar realidades fundamentais deste minist\u00e9rio.<\/p>\n\n\n\n<p>Adriana, coordenadora Diocesana, esteve presente mostrando a import\u00e2ncia do zelo, cuidado e respeito com os objetos lit\u00fargicos, bem como a pontualidade, comprometimento e amor pelas coisas do C\u00e9u. Ressaltou a import\u00e2ncia dos MESCE dentro da Par\u00f3quia sendo os mesmos respons\u00e1veis por dispensar todo amor, zelo e cuidado com os idosos, doentes e enlutados da nossa Par\u00f3quia sendo a nossa principal miss\u00e3o. Trouxe palestrantes para mostrar na pr\u00e1tica o manuseio e import\u00e2ncia de todos os paramentos disponibilizados pela Santa Igreja. <\/p>\n\n\n\n<p>O dia foi repleto de conhecimento, ora\u00e7\u00e3o anima\u00e7\u00e3o e contou com a participa\u00e7\u00e3o efetiva dos presentes, contando com a presen\u00e7a de v\u00e1rios Sacerdotes durante o dia, entre eles: Padre Edvaldo, Padre Gilberto, Padre Paulo S\u00e9rgio, Padre Benoy, Padre Joseph, Padre Douglas Antunes, Padre Mathaus Sampaio, Padre Paulo c\u00e9sar e Dom Jailtom. O encontro foi finalizado com adora\u00e7\u00e3o, ben\u00e7\u00e3o do Sant\u00edssimo Sacramento e agradecimentos.<\/p>\n\n\n\n<p>A Igreja tem como centro a Eucaristia e por isso cabe ao Ministro Extraordin\u00e1rio da Sagrada Comunh\u00e3o Eucar\u00edstica (MESCE), conhecer mais a fundo o Mist\u00e9rio Eucar\u00edstico. Al\u00e9m disso, \u00e9 salutar que se deixem transformar por tudo o que a Eucaristia significa. <br><\/p>\n\n\n\n<figure class=\"wp-block-gallery has-nested-images columns-default is-cropped wp-block-gallery-1 is-layout-flex wp-block-gallery-is-layout-flex\">\n<figure class=\"wp-block-image size-large\"><a href=\"https:\/\/dioceseteixeiradefreitas.com.br\/wp-content\/uploads\/2023\/07\/IMG-20230705-WA0021.jpg\"><img loading=\"lazy\" decoding=\"async\" width=\"350\" height=\"263\" data-id=\"20776\" src=\"https:\/\/dioceseteixeiradefreitas.com.br\/wp-content\/uploads\/2023\/07\/IMG-20230705-WA0021.jpg\" alt=\"\" class=\"wp-image-20776\" srcset=\"https:\/\/dioceseteixeiradefreitas.com.br\/wp-content\/uploads\/2023\/07\/IMG-20230705-WA0021.jpg 350w, https:\/\/dioceseteixeiradefreitas.com.br\/wp-content\/uploads\/2023\/07\/IMG-20230705-WA0021-300x225.jpg 300w\" sizes=\"auto, (max-width: 350px) 100vw, 350px\" \/><\/a><\/figure>\n\n\n\n<figure class=\"wp-block-image size-large\"><a href=\"https:\/\/dioceseteixeiradefreitas.com.br\/wp-content\/uploads\/2023\/07\/IMG-20230705-WA0025.jpg\"><img loading=\"lazy\" decoding=\"async\" width=\"1024\" height=\"759\" data-id=\"20777\" src=\"https:\/\/dioceseteixeiradefreitas.com.br\/wp-content\/uploads\/2023\/07\/IMG-20230705-WA0025-1024x759.jpg\" alt=\"\" class=\"wp-image-20777\" srcset=\"https:\/\/dioceseteixeiradefreitas.com.br\/wp-content\/uploads\/2023\/07\/IMG-20230705-WA0025-1024x759.jpg 1024w, https:\/\/dioceseteixeiradefreitas.com.br\/wp-content\/uploads\/2023\/07\/IMG-20230705-WA0025-300x222.jpg 300w, https:\/\/dioceseteixeiradefreitas.com.br\/wp-content\/uploads\/2023\/07\/IMG-20230705-WA0025-768x569.jpg 768w, https:\/\/dioceseteixeiradefreitas.com.br\/wp-content\/uploads\/2023\/07\/IMG-20230705-WA0025.jpg 1080w\" sizes=\"auto, (max-width: 1024px) 100vw, 1024px\" \/><\/a><\/figure>\n\n\n\n<figure class=\"wp-block-image size-large\"><a href=\"https:\/\/dioceseteixeiradefreitas.com.br\/wp-content\/uploads\/2023\/07\/IMG-20230705-WA0029.jpg\"><img loading=\"lazy\" decoding=\"async\" width=\"350\" height=\"263\" data-id=\"20778\" src=\"https:\/\/dioceseteixeiradefreitas.com.br\/wp-content\/uploads\/2023\/07\/IMG-20230705-WA0029.jpg\" alt=\"\" class=\"wp-image-20778\" srcset=\"https:\/\/dioceseteixeiradefreitas.com.br\/wp-content\/uploads\/2023\/07\/IMG-20230705-WA0029.jpg 350w, https:\/\/dioceseteixeiradefreitas.com.br\/wp-content\/uploads\/2023\/07\/IMG-20230705-WA0029-300x225.jpg 300w\" sizes=\"auto, (max-width: 350px) 100vw, 350px\" \/><\/a><\/figure>\n\n\n\n<figure class=\"wp-block-image size-large\"><a href=\"https:\/\/dioceseteixeiradefreitas.com.br\/wp-content\/uploads\/2023\/07\/IMG-20230705-WA0028.jpg\"><img loading=\"lazy\" decoding=\"async\" width=\"540\" height=\"870\" data-id=\"20779\" src=\"https:\/\/dioceseteixeiradefreitas.com.br\/wp-content\/uploads\/2023\/07\/IMG-20230705-WA0028.jpg\" alt=\"\" class=\"wp-image-20779\" srcset=\"https:\/\/dioceseteixeiradefreitas.com.br\/wp-content\/uploads\/2023\/07\/IMG-20230705-WA0028.jpg 540w, https:\/\/dioceseteixeiradefreitas.com.br\/wp-content\/uploads\/2023\/07\/IMG-20230705-WA0028-186x300.jpg 186w\" sizes=\"auto, (max-width: 540px) 100vw, 540px\" \/><\/a><\/figure>\n\n\n\n<figure class=\"wp-block-image size-large\"><a href=\"https:\/\/dioceseteixeiradefreitas.com.br\/wp-content\/uploads\/2023\/07\/IMG-20230705-WA0018.jpg\"><img loading=\"lazy\" decoding=\"async\" width=\"350\" height=\"263\" data-id=\"20780\" src=\"https:\/\/dioceseteixeiradefreitas.com.br\/wp-content\/uploads\/2023\/07\/IMG-20230705-WA0018.jpg\" alt=\"\" class=\"wp-image-20780\" srcset=\"https:\/\/dioceseteixeiradefreitas.com.br\/wp-content\/uploads\/2023\/07\/IMG-20230705-WA0018.jpg 350w, https:\/\/dioceseteixeiradefreitas.com.br\/wp-content\/uploads\/2023\/07\/IMG-20230705-WA0018-300x225.jpg 300w\" sizes=\"auto, (max-width: 350px) 100vw, 350px\" \/><\/a><\/figure>\n\n\n\n<figure class=\"wp-block-image size-large\"><a href=\"https:\/\/dioceseteixeiradefreitas.com.br\/wp-content\/uploads\/2023\/07\/IMG-20230705-WA0023.jpg\"><img loading=\"lazy\" decoding=\"async\" width=\"350\" height=\"263\" data-id=\"20781\" src=\"https:\/\/dioceseteixeiradefreitas.com.br\/wp-content\/uploads\/2023\/07\/IMG-20230705-WA0023.jpg\" alt=\"\" class=\"wp-image-20781\" srcset=\"https:\/\/dioceseteixeiradefreitas.com.br\/wp-content\/uploads\/2023\/07\/IMG-20230705-WA0023.jpg 350w, https:\/\/dioceseteixeiradefreitas.com.br\/wp-content\/uploads\/2023\/07\/IMG-20230705-WA0023-300x225.jpg 300w\" sizes=\"auto, (max-width: 350px) 100vw, 350px\" \/><\/a><\/figure>\n\n\n\n<figure class=\"wp-block-image size-large\"><a href=\"https:\/\/dioceseteixeiradefreitas.com.br\/wp-content\/uploads\/2023\/07\/IMG-20230705-WA0026.jpg\"><img loading=\"lazy\" decoding=\"async\" width=\"350\" height=\"263\" data-id=\"20782\" src=\"https:\/\/dioceseteixeiradefreitas.com.br\/wp-content\/uploads\/2023\/07\/IMG-20230705-WA0026.jpg\" alt=\"\" class=\"wp-image-20782\" srcset=\"https:\/\/dioceseteixeiradefreitas.com.br\/wp-content\/uploads\/2023\/07\/IMG-20230705-WA0026.jpg 350w, https:\/\/dioceseteixeiradefreitas.com.br\/wp-content\/uploads\/2023\/07\/IMG-20230705-WA0026-300x225.jpg 300w\" sizes=\"auto, (max-width: 350px) 100vw, 350px\" \/><\/a><\/figure>\n\n\n\n<figure class=\"wp-block-image size-large\"><a href=\"https:\/\/dioceseteixeiradefreitas.com.br\/wp-content\/uploads\/2023\/07\/IMG-20230705-WA0027.jpg\"><img loading=\"lazy\" decoding=\"async\" width=\"350\" height=\"263\" data-id=\"20783\" src=\"https:\/\/dioceseteixeiradefreitas.com.br\/wp-content\/uploads\/2023\/07\/IMG-20230705-WA0027.jpg\" alt=\"\" class=\"wp-image-20783\" srcset=\"https:\/\/dioceseteixeiradefreitas.com.br\/wp-content\/uploads\/2023\/07\/IMG-20230705-WA0027.jpg 350w, https:\/\/dioceseteixeiradefreitas.com.br\/wp-content\/uploads\/2023\/07\/IMG-20230705-WA0027-300x225.jpg 300w\" sizes=\"auto, (max-width: 350px) 100vw, 350px\" \/><\/a><\/figure>\n\n\n\n<figure class=\"wp-block-image size-large\"><a href=\"https:\/\/dioceseteixeiradefreitas.com.br\/wp-content\/uploads\/2023\/07\/IMG-20230705-WA0025-1.jpg\"><img loading=\"lazy\" decoding=\"async\" width=\"1024\" height=\"759\" data-id=\"20784\" src=\"https:\/\/dioceseteixeiradefreitas.com.br\/wp-content\/uploads\/2023\/07\/IMG-20230705-WA0025-1-1024x759.jpg\" alt=\"\" class=\"wp-image-20784\" srcset=\"https:\/\/dioceseteixeiradefreitas.com.br\/wp-content\/uploads\/2023\/07\/IMG-20230705-WA0025-1-1024x759.jpg 1024w, https:\/\/dioceseteixeiradefreitas.com.br\/wp-content\/uploads\/2023\/07\/IMG-20230705-WA0025-1-300x222.jpg 300w, https:\/\/dioceseteixeiradefreitas.com.br\/wp-content\/uploads\/2023\/07\/IMG-20230705-WA0025-1-768x569.jpg 768w, https:\/\/dioceseteixeiradefreitas.com.br\/wp-content\/uploads\/2023\/07\/IMG-20230705-WA0025-1.jpg 1080w\" sizes=\"auto, (max-width: 1024px) 100vw, 1024px\" \/><\/a><\/figure>\n\n\n\n<figure class=\"wp-block-image size-large\"><a href=\"https:\/\/dioceseteixeiradefreitas.com.br\/wp-content\/uploads\/2023\/07\/IMG-20230705-WA0020.jpg\"><img loading=\"lazy\" decoding=\"async\" width=\"1024\" height=\"682\" data-id=\"20785\" src=\"https:\/\/dioceseteixeiradefreitas.com.br\/wp-content\/uploads\/2023\/07\/IMG-20230705-WA0020-1024x682.jpg\" alt=\"\" class=\"wp-image-20785\" srcset=\"https:\/\/dioceseteixeiradefreitas.com.br\/wp-content\/uploads\/2023\/07\/IMG-20230705-WA0020-1024x682.jpg 1024w, https:\/\/dioceseteixeiradefreitas.com.br\/wp-content\/uploads\/2023\/07\/IMG-20230705-WA0020-300x200.jpg 300w, https:\/\/dioceseteixeiradefreitas.com.br\/wp-content\/uploads\/2023\/07\/IMG-20230705-WA0020-768x512.jpg 768w, https:\/\/dioceseteixeiradefreitas.com.br\/wp-content\/uploads\/2023\/07\/IMG-20230705-WA0020.jpg 1280w\" sizes=\"auto, (max-width: 1024px) 100vw, 1024px\" \/><\/a><\/figure>\n\n\n\n<figure class=\"wp-block-image size-large\"><a href=\"https:\/\/dioceseteixeiradefreitas.com.br\/wp-content\/uploads\/2023\/07\/IMG-20230705-WA0022.jpg\"><img loading=\"lazy\" decoding=\"async\" width=\"350\" height=\"263\" data-id=\"20786\" src=\"https:\/\/dioceseteixeiradefreitas.com.br\/wp-content\/uploads\/2023\/07\/IMG-20230705-WA0022.jpg\" alt=\"\" class=\"wp-image-20786\" srcset=\"https:\/\/dioceseteixeiradefreitas.com.br\/wp-content\/uploads\/2023\/07\/IMG-20230705-WA0022.jpg 350w, https:\/\/dioceseteixeiradefreitas.com.br\/wp-content\/uploads\/2023\/07\/IMG-20230705-WA0022-300x225.jpg 300w\" sizes=\"auto, (max-width: 350px) 100vw, 350px\" \/><\/a><\/figure>\n\n\n\n<figure class=\"wp-block-image size-large\"><a href=\"https:\/\/dioceseteixeiradefreitas.com.br\/wp-content\/uploads\/2023\/07\/IMG-20230705-WA0021-1.jpg\"><img loading=\"lazy\" decoding=\"async\" width=\"350\" height=\"263\" data-id=\"20787\" src=\"https:\/\/dioceseteixeiradefreitas.com.br\/wp-content\/uploads\/2023\/07\/IMG-20230705-WA0021-1.jpg\" alt=\"\" class=\"wp-image-20787\" srcset=\"https:\/\/dioceseteixeiradefreitas.com.br\/wp-content\/uploads\/2023\/07\/IMG-20230705-WA0021-1.jpg 350w, https:\/\/dioceseteixeiradefreitas.com.br\/wp-content\/uploads\/2023\/07\/IMG-20230705-WA0021-1-300x225.jpg 300w\" sizes=\"auto, (max-width: 350px) 100vw, 350px\" \/><\/a><\/figure>\n\n\n\n<figure class=\"wp-block-image size-large\"><a href=\"https:\/\/dioceseteixeiradefreitas.com.br\/wp-content\/uploads\/2023\/07\/IMG-20230705-WA0017.jpg\"><img loading=\"lazy\" decoding=\"async\" width=\"350\" height=\"263\" data-id=\"20788\" src=\"https:\/\/dioceseteixeiradefreitas.com.br\/wp-content\/uploads\/2023\/07\/IMG-20230705-WA0017.jpg\" alt=\"\" class=\"wp-image-20788\" srcset=\"https:\/\/dioceseteixeiradefreitas.com.br\/wp-content\/uploads\/2023\/07\/IMG-20230705-WA0017.jpg 350w, https:\/\/dioceseteixeiradefreitas.com.br\/wp-content\/uploads\/2023\/07\/IMG-20230705-WA0017-300x225.jpg 300w\" sizes=\"auto, (max-width: 350px) 100vw, 350px\" \/><\/a><\/figure>\n\n\n\n<figure class=\"wp-block-image size-large\"><a href=\"https:\/\/dioceseteixeiradefreitas.com.br\/wp-content\/uploads\/2023\/07\/IMG-20230705-WA0014.jpg\"><img loading=\"lazy\" decoding=\"async\" width=\"350\" height=\"263\" data-id=\"20789\" src=\"https:\/\/dioceseteixeiradefreitas.com.br\/wp-content\/uploads\/2023\/07\/IMG-20230705-WA0014.jpg\" alt=\"\" class=\"wp-image-20789\" srcset=\"https:\/\/dioceseteixeiradefreitas.com.br\/wp-content\/uploads\/2023\/07\/IMG-20230705-WA0014.jpg 350w, https:\/\/dioceseteixeiradefreitas.com.br\/wp-content\/uploads\/2023\/07\/IMG-20230705-WA0014-300x225.jpg 300w\" sizes=\"auto, (max-width: 350px) 100vw, 350px\" \/><\/a><\/figure>\n\n\n\n<figure class=\"wp-block-image size-large\"><a href=\"https:\/\/dioceseteixeiradefreitas.com.br\/wp-content\/uploads\/2023\/07\/IMG-20230705-WA0019.jpg\"><img loading=\"lazy\" decoding=\"async\" width=\"350\" height=\"263\" data-id=\"20791\" src=\"https:\/\/dioceseteixeiradefreitas.com.br\/wp-content\/uploads\/2023\/07\/IMG-20230705-WA0019.jpg\" alt=\"\" class=\"wp-image-20791\" srcset=\"https:\/\/dioceseteixeiradefreitas.com.br\/wp-content\/uploads\/2023\/07\/IMG-20230705-WA0019.jpg 350w, https:\/\/dioceseteixeiradefreitas.com.br\/wp-content\/uploads\/2023\/07\/IMG-20230705-WA0019-300x225.jpg 300w\" sizes=\"auto, (max-width: 350px) 100vw, 350px\" \/><\/a><\/figure>\n\n\n\n<figure class=\"wp-block-image size-large\"><a href=\"https:\/\/dioceseteixeiradefreitas.com.br\/wp-content\/uploads\/2023\/07\/IMG-20230705-WA0015.jpg\"><img loading=\"lazy\" decoding=\"async\" width=\"350\" height=\"263\" data-id=\"20790\" src=\"https:\/\/dioceseteixeiradefreitas.com.br\/wp-content\/uploads\/2023\/07\/IMG-20230705-WA0015.jpg\" alt=\"\" class=\"wp-image-20790\" srcset=\"https:\/\/dioceseteixeiradefreitas.com.br\/wp-content\/uploads\/2023\/07\/IMG-20230705-WA0015.jpg 350w, https:\/\/dioceseteixeiradefreitas.com.br\/wp-content\/uploads\/2023\/07\/IMG-20230705-WA0015-300x225.jpg 300w\" sizes=\"auto, (max-width: 350px) 100vw, 350px\" \/><\/a><\/figure>\n\n\n\n<figure class=\"wp-block-image size-large\"><a href=\"https:\/\/dioceseteixeiradefreitas.com.br\/wp-content\/uploads\/2023\/07\/IMG-20230705-WA0016.jpg\"><img loading=\"lazy\" decoding=\"async\" width=\"350\" height=\"263\" data-id=\"20792\" src=\"https:\/\/dioceseteixeiradefreitas.com.br\/wp-content\/uploads\/2023\/07\/IMG-20230705-WA0016.jpg\" alt=\"\" class=\"wp-image-20792\" srcset=\"https:\/\/dioceseteixeiradefreitas.com.br\/wp-content\/uploads\/2023\/07\/IMG-20230705-WA0016.jpg 350w, https:\/\/dioceseteixeiradefreitas.com.br\/wp-content\/uploads\/2023\/07\/IMG-20230705-WA0016-300x225.jpg 300w\" sizes=\"auto, (max-width: 350px) 100vw, 350px\" \/><\/a><\/figure>\n\n\n\n<figure class=\"wp-block-image size-large\"><a href=\"https:\/\/dioceseteixeiradefreitas.com.br\/wp-content\/uploads\/2023\/07\/IMG-20230705-WA0024.jpg\"><img loading=\"lazy\" decoding=\"async\" width=\"350\" height=\"263\" data-id=\"20793\" src=\"https:\/\/dioceseteixeiradefreitas.com.br\/wp-content\/uploads\/2023\/07\/IMG-20230705-WA0024.jpg\" alt=\"\" class=\"wp-image-20793\" srcset=\"https:\/\/dioceseteixeiradefreitas.com.br\/wp-content\/uploads\/2023\/07\/IMG-20230705-WA0024.jpg 350w, https:\/\/dioceseteixeiradefreitas.com.br\/wp-content\/uploads\/2023\/07\/IMG-20230705-WA0024-300x225.jpg 300w\" sizes=\"auto, (max-width: 350px) 100vw, 350px\" \/><\/a><\/figure>\n<\/figure>\n","protected":false},"excerpt":{"rendered":"<p>Aconteceu no dia 11 de junho de 2023 a Forma\u00e7\u00e3o dos Ministros Extraordin\u00e1rios da Sagrada Comunh\u00e3o Eucar\u00edstica da Forania S\u00e3o Pedro. O encontro teve in\u00edcio \u00e0s 7h com a Santa Missa, contando com a presen\u00e7a de todos os MESCE da Forania, no intuito de abordar realidades fundamentais deste minist\u00e9rio. Adriana, coordenadora Diocesana, esteve presente mostrando &hellip;<\/p>\n","protected":false},"author":24,"featured_media":20784,"comment_status":"closed","ping_status":"closed","sticky":false,"template":"","format":"standard","meta":{"footnotes":""},"categories":[100],"tags":[57,1128],"class_list":["post-20773","post","type-post","status-publish","format-standard","has-post-thumbnail","hentry","category-noticias-diocesanas","tag-forania-sao-pedro","tag-mesce"],"_links":{"self":[{"href":"https:\/\/dioceseteixeiradefreitas.com.br\/index.php?rest_route=\/wp\/v2\/posts\/20773","targetHints":{"allow":["GET"]}}],"collection":[{"href":"https:\/\/dioceseteixeiradefreitas.com.br\/index.php?rest_route=\/wp\/v2\/posts"}],"about":[{"href":"https:\/\/dioceseteixeiradefreitas.com.br\/index.php?rest_route=\/wp\/v2\/types\/post"}],"author":[{"embeddable":true,"href":"https:\/\/dioceseteixeiradefreitas.com.br\/index.php?rest_route=\/wp\/v2\/users\/24"}],"replies":[{"embeddable":true,"href":"https:\/\/dioceseteixeiradefreitas.com.br\/index.php?rest_route=%2Fwp%2Fv2%2Fcomments&post=20773"}],"version-history":[{"count":3,"href":"https:\/\/dioceseteixeiradefreitas.com.br\/index.php?rest_route=\/wp\/v2\/posts\/20773\/revisions"}],"predecessor-version":[{"id":20794,"href":"https:\/\/dioceseteixeiradefreitas.com.br\/index.php?rest_route=\/wp\/v2\/posts\/20773\/revisions\/20794"}],"wp:featuredmedia":[{"embeddable":true,"href":"https:\/\/dioceseteixeiradefreitas.com.br\/index.php?rest_route=\/wp\/v2\/media\/20784"}],"wp:attachment":[{"href":"https:\/\/dioceseteixeiradefreitas.com.br\/index.php?rest_route=%2Fwp%2Fv2%2Fmedia&parent=20773"}],"wp:term":[{"taxonomy":"category","embeddable":true,"href":"https:\/\/dioceseteixeiradefreitas.com.br\/index.php?rest_route=%2Fwp%2Fv2%2Fcategories&post=20773"},{"taxonomy":"post_tag","embeddable":true,"href":"https:\/\/dioceseteixeiradefreitas.com.br\/index.php?rest_route=%2Fwp%2Fv2%2Ftags&post=20773"}],"curies":[{"name":"wp","href":"https:\/\/api.w.org\/{rel}","templated":true}]}}