{"id":20828,"date":"2023-07-05T21:18:37","date_gmt":"2023-07-06T00:18:37","guid":{"rendered":"https:\/\/dioceseteixeiradefreitas.com.br\/?p=20828"},"modified":"2023-07-05T21:18:37","modified_gmt":"2023-07-06T00:18:37","slug":"padre-waldemir-oliveira-celebra-2-anos-de-vida-sacerdotal-em-emocionante-missa-de-acao-de-gracas","status":"publish","type":"post","link":"https:\/\/dioceseteixeiradefreitas.com.br\/?p=20828","title":{"rendered":"Padre Waldemir Oliveira celebra 2 anos de vida sacerdotal em emocionante Missa de A\u00e7\u00e3o de Gra\u00e7as"},"content":{"rendered":"\n<p>Comunidade se une para expressar gratid\u00e3o e reconhecimento ao dedicado padre.<\/p>\n\n\n\n<p>Data: 3 de julho de 2023<\/p>\n\n\n\n<p>Local: Quase Par\u00f3quia Cristo Rei do Universo.<\/p>\n\n\n\n<p>Na noite de segunda-feira, a Quase Par\u00f3quia Cristo Rei do Universo foi o local de uma bel\u00edssima Missa em a\u00e7\u00e3o de gra\u00e7as aos 2 anos de vida sacerdotal do Padre Waldemir Oliveira. A celebra\u00e7\u00e3o foi marcada por momentos de profunda emo\u00e7\u00e3o e reflex\u00e3o, reunindo fi\u00e9is, amigos e familiares para expressar sua gratid\u00e3o e reconhecimento ao dedicado padre.<\/p>\n\n\n\n<p>A Santa Missa foi presidida pelo pr\u00f3prio Padre Waldemir Oliveira e concelebrada pelos Padres Uilton Alves, da Par\u00f3quia S\u00e3o Jos\u00e9 Esposo (Trevo do Posto da Mata-BA), e Manoel Neto, da Par\u00f3quia S\u00e3o Sebasti\u00e3o (Jucuru\u00e7u-BA), com a presen\u00e7a tamb\u00e9m dos seminaristas David e Mateus Santos. <\/p>\n\n\n\n<p>Durante a homilia, o Padre Waldemir compartilhou um pouco de sua jornada como seminarista, destacando os desafios enfrentados e os momentos de f\u00e9 vividos ao lado do Padre Uilton, com quem partilhou essa entrega a Deus. <\/p>\n\n\n\n<p>Ao final da Santa Missa, a comentarista Elizabete leu uma mensagem de agradecimento em nome de toda a comunidade, ressaltando a dedica\u00e7\u00e3o e o amor do padre pela comunidade local. Em seguida, foi entregue um presente simb\u00f3lico como forma de reconhecimento por seu servi\u00e7o incans\u00e1vel.<\/p>\n\n\n\n<p>Visivelmente emocionado, o Padre Waldemir Oliveira agradeceu a todos os presentes pelas ora\u00e7\u00f5es e pelo afeto demonstrado ao longo do dia, com gestos de carinho, mimos e mensagens. Ele expressou sua profunda gratid\u00e3o pela oportunidade de servir a Deus e \u00e0 comunidade, renovando seu compromisso de continuar sua caminhada sacerdotal com amor e dedica\u00e7\u00e3o.<\/p>\n\n\n\n<p>A celebra\u00e7\u00e3o dos 2 anos de vida sacerdotal do Padre Waldemir Oliveira foi um momento especial de uni\u00e3o e reconhecimento, demonstrando a import\u00e2ncia do seu trabalho na comunidade e a admira\u00e7\u00e3o que os fi\u00e9is t\u00eam por ele, mais que isso, o amor por Deus por entregar-sea sua vida para Ele e para o servi\u00e7o. Que sua jornada sacerdotal continue a ser aben\u00e7oada, e que seu exemplo inspire outros a seguirem o caminho do servi\u00e7o e da f\u00e9.<\/p>\n\n\n\n<figure class=\"wp-block-gallery has-nested-images columns-default is-cropped wp-block-gallery-1 is-layout-flex wp-block-gallery-is-layout-flex\">\n<figure class=\"wp-block-image size-large\"><a href=\"https:\/\/dioceseteixeiradefreitas.com.br\/wp-content\/uploads\/2023\/07\/IMG-20230705-WA0043.jpg\"><img loading=\"lazy\" decoding=\"async\" width=\"683\" height=\"1024\" data-id=\"20826\" src=\"https:\/\/dioceseteixeiradefreitas.com.br\/wp-content\/uploads\/2023\/07\/IMG-20230705-WA0043-683x1024.jpg\" alt=\"\" class=\"wp-image-20826\" srcset=\"https:\/\/dioceseteixeiradefreitas.com.br\/wp-content\/uploads\/2023\/07\/IMG-20230705-WA0043-683x1024.jpg 683w, https:\/\/dioceseteixeiradefreitas.com.br\/wp-content\/uploads\/2023\/07\/IMG-20230705-WA0043-200x300.jpg 200w, https:\/\/dioceseteixeiradefreitas.com.br\/wp-content\/uploads\/2023\/07\/IMG-20230705-WA0043-768x1152.jpg 768w, https:\/\/dioceseteixeiradefreitas.com.br\/wp-content\/uploads\/2023\/07\/IMG-20230705-WA0043-1024x1536.jpg 1024w, https:\/\/dioceseteixeiradefreitas.com.br\/wp-content\/uploads\/2023\/07\/IMG-20230705-WA0043.jpg 1066w\" sizes=\"auto, (max-width: 683px) 100vw, 683px\" \/><\/a><\/figure>\n\n\n\n<figure class=\"wp-block-image size-large\"><a href=\"https:\/\/dioceseteixeiradefreitas.com.br\/wp-content\/uploads\/2023\/07\/IMG-20230705-WA0047.jpg\"><img loading=\"lazy\" decoding=\"async\" width=\"683\" height=\"1024\" data-id=\"20827\" src=\"https:\/\/dioceseteixeiradefreitas.com.br\/wp-content\/uploads\/2023\/07\/IMG-20230705-WA0047-683x1024.jpg\" alt=\"\" class=\"wp-image-20827\" srcset=\"https:\/\/dioceseteixeiradefreitas.com.br\/wp-content\/uploads\/2023\/07\/IMG-20230705-WA0047-683x1024.jpg 683w, https:\/\/dioceseteixeiradefreitas.com.br\/wp-content\/uploads\/2023\/07\/IMG-20230705-WA0047-200x300.jpg 200w, https:\/\/dioceseteixeiradefreitas.com.br\/wp-content\/uploads\/2023\/07\/IMG-20230705-WA0047-768x1152.jpg 768w, https:\/\/dioceseteixeiradefreitas.com.br\/wp-content\/uploads\/2023\/07\/IMG-20230705-WA0047-1024x1536.jpg 1024w, https:\/\/dioceseteixeiradefreitas.com.br\/wp-content\/uploads\/2023\/07\/IMG-20230705-WA0047.jpg 1066w\" sizes=\"auto, (max-width: 683px) 100vw, 683px\" \/><\/a><\/figure>\n\n\n\n<figure class=\"wp-block-image size-large\"><a href=\"https:\/\/dioceseteixeiradefreitas.com.br\/wp-content\/uploads\/2023\/07\/IMG-20230705-WA0046.jpg\"><img loading=\"lazy\" decoding=\"async\" width=\"608\" height=\"1024\" data-id=\"20818\" src=\"https:\/\/dioceseteixeiradefreitas.com.br\/wp-content\/uploads\/2023\/07\/IMG-20230705-WA0046-608x1024.jpg\" alt=\"\" class=\"wp-image-20818\" srcset=\"https:\/\/dioceseteixeiradefreitas.com.br\/wp-content\/uploads\/2023\/07\/IMG-20230705-WA0046-608x1024.jpg 608w, https:\/\/dioceseteixeiradefreitas.com.br\/wp-content\/uploads\/2023\/07\/IMG-20230705-WA0046-178x300.jpg 178w, https:\/\/dioceseteixeiradefreitas.com.br\/wp-content\/uploads\/2023\/07\/IMG-20230705-WA0046.jpg 949w\" sizes=\"auto, (max-width: 608px) 100vw, 608px\" \/><\/a><\/figure>\n\n\n\n<figure class=\"wp-block-image size-large\"><a href=\"https:\/\/dioceseteixeiradefreitas.com.br\/wp-content\/uploads\/2023\/07\/IMG-20230705-WA0037.jpg\"><img loading=\"lazy\" decoding=\"async\" width=\"1066\" height=\"1599\" data-id=\"20825\" src=\"https:\/\/dioceseteixeiradefreitas.com.br\/wp-content\/uploads\/2023\/07\/IMG-20230705-WA0037.jpg\" alt=\"\" class=\"wp-image-20825\"\/><\/a><\/figure>\n\n\n\n<figure class=\"wp-block-image size-large\"><a href=\"https:\/\/dioceseteixeiradefreitas.com.br\/wp-content\/uploads\/2023\/07\/IMG-20230705-WA0044.jpg\"><img loading=\"lazy\" decoding=\"async\" width=\"683\" height=\"1024\" data-id=\"20821\" src=\"https:\/\/dioceseteixeiradefreitas.com.br\/wp-content\/uploads\/2023\/07\/IMG-20230705-WA0044-683x1024.jpg\" alt=\"\" class=\"wp-image-20821\" srcset=\"https:\/\/dioceseteixeiradefreitas.com.br\/wp-content\/uploads\/2023\/07\/IMG-20230705-WA0044-683x1024.jpg 683w, https:\/\/dioceseteixeiradefreitas.com.br\/wp-content\/uploads\/2023\/07\/IMG-20230705-WA0044-200x300.jpg 200w, https:\/\/dioceseteixeiradefreitas.com.br\/wp-content\/uploads\/2023\/07\/IMG-20230705-WA0044-768x1152.jpg 768w, https:\/\/dioceseteixeiradefreitas.com.br\/wp-content\/uploads\/2023\/07\/IMG-20230705-WA0044.jpg 1066w\" sizes=\"auto, (max-width: 683px) 100vw, 683px\" \/><\/a><\/figure>\n\n\n\n<figure class=\"wp-block-image size-large\"><a href=\"https:\/\/dioceseteixeiradefreitas.com.br\/wp-content\/uploads\/2023\/07\/IMG-20230705-WA0040.jpg\"><img loading=\"lazy\" decoding=\"async\" width=\"683\" height=\"1024\" data-id=\"20820\" src=\"https:\/\/dioceseteixeiradefreitas.com.br\/wp-content\/uploads\/2023\/07\/IMG-20230705-WA0040-683x1024.jpg\" alt=\"\" class=\"wp-image-20820\" srcset=\"https:\/\/dioceseteixeiradefreitas.com.br\/wp-content\/uploads\/2023\/07\/IMG-20230705-WA0040-683x1024.jpg 683w, https:\/\/dioceseteixeiradefreitas.com.br\/wp-content\/uploads\/2023\/07\/IMG-20230705-WA0040-200x300.jpg 200w, https:\/\/dioceseteixeiradefreitas.com.br\/wp-content\/uploads\/2023\/07\/IMG-20230705-WA0040-768x1152.jpg 768w, https:\/\/dioceseteixeiradefreitas.com.br\/wp-content\/uploads\/2023\/07\/IMG-20230705-WA0040-1024x1536.jpg 1024w, https:\/\/dioceseteixeiradefreitas.com.br\/wp-content\/uploads\/2023\/07\/IMG-20230705-WA0040.jpg 1066w\" sizes=\"auto, (max-width: 683px) 100vw, 683px\" \/><\/a><\/figure>\n\n\n\n<figure class=\"wp-block-image size-large\"><a href=\"https:\/\/dioceseteixeiradefreitas.com.br\/wp-content\/uploads\/2023\/07\/IMG-20230705-WA0041.jpg\"><img loading=\"lazy\" decoding=\"async\" width=\"683\" height=\"1024\" data-id=\"20816\" src=\"https:\/\/dioceseteixeiradefreitas.com.br\/wp-content\/uploads\/2023\/07\/IMG-20230705-WA0041-683x1024.jpg\" alt=\"\" class=\"wp-image-20816\" srcset=\"https:\/\/dioceseteixeiradefreitas.com.br\/wp-content\/uploads\/2023\/07\/IMG-20230705-WA0041-683x1024.jpg 683w, https:\/\/dioceseteixeiradefreitas.com.br\/wp-content\/uploads\/2023\/07\/IMG-20230705-WA0041-200x300.jpg 200w, https:\/\/dioceseteixeiradefreitas.com.br\/wp-content\/uploads\/2023\/07\/IMG-20230705-WA0041-768x1152.jpg 768w, https:\/\/dioceseteixeiradefreitas.com.br\/wp-content\/uploads\/2023\/07\/IMG-20230705-WA0041-1024x1536.jpg 1024w, https:\/\/dioceseteixeiradefreitas.com.br\/wp-content\/uploads\/2023\/07\/IMG-20230705-WA0041.jpg 1066w\" sizes=\"auto, (max-width: 683px) 100vw, 683px\" \/><\/a><\/figure>\n\n\n\n<figure class=\"wp-block-image size-large\"><a href=\"https:\/\/dioceseteixeiradefreitas.com.br\/wp-content\/uploads\/2023\/07\/IMG-20230705-WA0038.jpg\"><img loading=\"lazy\" decoding=\"async\" width=\"1066\" height=\"1599\" data-id=\"20824\" src=\"https:\/\/dioceseteixeiradefreitas.com.br\/wp-content\/uploads\/2023\/07\/IMG-20230705-WA0038.jpg\" alt=\"\" class=\"wp-image-20824\"\/><\/a><\/figure>\n\n\n\n<figure class=\"wp-block-image size-large\"><a href=\"https:\/\/dioceseteixeiradefreitas.com.br\/wp-content\/uploads\/2023\/07\/IMG-20230705-WA0036.jpg\"><img loading=\"lazy\" decoding=\"async\" width=\"1024\" height=\"683\" data-id=\"20819\" src=\"https:\/\/dioceseteixeiradefreitas.com.br\/wp-content\/uploads\/2023\/07\/IMG-20230705-WA0036-1024x683.jpg\" alt=\"\" class=\"wp-image-20819\" srcset=\"https:\/\/dioceseteixeiradefreitas.com.br\/wp-content\/uploads\/2023\/07\/IMG-20230705-WA0036-1024x683.jpg 1024w, https:\/\/dioceseteixeiradefreitas.com.br\/wp-content\/uploads\/2023\/07\/IMG-20230705-WA0036-300x200.jpg 300w, https:\/\/dioceseteixeiradefreitas.com.br\/wp-content\/uploads\/2023\/07\/IMG-20230705-WA0036-768x512.jpg 768w, https:\/\/dioceseteixeiradefreitas.com.br\/wp-content\/uploads\/2023\/07\/IMG-20230705-WA0036-1536x1024.jpg 1536w, https:\/\/dioceseteixeiradefreitas.com.br\/wp-content\/uploads\/2023\/07\/IMG-20230705-WA0036.jpg 1599w\" sizes=\"auto, (max-width: 1024px) 100vw, 1024px\" \/><\/a><\/figure>\n\n\n\n<figure class=\"wp-block-image size-large\"><a href=\"https:\/\/dioceseteixeiradefreitas.com.br\/wp-content\/uploads\/2023\/07\/IMG-20230705-WA0045.jpg\"><img loading=\"lazy\" decoding=\"async\" width=\"1066\" height=\"1599\" data-id=\"20823\" src=\"https:\/\/dioceseteixeiradefreitas.com.br\/wp-content\/uploads\/2023\/07\/IMG-20230705-WA0045.jpg\" alt=\"\" class=\"wp-image-20823\"\/><\/a><\/figure>\n\n\n\n<figure class=\"wp-block-image size-large\"><a href=\"https:\/\/dioceseteixeiradefreitas.com.br\/wp-content\/uploads\/2023\/07\/IMG-20230705-WA0050.jpg\"><img loading=\"lazy\" decoding=\"async\" width=\"683\" height=\"1024\" data-id=\"20814\" src=\"https:\/\/dioceseteixeiradefreitas.com.br\/wp-content\/uploads\/2023\/07\/IMG-20230705-WA0050-683x1024.jpg\" alt=\"\" class=\"wp-image-20814\" srcset=\"https:\/\/dioceseteixeiradefreitas.com.br\/wp-content\/uploads\/2023\/07\/IMG-20230705-WA0050-683x1024.jpg 683w, https:\/\/dioceseteixeiradefreitas.com.br\/wp-content\/uploads\/2023\/07\/IMG-20230705-WA0050-200x300.jpg 200w, https:\/\/dioceseteixeiradefreitas.com.br\/wp-content\/uploads\/2023\/07\/IMG-20230705-WA0050-768x1152.jpg 768w, https:\/\/dioceseteixeiradefreitas.com.br\/wp-content\/uploads\/2023\/07\/IMG-20230705-WA0050.jpg 1066w\" sizes=\"auto, (max-width: 683px) 100vw, 683px\" \/><\/a><\/figure>\n\n\n\n<figure class=\"wp-block-image size-large\"><a href=\"https:\/\/dioceseteixeiradefreitas.com.br\/wp-content\/uploads\/2023\/07\/IMG-20230705-WA0049.jpg\"><img loading=\"lazy\" decoding=\"async\" width=\"683\" height=\"1024\" data-id=\"20813\" src=\"https:\/\/dioceseteixeiradefreitas.com.br\/wp-content\/uploads\/2023\/07\/IMG-20230705-WA0049-683x1024.jpg\" alt=\"\" class=\"wp-image-20813\" srcset=\"https:\/\/dioceseteixeiradefreitas.com.br\/wp-content\/uploads\/2023\/07\/IMG-20230705-WA0049-683x1024.jpg 683w, https:\/\/dioceseteixeiradefreitas.com.br\/wp-content\/uploads\/2023\/07\/IMG-20230705-WA0049-200x300.jpg 200w, https:\/\/dioceseteixeiradefreitas.com.br\/wp-content\/uploads\/2023\/07\/IMG-20230705-WA0049-768x1152.jpg 768w, https:\/\/dioceseteixeiradefreitas.com.br\/wp-content\/uploads\/2023\/07\/IMG-20230705-WA0049-1024x1536.jpg 1024w, https:\/\/dioceseteixeiradefreitas.com.br\/wp-content\/uploads\/2023\/07\/IMG-20230705-WA0049.jpg 1066w\" sizes=\"auto, (max-width: 683px) 100vw, 683px\" \/><\/a><\/figure>\n\n\n\n<figure class=\"wp-block-image size-large\"><a href=\"https:\/\/dioceseteixeiradefreitas.com.br\/wp-content\/uploads\/2023\/07\/IMG-20230705-WA0042.jpg\"><img loading=\"lazy\" decoding=\"async\" width=\"683\" height=\"1024\" data-id=\"20817\" src=\"https:\/\/dioceseteixeiradefreitas.com.br\/wp-content\/uploads\/2023\/07\/IMG-20230705-WA0042-683x1024.jpg\" alt=\"\" class=\"wp-image-20817\" srcset=\"https:\/\/dioceseteixeiradefreitas.com.br\/wp-content\/uploads\/2023\/07\/IMG-20230705-WA0042-683x1024.jpg 683w, https:\/\/dioceseteixeiradefreitas.com.br\/wp-content\/uploads\/2023\/07\/IMG-20230705-WA0042-200x300.jpg 200w, https:\/\/dioceseteixeiradefreitas.com.br\/wp-content\/uploads\/2023\/07\/IMG-20230705-WA0042-768x1152.jpg 768w, https:\/\/dioceseteixeiradefreitas.com.br\/wp-content\/uploads\/2023\/07\/IMG-20230705-WA0042.jpg 1066w\" sizes=\"auto, (max-width: 683px) 100vw, 683px\" \/><\/a><\/figure>\n\n\n\n<figure class=\"wp-block-image size-large\"><a href=\"https:\/\/dioceseteixeiradefreitas.com.br\/wp-content\/uploads\/2023\/07\/IMG-20230705-WA0039.jpg\"><img loading=\"lazy\" decoding=\"async\" width=\"683\" height=\"1024\" data-id=\"20822\" src=\"https:\/\/dioceseteixeiradefreitas.com.br\/wp-content\/uploads\/2023\/07\/IMG-20230705-WA0039-683x1024.jpg\" alt=\"\" class=\"wp-image-20822\" srcset=\"https:\/\/dioceseteixeiradefreitas.com.br\/wp-content\/uploads\/2023\/07\/IMG-20230705-WA0039-683x1024.jpg 683w, https:\/\/dioceseteixeiradefreitas.com.br\/wp-content\/uploads\/2023\/07\/IMG-20230705-WA0039-200x300.jpg 200w, https:\/\/dioceseteixeiradefreitas.com.br\/wp-content\/uploads\/2023\/07\/IMG-20230705-WA0039-768x1152.jpg 768w, https:\/\/dioceseteixeiradefreitas.com.br\/wp-content\/uploads\/2023\/07\/IMG-20230705-WA0039-1024x1536.jpg 1024w, https:\/\/dioceseteixeiradefreitas.com.br\/wp-content\/uploads\/2023\/07\/IMG-20230705-WA0039.jpg 1066w\" sizes=\"auto, (max-width: 683px) 100vw, 683px\" \/><\/a><\/figure>\n\n\n\n<figure class=\"wp-block-image size-large\"><a href=\"https:\/\/dioceseteixeiradefreitas.com.br\/wp-content\/uploads\/2023\/07\/IMG-20230705-WA0059.jpg\"><img loading=\"lazy\" decoding=\"async\" width=\"683\" height=\"1024\" data-id=\"20815\" src=\"https:\/\/dioceseteixeiradefreitas.com.br\/wp-content\/uploads\/2023\/07\/IMG-20230705-WA0059-683x1024.jpg\" alt=\"\" class=\"wp-image-20815\" srcset=\"https:\/\/dioceseteixeiradefreitas.com.br\/wp-content\/uploads\/2023\/07\/IMG-20230705-WA0059-683x1024.jpg 683w, https:\/\/dioceseteixeiradefreitas.com.br\/wp-content\/uploads\/2023\/07\/IMG-20230705-WA0059-200x300.jpg 200w, https:\/\/dioceseteixeiradefreitas.com.br\/wp-content\/uploads\/2023\/07\/IMG-20230705-WA0059.jpg 1066w\" sizes=\"auto, (max-width: 683px) 100vw, 683px\" \/><\/a><\/figure>\n\n\n\n<figure class=\"wp-block-image size-large\"><a href=\"https:\/\/dioceseteixeiradefreitas.com.br\/wp-content\/uploads\/2023\/07\/IMG-20230705-WA0061.jpg\"><img loading=\"lazy\" decoding=\"async\" width=\"683\" height=\"1024\" data-id=\"20812\" src=\"https:\/\/dioceseteixeiradefreitas.com.br\/wp-content\/uploads\/2023\/07\/IMG-20230705-WA0061-683x1024.jpg\" alt=\"\" class=\"wp-image-20812\" srcset=\"https:\/\/dioceseteixeiradefreitas.com.br\/wp-content\/uploads\/2023\/07\/IMG-20230705-WA0061-683x1024.jpg 683w, https:\/\/dioceseteixeiradefreitas.com.br\/wp-content\/uploads\/2023\/07\/IMG-20230705-WA0061-200x300.jpg 200w, https:\/\/dioceseteixeiradefreitas.com.br\/wp-content\/uploads\/2023\/07\/IMG-20230705-WA0061-768x1152.jpg 768w, https:\/\/dioceseteixeiradefreitas.com.br\/wp-content\/uploads\/2023\/07\/IMG-20230705-WA0061-1024x1536.jpg 1024w, https:\/\/dioceseteixeiradefreitas.com.br\/wp-content\/uploads\/2023\/07\/IMG-20230705-WA0061.jpg 1066w\" sizes=\"auto, (max-width: 683px) 100vw, 683px\" \/><\/a><\/figure>\n\n\n\n<figure class=\"wp-block-image size-large\"><a href=\"https:\/\/dioceseteixeiradefreitas.com.br\/wp-content\/uploads\/2023\/07\/IMG-20230705-WA0048.jpg\"><img loading=\"lazy\" decoding=\"async\" width=\"683\" height=\"1024\" data-id=\"20809\" src=\"https:\/\/dioceseteixeiradefreitas.com.br\/wp-content\/uploads\/2023\/07\/IMG-20230705-WA0048-683x1024.jpg\" alt=\"\" class=\"wp-image-20809\" srcset=\"https:\/\/dioceseteixeiradefreitas.com.br\/wp-content\/uploads\/2023\/07\/IMG-20230705-WA0048-683x1024.jpg 683w, https:\/\/dioceseteixeiradefreitas.com.br\/wp-content\/uploads\/2023\/07\/IMG-20230705-WA0048-200x300.jpg 200w, https:\/\/dioceseteixeiradefreitas.com.br\/wp-content\/uploads\/2023\/07\/IMG-20230705-WA0048-768x1152.jpg 768w, https:\/\/dioceseteixeiradefreitas.com.br\/wp-content\/uploads\/2023\/07\/IMG-20230705-WA0048-1024x1536.jpg 1024w, https:\/\/dioceseteixeiradefreitas.com.br\/wp-content\/uploads\/2023\/07\/IMG-20230705-WA0048.jpg 1066w\" sizes=\"auto, (max-width: 683px) 100vw, 683px\" \/><\/a><\/figure>\n\n\n\n<figure class=\"wp-block-image size-large\"><a href=\"https:\/\/dioceseteixeiradefreitas.com.br\/wp-content\/uploads\/2023\/07\/IMG-20230705-WA0064.jpg\"><img loading=\"lazy\" decoding=\"async\" width=\"683\" height=\"1024\" data-id=\"20807\" src=\"https:\/\/dioceseteixeiradefreitas.com.br\/wp-content\/uploads\/2023\/07\/IMG-20230705-WA0064-683x1024.jpg\" alt=\"\" class=\"wp-image-20807\" srcset=\"https:\/\/dioceseteixeiradefreitas.com.br\/wp-content\/uploads\/2023\/07\/IMG-20230705-WA0064-683x1024.jpg 683w, https:\/\/dioceseteixeiradefreitas.com.br\/wp-content\/uploads\/2023\/07\/IMG-20230705-WA0064-200x300.jpg 200w, https:\/\/dioceseteixeiradefreitas.com.br\/wp-content\/uploads\/2023\/07\/IMG-20230705-WA0064.jpg 1066w\" sizes=\"auto, (max-width: 683px) 100vw, 683px\" \/><\/a><\/figure>\n\n\n\n<figure class=\"wp-block-image size-large\"><a href=\"https:\/\/dioceseteixeiradefreitas.com.br\/wp-content\/uploads\/2023\/07\/IMG-20230705-WA0067.jpg\"><img loading=\"lazy\" decoding=\"async\" width=\"683\" height=\"1024\" data-id=\"20806\" src=\"https:\/\/dioceseteixeiradefreitas.com.br\/wp-content\/uploads\/2023\/07\/IMG-20230705-WA0067-683x1024.jpg\" alt=\"\" class=\"wp-image-20806\" srcset=\"https:\/\/dioceseteixeiradefreitas.com.br\/wp-content\/uploads\/2023\/07\/IMG-20230705-WA0067-683x1024.jpg 683w, https:\/\/dioceseteixeiradefreitas.com.br\/wp-content\/uploads\/2023\/07\/IMG-20230705-WA0067-200x300.jpg 200w, https:\/\/dioceseteixeiradefreitas.com.br\/wp-content\/uploads\/2023\/07\/IMG-20230705-WA0067.jpg 1066w\" sizes=\"auto, (max-width: 683px) 100vw, 683px\" \/><\/a><\/figure>\n\n\n\n<figure class=\"wp-block-image size-large\"><a href=\"https:\/\/dioceseteixeiradefreitas.com.br\/wp-content\/uploads\/2023\/07\/IMG-20230705-WA0062.jpg\"><img loading=\"lazy\" decoding=\"async\" width=\"1066\" height=\"1599\" data-id=\"20810\" src=\"https:\/\/dioceseteixeiradefreitas.com.br\/wp-content\/uploads\/2023\/07\/IMG-20230705-WA0062.jpg\" alt=\"\" class=\"wp-image-20810\" srcset=\"https:\/\/dioceseteixeiradefreitas.com.br\/wp-content\/uploads\/2023\/07\/IMG-20230705-WA0062.jpg 1066w, https:\/\/dioceseteixeiradefreitas.com.br\/wp-content\/uploads\/2023\/07\/IMG-20230705-WA0062-200x300.jpg 200w\" sizes=\"auto, (max-width: 1066px) 100vw, 1066px\" \/><\/a><\/figure>\n\n\n\n<figure class=\"wp-block-image size-large\"><a href=\"https:\/\/dioceseteixeiradefreitas.com.br\/wp-content\/uploads\/2023\/07\/IMG-20230705-WA0066.jpg\"><img loading=\"lazy\" decoding=\"async\" width=\"683\" height=\"1024\" data-id=\"20808\" src=\"https:\/\/dioceseteixeiradefreitas.com.br\/wp-content\/uploads\/2023\/07\/IMG-20230705-WA0066-683x1024.jpg\" alt=\"\" class=\"wp-image-20808\" srcset=\"https:\/\/dioceseteixeiradefreitas.com.br\/wp-content\/uploads\/2023\/07\/IMG-20230705-WA0066-683x1024.jpg 683w, https:\/\/dioceseteixeiradefreitas.com.br\/wp-content\/uploads\/2023\/07\/IMG-20230705-WA0066-200x300.jpg 200w, https:\/\/dioceseteixeiradefreitas.com.br\/wp-content\/uploads\/2023\/07\/IMG-20230705-WA0066.jpg 1066w\" sizes=\"auto, (max-width: 683px) 100vw, 683px\" \/><\/a><\/figure>\n\n\n\n<figure class=\"wp-block-image size-large\"><a href=\"https:\/\/dioceseteixeiradefreitas.com.br\/wp-content\/uploads\/2023\/07\/IMG-20230705-WA0052.jpg\"><img loading=\"lazy\" decoding=\"async\" width=\"1066\" height=\"1599\" data-id=\"20802\" src=\"https:\/\/dioceseteixeiradefreitas.com.br\/wp-content\/uploads\/2023\/07\/IMG-20230705-WA0052.jpg\" alt=\"\" class=\"wp-image-20802\"\/><\/a><\/figure>\n\n\n\n<figure class=\"wp-block-image size-large\"><a href=\"https:\/\/dioceseteixeiradefreitas.com.br\/wp-content\/uploads\/2023\/07\/IMG-20230705-WA0051.jpg\"><img loading=\"lazy\" decoding=\"async\" width=\"683\" height=\"1024\" data-id=\"20803\" src=\"https:\/\/dioceseteixeiradefreitas.com.br\/wp-content\/uploads\/2023\/07\/IMG-20230705-WA0051-683x1024.jpg\" alt=\"\" class=\"wp-image-20803\" srcset=\"https:\/\/dioceseteixeiradefreitas.com.br\/wp-content\/uploads\/2023\/07\/IMG-20230705-WA0051-683x1024.jpg 683w, https:\/\/dioceseteixeiradefreitas.com.br\/wp-content\/uploads\/2023\/07\/IMG-20230705-WA0051-200x300.jpg 200w, https:\/\/dioceseteixeiradefreitas.com.br\/wp-content\/uploads\/2023\/07\/IMG-20230705-WA0051-768x1152.jpg 768w, https:\/\/dioceseteixeiradefreitas.com.br\/wp-content\/uploads\/2023\/07\/IMG-20230705-WA0051-1024x1536.jpg 1024w, https:\/\/dioceseteixeiradefreitas.com.br\/wp-content\/uploads\/2023\/07\/IMG-20230705-WA0051.jpg 1066w\" sizes=\"auto, (max-width: 683px) 100vw, 683px\" \/><\/a><\/figure>\n\n\n\n<figure class=\"wp-block-image size-large\"><a href=\"https:\/\/dioceseteixeiradefreitas.com.br\/wp-content\/uploads\/2023\/07\/IMG-20230705-WA0063.jpg\"><img loading=\"lazy\" decoding=\"async\" width=\"1066\" height=\"1599\" data-id=\"20811\" src=\"https:\/\/dioceseteixeiradefreitas.com.br\/wp-content\/uploads\/2023\/07\/IMG-20230705-WA0063.jpg\" alt=\"\" class=\"wp-image-20811\" srcset=\"https:\/\/dioceseteixeiradefreitas.com.br\/wp-content\/uploads\/2023\/07\/IMG-20230705-WA0063.jpg 1066w, https:\/\/dioceseteixeiradefreitas.com.br\/wp-content\/uploads\/2023\/07\/IMG-20230705-WA0063-200x300.jpg 200w\" sizes=\"auto, (max-width: 1066px) 100vw, 1066px\" \/><\/a><\/figure>\n\n\n\n<figure class=\"wp-block-image size-large\"><a href=\"https:\/\/dioceseteixeiradefreitas.com.br\/wp-content\/uploads\/2023\/07\/IMG-20230705-WA0057.jpg\"><img loading=\"lazy\" decoding=\"async\" width=\"683\" height=\"1024\" data-id=\"20804\" src=\"https:\/\/dioceseteixeiradefreitas.com.br\/wp-content\/uploads\/2023\/07\/IMG-20230705-WA0057-683x1024.jpg\" alt=\"\" class=\"wp-image-20804\" srcset=\"https:\/\/dioceseteixeiradefreitas.com.br\/wp-content\/uploads\/2023\/07\/IMG-20230705-WA0057-683x1024.jpg 683w, https:\/\/dioceseteixeiradefreitas.com.br\/wp-content\/uploads\/2023\/07\/IMG-20230705-WA0057-200x300.jpg 200w, https:\/\/dioceseteixeiradefreitas.com.br\/wp-content\/uploads\/2023\/07\/IMG-20230705-WA0057.jpg 1066w\" sizes=\"auto, (max-width: 683px) 100vw, 683px\" \/><\/a><\/figure>\n\n\n\n<figure class=\"wp-block-image size-large\"><a href=\"https:\/\/dioceseteixeiradefreitas.com.br\/wp-content\/uploads\/2023\/07\/IMG-20230705-WA0065.jpg\"><img loading=\"lazy\" decoding=\"async\" width=\"1066\" height=\"1599\" data-id=\"20805\" src=\"https:\/\/dioceseteixeiradefreitas.com.br\/wp-content\/uploads\/2023\/07\/IMG-20230705-WA0065.jpg\" alt=\"\" class=\"wp-image-20805\"\/><\/a><\/figure>\n\n\n\n<figure class=\"wp-block-image size-large\"><a href=\"https:\/\/dioceseteixeiradefreitas.com.br\/wp-content\/uploads\/2023\/07\/IMG-20230705-WA0053.jpg\"><img loading=\"lazy\" decoding=\"async\" width=\"1066\" height=\"1599\" data-id=\"20801\" src=\"https:\/\/dioceseteixeiradefreitas.com.br\/wp-content\/uploads\/2023\/07\/IMG-20230705-WA0053.jpg\" alt=\"\" class=\"wp-image-20801\" srcset=\"https:\/\/dioceseteixeiradefreitas.com.br\/wp-content\/uploads\/2023\/07\/IMG-20230705-WA0053.jpg 1066w, https:\/\/dioceseteixeiradefreitas.com.br\/wp-content\/uploads\/2023\/07\/IMG-20230705-WA0053-200x300.jpg 200w\" sizes=\"auto, (max-width: 1066px) 100vw, 1066px\" \/><\/a><\/figure>\n\n\n\n<figure class=\"wp-block-image size-large\"><a href=\"https:\/\/dioceseteixeiradefreitas.com.br\/wp-content\/uploads\/2023\/07\/IMG-20230705-WA0056.jpg\"><img loading=\"lazy\" decoding=\"async\" width=\"683\" height=\"1024\" data-id=\"20797\" src=\"https:\/\/dioceseteixeiradefreitas.com.br\/wp-content\/uploads\/2023\/07\/IMG-20230705-WA0056-683x1024.jpg\" alt=\"\" class=\"wp-image-20797\" srcset=\"https:\/\/dioceseteixeiradefreitas.com.br\/wp-content\/uploads\/2023\/07\/IMG-20230705-WA0056-683x1024.jpg 683w, https:\/\/dioceseteixeiradefreitas.com.br\/wp-content\/uploads\/2023\/07\/IMG-20230705-WA0056-200x300.jpg 200w, https:\/\/dioceseteixeiradefreitas.com.br\/wp-content\/uploads\/2023\/07\/IMG-20230705-WA0056-768x1152.jpg 768w, https:\/\/dioceseteixeiradefreitas.com.br\/wp-content\/uploads\/2023\/07\/IMG-20230705-WA0056-1024x1536.jpg 1024w, https:\/\/dioceseteixeiradefreitas.com.br\/wp-content\/uploads\/2023\/07\/IMG-20230705-WA0056.jpg 1066w\" sizes=\"auto, (max-width: 683px) 100vw, 683px\" \/><\/a><\/figure>\n\n\n\n<figure class=\"wp-block-image size-large\"><a href=\"https:\/\/dioceseteixeiradefreitas.com.br\/wp-content\/uploads\/2023\/07\/IMG-20230705-WA0055.jpg\"><img loading=\"lazy\" decoding=\"async\" width=\"683\" height=\"1024\" data-id=\"20796\" src=\"https:\/\/dioceseteixeiradefreitas.com.br\/wp-content\/uploads\/2023\/07\/IMG-20230705-WA0055-683x1024.jpg\" alt=\"\" class=\"wp-image-20796\" srcset=\"https:\/\/dioceseteixeiradefreitas.com.br\/wp-content\/uploads\/2023\/07\/IMG-20230705-WA0055-683x1024.jpg 683w, https:\/\/dioceseteixeiradefreitas.com.br\/wp-content\/uploads\/2023\/07\/IMG-20230705-WA0055-200x300.jpg 200w, https:\/\/dioceseteixeiradefreitas.com.br\/wp-content\/uploads\/2023\/07\/IMG-20230705-WA0055-768x1152.jpg 768w, https:\/\/dioceseteixeiradefreitas.com.br\/wp-content\/uploads\/2023\/07\/IMG-20230705-WA0055.jpg 1066w\" sizes=\"auto, (max-width: 683px) 100vw, 683px\" \/><\/a><\/figure>\n\n\n\n<figure class=\"wp-block-image size-large\"><a href=\"https:\/\/dioceseteixeiradefreitas.com.br\/wp-content\/uploads\/2023\/07\/IMG-20230705-WA0060.jpg\"><img loading=\"lazy\" decoding=\"async\" width=\"683\" height=\"1024\" data-id=\"20798\" src=\"https:\/\/dioceseteixeiradefreitas.com.br\/wp-content\/uploads\/2023\/07\/IMG-20230705-WA0060-683x1024.jpg\" alt=\"\" class=\"wp-image-20798\" srcset=\"https:\/\/dioceseteixeiradefreitas.com.br\/wp-content\/uploads\/2023\/07\/IMG-20230705-WA0060-683x1024.jpg 683w, https:\/\/dioceseteixeiradefreitas.com.br\/wp-content\/uploads\/2023\/07\/IMG-20230705-WA0060-200x300.jpg 200w, https:\/\/dioceseteixeiradefreitas.com.br\/wp-content\/uploads\/2023\/07\/IMG-20230705-WA0060-768x1152.jpg 768w, https:\/\/dioceseteixeiradefreitas.com.br\/wp-content\/uploads\/2023\/07\/IMG-20230705-WA0060-1024x1536.jpg 1024w, https:\/\/dioceseteixeiradefreitas.com.br\/wp-content\/uploads\/2023\/07\/IMG-20230705-WA0060.jpg 1066w\" sizes=\"auto, (max-width: 683px) 100vw, 683px\" \/><\/a><\/figure>\n\n\n\n<figure class=\"wp-block-image size-large\"><a href=\"https:\/\/dioceseteixeiradefreitas.com.br\/wp-content\/uploads\/2023\/07\/IMG-20230705-WA0058.jpg\"><img loading=\"lazy\" decoding=\"async\" width=\"1066\" height=\"1599\" data-id=\"20800\" src=\"https:\/\/dioceseteixeiradefreitas.com.br\/wp-content\/uploads\/2023\/07\/IMG-20230705-WA0058.jpg\" alt=\"\" class=\"wp-image-20800\" srcset=\"https:\/\/dioceseteixeiradefreitas.com.br\/wp-content\/uploads\/2023\/07\/IMG-20230705-WA0058.jpg 1066w, https:\/\/dioceseteixeiradefreitas.com.br\/wp-content\/uploads\/2023\/07\/IMG-20230705-WA0058-200x300.jpg 200w\" sizes=\"auto, (max-width: 1066px) 100vw, 1066px\" \/><\/a><\/figure>\n\n\n\n<figure class=\"wp-block-image size-large\"><a href=\"https:\/\/dioceseteixeiradefreitas.com.br\/wp-content\/uploads\/2023\/07\/IMG-20230705-WA0054.jpg\"><img loading=\"lazy\" decoding=\"async\" width=\"683\" height=\"1024\" data-id=\"20799\" src=\"https:\/\/dioceseteixeiradefreitas.com.br\/wp-content\/uploads\/2023\/07\/IMG-20230705-WA0054-683x1024.jpg\" alt=\"\" class=\"wp-image-20799\" srcset=\"https:\/\/dioceseteixeiradefreitas.com.br\/wp-content\/uploads\/2023\/07\/IMG-20230705-WA0054-683x1024.jpg 683w, https:\/\/dioceseteixeiradefreitas.com.br\/wp-content\/uploads\/2023\/07\/IMG-20230705-WA0054-200x300.jpg 200w, https:\/\/dioceseteixeiradefreitas.com.br\/wp-content\/uploads\/2023\/07\/IMG-20230705-WA0054-768x1152.jpg 768w, https:\/\/dioceseteixeiradefreitas.com.br\/wp-content\/uploads\/2023\/07\/IMG-20230705-WA0054-1024x1536.jpg 1024w, https:\/\/dioceseteixeiradefreitas.com.br\/wp-content\/uploads\/2023\/07\/IMG-20230705-WA0054.jpg 1066w\" sizes=\"auto, (max-width: 683px) 100vw, 683px\" \/><\/a><\/figure>\n<\/figure>\n\n\n\n<p><strong>Cr\u00e9ditos:<\/strong><\/p>\n\n\n\n<p>Fotos e Texto: Quase-Par\u00f3quia Cristo Rei<\/p>\n","protected":false},"excerpt":{"rendered":"<p>Comunidade se une para expressar gratid\u00e3o e reconhecimento ao dedicado padre. Data: 3 de julho de 2023 Local: Quase Par\u00f3quia Cristo Rei do Universo. Na noite de segunda-feira, a Quase Par\u00f3quia Cristo Rei do Universo foi o local de uma bel\u00edssima Missa em a\u00e7\u00e3o de gra\u00e7as aos 2 anos de vida sacerdotal do Padre Waldemir &hellip;<\/p>\n","protected":false},"author":24,"featured_media":20802,"comment_status":"closed","ping_status":"closed","sticky":false,"template":"","format":"standard","meta":{"footnotes":""},"categories":[100],"tags":[892,349],"class_list":["post-20828","post","type-post","status-publish","format-standard","has-post-thumbnail","hentry","category-noticias-diocesanas","tag-padre-waldemir-oliveira","tag-quase-paroquia-cristo-rei-do-universo"],"_links":{"self":[{"href":"https:\/\/dioceseteixeiradefreitas.com.br\/index.php?rest_route=\/wp\/v2\/posts\/20828","targetHints":{"allow":["GET"]}}],"collection":[{"href":"https:\/\/dioceseteixeiradefreitas.com.br\/index.php?rest_route=\/wp\/v2\/posts"}],"about":[{"href":"https:\/\/dioceseteixeiradefreitas.com.br\/index.php?rest_route=\/wp\/v2\/types\/post"}],"author":[{"embeddable":true,"href":"https:\/\/dioceseteixeiradefreitas.com.br\/index.php?rest_route=\/wp\/v2\/users\/24"}],"replies":[{"embeddable":true,"href":"https:\/\/dioceseteixeiradefreitas.com.br\/index.php?rest_route=%2Fwp%2Fv2%2Fcomments&post=20828"}],"version-history":[{"count":5,"href":"https:\/\/dioceseteixeiradefreitas.com.br\/index.php?rest_route=\/wp\/v2\/posts\/20828\/revisions"}],"predecessor-version":[{"id":20835,"href":"https:\/\/dioceseteixeiradefreitas.com.br\/index.php?rest_route=\/wp\/v2\/posts\/20828\/revisions\/20835"}],"wp:featuredmedia":[{"embeddable":true,"href":"https:\/\/dioceseteixeiradefreitas.com.br\/index.php?rest_route=\/wp\/v2\/media\/20802"}],"wp:attachment":[{"href":"https:\/\/dioceseteixeiradefreitas.com.br\/index.php?rest_route=%2Fwp%2Fv2%2Fmedia&parent=20828"}],"wp:term":[{"taxonomy":"category","embeddable":true,"href":"https:\/\/dioceseteixeiradefreitas.com.br\/index.php?rest_route=%2Fwp%2Fv2%2Fcategories&post=20828"},{"taxonomy":"post_tag","embeddable":true,"href":"https:\/\/dioceseteixeiradefreitas.com.br\/index.php?rest_route=%2Fwp%2Fv2%2Ftags&post=20828"}],"curies":[{"name":"wp","href":"https:\/\/api.w.org\/{rel}","templated":true}]}}