{"id":21118,"date":"2023-07-20T15:54:33","date_gmt":"2023-07-20T18:54:33","guid":{"rendered":"https:\/\/dioceseteixeiradefreitas.com.br\/?p=21118"},"modified":"2023-07-20T15:54:34","modified_gmt":"2023-07-20T18:54:34","slug":"retiro-anual-dos-seminaristas","status":"publish","type":"post","link":"https:\/\/dioceseteixeiradefreitas.com.br\/?p=21118","title":{"rendered":"Retiro Anual dos Seminaristas"},"content":{"rendered":"\n<p>Na tarde da \u00faltima ter\u00e7a-feira, 18 de Julho de 2023, com a celebra\u00e7\u00e3o eucar\u00edstica, os seminaristas da nossa Diocese iniciaram o retiro anual, que este ano est\u00e1 sendo orientado pelo Pe. Wagner Augusto. O retiro, que est\u00e1 acontecendo no Semin\u00e1rio Proped\u00eautico Bom Pastor, ser\u00e1 conclu\u00eddo na pr\u00f3xima segunda-feira pela manh\u00e3. <\/p>\n\n\n\n<p>Rezemos por eles.<\/p>\n\n\n\n<figure class=\"wp-block-gallery has-nested-images columns-default is-cropped wp-block-gallery-1 is-layout-flex wp-block-gallery-is-layout-flex\">\n<figure class=\"wp-block-image size-large\"><a href=\"https:\/\/dioceseteixeiradefreitas.com.br\/wp-content\/uploads\/2023\/07\/IMG-20230720-WA0024.jpg\"><img loading=\"lazy\" decoding=\"async\" width=\"1024\" height=\"698\" data-id=\"21121\" src=\"https:\/\/dioceseteixeiradefreitas.com.br\/wp-content\/uploads\/2023\/07\/IMG-20230720-WA0024-1024x698.jpg\" alt=\"\" class=\"wp-image-21121\" srcset=\"https:\/\/dioceseteixeiradefreitas.com.br\/wp-content\/uploads\/2023\/07\/IMG-20230720-WA0024-1024x698.jpg 1024w, https:\/\/dioceseteixeiradefreitas.com.br\/wp-content\/uploads\/2023\/07\/IMG-20230720-WA0024-300x204.jpg 300w, https:\/\/dioceseteixeiradefreitas.com.br\/wp-content\/uploads\/2023\/07\/IMG-20230720-WA0024-768x523.jpg 768w, https:\/\/dioceseteixeiradefreitas.com.br\/wp-content\/uploads\/2023\/07\/IMG-20230720-WA0024.jpg 1600w\" sizes=\"auto, (max-width: 1024px) 100vw, 1024px\" \/><\/a><\/figure>\n\n\n\n<figure class=\"wp-block-image size-large\"><a href=\"https:\/\/dioceseteixeiradefreitas.com.br\/wp-content\/uploads\/2023\/07\/IMG-20230720-WA0026.jpg\"><img loading=\"lazy\" decoding=\"async\" width=\"882\" height=\"1024\" data-id=\"21122\" src=\"https:\/\/dioceseteixeiradefreitas.com.br\/wp-content\/uploads\/2023\/07\/IMG-20230720-WA0026-882x1024.jpg\" alt=\"\" class=\"wp-image-21122\" srcset=\"https:\/\/dioceseteixeiradefreitas.com.br\/wp-content\/uploads\/2023\/07\/IMG-20230720-WA0026-882x1024.jpg 882w, https:\/\/dioceseteixeiradefreitas.com.br\/wp-content\/uploads\/2023\/07\/IMG-20230720-WA0026-258x300.jpg 258w, https:\/\/dioceseteixeiradefreitas.com.br\/wp-content\/uploads\/2023\/07\/IMG-20230720-WA0026-768x892.jpg 768w, https:\/\/dioceseteixeiradefreitas.com.br\/wp-content\/uploads\/2023\/07\/IMG-20230720-WA0026-1323x1536.jpg 1323w, https:\/\/dioceseteixeiradefreitas.com.br\/wp-content\/uploads\/2023\/07\/IMG-20230720-WA0026.jpg 1378w\" sizes=\"auto, (max-width: 882px) 100vw, 882px\" \/><\/a><\/figure>\n\n\n\n<figure class=\"wp-block-image size-large\"><a href=\"https:\/\/dioceseteixeiradefreitas.com.br\/wp-content\/uploads\/2023\/07\/IMG-20230720-WA0025.jpg\"><img loading=\"lazy\" decoding=\"async\" width=\"1016\" height=\"1024\" data-id=\"21120\" src=\"https:\/\/dioceseteixeiradefreitas.com.br\/wp-content\/uploads\/2023\/07\/IMG-20230720-WA0025-1016x1024.jpg\" alt=\"\" class=\"wp-image-21120\" srcset=\"https:\/\/dioceseteixeiradefreitas.com.br\/wp-content\/uploads\/2023\/07\/IMG-20230720-WA0025-1016x1024.jpg 1016w, https:\/\/dioceseteixeiradefreitas.com.br\/wp-content\/uploads\/2023\/07\/IMG-20230720-WA0025-298x300.jpg 298w, https:\/\/dioceseteixeiradefreitas.com.br\/wp-content\/uploads\/2023\/07\/IMG-20230720-WA0025-150x150.jpg 150w, https:\/\/dioceseteixeiradefreitas.com.br\/wp-content\/uploads\/2023\/07\/IMG-20230720-WA0025-768x774.jpg 768w, https:\/\/dioceseteixeiradefreitas.com.br\/wp-content\/uploads\/2023\/07\/IMG-20230720-WA0025-1524x1536.jpg 1524w, https:\/\/dioceseteixeiradefreitas.com.br\/wp-content\/uploads\/2023\/07\/IMG-20230720-WA0025.jpg 1588w\" sizes=\"auto, (max-width: 1016px) 100vw, 1016px\" \/><\/a><\/figure>\n\n\n\n<figure class=\"wp-block-image size-large\"><a href=\"https:\/\/dioceseteixeiradefreitas.com.br\/wp-content\/uploads\/2023\/07\/IMG-20230720-WA0027.jpg\"><img loading=\"lazy\" decoding=\"async\" width=\"1024\" height=\"503\" data-id=\"21123\" src=\"https:\/\/dioceseteixeiradefreitas.com.br\/wp-content\/uploads\/2023\/07\/IMG-20230720-WA0027-1024x503.jpg\" alt=\"\" class=\"wp-image-21123\" srcset=\"https:\/\/dioceseteixeiradefreitas.com.br\/wp-content\/uploads\/2023\/07\/IMG-20230720-WA0027-1024x503.jpg 1024w, https:\/\/dioceseteixeiradefreitas.com.br\/wp-content\/uploads\/2023\/07\/IMG-20230720-WA0027-300x147.jpg 300w, https:\/\/dioceseteixeiradefreitas.com.br\/wp-content\/uploads\/2023\/07\/IMG-20230720-WA0027-768x377.jpg 768w, https:\/\/dioceseteixeiradefreitas.com.br\/wp-content\/uploads\/2023\/07\/IMG-20230720-WA0027-1536x755.jpg 1536w, https:\/\/dioceseteixeiradefreitas.com.br\/wp-content\/uploads\/2023\/07\/IMG-20230720-WA0027.jpg 1600w\" sizes=\"auto, (max-width: 1024px) 100vw, 1024px\" \/><\/a><\/figure>\n\n\n\n<figure class=\"wp-block-image size-large\"><a href=\"https:\/\/dioceseteixeiradefreitas.com.br\/wp-content\/uploads\/2023\/07\/IMG-20230720-WA0028.jpg\"><img loading=\"lazy\" decoding=\"async\" width=\"1024\" height=\"1018\" data-id=\"21119\" src=\"https:\/\/dioceseteixeiradefreitas.com.br\/wp-content\/uploads\/2023\/07\/IMG-20230720-WA0028-1024x1018.jpg\" alt=\"\" class=\"wp-image-21119\" srcset=\"https:\/\/dioceseteixeiradefreitas.com.br\/wp-content\/uploads\/2023\/07\/IMG-20230720-WA0028-1024x1018.jpg 1024w, https:\/\/dioceseteixeiradefreitas.com.br\/wp-content\/uploads\/2023\/07\/IMG-20230720-WA0028-300x298.jpg 300w, https:\/\/dioceseteixeiradefreitas.com.br\/wp-content\/uploads\/2023\/07\/IMG-20230720-WA0028-150x150.jpg 150w, https:\/\/dioceseteixeiradefreitas.com.br\/wp-content\/uploads\/2023\/07\/IMG-20230720-WA0028-768x763.jpg 768w, https:\/\/dioceseteixeiradefreitas.com.br\/wp-content\/uploads\/2023\/07\/IMG-20230720-WA0028-1536x1526.jpg 1536w, https:\/\/dioceseteixeiradefreitas.com.br\/wp-content\/uploads\/2023\/07\/IMG-20230720-WA0028.jpg 1600w\" sizes=\"auto, (max-width: 1024px) 100vw, 1024px\" \/><\/a><\/figure>\n<\/figure>\n","protected":false},"excerpt":{"rendered":"<p>Na tarde da \u00faltima ter\u00e7a-feira, 18 de Julho de 2023, com a celebra\u00e7\u00e3o eucar\u00edstica, os seminaristas da nossa Diocese iniciaram o retiro anual, que este ano est\u00e1 sendo orientado pelo Pe. Wagner Augusto. O retiro, que est\u00e1 acontecendo no Semin\u00e1rio Proped\u00eautico Bom Pastor, ser\u00e1 conclu\u00eddo na pr\u00f3xima segunda-feira pela manh\u00e3. Rezemos por eles.<\/p>\n","protected":false},"author":24,"featured_media":21121,"comment_status":"closed","ping_status":"closed","sticky":false,"template":"","format":"standard","meta":{"footnotes":""},"categories":[100],"tags":[169,160,197,1213],"class_list":["post-21118","post","type-post","status-publish","format-standard","has-post-thumbnail","hentry","category-noticias-diocesanas","tag-retiro-anual","tag-seminaristas","tag-vocacao","tag-vocacao-sacerdotal"],"_links":{"self":[{"href":"https:\/\/dioceseteixeiradefreitas.com.br\/index.php?rest_route=\/wp\/v2\/posts\/21118","targetHints":{"allow":["GET"]}}],"collection":[{"href":"https:\/\/dioceseteixeiradefreitas.com.br\/index.php?rest_route=\/wp\/v2\/posts"}],"about":[{"href":"https:\/\/dioceseteixeiradefreitas.com.br\/index.php?rest_route=\/wp\/v2\/types\/post"}],"author":[{"embeddable":true,"href":"https:\/\/dioceseteixeiradefreitas.com.br\/index.php?rest_route=\/wp\/v2\/users\/24"}],"replies":[{"embeddable":true,"href":"https:\/\/dioceseteixeiradefreitas.com.br\/index.php?rest_route=%2Fwp%2Fv2%2Fcomments&post=21118"}],"version-history":[{"count":2,"href":"https:\/\/dioceseteixeiradefreitas.com.br\/index.php?rest_route=\/wp\/v2\/posts\/21118\/revisions"}],"predecessor-version":[{"id":21125,"href":"https:\/\/dioceseteixeiradefreitas.com.br\/index.php?rest_route=\/wp\/v2\/posts\/21118\/revisions\/21125"}],"wp:featuredmedia":[{"embeddable":true,"href":"https:\/\/dioceseteixeiradefreitas.com.br\/index.php?rest_route=\/wp\/v2\/media\/21121"}],"wp:attachment":[{"href":"https:\/\/dioceseteixeiradefreitas.com.br\/index.php?rest_route=%2Fwp%2Fv2%2Fmedia&parent=21118"}],"wp:term":[{"taxonomy":"category","embeddable":true,"href":"https:\/\/dioceseteixeiradefreitas.com.br\/index.php?rest_route=%2Fwp%2Fv2%2Fcategories&post=21118"},{"taxonomy":"post_tag","embeddable":true,"href":"https:\/\/dioceseteixeiradefreitas.com.br\/index.php?rest_route=%2Fwp%2Fv2%2Ftags&post=21118"}],"curies":[{"name":"wp","href":"https:\/\/api.w.org\/{rel}","templated":true}]}}